{"id":8373,"date":"2025-05-21T03:34:22","date_gmt":"2025-05-21T06:34:22","guid":{"rendered":"https:\/\/diariodepe.com.br\/cri\/?p=8373"},"modified":"2025-05-21T03:34:22","modified_gmt":"2025-05-21T06:34:22","slug":"guerra-tarifaria-e-um-tiro-no-pe-dos-estados-unidos","status":"publish","type":"post","link":"https:\/\/diariodepe.com.br\/cri\/2025\/05\/21\/guerra-tarifaria-e-um-tiro-no-pe-dos-estados-unidos\/","title":{"rendered":"\u201cGuerra tarif\u00e1ria\u201d \u00e9 \u201cum tiro no p\u00e9\u201d dos Estados Unidos"},"content":{"rendered":"<p><img decoding=\"async\" src=\"https:\/\/38picres.cgtn.com\/photoAlbum\/page\/performance\/img\/2025\/4\/25\/1745550286613_711.jpg\" width=\"100%\" height=\"auto\" \/><\/p>\n<p>Os impactos negativos da \u201cguerra tarif\u00e1ria\u201d sobre a economia dos Estados Unidos est\u00e3o come\u00e7ando a surgir.<\/p>\n<p>O \u201clivro marrom\u201d do Federal Reserve dos EUA sobre a situa\u00e7\u00e3o econ\u00f4mica, divulgado no dia 23 de abril (hor\u00e1rio local), revela um aumento da incerteza econ\u00f4mica e uma deteriora\u00e7\u00e3o significativa das perspectivas em v\u00e1rias regi\u00f5es do pa\u00eds. A palavra \u201ctarifa\u201d aparece 107 vezes no documento de 56 p\u00e1gina, mais do que o dobro em rela\u00e7\u00e3o \u00e0 edi\u00e7\u00e3o anterior.<\/p>\n<p>No dia anterior, o Fundo Monet\u00e1rio Internacional (FMI) revisou significativamente para baixo sua previs\u00e3o de crescimento econ\u00f4mico dos EUA em 2025, reduzindo-a em 0,9 ponto percentual em compara\u00e7\u00e3o com a estimativa de janeiro.<\/p>\n<p>Fica claro que a principal preocupa\u00e7\u00e3o com a economia estadunidense no momento \u00e9 o risco de recess\u00e3o. Na verdade, as tarifas n\u00e3o est\u00e3o trazendo de volta o capital esperado, mas, ao contr\u00e1rio, est\u00e3o criando o risco de estagna\u00e7\u00e3o e uma expectativa de desacelera\u00e7\u00e3o econ\u00f4mica.<\/p>\n<p><img decoding=\"async\" src=\"https:\/\/38picres.cgtn.com\/photoAlbum\/page\/performance\/img\/2025\/4\/25\/1745550294989_178.jpeg\" width=\"100%\" height=\"auto\" \/><\/p>\n<p>Nas m\u00eddias sociais, internautas dos EUA discutem cada vez mais a &#8220;sobretaxa tarif\u00e1ria&#8221;. Seja estocando produtos de uso di\u00e1rio ou comprando itens mais baratos em plataformas chinesas de com\u00e9rcio eletr\u00f4nico, tudo isso reflete a ansiedade e o p\u00e2nico dos consumidores estadunidenses.<\/p>\n<p>As empresas dos EUA tamb\u00e9m enfrentando dificuldades, com custos crescentes e lucros reduzidos. Al\u00e9m disso, se outros pa\u00edses decidirem retaliar as tarifas adicionais dos EUA, o impacto sobre a economia estadunidense pode ser ainda mais severo.<\/p>\n<p>Nos \u00faltimos dias, o governo dos EUA tem sinalizado que o conflito tarif\u00e1rio com a China pode diminuir em breve, ou que ambos os lados est\u00e3o em conversa\u00e7\u00f5es para alcan\u00e7ar um acordo. No entanto, a China deixou claro que at\u00e9 agora n\u00e3o houve negocia\u00e7\u00f5es econ\u00f4micas e comerciais entre os dois pa\u00edses. Se os EUA realmente quiserem resolver a quest\u00e3o, \u00a0precisar\u00e3o ouvir as vozes racionais da comunidade internacional e abolir completamente as medidas tarif\u00e1rias unilaterais contra o pa\u00eds asi\u00e1tico.<\/p>\n<p>Os EUA devem levar a s\u00e9rio os dados atuais, aprender com os erros e resolver as disputas comerciais com seus parceiros por meio de negocia\u00e7\u00f5es em p\u00e9 de igualdade.<\/p>\n","protected":false},"excerpt":{"rendered":"<p>Os impactos negativos da \u201cguerra tarif\u00e1ria\u201d sobre a economia dos Estados Unidos est\u00e3o come\u00e7ando a surgir. O \u201clivro marrom\u201d do Federal Reserve dos EUA sobre a situa\u00e7\u00e3o econ\u00f4mica, divulgado no dia 23 de abril (hor\u00e1rio local), revela um aumento da&#8230;<\/p>\n","protected":false},"author":2,"featured_media":0,"comment_status":"open","ping_status":"open","sticky":false,"template":"","format":"standard","meta":{"footnotes":""},"categories":[7],"tags":[],"class_list":["post-8373","post","type-post","status-publish","format-standard","hentry","category-visao"],"yoast_head":"<!-- This site is optimized with the Yoast SEO plugin v27.4 - https:\/\/yoast.com\/product\/yoast-seo-wordpress\/ -->\n<title>\u201cGuerra tarif\u00e1ria\u201d \u00e9 \u201cum tiro no p\u00e9\u201d dos Estados Unidos - CRI e Diario de Pernambuco<\/title>\n<meta name=\"robots\" content=\"index, follow, max-snippet:-1, max-image-preview:large, max-video-preview:-1\" \/>\n<link rel=\"canonical\" href=\"https:\/\/diariodepe.com.br\/cri\/2025\/05\/21\/guerra-tarifaria-e-um-tiro-no-pe-dos-estados-unidos\/\" \/>\n<meta property=\"og:locale\" content=\"pt_BR\" \/>\n<meta property=\"og:type\" content=\"article\" \/>\n<meta property=\"og:title\" content=\"\u201cGuerra tarif\u00e1ria\u201d \u00e9 \u201cum tiro no p\u00e9\u201d dos Estados Unidos - CRI e Diario de Pernambuco\" \/>\n<meta property=\"og:description\" content=\"Os impactos negativos da \u201cguerra tarif\u00e1ria\u201d sobre a economia dos Estados Unidos est\u00e3o come\u00e7ando a surgir. O \u201clivro marrom\u201d do Federal Reserve dos EUA sobre a situa\u00e7\u00e3o econ\u00f4mica, divulgado no dia 23 de abril (hor\u00e1rio local), revela um aumento da...\" \/>\n<meta property=\"og:url\" content=\"https:\/\/diariodepe.com.br\/cri\/2025\/05\/21\/guerra-tarifaria-e-um-tiro-no-pe-dos-estados-unidos\/\" \/>\n<meta property=\"og:site_name\" content=\"CRI e Diario de Pernambuco\" \/>\n<meta property=\"article:published_time\" content=\"2025-05-21T06:34:22+00:00\" \/>\n<meta property=\"og:image\" content=\"https:\/\/38picres.cgtn.com\/photoAlbum\/page\/performance\/img\/2025\/4\/25\/1745550286613_711.jpg\" \/>\n<meta name=\"author\" content=\"Ismael Lucas S. Pereira\" \/>\n<meta name=\"twitter:card\" content=\"summary_large_image\" \/>\n<meta name=\"twitter:label1\" content=\"Escrito por\" \/>\n\t<meta name=\"twitter:data1\" content=\"Ismael Lucas S. Pereira\" \/>\n\t<meta name=\"twitter:label2\" content=\"Est. tempo de leitura\" \/>\n\t<meta name=\"twitter:data2\" content=\"3 minutos\" \/>\n<script type=\"application\/ld+json\" class=\"yoast-schema-graph\">{\"@context\":\"https:\\\/\\\/schema.org\",\"@graph\":[{\"@type\":\"Article\",\"@id\":\"https:\\\/\\\/diariodepe.com.br\\\/cri\\\/2025\\\/05\\\/21\\\/guerra-tarifaria-e-um-tiro-no-pe-dos-estados-unidos\\\/#article\",\"isPartOf\":{\"@id\":\"https:\\\/\\\/diariodepe.com.br\\\/cri\\\/2025\\\/05\\\/21\\\/guerra-tarifaria-e-um-tiro-no-pe-dos-estados-unidos\\\/\"},\"author\":{\"name\":\"Ismael Lucas S. Pereira\",\"@id\":\"https:\\\/\\\/diariodepe.com.br\\\/cri\\\/#\\\/schema\\\/person\\\/121bb28d84f1a5b1205ef4ce9c2e0c6b\"},\"headline\":\"\u201cGuerra tarif\u00e1ria\u201d \u00e9 \u201cum tiro no p\u00e9\u201d dos Estados Unidos\",\"datePublished\":\"2025-05-21T06:34:22+00:00\",\"mainEntityOfPage\":{\"@id\":\"https:\\\/\\\/diariodepe.com.br\\\/cri\\\/2025\\\/05\\\/21\\\/guerra-tarifaria-e-um-tiro-no-pe-dos-estados-unidos\\\/\"},\"wordCount\":389,\"commentCount\":0,\"publisher\":{\"@id\":\"https:\\\/\\\/diariodepe.com.br\\\/cri\\\/#organization\"},\"image\":{\"@id\":\"https:\\\/\\\/diariodepe.com.br\\\/cri\\\/2025\\\/05\\\/21\\\/guerra-tarifaria-e-um-tiro-no-pe-dos-estados-unidos\\\/#primaryimage\"},\"thumbnailUrl\":\"https:\\\/\\\/38picres.cgtn.com\\\/photoAlbum\\\/page\\\/performance\\\/img\\\/2025\\\/4\\\/25\\\/1745550286613_711.jpg\",\"articleSection\":[\"Vis\u00e3o\"],\"inLanguage\":\"pt-BR\",\"potentialAction\":[{\"@type\":\"CommentAction\",\"name\":\"Comment\",\"target\":[\"https:\\\/\\\/diariodepe.com.br\\\/cri\\\/2025\\\/05\\\/21\\\/guerra-tarifaria-e-um-tiro-no-pe-dos-estados-unidos\\\/#respond\"]}]},{\"@type\":\"WebPage\",\"@id\":\"https:\\\/\\\/diariodepe.com.br\\\/cri\\\/2025\\\/05\\\/21\\\/guerra-tarifaria-e-um-tiro-no-pe-dos-estados-unidos\\\/\",\"url\":\"https:\\\/\\\/diariodepe.com.br\\\/cri\\\/2025\\\/05\\\/21\\\/guerra-tarifaria-e-um-tiro-no-pe-dos-estados-unidos\\\/\",\"name\":\"\u201cGuerra tarif\u00e1ria\u201d \u00e9 \u201cum tiro no p\u00e9\u201d dos Estados Unidos - CRI e Diario de Pernambuco\",\"isPartOf\":{\"@id\":\"https:\\\/\\\/diariodepe.com.br\\\/cri\\\/#website\"},\"primaryImageOfPage\":{\"@id\":\"https:\\\/\\\/diariodepe.com.br\\\/cri\\\/2025\\\/05\\\/21\\\/guerra-tarifaria-e-um-tiro-no-pe-dos-estados-unidos\\\/#primaryimage\"},\"image\":{\"@id\":\"https:\\\/\\\/diariodepe.com.br\\\/cri\\\/2025\\\/05\\\/21\\\/guerra-tarifaria-e-um-tiro-no-pe-dos-estados-unidos\\\/#primaryimage\"},\"thumbnailUrl\":\"https:\\\/\\\/38picres.cgtn.com\\\/photoAlbum\\\/page\\\/performance\\\/img\\\/2025\\\/4\\\/25\\\/1745550286613_711.jpg\",\"datePublished\":\"2025-05-21T06:34:22+00:00\",\"breadcrumb\":{\"@id\":\"https:\\\/\\\/diariodepe.com.br\\\/cri\\\/2025\\\/05\\\/21\\\/guerra-tarifaria-e-um-tiro-no-pe-dos-estados-unidos\\\/#breadcrumb\"},\"inLanguage\":\"pt-BR\",\"potentialAction\":[{\"@type\":\"ReadAction\",\"target\":[\"https:\\\/\\\/diariodepe.com.br\\\/cri\\\/2025\\\/05\\\/21\\\/guerra-tarifaria-e-um-tiro-no-pe-dos-estados-unidos\\\/\"]}]},{\"@type\":\"ImageObject\",\"inLanguage\":\"pt-BR\",\"@id\":\"https:\\\/\\\/diariodepe.com.br\\\/cri\\\/2025\\\/05\\\/21\\\/guerra-tarifaria-e-um-tiro-no-pe-dos-estados-unidos\\\/#primaryimage\",\"url\":\"https:\\\/\\\/38picres.cgtn.com\\\/photoAlbum\\\/page\\\/performance\\\/img\\\/2025\\\/4\\\/25\\\/1745550286613_711.jpg\",\"contentUrl\":\"https:\\\/\\\/38picres.cgtn.com\\\/photoAlbum\\\/page\\\/performance\\\/img\\\/2025\\\/4\\\/25\\\/1745550286613_711.jpg\"},{\"@type\":\"BreadcrumbList\",\"@id\":\"https:\\\/\\\/diariodepe.com.br\\\/cri\\\/2025\\\/05\\\/21\\\/guerra-tarifaria-e-um-tiro-no-pe-dos-estados-unidos\\\/#breadcrumb\",\"itemListElement\":[{\"@type\":\"ListItem\",\"position\":1,\"name\":\"In\u00edcio\",\"item\":\"https:\\\/\\\/diariodepe.com.br\\\/cri\\\/\"},{\"@type\":\"ListItem\",\"position\":2,\"name\":\"\u201cGuerra tarif\u00e1ria\u201d \u00e9 \u201cum tiro no p\u00e9\u201d dos Estados Unidos\"}]},{\"@type\":\"WebSite\",\"@id\":\"https:\\\/\\\/diariodepe.com.br\\\/cri\\\/#website\",\"url\":\"https:\\\/\\\/diariodepe.com.br\\\/cri\\\/\",\"name\":\"CRI e Diario de Pernambuco\",\"description\":\"R\u00e1dio Internacional da China\",\"publisher\":{\"@id\":\"https:\\\/\\\/diariodepe.com.br\\\/cri\\\/#organization\"},\"potentialAction\":[{\"@type\":\"SearchAction\",\"target\":{\"@type\":\"EntryPoint\",\"urlTemplate\":\"https:\\\/\\\/diariodepe.com.br\\\/cri\\\/?s={search_term_string}\"},\"query-input\":{\"@type\":\"PropertyValueSpecification\",\"valueRequired\":true,\"valueName\":\"search_term_string\"}}],\"inLanguage\":\"pt-BR\"},{\"@type\":\"Organization\",\"@id\":\"https:\\\/\\\/diariodepe.com.br\\\/cri\\\/#organization\",\"name\":\"CRI e Diario de Pernambuco\",\"url\":\"https:\\\/\\\/diariodepe.com.br\\\/cri\\\/\",\"logo\":{\"@type\":\"ImageObject\",\"inLanguage\":\"pt-BR\",\"@id\":\"https:\\\/\\\/diariodepe.com.br\\\/cri\\\/#\\\/schema\\\/logo\\\/image\\\/\",\"url\":\"https:\\\/\\\/diariodepe.com.br\\\/cri\\\/wp-content\\\/uploads\\\/sites\\\/2\\\/2022\\\/12\\\/cropped-Logo.jpg\",\"contentUrl\":\"https:\\\/\\\/diariodepe.com.br\\\/cri\\\/wp-content\\\/uploads\\\/sites\\\/2\\\/2022\\\/12\\\/cropped-Logo.jpg\",\"width\":700,\"height\":59,\"caption\":\"CRI e Diario de Pernambuco\"},\"image\":{\"@id\":\"https:\\\/\\\/diariodepe.com.br\\\/cri\\\/#\\\/schema\\\/logo\\\/image\\\/\"}},{\"@type\":\"Person\",\"@id\":\"https:\\\/\\\/diariodepe.com.br\\\/cri\\\/#\\\/schema\\\/person\\\/121bb28d84f1a5b1205ef4ce9c2e0c6b\",\"name\":\"Ismael Lucas S. Pereira\",\"image\":{\"@type\":\"ImageObject\",\"inLanguage\":\"pt-BR\",\"@id\":\"https:\\\/\\\/secure.gravatar.com\\\/avatar\\\/887a0f3b5a7ceea963a48499fb883ffce6b5037362def025c52c2505b15d63e4?s=96&d=mm&r=g\",\"url\":\"https:\\\/\\\/secure.gravatar.com\\\/avatar\\\/887a0f3b5a7ceea963a48499fb883ffce6b5037362def025c52c2505b15d63e4?s=96&d=mm&r=g\",\"contentUrl\":\"https:\\\/\\\/secure.gravatar.com\\\/avatar\\\/887a0f3b5a7ceea963a48499fb883ffce6b5037362def025c52c2505b15d63e4?s=96&d=mm&r=g\",\"caption\":\"Ismael Lucas S. Pereira\"},\"url\":\"https:\\\/\\\/diariodepe.com.br\\\/cri\\\/author\\\/ismael-lucas\\\/\"}]}<\/script>\n<!-- \/ Yoast SEO plugin. -->","yoast_head_json":{"title":"\u201cGuerra tarif\u00e1ria\u201d \u00e9 \u201cum tiro no p\u00e9\u201d dos Estados Unidos - CRI e Diario de Pernambuco","robots":{"index":"index","follow":"follow","max-snippet":"max-snippet:-1","max-image-preview":"max-image-preview:large","max-video-preview":"max-video-preview:-1"},"canonical":"https:\/\/diariodepe.com.br\/cri\/2025\/05\/21\/guerra-tarifaria-e-um-tiro-no-pe-dos-estados-unidos\/","og_locale":"pt_BR","og_type":"article","og_title":"\u201cGuerra tarif\u00e1ria\u201d \u00e9 \u201cum tiro no p\u00e9\u201d dos Estados Unidos - CRI e Diario de Pernambuco","og_description":"Os impactos negativos da \u201cguerra tarif\u00e1ria\u201d sobre a economia dos Estados Unidos est\u00e3o come\u00e7ando a surgir. O \u201clivro marrom\u201d do Federal Reserve dos EUA sobre a situa\u00e7\u00e3o econ\u00f4mica, divulgado no dia 23 de abril (hor\u00e1rio local), revela um aumento da...","og_url":"https:\/\/diariodepe.com.br\/cri\/2025\/05\/21\/guerra-tarifaria-e-um-tiro-no-pe-dos-estados-unidos\/","og_site_name":"CRI e Diario de Pernambuco","article_published_time":"2025-05-21T06:34:22+00:00","og_image":[{"url":"https:\/\/38picres.cgtn.com\/photoAlbum\/page\/performance\/img\/2025\/4\/25\/1745550286613_711.jpg","type":"","width":"","height":""}],"author":"Ismael Lucas S. Pereira","twitter_card":"summary_large_image","twitter_misc":{"Escrito por":"Ismael Lucas S. Pereira","Est. tempo de leitura":"3 minutos"},"schema":{"@context":"https:\/\/schema.org","@graph":[{"@type":"Article","@id":"https:\/\/diariodepe.com.br\/cri\/2025\/05\/21\/guerra-tarifaria-e-um-tiro-no-pe-dos-estados-unidos\/#article","isPartOf":{"@id":"https:\/\/diariodepe.com.br\/cri\/2025\/05\/21\/guerra-tarifaria-e-um-tiro-no-pe-dos-estados-unidos\/"},"author":{"name":"Ismael Lucas S. Pereira","@id":"https:\/\/diariodepe.com.br\/cri\/#\/schema\/person\/121bb28d84f1a5b1205ef4ce9c2e0c6b"},"headline":"\u201cGuerra tarif\u00e1ria\u201d \u00e9 \u201cum tiro no p\u00e9\u201d dos Estados Unidos","datePublished":"2025-05-21T06:34:22+00:00","mainEntityOfPage":{"@id":"https:\/\/diariodepe.com.br\/cri\/2025\/05\/21\/guerra-tarifaria-e-um-tiro-no-pe-dos-estados-unidos\/"},"wordCount":389,"commentCount":0,"publisher":{"@id":"https:\/\/diariodepe.com.br\/cri\/#organization"},"image":{"@id":"https:\/\/diariodepe.com.br\/cri\/2025\/05\/21\/guerra-tarifaria-e-um-tiro-no-pe-dos-estados-unidos\/#primaryimage"},"thumbnailUrl":"https:\/\/38picres.cgtn.com\/photoAlbum\/page\/performance\/img\/2025\/4\/25\/1745550286613_711.jpg","articleSection":["Vis\u00e3o"],"inLanguage":"pt-BR","potentialAction":[{"@type":"CommentAction","name":"Comment","target":["https:\/\/diariodepe.com.br\/cri\/2025\/05\/21\/guerra-tarifaria-e-um-tiro-no-pe-dos-estados-unidos\/#respond"]}]},{"@type":"WebPage","@id":"https:\/\/diariodepe.com.br\/cri\/2025\/05\/21\/guerra-tarifaria-e-um-tiro-no-pe-dos-estados-unidos\/","url":"https:\/\/diariodepe.com.br\/cri\/2025\/05\/21\/guerra-tarifaria-e-um-tiro-no-pe-dos-estados-unidos\/","name":"\u201cGuerra tarif\u00e1ria\u201d \u00e9 \u201cum tiro no p\u00e9\u201d dos Estados Unidos - CRI e Diario de Pernambuco","isPartOf":{"@id":"https:\/\/diariodepe.com.br\/cri\/#website"},"primaryImageOfPage":{"@id":"https:\/\/diariodepe.com.br\/cri\/2025\/05\/21\/guerra-tarifaria-e-um-tiro-no-pe-dos-estados-unidos\/#primaryimage"},"image":{"@id":"https:\/\/diariodepe.com.br\/cri\/2025\/05\/21\/guerra-tarifaria-e-um-tiro-no-pe-dos-estados-unidos\/#primaryimage"},"thumbnailUrl":"https:\/\/38picres.cgtn.com\/photoAlbum\/page\/performance\/img\/2025\/4\/25\/1745550286613_711.jpg","datePublished":"2025-05-21T06:34:22+00:00","breadcrumb":{"@id":"https:\/\/diariodepe.com.br\/cri\/2025\/05\/21\/guerra-tarifaria-e-um-tiro-no-pe-dos-estados-unidos\/#breadcrumb"},"inLanguage":"pt-BR","potentialAction":[{"@type":"ReadAction","target":["https:\/\/diariodepe.com.br\/cri\/2025\/05\/21\/guerra-tarifaria-e-um-tiro-no-pe-dos-estados-unidos\/"]}]},{"@type":"ImageObject","inLanguage":"pt-BR","@id":"https:\/\/diariodepe.com.br\/cri\/2025\/05\/21\/guerra-tarifaria-e-um-tiro-no-pe-dos-estados-unidos\/#primaryimage","url":"https:\/\/38picres.cgtn.com\/photoAlbum\/page\/performance\/img\/2025\/4\/25\/1745550286613_711.jpg","contentUrl":"https:\/\/38picres.cgtn.com\/photoAlbum\/page\/performance\/img\/2025\/4\/25\/1745550286613_711.jpg"},{"@type":"BreadcrumbList","@id":"https:\/\/diariodepe.com.br\/cri\/2025\/05\/21\/guerra-tarifaria-e-um-tiro-no-pe-dos-estados-unidos\/#breadcrumb","itemListElement":[{"@type":"ListItem","position":1,"name":"In\u00edcio","item":"https:\/\/diariodepe.com.br\/cri\/"},{"@type":"ListItem","position":2,"name":"\u201cGuerra tarif\u00e1ria\u201d \u00e9 \u201cum tiro no p\u00e9\u201d dos Estados Unidos"}]},{"@type":"WebSite","@id":"https:\/\/diariodepe.com.br\/cri\/#website","url":"https:\/\/diariodepe.com.br\/cri\/","name":"CRI e Diario de Pernambuco","description":"R\u00e1dio Internacional da China","publisher":{"@id":"https:\/\/diariodepe.com.br\/cri\/#organization"},"potentialAction":[{"@type":"SearchAction","target":{"@type":"EntryPoint","urlTemplate":"https:\/\/diariodepe.com.br\/cri\/?s={search_term_string}"},"query-input":{"@type":"PropertyValueSpecification","valueRequired":true,"valueName":"search_term_string"}}],"inLanguage":"pt-BR"},{"@type":"Organization","@id":"https:\/\/diariodepe.com.br\/cri\/#organization","name":"CRI e Diario de Pernambuco","url":"https:\/\/diariodepe.com.br\/cri\/","logo":{"@type":"ImageObject","inLanguage":"pt-BR","@id":"https:\/\/diariodepe.com.br\/cri\/#\/schema\/logo\/image\/","url":"https:\/\/diariodepe.com.br\/cri\/wp-content\/uploads\/sites\/2\/2022\/12\/cropped-Logo.jpg","contentUrl":"https:\/\/diariodepe.com.br\/cri\/wp-content\/uploads\/sites\/2\/2022\/12\/cropped-Logo.jpg","width":700,"height":59,"caption":"CRI e Diario de Pernambuco"},"image":{"@id":"https:\/\/diariodepe.com.br\/cri\/#\/schema\/logo\/image\/"}},{"@type":"Person","@id":"https:\/\/diariodepe.com.br\/cri\/#\/schema\/person\/121bb28d84f1a5b1205ef4ce9c2e0c6b","name":"Ismael Lucas S. Pereira","image":{"@type":"ImageObject","inLanguage":"pt-BR","@id":"https:\/\/secure.gravatar.com\/avatar\/887a0f3b5a7ceea963a48499fb883ffce6b5037362def025c52c2505b15d63e4?s=96&d=mm&r=g","url":"https:\/\/secure.gravatar.com\/avatar\/887a0f3b5a7ceea963a48499fb883ffce6b5037362def025c52c2505b15d63e4?s=96&d=mm&r=g","contentUrl":"https:\/\/secure.gravatar.com\/avatar\/887a0f3b5a7ceea963a48499fb883ffce6b5037362def025c52c2505b15d63e4?s=96&d=mm&r=g","caption":"Ismael Lucas S. Pereira"},"url":"https:\/\/diariodepe.com.br\/cri\/author\/ismael-lucas\/"}]}},"cc_featured_image_caption":{"caption_text":false,"source_text":false,"source_url":false},"amp_enabled":true,"_links":{"self":[{"href":"https:\/\/diariodepe.com.br\/cri\/wp-json\/wp\/v2\/posts\/8373","targetHints":{"allow":["GET"]}}],"collection":[{"href":"https:\/\/diariodepe.com.br\/cri\/wp-json\/wp\/v2\/posts"}],"about":[{"href":"https:\/\/diariodepe.com.br\/cri\/wp-json\/wp\/v2\/types\/post"}],"author":[{"embeddable":true,"href":"https:\/\/diariodepe.com.br\/cri\/wp-json\/wp\/v2\/users\/2"}],"replies":[{"embeddable":true,"href":"https:\/\/diariodepe.com.br\/cri\/wp-json\/wp\/v2\/comments?post=8373"}],"version-history":[{"count":1,"href":"https:\/\/diariodepe.com.br\/cri\/wp-json\/wp\/v2\/posts\/8373\/revisions"}],"predecessor-version":[{"id":8374,"href":"https:\/\/diariodepe.com.br\/cri\/wp-json\/wp\/v2\/posts\/8373\/revisions\/8374"}],"wp:attachment":[{"href":"https:\/\/diariodepe.com.br\/cri\/wp-json\/wp\/v2\/media?parent=8373"}],"wp:term":[{"taxonomy":"category","embeddable":true,"href":"https:\/\/diariodepe.com.br\/cri\/wp-json\/wp\/v2\/categories?post=8373"},{"taxonomy":"post_tag","embeddable":true,"href":"https:\/\/diariodepe.com.br\/cri\/wp-json\/wp\/v2\/tags?post=8373"}],"curies":[{"name":"wp","href":"https:\/\/api.w.org\/{rel}","templated":true}]}}