{"id":8361,"date":"2025-05-21T03:29:43","date_gmt":"2025-05-21T06:29:43","guid":{"rendered":"https:\/\/diariodepe.com.br\/cri\/?p=8361"},"modified":"2025-05-21T03:29:43","modified_gmt":"2025-05-21T06:29:43","slug":"cmg-lanca-documentario-de-televisao-sobre-pensamento-economico-de-xi-jinping","status":"publish","type":"post","link":"https:\/\/diariodepe.com.br\/cri\/2025\/05\/21\/cmg-lanca-documentario-de-televisao-sobre-pensamento-economico-de-xi-jinping\/","title":{"rendered":"CMG lan\u00e7a document\u00e1rio de televis\u00e3o sobre Pensamento Econ\u00f4mico de Xi Jinping"},"content":{"rendered":"<p>Um Simp\u00f3sio realizado nesta ter\u00e7a-feira (22), em Pequim, apresentou o document\u00e1rio de TV \u201cPalestras sobre o Pensamento Econ\u00f4mico de Xi Jinping\u201d.<\/p>\n<p>O programa \u00e9 produzido pelo Grupo de M\u00eddia da China (CMG, na sigla em ingl\u00eas) e pela Comiss\u00e3o Nacional para o Desenvolvimento e Reforma da China.<\/p>\n<p>\u00c9 o primeiro longa-metragem \u00a0a explicar integralmente os novos conceitos, opini\u00f5es e afirma\u00e7\u00f5es lan\u00e7ados pelo l\u00edder chin\u00eas sobre o desenvolvimento econ\u00f4mico desde o 18\u00ba Congresso Nacional do Partido Comunista da China, realizado em 2012.<\/p>\n","protected":false},"excerpt":{"rendered":"<p>Um Simp\u00f3sio realizado nesta ter\u00e7a-feira (22), em Pequim, apresentou o document\u00e1rio de TV \u201cPalestras sobre o Pensamento Econ\u00f4mico de Xi Jinping\u201d. O programa \u00e9 produzido pelo Grupo de M\u00eddia da China (CMG, na sigla em ingl\u00eas) e pela Comiss\u00e3o Nacional&#8230;<\/p>\n","protected":false},"author":2,"featured_media":0,"comment_status":"open","ping_status":"open","sticky":false,"template":"","format":"standard","meta":{"footnotes":""},"categories":[3],"tags":[],"class_list":["post-8361","post","type-post","status-publish","format-standard","hentry","category-china"],"yoast_head":"<!-- This site is optimized with the Yoast SEO plugin v27.4 - https:\/\/yoast.com\/product\/yoast-seo-wordpress\/ -->\n<title>CMG lan\u00e7a document\u00e1rio de televis\u00e3o sobre Pensamento Econ\u00f4mico de Xi Jinping - CRI e Diario de Pernambuco<\/title>\n<meta name=\"robots\" content=\"index, follow, max-snippet:-1, max-image-preview:large, max-video-preview:-1\" \/>\n<link rel=\"canonical\" href=\"https:\/\/diariodepe.com.br\/cri\/2025\/05\/21\/cmg-lanca-documentario-de-televisao-sobre-pensamento-economico-de-xi-jinping\/\" \/>\n<meta property=\"og:locale\" content=\"pt_BR\" \/>\n<meta property=\"og:type\" content=\"article\" \/>\n<meta property=\"og:title\" content=\"CMG lan\u00e7a document\u00e1rio de televis\u00e3o sobre Pensamento Econ\u00f4mico de Xi Jinping - CRI e Diario de Pernambuco\" \/>\n<meta property=\"og:description\" content=\"Um Simp\u00f3sio realizado nesta ter\u00e7a-feira (22), em Pequim, apresentou o document\u00e1rio de TV \u201cPalestras sobre o Pensamento Econ\u00f4mico de Xi Jinping\u201d. O programa \u00e9 produzido pelo Grupo de M\u00eddia da China (CMG, na sigla em ingl\u00eas) e pela Comiss\u00e3o Nacional...\" \/>\n<meta property=\"og:url\" content=\"https:\/\/diariodepe.com.br\/cri\/2025\/05\/21\/cmg-lanca-documentario-de-televisao-sobre-pensamento-economico-de-xi-jinping\/\" \/>\n<meta property=\"og:site_name\" content=\"CRI e Diario de Pernambuco\" \/>\n<meta property=\"article:published_time\" content=\"2025-05-21T06:29:43+00:00\" \/>\n<meta name=\"author\" content=\"Ismael Lucas S. Pereira\" \/>\n<meta name=\"twitter:card\" content=\"summary_large_image\" \/>\n<meta name=\"twitter:label1\" content=\"Escrito por\" \/>\n\t<meta name=\"twitter:data1\" content=\"Ismael Lucas S. Pereira\" \/>\n<script type=\"application\/ld+json\" class=\"yoast-schema-graph\">{\"@context\":\"https:\\\/\\\/schema.org\",\"@graph\":[{\"@type\":\"Article\",\"@id\":\"https:\\\/\\\/diariodepe.com.br\\\/cri\\\/2025\\\/05\\\/21\\\/cmg-lanca-documentario-de-televisao-sobre-pensamento-economico-de-xi-jinping\\\/#article\",\"isPartOf\":{\"@id\":\"https:\\\/\\\/diariodepe.com.br\\\/cri\\\/2025\\\/05\\\/21\\\/cmg-lanca-documentario-de-televisao-sobre-pensamento-economico-de-xi-jinping\\\/\"},\"author\":{\"name\":\"Ismael Lucas S. Pereira\",\"@id\":\"https:\\\/\\\/diariodepe.com.br\\\/cri\\\/#\\\/schema\\\/person\\\/121bb28d84f1a5b1205ef4ce9c2e0c6b\"},\"headline\":\"CMG lan\u00e7a document\u00e1rio de televis\u00e3o sobre Pensamento Econ\u00f4mico de Xi Jinping\",\"datePublished\":\"2025-05-21T06:29:43+00:00\",\"mainEntityOfPage\":{\"@id\":\"https:\\\/\\\/diariodepe.com.br\\\/cri\\\/2025\\\/05\\\/21\\\/cmg-lanca-documentario-de-televisao-sobre-pensamento-economico-de-xi-jinping\\\/\"},\"wordCount\":104,\"commentCount\":0,\"publisher\":{\"@id\":\"https:\\\/\\\/diariodepe.com.br\\\/cri\\\/#organization\"},\"articleSection\":[\"China\"],\"inLanguage\":\"pt-BR\",\"potentialAction\":[{\"@type\":\"CommentAction\",\"name\":\"Comment\",\"target\":[\"https:\\\/\\\/diariodepe.com.br\\\/cri\\\/2025\\\/05\\\/21\\\/cmg-lanca-documentario-de-televisao-sobre-pensamento-economico-de-xi-jinping\\\/#respond\"]}]},{\"@type\":\"WebPage\",\"@id\":\"https:\\\/\\\/diariodepe.com.br\\\/cri\\\/2025\\\/05\\\/21\\\/cmg-lanca-documentario-de-televisao-sobre-pensamento-economico-de-xi-jinping\\\/\",\"url\":\"https:\\\/\\\/diariodepe.com.br\\\/cri\\\/2025\\\/05\\\/21\\\/cmg-lanca-documentario-de-televisao-sobre-pensamento-economico-de-xi-jinping\\\/\",\"name\":\"CMG lan\u00e7a document\u00e1rio de televis\u00e3o sobre Pensamento Econ\u00f4mico de Xi Jinping - CRI e Diario de Pernambuco\",\"isPartOf\":{\"@id\":\"https:\\\/\\\/diariodepe.com.br\\\/cri\\\/#website\"},\"datePublished\":\"2025-05-21T06:29:43+00:00\",\"breadcrumb\":{\"@id\":\"https:\\\/\\\/diariodepe.com.br\\\/cri\\\/2025\\\/05\\\/21\\\/cmg-lanca-documentario-de-televisao-sobre-pensamento-economico-de-xi-jinping\\\/#breadcrumb\"},\"inLanguage\":\"pt-BR\",\"potentialAction\":[{\"@type\":\"ReadAction\",\"target\":[\"https:\\\/\\\/diariodepe.com.br\\\/cri\\\/2025\\\/05\\\/21\\\/cmg-lanca-documentario-de-televisao-sobre-pensamento-economico-de-xi-jinping\\\/\"]}]},{\"@type\":\"BreadcrumbList\",\"@id\":\"https:\\\/\\\/diariodepe.com.br\\\/cri\\\/2025\\\/05\\\/21\\\/cmg-lanca-documentario-de-televisao-sobre-pensamento-economico-de-xi-jinping\\\/#breadcrumb\",\"itemListElement\":[{\"@type\":\"ListItem\",\"position\":1,\"name\":\"In\u00edcio\",\"item\":\"https:\\\/\\\/diariodepe.com.br\\\/cri\\\/\"},{\"@type\":\"ListItem\",\"position\":2,\"name\":\"CMG lan\u00e7a document\u00e1rio de televis\u00e3o sobre Pensamento Econ\u00f4mico de Xi Jinping\"}]},{\"@type\":\"WebSite\",\"@id\":\"https:\\\/\\\/diariodepe.com.br\\\/cri\\\/#website\",\"url\":\"https:\\\/\\\/diariodepe.com.br\\\/cri\\\/\",\"name\":\"CRI e Diario de Pernambuco\",\"description\":\"R\u00e1dio Internacional da China\",\"publisher\":{\"@id\":\"https:\\\/\\\/diariodepe.com.br\\\/cri\\\/#organization\"},\"potentialAction\":[{\"@type\":\"SearchAction\",\"target\":{\"@type\":\"EntryPoint\",\"urlTemplate\":\"https:\\\/\\\/diariodepe.com.br\\\/cri\\\/?s={search_term_string}\"},\"query-input\":{\"@type\":\"PropertyValueSpecification\",\"valueRequired\":true,\"valueName\":\"search_term_string\"}}],\"inLanguage\":\"pt-BR\"},{\"@type\":\"Organization\",\"@id\":\"https:\\\/\\\/diariodepe.com.br\\\/cri\\\/#organization\",\"name\":\"CRI e Diario de Pernambuco\",\"url\":\"https:\\\/\\\/diariodepe.com.br\\\/cri\\\/\",\"logo\":{\"@type\":\"ImageObject\",\"inLanguage\":\"pt-BR\",\"@id\":\"https:\\\/\\\/diariodepe.com.br\\\/cri\\\/#\\\/schema\\\/logo\\\/image\\\/\",\"url\":\"https:\\\/\\\/diariodepe.com.br\\\/cri\\\/wp-content\\\/uploads\\\/sites\\\/2\\\/2022\\\/12\\\/cropped-Logo.jpg\",\"contentUrl\":\"https:\\\/\\\/diariodepe.com.br\\\/cri\\\/wp-content\\\/uploads\\\/sites\\\/2\\\/2022\\\/12\\\/cropped-Logo.jpg\",\"width\":700,\"height\":59,\"caption\":\"CRI e Diario de Pernambuco\"},\"image\":{\"@id\":\"https:\\\/\\\/diariodepe.com.br\\\/cri\\\/#\\\/schema\\\/logo\\\/image\\\/\"}},{\"@type\":\"Person\",\"@id\":\"https:\\\/\\\/diariodepe.com.br\\\/cri\\\/#\\\/schema\\\/person\\\/121bb28d84f1a5b1205ef4ce9c2e0c6b\",\"name\":\"Ismael Lucas S. Pereira\",\"image\":{\"@type\":\"ImageObject\",\"inLanguage\":\"pt-BR\",\"@id\":\"https:\\\/\\\/secure.gravatar.com\\\/avatar\\\/887a0f3b5a7ceea963a48499fb883ffce6b5037362def025c52c2505b15d63e4?s=96&d=mm&r=g\",\"url\":\"https:\\\/\\\/secure.gravatar.com\\\/avatar\\\/887a0f3b5a7ceea963a48499fb883ffce6b5037362def025c52c2505b15d63e4?s=96&d=mm&r=g\",\"contentUrl\":\"https:\\\/\\\/secure.gravatar.com\\\/avatar\\\/887a0f3b5a7ceea963a48499fb883ffce6b5037362def025c52c2505b15d63e4?s=96&d=mm&r=g\",\"caption\":\"Ismael Lucas S. Pereira\"},\"url\":\"https:\\\/\\\/diariodepe.com.br\\\/cri\\\/author\\\/ismael-lucas\\\/\"}]}<\/script>\n<!-- \/ Yoast SEO plugin. -->","yoast_head_json":{"title":"CMG lan\u00e7a document\u00e1rio de televis\u00e3o sobre Pensamento Econ\u00f4mico de Xi Jinping - CRI e Diario de Pernambuco","robots":{"index":"index","follow":"follow","max-snippet":"max-snippet:-1","max-image-preview":"max-image-preview:large","max-video-preview":"max-video-preview:-1"},"canonical":"https:\/\/diariodepe.com.br\/cri\/2025\/05\/21\/cmg-lanca-documentario-de-televisao-sobre-pensamento-economico-de-xi-jinping\/","og_locale":"pt_BR","og_type":"article","og_title":"CMG lan\u00e7a document\u00e1rio de televis\u00e3o sobre Pensamento Econ\u00f4mico de Xi Jinping - CRI e Diario de Pernambuco","og_description":"Um Simp\u00f3sio realizado nesta ter\u00e7a-feira (22), em Pequim, apresentou o document\u00e1rio de TV \u201cPalestras sobre o Pensamento Econ\u00f4mico de Xi Jinping\u201d. O programa \u00e9 produzido pelo Grupo de M\u00eddia da China (CMG, na sigla em ingl\u00eas) e pela Comiss\u00e3o Nacional...","og_url":"https:\/\/diariodepe.com.br\/cri\/2025\/05\/21\/cmg-lanca-documentario-de-televisao-sobre-pensamento-economico-de-xi-jinping\/","og_site_name":"CRI e Diario de Pernambuco","article_published_time":"2025-05-21T06:29:43+00:00","author":"Ismael Lucas S. Pereira","twitter_card":"summary_large_image","twitter_misc":{"Escrito por":"Ismael Lucas S. Pereira"},"schema":{"@context":"https:\/\/schema.org","@graph":[{"@type":"Article","@id":"https:\/\/diariodepe.com.br\/cri\/2025\/05\/21\/cmg-lanca-documentario-de-televisao-sobre-pensamento-economico-de-xi-jinping\/#article","isPartOf":{"@id":"https:\/\/diariodepe.com.br\/cri\/2025\/05\/21\/cmg-lanca-documentario-de-televisao-sobre-pensamento-economico-de-xi-jinping\/"},"author":{"name":"Ismael Lucas S. Pereira","@id":"https:\/\/diariodepe.com.br\/cri\/#\/schema\/person\/121bb28d84f1a5b1205ef4ce9c2e0c6b"},"headline":"CMG lan\u00e7a document\u00e1rio de televis\u00e3o sobre Pensamento Econ\u00f4mico de Xi Jinping","datePublished":"2025-05-21T06:29:43+00:00","mainEntityOfPage":{"@id":"https:\/\/diariodepe.com.br\/cri\/2025\/05\/21\/cmg-lanca-documentario-de-televisao-sobre-pensamento-economico-de-xi-jinping\/"},"wordCount":104,"commentCount":0,"publisher":{"@id":"https:\/\/diariodepe.com.br\/cri\/#organization"},"articleSection":["China"],"inLanguage":"pt-BR","potentialAction":[{"@type":"CommentAction","name":"Comment","target":["https:\/\/diariodepe.com.br\/cri\/2025\/05\/21\/cmg-lanca-documentario-de-televisao-sobre-pensamento-economico-de-xi-jinping\/#respond"]}]},{"@type":"WebPage","@id":"https:\/\/diariodepe.com.br\/cri\/2025\/05\/21\/cmg-lanca-documentario-de-televisao-sobre-pensamento-economico-de-xi-jinping\/","url":"https:\/\/diariodepe.com.br\/cri\/2025\/05\/21\/cmg-lanca-documentario-de-televisao-sobre-pensamento-economico-de-xi-jinping\/","name":"CMG lan\u00e7a document\u00e1rio de televis\u00e3o sobre Pensamento Econ\u00f4mico de Xi Jinping - CRI e Diario de Pernambuco","isPartOf":{"@id":"https:\/\/diariodepe.com.br\/cri\/#website"},"datePublished":"2025-05-21T06:29:43+00:00","breadcrumb":{"@id":"https:\/\/diariodepe.com.br\/cri\/2025\/05\/21\/cmg-lanca-documentario-de-televisao-sobre-pensamento-economico-de-xi-jinping\/#breadcrumb"},"inLanguage":"pt-BR","potentialAction":[{"@type":"ReadAction","target":["https:\/\/diariodepe.com.br\/cri\/2025\/05\/21\/cmg-lanca-documentario-de-televisao-sobre-pensamento-economico-de-xi-jinping\/"]}]},{"@type":"BreadcrumbList","@id":"https:\/\/diariodepe.com.br\/cri\/2025\/05\/21\/cmg-lanca-documentario-de-televisao-sobre-pensamento-economico-de-xi-jinping\/#breadcrumb","itemListElement":[{"@type":"ListItem","position":1,"name":"In\u00edcio","item":"https:\/\/diariodepe.com.br\/cri\/"},{"@type":"ListItem","position":2,"name":"CMG lan\u00e7a document\u00e1rio de televis\u00e3o sobre Pensamento Econ\u00f4mico de Xi Jinping"}]},{"@type":"WebSite","@id":"https:\/\/diariodepe.com.br\/cri\/#website","url":"https:\/\/diariodepe.com.br\/cri\/","name":"CRI e Diario de Pernambuco","description":"R\u00e1dio Internacional da China","publisher":{"@id":"https:\/\/diariodepe.com.br\/cri\/#organization"},"potentialAction":[{"@type":"SearchAction","target":{"@type":"EntryPoint","urlTemplate":"https:\/\/diariodepe.com.br\/cri\/?s={search_term_string}"},"query-input":{"@type":"PropertyValueSpecification","valueRequired":true,"valueName":"search_term_string"}}],"inLanguage":"pt-BR"},{"@type":"Organization","@id":"https:\/\/diariodepe.com.br\/cri\/#organization","name":"CRI e Diario de Pernambuco","url":"https:\/\/diariodepe.com.br\/cri\/","logo":{"@type":"ImageObject","inLanguage":"pt-BR","@id":"https:\/\/diariodepe.com.br\/cri\/#\/schema\/logo\/image\/","url":"https:\/\/diariodepe.com.br\/cri\/wp-content\/uploads\/sites\/2\/2022\/12\/cropped-Logo.jpg","contentUrl":"https:\/\/diariodepe.com.br\/cri\/wp-content\/uploads\/sites\/2\/2022\/12\/cropped-Logo.jpg","width":700,"height":59,"caption":"CRI e Diario de Pernambuco"},"image":{"@id":"https:\/\/diariodepe.com.br\/cri\/#\/schema\/logo\/image\/"}},{"@type":"Person","@id":"https:\/\/diariodepe.com.br\/cri\/#\/schema\/person\/121bb28d84f1a5b1205ef4ce9c2e0c6b","name":"Ismael Lucas S. Pereira","image":{"@type":"ImageObject","inLanguage":"pt-BR","@id":"https:\/\/secure.gravatar.com\/avatar\/887a0f3b5a7ceea963a48499fb883ffce6b5037362def025c52c2505b15d63e4?s=96&d=mm&r=g","url":"https:\/\/secure.gravatar.com\/avatar\/887a0f3b5a7ceea963a48499fb883ffce6b5037362def025c52c2505b15d63e4?s=96&d=mm&r=g","contentUrl":"https:\/\/secure.gravatar.com\/avatar\/887a0f3b5a7ceea963a48499fb883ffce6b5037362def025c52c2505b15d63e4?s=96&d=mm&r=g","caption":"Ismael Lucas S. Pereira"},"url":"https:\/\/diariodepe.com.br\/cri\/author\/ismael-lucas\/"}]}},"cc_featured_image_caption":{"caption_text":false,"source_text":false,"source_url":false},"amp_enabled":true,"_links":{"self":[{"href":"https:\/\/diariodepe.com.br\/cri\/wp-json\/wp\/v2\/posts\/8361","targetHints":{"allow":["GET"]}}],"collection":[{"href":"https:\/\/diariodepe.com.br\/cri\/wp-json\/wp\/v2\/posts"}],"about":[{"href":"https:\/\/diariodepe.com.br\/cri\/wp-json\/wp\/v2\/types\/post"}],"author":[{"embeddable":true,"href":"https:\/\/diariodepe.com.br\/cri\/wp-json\/wp\/v2\/users\/2"}],"replies":[{"embeddable":true,"href":"https:\/\/diariodepe.com.br\/cri\/wp-json\/wp\/v2\/comments?post=8361"}],"version-history":[{"count":1,"href":"https:\/\/diariodepe.com.br\/cri\/wp-json\/wp\/v2\/posts\/8361\/revisions"}],"predecessor-version":[{"id":8362,"href":"https:\/\/diariodepe.com.br\/cri\/wp-json\/wp\/v2\/posts\/8361\/revisions\/8362"}],"wp:attachment":[{"href":"https:\/\/diariodepe.com.br\/cri\/wp-json\/wp\/v2\/media?parent=8361"}],"wp:term":[{"taxonomy":"category","embeddable":true,"href":"https:\/\/diariodepe.com.br\/cri\/wp-json\/wp\/v2\/categories?post=8361"},{"taxonomy":"post_tag","embeddable":true,"href":"https:\/\/diariodepe.com.br\/cri\/wp-json\/wp\/v2\/tags?post=8361"}],"curies":[{"name":"wp","href":"https:\/\/api.w.org\/{rel}","templated":true}]}}