{"id":8355,"date":"2025-05-21T03:25:40","date_gmt":"2025-05-21T06:25:40","guid":{"rendered":"https:\/\/diariodepe.com.br\/cri\/?p=8355"},"modified":"2025-05-21T03:25:40","modified_gmt":"2025-05-21T06:25:40","slug":"china-nao-concorda-com-a-participacao-de-taiwan-na-78a-assembleia-mundial-da-saude","status":"publish","type":"post","link":"https:\/\/diariodepe.com.br\/cri\/2025\/05\/21\/china-nao-concorda-com-a-participacao-de-taiwan-na-78a-assembleia-mundial-da-saude\/","title":{"rendered":"China n\u00e3o concorda com a participa\u00e7\u00e3o de Taiwan na 78\u00aa Assembleia Mundial da Sa\u00fade"},"content":{"rendered":"<p>O porta-voz do Minist\u00e9rio das Rela\u00e7\u00f5es Exteriores da China, Lin Jian, pontuou hoje (15), durante uma coletiva de imprensa, que sem o consentimento do governo central chin\u00eas, Taiwan n\u00e3o tem nenhum fundamento, raz\u00e3o ou direito para participar da Assembleia Mundial da Sa\u00fade (AMS) que ser\u00e1 inaugurada no dia 19 de maio este ano.<\/p>\n<p>Segundo o porta-voz, quanto \u00e0s quest\u00f5es sobre a participa\u00e7\u00e3o de Taiwan nas atividades de orgniza\u00e7\u00f5es internacionais, os lados envolvidos t\u00eam que seguir o princ\u00edpio de Uma S\u00f3 China, o qual tamb\u00e9m \u00e9 o princ\u00edpio fundamental afirmado na Resolu\u00e7\u00e3o 2758 da Assembleia Geral das Na\u00e7\u00f5es Unidas e na Resolu\u00e7\u00e3o 25.1 da AMS.<\/p>\n<p>Lin Jian enfatizou que a ades\u00e3o obstinada das autoridades do Partido Progressista Democrata (PPD) de Taiwan \u00e0 postura separatista de &#8220;independ\u00eancia de Taiwan&#8221;, levando ao desaparecimento da base pol\u00edtica para a participa\u00e7\u00e3o da regi\u00e3o na AMS. Para defender o princ\u00edpio de Uma S\u00f3 China e salvaguardar a autoridade das resolu\u00e7\u00f5es relevantes da Assembleia Geral das Na\u00e7\u00f5es Unidas e da AMS, o lado chin\u00eas decidiu n\u00e3o concordar com a participa\u00e7\u00e3o de Taiwan no evento deste ano. J\u00e1 h\u00e1 algum tempo, as autoridades do PPD de Taiwan e alguns pa\u00edses tentaram distorcer a Resolu\u00e7\u00e3o 2758 da Assembleia Geral das Na\u00e7\u00f5es Unidas e desafiar o princ\u00edpio de Uma S\u00f3 China. Isso n\u00e3o est\u00e1 prejudicando somente a soberania e a integridade territorial da China, como tamb\u00e9m a justi\u00e7a internacional, o consenso universal e a ordem internacional estabelecida ap\u00f3s a Segunda Guerra Mundial.<\/p>\n<p>A decis\u00e3o da China \u00e9 compreendida e apoiada ampliamente pela comunidade internacional, demonstrando plenamente que a ades\u00e3o ao princ\u00edpio de Uma S\u00f3 China \u00e9 uma aspira\u00e7\u00e3o do povo, uma tend\u00eancia global e um princ\u00edpio de justi\u00e7a. O porta-voz concluiu afirmando que a ades\u00e3o da comunidade internacional ao princ\u00edpio \u00e9 inquestion\u00e1vel e inabal\u00e1vel.<\/p>\n","protected":false},"excerpt":{"rendered":"<p>O porta-voz do Minist\u00e9rio das Rela\u00e7\u00f5es Exteriores da China, Lin Jian, pontuou hoje (15), durante uma coletiva de imprensa, que sem o consentimento do governo central chin\u00eas, Taiwan n\u00e3o tem nenhum fundamento, raz\u00e3o ou direito para participar da Assembleia Mundial&#8230;<\/p>\n","protected":false},"author":2,"featured_media":0,"comment_status":"open","ping_status":"open","sticky":false,"template":"","format":"standard","meta":{"footnotes":""},"categories":[3],"tags":[],"class_list":["post-8355","post","type-post","status-publish","format-standard","hentry","category-china"],"yoast_head":"<!-- This site is optimized with the Yoast SEO plugin v27.4 - https:\/\/yoast.com\/product\/yoast-seo-wordpress\/ -->\n<title>China n\u00e3o concorda com a participa\u00e7\u00e3o de Taiwan na 78\u00aa Assembleia Mundial da Sa\u00fade - CRI e Diario de Pernambuco<\/title>\n<meta name=\"robots\" content=\"index, follow, max-snippet:-1, max-image-preview:large, max-video-preview:-1\" \/>\n<link rel=\"canonical\" href=\"https:\/\/diariodepe.com.br\/cri\/2025\/05\/21\/china-nao-concorda-com-a-participacao-de-taiwan-na-78a-assembleia-mundial-da-saude\/\" \/>\n<meta property=\"og:locale\" content=\"pt_BR\" \/>\n<meta property=\"og:type\" content=\"article\" \/>\n<meta property=\"og:title\" content=\"China n\u00e3o concorda com a participa\u00e7\u00e3o de Taiwan na 78\u00aa Assembleia Mundial da Sa\u00fade - CRI e Diario de Pernambuco\" \/>\n<meta property=\"og:description\" content=\"O porta-voz do Minist\u00e9rio das Rela\u00e7\u00f5es Exteriores da China, Lin Jian, pontuou hoje (15), durante uma coletiva de imprensa, que sem o consentimento do governo central chin\u00eas, Taiwan n\u00e3o tem nenhum fundamento, raz\u00e3o ou direito para participar da Assembleia Mundial...\" \/>\n<meta property=\"og:url\" content=\"https:\/\/diariodepe.com.br\/cri\/2025\/05\/21\/china-nao-concorda-com-a-participacao-de-taiwan-na-78a-assembleia-mundial-da-saude\/\" \/>\n<meta property=\"og:site_name\" content=\"CRI e Diario de Pernambuco\" \/>\n<meta property=\"article:published_time\" content=\"2025-05-21T06:25:40+00:00\" \/>\n<meta name=\"author\" content=\"Ismael Lucas S. Pereira\" \/>\n<meta name=\"twitter:card\" content=\"summary_large_image\" \/>\n<meta name=\"twitter:label1\" content=\"Escrito por\" \/>\n\t<meta name=\"twitter:data1\" content=\"Ismael Lucas S. Pereira\" \/>\n<script type=\"application\/ld+json\" class=\"yoast-schema-graph\">{\"@context\":\"https:\\\/\\\/schema.org\",\"@graph\":[{\"@type\":\"Article\",\"@id\":\"https:\\\/\\\/diariodepe.com.br\\\/cri\\\/2025\\\/05\\\/21\\\/china-nao-concorda-com-a-participacao-de-taiwan-na-78a-assembleia-mundial-da-saude\\\/#article\",\"isPartOf\":{\"@id\":\"https:\\\/\\\/diariodepe.com.br\\\/cri\\\/2025\\\/05\\\/21\\\/china-nao-concorda-com-a-participacao-de-taiwan-na-78a-assembleia-mundial-da-saude\\\/\"},\"author\":{\"name\":\"Ismael Lucas S. Pereira\",\"@id\":\"https:\\\/\\\/diariodepe.com.br\\\/cri\\\/#\\\/schema\\\/person\\\/121bb28d84f1a5b1205ef4ce9c2e0c6b\"},\"headline\":\"China n\u00e3o concorda com a participa\u00e7\u00e3o de Taiwan na 78\u00aa Assembleia Mundial da Sa\u00fade\",\"datePublished\":\"2025-05-21T06:25:40+00:00\",\"mainEntityOfPage\":{\"@id\":\"https:\\\/\\\/diariodepe.com.br\\\/cri\\\/2025\\\/05\\\/21\\\/china-nao-concorda-com-a-participacao-de-taiwan-na-78a-assembleia-mundial-da-saude\\\/\"},\"wordCount\":346,\"commentCount\":0,\"publisher\":{\"@id\":\"https:\\\/\\\/diariodepe.com.br\\\/cri\\\/#organization\"},\"articleSection\":[\"China\"],\"inLanguage\":\"pt-BR\",\"potentialAction\":[{\"@type\":\"CommentAction\",\"name\":\"Comment\",\"target\":[\"https:\\\/\\\/diariodepe.com.br\\\/cri\\\/2025\\\/05\\\/21\\\/china-nao-concorda-com-a-participacao-de-taiwan-na-78a-assembleia-mundial-da-saude\\\/#respond\"]}]},{\"@type\":\"WebPage\",\"@id\":\"https:\\\/\\\/diariodepe.com.br\\\/cri\\\/2025\\\/05\\\/21\\\/china-nao-concorda-com-a-participacao-de-taiwan-na-78a-assembleia-mundial-da-saude\\\/\",\"url\":\"https:\\\/\\\/diariodepe.com.br\\\/cri\\\/2025\\\/05\\\/21\\\/china-nao-concorda-com-a-participacao-de-taiwan-na-78a-assembleia-mundial-da-saude\\\/\",\"name\":\"China n\u00e3o concorda com a participa\u00e7\u00e3o de Taiwan na 78\u00aa Assembleia Mundial da Sa\u00fade - CRI e Diario de Pernambuco\",\"isPartOf\":{\"@id\":\"https:\\\/\\\/diariodepe.com.br\\\/cri\\\/#website\"},\"datePublished\":\"2025-05-21T06:25:40+00:00\",\"breadcrumb\":{\"@id\":\"https:\\\/\\\/diariodepe.com.br\\\/cri\\\/2025\\\/05\\\/21\\\/china-nao-concorda-com-a-participacao-de-taiwan-na-78a-assembleia-mundial-da-saude\\\/#breadcrumb\"},\"inLanguage\":\"pt-BR\",\"potentialAction\":[{\"@type\":\"ReadAction\",\"target\":[\"https:\\\/\\\/diariodepe.com.br\\\/cri\\\/2025\\\/05\\\/21\\\/china-nao-concorda-com-a-participacao-de-taiwan-na-78a-assembleia-mundial-da-saude\\\/\"]}]},{\"@type\":\"BreadcrumbList\",\"@id\":\"https:\\\/\\\/diariodepe.com.br\\\/cri\\\/2025\\\/05\\\/21\\\/china-nao-concorda-com-a-participacao-de-taiwan-na-78a-assembleia-mundial-da-saude\\\/#breadcrumb\",\"itemListElement\":[{\"@type\":\"ListItem\",\"position\":1,\"name\":\"In\u00edcio\",\"item\":\"https:\\\/\\\/diariodepe.com.br\\\/cri\\\/\"},{\"@type\":\"ListItem\",\"position\":2,\"name\":\"China n\u00e3o concorda com a participa\u00e7\u00e3o de Taiwan na 78\u00aa Assembleia Mundial da Sa\u00fade\"}]},{\"@type\":\"WebSite\",\"@id\":\"https:\\\/\\\/diariodepe.com.br\\\/cri\\\/#website\",\"url\":\"https:\\\/\\\/diariodepe.com.br\\\/cri\\\/\",\"name\":\"CRI e Diario de Pernambuco\",\"description\":\"R\u00e1dio Internacional da China\",\"publisher\":{\"@id\":\"https:\\\/\\\/diariodepe.com.br\\\/cri\\\/#organization\"},\"potentialAction\":[{\"@type\":\"SearchAction\",\"target\":{\"@type\":\"EntryPoint\",\"urlTemplate\":\"https:\\\/\\\/diariodepe.com.br\\\/cri\\\/?s={search_term_string}\"},\"query-input\":{\"@type\":\"PropertyValueSpecification\",\"valueRequired\":true,\"valueName\":\"search_term_string\"}}],\"inLanguage\":\"pt-BR\"},{\"@type\":\"Organization\",\"@id\":\"https:\\\/\\\/diariodepe.com.br\\\/cri\\\/#organization\",\"name\":\"CRI e Diario de Pernambuco\",\"url\":\"https:\\\/\\\/diariodepe.com.br\\\/cri\\\/\",\"logo\":{\"@type\":\"ImageObject\",\"inLanguage\":\"pt-BR\",\"@id\":\"https:\\\/\\\/diariodepe.com.br\\\/cri\\\/#\\\/schema\\\/logo\\\/image\\\/\",\"url\":\"https:\\\/\\\/diariodepe.com.br\\\/cri\\\/wp-content\\\/uploads\\\/sites\\\/2\\\/2022\\\/12\\\/cropped-Logo.jpg\",\"contentUrl\":\"https:\\\/\\\/diariodepe.com.br\\\/cri\\\/wp-content\\\/uploads\\\/sites\\\/2\\\/2022\\\/12\\\/cropped-Logo.jpg\",\"width\":700,\"height\":59,\"caption\":\"CRI e Diario de Pernambuco\"},\"image\":{\"@id\":\"https:\\\/\\\/diariodepe.com.br\\\/cri\\\/#\\\/schema\\\/logo\\\/image\\\/\"}},{\"@type\":\"Person\",\"@id\":\"https:\\\/\\\/diariodepe.com.br\\\/cri\\\/#\\\/schema\\\/person\\\/121bb28d84f1a5b1205ef4ce9c2e0c6b\",\"name\":\"Ismael Lucas S. Pereira\",\"image\":{\"@type\":\"ImageObject\",\"inLanguage\":\"pt-BR\",\"@id\":\"https:\\\/\\\/secure.gravatar.com\\\/avatar\\\/887a0f3b5a7ceea963a48499fb883ffce6b5037362def025c52c2505b15d63e4?s=96&d=mm&r=g\",\"url\":\"https:\\\/\\\/secure.gravatar.com\\\/avatar\\\/887a0f3b5a7ceea963a48499fb883ffce6b5037362def025c52c2505b15d63e4?s=96&d=mm&r=g\",\"contentUrl\":\"https:\\\/\\\/secure.gravatar.com\\\/avatar\\\/887a0f3b5a7ceea963a48499fb883ffce6b5037362def025c52c2505b15d63e4?s=96&d=mm&r=g\",\"caption\":\"Ismael Lucas S. Pereira\"},\"url\":\"https:\\\/\\\/diariodepe.com.br\\\/cri\\\/author\\\/ismael-lucas\\\/\"}]}<\/script>\n<!-- \/ Yoast SEO plugin. -->","yoast_head_json":{"title":"China n\u00e3o concorda com a participa\u00e7\u00e3o de Taiwan na 78\u00aa Assembleia Mundial da Sa\u00fade - CRI e Diario de Pernambuco","robots":{"index":"index","follow":"follow","max-snippet":"max-snippet:-1","max-image-preview":"max-image-preview:large","max-video-preview":"max-video-preview:-1"},"canonical":"https:\/\/diariodepe.com.br\/cri\/2025\/05\/21\/china-nao-concorda-com-a-participacao-de-taiwan-na-78a-assembleia-mundial-da-saude\/","og_locale":"pt_BR","og_type":"article","og_title":"China n\u00e3o concorda com a participa\u00e7\u00e3o de Taiwan na 78\u00aa Assembleia Mundial da Sa\u00fade - CRI e Diario de Pernambuco","og_description":"O porta-voz do Minist\u00e9rio das Rela\u00e7\u00f5es Exteriores da China, Lin Jian, pontuou hoje (15), durante uma coletiva de imprensa, que sem o consentimento do governo central chin\u00eas, Taiwan n\u00e3o tem nenhum fundamento, raz\u00e3o ou direito para participar da Assembleia Mundial...","og_url":"https:\/\/diariodepe.com.br\/cri\/2025\/05\/21\/china-nao-concorda-com-a-participacao-de-taiwan-na-78a-assembleia-mundial-da-saude\/","og_site_name":"CRI e Diario de Pernambuco","article_published_time":"2025-05-21T06:25:40+00:00","author":"Ismael Lucas S. Pereira","twitter_card":"summary_large_image","twitter_misc":{"Escrito por":"Ismael Lucas S. Pereira"},"schema":{"@context":"https:\/\/schema.org","@graph":[{"@type":"Article","@id":"https:\/\/diariodepe.com.br\/cri\/2025\/05\/21\/china-nao-concorda-com-a-participacao-de-taiwan-na-78a-assembleia-mundial-da-saude\/#article","isPartOf":{"@id":"https:\/\/diariodepe.com.br\/cri\/2025\/05\/21\/china-nao-concorda-com-a-participacao-de-taiwan-na-78a-assembleia-mundial-da-saude\/"},"author":{"name":"Ismael Lucas S. Pereira","@id":"https:\/\/diariodepe.com.br\/cri\/#\/schema\/person\/121bb28d84f1a5b1205ef4ce9c2e0c6b"},"headline":"China n\u00e3o concorda com a participa\u00e7\u00e3o de Taiwan na 78\u00aa Assembleia Mundial da Sa\u00fade","datePublished":"2025-05-21T06:25:40+00:00","mainEntityOfPage":{"@id":"https:\/\/diariodepe.com.br\/cri\/2025\/05\/21\/china-nao-concorda-com-a-participacao-de-taiwan-na-78a-assembleia-mundial-da-saude\/"},"wordCount":346,"commentCount":0,"publisher":{"@id":"https:\/\/diariodepe.com.br\/cri\/#organization"},"articleSection":["China"],"inLanguage":"pt-BR","potentialAction":[{"@type":"CommentAction","name":"Comment","target":["https:\/\/diariodepe.com.br\/cri\/2025\/05\/21\/china-nao-concorda-com-a-participacao-de-taiwan-na-78a-assembleia-mundial-da-saude\/#respond"]}]},{"@type":"WebPage","@id":"https:\/\/diariodepe.com.br\/cri\/2025\/05\/21\/china-nao-concorda-com-a-participacao-de-taiwan-na-78a-assembleia-mundial-da-saude\/","url":"https:\/\/diariodepe.com.br\/cri\/2025\/05\/21\/china-nao-concorda-com-a-participacao-de-taiwan-na-78a-assembleia-mundial-da-saude\/","name":"China n\u00e3o concorda com a participa\u00e7\u00e3o de Taiwan na 78\u00aa Assembleia Mundial da Sa\u00fade - CRI e Diario de Pernambuco","isPartOf":{"@id":"https:\/\/diariodepe.com.br\/cri\/#website"},"datePublished":"2025-05-21T06:25:40+00:00","breadcrumb":{"@id":"https:\/\/diariodepe.com.br\/cri\/2025\/05\/21\/china-nao-concorda-com-a-participacao-de-taiwan-na-78a-assembleia-mundial-da-saude\/#breadcrumb"},"inLanguage":"pt-BR","potentialAction":[{"@type":"ReadAction","target":["https:\/\/diariodepe.com.br\/cri\/2025\/05\/21\/china-nao-concorda-com-a-participacao-de-taiwan-na-78a-assembleia-mundial-da-saude\/"]}]},{"@type":"BreadcrumbList","@id":"https:\/\/diariodepe.com.br\/cri\/2025\/05\/21\/china-nao-concorda-com-a-participacao-de-taiwan-na-78a-assembleia-mundial-da-saude\/#breadcrumb","itemListElement":[{"@type":"ListItem","position":1,"name":"In\u00edcio","item":"https:\/\/diariodepe.com.br\/cri\/"},{"@type":"ListItem","position":2,"name":"China n\u00e3o concorda com a participa\u00e7\u00e3o de Taiwan na 78\u00aa Assembleia Mundial da Sa\u00fade"}]},{"@type":"WebSite","@id":"https:\/\/diariodepe.com.br\/cri\/#website","url":"https:\/\/diariodepe.com.br\/cri\/","name":"CRI e Diario de Pernambuco","description":"R\u00e1dio Internacional da China","publisher":{"@id":"https:\/\/diariodepe.com.br\/cri\/#organization"},"potentialAction":[{"@type":"SearchAction","target":{"@type":"EntryPoint","urlTemplate":"https:\/\/diariodepe.com.br\/cri\/?s={search_term_string}"},"query-input":{"@type":"PropertyValueSpecification","valueRequired":true,"valueName":"search_term_string"}}],"inLanguage":"pt-BR"},{"@type":"Organization","@id":"https:\/\/diariodepe.com.br\/cri\/#organization","name":"CRI e Diario de Pernambuco","url":"https:\/\/diariodepe.com.br\/cri\/","logo":{"@type":"ImageObject","inLanguage":"pt-BR","@id":"https:\/\/diariodepe.com.br\/cri\/#\/schema\/logo\/image\/","url":"https:\/\/diariodepe.com.br\/cri\/wp-content\/uploads\/sites\/2\/2022\/12\/cropped-Logo.jpg","contentUrl":"https:\/\/diariodepe.com.br\/cri\/wp-content\/uploads\/sites\/2\/2022\/12\/cropped-Logo.jpg","width":700,"height":59,"caption":"CRI e Diario de Pernambuco"},"image":{"@id":"https:\/\/diariodepe.com.br\/cri\/#\/schema\/logo\/image\/"}},{"@type":"Person","@id":"https:\/\/diariodepe.com.br\/cri\/#\/schema\/person\/121bb28d84f1a5b1205ef4ce9c2e0c6b","name":"Ismael Lucas S. Pereira","image":{"@type":"ImageObject","inLanguage":"pt-BR","@id":"https:\/\/secure.gravatar.com\/avatar\/887a0f3b5a7ceea963a48499fb883ffce6b5037362def025c52c2505b15d63e4?s=96&d=mm&r=g","url":"https:\/\/secure.gravatar.com\/avatar\/887a0f3b5a7ceea963a48499fb883ffce6b5037362def025c52c2505b15d63e4?s=96&d=mm&r=g","contentUrl":"https:\/\/secure.gravatar.com\/avatar\/887a0f3b5a7ceea963a48499fb883ffce6b5037362def025c52c2505b15d63e4?s=96&d=mm&r=g","caption":"Ismael Lucas S. Pereira"},"url":"https:\/\/diariodepe.com.br\/cri\/author\/ismael-lucas\/"}]}},"cc_featured_image_caption":{"caption_text":false,"source_text":false,"source_url":false},"amp_enabled":true,"_links":{"self":[{"href":"https:\/\/diariodepe.com.br\/cri\/wp-json\/wp\/v2\/posts\/8355","targetHints":{"allow":["GET"]}}],"collection":[{"href":"https:\/\/diariodepe.com.br\/cri\/wp-json\/wp\/v2\/posts"}],"about":[{"href":"https:\/\/diariodepe.com.br\/cri\/wp-json\/wp\/v2\/types\/post"}],"author":[{"embeddable":true,"href":"https:\/\/diariodepe.com.br\/cri\/wp-json\/wp\/v2\/users\/2"}],"replies":[{"embeddable":true,"href":"https:\/\/diariodepe.com.br\/cri\/wp-json\/wp\/v2\/comments?post=8355"}],"version-history":[{"count":1,"href":"https:\/\/diariodepe.com.br\/cri\/wp-json\/wp\/v2\/posts\/8355\/revisions"}],"predecessor-version":[{"id":8356,"href":"https:\/\/diariodepe.com.br\/cri\/wp-json\/wp\/v2\/posts\/8355\/revisions\/8356"}],"wp:attachment":[{"href":"https:\/\/diariodepe.com.br\/cri\/wp-json\/wp\/v2\/media?parent=8355"}],"wp:term":[{"taxonomy":"category","embeddable":true,"href":"https:\/\/diariodepe.com.br\/cri\/wp-json\/wp\/v2\/categories?post=8355"},{"taxonomy":"post_tag","embeddable":true,"href":"https:\/\/diariodepe.com.br\/cri\/wp-json\/wp\/v2\/tags?post=8355"}],"curies":[{"name":"wp","href":"https:\/\/api.w.org\/{rel}","templated":true}]}}