{"id":8349,"date":"2025-05-21T00:25:06","date_gmt":"2025-05-21T03:25:06","guid":{"rendered":"https:\/\/diariodepe.com.br\/cri\/?p=8349"},"modified":"2025-05-21T00:25:06","modified_gmt":"2025-05-21T03:25:06","slug":"assessor-presidencial-brasileiro-eua-podem-entrar-em-recessao-devido-a-politica-tarifaria","status":"publish","type":"post","link":"https:\/\/diariodepe.com.br\/cri\/2025\/05\/21\/assessor-presidencial-brasileiro-eua-podem-entrar-em-recessao-devido-a-politica-tarifaria\/","title":{"rendered":"Assessor presidencial brasileiro: EUA podem entrar em recess\u00e3o devido \u00e0 pol\u00edtica tarif\u00e1ria"},"content":{"rendered":"<p>O assessor especial da Presid\u00eancia da Rep\u00fablica para Assuntos Internacionais, Celso Amorim, afirmou para a imprensa brasileira que a pol\u00edtica de Donald Trump de impor \u201ctarifas rec\u00edprocas\u201d aos parceiros comerciais desencadeou \u201cuma tempestade\u201d global. No momento, o mercado ainda n\u00e3o recuperou a estabilidade, especialmente na Europa, onde h\u00e1 uma profunda preocupa\u00e7\u00e3o com as perspectivas de mercado. \u201cOs Estados Unidos ser\u00e3o o pa\u00eds mais afetado por isso e podem entrar em recess\u00e3o como consequ\u00eancia\u201d, disse Amorim.<\/p>\n<p>Amorim enfatizou tamb\u00e9m a import\u00e2ncia do multilateralismo para o com\u00e9rcio global e expressou preocupa\u00e7\u00e3o com os atuais desafios nesse sentido. Ele ressaltou o papel cada vez mais relevante dos pa\u00edses do BRICS nos assuntos internacionais e na economia global, salientando que o Brasil deve fortalecer a coopera\u00e7\u00e3o com seus parceiros comerciais.<\/p>\n<p>Quanto \u00e0s rela\u00e7\u00f5es com a China, Amorim comentou que, comparada aos Estados Unidos, a China tem maior capacidade de investir no exterior e pode oferecer mais oportunidades ao Brasil.<\/p>\n","protected":false},"excerpt":{"rendered":"<p>O assessor especial da Presid\u00eancia da Rep\u00fablica para Assuntos Internacionais, Celso Amorim, afirmou para a imprensa brasileira que a pol\u00edtica de Donald Trump de impor \u201ctarifas rec\u00edprocas\u201d aos parceiros comerciais desencadeou \u201cuma tempestade\u201d global. No momento, o mercado ainda n\u00e3o&#8230;<\/p>\n","protected":false},"author":2,"featured_media":0,"comment_status":"open","ping_status":"open","sticky":false,"template":"","format":"standard","meta":{"footnotes":""},"categories":[8],"tags":[],"class_list":["post-8349","post","type-post","status-publish","format-standard","hentry","category-internacional"],"yoast_head":"<!-- This site is optimized with the Yoast SEO plugin v27.4 - https:\/\/yoast.com\/product\/yoast-seo-wordpress\/ -->\n<title>Assessor presidencial brasileiro: EUA podem entrar em recess\u00e3o devido \u00e0 pol\u00edtica tarif\u00e1ria - CRI e Diario de Pernambuco<\/title>\n<meta name=\"robots\" content=\"index, follow, max-snippet:-1, max-image-preview:large, max-video-preview:-1\" \/>\n<link rel=\"canonical\" href=\"https:\/\/diariodepe.com.br\/cri\/2025\/05\/21\/assessor-presidencial-brasileiro-eua-podem-entrar-em-recessao-devido-a-politica-tarifaria\/\" \/>\n<meta property=\"og:locale\" content=\"pt_BR\" \/>\n<meta property=\"og:type\" content=\"article\" \/>\n<meta property=\"og:title\" content=\"Assessor presidencial brasileiro: EUA podem entrar em recess\u00e3o devido \u00e0 pol\u00edtica tarif\u00e1ria - CRI e Diario de Pernambuco\" \/>\n<meta property=\"og:description\" content=\"O assessor especial da Presid\u00eancia da Rep\u00fablica para Assuntos Internacionais, Celso Amorim, afirmou para a imprensa brasileira que a pol\u00edtica de Donald Trump de impor \u201ctarifas rec\u00edprocas\u201d aos parceiros comerciais desencadeou \u201cuma tempestade\u201d global. No momento, o mercado ainda n\u00e3o...\" \/>\n<meta property=\"og:url\" content=\"https:\/\/diariodepe.com.br\/cri\/2025\/05\/21\/assessor-presidencial-brasileiro-eua-podem-entrar-em-recessao-devido-a-politica-tarifaria\/\" \/>\n<meta property=\"og:site_name\" content=\"CRI e Diario de Pernambuco\" \/>\n<meta property=\"article:published_time\" content=\"2025-05-21T03:25:06+00:00\" \/>\n<meta name=\"author\" content=\"Ismael Lucas S. Pereira\" \/>\n<meta name=\"twitter:card\" content=\"summary_large_image\" \/>\n<meta name=\"twitter:label1\" content=\"Escrito por\" \/>\n\t<meta name=\"twitter:data1\" content=\"Ismael Lucas S. Pereira\" \/>\n<script type=\"application\/ld+json\" class=\"yoast-schema-graph\">{\"@context\":\"https:\\\/\\\/schema.org\",\"@graph\":[{\"@type\":\"Article\",\"@id\":\"https:\\\/\\\/diariodepe.com.br\\\/cri\\\/2025\\\/05\\\/21\\\/assessor-presidencial-brasileiro-eua-podem-entrar-em-recessao-devido-a-politica-tarifaria\\\/#article\",\"isPartOf\":{\"@id\":\"https:\\\/\\\/diariodepe.com.br\\\/cri\\\/2025\\\/05\\\/21\\\/assessor-presidencial-brasileiro-eua-podem-entrar-em-recessao-devido-a-politica-tarifaria\\\/\"},\"author\":{\"name\":\"Ismael Lucas S. Pereira\",\"@id\":\"https:\\\/\\\/diariodepe.com.br\\\/cri\\\/#\\\/schema\\\/person\\\/121bb28d84f1a5b1205ef4ce9c2e0c6b\"},\"headline\":\"Assessor presidencial brasileiro: EUA podem entrar em recess\u00e3o devido \u00e0 pol\u00edtica tarif\u00e1ria\",\"datePublished\":\"2025-05-21T03:25:06+00:00\",\"mainEntityOfPage\":{\"@id\":\"https:\\\/\\\/diariodepe.com.br\\\/cri\\\/2025\\\/05\\\/21\\\/assessor-presidencial-brasileiro-eua-podem-entrar-em-recessao-devido-a-politica-tarifaria\\\/\"},\"wordCount\":186,\"commentCount\":0,\"publisher\":{\"@id\":\"https:\\\/\\\/diariodepe.com.br\\\/cri\\\/#organization\"},\"articleSection\":[\"Internacional\"],\"inLanguage\":\"pt-BR\",\"potentialAction\":[{\"@type\":\"CommentAction\",\"name\":\"Comment\",\"target\":[\"https:\\\/\\\/diariodepe.com.br\\\/cri\\\/2025\\\/05\\\/21\\\/assessor-presidencial-brasileiro-eua-podem-entrar-em-recessao-devido-a-politica-tarifaria\\\/#respond\"]}]},{\"@type\":\"WebPage\",\"@id\":\"https:\\\/\\\/diariodepe.com.br\\\/cri\\\/2025\\\/05\\\/21\\\/assessor-presidencial-brasileiro-eua-podem-entrar-em-recessao-devido-a-politica-tarifaria\\\/\",\"url\":\"https:\\\/\\\/diariodepe.com.br\\\/cri\\\/2025\\\/05\\\/21\\\/assessor-presidencial-brasileiro-eua-podem-entrar-em-recessao-devido-a-politica-tarifaria\\\/\",\"name\":\"Assessor presidencial brasileiro: EUA podem entrar em recess\u00e3o devido \u00e0 pol\u00edtica tarif\u00e1ria - CRI e Diario de Pernambuco\",\"isPartOf\":{\"@id\":\"https:\\\/\\\/diariodepe.com.br\\\/cri\\\/#website\"},\"datePublished\":\"2025-05-21T03:25:06+00:00\",\"breadcrumb\":{\"@id\":\"https:\\\/\\\/diariodepe.com.br\\\/cri\\\/2025\\\/05\\\/21\\\/assessor-presidencial-brasileiro-eua-podem-entrar-em-recessao-devido-a-politica-tarifaria\\\/#breadcrumb\"},\"inLanguage\":\"pt-BR\",\"potentialAction\":[{\"@type\":\"ReadAction\",\"target\":[\"https:\\\/\\\/diariodepe.com.br\\\/cri\\\/2025\\\/05\\\/21\\\/assessor-presidencial-brasileiro-eua-podem-entrar-em-recessao-devido-a-politica-tarifaria\\\/\"]}]},{\"@type\":\"BreadcrumbList\",\"@id\":\"https:\\\/\\\/diariodepe.com.br\\\/cri\\\/2025\\\/05\\\/21\\\/assessor-presidencial-brasileiro-eua-podem-entrar-em-recessao-devido-a-politica-tarifaria\\\/#breadcrumb\",\"itemListElement\":[{\"@type\":\"ListItem\",\"position\":1,\"name\":\"In\u00edcio\",\"item\":\"https:\\\/\\\/diariodepe.com.br\\\/cri\\\/\"},{\"@type\":\"ListItem\",\"position\":2,\"name\":\"Assessor presidencial brasileiro: EUA podem entrar em recess\u00e3o devido \u00e0 pol\u00edtica tarif\u00e1ria\"}]},{\"@type\":\"WebSite\",\"@id\":\"https:\\\/\\\/diariodepe.com.br\\\/cri\\\/#website\",\"url\":\"https:\\\/\\\/diariodepe.com.br\\\/cri\\\/\",\"name\":\"CRI e Diario de Pernambuco\",\"description\":\"R\u00e1dio Internacional da China\",\"publisher\":{\"@id\":\"https:\\\/\\\/diariodepe.com.br\\\/cri\\\/#organization\"},\"potentialAction\":[{\"@type\":\"SearchAction\",\"target\":{\"@type\":\"EntryPoint\",\"urlTemplate\":\"https:\\\/\\\/diariodepe.com.br\\\/cri\\\/?s={search_term_string}\"},\"query-input\":{\"@type\":\"PropertyValueSpecification\",\"valueRequired\":true,\"valueName\":\"search_term_string\"}}],\"inLanguage\":\"pt-BR\"},{\"@type\":\"Organization\",\"@id\":\"https:\\\/\\\/diariodepe.com.br\\\/cri\\\/#organization\",\"name\":\"CRI e Diario de Pernambuco\",\"url\":\"https:\\\/\\\/diariodepe.com.br\\\/cri\\\/\",\"logo\":{\"@type\":\"ImageObject\",\"inLanguage\":\"pt-BR\",\"@id\":\"https:\\\/\\\/diariodepe.com.br\\\/cri\\\/#\\\/schema\\\/logo\\\/image\\\/\",\"url\":\"https:\\\/\\\/diariodepe.com.br\\\/cri\\\/wp-content\\\/uploads\\\/sites\\\/2\\\/2022\\\/12\\\/cropped-Logo.jpg\",\"contentUrl\":\"https:\\\/\\\/diariodepe.com.br\\\/cri\\\/wp-content\\\/uploads\\\/sites\\\/2\\\/2022\\\/12\\\/cropped-Logo.jpg\",\"width\":700,\"height\":59,\"caption\":\"CRI e Diario de Pernambuco\"},\"image\":{\"@id\":\"https:\\\/\\\/diariodepe.com.br\\\/cri\\\/#\\\/schema\\\/logo\\\/image\\\/\"}},{\"@type\":\"Person\",\"@id\":\"https:\\\/\\\/diariodepe.com.br\\\/cri\\\/#\\\/schema\\\/person\\\/121bb28d84f1a5b1205ef4ce9c2e0c6b\",\"name\":\"Ismael Lucas S. Pereira\",\"image\":{\"@type\":\"ImageObject\",\"inLanguage\":\"pt-BR\",\"@id\":\"https:\\\/\\\/secure.gravatar.com\\\/avatar\\\/887a0f3b5a7ceea963a48499fb883ffce6b5037362def025c52c2505b15d63e4?s=96&d=mm&r=g\",\"url\":\"https:\\\/\\\/secure.gravatar.com\\\/avatar\\\/887a0f3b5a7ceea963a48499fb883ffce6b5037362def025c52c2505b15d63e4?s=96&d=mm&r=g\",\"contentUrl\":\"https:\\\/\\\/secure.gravatar.com\\\/avatar\\\/887a0f3b5a7ceea963a48499fb883ffce6b5037362def025c52c2505b15d63e4?s=96&d=mm&r=g\",\"caption\":\"Ismael Lucas S. Pereira\"},\"url\":\"https:\\\/\\\/diariodepe.com.br\\\/cri\\\/author\\\/ismael-lucas\\\/\"}]}<\/script>\n<!-- \/ Yoast SEO plugin. -->","yoast_head_json":{"title":"Assessor presidencial brasileiro: EUA podem entrar em recess\u00e3o devido \u00e0 pol\u00edtica tarif\u00e1ria - CRI e Diario de Pernambuco","robots":{"index":"index","follow":"follow","max-snippet":"max-snippet:-1","max-image-preview":"max-image-preview:large","max-video-preview":"max-video-preview:-1"},"canonical":"https:\/\/diariodepe.com.br\/cri\/2025\/05\/21\/assessor-presidencial-brasileiro-eua-podem-entrar-em-recessao-devido-a-politica-tarifaria\/","og_locale":"pt_BR","og_type":"article","og_title":"Assessor presidencial brasileiro: EUA podem entrar em recess\u00e3o devido \u00e0 pol\u00edtica tarif\u00e1ria - CRI e Diario de Pernambuco","og_description":"O assessor especial da Presid\u00eancia da Rep\u00fablica para Assuntos Internacionais, Celso Amorim, afirmou para a imprensa brasileira que a pol\u00edtica de Donald Trump de impor \u201ctarifas rec\u00edprocas\u201d aos parceiros comerciais desencadeou \u201cuma tempestade\u201d global. No momento, o mercado ainda n\u00e3o...","og_url":"https:\/\/diariodepe.com.br\/cri\/2025\/05\/21\/assessor-presidencial-brasileiro-eua-podem-entrar-em-recessao-devido-a-politica-tarifaria\/","og_site_name":"CRI e Diario de Pernambuco","article_published_time":"2025-05-21T03:25:06+00:00","author":"Ismael Lucas S. Pereira","twitter_card":"summary_large_image","twitter_misc":{"Escrito por":"Ismael Lucas S. Pereira"},"schema":{"@context":"https:\/\/schema.org","@graph":[{"@type":"Article","@id":"https:\/\/diariodepe.com.br\/cri\/2025\/05\/21\/assessor-presidencial-brasileiro-eua-podem-entrar-em-recessao-devido-a-politica-tarifaria\/#article","isPartOf":{"@id":"https:\/\/diariodepe.com.br\/cri\/2025\/05\/21\/assessor-presidencial-brasileiro-eua-podem-entrar-em-recessao-devido-a-politica-tarifaria\/"},"author":{"name":"Ismael Lucas S. Pereira","@id":"https:\/\/diariodepe.com.br\/cri\/#\/schema\/person\/121bb28d84f1a5b1205ef4ce9c2e0c6b"},"headline":"Assessor presidencial brasileiro: EUA podem entrar em recess\u00e3o devido \u00e0 pol\u00edtica tarif\u00e1ria","datePublished":"2025-05-21T03:25:06+00:00","mainEntityOfPage":{"@id":"https:\/\/diariodepe.com.br\/cri\/2025\/05\/21\/assessor-presidencial-brasileiro-eua-podem-entrar-em-recessao-devido-a-politica-tarifaria\/"},"wordCount":186,"commentCount":0,"publisher":{"@id":"https:\/\/diariodepe.com.br\/cri\/#organization"},"articleSection":["Internacional"],"inLanguage":"pt-BR","potentialAction":[{"@type":"CommentAction","name":"Comment","target":["https:\/\/diariodepe.com.br\/cri\/2025\/05\/21\/assessor-presidencial-brasileiro-eua-podem-entrar-em-recessao-devido-a-politica-tarifaria\/#respond"]}]},{"@type":"WebPage","@id":"https:\/\/diariodepe.com.br\/cri\/2025\/05\/21\/assessor-presidencial-brasileiro-eua-podem-entrar-em-recessao-devido-a-politica-tarifaria\/","url":"https:\/\/diariodepe.com.br\/cri\/2025\/05\/21\/assessor-presidencial-brasileiro-eua-podem-entrar-em-recessao-devido-a-politica-tarifaria\/","name":"Assessor presidencial brasileiro: EUA podem entrar em recess\u00e3o devido \u00e0 pol\u00edtica tarif\u00e1ria - CRI e Diario de Pernambuco","isPartOf":{"@id":"https:\/\/diariodepe.com.br\/cri\/#website"},"datePublished":"2025-05-21T03:25:06+00:00","breadcrumb":{"@id":"https:\/\/diariodepe.com.br\/cri\/2025\/05\/21\/assessor-presidencial-brasileiro-eua-podem-entrar-em-recessao-devido-a-politica-tarifaria\/#breadcrumb"},"inLanguage":"pt-BR","potentialAction":[{"@type":"ReadAction","target":["https:\/\/diariodepe.com.br\/cri\/2025\/05\/21\/assessor-presidencial-brasileiro-eua-podem-entrar-em-recessao-devido-a-politica-tarifaria\/"]}]},{"@type":"BreadcrumbList","@id":"https:\/\/diariodepe.com.br\/cri\/2025\/05\/21\/assessor-presidencial-brasileiro-eua-podem-entrar-em-recessao-devido-a-politica-tarifaria\/#breadcrumb","itemListElement":[{"@type":"ListItem","position":1,"name":"In\u00edcio","item":"https:\/\/diariodepe.com.br\/cri\/"},{"@type":"ListItem","position":2,"name":"Assessor presidencial brasileiro: EUA podem entrar em recess\u00e3o devido \u00e0 pol\u00edtica tarif\u00e1ria"}]},{"@type":"WebSite","@id":"https:\/\/diariodepe.com.br\/cri\/#website","url":"https:\/\/diariodepe.com.br\/cri\/","name":"CRI e Diario de Pernambuco","description":"R\u00e1dio Internacional da China","publisher":{"@id":"https:\/\/diariodepe.com.br\/cri\/#organization"},"potentialAction":[{"@type":"SearchAction","target":{"@type":"EntryPoint","urlTemplate":"https:\/\/diariodepe.com.br\/cri\/?s={search_term_string}"},"query-input":{"@type":"PropertyValueSpecification","valueRequired":true,"valueName":"search_term_string"}}],"inLanguage":"pt-BR"},{"@type":"Organization","@id":"https:\/\/diariodepe.com.br\/cri\/#organization","name":"CRI e Diario de Pernambuco","url":"https:\/\/diariodepe.com.br\/cri\/","logo":{"@type":"ImageObject","inLanguage":"pt-BR","@id":"https:\/\/diariodepe.com.br\/cri\/#\/schema\/logo\/image\/","url":"https:\/\/diariodepe.com.br\/cri\/wp-content\/uploads\/sites\/2\/2022\/12\/cropped-Logo.jpg","contentUrl":"https:\/\/diariodepe.com.br\/cri\/wp-content\/uploads\/sites\/2\/2022\/12\/cropped-Logo.jpg","width":700,"height":59,"caption":"CRI e Diario de Pernambuco"},"image":{"@id":"https:\/\/diariodepe.com.br\/cri\/#\/schema\/logo\/image\/"}},{"@type":"Person","@id":"https:\/\/diariodepe.com.br\/cri\/#\/schema\/person\/121bb28d84f1a5b1205ef4ce9c2e0c6b","name":"Ismael Lucas S. Pereira","image":{"@type":"ImageObject","inLanguage":"pt-BR","@id":"https:\/\/secure.gravatar.com\/avatar\/887a0f3b5a7ceea963a48499fb883ffce6b5037362def025c52c2505b15d63e4?s=96&d=mm&r=g","url":"https:\/\/secure.gravatar.com\/avatar\/887a0f3b5a7ceea963a48499fb883ffce6b5037362def025c52c2505b15d63e4?s=96&d=mm&r=g","contentUrl":"https:\/\/secure.gravatar.com\/avatar\/887a0f3b5a7ceea963a48499fb883ffce6b5037362def025c52c2505b15d63e4?s=96&d=mm&r=g","caption":"Ismael Lucas S. Pereira"},"url":"https:\/\/diariodepe.com.br\/cri\/author\/ismael-lucas\/"}]}},"cc_featured_image_caption":{"caption_text":false,"source_text":false,"source_url":false},"amp_enabled":true,"_links":{"self":[{"href":"https:\/\/diariodepe.com.br\/cri\/wp-json\/wp\/v2\/posts\/8349","targetHints":{"allow":["GET"]}}],"collection":[{"href":"https:\/\/diariodepe.com.br\/cri\/wp-json\/wp\/v2\/posts"}],"about":[{"href":"https:\/\/diariodepe.com.br\/cri\/wp-json\/wp\/v2\/types\/post"}],"author":[{"embeddable":true,"href":"https:\/\/diariodepe.com.br\/cri\/wp-json\/wp\/v2\/users\/2"}],"replies":[{"embeddable":true,"href":"https:\/\/diariodepe.com.br\/cri\/wp-json\/wp\/v2\/comments?post=8349"}],"version-history":[{"count":1,"href":"https:\/\/diariodepe.com.br\/cri\/wp-json\/wp\/v2\/posts\/8349\/revisions"}],"predecessor-version":[{"id":8350,"href":"https:\/\/diariodepe.com.br\/cri\/wp-json\/wp\/v2\/posts\/8349\/revisions\/8350"}],"wp:attachment":[{"href":"https:\/\/diariodepe.com.br\/cri\/wp-json\/wp\/v2\/media?parent=8349"}],"wp:term":[{"taxonomy":"category","embeddable":true,"href":"https:\/\/diariodepe.com.br\/cri\/wp-json\/wp\/v2\/categories?post=8349"},{"taxonomy":"post_tag","embeddable":true,"href":"https:\/\/diariodepe.com.br\/cri\/wp-json\/wp\/v2\/tags?post=8349"}],"curies":[{"name":"wp","href":"https:\/\/api.w.org\/{rel}","templated":true}]}}