{"id":8347,"date":"2025-05-21T00:24:10","date_gmt":"2025-05-21T03:24:10","guid":{"rendered":"https:\/\/diariodepe.com.br\/cri\/?p=8347"},"modified":"2025-05-21T00:24:10","modified_gmt":"2025-05-21T03:24:10","slug":"exposicao-internacional-de-produtos-de-consumo-da-china-mostra-mais-valor-em-meio-a-tempestade-tarifaria","status":"publish","type":"post","link":"https:\/\/diariodepe.com.br\/cri\/2025\/05\/21\/exposicao-internacional-de-produtos-de-consumo-da-china-mostra-mais-valor-em-meio-a-tempestade-tarifaria\/","title":{"rendered":"Exposi\u00e7\u00e3o Internacional de Produtos de Consumo da China mostra mais valor em meio \u00e0 tempestade tarif\u00e1ria"},"content":{"rendered":"<p>&#8220;Ganhamos muita aten\u00e7\u00e3o com a ajuda da plataforma da Exposi\u00e7\u00e3o Internacional de Produtos de Consumo da China. Acreditamos que, com a implementa\u00e7\u00e3o cont\u00ednua da pol\u00edtica de expans\u00e3o da abertura e a otimiza\u00e7\u00e3o do ambiente de neg\u00f3cios, a economia chinesa manter\u00e1 um desenvolvimento est\u00e1vel e saud\u00e1vel. Estamos muito confiantes no mercado chin\u00eas&#8221;, disse Liu Xingshu, presidente da zona da China da DFS, uma varejista de viagens de luxo do grupo franc\u00eas LVMH, na 5\u00aa Exposi\u00e7\u00e3o Internacional de Produtos de Consumo da China, que terminou no dia 18 deste m\u00eas.<\/p>\n<p>&nbsp;<\/p>\n<p><img decoding=\"async\" src=\"https:\/\/38picres.cgtn.com\/photoAlbum\/page\/performance\/img\/2025\/4\/19\/1745067243075_133.png\" width=\"100%\" height=\"auto\" \/><\/p>\n<p>Em um momento em que o protecionismo comercial est\u00e1 em ascens\u00e3o e o abuso de tarifas pelos Estados Unidos est\u00e1 impactando a globaliza\u00e7\u00e3o econ\u00f4mica, essa exposi\u00e7\u00e3o \u00e9 ainda mais valiosa. Durante\u00a0seis\u00a0dias, o evento atraiu 1.767 empresas e 4.209 marcas de 71 pa\u00edses e regi\u00f5es do mundo, com contratos fechados por volta de 92 bilh\u00f5es de yuans.<\/p>\n<p>&nbsp;<\/p>\n<p>Dados mostram que, em 2024, as vendas totais de bens de consumo no varejo da China atingiram 48,8 trilh\u00f5es de yuans, um aumento anual de 3,5% em compara\u00e7\u00e3o com o ano anterior. Al\u00e9m disso, o governo chin\u00eas priorizou neste ano o impulsionamento vigoroso do consumo, o refor\u00e7o da efici\u00eancia dos investimentos e a expans\u00e3o da demanda interna em todos os aspectos, e definiu claramente as medidas para incentivar o consumo.<\/p>\n<p>&nbsp;<\/p>\n<p><img decoding=\"async\" src=\"https:\/\/38picres.cgtn.com\/photoAlbum\/page\/performance\/img\/2025\/4\/19\/1745067251623_480.jpg\" width=\"100%\" height=\"auto\" \/><\/p>\n<p>Ao mesmo tempo, \u00e0 medida que a China acelera o desenvolvimento da\u00a0nova for\u00e7a de produ\u00e7\u00e3o, o mercado consumidor continua a se renovar e se atualizar, injetando novo \u00edmpeto no desenvolvimento de empresas financiadas por estrangeiros. O rec\u00e9m-divulgado &#8220;Relat\u00f3rio do \u00cdndice Nacional de Inova\u00e7\u00e3o 2024&#8221; mostra que a China ocupa o 10\u00ba lugar no mundo, dez posi\u00e7\u00f5es acima,\u00a0comparando com o registrado em 2012. Na expo deste ano, foi criada pela primeira vez uma \u00e1rea dedicada \u00e0 tecnologia de consumo, com o objetivo de dar suporte \u00e0 inova\u00e7\u00e3o e ao desenvolvimento de longo prazo das empresas.<\/p>\n<p>&nbsp;<\/p>\n","protected":false},"excerpt":{"rendered":"<p>&#8220;Ganhamos muita aten\u00e7\u00e3o com a ajuda da plataforma da Exposi\u00e7\u00e3o Internacional de Produtos de Consumo da China. Acreditamos que, com a implementa\u00e7\u00e3o cont\u00ednua da pol\u00edtica de expans\u00e3o da abertura e a otimiza\u00e7\u00e3o do ambiente de neg\u00f3cios, a economia chinesa manter\u00e1&#8230;<\/p>\n","protected":false},"author":2,"featured_media":0,"comment_status":"open","ping_status":"open","sticky":false,"template":"","format":"standard","meta":{"footnotes":""},"categories":[7],"tags":[],"class_list":["post-8347","post","type-post","status-publish","format-standard","hentry","category-visao"],"yoast_head":"<!-- This site is optimized with the Yoast SEO plugin v27.4 - https:\/\/yoast.com\/product\/yoast-seo-wordpress\/ -->\n<title>Exposi\u00e7\u00e3o Internacional de Produtos de Consumo da China mostra mais valor em meio \u00e0 tempestade tarif\u00e1ria - CRI e Diario de Pernambuco<\/title>\n<meta name=\"robots\" content=\"index, follow, max-snippet:-1, max-image-preview:large, max-video-preview:-1\" \/>\n<link rel=\"canonical\" href=\"https:\/\/diariodepe.com.br\/cri\/2025\/05\/21\/exposicao-internacional-de-produtos-de-consumo-da-china-mostra-mais-valor-em-meio-a-tempestade-tarifaria\/\" \/>\n<meta property=\"og:locale\" content=\"pt_BR\" \/>\n<meta property=\"og:type\" content=\"article\" \/>\n<meta property=\"og:title\" content=\"Exposi\u00e7\u00e3o Internacional de Produtos de Consumo da China mostra mais valor em meio \u00e0 tempestade tarif\u00e1ria - CRI e Diario de Pernambuco\" \/>\n<meta property=\"og:description\" content=\"&#8220;Ganhamos muita aten\u00e7\u00e3o com a ajuda da plataforma da Exposi\u00e7\u00e3o Internacional de Produtos de Consumo da China. Acreditamos que, com a implementa\u00e7\u00e3o cont\u00ednua da pol\u00edtica de expans\u00e3o da abertura e a otimiza\u00e7\u00e3o do ambiente de neg\u00f3cios, a economia chinesa manter\u00e1...\" \/>\n<meta property=\"og:url\" content=\"https:\/\/diariodepe.com.br\/cri\/2025\/05\/21\/exposicao-internacional-de-produtos-de-consumo-da-china-mostra-mais-valor-em-meio-a-tempestade-tarifaria\/\" \/>\n<meta property=\"og:site_name\" content=\"CRI e Diario de Pernambuco\" \/>\n<meta property=\"article:published_time\" content=\"2025-05-21T03:24:10+00:00\" \/>\n<meta property=\"og:image\" content=\"https:\/\/38picres.cgtn.com\/photoAlbum\/page\/performance\/img\/2025\/4\/19\/1745067243075_133.png\" \/>\n<meta name=\"author\" content=\"Ismael Lucas S. Pereira\" \/>\n<meta name=\"twitter:card\" content=\"summary_large_image\" \/>\n<meta name=\"twitter:label1\" content=\"Escrito por\" \/>\n\t<meta name=\"twitter:data1\" content=\"Ismael Lucas S. Pereira\" \/>\n<script type=\"application\/ld+json\" class=\"yoast-schema-graph\">{\"@context\":\"https:\\\/\\\/schema.org\",\"@graph\":[{\"@type\":\"Article\",\"@id\":\"https:\\\/\\\/diariodepe.com.br\\\/cri\\\/2025\\\/05\\\/21\\\/exposicao-internacional-de-produtos-de-consumo-da-china-mostra-mais-valor-em-meio-a-tempestade-tarifaria\\\/#article\",\"isPartOf\":{\"@id\":\"https:\\\/\\\/diariodepe.com.br\\\/cri\\\/2025\\\/05\\\/21\\\/exposicao-internacional-de-produtos-de-consumo-da-china-mostra-mais-valor-em-meio-a-tempestade-tarifaria\\\/\"},\"author\":{\"name\":\"Ismael Lucas S. Pereira\",\"@id\":\"https:\\\/\\\/diariodepe.com.br\\\/cri\\\/#\\\/schema\\\/person\\\/121bb28d84f1a5b1205ef4ce9c2e0c6b\"},\"headline\":\"Exposi\u00e7\u00e3o Internacional de Produtos de Consumo da China mostra mais valor em meio \u00e0 tempestade tarif\u00e1ria\",\"datePublished\":\"2025-05-21T03:24:10+00:00\",\"mainEntityOfPage\":{\"@id\":\"https:\\\/\\\/diariodepe.com.br\\\/cri\\\/2025\\\/05\\\/21\\\/exposicao-internacional-de-produtos-de-consumo-da-china-mostra-mais-valor-em-meio-a-tempestade-tarifaria\\\/\"},\"wordCount\":352,\"commentCount\":0,\"publisher\":{\"@id\":\"https:\\\/\\\/diariodepe.com.br\\\/cri\\\/#organization\"},\"image\":{\"@id\":\"https:\\\/\\\/diariodepe.com.br\\\/cri\\\/2025\\\/05\\\/21\\\/exposicao-internacional-de-produtos-de-consumo-da-china-mostra-mais-valor-em-meio-a-tempestade-tarifaria\\\/#primaryimage\"},\"thumbnailUrl\":\"https:\\\/\\\/38picres.cgtn.com\\\/photoAlbum\\\/page\\\/performance\\\/img\\\/2025\\\/4\\\/19\\\/1745067243075_133.png\",\"articleSection\":[\"Vis\u00e3o\"],\"inLanguage\":\"pt-BR\",\"potentialAction\":[{\"@type\":\"CommentAction\",\"name\":\"Comment\",\"target\":[\"https:\\\/\\\/diariodepe.com.br\\\/cri\\\/2025\\\/05\\\/21\\\/exposicao-internacional-de-produtos-de-consumo-da-china-mostra-mais-valor-em-meio-a-tempestade-tarifaria\\\/#respond\"]}]},{\"@type\":\"WebPage\",\"@id\":\"https:\\\/\\\/diariodepe.com.br\\\/cri\\\/2025\\\/05\\\/21\\\/exposicao-internacional-de-produtos-de-consumo-da-china-mostra-mais-valor-em-meio-a-tempestade-tarifaria\\\/\",\"url\":\"https:\\\/\\\/diariodepe.com.br\\\/cri\\\/2025\\\/05\\\/21\\\/exposicao-internacional-de-produtos-de-consumo-da-china-mostra-mais-valor-em-meio-a-tempestade-tarifaria\\\/\",\"name\":\"Exposi\u00e7\u00e3o Internacional de Produtos de Consumo da China mostra mais valor em meio \u00e0 tempestade tarif\u00e1ria - CRI e Diario de Pernambuco\",\"isPartOf\":{\"@id\":\"https:\\\/\\\/diariodepe.com.br\\\/cri\\\/#website\"},\"primaryImageOfPage\":{\"@id\":\"https:\\\/\\\/diariodepe.com.br\\\/cri\\\/2025\\\/05\\\/21\\\/exposicao-internacional-de-produtos-de-consumo-da-china-mostra-mais-valor-em-meio-a-tempestade-tarifaria\\\/#primaryimage\"},\"image\":{\"@id\":\"https:\\\/\\\/diariodepe.com.br\\\/cri\\\/2025\\\/05\\\/21\\\/exposicao-internacional-de-produtos-de-consumo-da-china-mostra-mais-valor-em-meio-a-tempestade-tarifaria\\\/#primaryimage\"},\"thumbnailUrl\":\"https:\\\/\\\/38picres.cgtn.com\\\/photoAlbum\\\/page\\\/performance\\\/img\\\/2025\\\/4\\\/19\\\/1745067243075_133.png\",\"datePublished\":\"2025-05-21T03:24:10+00:00\",\"breadcrumb\":{\"@id\":\"https:\\\/\\\/diariodepe.com.br\\\/cri\\\/2025\\\/05\\\/21\\\/exposicao-internacional-de-produtos-de-consumo-da-china-mostra-mais-valor-em-meio-a-tempestade-tarifaria\\\/#breadcrumb\"},\"inLanguage\":\"pt-BR\",\"potentialAction\":[{\"@type\":\"ReadAction\",\"target\":[\"https:\\\/\\\/diariodepe.com.br\\\/cri\\\/2025\\\/05\\\/21\\\/exposicao-internacional-de-produtos-de-consumo-da-china-mostra-mais-valor-em-meio-a-tempestade-tarifaria\\\/\"]}]},{\"@type\":\"ImageObject\",\"inLanguage\":\"pt-BR\",\"@id\":\"https:\\\/\\\/diariodepe.com.br\\\/cri\\\/2025\\\/05\\\/21\\\/exposicao-internacional-de-produtos-de-consumo-da-china-mostra-mais-valor-em-meio-a-tempestade-tarifaria\\\/#primaryimage\",\"url\":\"https:\\\/\\\/38picres.cgtn.com\\\/photoAlbum\\\/page\\\/performance\\\/img\\\/2025\\\/4\\\/19\\\/1745067243075_133.png\",\"contentUrl\":\"https:\\\/\\\/38picres.cgtn.com\\\/photoAlbum\\\/page\\\/performance\\\/img\\\/2025\\\/4\\\/19\\\/1745067243075_133.png\"},{\"@type\":\"BreadcrumbList\",\"@id\":\"https:\\\/\\\/diariodepe.com.br\\\/cri\\\/2025\\\/05\\\/21\\\/exposicao-internacional-de-produtos-de-consumo-da-china-mostra-mais-valor-em-meio-a-tempestade-tarifaria\\\/#breadcrumb\",\"itemListElement\":[{\"@type\":\"ListItem\",\"position\":1,\"name\":\"In\u00edcio\",\"item\":\"https:\\\/\\\/diariodepe.com.br\\\/cri\\\/\"},{\"@type\":\"ListItem\",\"position\":2,\"name\":\"Exposi\u00e7\u00e3o Internacional de Produtos de Consumo da China mostra mais valor em meio \u00e0 tempestade tarif\u00e1ria\"}]},{\"@type\":\"WebSite\",\"@id\":\"https:\\\/\\\/diariodepe.com.br\\\/cri\\\/#website\",\"url\":\"https:\\\/\\\/diariodepe.com.br\\\/cri\\\/\",\"name\":\"CRI e Diario de Pernambuco\",\"description\":\"R\u00e1dio Internacional da China\",\"publisher\":{\"@id\":\"https:\\\/\\\/diariodepe.com.br\\\/cri\\\/#organization\"},\"potentialAction\":[{\"@type\":\"SearchAction\",\"target\":{\"@type\":\"EntryPoint\",\"urlTemplate\":\"https:\\\/\\\/diariodepe.com.br\\\/cri\\\/?s={search_term_string}\"},\"query-input\":{\"@type\":\"PropertyValueSpecification\",\"valueRequired\":true,\"valueName\":\"search_term_string\"}}],\"inLanguage\":\"pt-BR\"},{\"@type\":\"Organization\",\"@id\":\"https:\\\/\\\/diariodepe.com.br\\\/cri\\\/#organization\",\"name\":\"CRI e Diario de Pernambuco\",\"url\":\"https:\\\/\\\/diariodepe.com.br\\\/cri\\\/\",\"logo\":{\"@type\":\"ImageObject\",\"inLanguage\":\"pt-BR\",\"@id\":\"https:\\\/\\\/diariodepe.com.br\\\/cri\\\/#\\\/schema\\\/logo\\\/image\\\/\",\"url\":\"https:\\\/\\\/diariodepe.com.br\\\/cri\\\/wp-content\\\/uploads\\\/sites\\\/2\\\/2022\\\/12\\\/cropped-Logo.jpg\",\"contentUrl\":\"https:\\\/\\\/diariodepe.com.br\\\/cri\\\/wp-content\\\/uploads\\\/sites\\\/2\\\/2022\\\/12\\\/cropped-Logo.jpg\",\"width\":700,\"height\":59,\"caption\":\"CRI e Diario de Pernambuco\"},\"image\":{\"@id\":\"https:\\\/\\\/diariodepe.com.br\\\/cri\\\/#\\\/schema\\\/logo\\\/image\\\/\"}},{\"@type\":\"Person\",\"@id\":\"https:\\\/\\\/diariodepe.com.br\\\/cri\\\/#\\\/schema\\\/person\\\/121bb28d84f1a5b1205ef4ce9c2e0c6b\",\"name\":\"Ismael Lucas S. Pereira\",\"image\":{\"@type\":\"ImageObject\",\"inLanguage\":\"pt-BR\",\"@id\":\"https:\\\/\\\/secure.gravatar.com\\\/avatar\\\/887a0f3b5a7ceea963a48499fb883ffce6b5037362def025c52c2505b15d63e4?s=96&d=mm&r=g\",\"url\":\"https:\\\/\\\/secure.gravatar.com\\\/avatar\\\/887a0f3b5a7ceea963a48499fb883ffce6b5037362def025c52c2505b15d63e4?s=96&d=mm&r=g\",\"contentUrl\":\"https:\\\/\\\/secure.gravatar.com\\\/avatar\\\/887a0f3b5a7ceea963a48499fb883ffce6b5037362def025c52c2505b15d63e4?s=96&d=mm&r=g\",\"caption\":\"Ismael Lucas S. Pereira\"},\"url\":\"https:\\\/\\\/diariodepe.com.br\\\/cri\\\/author\\\/ismael-lucas\\\/\"}]}<\/script>\n<!-- \/ Yoast SEO plugin. -->","yoast_head_json":{"title":"Exposi\u00e7\u00e3o Internacional de Produtos de Consumo da China mostra mais valor em meio \u00e0 tempestade tarif\u00e1ria - CRI e Diario de Pernambuco","robots":{"index":"index","follow":"follow","max-snippet":"max-snippet:-1","max-image-preview":"max-image-preview:large","max-video-preview":"max-video-preview:-1"},"canonical":"https:\/\/diariodepe.com.br\/cri\/2025\/05\/21\/exposicao-internacional-de-produtos-de-consumo-da-china-mostra-mais-valor-em-meio-a-tempestade-tarifaria\/","og_locale":"pt_BR","og_type":"article","og_title":"Exposi\u00e7\u00e3o Internacional de Produtos de Consumo da China mostra mais valor em meio \u00e0 tempestade tarif\u00e1ria - CRI e Diario de Pernambuco","og_description":"&#8220;Ganhamos muita aten\u00e7\u00e3o com a ajuda da plataforma da Exposi\u00e7\u00e3o Internacional de Produtos de Consumo da China. Acreditamos que, com a implementa\u00e7\u00e3o cont\u00ednua da pol\u00edtica de expans\u00e3o da abertura e a otimiza\u00e7\u00e3o do ambiente de neg\u00f3cios, a economia chinesa manter\u00e1...","og_url":"https:\/\/diariodepe.com.br\/cri\/2025\/05\/21\/exposicao-internacional-de-produtos-de-consumo-da-china-mostra-mais-valor-em-meio-a-tempestade-tarifaria\/","og_site_name":"CRI e Diario de Pernambuco","article_published_time":"2025-05-21T03:24:10+00:00","og_image":[{"url":"https:\/\/38picres.cgtn.com\/photoAlbum\/page\/performance\/img\/2025\/4\/19\/1745067243075_133.png","type":"","width":"","height":""}],"author":"Ismael Lucas S. Pereira","twitter_card":"summary_large_image","twitter_misc":{"Escrito por":"Ismael Lucas S. Pereira"},"schema":{"@context":"https:\/\/schema.org","@graph":[{"@type":"Article","@id":"https:\/\/diariodepe.com.br\/cri\/2025\/05\/21\/exposicao-internacional-de-produtos-de-consumo-da-china-mostra-mais-valor-em-meio-a-tempestade-tarifaria\/#article","isPartOf":{"@id":"https:\/\/diariodepe.com.br\/cri\/2025\/05\/21\/exposicao-internacional-de-produtos-de-consumo-da-china-mostra-mais-valor-em-meio-a-tempestade-tarifaria\/"},"author":{"name":"Ismael Lucas S. Pereira","@id":"https:\/\/diariodepe.com.br\/cri\/#\/schema\/person\/121bb28d84f1a5b1205ef4ce9c2e0c6b"},"headline":"Exposi\u00e7\u00e3o Internacional de Produtos de Consumo da China mostra mais valor em meio \u00e0 tempestade tarif\u00e1ria","datePublished":"2025-05-21T03:24:10+00:00","mainEntityOfPage":{"@id":"https:\/\/diariodepe.com.br\/cri\/2025\/05\/21\/exposicao-internacional-de-produtos-de-consumo-da-china-mostra-mais-valor-em-meio-a-tempestade-tarifaria\/"},"wordCount":352,"commentCount":0,"publisher":{"@id":"https:\/\/diariodepe.com.br\/cri\/#organization"},"image":{"@id":"https:\/\/diariodepe.com.br\/cri\/2025\/05\/21\/exposicao-internacional-de-produtos-de-consumo-da-china-mostra-mais-valor-em-meio-a-tempestade-tarifaria\/#primaryimage"},"thumbnailUrl":"https:\/\/38picres.cgtn.com\/photoAlbum\/page\/performance\/img\/2025\/4\/19\/1745067243075_133.png","articleSection":["Vis\u00e3o"],"inLanguage":"pt-BR","potentialAction":[{"@type":"CommentAction","name":"Comment","target":["https:\/\/diariodepe.com.br\/cri\/2025\/05\/21\/exposicao-internacional-de-produtos-de-consumo-da-china-mostra-mais-valor-em-meio-a-tempestade-tarifaria\/#respond"]}]},{"@type":"WebPage","@id":"https:\/\/diariodepe.com.br\/cri\/2025\/05\/21\/exposicao-internacional-de-produtos-de-consumo-da-china-mostra-mais-valor-em-meio-a-tempestade-tarifaria\/","url":"https:\/\/diariodepe.com.br\/cri\/2025\/05\/21\/exposicao-internacional-de-produtos-de-consumo-da-china-mostra-mais-valor-em-meio-a-tempestade-tarifaria\/","name":"Exposi\u00e7\u00e3o Internacional de Produtos de Consumo da China mostra mais valor em meio \u00e0 tempestade tarif\u00e1ria - CRI e Diario de Pernambuco","isPartOf":{"@id":"https:\/\/diariodepe.com.br\/cri\/#website"},"primaryImageOfPage":{"@id":"https:\/\/diariodepe.com.br\/cri\/2025\/05\/21\/exposicao-internacional-de-produtos-de-consumo-da-china-mostra-mais-valor-em-meio-a-tempestade-tarifaria\/#primaryimage"},"image":{"@id":"https:\/\/diariodepe.com.br\/cri\/2025\/05\/21\/exposicao-internacional-de-produtos-de-consumo-da-china-mostra-mais-valor-em-meio-a-tempestade-tarifaria\/#primaryimage"},"thumbnailUrl":"https:\/\/38picres.cgtn.com\/photoAlbum\/page\/performance\/img\/2025\/4\/19\/1745067243075_133.png","datePublished":"2025-05-21T03:24:10+00:00","breadcrumb":{"@id":"https:\/\/diariodepe.com.br\/cri\/2025\/05\/21\/exposicao-internacional-de-produtos-de-consumo-da-china-mostra-mais-valor-em-meio-a-tempestade-tarifaria\/#breadcrumb"},"inLanguage":"pt-BR","potentialAction":[{"@type":"ReadAction","target":["https:\/\/diariodepe.com.br\/cri\/2025\/05\/21\/exposicao-internacional-de-produtos-de-consumo-da-china-mostra-mais-valor-em-meio-a-tempestade-tarifaria\/"]}]},{"@type":"ImageObject","inLanguage":"pt-BR","@id":"https:\/\/diariodepe.com.br\/cri\/2025\/05\/21\/exposicao-internacional-de-produtos-de-consumo-da-china-mostra-mais-valor-em-meio-a-tempestade-tarifaria\/#primaryimage","url":"https:\/\/38picres.cgtn.com\/photoAlbum\/page\/performance\/img\/2025\/4\/19\/1745067243075_133.png","contentUrl":"https:\/\/38picres.cgtn.com\/photoAlbum\/page\/performance\/img\/2025\/4\/19\/1745067243075_133.png"},{"@type":"BreadcrumbList","@id":"https:\/\/diariodepe.com.br\/cri\/2025\/05\/21\/exposicao-internacional-de-produtos-de-consumo-da-china-mostra-mais-valor-em-meio-a-tempestade-tarifaria\/#breadcrumb","itemListElement":[{"@type":"ListItem","position":1,"name":"In\u00edcio","item":"https:\/\/diariodepe.com.br\/cri\/"},{"@type":"ListItem","position":2,"name":"Exposi\u00e7\u00e3o Internacional de Produtos de Consumo da China mostra mais valor em meio \u00e0 tempestade tarif\u00e1ria"}]},{"@type":"WebSite","@id":"https:\/\/diariodepe.com.br\/cri\/#website","url":"https:\/\/diariodepe.com.br\/cri\/","name":"CRI e Diario de Pernambuco","description":"R\u00e1dio Internacional da China","publisher":{"@id":"https:\/\/diariodepe.com.br\/cri\/#organization"},"potentialAction":[{"@type":"SearchAction","target":{"@type":"EntryPoint","urlTemplate":"https:\/\/diariodepe.com.br\/cri\/?s={search_term_string}"},"query-input":{"@type":"PropertyValueSpecification","valueRequired":true,"valueName":"search_term_string"}}],"inLanguage":"pt-BR"},{"@type":"Organization","@id":"https:\/\/diariodepe.com.br\/cri\/#organization","name":"CRI e Diario de Pernambuco","url":"https:\/\/diariodepe.com.br\/cri\/","logo":{"@type":"ImageObject","inLanguage":"pt-BR","@id":"https:\/\/diariodepe.com.br\/cri\/#\/schema\/logo\/image\/","url":"https:\/\/diariodepe.com.br\/cri\/wp-content\/uploads\/sites\/2\/2022\/12\/cropped-Logo.jpg","contentUrl":"https:\/\/diariodepe.com.br\/cri\/wp-content\/uploads\/sites\/2\/2022\/12\/cropped-Logo.jpg","width":700,"height":59,"caption":"CRI e Diario de Pernambuco"},"image":{"@id":"https:\/\/diariodepe.com.br\/cri\/#\/schema\/logo\/image\/"}},{"@type":"Person","@id":"https:\/\/diariodepe.com.br\/cri\/#\/schema\/person\/121bb28d84f1a5b1205ef4ce9c2e0c6b","name":"Ismael Lucas S. Pereira","image":{"@type":"ImageObject","inLanguage":"pt-BR","@id":"https:\/\/secure.gravatar.com\/avatar\/887a0f3b5a7ceea963a48499fb883ffce6b5037362def025c52c2505b15d63e4?s=96&d=mm&r=g","url":"https:\/\/secure.gravatar.com\/avatar\/887a0f3b5a7ceea963a48499fb883ffce6b5037362def025c52c2505b15d63e4?s=96&d=mm&r=g","contentUrl":"https:\/\/secure.gravatar.com\/avatar\/887a0f3b5a7ceea963a48499fb883ffce6b5037362def025c52c2505b15d63e4?s=96&d=mm&r=g","caption":"Ismael Lucas S. Pereira"},"url":"https:\/\/diariodepe.com.br\/cri\/author\/ismael-lucas\/"}]}},"cc_featured_image_caption":{"caption_text":false,"source_text":false,"source_url":false},"amp_enabled":true,"_links":{"self":[{"href":"https:\/\/diariodepe.com.br\/cri\/wp-json\/wp\/v2\/posts\/8347","targetHints":{"allow":["GET"]}}],"collection":[{"href":"https:\/\/diariodepe.com.br\/cri\/wp-json\/wp\/v2\/posts"}],"about":[{"href":"https:\/\/diariodepe.com.br\/cri\/wp-json\/wp\/v2\/types\/post"}],"author":[{"embeddable":true,"href":"https:\/\/diariodepe.com.br\/cri\/wp-json\/wp\/v2\/users\/2"}],"replies":[{"embeddable":true,"href":"https:\/\/diariodepe.com.br\/cri\/wp-json\/wp\/v2\/comments?post=8347"}],"version-history":[{"count":1,"href":"https:\/\/diariodepe.com.br\/cri\/wp-json\/wp\/v2\/posts\/8347\/revisions"}],"predecessor-version":[{"id":8348,"href":"https:\/\/diariodepe.com.br\/cri\/wp-json\/wp\/v2\/posts\/8347\/revisions\/8348"}],"wp:attachment":[{"href":"https:\/\/diariodepe.com.br\/cri\/wp-json\/wp\/v2\/media?parent=8347"}],"wp:term":[{"taxonomy":"category","embeddable":true,"href":"https:\/\/diariodepe.com.br\/cri\/wp-json\/wp\/v2\/categories?post=8347"},{"taxonomy":"post_tag","embeddable":true,"href":"https:\/\/diariodepe.com.br\/cri\/wp-json\/wp\/v2\/tags?post=8347"}],"curies":[{"name":"wp","href":"https:\/\/api.w.org\/{rel}","templated":true}]}}