{"id":8345,"date":"2025-05-21T00:23:37","date_gmt":"2025-05-21T03:23:37","guid":{"rendered":"https:\/\/diariodepe.com.br\/cri\/?p=8345"},"modified":"2025-05-21T00:23:37","modified_gmt":"2025-05-21T03:23:37","slug":"estamos-com-a-china-pelo-bem-estar-do-povo-e-pelos-interesses-economicos-do-pais-disse-primeiro-ministro-malaio","status":"publish","type":"post","link":"https:\/\/diariodepe.com.br\/cri\/2025\/05\/21\/estamos-com-a-china-pelo-bem-estar-do-povo-e-pelos-interesses-economicos-do-pais-disse-primeiro-ministro-malaio\/","title":{"rendered":"\u201cEstamos com a China pelo bem-estar do povo e pelos interesses econ\u00f4micos do pa\u00eds\u201d, disse primeiro-ministro malaio"},"content":{"rendered":"<p>Durante a visita de Estado do presidente chin\u00eas, Xi Jinping, \u00e0 Mal\u00e1sia, o primeiro-ministro malaio, Anwar Ibrahim, deu uma entrevista conjunta ao Grupo de M\u00eddia da China (CMG, na sigla em ingl\u00eas) e \u00e0 Televis\u00e3o Astro Awani da Mal\u00e1sia.<\/p>\n<p><img decoding=\"async\" src=\"https:\/\/38picres.cgtn.com\/photoAlbum\/page\/performance\/img\/2025\/4\/19\/1745059355671_917.jpeg\" width=\"100%\" height=\"auto\" \/><\/p>\n<p>Ele disse que a visita do presidente Xi Jinping n\u00e3o \u00e9 apenas uma troca amig\u00e1vel, mas tamb\u00e9m representa que as rela\u00e7\u00f5es amig\u00e1veis \u200b\u200bentre os dois pa\u00edses em v\u00e1rios\u00a0aspectos\u00a0atingiram um novo patamar. A Mal\u00e1sia se beneficiou muito da coopera\u00e7\u00e3o com a China. \u201cEstamos com a China pelo bem-estar do povo, pelos interesses econ\u00f4micos do pa\u00eds, pelos interesses de desenvolvimento e pela soberania nacional\u201d, afirmou Anwar Ibrahim.<\/p>\n<p>Rep\u00f3rter: Quando se trata das rela\u00e7\u00f5es amig\u00e1veis \u200b\u200bentre a Mal\u00e1sia e a China, a Mal\u00e1sia sempre foi considerada uma &#8220;pot\u00eancia m\u00e9dia&#8221;. O mundo de hoje enfrenta v\u00e1rios desafios, e nossa situa\u00e7\u00e3o geopol\u00edtica e econ\u00f4mica \u00e9 cheia de incertezas. Como todos sabem, a decis\u00e3o dos EUA de aumentar\u00a0as\u00a0tarifas agravou\u00a0esses problemas. Como a Mal\u00e1sia pode manter sua posi\u00e7\u00e3o em suas intera\u00e7\u00f5es com a China e os Estados Unidos em v\u00e1rias \u00e1reas?<\/p>\n<p>Anwar: As rela\u00e7\u00f5es comerciais e de investimento da Mal\u00e1sia com os Estados Unidos continuam fortes, mas aderimos ao princ\u00edpio do livre com\u00e9rcio e incentivamos o investimento com a precondi\u00e7\u00e3o de que nossos pr\u00f3prios interesses n\u00e3o sejam prejudicados, porque a Mal\u00e1sia \u00e9 um Estado livre, independente e soberano. A pol\u00edtica da Mal\u00e1sia n\u00e3o ser\u00e1 abalada,\u00a0e\u00a0permaneceremos abertos. Essa \u00e9 a nossa posi\u00e7\u00e3o e tamb\u00e9m o consenso dos pa\u00edses da ASEAN. Estamos com a China pelo bem-estar do povo, pelos interesses econ\u00f4micos do pa\u00eds, pelos interesses de desenvolvimento e pela soberania e integridade nacionais. N\u00e3o dever\u00edamos e n\u00e3o precisamos estar sujeitos a nenhum outro pa\u00eds. Rejeitamos a press\u00e3o de outros pa\u00edses! Nossa atitude \u00e9 que seremos bons para quem for bom para n\u00f3s. Damos as boas-vindas \u00e0 China! Devo enfatizar que a China \u00e9 um pa\u00eds grande, com forte desenvolvimento econ\u00f4mico e um ex\u00e9rcito poderoso, mas nunca sentimos qualquer problema ou press\u00e3o em nossas rela\u00e7\u00f5es com a China. A igualdade, a consulta amig\u00e1vel e o respeito m\u00fatuo entre a Mal\u00e1sia e a China significam muito para mim. Temos conversas francas. \u00c9 claro que h\u00e1 consensos e tamb\u00e9m diferen\u00e7as nas trocas entre nossos dois pa\u00edses, mas os resolvemos por meio de consultas amig\u00e1veis.<\/p>\n<p><img decoding=\"async\" src=\"https:\/\/38picres.cgtn.com\/photoAlbum\/page\/performance\/img\/2025\/4\/19\/1745059367097_581.jpeg\" width=\"100%\" height=\"auto\" \/><\/p>\n<p>Em 2025, a Mal\u00e1sia atuar\u00e1 como presidente rotativa da ASEAN. Sob a orienta\u00e7\u00e3o estrat\u00e9gica dos l\u00edderes da China e dos pa\u00edses da ASEAN, o conceito da comunidade China-ASEAN de futuro compartilhado est\u00e1 enraizado nos cora\u00e7\u00f5es das pessoas. A China \u00e9 a primeira\u00a0parceira de di\u00e1logo da ASEAN a aderir ao Tratado de Amizade e Coopera\u00e7\u00e3o no Sudeste Asi\u00e1tico, a primeira grande economia a estabelecer a \u00e1rea de livre com\u00e9rcio com a ASEAN e um dos primeiros pa\u00edses a firmar uma parceria estrat\u00e9gica abrangente com a ASEAN. Em 2024, o volume comercial entre a China e a ASEAN ultrapassou US$ 980 bilh\u00f5es, e os dois lados foram os maiores parceiros comerciais um do outro por cinco anos consecutivos. Depois que os Estados Unidos anunciaram a imposi\u00e7\u00e3o das chamadas &#8220;tarifas rec\u00edprocas&#8221; a todos os parceiros comerciais, Anwar pediu aos pa\u00edses da ASEAN que &#8220;se unissem e permanecessem firmes&#8221; em resposta \u00e0 pol\u00edtica tarif\u00e1ria anunciada pelo governo dos EUA.<\/p>\n<p>&nbsp;<\/p>\n<p><img decoding=\"async\" src=\"https:\/\/38picres.cgtn.com\/photoAlbum\/page\/performance\/img\/2025\/4\/19\/1745059398228_901.jpeg\" width=\"100%\" height=\"auto\" \/><\/p>\n<p>Anwar: \u00c9 ineg\u00e1vel que essa guerra tarif\u00e1ria tem um impacto sobre n\u00f3s, porque a Mal\u00e1sia \u00e9 um pa\u00eds que depende muito do com\u00e9rcio e n\u00f3s defendemos o livre com\u00e9rcio. Ent\u00e3o, sempre que encaramos tais problemas, a Mal\u00e1sia certamente ser\u00e1 afetada de uma forma ou de outra, mas devemos permanecer sensatos. Na reuni\u00e3o especial dos ministros da economia, dos ministros das finan\u00e7as da ASEAN e dos governadores dos bancos centrais realizada na semana passada, todos os pa\u00edses acreditavam que deveriam desempenhar seu pr\u00f3prio papel em vez de reclamar dos problemas causados \u200b\u200bpelos outros. Devemos fortalecer a coopera\u00e7\u00e3o em com\u00e9rcio e investimento dentro da ASEAN e com pa\u00edses amigos, especialmente com a China. A pr\u00f3pria ASEAN tem uma for\u00e7a enorme, ent\u00e3o adotamos essa decis\u00e3o. Mas, ao mesmo tempo, n\u00e3o fechamos a porta para consultas e negocia\u00e7\u00f5es com os Estados Unidos para reconstruir o panorama de livre com\u00e9rcio. A situa\u00e7\u00e3o com a China \u00e9 diferente. Primeiro, a China \u00e9 nossa vizinha; segundo, as rela\u00e7\u00f5es Mal\u00e1sia-China s\u00e3o boas e n\u00e3o h\u00e1 problemas; terceiro, o desenvolvimento econ\u00f4mico da China beneficia a Mal\u00e1sia. Portanto, penso que dever\u00edamos adotar uma atitude pragm\u00e1tica a este respeito. Se os outros me derem um p\u00eassego, eu os recompensarei com uma ameixa.<\/p>\n","protected":false},"excerpt":{"rendered":"<p>Durante a visita de Estado do presidente chin\u00eas, Xi Jinping, \u00e0 Mal\u00e1sia, o primeiro-ministro malaio, Anwar Ibrahim, deu uma entrevista conjunta ao Grupo de M\u00eddia da China (CMG, na sigla em ingl\u00eas) e \u00e0 Televis\u00e3o Astro Awani da Mal\u00e1sia. Ele&#8230;<\/p>\n","protected":false},"author":2,"featured_media":0,"comment_status":"open","ping_status":"open","sticky":false,"template":"","format":"standard","meta":{"footnotes":""},"categories":[8],"tags":[],"class_list":["post-8345","post","type-post","status-publish","format-standard","hentry","category-internacional"],"yoast_head":"<!-- This site is optimized with the Yoast SEO plugin v27.4 - https:\/\/yoast.com\/product\/yoast-seo-wordpress\/ -->\n<title>\u201cEstamos com a China pelo bem-estar do povo e pelos interesses econ\u00f4micos do pa\u00eds\u201d, disse primeiro-ministro malaio - CRI e Diario de Pernambuco<\/title>\n<meta name=\"robots\" content=\"index, follow, max-snippet:-1, max-image-preview:large, max-video-preview:-1\" \/>\n<link rel=\"canonical\" href=\"https:\/\/diariodepe.com.br\/cri\/2025\/05\/21\/estamos-com-a-china-pelo-bem-estar-do-povo-e-pelos-interesses-economicos-do-pais-disse-primeiro-ministro-malaio\/\" \/>\n<meta property=\"og:locale\" content=\"pt_BR\" \/>\n<meta property=\"og:type\" content=\"article\" \/>\n<meta property=\"og:title\" content=\"\u201cEstamos com a China pelo bem-estar do povo e pelos interesses econ\u00f4micos do pa\u00eds\u201d, disse primeiro-ministro malaio - CRI e Diario de Pernambuco\" \/>\n<meta property=\"og:description\" content=\"Durante a visita de Estado do presidente chin\u00eas, Xi Jinping, \u00e0 Mal\u00e1sia, o primeiro-ministro malaio, Anwar Ibrahim, deu uma entrevista conjunta ao Grupo de M\u00eddia da China (CMG, na sigla em ingl\u00eas) e \u00e0 Televis\u00e3o Astro Awani da Mal\u00e1sia. Ele...\" \/>\n<meta property=\"og:url\" content=\"https:\/\/diariodepe.com.br\/cri\/2025\/05\/21\/estamos-com-a-china-pelo-bem-estar-do-povo-e-pelos-interesses-economicos-do-pais-disse-primeiro-ministro-malaio\/\" \/>\n<meta property=\"og:site_name\" content=\"CRI e Diario de Pernambuco\" \/>\n<meta property=\"article:published_time\" content=\"2025-05-21T03:23:37+00:00\" \/>\n<meta property=\"og:image\" content=\"https:\/\/38picres.cgtn.com\/photoAlbum\/page\/performance\/img\/2025\/4\/19\/1745059355671_917.jpeg\" \/>\n<meta name=\"author\" content=\"Ismael Lucas S. Pereira\" \/>\n<meta name=\"twitter:card\" content=\"summary_large_image\" \/>\n<meta name=\"twitter:label1\" content=\"Escrito por\" \/>\n\t<meta name=\"twitter:data1\" content=\"Ismael Lucas S. Pereira\" \/>\n\t<meta name=\"twitter:label2\" content=\"Est. tempo de leitura\" \/>\n\t<meta name=\"twitter:data2\" content=\"5 minutos\" \/>\n<script type=\"application\/ld+json\" class=\"yoast-schema-graph\">{\"@context\":\"https:\\\/\\\/schema.org\",\"@graph\":[{\"@type\":\"Article\",\"@id\":\"https:\\\/\\\/diariodepe.com.br\\\/cri\\\/2025\\\/05\\\/21\\\/estamos-com-a-china-pelo-bem-estar-do-povo-e-pelos-interesses-economicos-do-pais-disse-primeiro-ministro-malaio\\\/#article\",\"isPartOf\":{\"@id\":\"https:\\\/\\\/diariodepe.com.br\\\/cri\\\/2025\\\/05\\\/21\\\/estamos-com-a-china-pelo-bem-estar-do-povo-e-pelos-interesses-economicos-do-pais-disse-primeiro-ministro-malaio\\\/\"},\"author\":{\"name\":\"Ismael Lucas S. Pereira\",\"@id\":\"https:\\\/\\\/diariodepe.com.br\\\/cri\\\/#\\\/schema\\\/person\\\/121bb28d84f1a5b1205ef4ce9c2e0c6b\"},\"headline\":\"\u201cEstamos com a China pelo bem-estar do povo e pelos interesses econ\u00f4micos do pa\u00eds\u201d, disse primeiro-ministro malaio\",\"datePublished\":\"2025-05-21T03:23:37+00:00\",\"mainEntityOfPage\":{\"@id\":\"https:\\\/\\\/diariodepe.com.br\\\/cri\\\/2025\\\/05\\\/21\\\/estamos-com-a-china-pelo-bem-estar-do-povo-e-pelos-interesses-economicos-do-pais-disse-primeiro-ministro-malaio\\\/\"},\"wordCount\":857,\"commentCount\":0,\"publisher\":{\"@id\":\"https:\\\/\\\/diariodepe.com.br\\\/cri\\\/#organization\"},\"image\":{\"@id\":\"https:\\\/\\\/diariodepe.com.br\\\/cri\\\/2025\\\/05\\\/21\\\/estamos-com-a-china-pelo-bem-estar-do-povo-e-pelos-interesses-economicos-do-pais-disse-primeiro-ministro-malaio\\\/#primaryimage\"},\"thumbnailUrl\":\"https:\\\/\\\/38picres.cgtn.com\\\/photoAlbum\\\/page\\\/performance\\\/img\\\/2025\\\/4\\\/19\\\/1745059355671_917.jpeg\",\"articleSection\":[\"Internacional\"],\"inLanguage\":\"pt-BR\",\"potentialAction\":[{\"@type\":\"CommentAction\",\"name\":\"Comment\",\"target\":[\"https:\\\/\\\/diariodepe.com.br\\\/cri\\\/2025\\\/05\\\/21\\\/estamos-com-a-china-pelo-bem-estar-do-povo-e-pelos-interesses-economicos-do-pais-disse-primeiro-ministro-malaio\\\/#respond\"]}]},{\"@type\":\"WebPage\",\"@id\":\"https:\\\/\\\/diariodepe.com.br\\\/cri\\\/2025\\\/05\\\/21\\\/estamos-com-a-china-pelo-bem-estar-do-povo-e-pelos-interesses-economicos-do-pais-disse-primeiro-ministro-malaio\\\/\",\"url\":\"https:\\\/\\\/diariodepe.com.br\\\/cri\\\/2025\\\/05\\\/21\\\/estamos-com-a-china-pelo-bem-estar-do-povo-e-pelos-interesses-economicos-do-pais-disse-primeiro-ministro-malaio\\\/\",\"name\":\"\u201cEstamos com a China pelo bem-estar do povo e pelos interesses econ\u00f4micos do pa\u00eds\u201d, disse primeiro-ministro malaio - CRI e Diario de Pernambuco\",\"isPartOf\":{\"@id\":\"https:\\\/\\\/diariodepe.com.br\\\/cri\\\/#website\"},\"primaryImageOfPage\":{\"@id\":\"https:\\\/\\\/diariodepe.com.br\\\/cri\\\/2025\\\/05\\\/21\\\/estamos-com-a-china-pelo-bem-estar-do-povo-e-pelos-interesses-economicos-do-pais-disse-primeiro-ministro-malaio\\\/#primaryimage\"},\"image\":{\"@id\":\"https:\\\/\\\/diariodepe.com.br\\\/cri\\\/2025\\\/05\\\/21\\\/estamos-com-a-china-pelo-bem-estar-do-povo-e-pelos-interesses-economicos-do-pais-disse-primeiro-ministro-malaio\\\/#primaryimage\"},\"thumbnailUrl\":\"https:\\\/\\\/38picres.cgtn.com\\\/photoAlbum\\\/page\\\/performance\\\/img\\\/2025\\\/4\\\/19\\\/1745059355671_917.jpeg\",\"datePublished\":\"2025-05-21T03:23:37+00:00\",\"breadcrumb\":{\"@id\":\"https:\\\/\\\/diariodepe.com.br\\\/cri\\\/2025\\\/05\\\/21\\\/estamos-com-a-china-pelo-bem-estar-do-povo-e-pelos-interesses-economicos-do-pais-disse-primeiro-ministro-malaio\\\/#breadcrumb\"},\"inLanguage\":\"pt-BR\",\"potentialAction\":[{\"@type\":\"ReadAction\",\"target\":[\"https:\\\/\\\/diariodepe.com.br\\\/cri\\\/2025\\\/05\\\/21\\\/estamos-com-a-china-pelo-bem-estar-do-povo-e-pelos-interesses-economicos-do-pais-disse-primeiro-ministro-malaio\\\/\"]}]},{\"@type\":\"ImageObject\",\"inLanguage\":\"pt-BR\",\"@id\":\"https:\\\/\\\/diariodepe.com.br\\\/cri\\\/2025\\\/05\\\/21\\\/estamos-com-a-china-pelo-bem-estar-do-povo-e-pelos-interesses-economicos-do-pais-disse-primeiro-ministro-malaio\\\/#primaryimage\",\"url\":\"https:\\\/\\\/38picres.cgtn.com\\\/photoAlbum\\\/page\\\/performance\\\/img\\\/2025\\\/4\\\/19\\\/1745059355671_917.jpeg\",\"contentUrl\":\"https:\\\/\\\/38picres.cgtn.com\\\/photoAlbum\\\/page\\\/performance\\\/img\\\/2025\\\/4\\\/19\\\/1745059355671_917.jpeg\"},{\"@type\":\"BreadcrumbList\",\"@id\":\"https:\\\/\\\/diariodepe.com.br\\\/cri\\\/2025\\\/05\\\/21\\\/estamos-com-a-china-pelo-bem-estar-do-povo-e-pelos-interesses-economicos-do-pais-disse-primeiro-ministro-malaio\\\/#breadcrumb\",\"itemListElement\":[{\"@type\":\"ListItem\",\"position\":1,\"name\":\"In\u00edcio\",\"item\":\"https:\\\/\\\/diariodepe.com.br\\\/cri\\\/\"},{\"@type\":\"ListItem\",\"position\":2,\"name\":\"\u201cEstamos com a China pelo bem-estar do povo e pelos interesses econ\u00f4micos do pa\u00eds\u201d, disse primeiro-ministro malaio\"}]},{\"@type\":\"WebSite\",\"@id\":\"https:\\\/\\\/diariodepe.com.br\\\/cri\\\/#website\",\"url\":\"https:\\\/\\\/diariodepe.com.br\\\/cri\\\/\",\"name\":\"CRI e Diario de Pernambuco\",\"description\":\"R\u00e1dio Internacional da China\",\"publisher\":{\"@id\":\"https:\\\/\\\/diariodepe.com.br\\\/cri\\\/#organization\"},\"potentialAction\":[{\"@type\":\"SearchAction\",\"target\":{\"@type\":\"EntryPoint\",\"urlTemplate\":\"https:\\\/\\\/diariodepe.com.br\\\/cri\\\/?s={search_term_string}\"},\"query-input\":{\"@type\":\"PropertyValueSpecification\",\"valueRequired\":true,\"valueName\":\"search_term_string\"}}],\"inLanguage\":\"pt-BR\"},{\"@type\":\"Organization\",\"@id\":\"https:\\\/\\\/diariodepe.com.br\\\/cri\\\/#organization\",\"name\":\"CRI e Diario de Pernambuco\",\"url\":\"https:\\\/\\\/diariodepe.com.br\\\/cri\\\/\",\"logo\":{\"@type\":\"ImageObject\",\"inLanguage\":\"pt-BR\",\"@id\":\"https:\\\/\\\/diariodepe.com.br\\\/cri\\\/#\\\/schema\\\/logo\\\/image\\\/\",\"url\":\"https:\\\/\\\/diariodepe.com.br\\\/cri\\\/wp-content\\\/uploads\\\/sites\\\/2\\\/2022\\\/12\\\/cropped-Logo.jpg\",\"contentUrl\":\"https:\\\/\\\/diariodepe.com.br\\\/cri\\\/wp-content\\\/uploads\\\/sites\\\/2\\\/2022\\\/12\\\/cropped-Logo.jpg\",\"width\":700,\"height\":59,\"caption\":\"CRI e Diario de Pernambuco\"},\"image\":{\"@id\":\"https:\\\/\\\/diariodepe.com.br\\\/cri\\\/#\\\/schema\\\/logo\\\/image\\\/\"}},{\"@type\":\"Person\",\"@id\":\"https:\\\/\\\/diariodepe.com.br\\\/cri\\\/#\\\/schema\\\/person\\\/121bb28d84f1a5b1205ef4ce9c2e0c6b\",\"name\":\"Ismael Lucas S. Pereira\",\"image\":{\"@type\":\"ImageObject\",\"inLanguage\":\"pt-BR\",\"@id\":\"https:\\\/\\\/secure.gravatar.com\\\/avatar\\\/887a0f3b5a7ceea963a48499fb883ffce6b5037362def025c52c2505b15d63e4?s=96&d=mm&r=g\",\"url\":\"https:\\\/\\\/secure.gravatar.com\\\/avatar\\\/887a0f3b5a7ceea963a48499fb883ffce6b5037362def025c52c2505b15d63e4?s=96&d=mm&r=g\",\"contentUrl\":\"https:\\\/\\\/secure.gravatar.com\\\/avatar\\\/887a0f3b5a7ceea963a48499fb883ffce6b5037362def025c52c2505b15d63e4?s=96&d=mm&r=g\",\"caption\":\"Ismael Lucas S. Pereira\"},\"url\":\"https:\\\/\\\/diariodepe.com.br\\\/cri\\\/author\\\/ismael-lucas\\\/\"}]}<\/script>\n<!-- \/ Yoast SEO plugin. -->","yoast_head_json":{"title":"\u201cEstamos com a China pelo bem-estar do povo e pelos interesses econ\u00f4micos do pa\u00eds\u201d, disse primeiro-ministro malaio - CRI e Diario de Pernambuco","robots":{"index":"index","follow":"follow","max-snippet":"max-snippet:-1","max-image-preview":"max-image-preview:large","max-video-preview":"max-video-preview:-1"},"canonical":"https:\/\/diariodepe.com.br\/cri\/2025\/05\/21\/estamos-com-a-china-pelo-bem-estar-do-povo-e-pelos-interesses-economicos-do-pais-disse-primeiro-ministro-malaio\/","og_locale":"pt_BR","og_type":"article","og_title":"\u201cEstamos com a China pelo bem-estar do povo e pelos interesses econ\u00f4micos do pa\u00eds\u201d, disse primeiro-ministro malaio - CRI e Diario de Pernambuco","og_description":"Durante a visita de Estado do presidente chin\u00eas, Xi Jinping, \u00e0 Mal\u00e1sia, o primeiro-ministro malaio, Anwar Ibrahim, deu uma entrevista conjunta ao Grupo de M\u00eddia da China (CMG, na sigla em ingl\u00eas) e \u00e0 Televis\u00e3o Astro Awani da Mal\u00e1sia. Ele...","og_url":"https:\/\/diariodepe.com.br\/cri\/2025\/05\/21\/estamos-com-a-china-pelo-bem-estar-do-povo-e-pelos-interesses-economicos-do-pais-disse-primeiro-ministro-malaio\/","og_site_name":"CRI e Diario de Pernambuco","article_published_time":"2025-05-21T03:23:37+00:00","og_image":[{"url":"https:\/\/38picres.cgtn.com\/photoAlbum\/page\/performance\/img\/2025\/4\/19\/1745059355671_917.jpeg","type":"","width":"","height":""}],"author":"Ismael Lucas S. Pereira","twitter_card":"summary_large_image","twitter_misc":{"Escrito por":"Ismael Lucas S. Pereira","Est. tempo de leitura":"5 minutos"},"schema":{"@context":"https:\/\/schema.org","@graph":[{"@type":"Article","@id":"https:\/\/diariodepe.com.br\/cri\/2025\/05\/21\/estamos-com-a-china-pelo-bem-estar-do-povo-e-pelos-interesses-economicos-do-pais-disse-primeiro-ministro-malaio\/#article","isPartOf":{"@id":"https:\/\/diariodepe.com.br\/cri\/2025\/05\/21\/estamos-com-a-china-pelo-bem-estar-do-povo-e-pelos-interesses-economicos-do-pais-disse-primeiro-ministro-malaio\/"},"author":{"name":"Ismael Lucas S. Pereira","@id":"https:\/\/diariodepe.com.br\/cri\/#\/schema\/person\/121bb28d84f1a5b1205ef4ce9c2e0c6b"},"headline":"\u201cEstamos com a China pelo bem-estar do povo e pelos interesses econ\u00f4micos do pa\u00eds\u201d, disse primeiro-ministro malaio","datePublished":"2025-05-21T03:23:37+00:00","mainEntityOfPage":{"@id":"https:\/\/diariodepe.com.br\/cri\/2025\/05\/21\/estamos-com-a-china-pelo-bem-estar-do-povo-e-pelos-interesses-economicos-do-pais-disse-primeiro-ministro-malaio\/"},"wordCount":857,"commentCount":0,"publisher":{"@id":"https:\/\/diariodepe.com.br\/cri\/#organization"},"image":{"@id":"https:\/\/diariodepe.com.br\/cri\/2025\/05\/21\/estamos-com-a-china-pelo-bem-estar-do-povo-e-pelos-interesses-economicos-do-pais-disse-primeiro-ministro-malaio\/#primaryimage"},"thumbnailUrl":"https:\/\/38picres.cgtn.com\/photoAlbum\/page\/performance\/img\/2025\/4\/19\/1745059355671_917.jpeg","articleSection":["Internacional"],"inLanguage":"pt-BR","potentialAction":[{"@type":"CommentAction","name":"Comment","target":["https:\/\/diariodepe.com.br\/cri\/2025\/05\/21\/estamos-com-a-china-pelo-bem-estar-do-povo-e-pelos-interesses-economicos-do-pais-disse-primeiro-ministro-malaio\/#respond"]}]},{"@type":"WebPage","@id":"https:\/\/diariodepe.com.br\/cri\/2025\/05\/21\/estamos-com-a-china-pelo-bem-estar-do-povo-e-pelos-interesses-economicos-do-pais-disse-primeiro-ministro-malaio\/","url":"https:\/\/diariodepe.com.br\/cri\/2025\/05\/21\/estamos-com-a-china-pelo-bem-estar-do-povo-e-pelos-interesses-economicos-do-pais-disse-primeiro-ministro-malaio\/","name":"\u201cEstamos com a China pelo bem-estar do povo e pelos interesses econ\u00f4micos do pa\u00eds\u201d, disse primeiro-ministro malaio - CRI e Diario de Pernambuco","isPartOf":{"@id":"https:\/\/diariodepe.com.br\/cri\/#website"},"primaryImageOfPage":{"@id":"https:\/\/diariodepe.com.br\/cri\/2025\/05\/21\/estamos-com-a-china-pelo-bem-estar-do-povo-e-pelos-interesses-economicos-do-pais-disse-primeiro-ministro-malaio\/#primaryimage"},"image":{"@id":"https:\/\/diariodepe.com.br\/cri\/2025\/05\/21\/estamos-com-a-china-pelo-bem-estar-do-povo-e-pelos-interesses-economicos-do-pais-disse-primeiro-ministro-malaio\/#primaryimage"},"thumbnailUrl":"https:\/\/38picres.cgtn.com\/photoAlbum\/page\/performance\/img\/2025\/4\/19\/1745059355671_917.jpeg","datePublished":"2025-05-21T03:23:37+00:00","breadcrumb":{"@id":"https:\/\/diariodepe.com.br\/cri\/2025\/05\/21\/estamos-com-a-china-pelo-bem-estar-do-povo-e-pelos-interesses-economicos-do-pais-disse-primeiro-ministro-malaio\/#breadcrumb"},"inLanguage":"pt-BR","potentialAction":[{"@type":"ReadAction","target":["https:\/\/diariodepe.com.br\/cri\/2025\/05\/21\/estamos-com-a-china-pelo-bem-estar-do-povo-e-pelos-interesses-economicos-do-pais-disse-primeiro-ministro-malaio\/"]}]},{"@type":"ImageObject","inLanguage":"pt-BR","@id":"https:\/\/diariodepe.com.br\/cri\/2025\/05\/21\/estamos-com-a-china-pelo-bem-estar-do-povo-e-pelos-interesses-economicos-do-pais-disse-primeiro-ministro-malaio\/#primaryimage","url":"https:\/\/38picres.cgtn.com\/photoAlbum\/page\/performance\/img\/2025\/4\/19\/1745059355671_917.jpeg","contentUrl":"https:\/\/38picres.cgtn.com\/photoAlbum\/page\/performance\/img\/2025\/4\/19\/1745059355671_917.jpeg"},{"@type":"BreadcrumbList","@id":"https:\/\/diariodepe.com.br\/cri\/2025\/05\/21\/estamos-com-a-china-pelo-bem-estar-do-povo-e-pelos-interesses-economicos-do-pais-disse-primeiro-ministro-malaio\/#breadcrumb","itemListElement":[{"@type":"ListItem","position":1,"name":"In\u00edcio","item":"https:\/\/diariodepe.com.br\/cri\/"},{"@type":"ListItem","position":2,"name":"\u201cEstamos com a China pelo bem-estar do povo e pelos interesses econ\u00f4micos do pa\u00eds\u201d, disse primeiro-ministro malaio"}]},{"@type":"WebSite","@id":"https:\/\/diariodepe.com.br\/cri\/#website","url":"https:\/\/diariodepe.com.br\/cri\/","name":"CRI e Diario de Pernambuco","description":"R\u00e1dio Internacional da China","publisher":{"@id":"https:\/\/diariodepe.com.br\/cri\/#organization"},"potentialAction":[{"@type":"SearchAction","target":{"@type":"EntryPoint","urlTemplate":"https:\/\/diariodepe.com.br\/cri\/?s={search_term_string}"},"query-input":{"@type":"PropertyValueSpecification","valueRequired":true,"valueName":"search_term_string"}}],"inLanguage":"pt-BR"},{"@type":"Organization","@id":"https:\/\/diariodepe.com.br\/cri\/#organization","name":"CRI e Diario de Pernambuco","url":"https:\/\/diariodepe.com.br\/cri\/","logo":{"@type":"ImageObject","inLanguage":"pt-BR","@id":"https:\/\/diariodepe.com.br\/cri\/#\/schema\/logo\/image\/","url":"https:\/\/diariodepe.com.br\/cri\/wp-content\/uploads\/sites\/2\/2022\/12\/cropped-Logo.jpg","contentUrl":"https:\/\/diariodepe.com.br\/cri\/wp-content\/uploads\/sites\/2\/2022\/12\/cropped-Logo.jpg","width":700,"height":59,"caption":"CRI e Diario de Pernambuco"},"image":{"@id":"https:\/\/diariodepe.com.br\/cri\/#\/schema\/logo\/image\/"}},{"@type":"Person","@id":"https:\/\/diariodepe.com.br\/cri\/#\/schema\/person\/121bb28d84f1a5b1205ef4ce9c2e0c6b","name":"Ismael Lucas S. Pereira","image":{"@type":"ImageObject","inLanguage":"pt-BR","@id":"https:\/\/secure.gravatar.com\/avatar\/887a0f3b5a7ceea963a48499fb883ffce6b5037362def025c52c2505b15d63e4?s=96&d=mm&r=g","url":"https:\/\/secure.gravatar.com\/avatar\/887a0f3b5a7ceea963a48499fb883ffce6b5037362def025c52c2505b15d63e4?s=96&d=mm&r=g","contentUrl":"https:\/\/secure.gravatar.com\/avatar\/887a0f3b5a7ceea963a48499fb883ffce6b5037362def025c52c2505b15d63e4?s=96&d=mm&r=g","caption":"Ismael Lucas S. Pereira"},"url":"https:\/\/diariodepe.com.br\/cri\/author\/ismael-lucas\/"}]}},"cc_featured_image_caption":{"caption_text":false,"source_text":false,"source_url":false},"amp_enabled":true,"_links":{"self":[{"href":"https:\/\/diariodepe.com.br\/cri\/wp-json\/wp\/v2\/posts\/8345","targetHints":{"allow":["GET"]}}],"collection":[{"href":"https:\/\/diariodepe.com.br\/cri\/wp-json\/wp\/v2\/posts"}],"about":[{"href":"https:\/\/diariodepe.com.br\/cri\/wp-json\/wp\/v2\/types\/post"}],"author":[{"embeddable":true,"href":"https:\/\/diariodepe.com.br\/cri\/wp-json\/wp\/v2\/users\/2"}],"replies":[{"embeddable":true,"href":"https:\/\/diariodepe.com.br\/cri\/wp-json\/wp\/v2\/comments?post=8345"}],"version-history":[{"count":1,"href":"https:\/\/diariodepe.com.br\/cri\/wp-json\/wp\/v2\/posts\/8345\/revisions"}],"predecessor-version":[{"id":8346,"href":"https:\/\/diariodepe.com.br\/cri\/wp-json\/wp\/v2\/posts\/8345\/revisions\/8346"}],"wp:attachment":[{"href":"https:\/\/diariodepe.com.br\/cri\/wp-json\/wp\/v2\/media?parent=8345"}],"wp:term":[{"taxonomy":"category","embeddable":true,"href":"https:\/\/diariodepe.com.br\/cri\/wp-json\/wp\/v2\/categories?post=8345"},{"taxonomy":"post_tag","embeddable":true,"href":"https:\/\/diariodepe.com.br\/cri\/wp-json\/wp\/v2\/tags?post=8345"}],"curies":[{"name":"wp","href":"https:\/\/api.w.org\/{rel}","templated":true}]}}