{"id":8337,"date":"2025-05-21T00:21:17","date_gmt":"2025-05-21T03:21:17","guid":{"rendered":"https:\/\/diariodepe.com.br\/cri\/?p=8337"},"modified":"2025-05-21T00:21:17","modified_gmt":"2025-05-21T03:21:17","slug":"os-novos-50-anos-dourados-da-china-e-da-malasia-serao-ainda-melhores","status":"publish","type":"post","link":"https:\/\/diariodepe.com.br\/cri\/2025\/05\/21\/os-novos-50-anos-dourados-da-china-e-da-malasia-serao-ainda-melhores\/","title":{"rendered":"Os novos \u201c50 anos dourados\u201d da China e da Mal\u00e1sia ser\u00e3o ainda melhores"},"content":{"rendered":"<p>Em 2023, China e Mal\u00e1sia\u00a0celebraram juntos o 50\u00ba anivers\u00e1rio do estabelecimento das rela\u00e7\u00f5es diplom\u00e1ticas e anunciaram a constru\u00e7\u00e3o de uma\u00a0comunidade de futuro compartilhado. Ap\u00f3s dois anos, os la\u00e7os bilaterais foram elevados a um novo patamar. Durante a visita do presidente chin\u00eas, Xi Jinping, \u00e0 Mal\u00e1sia entre os dias 15 e 17 deste m\u00eas, os dois lados concordaram em construir uma comunidade de futuro compartilhado de alto n\u00edvel com car\u00e1ter estrat\u00e9gico China-Mal\u00e1sia, e criar os novos \u201c50 anos dourados\u201d para suas rela\u00e7\u00f5es.<\/p>\n<p>&nbsp;<\/p>\n<p><img decoding=\"async\" src=\"https:\/\/38picres.cgtn.com\/photoAlbum\/page\/performance\/img\/2025\/4\/17\/1744889113812_255.png\" width=\"100%\" height=\"auto\" \/><\/p>\n<p>Durante a visita, Xi Jinping elaborou tr\u00eas propostas para essa constru\u00e7\u00e3o, ressaltando \u201ca independ\u00eancia estrat\u00e9gica e a coopera\u00e7\u00e3o estrat\u00e9gica de alto n\u00edvel\u201d, \u201cos esfor\u00e7os para o desenvolvimento e a cria\u00e7\u00e3o de uma refer\u00eancia para a coopera\u00e7\u00e3o de qualidade\u201d, e \u201ca amizade de gera\u00e7\u00e3o em gera\u00e7\u00e3o e o aprofundamento dos interc\u00e2mbios e o aprendizado m\u00fatuo entre civiliza\u00e7\u00f5es\u201d. Segundo os analistas, a sugest\u00f5es do presidente Xi Jinping indicam\u00a0o rumo para a ascens\u00e3o das rela\u00e7\u00f5es China-Mal\u00e1sia nas dimens\u00f5es de seguran\u00e7a pol\u00edtica, coopera\u00e7\u00e3o pragm\u00e1tica e interc\u00e2mbios culturais.<\/p>\n<p>&nbsp;<\/p>\n<p>Da perspectiva estrat\u00e9gica, os consensos alcan\u00e7ados pelos l\u00edderes dos dois pa\u00edses n\u00e3o apenas se baseiam\u00a0em quest\u00f5es bilaterais, tendo importante significado pr\u00e1tico. Por um lado, os dois lados reafirmaram seu firme apoio m\u00fatuo em quest\u00f5es relativas aos interesses essenciais e \u00e0s principais preocupa\u00e7\u00f5es de cada um. O lado chin\u00eas destacou que a China e a Mal\u00e1sia devem continuar trabalhando para seguir o caminho de desenvolvimento adaptado\u00a0\u00e0s realidades nacionais, e \u201cagarrar firmemente o futuro e o destino com suas pr\u00f3prias m\u00e3os\u201d. O lado malaio declarou que, n\u00e3o importa como a situa\u00e7\u00e3o internacional mude, trabalhar\u00e1 com a China para promover a constru\u00e7\u00e3o da comunidade estrat\u00e9gica de alto n\u00edvel de futuro compartilhado.<\/p>\n<p>&nbsp;<\/p>\n<p><img decoding=\"async\" src=\"https:\/\/38picres.cgtn.com\/photoAlbum\/page\/performance\/img\/2025\/4\/17\/1744889121707_629.png\" width=\"100%\" height=\"auto\" \/><\/p>\n<p>Por outro lado, tanto a China quanto a Mal\u00e1sia defendem o fortalecimento da unidade e da coopera\u00e7\u00e3o para lidar com riscos e desafios e se comprometem a manter conjuntamente o sistema multilateral\u00a0de com\u00e9rcio. Como presidente rotativa da ASEAN, a Mal\u00e1sia tamb\u00e9m deixou claro que\u00a0o bloco\u00a0n\u00e3o concordaria com nenhuma imposi\u00e7\u00e3o unilateral de tarifas, o que envia um sinal n\u00edtido ao mundo de \u201cresistir conjuntamente \u00e0 geopol\u00edtica e ao confronto entre campos, e romper a contracorrente do unilateralismo e do protecionismo\u201d.<\/p>\n<p>&nbsp;<\/p>\n<p>Ao longo da hist\u00f3ria, h\u00e1 in\u00fameros epis\u00f3dios de interc\u00e2mbios culturais entre a China e a Mal\u00e1sia. Das sete viagens mar\u00edtimas de Zheng He e suas cinco visitas a Malaca at\u00e9 a \u201cida ao Sudeste Asi\u00e1tico\u201d dos chineses nos\u00a0tempos\u00a0modernos, tudo isso testemunhou a amizade de gera\u00e7\u00e3o em gera\u00e7\u00e3o entre os dois lados. Como dar ainda um \u00edmpeto a \u201ceste navio de amizade que navega pelo longo rio da hist\u00f3ria\u201d? Os dois l\u00edderes compartilham de muitos entendimentos. Entre eles, destaca-se\u00a0a iniciativa do \u201cdi\u00e1logo de civiliza\u00e7\u00f5es confucionista e Isl\u00e2mica\u201d. No contexto dos atuais conflitos globais e das crescentes divis\u00f5es entre civiliza\u00e7\u00f5es, esse consenso entre a China e a Mal\u00e1sia serviu de exemplo para o mundo inteiro e promover\u00e1 o aprendizado m\u00fatuo e o desenvolvimento comum entre as civiliza\u00e7\u00f5es chinesa e isl\u00e2mica. Al\u00e9m disso, os dois pa\u00edses tamb\u00e9m aproveitaram a \u00a0assinatura do acordo de isen\u00e7\u00e3o de visto para aprofundar a coopera\u00e7\u00e3o nas \u00e1reas de turismo, cultura e educa\u00e7\u00e3o, de modo a consolidar a base s\u00f3lida de opini\u00e3o p\u00fablica para a constru\u00e7\u00e3o dos novos \u201c50 anos dourados\u201d.<\/p>\n","protected":false},"excerpt":{"rendered":"<p>Em 2023, China e Mal\u00e1sia\u00a0celebraram juntos o 50\u00ba anivers\u00e1rio do estabelecimento das rela\u00e7\u00f5es diplom\u00e1ticas e anunciaram a constru\u00e7\u00e3o de uma\u00a0comunidade de futuro compartilhado. Ap\u00f3s dois anos, os la\u00e7os bilaterais foram elevados a um novo patamar. Durante a visita do presidente&#8230;<\/p>\n","protected":false},"author":2,"featured_media":0,"comment_status":"open","ping_status":"open","sticky":false,"template":"","format":"standard","meta":{"footnotes":""},"categories":[8],"tags":[],"class_list":["post-8337","post","type-post","status-publish","format-standard","hentry","category-internacional"],"yoast_head":"<!-- This site is optimized with the Yoast SEO plugin v27.4 - https:\/\/yoast.com\/product\/yoast-seo-wordpress\/ -->\n<title>Os novos \u201c50 anos dourados\u201d da China e da Mal\u00e1sia ser\u00e3o ainda melhores - CRI e Diario de Pernambuco<\/title>\n<meta name=\"robots\" content=\"index, follow, max-snippet:-1, max-image-preview:large, max-video-preview:-1\" \/>\n<link rel=\"canonical\" href=\"https:\/\/diariodepe.com.br\/cri\/2025\/05\/21\/os-novos-50-anos-dourados-da-china-e-da-malasia-serao-ainda-melhores\/\" \/>\n<meta property=\"og:locale\" content=\"pt_BR\" \/>\n<meta property=\"og:type\" content=\"article\" \/>\n<meta property=\"og:title\" content=\"Os novos \u201c50 anos dourados\u201d da China e da Mal\u00e1sia ser\u00e3o ainda melhores - CRI e Diario de Pernambuco\" \/>\n<meta property=\"og:description\" content=\"Em 2023, China e Mal\u00e1sia\u00a0celebraram juntos o 50\u00ba anivers\u00e1rio do estabelecimento das rela\u00e7\u00f5es diplom\u00e1ticas e anunciaram a constru\u00e7\u00e3o de uma\u00a0comunidade de futuro compartilhado. Ap\u00f3s dois anos, os la\u00e7os bilaterais foram elevados a um novo patamar. Durante a visita do presidente...\" \/>\n<meta property=\"og:url\" content=\"https:\/\/diariodepe.com.br\/cri\/2025\/05\/21\/os-novos-50-anos-dourados-da-china-e-da-malasia-serao-ainda-melhores\/\" \/>\n<meta property=\"og:site_name\" content=\"CRI e Diario de Pernambuco\" \/>\n<meta property=\"article:published_time\" content=\"2025-05-21T03:21:17+00:00\" \/>\n<meta property=\"og:image\" content=\"https:\/\/38picres.cgtn.com\/photoAlbum\/page\/performance\/img\/2025\/4\/17\/1744889113812_255.png\" \/>\n<meta name=\"author\" content=\"Ismael Lucas S. Pereira\" \/>\n<meta name=\"twitter:card\" content=\"summary_large_image\" \/>\n<meta name=\"twitter:label1\" content=\"Escrito por\" \/>\n\t<meta name=\"twitter:data1\" content=\"Ismael Lucas S. Pereira\" \/>\n\t<meta name=\"twitter:label2\" content=\"Est. tempo de leitura\" \/>\n\t<meta name=\"twitter:data2\" content=\"4 minutos\" \/>\n<script type=\"application\/ld+json\" class=\"yoast-schema-graph\">{\"@context\":\"https:\\\/\\\/schema.org\",\"@graph\":[{\"@type\":\"Article\",\"@id\":\"https:\\\/\\\/diariodepe.com.br\\\/cri\\\/2025\\\/05\\\/21\\\/os-novos-50-anos-dourados-da-china-e-da-malasia-serao-ainda-melhores\\\/#article\",\"isPartOf\":{\"@id\":\"https:\\\/\\\/diariodepe.com.br\\\/cri\\\/2025\\\/05\\\/21\\\/os-novos-50-anos-dourados-da-china-e-da-malasia-serao-ainda-melhores\\\/\"},\"author\":{\"name\":\"Ismael Lucas S. Pereira\",\"@id\":\"https:\\\/\\\/diariodepe.com.br\\\/cri\\\/#\\\/schema\\\/person\\\/121bb28d84f1a5b1205ef4ce9c2e0c6b\"},\"headline\":\"Os novos \u201c50 anos dourados\u201d da China e da Mal\u00e1sia ser\u00e3o ainda melhores\",\"datePublished\":\"2025-05-21T03:21:17+00:00\",\"mainEntityOfPage\":{\"@id\":\"https:\\\/\\\/diariodepe.com.br\\\/cri\\\/2025\\\/05\\\/21\\\/os-novos-50-anos-dourados-da-china-e-da-malasia-serao-ainda-melhores\\\/\"},\"wordCount\":643,\"commentCount\":0,\"publisher\":{\"@id\":\"https:\\\/\\\/diariodepe.com.br\\\/cri\\\/#organization\"},\"image\":{\"@id\":\"https:\\\/\\\/diariodepe.com.br\\\/cri\\\/2025\\\/05\\\/21\\\/os-novos-50-anos-dourados-da-china-e-da-malasia-serao-ainda-melhores\\\/#primaryimage\"},\"thumbnailUrl\":\"https:\\\/\\\/38picres.cgtn.com\\\/photoAlbum\\\/page\\\/performance\\\/img\\\/2025\\\/4\\\/17\\\/1744889113812_255.png\",\"articleSection\":[\"Internacional\"],\"inLanguage\":\"pt-BR\",\"potentialAction\":[{\"@type\":\"CommentAction\",\"name\":\"Comment\",\"target\":[\"https:\\\/\\\/diariodepe.com.br\\\/cri\\\/2025\\\/05\\\/21\\\/os-novos-50-anos-dourados-da-china-e-da-malasia-serao-ainda-melhores\\\/#respond\"]}]},{\"@type\":\"WebPage\",\"@id\":\"https:\\\/\\\/diariodepe.com.br\\\/cri\\\/2025\\\/05\\\/21\\\/os-novos-50-anos-dourados-da-china-e-da-malasia-serao-ainda-melhores\\\/\",\"url\":\"https:\\\/\\\/diariodepe.com.br\\\/cri\\\/2025\\\/05\\\/21\\\/os-novos-50-anos-dourados-da-china-e-da-malasia-serao-ainda-melhores\\\/\",\"name\":\"Os novos \u201c50 anos dourados\u201d da China e da Mal\u00e1sia ser\u00e3o ainda melhores - CRI e Diario de Pernambuco\",\"isPartOf\":{\"@id\":\"https:\\\/\\\/diariodepe.com.br\\\/cri\\\/#website\"},\"primaryImageOfPage\":{\"@id\":\"https:\\\/\\\/diariodepe.com.br\\\/cri\\\/2025\\\/05\\\/21\\\/os-novos-50-anos-dourados-da-china-e-da-malasia-serao-ainda-melhores\\\/#primaryimage\"},\"image\":{\"@id\":\"https:\\\/\\\/diariodepe.com.br\\\/cri\\\/2025\\\/05\\\/21\\\/os-novos-50-anos-dourados-da-china-e-da-malasia-serao-ainda-melhores\\\/#primaryimage\"},\"thumbnailUrl\":\"https:\\\/\\\/38picres.cgtn.com\\\/photoAlbum\\\/page\\\/performance\\\/img\\\/2025\\\/4\\\/17\\\/1744889113812_255.png\",\"datePublished\":\"2025-05-21T03:21:17+00:00\",\"breadcrumb\":{\"@id\":\"https:\\\/\\\/diariodepe.com.br\\\/cri\\\/2025\\\/05\\\/21\\\/os-novos-50-anos-dourados-da-china-e-da-malasia-serao-ainda-melhores\\\/#breadcrumb\"},\"inLanguage\":\"pt-BR\",\"potentialAction\":[{\"@type\":\"ReadAction\",\"target\":[\"https:\\\/\\\/diariodepe.com.br\\\/cri\\\/2025\\\/05\\\/21\\\/os-novos-50-anos-dourados-da-china-e-da-malasia-serao-ainda-melhores\\\/\"]}]},{\"@type\":\"ImageObject\",\"inLanguage\":\"pt-BR\",\"@id\":\"https:\\\/\\\/diariodepe.com.br\\\/cri\\\/2025\\\/05\\\/21\\\/os-novos-50-anos-dourados-da-china-e-da-malasia-serao-ainda-melhores\\\/#primaryimage\",\"url\":\"https:\\\/\\\/38picres.cgtn.com\\\/photoAlbum\\\/page\\\/performance\\\/img\\\/2025\\\/4\\\/17\\\/1744889113812_255.png\",\"contentUrl\":\"https:\\\/\\\/38picres.cgtn.com\\\/photoAlbum\\\/page\\\/performance\\\/img\\\/2025\\\/4\\\/17\\\/1744889113812_255.png\"},{\"@type\":\"BreadcrumbList\",\"@id\":\"https:\\\/\\\/diariodepe.com.br\\\/cri\\\/2025\\\/05\\\/21\\\/os-novos-50-anos-dourados-da-china-e-da-malasia-serao-ainda-melhores\\\/#breadcrumb\",\"itemListElement\":[{\"@type\":\"ListItem\",\"position\":1,\"name\":\"In\u00edcio\",\"item\":\"https:\\\/\\\/diariodepe.com.br\\\/cri\\\/\"},{\"@type\":\"ListItem\",\"position\":2,\"name\":\"Os novos \u201c50 anos dourados\u201d da China e da Mal\u00e1sia ser\u00e3o ainda melhores\"}]},{\"@type\":\"WebSite\",\"@id\":\"https:\\\/\\\/diariodepe.com.br\\\/cri\\\/#website\",\"url\":\"https:\\\/\\\/diariodepe.com.br\\\/cri\\\/\",\"name\":\"CRI e Diario de Pernambuco\",\"description\":\"R\u00e1dio Internacional da China\",\"publisher\":{\"@id\":\"https:\\\/\\\/diariodepe.com.br\\\/cri\\\/#organization\"},\"potentialAction\":[{\"@type\":\"SearchAction\",\"target\":{\"@type\":\"EntryPoint\",\"urlTemplate\":\"https:\\\/\\\/diariodepe.com.br\\\/cri\\\/?s={search_term_string}\"},\"query-input\":{\"@type\":\"PropertyValueSpecification\",\"valueRequired\":true,\"valueName\":\"search_term_string\"}}],\"inLanguage\":\"pt-BR\"},{\"@type\":\"Organization\",\"@id\":\"https:\\\/\\\/diariodepe.com.br\\\/cri\\\/#organization\",\"name\":\"CRI e Diario de Pernambuco\",\"url\":\"https:\\\/\\\/diariodepe.com.br\\\/cri\\\/\",\"logo\":{\"@type\":\"ImageObject\",\"inLanguage\":\"pt-BR\",\"@id\":\"https:\\\/\\\/diariodepe.com.br\\\/cri\\\/#\\\/schema\\\/logo\\\/image\\\/\",\"url\":\"https:\\\/\\\/diariodepe.com.br\\\/cri\\\/wp-content\\\/uploads\\\/sites\\\/2\\\/2022\\\/12\\\/cropped-Logo.jpg\",\"contentUrl\":\"https:\\\/\\\/diariodepe.com.br\\\/cri\\\/wp-content\\\/uploads\\\/sites\\\/2\\\/2022\\\/12\\\/cropped-Logo.jpg\",\"width\":700,\"height\":59,\"caption\":\"CRI e Diario de Pernambuco\"},\"image\":{\"@id\":\"https:\\\/\\\/diariodepe.com.br\\\/cri\\\/#\\\/schema\\\/logo\\\/image\\\/\"}},{\"@type\":\"Person\",\"@id\":\"https:\\\/\\\/diariodepe.com.br\\\/cri\\\/#\\\/schema\\\/person\\\/121bb28d84f1a5b1205ef4ce9c2e0c6b\",\"name\":\"Ismael Lucas S. Pereira\",\"image\":{\"@type\":\"ImageObject\",\"inLanguage\":\"pt-BR\",\"@id\":\"https:\\\/\\\/secure.gravatar.com\\\/avatar\\\/887a0f3b5a7ceea963a48499fb883ffce6b5037362def025c52c2505b15d63e4?s=96&d=mm&r=g\",\"url\":\"https:\\\/\\\/secure.gravatar.com\\\/avatar\\\/887a0f3b5a7ceea963a48499fb883ffce6b5037362def025c52c2505b15d63e4?s=96&d=mm&r=g\",\"contentUrl\":\"https:\\\/\\\/secure.gravatar.com\\\/avatar\\\/887a0f3b5a7ceea963a48499fb883ffce6b5037362def025c52c2505b15d63e4?s=96&d=mm&r=g\",\"caption\":\"Ismael Lucas S. Pereira\"},\"url\":\"https:\\\/\\\/diariodepe.com.br\\\/cri\\\/author\\\/ismael-lucas\\\/\"}]}<\/script>\n<!-- \/ Yoast SEO plugin. -->","yoast_head_json":{"title":"Os novos \u201c50 anos dourados\u201d da China e da Mal\u00e1sia ser\u00e3o ainda melhores - CRI e Diario de Pernambuco","robots":{"index":"index","follow":"follow","max-snippet":"max-snippet:-1","max-image-preview":"max-image-preview:large","max-video-preview":"max-video-preview:-1"},"canonical":"https:\/\/diariodepe.com.br\/cri\/2025\/05\/21\/os-novos-50-anos-dourados-da-china-e-da-malasia-serao-ainda-melhores\/","og_locale":"pt_BR","og_type":"article","og_title":"Os novos \u201c50 anos dourados\u201d da China e da Mal\u00e1sia ser\u00e3o ainda melhores - CRI e Diario de Pernambuco","og_description":"Em 2023, China e Mal\u00e1sia\u00a0celebraram juntos o 50\u00ba anivers\u00e1rio do estabelecimento das rela\u00e7\u00f5es diplom\u00e1ticas e anunciaram a constru\u00e7\u00e3o de uma\u00a0comunidade de futuro compartilhado. Ap\u00f3s dois anos, os la\u00e7os bilaterais foram elevados a um novo patamar. Durante a visita do presidente...","og_url":"https:\/\/diariodepe.com.br\/cri\/2025\/05\/21\/os-novos-50-anos-dourados-da-china-e-da-malasia-serao-ainda-melhores\/","og_site_name":"CRI e Diario de Pernambuco","article_published_time":"2025-05-21T03:21:17+00:00","og_image":[{"url":"https:\/\/38picres.cgtn.com\/photoAlbum\/page\/performance\/img\/2025\/4\/17\/1744889113812_255.png","type":"","width":"","height":""}],"author":"Ismael Lucas S. Pereira","twitter_card":"summary_large_image","twitter_misc":{"Escrito por":"Ismael Lucas S. Pereira","Est. tempo de leitura":"4 minutos"},"schema":{"@context":"https:\/\/schema.org","@graph":[{"@type":"Article","@id":"https:\/\/diariodepe.com.br\/cri\/2025\/05\/21\/os-novos-50-anos-dourados-da-china-e-da-malasia-serao-ainda-melhores\/#article","isPartOf":{"@id":"https:\/\/diariodepe.com.br\/cri\/2025\/05\/21\/os-novos-50-anos-dourados-da-china-e-da-malasia-serao-ainda-melhores\/"},"author":{"name":"Ismael Lucas S. Pereira","@id":"https:\/\/diariodepe.com.br\/cri\/#\/schema\/person\/121bb28d84f1a5b1205ef4ce9c2e0c6b"},"headline":"Os novos \u201c50 anos dourados\u201d da China e da Mal\u00e1sia ser\u00e3o ainda melhores","datePublished":"2025-05-21T03:21:17+00:00","mainEntityOfPage":{"@id":"https:\/\/diariodepe.com.br\/cri\/2025\/05\/21\/os-novos-50-anos-dourados-da-china-e-da-malasia-serao-ainda-melhores\/"},"wordCount":643,"commentCount":0,"publisher":{"@id":"https:\/\/diariodepe.com.br\/cri\/#organization"},"image":{"@id":"https:\/\/diariodepe.com.br\/cri\/2025\/05\/21\/os-novos-50-anos-dourados-da-china-e-da-malasia-serao-ainda-melhores\/#primaryimage"},"thumbnailUrl":"https:\/\/38picres.cgtn.com\/photoAlbum\/page\/performance\/img\/2025\/4\/17\/1744889113812_255.png","articleSection":["Internacional"],"inLanguage":"pt-BR","potentialAction":[{"@type":"CommentAction","name":"Comment","target":["https:\/\/diariodepe.com.br\/cri\/2025\/05\/21\/os-novos-50-anos-dourados-da-china-e-da-malasia-serao-ainda-melhores\/#respond"]}]},{"@type":"WebPage","@id":"https:\/\/diariodepe.com.br\/cri\/2025\/05\/21\/os-novos-50-anos-dourados-da-china-e-da-malasia-serao-ainda-melhores\/","url":"https:\/\/diariodepe.com.br\/cri\/2025\/05\/21\/os-novos-50-anos-dourados-da-china-e-da-malasia-serao-ainda-melhores\/","name":"Os novos \u201c50 anos dourados\u201d da China e da Mal\u00e1sia ser\u00e3o ainda melhores - CRI e Diario de Pernambuco","isPartOf":{"@id":"https:\/\/diariodepe.com.br\/cri\/#website"},"primaryImageOfPage":{"@id":"https:\/\/diariodepe.com.br\/cri\/2025\/05\/21\/os-novos-50-anos-dourados-da-china-e-da-malasia-serao-ainda-melhores\/#primaryimage"},"image":{"@id":"https:\/\/diariodepe.com.br\/cri\/2025\/05\/21\/os-novos-50-anos-dourados-da-china-e-da-malasia-serao-ainda-melhores\/#primaryimage"},"thumbnailUrl":"https:\/\/38picres.cgtn.com\/photoAlbum\/page\/performance\/img\/2025\/4\/17\/1744889113812_255.png","datePublished":"2025-05-21T03:21:17+00:00","breadcrumb":{"@id":"https:\/\/diariodepe.com.br\/cri\/2025\/05\/21\/os-novos-50-anos-dourados-da-china-e-da-malasia-serao-ainda-melhores\/#breadcrumb"},"inLanguage":"pt-BR","potentialAction":[{"@type":"ReadAction","target":["https:\/\/diariodepe.com.br\/cri\/2025\/05\/21\/os-novos-50-anos-dourados-da-china-e-da-malasia-serao-ainda-melhores\/"]}]},{"@type":"ImageObject","inLanguage":"pt-BR","@id":"https:\/\/diariodepe.com.br\/cri\/2025\/05\/21\/os-novos-50-anos-dourados-da-china-e-da-malasia-serao-ainda-melhores\/#primaryimage","url":"https:\/\/38picres.cgtn.com\/photoAlbum\/page\/performance\/img\/2025\/4\/17\/1744889113812_255.png","contentUrl":"https:\/\/38picres.cgtn.com\/photoAlbum\/page\/performance\/img\/2025\/4\/17\/1744889113812_255.png"},{"@type":"BreadcrumbList","@id":"https:\/\/diariodepe.com.br\/cri\/2025\/05\/21\/os-novos-50-anos-dourados-da-china-e-da-malasia-serao-ainda-melhores\/#breadcrumb","itemListElement":[{"@type":"ListItem","position":1,"name":"In\u00edcio","item":"https:\/\/diariodepe.com.br\/cri\/"},{"@type":"ListItem","position":2,"name":"Os novos \u201c50 anos dourados\u201d da China e da Mal\u00e1sia ser\u00e3o ainda melhores"}]},{"@type":"WebSite","@id":"https:\/\/diariodepe.com.br\/cri\/#website","url":"https:\/\/diariodepe.com.br\/cri\/","name":"CRI e Diario de Pernambuco","description":"R\u00e1dio Internacional da China","publisher":{"@id":"https:\/\/diariodepe.com.br\/cri\/#organization"},"potentialAction":[{"@type":"SearchAction","target":{"@type":"EntryPoint","urlTemplate":"https:\/\/diariodepe.com.br\/cri\/?s={search_term_string}"},"query-input":{"@type":"PropertyValueSpecification","valueRequired":true,"valueName":"search_term_string"}}],"inLanguage":"pt-BR"},{"@type":"Organization","@id":"https:\/\/diariodepe.com.br\/cri\/#organization","name":"CRI e Diario de Pernambuco","url":"https:\/\/diariodepe.com.br\/cri\/","logo":{"@type":"ImageObject","inLanguage":"pt-BR","@id":"https:\/\/diariodepe.com.br\/cri\/#\/schema\/logo\/image\/","url":"https:\/\/diariodepe.com.br\/cri\/wp-content\/uploads\/sites\/2\/2022\/12\/cropped-Logo.jpg","contentUrl":"https:\/\/diariodepe.com.br\/cri\/wp-content\/uploads\/sites\/2\/2022\/12\/cropped-Logo.jpg","width":700,"height":59,"caption":"CRI e Diario de Pernambuco"},"image":{"@id":"https:\/\/diariodepe.com.br\/cri\/#\/schema\/logo\/image\/"}},{"@type":"Person","@id":"https:\/\/diariodepe.com.br\/cri\/#\/schema\/person\/121bb28d84f1a5b1205ef4ce9c2e0c6b","name":"Ismael Lucas S. Pereira","image":{"@type":"ImageObject","inLanguage":"pt-BR","@id":"https:\/\/secure.gravatar.com\/avatar\/887a0f3b5a7ceea963a48499fb883ffce6b5037362def025c52c2505b15d63e4?s=96&d=mm&r=g","url":"https:\/\/secure.gravatar.com\/avatar\/887a0f3b5a7ceea963a48499fb883ffce6b5037362def025c52c2505b15d63e4?s=96&d=mm&r=g","contentUrl":"https:\/\/secure.gravatar.com\/avatar\/887a0f3b5a7ceea963a48499fb883ffce6b5037362def025c52c2505b15d63e4?s=96&d=mm&r=g","caption":"Ismael Lucas S. Pereira"},"url":"https:\/\/diariodepe.com.br\/cri\/author\/ismael-lucas\/"}]}},"cc_featured_image_caption":{"caption_text":false,"source_text":false,"source_url":false},"amp_enabled":true,"_links":{"self":[{"href":"https:\/\/diariodepe.com.br\/cri\/wp-json\/wp\/v2\/posts\/8337","targetHints":{"allow":["GET"]}}],"collection":[{"href":"https:\/\/diariodepe.com.br\/cri\/wp-json\/wp\/v2\/posts"}],"about":[{"href":"https:\/\/diariodepe.com.br\/cri\/wp-json\/wp\/v2\/types\/post"}],"author":[{"embeddable":true,"href":"https:\/\/diariodepe.com.br\/cri\/wp-json\/wp\/v2\/users\/2"}],"replies":[{"embeddable":true,"href":"https:\/\/diariodepe.com.br\/cri\/wp-json\/wp\/v2\/comments?post=8337"}],"version-history":[{"count":1,"href":"https:\/\/diariodepe.com.br\/cri\/wp-json\/wp\/v2\/posts\/8337\/revisions"}],"predecessor-version":[{"id":8338,"href":"https:\/\/diariodepe.com.br\/cri\/wp-json\/wp\/v2\/posts\/8337\/revisions\/8338"}],"wp:attachment":[{"href":"https:\/\/diariodepe.com.br\/cri\/wp-json\/wp\/v2\/media?parent=8337"}],"wp:term":[{"taxonomy":"category","embeddable":true,"href":"https:\/\/diariodepe.com.br\/cri\/wp-json\/wp\/v2\/categories?post=8337"},{"taxonomy":"post_tag","embeddable":true,"href":"https:\/\/diariodepe.com.br\/cri\/wp-json\/wp\/v2\/tags?post=8337"}],"curies":[{"name":"wp","href":"https:\/\/api.w.org\/{rel}","templated":true}]}}