{"id":8335,"date":"2025-05-21T00:20:44","date_gmt":"2025-05-21T03:20:44","guid":{"rendered":"https:\/\/diariodepe.com.br\/cri\/?p=8335"},"modified":"2025-05-21T00:20:44","modified_gmt":"2025-05-21T03:20:44","slug":"xi-jinping-inicia-visita-de-estado-ao-camboja","status":"publish","type":"post","link":"https:\/\/diariodepe.com.br\/cri\/2025\/05\/21\/xi-jinping-inicia-visita-de-estado-ao-camboja\/","title":{"rendered":"Xi Jinping inicia visita de Estado ao Camboja"},"content":{"rendered":"<p>O presidente chin\u00eas, Xi Jinping, chegou nesta quinta-feira\u00a0(17)\u00a0a Phnom Penh para uma visita de Estado ao Camboja.\u00a0O\u00a0rei cambojano, Norodom Sihamoni, realizou uma cerim\u00f4nia de boas-vindas no aeroporto.<\/p>\n<p><img decoding=\"async\" src=\"https:\/\/38picres.cgtn.com\/photoAlbum\/page\/performance\/img\/2025\/4\/17\/1744893279989_667.jpg\" width=\"100%\" height=\"auto\" \/><\/p>\n<p>Xi enviou um discurso por escrito\u00a0na qual estendeu seus melhores votos ao governo e ao povo do Camboja por ocasi\u00e3o do tradicional Ano Novo cambojano.<\/p>\n<p>O presidente chin\u00eas\u00a0apontou\u00a0que as rela\u00e7\u00f5es entre China e Camboja\u00a0resistiram \u00e0s prova\u00e7\u00f5es do turbulento cen\u00e1rio internacional, permanecendo s\u00f3lidas como uma rocha. Segundo ele, as duas na\u00e7\u00f5es t\u00eam se apoiado na salvaguarda da estabilidade de seus respectivos pa\u00edses, na promo\u00e7\u00e3o do desenvolvimento e da prosperidade comuns. Al\u00e9m disso, t\u00eam colaborado na luta para defender a equidade e a justi\u00e7a internacionais, estabelecendo um modelo para o estabelecimento de um novo tipo de rela\u00e7\u00f5es internacionais e contribuindo para a constru\u00e7\u00e3o de uma comunidade com futuro compartilhado para a humanidade.<\/p>\n<p>Xi expressou seu entusiasmo em conversar com os l\u00edderes cambojanos sobre os la\u00e7os de amizade e o desenvolvimento comum, com o intuito de enriquecer a estrutura da coopera\u00e7\u00e3o bilateral e aprofundar a coordena\u00e7\u00e3o estrat\u00e9gica, trazer mais benef\u00edcios a ambos os povos e injetar energia positiva para promover a paz e a estabilidade da regi\u00e3o e do mundo.<\/p>\n<p><img decoding=\"async\" src=\"https:\/\/38picres.cgtn.com\/photoAlbum\/page\/performance\/img\/2025\/4\/17\/1744893305301_235.jpg\" width=\"100%\" height=\"auto\" \/><\/p>\n<p><img decoding=\"async\" src=\"https:\/\/38picres.cgtn.com\/photoAlbum\/page\/performance\/img\/2025\/4\/17\/1744893305351_1.jpg\" width=\"100%\" height=\"auto\" \/><\/p>\n<p><img decoding=\"async\" src=\"https:\/\/38picres.cgtn.com\/photoAlbum\/page\/performance\/img\/2025\/4\/17\/1744893305386_770.jpg\" width=\"100%\" height=\"auto\" \/><\/p>\n<p>Em seu percurso de carro do aeroporto at\u00e9 o hotel, Xi foi ovacionado por mais de 20\u00a0mil pessoas segurando\u00a0bandeiras chinesas e cambojanas\u00a0e desejando uma excelente visita de Estado ao l\u00edder chin\u00eas.<\/p>\n","protected":false},"excerpt":{"rendered":"<p>O presidente chin\u00eas, Xi Jinping, chegou nesta quinta-feira\u00a0(17)\u00a0a Phnom Penh para uma visita de Estado ao Camboja.\u00a0O\u00a0rei cambojano, Norodom Sihamoni, realizou uma cerim\u00f4nia de boas-vindas no aeroporto. Xi enviou um discurso por escrito\u00a0na qual estendeu seus melhores votos ao governo&#8230;<\/p>\n","protected":false},"author":2,"featured_media":0,"comment_status":"open","ping_status":"open","sticky":false,"template":"","format":"standard","meta":{"footnotes":""},"categories":[8],"tags":[],"class_list":["post-8335","post","type-post","status-publish","format-standard","hentry","category-internacional"],"yoast_head":"<!-- This site is optimized with the Yoast SEO plugin v27.4 - https:\/\/yoast.com\/product\/yoast-seo-wordpress\/ -->\n<title>Xi Jinping inicia visita de Estado ao Camboja - CRI e Diario de Pernambuco<\/title>\n<meta name=\"robots\" content=\"index, follow, max-snippet:-1, max-image-preview:large, max-video-preview:-1\" \/>\n<link rel=\"canonical\" href=\"https:\/\/diariodepe.com.br\/cri\/2025\/05\/21\/xi-jinping-inicia-visita-de-estado-ao-camboja\/\" \/>\n<meta property=\"og:locale\" content=\"pt_BR\" \/>\n<meta property=\"og:type\" content=\"article\" \/>\n<meta property=\"og:title\" content=\"Xi Jinping inicia visita de Estado ao Camboja - CRI e Diario de Pernambuco\" \/>\n<meta property=\"og:description\" content=\"O presidente chin\u00eas, Xi Jinping, chegou nesta quinta-feira\u00a0(17)\u00a0a Phnom Penh para uma visita de Estado ao Camboja.\u00a0O\u00a0rei cambojano, Norodom Sihamoni, realizou uma cerim\u00f4nia de boas-vindas no aeroporto. Xi enviou um discurso por escrito\u00a0na qual estendeu seus melhores votos ao governo...\" \/>\n<meta property=\"og:url\" content=\"https:\/\/diariodepe.com.br\/cri\/2025\/05\/21\/xi-jinping-inicia-visita-de-estado-ao-camboja\/\" \/>\n<meta property=\"og:site_name\" content=\"CRI e Diario de Pernambuco\" \/>\n<meta property=\"article:published_time\" content=\"2025-05-21T03:20:44+00:00\" \/>\n<meta property=\"og:image\" content=\"https:\/\/38picres.cgtn.com\/photoAlbum\/page\/performance\/img\/2025\/4\/17\/1744893279989_667.jpg\" \/>\n<meta name=\"author\" content=\"Ismael Lucas S. Pereira\" \/>\n<meta name=\"twitter:card\" content=\"summary_large_image\" \/>\n<meta name=\"twitter:label1\" content=\"Escrito por\" \/>\n\t<meta name=\"twitter:data1\" content=\"Ismael Lucas S. Pereira\" \/>\n\t<meta name=\"twitter:label2\" content=\"Est. tempo de leitura\" \/>\n\t<meta name=\"twitter:data2\" content=\"3 minutos\" \/>\n<script type=\"application\/ld+json\" class=\"yoast-schema-graph\">{\"@context\":\"https:\\\/\\\/schema.org\",\"@graph\":[{\"@type\":\"Article\",\"@id\":\"https:\\\/\\\/diariodepe.com.br\\\/cri\\\/2025\\\/05\\\/21\\\/xi-jinping-inicia-visita-de-estado-ao-camboja\\\/#article\",\"isPartOf\":{\"@id\":\"https:\\\/\\\/diariodepe.com.br\\\/cri\\\/2025\\\/05\\\/21\\\/xi-jinping-inicia-visita-de-estado-ao-camboja\\\/\"},\"author\":{\"name\":\"Ismael Lucas S. Pereira\",\"@id\":\"https:\\\/\\\/diariodepe.com.br\\\/cri\\\/#\\\/schema\\\/person\\\/121bb28d84f1a5b1205ef4ce9c2e0c6b\"},\"headline\":\"Xi Jinping inicia visita de Estado ao Camboja\",\"datePublished\":\"2025-05-21T03:20:44+00:00\",\"mainEntityOfPage\":{\"@id\":\"https:\\\/\\\/diariodepe.com.br\\\/cri\\\/2025\\\/05\\\/21\\\/xi-jinping-inicia-visita-de-estado-ao-camboja\\\/\"},\"wordCount\":268,\"commentCount\":0,\"publisher\":{\"@id\":\"https:\\\/\\\/diariodepe.com.br\\\/cri\\\/#organization\"},\"image\":{\"@id\":\"https:\\\/\\\/diariodepe.com.br\\\/cri\\\/2025\\\/05\\\/21\\\/xi-jinping-inicia-visita-de-estado-ao-camboja\\\/#primaryimage\"},\"thumbnailUrl\":\"https:\\\/\\\/38picres.cgtn.com\\\/photoAlbum\\\/page\\\/performance\\\/img\\\/2025\\\/4\\\/17\\\/1744893279989_667.jpg\",\"articleSection\":[\"Internacional\"],\"inLanguage\":\"pt-BR\",\"potentialAction\":[{\"@type\":\"CommentAction\",\"name\":\"Comment\",\"target\":[\"https:\\\/\\\/diariodepe.com.br\\\/cri\\\/2025\\\/05\\\/21\\\/xi-jinping-inicia-visita-de-estado-ao-camboja\\\/#respond\"]}]},{\"@type\":\"WebPage\",\"@id\":\"https:\\\/\\\/diariodepe.com.br\\\/cri\\\/2025\\\/05\\\/21\\\/xi-jinping-inicia-visita-de-estado-ao-camboja\\\/\",\"url\":\"https:\\\/\\\/diariodepe.com.br\\\/cri\\\/2025\\\/05\\\/21\\\/xi-jinping-inicia-visita-de-estado-ao-camboja\\\/\",\"name\":\"Xi Jinping inicia visita de Estado ao Camboja - CRI e Diario de Pernambuco\",\"isPartOf\":{\"@id\":\"https:\\\/\\\/diariodepe.com.br\\\/cri\\\/#website\"},\"primaryImageOfPage\":{\"@id\":\"https:\\\/\\\/diariodepe.com.br\\\/cri\\\/2025\\\/05\\\/21\\\/xi-jinping-inicia-visita-de-estado-ao-camboja\\\/#primaryimage\"},\"image\":{\"@id\":\"https:\\\/\\\/diariodepe.com.br\\\/cri\\\/2025\\\/05\\\/21\\\/xi-jinping-inicia-visita-de-estado-ao-camboja\\\/#primaryimage\"},\"thumbnailUrl\":\"https:\\\/\\\/38picres.cgtn.com\\\/photoAlbum\\\/page\\\/performance\\\/img\\\/2025\\\/4\\\/17\\\/1744893279989_667.jpg\",\"datePublished\":\"2025-05-21T03:20:44+00:00\",\"breadcrumb\":{\"@id\":\"https:\\\/\\\/diariodepe.com.br\\\/cri\\\/2025\\\/05\\\/21\\\/xi-jinping-inicia-visita-de-estado-ao-camboja\\\/#breadcrumb\"},\"inLanguage\":\"pt-BR\",\"potentialAction\":[{\"@type\":\"ReadAction\",\"target\":[\"https:\\\/\\\/diariodepe.com.br\\\/cri\\\/2025\\\/05\\\/21\\\/xi-jinping-inicia-visita-de-estado-ao-camboja\\\/\"]}]},{\"@type\":\"ImageObject\",\"inLanguage\":\"pt-BR\",\"@id\":\"https:\\\/\\\/diariodepe.com.br\\\/cri\\\/2025\\\/05\\\/21\\\/xi-jinping-inicia-visita-de-estado-ao-camboja\\\/#primaryimage\",\"url\":\"https:\\\/\\\/38picres.cgtn.com\\\/photoAlbum\\\/page\\\/performance\\\/img\\\/2025\\\/4\\\/17\\\/1744893279989_667.jpg\",\"contentUrl\":\"https:\\\/\\\/38picres.cgtn.com\\\/photoAlbum\\\/page\\\/performance\\\/img\\\/2025\\\/4\\\/17\\\/1744893279989_667.jpg\"},{\"@type\":\"BreadcrumbList\",\"@id\":\"https:\\\/\\\/diariodepe.com.br\\\/cri\\\/2025\\\/05\\\/21\\\/xi-jinping-inicia-visita-de-estado-ao-camboja\\\/#breadcrumb\",\"itemListElement\":[{\"@type\":\"ListItem\",\"position\":1,\"name\":\"In\u00edcio\",\"item\":\"https:\\\/\\\/diariodepe.com.br\\\/cri\\\/\"},{\"@type\":\"ListItem\",\"position\":2,\"name\":\"Xi Jinping inicia visita de Estado ao Camboja\"}]},{\"@type\":\"WebSite\",\"@id\":\"https:\\\/\\\/diariodepe.com.br\\\/cri\\\/#website\",\"url\":\"https:\\\/\\\/diariodepe.com.br\\\/cri\\\/\",\"name\":\"CRI e Diario de Pernambuco\",\"description\":\"R\u00e1dio Internacional da China\",\"publisher\":{\"@id\":\"https:\\\/\\\/diariodepe.com.br\\\/cri\\\/#organization\"},\"potentialAction\":[{\"@type\":\"SearchAction\",\"target\":{\"@type\":\"EntryPoint\",\"urlTemplate\":\"https:\\\/\\\/diariodepe.com.br\\\/cri\\\/?s={search_term_string}\"},\"query-input\":{\"@type\":\"PropertyValueSpecification\",\"valueRequired\":true,\"valueName\":\"search_term_string\"}}],\"inLanguage\":\"pt-BR\"},{\"@type\":\"Organization\",\"@id\":\"https:\\\/\\\/diariodepe.com.br\\\/cri\\\/#organization\",\"name\":\"CRI e Diario de Pernambuco\",\"url\":\"https:\\\/\\\/diariodepe.com.br\\\/cri\\\/\",\"logo\":{\"@type\":\"ImageObject\",\"inLanguage\":\"pt-BR\",\"@id\":\"https:\\\/\\\/diariodepe.com.br\\\/cri\\\/#\\\/schema\\\/logo\\\/image\\\/\",\"url\":\"https:\\\/\\\/diariodepe.com.br\\\/cri\\\/wp-content\\\/uploads\\\/sites\\\/2\\\/2022\\\/12\\\/cropped-Logo.jpg\",\"contentUrl\":\"https:\\\/\\\/diariodepe.com.br\\\/cri\\\/wp-content\\\/uploads\\\/sites\\\/2\\\/2022\\\/12\\\/cropped-Logo.jpg\",\"width\":700,\"height\":59,\"caption\":\"CRI e Diario de Pernambuco\"},\"image\":{\"@id\":\"https:\\\/\\\/diariodepe.com.br\\\/cri\\\/#\\\/schema\\\/logo\\\/image\\\/\"}},{\"@type\":\"Person\",\"@id\":\"https:\\\/\\\/diariodepe.com.br\\\/cri\\\/#\\\/schema\\\/person\\\/121bb28d84f1a5b1205ef4ce9c2e0c6b\",\"name\":\"Ismael Lucas S. Pereira\",\"image\":{\"@type\":\"ImageObject\",\"inLanguage\":\"pt-BR\",\"@id\":\"https:\\\/\\\/secure.gravatar.com\\\/avatar\\\/887a0f3b5a7ceea963a48499fb883ffce6b5037362def025c52c2505b15d63e4?s=96&d=mm&r=g\",\"url\":\"https:\\\/\\\/secure.gravatar.com\\\/avatar\\\/887a0f3b5a7ceea963a48499fb883ffce6b5037362def025c52c2505b15d63e4?s=96&d=mm&r=g\",\"contentUrl\":\"https:\\\/\\\/secure.gravatar.com\\\/avatar\\\/887a0f3b5a7ceea963a48499fb883ffce6b5037362def025c52c2505b15d63e4?s=96&d=mm&r=g\",\"caption\":\"Ismael Lucas S. Pereira\"},\"url\":\"https:\\\/\\\/diariodepe.com.br\\\/cri\\\/author\\\/ismael-lucas\\\/\"}]}<\/script>\n<!-- \/ Yoast SEO plugin. -->","yoast_head_json":{"title":"Xi Jinping inicia visita de Estado ao Camboja - CRI e Diario de Pernambuco","robots":{"index":"index","follow":"follow","max-snippet":"max-snippet:-1","max-image-preview":"max-image-preview:large","max-video-preview":"max-video-preview:-1"},"canonical":"https:\/\/diariodepe.com.br\/cri\/2025\/05\/21\/xi-jinping-inicia-visita-de-estado-ao-camboja\/","og_locale":"pt_BR","og_type":"article","og_title":"Xi Jinping inicia visita de Estado ao Camboja - CRI e Diario de Pernambuco","og_description":"O presidente chin\u00eas, Xi Jinping, chegou nesta quinta-feira\u00a0(17)\u00a0a Phnom Penh para uma visita de Estado ao Camboja.\u00a0O\u00a0rei cambojano, Norodom Sihamoni, realizou uma cerim\u00f4nia de boas-vindas no aeroporto. Xi enviou um discurso por escrito\u00a0na qual estendeu seus melhores votos ao governo...","og_url":"https:\/\/diariodepe.com.br\/cri\/2025\/05\/21\/xi-jinping-inicia-visita-de-estado-ao-camboja\/","og_site_name":"CRI e Diario de Pernambuco","article_published_time":"2025-05-21T03:20:44+00:00","og_image":[{"url":"https:\/\/38picres.cgtn.com\/photoAlbum\/page\/performance\/img\/2025\/4\/17\/1744893279989_667.jpg","type":"","width":"","height":""}],"author":"Ismael Lucas S. Pereira","twitter_card":"summary_large_image","twitter_misc":{"Escrito por":"Ismael Lucas S. Pereira","Est. tempo de leitura":"3 minutos"},"schema":{"@context":"https:\/\/schema.org","@graph":[{"@type":"Article","@id":"https:\/\/diariodepe.com.br\/cri\/2025\/05\/21\/xi-jinping-inicia-visita-de-estado-ao-camboja\/#article","isPartOf":{"@id":"https:\/\/diariodepe.com.br\/cri\/2025\/05\/21\/xi-jinping-inicia-visita-de-estado-ao-camboja\/"},"author":{"name":"Ismael Lucas S. Pereira","@id":"https:\/\/diariodepe.com.br\/cri\/#\/schema\/person\/121bb28d84f1a5b1205ef4ce9c2e0c6b"},"headline":"Xi Jinping inicia visita de Estado ao Camboja","datePublished":"2025-05-21T03:20:44+00:00","mainEntityOfPage":{"@id":"https:\/\/diariodepe.com.br\/cri\/2025\/05\/21\/xi-jinping-inicia-visita-de-estado-ao-camboja\/"},"wordCount":268,"commentCount":0,"publisher":{"@id":"https:\/\/diariodepe.com.br\/cri\/#organization"},"image":{"@id":"https:\/\/diariodepe.com.br\/cri\/2025\/05\/21\/xi-jinping-inicia-visita-de-estado-ao-camboja\/#primaryimage"},"thumbnailUrl":"https:\/\/38picres.cgtn.com\/photoAlbum\/page\/performance\/img\/2025\/4\/17\/1744893279989_667.jpg","articleSection":["Internacional"],"inLanguage":"pt-BR","potentialAction":[{"@type":"CommentAction","name":"Comment","target":["https:\/\/diariodepe.com.br\/cri\/2025\/05\/21\/xi-jinping-inicia-visita-de-estado-ao-camboja\/#respond"]}]},{"@type":"WebPage","@id":"https:\/\/diariodepe.com.br\/cri\/2025\/05\/21\/xi-jinping-inicia-visita-de-estado-ao-camboja\/","url":"https:\/\/diariodepe.com.br\/cri\/2025\/05\/21\/xi-jinping-inicia-visita-de-estado-ao-camboja\/","name":"Xi Jinping inicia visita de Estado ao Camboja - CRI e Diario de Pernambuco","isPartOf":{"@id":"https:\/\/diariodepe.com.br\/cri\/#website"},"primaryImageOfPage":{"@id":"https:\/\/diariodepe.com.br\/cri\/2025\/05\/21\/xi-jinping-inicia-visita-de-estado-ao-camboja\/#primaryimage"},"image":{"@id":"https:\/\/diariodepe.com.br\/cri\/2025\/05\/21\/xi-jinping-inicia-visita-de-estado-ao-camboja\/#primaryimage"},"thumbnailUrl":"https:\/\/38picres.cgtn.com\/photoAlbum\/page\/performance\/img\/2025\/4\/17\/1744893279989_667.jpg","datePublished":"2025-05-21T03:20:44+00:00","breadcrumb":{"@id":"https:\/\/diariodepe.com.br\/cri\/2025\/05\/21\/xi-jinping-inicia-visita-de-estado-ao-camboja\/#breadcrumb"},"inLanguage":"pt-BR","potentialAction":[{"@type":"ReadAction","target":["https:\/\/diariodepe.com.br\/cri\/2025\/05\/21\/xi-jinping-inicia-visita-de-estado-ao-camboja\/"]}]},{"@type":"ImageObject","inLanguage":"pt-BR","@id":"https:\/\/diariodepe.com.br\/cri\/2025\/05\/21\/xi-jinping-inicia-visita-de-estado-ao-camboja\/#primaryimage","url":"https:\/\/38picres.cgtn.com\/photoAlbum\/page\/performance\/img\/2025\/4\/17\/1744893279989_667.jpg","contentUrl":"https:\/\/38picres.cgtn.com\/photoAlbum\/page\/performance\/img\/2025\/4\/17\/1744893279989_667.jpg"},{"@type":"BreadcrumbList","@id":"https:\/\/diariodepe.com.br\/cri\/2025\/05\/21\/xi-jinping-inicia-visita-de-estado-ao-camboja\/#breadcrumb","itemListElement":[{"@type":"ListItem","position":1,"name":"In\u00edcio","item":"https:\/\/diariodepe.com.br\/cri\/"},{"@type":"ListItem","position":2,"name":"Xi Jinping inicia visita de Estado ao Camboja"}]},{"@type":"WebSite","@id":"https:\/\/diariodepe.com.br\/cri\/#website","url":"https:\/\/diariodepe.com.br\/cri\/","name":"CRI e Diario de Pernambuco","description":"R\u00e1dio Internacional da China","publisher":{"@id":"https:\/\/diariodepe.com.br\/cri\/#organization"},"potentialAction":[{"@type":"SearchAction","target":{"@type":"EntryPoint","urlTemplate":"https:\/\/diariodepe.com.br\/cri\/?s={search_term_string}"},"query-input":{"@type":"PropertyValueSpecification","valueRequired":true,"valueName":"search_term_string"}}],"inLanguage":"pt-BR"},{"@type":"Organization","@id":"https:\/\/diariodepe.com.br\/cri\/#organization","name":"CRI e Diario de Pernambuco","url":"https:\/\/diariodepe.com.br\/cri\/","logo":{"@type":"ImageObject","inLanguage":"pt-BR","@id":"https:\/\/diariodepe.com.br\/cri\/#\/schema\/logo\/image\/","url":"https:\/\/diariodepe.com.br\/cri\/wp-content\/uploads\/sites\/2\/2022\/12\/cropped-Logo.jpg","contentUrl":"https:\/\/diariodepe.com.br\/cri\/wp-content\/uploads\/sites\/2\/2022\/12\/cropped-Logo.jpg","width":700,"height":59,"caption":"CRI e Diario de Pernambuco"},"image":{"@id":"https:\/\/diariodepe.com.br\/cri\/#\/schema\/logo\/image\/"}},{"@type":"Person","@id":"https:\/\/diariodepe.com.br\/cri\/#\/schema\/person\/121bb28d84f1a5b1205ef4ce9c2e0c6b","name":"Ismael Lucas S. Pereira","image":{"@type":"ImageObject","inLanguage":"pt-BR","@id":"https:\/\/secure.gravatar.com\/avatar\/887a0f3b5a7ceea963a48499fb883ffce6b5037362def025c52c2505b15d63e4?s=96&d=mm&r=g","url":"https:\/\/secure.gravatar.com\/avatar\/887a0f3b5a7ceea963a48499fb883ffce6b5037362def025c52c2505b15d63e4?s=96&d=mm&r=g","contentUrl":"https:\/\/secure.gravatar.com\/avatar\/887a0f3b5a7ceea963a48499fb883ffce6b5037362def025c52c2505b15d63e4?s=96&d=mm&r=g","caption":"Ismael Lucas S. Pereira"},"url":"https:\/\/diariodepe.com.br\/cri\/author\/ismael-lucas\/"}]}},"cc_featured_image_caption":{"caption_text":false,"source_text":false,"source_url":false},"amp_enabled":true,"_links":{"self":[{"href":"https:\/\/diariodepe.com.br\/cri\/wp-json\/wp\/v2\/posts\/8335","targetHints":{"allow":["GET"]}}],"collection":[{"href":"https:\/\/diariodepe.com.br\/cri\/wp-json\/wp\/v2\/posts"}],"about":[{"href":"https:\/\/diariodepe.com.br\/cri\/wp-json\/wp\/v2\/types\/post"}],"author":[{"embeddable":true,"href":"https:\/\/diariodepe.com.br\/cri\/wp-json\/wp\/v2\/users\/2"}],"replies":[{"embeddable":true,"href":"https:\/\/diariodepe.com.br\/cri\/wp-json\/wp\/v2\/comments?post=8335"}],"version-history":[{"count":1,"href":"https:\/\/diariodepe.com.br\/cri\/wp-json\/wp\/v2\/posts\/8335\/revisions"}],"predecessor-version":[{"id":8336,"href":"https:\/\/diariodepe.com.br\/cri\/wp-json\/wp\/v2\/posts\/8335\/revisions\/8336"}],"wp:attachment":[{"href":"https:\/\/diariodepe.com.br\/cri\/wp-json\/wp\/v2\/media?parent=8335"}],"wp:term":[{"taxonomy":"category","embeddable":true,"href":"https:\/\/diariodepe.com.br\/cri\/wp-json\/wp\/v2\/categories?post=8335"},{"taxonomy":"post_tag","embeddable":true,"href":"https:\/\/diariodepe.com.br\/cri\/wp-json\/wp\/v2\/tags?post=8335"}],"curies":[{"name":"wp","href":"https:\/\/api.w.org\/{rel}","templated":true}]}}