{"id":8331,"date":"2025-05-21T00:19:24","date_gmt":"2025-05-21T03:19:24","guid":{"rendered":"https:\/\/diariodepe.com.br\/cri\/?p=8331"},"modified":"2025-05-21T00:19:24","modified_gmt":"2025-05-21T03:19:24","slug":"celebracao-do-dia-da-lingua-chinesa-da-onu-2025-e-do-5o-festival-internacional-de-imagens-do-grupo-de-midia-da-china-e-realizada-com-sucesso-2","status":"publish","type":"post","link":"https:\/\/diariodepe.com.br\/cri\/2025\/05\/21\/celebracao-do-dia-da-lingua-chinesa-da-onu-2025-e-do-5o-festival-internacional-de-imagens-do-grupo-de-midia-da-china-e-realizada-com-sucesso-2\/","title":{"rendered":"Celebra\u00e7\u00e3o do Dia da L\u00edngua Chinesa da ONU 2025 e do 5\u00ba Festival Internacional de Imagens do Grupo de M\u00eddia da China \u00e9 realizada com sucesso"},"content":{"rendered":"<p align=\"left\">Foi realizada ontem (15), no Pal\u00e1cio das Na\u00e7\u00f5es, sede do Escrit\u00f3rio da Organiza\u00e7\u00e3o das Na\u00e7\u00f5es Unidas em Genebra, a celebra\u00e7\u00e3o do Dia da L\u00edngua Chinesa das Na\u00e7\u00f5es Unidas 2025, juntamente com a quinta edi\u00e7\u00e3o do Festival Internacional de Imagens, promovido pelo Grupo de M\u00eddia da China (CMG, na sigla em ingl\u00eas).<\/p>\n<p><img decoding=\"async\" src=\"https:\/\/38picres.cgtn.com\/photoAlbum\/page\/performance\/img\/2025\/4\/16\/1744800444869_580.jpg\" width=\"100%\" height=\"auto\" \/><\/p>\n<p><img decoding=\"async\" src=\"https:\/\/38picres.cgtn.com\/photoAlbum\/page\/performance\/img\/2025\/4\/16\/1744800470792_287.jpg\" width=\"100%\" height=\"auto\" \/><\/p>\n<p align=\"left\">O vice-chefe do Departamento de Comunica\u00e7\u00e3o do Comit\u00ea Central do Partido Comunista da China e presidente do CMG, Shen Haixiong, fez um discurso por v\u00eddeo.<\/p>\n<p><img decoding=\"async\" src=\"https:\/\/38picres.cgtn.com\/photoAlbum\/page\/performance\/img\/2025\/4\/16\/1744800456129_854.jpg\" width=\"100%\" height=\"auto\" \/><\/p>\n<p align=\"left\">Cerca de 300 convidados participaram da cerim\u00f4nia, incluindo representantes permanentes em Genebra e altos diplomatas de aproximadamente 50 pa\u00edses \u2014 como R\u00fassia, S\u00e9rvia, Paquist\u00e3o, Catar, Camar\u00f5es e Bol\u00edvia \u2014 al\u00e9m de representantes de organiza\u00e7\u00f5es internacionais, institui\u00e7\u00f5es e personalidades de diversos setores da China e do exterior.<\/p>\n<p align=\"left\">Em seu discurso, Shen Haixiong destacou que, desde a estreia internacional do Festival da Primavera do CMG ap\u00f3s o reconhecimento do Ano Novo Chin\u00eas pela UNESCO, at\u00e9 o sucesso global de filmes chineses como Ne Zha 2, a cultura chinesa e as hist\u00f3rias da China est\u00e3o cada vez mais presentes no imagin\u00e1rio do p\u00fablico mundial.<\/p>\n<p align=\"left\">Ele ressaltou que o desenvolvimento da China est\u00e1 intimamente ligado ao mundo, assim como a prosperidade global depende tamb\u00e9m do pa\u00eds. Afirmou, ainda, que a China na nova era est\u00e1 cheia de vitalidade e que a moderniza\u00e7\u00e3o \u00e0 chinesa, al\u00e9m de beneficiar seu pr\u00f3prio povo, trar\u00e1 oportunidades valiosas para todo o planeta.<\/p>\n<p align=\"left\">O presidente do CMG expressou a expectativa de que, por meio desta atividade, mais amigos estrangeiros possam visitar a China, conhecer de perto sua realidade, descobrir novas oportunidades e conquistar um futuro promissor.<\/p>\n<p><img decoding=\"async\" src=\"https:\/\/38picres.cgtn.com\/photoAlbum\/page\/performance\/img\/2025\/4\/16\/1744800487937_910.jpg\" width=\"100%\" height=\"auto\" \/><\/p>\n<p align=\"left\">Durante o evento, foi exibido um minidocument\u00e1rio, traduzido e produzido com tecnologia de intelig\u00eancia artificial desenvolvida pelo CMG. Os convidados tamb\u00e9m puderam apreciar as exposi\u00e7\u00f5es fotogr\u00e1ficas, que proporcionaram uma imers\u00e3o visual na riqueza da cultura tradicional chinesa.<\/p>\n","protected":false},"excerpt":{"rendered":"<p>Foi realizada ontem (15), no Pal\u00e1cio das Na\u00e7\u00f5es, sede do Escrit\u00f3rio da Organiza\u00e7\u00e3o das Na\u00e7\u00f5es Unidas em Genebra, a celebra\u00e7\u00e3o do Dia da L\u00edngua Chinesa das Na\u00e7\u00f5es Unidas 2025, juntamente com a quinta edi\u00e7\u00e3o do Festival Internacional de Imagens, promovido&#8230;<\/p>\n","protected":false},"author":2,"featured_media":0,"comment_status":"open","ping_status":"open","sticky":false,"template":"","format":"standard","meta":{"footnotes":""},"categories":[8],"tags":[],"class_list":["post-8331","post","type-post","status-publish","format-standard","hentry","category-internacional"],"yoast_head":"<!-- This site is optimized with the Yoast SEO plugin v27.4 - https:\/\/yoast.com\/product\/yoast-seo-wordpress\/ -->\n<title>Celebra\u00e7\u00e3o do Dia da L\u00edngua Chinesa da ONU 2025 e do 5\u00ba Festival Internacional de Imagens do Grupo de M\u00eddia da China \u00e9 realizada com sucesso - CRI e Diario de Pernambuco<\/title>\n<meta name=\"robots\" content=\"index, follow, max-snippet:-1, max-image-preview:large, max-video-preview:-1\" \/>\n<link rel=\"canonical\" href=\"https:\/\/diariodepe.com.br\/cri\/2025\/05\/21\/celebracao-do-dia-da-lingua-chinesa-da-onu-2025-e-do-5o-festival-internacional-de-imagens-do-grupo-de-midia-da-china-e-realizada-com-sucesso-2\/\" \/>\n<meta property=\"og:locale\" content=\"pt_BR\" \/>\n<meta property=\"og:type\" content=\"article\" \/>\n<meta property=\"og:title\" content=\"Celebra\u00e7\u00e3o do Dia da L\u00edngua Chinesa da ONU 2025 e do 5\u00ba Festival Internacional de Imagens do Grupo de M\u00eddia da China \u00e9 realizada com sucesso - CRI e Diario de Pernambuco\" \/>\n<meta property=\"og:description\" content=\"Foi realizada ontem (15), no Pal\u00e1cio das Na\u00e7\u00f5es, sede do Escrit\u00f3rio da Organiza\u00e7\u00e3o das Na\u00e7\u00f5es Unidas em Genebra, a celebra\u00e7\u00e3o do Dia da L\u00edngua Chinesa das Na\u00e7\u00f5es Unidas 2025, juntamente com a quinta edi\u00e7\u00e3o do Festival Internacional de Imagens, promovido...\" \/>\n<meta property=\"og:url\" content=\"https:\/\/diariodepe.com.br\/cri\/2025\/05\/21\/celebracao-do-dia-da-lingua-chinesa-da-onu-2025-e-do-5o-festival-internacional-de-imagens-do-grupo-de-midia-da-china-e-realizada-com-sucesso-2\/\" \/>\n<meta property=\"og:site_name\" content=\"CRI e Diario de Pernambuco\" \/>\n<meta property=\"article:published_time\" content=\"2025-05-21T03:19:24+00:00\" \/>\n<meta property=\"og:image\" content=\"https:\/\/38picres.cgtn.com\/photoAlbum\/page\/performance\/img\/2025\/4\/16\/1744800444869_580.jpg\" \/>\n<meta name=\"author\" content=\"Ismael Lucas S. Pereira\" \/>\n<meta name=\"twitter:card\" content=\"summary_large_image\" \/>\n<meta name=\"twitter:label1\" content=\"Escrito por\" \/>\n\t<meta name=\"twitter:data1\" content=\"Ismael Lucas S. Pereira\" \/>\n\t<meta name=\"twitter:label2\" content=\"Est. tempo de leitura\" \/>\n\t<meta name=\"twitter:data2\" content=\"3 minutos\" \/>\n<script type=\"application\/ld+json\" class=\"yoast-schema-graph\">{\"@context\":\"https:\\\/\\\/schema.org\",\"@graph\":[{\"@type\":\"Article\",\"@id\":\"https:\\\/\\\/diariodepe.com.br\\\/cri\\\/2025\\\/05\\\/21\\\/celebracao-do-dia-da-lingua-chinesa-da-onu-2025-e-do-5o-festival-internacional-de-imagens-do-grupo-de-midia-da-china-e-realizada-com-sucesso-2\\\/#article\",\"isPartOf\":{\"@id\":\"https:\\\/\\\/diariodepe.com.br\\\/cri\\\/2025\\\/05\\\/21\\\/celebracao-do-dia-da-lingua-chinesa-da-onu-2025-e-do-5o-festival-internacional-de-imagens-do-grupo-de-midia-da-china-e-realizada-com-sucesso-2\\\/\"},\"author\":{\"name\":\"Ismael Lucas S. Pereira\",\"@id\":\"https:\\\/\\\/diariodepe.com.br\\\/cri\\\/#\\\/schema\\\/person\\\/121bb28d84f1a5b1205ef4ce9c2e0c6b\"},\"headline\":\"Celebra\u00e7\u00e3o do Dia da L\u00edngua Chinesa da ONU 2025 e do 5\u00ba Festival Internacional de Imagens do Grupo de M\u00eddia da China \u00e9 realizada com sucesso\",\"datePublished\":\"2025-05-21T03:19:24+00:00\",\"mainEntityOfPage\":{\"@id\":\"https:\\\/\\\/diariodepe.com.br\\\/cri\\\/2025\\\/05\\\/21\\\/celebracao-do-dia-da-lingua-chinesa-da-onu-2025-e-do-5o-festival-internacional-de-imagens-do-grupo-de-midia-da-china-e-realizada-com-sucesso-2\\\/\"},\"wordCount\":357,\"commentCount\":0,\"publisher\":{\"@id\":\"https:\\\/\\\/diariodepe.com.br\\\/cri\\\/#organization\"},\"image\":{\"@id\":\"https:\\\/\\\/diariodepe.com.br\\\/cri\\\/2025\\\/05\\\/21\\\/celebracao-do-dia-da-lingua-chinesa-da-onu-2025-e-do-5o-festival-internacional-de-imagens-do-grupo-de-midia-da-china-e-realizada-com-sucesso-2\\\/#primaryimage\"},\"thumbnailUrl\":\"https:\\\/\\\/38picres.cgtn.com\\\/photoAlbum\\\/page\\\/performance\\\/img\\\/2025\\\/4\\\/16\\\/1744800444869_580.jpg\",\"articleSection\":[\"Internacional\"],\"inLanguage\":\"pt-BR\",\"potentialAction\":[{\"@type\":\"CommentAction\",\"name\":\"Comment\",\"target\":[\"https:\\\/\\\/diariodepe.com.br\\\/cri\\\/2025\\\/05\\\/21\\\/celebracao-do-dia-da-lingua-chinesa-da-onu-2025-e-do-5o-festival-internacional-de-imagens-do-grupo-de-midia-da-china-e-realizada-com-sucesso-2\\\/#respond\"]}]},{\"@type\":\"WebPage\",\"@id\":\"https:\\\/\\\/diariodepe.com.br\\\/cri\\\/2025\\\/05\\\/21\\\/celebracao-do-dia-da-lingua-chinesa-da-onu-2025-e-do-5o-festival-internacional-de-imagens-do-grupo-de-midia-da-china-e-realizada-com-sucesso-2\\\/\",\"url\":\"https:\\\/\\\/diariodepe.com.br\\\/cri\\\/2025\\\/05\\\/21\\\/celebracao-do-dia-da-lingua-chinesa-da-onu-2025-e-do-5o-festival-internacional-de-imagens-do-grupo-de-midia-da-china-e-realizada-com-sucesso-2\\\/\",\"name\":\"Celebra\u00e7\u00e3o do Dia da L\u00edngua Chinesa da ONU 2025 e do 5\u00ba Festival Internacional de Imagens do Grupo de M\u00eddia da China \u00e9 realizada com sucesso - CRI e Diario de Pernambuco\",\"isPartOf\":{\"@id\":\"https:\\\/\\\/diariodepe.com.br\\\/cri\\\/#website\"},\"primaryImageOfPage\":{\"@id\":\"https:\\\/\\\/diariodepe.com.br\\\/cri\\\/2025\\\/05\\\/21\\\/celebracao-do-dia-da-lingua-chinesa-da-onu-2025-e-do-5o-festival-internacional-de-imagens-do-grupo-de-midia-da-china-e-realizada-com-sucesso-2\\\/#primaryimage\"},\"image\":{\"@id\":\"https:\\\/\\\/diariodepe.com.br\\\/cri\\\/2025\\\/05\\\/21\\\/celebracao-do-dia-da-lingua-chinesa-da-onu-2025-e-do-5o-festival-internacional-de-imagens-do-grupo-de-midia-da-china-e-realizada-com-sucesso-2\\\/#primaryimage\"},\"thumbnailUrl\":\"https:\\\/\\\/38picres.cgtn.com\\\/photoAlbum\\\/page\\\/performance\\\/img\\\/2025\\\/4\\\/16\\\/1744800444869_580.jpg\",\"datePublished\":\"2025-05-21T03:19:24+00:00\",\"breadcrumb\":{\"@id\":\"https:\\\/\\\/diariodepe.com.br\\\/cri\\\/2025\\\/05\\\/21\\\/celebracao-do-dia-da-lingua-chinesa-da-onu-2025-e-do-5o-festival-internacional-de-imagens-do-grupo-de-midia-da-china-e-realizada-com-sucesso-2\\\/#breadcrumb\"},\"inLanguage\":\"pt-BR\",\"potentialAction\":[{\"@type\":\"ReadAction\",\"target\":[\"https:\\\/\\\/diariodepe.com.br\\\/cri\\\/2025\\\/05\\\/21\\\/celebracao-do-dia-da-lingua-chinesa-da-onu-2025-e-do-5o-festival-internacional-de-imagens-do-grupo-de-midia-da-china-e-realizada-com-sucesso-2\\\/\"]}]},{\"@type\":\"ImageObject\",\"inLanguage\":\"pt-BR\",\"@id\":\"https:\\\/\\\/diariodepe.com.br\\\/cri\\\/2025\\\/05\\\/21\\\/celebracao-do-dia-da-lingua-chinesa-da-onu-2025-e-do-5o-festival-internacional-de-imagens-do-grupo-de-midia-da-china-e-realizada-com-sucesso-2\\\/#primaryimage\",\"url\":\"https:\\\/\\\/38picres.cgtn.com\\\/photoAlbum\\\/page\\\/performance\\\/img\\\/2025\\\/4\\\/16\\\/1744800444869_580.jpg\",\"contentUrl\":\"https:\\\/\\\/38picres.cgtn.com\\\/photoAlbum\\\/page\\\/performance\\\/img\\\/2025\\\/4\\\/16\\\/1744800444869_580.jpg\"},{\"@type\":\"BreadcrumbList\",\"@id\":\"https:\\\/\\\/diariodepe.com.br\\\/cri\\\/2025\\\/05\\\/21\\\/celebracao-do-dia-da-lingua-chinesa-da-onu-2025-e-do-5o-festival-internacional-de-imagens-do-grupo-de-midia-da-china-e-realizada-com-sucesso-2\\\/#breadcrumb\",\"itemListElement\":[{\"@type\":\"ListItem\",\"position\":1,\"name\":\"In\u00edcio\",\"item\":\"https:\\\/\\\/diariodepe.com.br\\\/cri\\\/\"},{\"@type\":\"ListItem\",\"position\":2,\"name\":\"Celebra\u00e7\u00e3o do Dia da L\u00edngua Chinesa da ONU 2025 e do 5\u00ba Festival Internacional de Imagens do Grupo de M\u00eddia da China \u00e9 realizada com sucesso\"}]},{\"@type\":\"WebSite\",\"@id\":\"https:\\\/\\\/diariodepe.com.br\\\/cri\\\/#website\",\"url\":\"https:\\\/\\\/diariodepe.com.br\\\/cri\\\/\",\"name\":\"CRI e Diario de Pernambuco\",\"description\":\"R\u00e1dio Internacional da China\",\"publisher\":{\"@id\":\"https:\\\/\\\/diariodepe.com.br\\\/cri\\\/#organization\"},\"potentialAction\":[{\"@type\":\"SearchAction\",\"target\":{\"@type\":\"EntryPoint\",\"urlTemplate\":\"https:\\\/\\\/diariodepe.com.br\\\/cri\\\/?s={search_term_string}\"},\"query-input\":{\"@type\":\"PropertyValueSpecification\",\"valueRequired\":true,\"valueName\":\"search_term_string\"}}],\"inLanguage\":\"pt-BR\"},{\"@type\":\"Organization\",\"@id\":\"https:\\\/\\\/diariodepe.com.br\\\/cri\\\/#organization\",\"name\":\"CRI e Diario de Pernambuco\",\"url\":\"https:\\\/\\\/diariodepe.com.br\\\/cri\\\/\",\"logo\":{\"@type\":\"ImageObject\",\"inLanguage\":\"pt-BR\",\"@id\":\"https:\\\/\\\/diariodepe.com.br\\\/cri\\\/#\\\/schema\\\/logo\\\/image\\\/\",\"url\":\"https:\\\/\\\/diariodepe.com.br\\\/cri\\\/wp-content\\\/uploads\\\/sites\\\/2\\\/2022\\\/12\\\/cropped-Logo.jpg\",\"contentUrl\":\"https:\\\/\\\/diariodepe.com.br\\\/cri\\\/wp-content\\\/uploads\\\/sites\\\/2\\\/2022\\\/12\\\/cropped-Logo.jpg\",\"width\":700,\"height\":59,\"caption\":\"CRI e Diario de Pernambuco\"},\"image\":{\"@id\":\"https:\\\/\\\/diariodepe.com.br\\\/cri\\\/#\\\/schema\\\/logo\\\/image\\\/\"}},{\"@type\":\"Person\",\"@id\":\"https:\\\/\\\/diariodepe.com.br\\\/cri\\\/#\\\/schema\\\/person\\\/121bb28d84f1a5b1205ef4ce9c2e0c6b\",\"name\":\"Ismael Lucas S. Pereira\",\"image\":{\"@type\":\"ImageObject\",\"inLanguage\":\"pt-BR\",\"@id\":\"https:\\\/\\\/secure.gravatar.com\\\/avatar\\\/887a0f3b5a7ceea963a48499fb883ffce6b5037362def025c52c2505b15d63e4?s=96&d=mm&r=g\",\"url\":\"https:\\\/\\\/secure.gravatar.com\\\/avatar\\\/887a0f3b5a7ceea963a48499fb883ffce6b5037362def025c52c2505b15d63e4?s=96&d=mm&r=g\",\"contentUrl\":\"https:\\\/\\\/secure.gravatar.com\\\/avatar\\\/887a0f3b5a7ceea963a48499fb883ffce6b5037362def025c52c2505b15d63e4?s=96&d=mm&r=g\",\"caption\":\"Ismael Lucas S. Pereira\"},\"url\":\"https:\\\/\\\/diariodepe.com.br\\\/cri\\\/author\\\/ismael-lucas\\\/\"}]}<\/script>\n<!-- \/ Yoast SEO plugin. -->","yoast_head_json":{"title":"Celebra\u00e7\u00e3o do Dia da L\u00edngua Chinesa da ONU 2025 e do 5\u00ba Festival Internacional de Imagens do Grupo de M\u00eddia da China \u00e9 realizada com sucesso - CRI e Diario de Pernambuco","robots":{"index":"index","follow":"follow","max-snippet":"max-snippet:-1","max-image-preview":"max-image-preview:large","max-video-preview":"max-video-preview:-1"},"canonical":"https:\/\/diariodepe.com.br\/cri\/2025\/05\/21\/celebracao-do-dia-da-lingua-chinesa-da-onu-2025-e-do-5o-festival-internacional-de-imagens-do-grupo-de-midia-da-china-e-realizada-com-sucesso-2\/","og_locale":"pt_BR","og_type":"article","og_title":"Celebra\u00e7\u00e3o do Dia da L\u00edngua Chinesa da ONU 2025 e do 5\u00ba Festival Internacional de Imagens do Grupo de M\u00eddia da China \u00e9 realizada com sucesso - CRI e Diario de Pernambuco","og_description":"Foi realizada ontem (15), no Pal\u00e1cio das Na\u00e7\u00f5es, sede do Escrit\u00f3rio da Organiza\u00e7\u00e3o das Na\u00e7\u00f5es Unidas em Genebra, a celebra\u00e7\u00e3o do Dia da L\u00edngua Chinesa das Na\u00e7\u00f5es Unidas 2025, juntamente com a quinta edi\u00e7\u00e3o do Festival Internacional de Imagens, promovido...","og_url":"https:\/\/diariodepe.com.br\/cri\/2025\/05\/21\/celebracao-do-dia-da-lingua-chinesa-da-onu-2025-e-do-5o-festival-internacional-de-imagens-do-grupo-de-midia-da-china-e-realizada-com-sucesso-2\/","og_site_name":"CRI e Diario de Pernambuco","article_published_time":"2025-05-21T03:19:24+00:00","og_image":[{"url":"https:\/\/38picres.cgtn.com\/photoAlbum\/page\/performance\/img\/2025\/4\/16\/1744800444869_580.jpg","type":"","width":"","height":""}],"author":"Ismael Lucas S. Pereira","twitter_card":"summary_large_image","twitter_misc":{"Escrito por":"Ismael Lucas S. Pereira","Est. tempo de leitura":"3 minutos"},"schema":{"@context":"https:\/\/schema.org","@graph":[{"@type":"Article","@id":"https:\/\/diariodepe.com.br\/cri\/2025\/05\/21\/celebracao-do-dia-da-lingua-chinesa-da-onu-2025-e-do-5o-festival-internacional-de-imagens-do-grupo-de-midia-da-china-e-realizada-com-sucesso-2\/#article","isPartOf":{"@id":"https:\/\/diariodepe.com.br\/cri\/2025\/05\/21\/celebracao-do-dia-da-lingua-chinesa-da-onu-2025-e-do-5o-festival-internacional-de-imagens-do-grupo-de-midia-da-china-e-realizada-com-sucesso-2\/"},"author":{"name":"Ismael Lucas S. Pereira","@id":"https:\/\/diariodepe.com.br\/cri\/#\/schema\/person\/121bb28d84f1a5b1205ef4ce9c2e0c6b"},"headline":"Celebra\u00e7\u00e3o do Dia da L\u00edngua Chinesa da ONU 2025 e do 5\u00ba Festival Internacional de Imagens do Grupo de M\u00eddia da China \u00e9 realizada com sucesso","datePublished":"2025-05-21T03:19:24+00:00","mainEntityOfPage":{"@id":"https:\/\/diariodepe.com.br\/cri\/2025\/05\/21\/celebracao-do-dia-da-lingua-chinesa-da-onu-2025-e-do-5o-festival-internacional-de-imagens-do-grupo-de-midia-da-china-e-realizada-com-sucesso-2\/"},"wordCount":357,"commentCount":0,"publisher":{"@id":"https:\/\/diariodepe.com.br\/cri\/#organization"},"image":{"@id":"https:\/\/diariodepe.com.br\/cri\/2025\/05\/21\/celebracao-do-dia-da-lingua-chinesa-da-onu-2025-e-do-5o-festival-internacional-de-imagens-do-grupo-de-midia-da-china-e-realizada-com-sucesso-2\/#primaryimage"},"thumbnailUrl":"https:\/\/38picres.cgtn.com\/photoAlbum\/page\/performance\/img\/2025\/4\/16\/1744800444869_580.jpg","articleSection":["Internacional"],"inLanguage":"pt-BR","potentialAction":[{"@type":"CommentAction","name":"Comment","target":["https:\/\/diariodepe.com.br\/cri\/2025\/05\/21\/celebracao-do-dia-da-lingua-chinesa-da-onu-2025-e-do-5o-festival-internacional-de-imagens-do-grupo-de-midia-da-china-e-realizada-com-sucesso-2\/#respond"]}]},{"@type":"WebPage","@id":"https:\/\/diariodepe.com.br\/cri\/2025\/05\/21\/celebracao-do-dia-da-lingua-chinesa-da-onu-2025-e-do-5o-festival-internacional-de-imagens-do-grupo-de-midia-da-china-e-realizada-com-sucesso-2\/","url":"https:\/\/diariodepe.com.br\/cri\/2025\/05\/21\/celebracao-do-dia-da-lingua-chinesa-da-onu-2025-e-do-5o-festival-internacional-de-imagens-do-grupo-de-midia-da-china-e-realizada-com-sucesso-2\/","name":"Celebra\u00e7\u00e3o do Dia da L\u00edngua Chinesa da ONU 2025 e do 5\u00ba Festival Internacional de Imagens do Grupo de M\u00eddia da China \u00e9 realizada com sucesso - CRI e Diario de Pernambuco","isPartOf":{"@id":"https:\/\/diariodepe.com.br\/cri\/#website"},"primaryImageOfPage":{"@id":"https:\/\/diariodepe.com.br\/cri\/2025\/05\/21\/celebracao-do-dia-da-lingua-chinesa-da-onu-2025-e-do-5o-festival-internacional-de-imagens-do-grupo-de-midia-da-china-e-realizada-com-sucesso-2\/#primaryimage"},"image":{"@id":"https:\/\/diariodepe.com.br\/cri\/2025\/05\/21\/celebracao-do-dia-da-lingua-chinesa-da-onu-2025-e-do-5o-festival-internacional-de-imagens-do-grupo-de-midia-da-china-e-realizada-com-sucesso-2\/#primaryimage"},"thumbnailUrl":"https:\/\/38picres.cgtn.com\/photoAlbum\/page\/performance\/img\/2025\/4\/16\/1744800444869_580.jpg","datePublished":"2025-05-21T03:19:24+00:00","breadcrumb":{"@id":"https:\/\/diariodepe.com.br\/cri\/2025\/05\/21\/celebracao-do-dia-da-lingua-chinesa-da-onu-2025-e-do-5o-festival-internacional-de-imagens-do-grupo-de-midia-da-china-e-realizada-com-sucesso-2\/#breadcrumb"},"inLanguage":"pt-BR","potentialAction":[{"@type":"ReadAction","target":["https:\/\/diariodepe.com.br\/cri\/2025\/05\/21\/celebracao-do-dia-da-lingua-chinesa-da-onu-2025-e-do-5o-festival-internacional-de-imagens-do-grupo-de-midia-da-china-e-realizada-com-sucesso-2\/"]}]},{"@type":"ImageObject","inLanguage":"pt-BR","@id":"https:\/\/diariodepe.com.br\/cri\/2025\/05\/21\/celebracao-do-dia-da-lingua-chinesa-da-onu-2025-e-do-5o-festival-internacional-de-imagens-do-grupo-de-midia-da-china-e-realizada-com-sucesso-2\/#primaryimage","url":"https:\/\/38picres.cgtn.com\/photoAlbum\/page\/performance\/img\/2025\/4\/16\/1744800444869_580.jpg","contentUrl":"https:\/\/38picres.cgtn.com\/photoAlbum\/page\/performance\/img\/2025\/4\/16\/1744800444869_580.jpg"},{"@type":"BreadcrumbList","@id":"https:\/\/diariodepe.com.br\/cri\/2025\/05\/21\/celebracao-do-dia-da-lingua-chinesa-da-onu-2025-e-do-5o-festival-internacional-de-imagens-do-grupo-de-midia-da-china-e-realizada-com-sucesso-2\/#breadcrumb","itemListElement":[{"@type":"ListItem","position":1,"name":"In\u00edcio","item":"https:\/\/diariodepe.com.br\/cri\/"},{"@type":"ListItem","position":2,"name":"Celebra\u00e7\u00e3o do Dia da L\u00edngua Chinesa da ONU 2025 e do 5\u00ba Festival Internacional de Imagens do Grupo de M\u00eddia da China \u00e9 realizada com sucesso"}]},{"@type":"WebSite","@id":"https:\/\/diariodepe.com.br\/cri\/#website","url":"https:\/\/diariodepe.com.br\/cri\/","name":"CRI e Diario de Pernambuco","description":"R\u00e1dio Internacional da China","publisher":{"@id":"https:\/\/diariodepe.com.br\/cri\/#organization"},"potentialAction":[{"@type":"SearchAction","target":{"@type":"EntryPoint","urlTemplate":"https:\/\/diariodepe.com.br\/cri\/?s={search_term_string}"},"query-input":{"@type":"PropertyValueSpecification","valueRequired":true,"valueName":"search_term_string"}}],"inLanguage":"pt-BR"},{"@type":"Organization","@id":"https:\/\/diariodepe.com.br\/cri\/#organization","name":"CRI e Diario de Pernambuco","url":"https:\/\/diariodepe.com.br\/cri\/","logo":{"@type":"ImageObject","inLanguage":"pt-BR","@id":"https:\/\/diariodepe.com.br\/cri\/#\/schema\/logo\/image\/","url":"https:\/\/diariodepe.com.br\/cri\/wp-content\/uploads\/sites\/2\/2022\/12\/cropped-Logo.jpg","contentUrl":"https:\/\/diariodepe.com.br\/cri\/wp-content\/uploads\/sites\/2\/2022\/12\/cropped-Logo.jpg","width":700,"height":59,"caption":"CRI e Diario de Pernambuco"},"image":{"@id":"https:\/\/diariodepe.com.br\/cri\/#\/schema\/logo\/image\/"}},{"@type":"Person","@id":"https:\/\/diariodepe.com.br\/cri\/#\/schema\/person\/121bb28d84f1a5b1205ef4ce9c2e0c6b","name":"Ismael Lucas S. Pereira","image":{"@type":"ImageObject","inLanguage":"pt-BR","@id":"https:\/\/secure.gravatar.com\/avatar\/887a0f3b5a7ceea963a48499fb883ffce6b5037362def025c52c2505b15d63e4?s=96&d=mm&r=g","url":"https:\/\/secure.gravatar.com\/avatar\/887a0f3b5a7ceea963a48499fb883ffce6b5037362def025c52c2505b15d63e4?s=96&d=mm&r=g","contentUrl":"https:\/\/secure.gravatar.com\/avatar\/887a0f3b5a7ceea963a48499fb883ffce6b5037362def025c52c2505b15d63e4?s=96&d=mm&r=g","caption":"Ismael Lucas S. Pereira"},"url":"https:\/\/diariodepe.com.br\/cri\/author\/ismael-lucas\/"}]}},"cc_featured_image_caption":{"caption_text":false,"source_text":false,"source_url":false},"amp_enabled":true,"_links":{"self":[{"href":"https:\/\/diariodepe.com.br\/cri\/wp-json\/wp\/v2\/posts\/8331","targetHints":{"allow":["GET"]}}],"collection":[{"href":"https:\/\/diariodepe.com.br\/cri\/wp-json\/wp\/v2\/posts"}],"about":[{"href":"https:\/\/diariodepe.com.br\/cri\/wp-json\/wp\/v2\/types\/post"}],"author":[{"embeddable":true,"href":"https:\/\/diariodepe.com.br\/cri\/wp-json\/wp\/v2\/users\/2"}],"replies":[{"embeddable":true,"href":"https:\/\/diariodepe.com.br\/cri\/wp-json\/wp\/v2\/comments?post=8331"}],"version-history":[{"count":1,"href":"https:\/\/diariodepe.com.br\/cri\/wp-json\/wp\/v2\/posts\/8331\/revisions"}],"predecessor-version":[{"id":8332,"href":"https:\/\/diariodepe.com.br\/cri\/wp-json\/wp\/v2\/posts\/8331\/revisions\/8332"}],"wp:attachment":[{"href":"https:\/\/diariodepe.com.br\/cri\/wp-json\/wp\/v2\/media?parent=8331"}],"wp:term":[{"taxonomy":"category","embeddable":true,"href":"https:\/\/diariodepe.com.br\/cri\/wp-json\/wp\/v2\/categories?post=8331"},{"taxonomy":"post_tag","embeddable":true,"href":"https:\/\/diariodepe.com.br\/cri\/wp-json\/wp\/v2\/tags?post=8331"}],"curies":[{"name":"wp","href":"https:\/\/api.w.org\/{rel}","templated":true}]}}