{"id":8326,"date":"2025-05-21T00:17:21","date_gmt":"2025-05-21T03:17:21","guid":{"rendered":"https:\/\/diariodepe.com.br\/cri\/?p=8326"},"modified":"2025-05-21T00:17:21","modified_gmt":"2025-05-21T03:17:21","slug":"china-e-vietna-aprofundam-cooperacao-para-a-modernizacao-de-mais-de-15-bilhao-de-pessoas","status":"publish","type":"post","link":"https:\/\/diariodepe.com.br\/cri\/2025\/05\/21\/china-e-vietna-aprofundam-cooperacao-para-a-modernizacao-de-mais-de-15-bilhao-de-pessoas\/","title":{"rendered":"China e Vietn\u00e3 aprofundam coopera\u00e7\u00e3o para a moderniza\u00e7\u00e3o de mais de 1,5 bilh\u00e3o de pessoas"},"content":{"rendered":"<p>A moderniza\u00e7\u00e3o \u00e9 a aspira\u00e7\u00e3o comum da humanidade. \u201cMais de 1,5 bilh\u00e3o de pessoas avan\u00e7ando juntas rumo \u00e0 moderniza\u00e7\u00e3o\u201d \u2014 o que isso significa para o mundo?<\/p>\n<p>Durante a visita de Estado do secret\u00e1rio-geral do Comit\u00ea Central do Partido Comunista da China (PCCh) e presidente chin\u00eas, Xi Jinping, ao Vietn\u00e3, nos dias 14 e 15 de abril, ambos os pa\u00edses tra\u00e7aram um novo plano para a constru\u00e7\u00e3o de uma comunidade com futuro compartilhado China-Vietn\u00e3 na nova era. Em um mundo marcado por instabilidades, a op\u00e7\u00e3o dos dois pa\u00edses por um caminho de desenvolvimento pac\u00edfico n\u00e3o s\u00f3 impulsiona o progresso de mais de 1,5 bilh\u00e3o de pessoas rumo \u00e0 moderniza\u00e7\u00e3o, como tamb\u00e9m contribui para a paz e a estabilidade regionais e globais, promovendo o desenvolvimento compartilhado.<\/p>\n<p><img decoding=\"async\" src=\"https:\/\/38picres.cgtn.com\/photoAlbum\/page\/performance\/img\/2025\/4\/16\/1744792452879_461.jpeg\" width=\"100%\" height=\"auto\" \/><\/p>\n<p>Este ano marca o 75\u00ba anivers\u00e1rio do estabelecimento das rela\u00e7\u00f5es diplom\u00e1ticas entre China e Vietn\u00e3 e o \u201cAno dos Interc\u00e2mbios Culturais\u201d. Esta foi a primeira visita do presidente Xi Jinping ao exterior em 2025, bem como sua primeira viagem ap\u00f3s a realiza\u00e7\u00e3o da confer\u00eancia central sobre o trabalho relacionado a pa\u00edses vizinhos, evidenciando a grande import\u00e2ncia atribu\u00edda aos la\u00e7os sino-vietnamitas. A Ag\u00eancia de Not\u00edcias do Vietn\u00e3 classificou a visita como um grande evento pol\u00edtico-diplom\u00e1tico entre os dois partidos e pa\u00edses, com significado estrat\u00e9gico e influ\u00eancia de longo prazo para o futuro relacionamento bilateral.<\/p>\n<p>Durante as conversas com o secret\u00e1rio-geral do Comit\u00ea Central do Partido Comunista do Vietn\u00e3, To Lam, Xi Jinping prop\u00f4s seis medidas: aprofundar a confian\u00e7a estrat\u00e9gica de alto n\u00edvel, construir um sistema de seguran\u00e7a mais s\u00f3lido, ampliar a coopera\u00e7\u00e3o mutuamente ben\u00e9fica de alta qualidade, fortalecer os la\u00e7os entre ambos os povos, intensificar a colabora\u00e7\u00e3o multilateral e promover intera\u00e7\u00f5es mar\u00edtimas mais positivas. Tais medidas tra\u00e7am um novo plano para aprofundar a constru\u00e7\u00e3o da comunidade com futuro compartilhado China-Vietn\u00e3 e indicam o direcionamento para a moderniza\u00e7\u00e3o conjunta dos mais de 1,5 bilh\u00e3o de habitantes das duas na\u00e7\u00f5es. To Lam declarou que a visita do secret\u00e1rio-geral Xi Jinping j\u00e1 \u00e9 certamente um novo marco na hist\u00f3ria das rela\u00e7\u00f5es amistosas entre os dois partidos e pa\u00edses.<\/p>\n<p><img decoding=\"async\" src=\"https:\/\/38picres.cgtn.com\/photoAlbum\/page\/performance\/img\/2025\/4\/16\/1744792463881_0.jpeg\" width=\"100%\" height=\"auto\" \/><\/p>\n<p>A coopera\u00e7\u00e3o econ\u00f4mica e comercial \u00e9 a for\u00e7a motriz do relacionamento sino-vietnamita. A China tem sido, por mais de 20 anos, o maior parceiro comercial do Vietn\u00e3, e o Vietn\u00e3 \u00e9 atualmente o maior parceiro comercial da China entre os pa\u00edses da ASEAN. Nos \u00faltimos anos, a Iniciativa Cintur\u00e3o e Rota tem se alinhado de forma acelerada \u00e0 estrat\u00e9gia de desenvolvimento do Vietn\u00e3, permitindo que produtos agr\u00edcolas desse pa\u00eds, como coco, pitaya e jaca, cheguem \u00e0s mesas chinesas, enquanto mat\u00e9rias-primas e equipamentos exportados pela China seguem impulsionando o desenvolvimento vietnamita. Durante a visita, Xi Jinping e To Lam participaram da cerim\u00f4nia de lan\u00e7amento do mecanismo de coopera\u00e7\u00e3o ferrovi\u00e1ria China-Vietn\u00e3. Os dois pa\u00edses tamb\u00e9m assinaram 45 acordos de colabora\u00e7\u00e3o, abrangendo \u00e1reas como conectividade, intelig\u00eancia artificial, inspe\u00e7\u00e3o aduaneira e quarentena, com\u00e9rcio de produtos agr\u00edcolas e bem-estar social. Segundo a ag\u00eancia Reuters, a viagem de Xi Jinping dever\u00e1 impulsionar a coopera\u00e7\u00e3o sino-vietnamita nas \u00e1reas de com\u00e9rcio e nas cadeias industrial e de suprimento.<\/p>\n<p>Ao mesmo tempo, houve uma troca de opini\u00f5es sobre a globaliza\u00e7\u00e3o econ\u00f4mica. A China ressaltou a necessidade de se opor, em conjunto, a atos de intimida\u00e7\u00e3o unilateral, defendendo o sistema de livre com\u00e9rcio global e a estabilidade das cadeias industriais e de suprimentos. O Vietn\u00e3 reiterou seu apoio \u00e0s regras do com\u00e9rcio internacional e manifestou o desejo de aprofundar a coordena\u00e7\u00e3o com a China em assuntos regionais e globais, mantendo uma postura estrat\u00e9gica diante da complexa conjuntura global e refor\u00e7ando seu compromisso com o multilateralismo e a ordem internacional.<\/p>\n<p>Neste novo ponto de partida hist\u00f3rico, o aprofundamento da constru\u00e7\u00e3o da comunidade China-Vietn\u00e3 com futuro compartilhado permitir\u00e1 que mais de 1,5 bilh\u00e3o de pessoas aproveitem os frutos da moderniza\u00e7\u00e3o, trazendo maior estabilidade e previsibilidade em um mundo marcado por turbul\u00eancias.<\/p>\n","protected":false},"excerpt":{"rendered":"<p>A moderniza\u00e7\u00e3o \u00e9 a aspira\u00e7\u00e3o comum da humanidade. \u201cMais de 1,5 bilh\u00e3o de pessoas avan\u00e7ando juntas rumo \u00e0 moderniza\u00e7\u00e3o\u201d \u2014 o que isso significa para o mundo? Durante a visita de Estado do secret\u00e1rio-geral do Comit\u00ea Central do Partido Comunista&#8230;<\/p>\n","protected":false},"author":2,"featured_media":0,"comment_status":"open","ping_status":"open","sticky":false,"template":"","format":"standard","meta":{"footnotes":""},"categories":[8],"tags":[],"class_list":["post-8326","post","type-post","status-publish","format-standard","hentry","category-internacional"],"yoast_head":"<!-- This site is optimized with the Yoast SEO plugin v27.4 - https:\/\/yoast.com\/product\/yoast-seo-wordpress\/ -->\n<title>China e Vietn\u00e3 aprofundam coopera\u00e7\u00e3o para a moderniza\u00e7\u00e3o de mais de 1,5 bilh\u00e3o de pessoas - CRI e Diario de Pernambuco<\/title>\n<meta name=\"robots\" content=\"index, follow, max-snippet:-1, max-image-preview:large, max-video-preview:-1\" \/>\n<link rel=\"canonical\" href=\"https:\/\/diariodepe.com.br\/cri\/2025\/05\/21\/china-e-vietna-aprofundam-cooperacao-para-a-modernizacao-de-mais-de-15-bilhao-de-pessoas\/\" \/>\n<meta property=\"og:locale\" content=\"pt_BR\" \/>\n<meta property=\"og:type\" content=\"article\" \/>\n<meta property=\"og:title\" content=\"China e Vietn\u00e3 aprofundam coopera\u00e7\u00e3o para a moderniza\u00e7\u00e3o de mais de 1,5 bilh\u00e3o de pessoas - CRI e Diario de Pernambuco\" \/>\n<meta property=\"og:description\" content=\"A moderniza\u00e7\u00e3o \u00e9 a aspira\u00e7\u00e3o comum da humanidade. \u201cMais de 1,5 bilh\u00e3o de pessoas avan\u00e7ando juntas rumo \u00e0 moderniza\u00e7\u00e3o\u201d \u2014 o que isso significa para o mundo? Durante a visita de Estado do secret\u00e1rio-geral do Comit\u00ea Central do Partido Comunista...\" \/>\n<meta property=\"og:url\" content=\"https:\/\/diariodepe.com.br\/cri\/2025\/05\/21\/china-e-vietna-aprofundam-cooperacao-para-a-modernizacao-de-mais-de-15-bilhao-de-pessoas\/\" \/>\n<meta property=\"og:site_name\" content=\"CRI e Diario de Pernambuco\" \/>\n<meta property=\"article:published_time\" content=\"2025-05-21T03:17:21+00:00\" \/>\n<meta property=\"og:image\" content=\"https:\/\/38picres.cgtn.com\/photoAlbum\/page\/performance\/img\/2025\/4\/16\/1744792452879_461.jpeg\" \/>\n<meta name=\"author\" content=\"Ismael Lucas S. Pereira\" \/>\n<meta name=\"twitter:card\" content=\"summary_large_image\" \/>\n<meta name=\"twitter:label1\" content=\"Escrito por\" \/>\n\t<meta name=\"twitter:data1\" content=\"Ismael Lucas S. Pereira\" \/>\n<script type=\"application\/ld+json\" class=\"yoast-schema-graph\">{\"@context\":\"https:\\\/\\\/schema.org\",\"@graph\":[{\"@type\":\"Article\",\"@id\":\"https:\\\/\\\/diariodepe.com.br\\\/cri\\\/2025\\\/05\\\/21\\\/china-e-vietna-aprofundam-cooperacao-para-a-modernizacao-de-mais-de-15-bilhao-de-pessoas\\\/#article\",\"isPartOf\":{\"@id\":\"https:\\\/\\\/diariodepe.com.br\\\/cri\\\/2025\\\/05\\\/21\\\/china-e-vietna-aprofundam-cooperacao-para-a-modernizacao-de-mais-de-15-bilhao-de-pessoas\\\/\"},\"author\":{\"name\":\"Ismael Lucas S. Pereira\",\"@id\":\"https:\\\/\\\/diariodepe.com.br\\\/cri\\\/#\\\/schema\\\/person\\\/121bb28d84f1a5b1205ef4ce9c2e0c6b\"},\"headline\":\"China e Vietn\u00e3 aprofundam coopera\u00e7\u00e3o para a moderniza\u00e7\u00e3o de mais de 1,5 bilh\u00e3o de pessoas\",\"datePublished\":\"2025-05-21T03:17:21+00:00\",\"mainEntityOfPage\":{\"@id\":\"https:\\\/\\\/diariodepe.com.br\\\/cri\\\/2025\\\/05\\\/21\\\/china-e-vietna-aprofundam-cooperacao-para-a-modernizacao-de-mais-de-15-bilhao-de-pessoas\\\/\"},\"wordCount\":721,\"commentCount\":0,\"publisher\":{\"@id\":\"https:\\\/\\\/diariodepe.com.br\\\/cri\\\/#organization\"},\"image\":{\"@id\":\"https:\\\/\\\/diariodepe.com.br\\\/cri\\\/2025\\\/05\\\/21\\\/china-e-vietna-aprofundam-cooperacao-para-a-modernizacao-de-mais-de-15-bilhao-de-pessoas\\\/#primaryimage\"},\"thumbnailUrl\":\"https:\\\/\\\/38picres.cgtn.com\\\/photoAlbum\\\/page\\\/performance\\\/img\\\/2025\\\/4\\\/16\\\/1744792452879_461.jpeg\",\"articleSection\":[\"Internacional\"],\"inLanguage\":\"pt-BR\",\"potentialAction\":[{\"@type\":\"CommentAction\",\"name\":\"Comment\",\"target\":[\"https:\\\/\\\/diariodepe.com.br\\\/cri\\\/2025\\\/05\\\/21\\\/china-e-vietna-aprofundam-cooperacao-para-a-modernizacao-de-mais-de-15-bilhao-de-pessoas\\\/#respond\"]}]},{\"@type\":\"WebPage\",\"@id\":\"https:\\\/\\\/diariodepe.com.br\\\/cri\\\/2025\\\/05\\\/21\\\/china-e-vietna-aprofundam-cooperacao-para-a-modernizacao-de-mais-de-15-bilhao-de-pessoas\\\/\",\"url\":\"https:\\\/\\\/diariodepe.com.br\\\/cri\\\/2025\\\/05\\\/21\\\/china-e-vietna-aprofundam-cooperacao-para-a-modernizacao-de-mais-de-15-bilhao-de-pessoas\\\/\",\"name\":\"China e Vietn\u00e3 aprofundam coopera\u00e7\u00e3o para a moderniza\u00e7\u00e3o de mais de 1,5 bilh\u00e3o de pessoas - CRI e Diario de Pernambuco\",\"isPartOf\":{\"@id\":\"https:\\\/\\\/diariodepe.com.br\\\/cri\\\/#website\"},\"primaryImageOfPage\":{\"@id\":\"https:\\\/\\\/diariodepe.com.br\\\/cri\\\/2025\\\/05\\\/21\\\/china-e-vietna-aprofundam-cooperacao-para-a-modernizacao-de-mais-de-15-bilhao-de-pessoas\\\/#primaryimage\"},\"image\":{\"@id\":\"https:\\\/\\\/diariodepe.com.br\\\/cri\\\/2025\\\/05\\\/21\\\/china-e-vietna-aprofundam-cooperacao-para-a-modernizacao-de-mais-de-15-bilhao-de-pessoas\\\/#primaryimage\"},\"thumbnailUrl\":\"https:\\\/\\\/38picres.cgtn.com\\\/photoAlbum\\\/page\\\/performance\\\/img\\\/2025\\\/4\\\/16\\\/1744792452879_461.jpeg\",\"datePublished\":\"2025-05-21T03:17:21+00:00\",\"breadcrumb\":{\"@id\":\"https:\\\/\\\/diariodepe.com.br\\\/cri\\\/2025\\\/05\\\/21\\\/china-e-vietna-aprofundam-cooperacao-para-a-modernizacao-de-mais-de-15-bilhao-de-pessoas\\\/#breadcrumb\"},\"inLanguage\":\"pt-BR\",\"potentialAction\":[{\"@type\":\"ReadAction\",\"target\":[\"https:\\\/\\\/diariodepe.com.br\\\/cri\\\/2025\\\/05\\\/21\\\/china-e-vietna-aprofundam-cooperacao-para-a-modernizacao-de-mais-de-15-bilhao-de-pessoas\\\/\"]}]},{\"@type\":\"ImageObject\",\"inLanguage\":\"pt-BR\",\"@id\":\"https:\\\/\\\/diariodepe.com.br\\\/cri\\\/2025\\\/05\\\/21\\\/china-e-vietna-aprofundam-cooperacao-para-a-modernizacao-de-mais-de-15-bilhao-de-pessoas\\\/#primaryimage\",\"url\":\"https:\\\/\\\/38picres.cgtn.com\\\/photoAlbum\\\/page\\\/performance\\\/img\\\/2025\\\/4\\\/16\\\/1744792452879_461.jpeg\",\"contentUrl\":\"https:\\\/\\\/38picres.cgtn.com\\\/photoAlbum\\\/page\\\/performance\\\/img\\\/2025\\\/4\\\/16\\\/1744792452879_461.jpeg\"},{\"@type\":\"BreadcrumbList\",\"@id\":\"https:\\\/\\\/diariodepe.com.br\\\/cri\\\/2025\\\/05\\\/21\\\/china-e-vietna-aprofundam-cooperacao-para-a-modernizacao-de-mais-de-15-bilhao-de-pessoas\\\/#breadcrumb\",\"itemListElement\":[{\"@type\":\"ListItem\",\"position\":1,\"name\":\"In\u00edcio\",\"item\":\"https:\\\/\\\/diariodepe.com.br\\\/cri\\\/\"},{\"@type\":\"ListItem\",\"position\":2,\"name\":\"China e Vietn\u00e3 aprofundam coopera\u00e7\u00e3o para a moderniza\u00e7\u00e3o de mais de 1,5 bilh\u00e3o de pessoas\"}]},{\"@type\":\"WebSite\",\"@id\":\"https:\\\/\\\/diariodepe.com.br\\\/cri\\\/#website\",\"url\":\"https:\\\/\\\/diariodepe.com.br\\\/cri\\\/\",\"name\":\"CRI e Diario de Pernambuco\",\"description\":\"R\u00e1dio Internacional da China\",\"publisher\":{\"@id\":\"https:\\\/\\\/diariodepe.com.br\\\/cri\\\/#organization\"},\"potentialAction\":[{\"@type\":\"SearchAction\",\"target\":{\"@type\":\"EntryPoint\",\"urlTemplate\":\"https:\\\/\\\/diariodepe.com.br\\\/cri\\\/?s={search_term_string}\"},\"query-input\":{\"@type\":\"PropertyValueSpecification\",\"valueRequired\":true,\"valueName\":\"search_term_string\"}}],\"inLanguage\":\"pt-BR\"},{\"@type\":\"Organization\",\"@id\":\"https:\\\/\\\/diariodepe.com.br\\\/cri\\\/#organization\",\"name\":\"CRI e Diario de Pernambuco\",\"url\":\"https:\\\/\\\/diariodepe.com.br\\\/cri\\\/\",\"logo\":{\"@type\":\"ImageObject\",\"inLanguage\":\"pt-BR\",\"@id\":\"https:\\\/\\\/diariodepe.com.br\\\/cri\\\/#\\\/schema\\\/logo\\\/image\\\/\",\"url\":\"https:\\\/\\\/diariodepe.com.br\\\/cri\\\/wp-content\\\/uploads\\\/sites\\\/2\\\/2022\\\/12\\\/cropped-Logo.jpg\",\"contentUrl\":\"https:\\\/\\\/diariodepe.com.br\\\/cri\\\/wp-content\\\/uploads\\\/sites\\\/2\\\/2022\\\/12\\\/cropped-Logo.jpg\",\"width\":700,\"height\":59,\"caption\":\"CRI e Diario de Pernambuco\"},\"image\":{\"@id\":\"https:\\\/\\\/diariodepe.com.br\\\/cri\\\/#\\\/schema\\\/logo\\\/image\\\/\"}},{\"@type\":\"Person\",\"@id\":\"https:\\\/\\\/diariodepe.com.br\\\/cri\\\/#\\\/schema\\\/person\\\/121bb28d84f1a5b1205ef4ce9c2e0c6b\",\"name\":\"Ismael Lucas S. Pereira\",\"image\":{\"@type\":\"ImageObject\",\"inLanguage\":\"pt-BR\",\"@id\":\"https:\\\/\\\/secure.gravatar.com\\\/avatar\\\/887a0f3b5a7ceea963a48499fb883ffce6b5037362def025c52c2505b15d63e4?s=96&d=mm&r=g\",\"url\":\"https:\\\/\\\/secure.gravatar.com\\\/avatar\\\/887a0f3b5a7ceea963a48499fb883ffce6b5037362def025c52c2505b15d63e4?s=96&d=mm&r=g\",\"contentUrl\":\"https:\\\/\\\/secure.gravatar.com\\\/avatar\\\/887a0f3b5a7ceea963a48499fb883ffce6b5037362def025c52c2505b15d63e4?s=96&d=mm&r=g\",\"caption\":\"Ismael Lucas S. Pereira\"},\"url\":\"https:\\\/\\\/diariodepe.com.br\\\/cri\\\/author\\\/ismael-lucas\\\/\"}]}<\/script>\n<!-- \/ Yoast SEO plugin. -->","yoast_head_json":{"title":"China e Vietn\u00e3 aprofundam coopera\u00e7\u00e3o para a moderniza\u00e7\u00e3o de mais de 1,5 bilh\u00e3o de pessoas - CRI e Diario de Pernambuco","robots":{"index":"index","follow":"follow","max-snippet":"max-snippet:-1","max-image-preview":"max-image-preview:large","max-video-preview":"max-video-preview:-1"},"canonical":"https:\/\/diariodepe.com.br\/cri\/2025\/05\/21\/china-e-vietna-aprofundam-cooperacao-para-a-modernizacao-de-mais-de-15-bilhao-de-pessoas\/","og_locale":"pt_BR","og_type":"article","og_title":"China e Vietn\u00e3 aprofundam coopera\u00e7\u00e3o para a moderniza\u00e7\u00e3o de mais de 1,5 bilh\u00e3o de pessoas - CRI e Diario de Pernambuco","og_description":"A moderniza\u00e7\u00e3o \u00e9 a aspira\u00e7\u00e3o comum da humanidade. \u201cMais de 1,5 bilh\u00e3o de pessoas avan\u00e7ando juntas rumo \u00e0 moderniza\u00e7\u00e3o\u201d \u2014 o que isso significa para o mundo? Durante a visita de Estado do secret\u00e1rio-geral do Comit\u00ea Central do Partido Comunista...","og_url":"https:\/\/diariodepe.com.br\/cri\/2025\/05\/21\/china-e-vietna-aprofundam-cooperacao-para-a-modernizacao-de-mais-de-15-bilhao-de-pessoas\/","og_site_name":"CRI e Diario de Pernambuco","article_published_time":"2025-05-21T03:17:21+00:00","og_image":[{"url":"https:\/\/38picres.cgtn.com\/photoAlbum\/page\/performance\/img\/2025\/4\/16\/1744792452879_461.jpeg","type":"","width":"","height":""}],"author":"Ismael Lucas S. Pereira","twitter_card":"summary_large_image","twitter_misc":{"Escrito por":"Ismael Lucas S. Pereira"},"schema":{"@context":"https:\/\/schema.org","@graph":[{"@type":"Article","@id":"https:\/\/diariodepe.com.br\/cri\/2025\/05\/21\/china-e-vietna-aprofundam-cooperacao-para-a-modernizacao-de-mais-de-15-bilhao-de-pessoas\/#article","isPartOf":{"@id":"https:\/\/diariodepe.com.br\/cri\/2025\/05\/21\/china-e-vietna-aprofundam-cooperacao-para-a-modernizacao-de-mais-de-15-bilhao-de-pessoas\/"},"author":{"name":"Ismael Lucas S. Pereira","@id":"https:\/\/diariodepe.com.br\/cri\/#\/schema\/person\/121bb28d84f1a5b1205ef4ce9c2e0c6b"},"headline":"China e Vietn\u00e3 aprofundam coopera\u00e7\u00e3o para a moderniza\u00e7\u00e3o de mais de 1,5 bilh\u00e3o de pessoas","datePublished":"2025-05-21T03:17:21+00:00","mainEntityOfPage":{"@id":"https:\/\/diariodepe.com.br\/cri\/2025\/05\/21\/china-e-vietna-aprofundam-cooperacao-para-a-modernizacao-de-mais-de-15-bilhao-de-pessoas\/"},"wordCount":721,"commentCount":0,"publisher":{"@id":"https:\/\/diariodepe.com.br\/cri\/#organization"},"image":{"@id":"https:\/\/diariodepe.com.br\/cri\/2025\/05\/21\/china-e-vietna-aprofundam-cooperacao-para-a-modernizacao-de-mais-de-15-bilhao-de-pessoas\/#primaryimage"},"thumbnailUrl":"https:\/\/38picres.cgtn.com\/photoAlbum\/page\/performance\/img\/2025\/4\/16\/1744792452879_461.jpeg","articleSection":["Internacional"],"inLanguage":"pt-BR","potentialAction":[{"@type":"CommentAction","name":"Comment","target":["https:\/\/diariodepe.com.br\/cri\/2025\/05\/21\/china-e-vietna-aprofundam-cooperacao-para-a-modernizacao-de-mais-de-15-bilhao-de-pessoas\/#respond"]}]},{"@type":"WebPage","@id":"https:\/\/diariodepe.com.br\/cri\/2025\/05\/21\/china-e-vietna-aprofundam-cooperacao-para-a-modernizacao-de-mais-de-15-bilhao-de-pessoas\/","url":"https:\/\/diariodepe.com.br\/cri\/2025\/05\/21\/china-e-vietna-aprofundam-cooperacao-para-a-modernizacao-de-mais-de-15-bilhao-de-pessoas\/","name":"China e Vietn\u00e3 aprofundam coopera\u00e7\u00e3o para a moderniza\u00e7\u00e3o de mais de 1,5 bilh\u00e3o de pessoas - CRI e Diario de Pernambuco","isPartOf":{"@id":"https:\/\/diariodepe.com.br\/cri\/#website"},"primaryImageOfPage":{"@id":"https:\/\/diariodepe.com.br\/cri\/2025\/05\/21\/china-e-vietna-aprofundam-cooperacao-para-a-modernizacao-de-mais-de-15-bilhao-de-pessoas\/#primaryimage"},"image":{"@id":"https:\/\/diariodepe.com.br\/cri\/2025\/05\/21\/china-e-vietna-aprofundam-cooperacao-para-a-modernizacao-de-mais-de-15-bilhao-de-pessoas\/#primaryimage"},"thumbnailUrl":"https:\/\/38picres.cgtn.com\/photoAlbum\/page\/performance\/img\/2025\/4\/16\/1744792452879_461.jpeg","datePublished":"2025-05-21T03:17:21+00:00","breadcrumb":{"@id":"https:\/\/diariodepe.com.br\/cri\/2025\/05\/21\/china-e-vietna-aprofundam-cooperacao-para-a-modernizacao-de-mais-de-15-bilhao-de-pessoas\/#breadcrumb"},"inLanguage":"pt-BR","potentialAction":[{"@type":"ReadAction","target":["https:\/\/diariodepe.com.br\/cri\/2025\/05\/21\/china-e-vietna-aprofundam-cooperacao-para-a-modernizacao-de-mais-de-15-bilhao-de-pessoas\/"]}]},{"@type":"ImageObject","inLanguage":"pt-BR","@id":"https:\/\/diariodepe.com.br\/cri\/2025\/05\/21\/china-e-vietna-aprofundam-cooperacao-para-a-modernizacao-de-mais-de-15-bilhao-de-pessoas\/#primaryimage","url":"https:\/\/38picres.cgtn.com\/photoAlbum\/page\/performance\/img\/2025\/4\/16\/1744792452879_461.jpeg","contentUrl":"https:\/\/38picres.cgtn.com\/photoAlbum\/page\/performance\/img\/2025\/4\/16\/1744792452879_461.jpeg"},{"@type":"BreadcrumbList","@id":"https:\/\/diariodepe.com.br\/cri\/2025\/05\/21\/china-e-vietna-aprofundam-cooperacao-para-a-modernizacao-de-mais-de-15-bilhao-de-pessoas\/#breadcrumb","itemListElement":[{"@type":"ListItem","position":1,"name":"In\u00edcio","item":"https:\/\/diariodepe.com.br\/cri\/"},{"@type":"ListItem","position":2,"name":"China e Vietn\u00e3 aprofundam coopera\u00e7\u00e3o para a moderniza\u00e7\u00e3o de mais de 1,5 bilh\u00e3o de pessoas"}]},{"@type":"WebSite","@id":"https:\/\/diariodepe.com.br\/cri\/#website","url":"https:\/\/diariodepe.com.br\/cri\/","name":"CRI e Diario de Pernambuco","description":"R\u00e1dio Internacional da China","publisher":{"@id":"https:\/\/diariodepe.com.br\/cri\/#organization"},"potentialAction":[{"@type":"SearchAction","target":{"@type":"EntryPoint","urlTemplate":"https:\/\/diariodepe.com.br\/cri\/?s={search_term_string}"},"query-input":{"@type":"PropertyValueSpecification","valueRequired":true,"valueName":"search_term_string"}}],"inLanguage":"pt-BR"},{"@type":"Organization","@id":"https:\/\/diariodepe.com.br\/cri\/#organization","name":"CRI e Diario de Pernambuco","url":"https:\/\/diariodepe.com.br\/cri\/","logo":{"@type":"ImageObject","inLanguage":"pt-BR","@id":"https:\/\/diariodepe.com.br\/cri\/#\/schema\/logo\/image\/","url":"https:\/\/diariodepe.com.br\/cri\/wp-content\/uploads\/sites\/2\/2022\/12\/cropped-Logo.jpg","contentUrl":"https:\/\/diariodepe.com.br\/cri\/wp-content\/uploads\/sites\/2\/2022\/12\/cropped-Logo.jpg","width":700,"height":59,"caption":"CRI e Diario de Pernambuco"},"image":{"@id":"https:\/\/diariodepe.com.br\/cri\/#\/schema\/logo\/image\/"}},{"@type":"Person","@id":"https:\/\/diariodepe.com.br\/cri\/#\/schema\/person\/121bb28d84f1a5b1205ef4ce9c2e0c6b","name":"Ismael Lucas S. Pereira","image":{"@type":"ImageObject","inLanguage":"pt-BR","@id":"https:\/\/secure.gravatar.com\/avatar\/887a0f3b5a7ceea963a48499fb883ffce6b5037362def025c52c2505b15d63e4?s=96&d=mm&r=g","url":"https:\/\/secure.gravatar.com\/avatar\/887a0f3b5a7ceea963a48499fb883ffce6b5037362def025c52c2505b15d63e4?s=96&d=mm&r=g","contentUrl":"https:\/\/secure.gravatar.com\/avatar\/887a0f3b5a7ceea963a48499fb883ffce6b5037362def025c52c2505b15d63e4?s=96&d=mm&r=g","caption":"Ismael Lucas S. Pereira"},"url":"https:\/\/diariodepe.com.br\/cri\/author\/ismael-lucas\/"}]}},"cc_featured_image_caption":{"caption_text":false,"source_text":false,"source_url":false},"amp_enabled":true,"_links":{"self":[{"href":"https:\/\/diariodepe.com.br\/cri\/wp-json\/wp\/v2\/posts\/8326","targetHints":{"allow":["GET"]}}],"collection":[{"href":"https:\/\/diariodepe.com.br\/cri\/wp-json\/wp\/v2\/posts"}],"about":[{"href":"https:\/\/diariodepe.com.br\/cri\/wp-json\/wp\/v2\/types\/post"}],"author":[{"embeddable":true,"href":"https:\/\/diariodepe.com.br\/cri\/wp-json\/wp\/v2\/users\/2"}],"replies":[{"embeddable":true,"href":"https:\/\/diariodepe.com.br\/cri\/wp-json\/wp\/v2\/comments?post=8326"}],"version-history":[{"count":1,"href":"https:\/\/diariodepe.com.br\/cri\/wp-json\/wp\/v2\/posts\/8326\/revisions"}],"predecessor-version":[{"id":8327,"href":"https:\/\/diariodepe.com.br\/cri\/wp-json\/wp\/v2\/posts\/8326\/revisions\/8327"}],"wp:attachment":[{"href":"https:\/\/diariodepe.com.br\/cri\/wp-json\/wp\/v2\/media?parent=8326"}],"wp:term":[{"taxonomy":"category","embeddable":true,"href":"https:\/\/diariodepe.com.br\/cri\/wp-json\/wp\/v2\/categories?post=8326"},{"taxonomy":"post_tag","embeddable":true,"href":"https:\/\/diariodepe.com.br\/cri\/wp-json\/wp\/v2\/tags?post=8326"}],"curies":[{"name":"wp","href":"https:\/\/api.w.org\/{rel}","templated":true}]}}