{"id":8322,"date":"2025-05-21T00:16:04","date_gmt":"2025-05-21T03:16:04","guid":{"rendered":"https:\/\/diariodepe.com.br\/cri\/?p=8322"},"modified":"2025-05-21T00:16:04","modified_gmt":"2025-05-21T03:16:04","slug":"de-onde-vem-a-resiliencia-do-comercio-exterior-chines","status":"publish","type":"post","link":"https:\/\/diariodepe.com.br\/cri\/2025\/05\/21\/de-onde-vem-a-resiliencia-do-comercio-exterior-chines\/","title":{"rendered":"De onde vem a resili\u00eancia do com\u00e9rcio exterior chin\u00eas?"},"content":{"rendered":"<p><img decoding=\"async\" src=\"https:\/\/38picres.cgtn.com\/photoAlbum\/page\/performance\/img\/2025\/4\/15\/1744686494012_616.jpeg\" width=\"100%\" height=\"auto\" \/><\/p>\n<p>De acordo com as estat\u00edsticas oficiais divulgadas na segunda-feira\u00a0(14), o com\u00e9rcio exterior de mercadorias da China obteve um come\u00e7o relativamente est\u00e1vel neste ano, com as exporta\u00e7\u00f5es crescendo 6,9% de janeiro a mar\u00e7o e a totalidade de importa\u00e7\u00f5es e exporta\u00e7\u00f5es aumentando 1,3%, o que equivale a 10,3 trilh\u00f5es de yuans.<\/p>\n<p>A m\u00eddia estrangeira, como a Bloomberg News, declarou que, apesar\u00a0da imposi\u00e7\u00e3o de tarifas adicionais pelo\u00a0EUA\u00a0que disturba a ordem comercial global, \u201cas estat\u00edsticas do\u00a0com\u00e9rcio exterior da China excederam significativamente os n\u00fameros previstos\u00a0e\u00a0demonstraram resili\u00eancia\u201d, resultado que foi\u00a0realmente dif\u00edcil de alcan\u00e7ar.<\/p>\n<p>De onde vem a resili\u00eancia\u00a0do com\u00e9rcio exterior chin\u00eas? Ela se deve a bons\u00a0fundamentos s\u00f3lidos, ao amplo mercado, ao enorme potencial e, em especial, \u00e0s resilientes cadeias industriais e de suprimentos\u00a0da economia chinesa. Nos \u00faltimos\u00a0anos, a estabilidade das cadeias industriais e de suprimentos globais foi amea\u00e7ada pela intensifica\u00e7\u00e3o do protecionismo comercial e pelos constantes conflitos geopol\u00edticos. A China tem se empenhado em construir\u00a0um mercado diversificado, n\u00e3o apenas apoiando\u00a0o desenvolvimento de seus parceiros comerciais, mas tamb\u00e9m fortalecendo\u00a0suas pr\u00f3prias capacidades de resist\u00eancia\u00a0a\u00a0riscos.<\/p>\n<p><img decoding=\"async\" src=\"https:\/\/38picres.cgtn.com\/photoAlbum\/page\/performance\/img\/2025\/4\/15\/1744686501452_141.jpeg\" width=\"100%\" height=\"auto\" \/><\/p>\n<p>Al\u00e9m disso, v\u00e1rias medidas para estabilizar o com\u00e9rcio exterior surtiram efeitos significativos, fortalecendo a resili\u00eancia\u00a0do com\u00e9rcio exterior chin\u00eas. Em novembro de 2024, o governo chin\u00eas publicou uma s\u00e9rie de\u00a0medidas para promover o crescimento est\u00e1vel do com\u00e9rcio exterior. O relat\u00f3rio de trabalho\u00a0do governo apresentado em mar\u00e7o deste ano\u00a0tamb\u00e9m enfatizou o \u201cdesenvolvimento est\u00e1vel do com\u00e9rcio exterior\u201d com a tomada de v\u00e1rias medidas. Tudo isso proporcionou uma forte\u00a0garantia para um come\u00e7o\u00a0est\u00e1vel do com\u00e9rcio exterior da China neste ano.<\/p>\n<p>Desde abril, os EUA impuseram \u201ctarifas rec\u00edprocas\u201d\u00a0sobre\u00a0todos os seus\u00a0parceiros comerciais, o que causou um grande impacto\u00a0no com\u00e9rcio global. Diante da \u201ctempestade tarif\u00e1ria\u201d, a China decidiu, por um lado, acelerar\u00a0a integra\u00e7\u00e3o do com\u00e9rcio interno e externo, e por outro, ampliar\u00a0inabalavelmente sua abertura\u00a0ao exterior. O mundo ver\u00e1 claramente que o protecionismo n\u00e3o \u00e9 uma sa\u00edda e que somente\u00a0com\u00a0a coopera\u00e7\u00e3o aberta\u00a0poderemos ter um futuro promissor.<\/p>\n","protected":false},"excerpt":{"rendered":"<p>De acordo com as estat\u00edsticas oficiais divulgadas na segunda-feira\u00a0(14), o com\u00e9rcio exterior de mercadorias da China obteve um come\u00e7o relativamente est\u00e1vel neste ano, com as exporta\u00e7\u00f5es crescendo 6,9% de janeiro a mar\u00e7o e a totalidade de importa\u00e7\u00f5es e exporta\u00e7\u00f5es aumentando&#8230;<\/p>\n","protected":false},"author":2,"featured_media":0,"comment_status":"open","ping_status":"open","sticky":false,"template":"","format":"standard","meta":{"footnotes":""},"categories":[7],"tags":[],"class_list":["post-8322","post","type-post","status-publish","format-standard","hentry","category-visao"],"yoast_head":"<!-- This site is optimized with the Yoast SEO plugin v27.4 - https:\/\/yoast.com\/product\/yoast-seo-wordpress\/ -->\n<title>De onde vem a resili\u00eancia do com\u00e9rcio exterior chin\u00eas? - CRI e Diario de Pernambuco<\/title>\n<meta name=\"robots\" content=\"index, follow, max-snippet:-1, max-image-preview:large, max-video-preview:-1\" \/>\n<link rel=\"canonical\" href=\"https:\/\/diariodepe.com.br\/cri\/2025\/05\/21\/de-onde-vem-a-resiliencia-do-comercio-exterior-chines\/\" \/>\n<meta property=\"og:locale\" content=\"pt_BR\" \/>\n<meta property=\"og:type\" content=\"article\" \/>\n<meta property=\"og:title\" content=\"De onde vem a resili\u00eancia do com\u00e9rcio exterior chin\u00eas? - CRI e Diario de Pernambuco\" \/>\n<meta property=\"og:description\" content=\"De acordo com as estat\u00edsticas oficiais divulgadas na segunda-feira\u00a0(14), o com\u00e9rcio exterior de mercadorias da China obteve um come\u00e7o relativamente est\u00e1vel neste ano, com as exporta\u00e7\u00f5es crescendo 6,9% de janeiro a mar\u00e7o e a totalidade de importa\u00e7\u00f5es e exporta\u00e7\u00f5es aumentando...\" \/>\n<meta property=\"og:url\" content=\"https:\/\/diariodepe.com.br\/cri\/2025\/05\/21\/de-onde-vem-a-resiliencia-do-comercio-exterior-chines\/\" \/>\n<meta property=\"og:site_name\" content=\"CRI e Diario de Pernambuco\" \/>\n<meta property=\"article:published_time\" content=\"2025-05-21T03:16:04+00:00\" \/>\n<meta property=\"og:image\" content=\"https:\/\/38picres.cgtn.com\/photoAlbum\/page\/performance\/img\/2025\/4\/15\/1744686494012_616.jpeg\" \/>\n<meta name=\"author\" content=\"Ismael Lucas S. Pereira\" \/>\n<meta name=\"twitter:card\" content=\"summary_large_image\" \/>\n<meta name=\"twitter:label1\" content=\"Escrito por\" \/>\n\t<meta name=\"twitter:data1\" content=\"Ismael Lucas S. Pereira\" \/>\n<script type=\"application\/ld+json\" class=\"yoast-schema-graph\">{\"@context\":\"https:\\\/\\\/schema.org\",\"@graph\":[{\"@type\":\"Article\",\"@id\":\"https:\\\/\\\/diariodepe.com.br\\\/cri\\\/2025\\\/05\\\/21\\\/de-onde-vem-a-resiliencia-do-comercio-exterior-chines\\\/#article\",\"isPartOf\":{\"@id\":\"https:\\\/\\\/diariodepe.com.br\\\/cri\\\/2025\\\/05\\\/21\\\/de-onde-vem-a-resiliencia-do-comercio-exterior-chines\\\/\"},\"author\":{\"name\":\"Ismael Lucas S. Pereira\",\"@id\":\"https:\\\/\\\/diariodepe.com.br\\\/cri\\\/#\\\/schema\\\/person\\\/121bb28d84f1a5b1205ef4ce9c2e0c6b\"},\"headline\":\"De onde vem a resili\u00eancia do com\u00e9rcio exterior chin\u00eas?\",\"datePublished\":\"2025-05-21T03:16:04+00:00\",\"mainEntityOfPage\":{\"@id\":\"https:\\\/\\\/diariodepe.com.br\\\/cri\\\/2025\\\/05\\\/21\\\/de-onde-vem-a-resiliencia-do-comercio-exterior-chines\\\/\"},\"wordCount\":397,\"commentCount\":0,\"publisher\":{\"@id\":\"https:\\\/\\\/diariodepe.com.br\\\/cri\\\/#organization\"},\"image\":{\"@id\":\"https:\\\/\\\/diariodepe.com.br\\\/cri\\\/2025\\\/05\\\/21\\\/de-onde-vem-a-resiliencia-do-comercio-exterior-chines\\\/#primaryimage\"},\"thumbnailUrl\":\"https:\\\/\\\/38picres.cgtn.com\\\/photoAlbum\\\/page\\\/performance\\\/img\\\/2025\\\/4\\\/15\\\/1744686494012_616.jpeg\",\"articleSection\":[\"Vis\u00e3o\"],\"inLanguage\":\"pt-BR\",\"potentialAction\":[{\"@type\":\"CommentAction\",\"name\":\"Comment\",\"target\":[\"https:\\\/\\\/diariodepe.com.br\\\/cri\\\/2025\\\/05\\\/21\\\/de-onde-vem-a-resiliencia-do-comercio-exterior-chines\\\/#respond\"]}]},{\"@type\":\"WebPage\",\"@id\":\"https:\\\/\\\/diariodepe.com.br\\\/cri\\\/2025\\\/05\\\/21\\\/de-onde-vem-a-resiliencia-do-comercio-exterior-chines\\\/\",\"url\":\"https:\\\/\\\/diariodepe.com.br\\\/cri\\\/2025\\\/05\\\/21\\\/de-onde-vem-a-resiliencia-do-comercio-exterior-chines\\\/\",\"name\":\"De onde vem a resili\u00eancia do com\u00e9rcio exterior chin\u00eas? - CRI e Diario de Pernambuco\",\"isPartOf\":{\"@id\":\"https:\\\/\\\/diariodepe.com.br\\\/cri\\\/#website\"},\"primaryImageOfPage\":{\"@id\":\"https:\\\/\\\/diariodepe.com.br\\\/cri\\\/2025\\\/05\\\/21\\\/de-onde-vem-a-resiliencia-do-comercio-exterior-chines\\\/#primaryimage\"},\"image\":{\"@id\":\"https:\\\/\\\/diariodepe.com.br\\\/cri\\\/2025\\\/05\\\/21\\\/de-onde-vem-a-resiliencia-do-comercio-exterior-chines\\\/#primaryimage\"},\"thumbnailUrl\":\"https:\\\/\\\/38picres.cgtn.com\\\/photoAlbum\\\/page\\\/performance\\\/img\\\/2025\\\/4\\\/15\\\/1744686494012_616.jpeg\",\"datePublished\":\"2025-05-21T03:16:04+00:00\",\"breadcrumb\":{\"@id\":\"https:\\\/\\\/diariodepe.com.br\\\/cri\\\/2025\\\/05\\\/21\\\/de-onde-vem-a-resiliencia-do-comercio-exterior-chines\\\/#breadcrumb\"},\"inLanguage\":\"pt-BR\",\"potentialAction\":[{\"@type\":\"ReadAction\",\"target\":[\"https:\\\/\\\/diariodepe.com.br\\\/cri\\\/2025\\\/05\\\/21\\\/de-onde-vem-a-resiliencia-do-comercio-exterior-chines\\\/\"]}]},{\"@type\":\"ImageObject\",\"inLanguage\":\"pt-BR\",\"@id\":\"https:\\\/\\\/diariodepe.com.br\\\/cri\\\/2025\\\/05\\\/21\\\/de-onde-vem-a-resiliencia-do-comercio-exterior-chines\\\/#primaryimage\",\"url\":\"https:\\\/\\\/38picres.cgtn.com\\\/photoAlbum\\\/page\\\/performance\\\/img\\\/2025\\\/4\\\/15\\\/1744686494012_616.jpeg\",\"contentUrl\":\"https:\\\/\\\/38picres.cgtn.com\\\/photoAlbum\\\/page\\\/performance\\\/img\\\/2025\\\/4\\\/15\\\/1744686494012_616.jpeg\"},{\"@type\":\"BreadcrumbList\",\"@id\":\"https:\\\/\\\/diariodepe.com.br\\\/cri\\\/2025\\\/05\\\/21\\\/de-onde-vem-a-resiliencia-do-comercio-exterior-chines\\\/#breadcrumb\",\"itemListElement\":[{\"@type\":\"ListItem\",\"position\":1,\"name\":\"In\u00edcio\",\"item\":\"https:\\\/\\\/diariodepe.com.br\\\/cri\\\/\"},{\"@type\":\"ListItem\",\"position\":2,\"name\":\"De onde vem a resili\u00eancia do com\u00e9rcio exterior chin\u00eas?\"}]},{\"@type\":\"WebSite\",\"@id\":\"https:\\\/\\\/diariodepe.com.br\\\/cri\\\/#website\",\"url\":\"https:\\\/\\\/diariodepe.com.br\\\/cri\\\/\",\"name\":\"CRI e Diario de Pernambuco\",\"description\":\"R\u00e1dio Internacional da China\",\"publisher\":{\"@id\":\"https:\\\/\\\/diariodepe.com.br\\\/cri\\\/#organization\"},\"potentialAction\":[{\"@type\":\"SearchAction\",\"target\":{\"@type\":\"EntryPoint\",\"urlTemplate\":\"https:\\\/\\\/diariodepe.com.br\\\/cri\\\/?s={search_term_string}\"},\"query-input\":{\"@type\":\"PropertyValueSpecification\",\"valueRequired\":true,\"valueName\":\"search_term_string\"}}],\"inLanguage\":\"pt-BR\"},{\"@type\":\"Organization\",\"@id\":\"https:\\\/\\\/diariodepe.com.br\\\/cri\\\/#organization\",\"name\":\"CRI e Diario de Pernambuco\",\"url\":\"https:\\\/\\\/diariodepe.com.br\\\/cri\\\/\",\"logo\":{\"@type\":\"ImageObject\",\"inLanguage\":\"pt-BR\",\"@id\":\"https:\\\/\\\/diariodepe.com.br\\\/cri\\\/#\\\/schema\\\/logo\\\/image\\\/\",\"url\":\"https:\\\/\\\/diariodepe.com.br\\\/cri\\\/wp-content\\\/uploads\\\/sites\\\/2\\\/2022\\\/12\\\/cropped-Logo.jpg\",\"contentUrl\":\"https:\\\/\\\/diariodepe.com.br\\\/cri\\\/wp-content\\\/uploads\\\/sites\\\/2\\\/2022\\\/12\\\/cropped-Logo.jpg\",\"width\":700,\"height\":59,\"caption\":\"CRI e Diario de Pernambuco\"},\"image\":{\"@id\":\"https:\\\/\\\/diariodepe.com.br\\\/cri\\\/#\\\/schema\\\/logo\\\/image\\\/\"}},{\"@type\":\"Person\",\"@id\":\"https:\\\/\\\/diariodepe.com.br\\\/cri\\\/#\\\/schema\\\/person\\\/121bb28d84f1a5b1205ef4ce9c2e0c6b\",\"name\":\"Ismael Lucas S. Pereira\",\"image\":{\"@type\":\"ImageObject\",\"inLanguage\":\"pt-BR\",\"@id\":\"https:\\\/\\\/secure.gravatar.com\\\/avatar\\\/887a0f3b5a7ceea963a48499fb883ffce6b5037362def025c52c2505b15d63e4?s=96&d=mm&r=g\",\"url\":\"https:\\\/\\\/secure.gravatar.com\\\/avatar\\\/887a0f3b5a7ceea963a48499fb883ffce6b5037362def025c52c2505b15d63e4?s=96&d=mm&r=g\",\"contentUrl\":\"https:\\\/\\\/secure.gravatar.com\\\/avatar\\\/887a0f3b5a7ceea963a48499fb883ffce6b5037362def025c52c2505b15d63e4?s=96&d=mm&r=g\",\"caption\":\"Ismael Lucas S. Pereira\"},\"url\":\"https:\\\/\\\/diariodepe.com.br\\\/cri\\\/author\\\/ismael-lucas\\\/\"}]}<\/script>\n<!-- \/ Yoast SEO plugin. -->","yoast_head_json":{"title":"De onde vem a resili\u00eancia do com\u00e9rcio exterior chin\u00eas? - CRI e Diario de Pernambuco","robots":{"index":"index","follow":"follow","max-snippet":"max-snippet:-1","max-image-preview":"max-image-preview:large","max-video-preview":"max-video-preview:-1"},"canonical":"https:\/\/diariodepe.com.br\/cri\/2025\/05\/21\/de-onde-vem-a-resiliencia-do-comercio-exterior-chines\/","og_locale":"pt_BR","og_type":"article","og_title":"De onde vem a resili\u00eancia do com\u00e9rcio exterior chin\u00eas? - CRI e Diario de Pernambuco","og_description":"De acordo com as estat\u00edsticas oficiais divulgadas na segunda-feira\u00a0(14), o com\u00e9rcio exterior de mercadorias da China obteve um come\u00e7o relativamente est\u00e1vel neste ano, com as exporta\u00e7\u00f5es crescendo 6,9% de janeiro a mar\u00e7o e a totalidade de importa\u00e7\u00f5es e exporta\u00e7\u00f5es aumentando...","og_url":"https:\/\/diariodepe.com.br\/cri\/2025\/05\/21\/de-onde-vem-a-resiliencia-do-comercio-exterior-chines\/","og_site_name":"CRI e Diario de Pernambuco","article_published_time":"2025-05-21T03:16:04+00:00","og_image":[{"url":"https:\/\/38picres.cgtn.com\/photoAlbum\/page\/performance\/img\/2025\/4\/15\/1744686494012_616.jpeg","type":"","width":"","height":""}],"author":"Ismael Lucas S. Pereira","twitter_card":"summary_large_image","twitter_misc":{"Escrito por":"Ismael Lucas S. Pereira"},"schema":{"@context":"https:\/\/schema.org","@graph":[{"@type":"Article","@id":"https:\/\/diariodepe.com.br\/cri\/2025\/05\/21\/de-onde-vem-a-resiliencia-do-comercio-exterior-chines\/#article","isPartOf":{"@id":"https:\/\/diariodepe.com.br\/cri\/2025\/05\/21\/de-onde-vem-a-resiliencia-do-comercio-exterior-chines\/"},"author":{"name":"Ismael Lucas S. Pereira","@id":"https:\/\/diariodepe.com.br\/cri\/#\/schema\/person\/121bb28d84f1a5b1205ef4ce9c2e0c6b"},"headline":"De onde vem a resili\u00eancia do com\u00e9rcio exterior chin\u00eas?","datePublished":"2025-05-21T03:16:04+00:00","mainEntityOfPage":{"@id":"https:\/\/diariodepe.com.br\/cri\/2025\/05\/21\/de-onde-vem-a-resiliencia-do-comercio-exterior-chines\/"},"wordCount":397,"commentCount":0,"publisher":{"@id":"https:\/\/diariodepe.com.br\/cri\/#organization"},"image":{"@id":"https:\/\/diariodepe.com.br\/cri\/2025\/05\/21\/de-onde-vem-a-resiliencia-do-comercio-exterior-chines\/#primaryimage"},"thumbnailUrl":"https:\/\/38picres.cgtn.com\/photoAlbum\/page\/performance\/img\/2025\/4\/15\/1744686494012_616.jpeg","articleSection":["Vis\u00e3o"],"inLanguage":"pt-BR","potentialAction":[{"@type":"CommentAction","name":"Comment","target":["https:\/\/diariodepe.com.br\/cri\/2025\/05\/21\/de-onde-vem-a-resiliencia-do-comercio-exterior-chines\/#respond"]}]},{"@type":"WebPage","@id":"https:\/\/diariodepe.com.br\/cri\/2025\/05\/21\/de-onde-vem-a-resiliencia-do-comercio-exterior-chines\/","url":"https:\/\/diariodepe.com.br\/cri\/2025\/05\/21\/de-onde-vem-a-resiliencia-do-comercio-exterior-chines\/","name":"De onde vem a resili\u00eancia do com\u00e9rcio exterior chin\u00eas? - CRI e Diario de Pernambuco","isPartOf":{"@id":"https:\/\/diariodepe.com.br\/cri\/#website"},"primaryImageOfPage":{"@id":"https:\/\/diariodepe.com.br\/cri\/2025\/05\/21\/de-onde-vem-a-resiliencia-do-comercio-exterior-chines\/#primaryimage"},"image":{"@id":"https:\/\/diariodepe.com.br\/cri\/2025\/05\/21\/de-onde-vem-a-resiliencia-do-comercio-exterior-chines\/#primaryimage"},"thumbnailUrl":"https:\/\/38picres.cgtn.com\/photoAlbum\/page\/performance\/img\/2025\/4\/15\/1744686494012_616.jpeg","datePublished":"2025-05-21T03:16:04+00:00","breadcrumb":{"@id":"https:\/\/diariodepe.com.br\/cri\/2025\/05\/21\/de-onde-vem-a-resiliencia-do-comercio-exterior-chines\/#breadcrumb"},"inLanguage":"pt-BR","potentialAction":[{"@type":"ReadAction","target":["https:\/\/diariodepe.com.br\/cri\/2025\/05\/21\/de-onde-vem-a-resiliencia-do-comercio-exterior-chines\/"]}]},{"@type":"ImageObject","inLanguage":"pt-BR","@id":"https:\/\/diariodepe.com.br\/cri\/2025\/05\/21\/de-onde-vem-a-resiliencia-do-comercio-exterior-chines\/#primaryimage","url":"https:\/\/38picres.cgtn.com\/photoAlbum\/page\/performance\/img\/2025\/4\/15\/1744686494012_616.jpeg","contentUrl":"https:\/\/38picres.cgtn.com\/photoAlbum\/page\/performance\/img\/2025\/4\/15\/1744686494012_616.jpeg"},{"@type":"BreadcrumbList","@id":"https:\/\/diariodepe.com.br\/cri\/2025\/05\/21\/de-onde-vem-a-resiliencia-do-comercio-exterior-chines\/#breadcrumb","itemListElement":[{"@type":"ListItem","position":1,"name":"In\u00edcio","item":"https:\/\/diariodepe.com.br\/cri\/"},{"@type":"ListItem","position":2,"name":"De onde vem a resili\u00eancia do com\u00e9rcio exterior chin\u00eas?"}]},{"@type":"WebSite","@id":"https:\/\/diariodepe.com.br\/cri\/#website","url":"https:\/\/diariodepe.com.br\/cri\/","name":"CRI e Diario de Pernambuco","description":"R\u00e1dio Internacional da China","publisher":{"@id":"https:\/\/diariodepe.com.br\/cri\/#organization"},"potentialAction":[{"@type":"SearchAction","target":{"@type":"EntryPoint","urlTemplate":"https:\/\/diariodepe.com.br\/cri\/?s={search_term_string}"},"query-input":{"@type":"PropertyValueSpecification","valueRequired":true,"valueName":"search_term_string"}}],"inLanguage":"pt-BR"},{"@type":"Organization","@id":"https:\/\/diariodepe.com.br\/cri\/#organization","name":"CRI e Diario de Pernambuco","url":"https:\/\/diariodepe.com.br\/cri\/","logo":{"@type":"ImageObject","inLanguage":"pt-BR","@id":"https:\/\/diariodepe.com.br\/cri\/#\/schema\/logo\/image\/","url":"https:\/\/diariodepe.com.br\/cri\/wp-content\/uploads\/sites\/2\/2022\/12\/cropped-Logo.jpg","contentUrl":"https:\/\/diariodepe.com.br\/cri\/wp-content\/uploads\/sites\/2\/2022\/12\/cropped-Logo.jpg","width":700,"height":59,"caption":"CRI e Diario de Pernambuco"},"image":{"@id":"https:\/\/diariodepe.com.br\/cri\/#\/schema\/logo\/image\/"}},{"@type":"Person","@id":"https:\/\/diariodepe.com.br\/cri\/#\/schema\/person\/121bb28d84f1a5b1205ef4ce9c2e0c6b","name":"Ismael Lucas S. Pereira","image":{"@type":"ImageObject","inLanguage":"pt-BR","@id":"https:\/\/secure.gravatar.com\/avatar\/887a0f3b5a7ceea963a48499fb883ffce6b5037362def025c52c2505b15d63e4?s=96&d=mm&r=g","url":"https:\/\/secure.gravatar.com\/avatar\/887a0f3b5a7ceea963a48499fb883ffce6b5037362def025c52c2505b15d63e4?s=96&d=mm&r=g","contentUrl":"https:\/\/secure.gravatar.com\/avatar\/887a0f3b5a7ceea963a48499fb883ffce6b5037362def025c52c2505b15d63e4?s=96&d=mm&r=g","caption":"Ismael Lucas S. Pereira"},"url":"https:\/\/diariodepe.com.br\/cri\/author\/ismael-lucas\/"}]}},"cc_featured_image_caption":{"caption_text":false,"source_text":false,"source_url":false},"amp_enabled":true,"_links":{"self":[{"href":"https:\/\/diariodepe.com.br\/cri\/wp-json\/wp\/v2\/posts\/8322","targetHints":{"allow":["GET"]}}],"collection":[{"href":"https:\/\/diariodepe.com.br\/cri\/wp-json\/wp\/v2\/posts"}],"about":[{"href":"https:\/\/diariodepe.com.br\/cri\/wp-json\/wp\/v2\/types\/post"}],"author":[{"embeddable":true,"href":"https:\/\/diariodepe.com.br\/cri\/wp-json\/wp\/v2\/users\/2"}],"replies":[{"embeddable":true,"href":"https:\/\/diariodepe.com.br\/cri\/wp-json\/wp\/v2\/comments?post=8322"}],"version-history":[{"count":1,"href":"https:\/\/diariodepe.com.br\/cri\/wp-json\/wp\/v2\/posts\/8322\/revisions"}],"predecessor-version":[{"id":8323,"href":"https:\/\/diariodepe.com.br\/cri\/wp-json\/wp\/v2\/posts\/8322\/revisions\/8323"}],"wp:attachment":[{"href":"https:\/\/diariodepe.com.br\/cri\/wp-json\/wp\/v2\/media?parent=8322"}],"wp:term":[{"taxonomy":"category","embeddable":true,"href":"https:\/\/diariodepe.com.br\/cri\/wp-json\/wp\/v2\/categories?post=8322"},{"taxonomy":"post_tag","embeddable":true,"href":"https:\/\/diariodepe.com.br\/cri\/wp-json\/wp\/v2\/tags?post=8322"}],"curies":[{"name":"wp","href":"https:\/\/api.w.org\/{rel}","templated":true}]}}