{"id":8318,"date":"2025-05-21T00:15:12","date_gmt":"2025-05-21T03:15:12","guid":{"rendered":"https:\/\/diariodepe.com.br\/cri\/?p=8318"},"modified":"2025-05-21T00:15:12","modified_gmt":"2025-05-21T03:15:12","slug":"eua-devem-avancar-com-passos-mais-firmes-para-corrigir-seus-erros","status":"publish","type":"post","link":"https:\/\/diariodepe.com.br\/cri\/2025\/05\/21\/eua-devem-avancar-com-passos-mais-firmes-para-corrigir-seus-erros\/","title":{"rendered":"EUA devem avan\u00e7ar com passos mais firmes para corrigir seus erros"},"content":{"rendered":"<p><img decoding=\"async\" src=\"https:\/\/38picres.cgtn.com\/photoAlbum\/page\/performance\/img\/2025\/4\/14\/1744599494552_801.png\" width=\"100%\" height=\"auto\" \/><\/p>\n<p>Neste fim de semana, a pol\u00edtica tarif\u00e1ria dos EUA passou por altera\u00e7\u00f5es: em 12 de abril\u00a0(hor\u00e1rio de Washington),\u00a0os EUA anunciaram a isen\u00e7\u00e3o de \u201ctarifas rec\u00edprocas\u201d para computadores, smartphones, equipamentos para\u00a0fabrica\u00e7\u00e3o de semicondutores, circuitos integrados.<\/p>\n<p>Na noite de 13 de abril\u00a0(hor\u00e1rio de Beijing),\u00a0a China respondeu que esse \u00e9 apenas um pequeno passo dos\u00a0Estados Unidos para corrigir a pr\u00e1tica equivocada de impor tarifas unilaterais sob o pretexto de \u201creciprocidade\u201d.<\/p>\n<p>De fato, a retifica\u00e7\u00e3o\u00a0por parte do\u00a0governo dos EUA \u00e9 inevit\u00e1vel. Como o segundo maior importador e exportador de produtos intermedi\u00e1rios do mundo, os Estados Unidos\u00a0dependem cada vez mais de economias emergentes, como a China, que tem maior capacidade de manufatura e integra\u00e7\u00e3o industrial, especialmente na produ\u00e7\u00e3o de m\u00e9dio e alto padr\u00e3o.<\/p>\n<p>Institui\u00e7\u00f5es internacionais\u00a0indicam\u00a0que cerca de 90% da produ\u00e7\u00e3o e montagem dos\u00a0telefones celulares da Apple ocorre na China, e que as tarifas impostas pelos Estados Unidos\u00a0podem elevar o pre\u00e7o desses aparelhos entre 30% e 40%.<\/p>\n<p>Segundo estimativas\u00a0de\u00a0analistas do Bank of America, se a montagem final do iPhone fosse\u00a0transferida para os Estados Unidos, o custo aumentaria em 25%.\u00a0Caso essa mudan\u00e7a fosse combinada com as \u201ctarifas rec\u00edprocas\u201d, o custo total poderia subir at\u00e9 91%.<\/p>\n<p>Pode-se observar que os Estados Unidos superestimaram sua pr\u00f3pria capacidade industrial e subestimaram o grau de interliga\u00e7\u00e3o da cadeia industrial global. J\u00e1 foi provado que, desde que os Estados Unidos lan\u00e7aram as \u201ctarifas rec\u00edprocas\u201d,\u00a0em 2 de abril, a ordem econ\u00f4mica e comercial internacional foi prejudicada.\u00a0As\u00a0opera\u00e7\u00f5es comerciais e o cotidiano das pessoas foram impactados, e os pr\u00f3prios EUA t\u00eam sofrido cada vez mais com os efeitos desse movimento.<\/p>\n<p>A responsabilidade pela guerra comercial recai inteiramente sobre os Estados Unidos. A isen\u00e7\u00e3o de tarifas sobre alguns produtos pode ser considerada como uma a\u00e7\u00e3o corretiva por parte dos Estados Unidos. No entanto, o pa\u00eds deve\u00a0adotar medidas mais amplas, abolindo completamente a imposi\u00e7\u00e3o de \u201ctarifas rec\u00edprocas\u201d e promovendo rela\u00e7\u00f5es comerciais baseadas no respeito m\u00fatuo e no di\u00e1logo em condi\u00e7\u00f5es de igualdade com seus parceiros. Essa \u00e9 a \u00fanica via poss\u00edvel para resolver as diferen\u00e7as comerciais de forma est\u00e1vel e construtiva.<\/p>\n<p>&nbsp;<\/p>\n","protected":false},"excerpt":{"rendered":"<p>Neste fim de semana, a pol\u00edtica tarif\u00e1ria dos EUA passou por altera\u00e7\u00f5es: em 12 de abril\u00a0(hor\u00e1rio de Washington),\u00a0os EUA anunciaram a isen\u00e7\u00e3o de \u201ctarifas rec\u00edprocas\u201d para computadores, smartphones, equipamentos para\u00a0fabrica\u00e7\u00e3o de semicondutores, circuitos integrados. Na noite de 13 de abril\u00a0(hor\u00e1rio&#8230;<\/p>\n","protected":false},"author":2,"featured_media":0,"comment_status":"open","ping_status":"open","sticky":false,"template":"","format":"standard","meta":{"footnotes":""},"categories":[7],"tags":[],"class_list":["post-8318","post","type-post","status-publish","format-standard","hentry","category-visao"],"yoast_head":"<!-- This site is optimized with the Yoast SEO plugin v27.4 - https:\/\/yoast.com\/product\/yoast-seo-wordpress\/ -->\n<title>EUA devem avan\u00e7ar com passos mais firmes para corrigir seus erros - CRI e Diario de Pernambuco<\/title>\n<meta name=\"robots\" content=\"index, follow, max-snippet:-1, max-image-preview:large, max-video-preview:-1\" \/>\n<link rel=\"canonical\" href=\"https:\/\/diariodepe.com.br\/cri\/2025\/05\/21\/eua-devem-avancar-com-passos-mais-firmes-para-corrigir-seus-erros\/\" \/>\n<meta property=\"og:locale\" content=\"pt_BR\" \/>\n<meta property=\"og:type\" content=\"article\" \/>\n<meta property=\"og:title\" content=\"EUA devem avan\u00e7ar com passos mais firmes para corrigir seus erros - CRI e Diario de Pernambuco\" \/>\n<meta property=\"og:description\" content=\"Neste fim de semana, a pol\u00edtica tarif\u00e1ria dos EUA passou por altera\u00e7\u00f5es: em 12 de abril\u00a0(hor\u00e1rio de Washington),\u00a0os EUA anunciaram a isen\u00e7\u00e3o de \u201ctarifas rec\u00edprocas\u201d para computadores, smartphones, equipamentos para\u00a0fabrica\u00e7\u00e3o de semicondutores, circuitos integrados. Na noite de 13 de abril\u00a0(hor\u00e1rio...\" \/>\n<meta property=\"og:url\" content=\"https:\/\/diariodepe.com.br\/cri\/2025\/05\/21\/eua-devem-avancar-com-passos-mais-firmes-para-corrigir-seus-erros\/\" \/>\n<meta property=\"og:site_name\" content=\"CRI e Diario de Pernambuco\" \/>\n<meta property=\"article:published_time\" content=\"2025-05-21T03:15:12+00:00\" \/>\n<meta property=\"og:image\" content=\"https:\/\/38picres.cgtn.com\/photoAlbum\/page\/performance\/img\/2025\/4\/14\/1744599494552_801.png\" \/>\n<meta name=\"author\" content=\"Ismael Lucas S. Pereira\" \/>\n<meta name=\"twitter:card\" content=\"summary_large_image\" \/>\n<meta name=\"twitter:label1\" content=\"Escrito por\" \/>\n\t<meta name=\"twitter:data1\" content=\"Ismael Lucas S. Pereira\" \/>\n\t<meta name=\"twitter:label2\" content=\"Est. tempo de leitura\" \/>\n\t<meta name=\"twitter:data2\" content=\"3 minutos\" \/>\n<script type=\"application\/ld+json\" class=\"yoast-schema-graph\">{\"@context\":\"https:\\\/\\\/schema.org\",\"@graph\":[{\"@type\":\"Article\",\"@id\":\"https:\\\/\\\/diariodepe.com.br\\\/cri\\\/2025\\\/05\\\/21\\\/eua-devem-avancar-com-passos-mais-firmes-para-corrigir-seus-erros\\\/#article\",\"isPartOf\":{\"@id\":\"https:\\\/\\\/diariodepe.com.br\\\/cri\\\/2025\\\/05\\\/21\\\/eua-devem-avancar-com-passos-mais-firmes-para-corrigir-seus-erros\\\/\"},\"author\":{\"name\":\"Ismael Lucas S. Pereira\",\"@id\":\"https:\\\/\\\/diariodepe.com.br\\\/cri\\\/#\\\/schema\\\/person\\\/121bb28d84f1a5b1205ef4ce9c2e0c6b\"},\"headline\":\"EUA devem avan\u00e7ar com passos mais firmes para corrigir seus erros\",\"datePublished\":\"2025-05-21T03:15:12+00:00\",\"mainEntityOfPage\":{\"@id\":\"https:\\\/\\\/diariodepe.com.br\\\/cri\\\/2025\\\/05\\\/21\\\/eua-devem-avancar-com-passos-mais-firmes-para-corrigir-seus-erros\\\/\"},\"wordCount\":398,\"commentCount\":0,\"publisher\":{\"@id\":\"https:\\\/\\\/diariodepe.com.br\\\/cri\\\/#organization\"},\"image\":{\"@id\":\"https:\\\/\\\/diariodepe.com.br\\\/cri\\\/2025\\\/05\\\/21\\\/eua-devem-avancar-com-passos-mais-firmes-para-corrigir-seus-erros\\\/#primaryimage\"},\"thumbnailUrl\":\"https:\\\/\\\/38picres.cgtn.com\\\/photoAlbum\\\/page\\\/performance\\\/img\\\/2025\\\/4\\\/14\\\/1744599494552_801.png\",\"articleSection\":[\"Vis\u00e3o\"],\"inLanguage\":\"pt-BR\",\"potentialAction\":[{\"@type\":\"CommentAction\",\"name\":\"Comment\",\"target\":[\"https:\\\/\\\/diariodepe.com.br\\\/cri\\\/2025\\\/05\\\/21\\\/eua-devem-avancar-com-passos-mais-firmes-para-corrigir-seus-erros\\\/#respond\"]}]},{\"@type\":\"WebPage\",\"@id\":\"https:\\\/\\\/diariodepe.com.br\\\/cri\\\/2025\\\/05\\\/21\\\/eua-devem-avancar-com-passos-mais-firmes-para-corrigir-seus-erros\\\/\",\"url\":\"https:\\\/\\\/diariodepe.com.br\\\/cri\\\/2025\\\/05\\\/21\\\/eua-devem-avancar-com-passos-mais-firmes-para-corrigir-seus-erros\\\/\",\"name\":\"EUA devem avan\u00e7ar com passos mais firmes para corrigir seus erros - CRI e Diario de Pernambuco\",\"isPartOf\":{\"@id\":\"https:\\\/\\\/diariodepe.com.br\\\/cri\\\/#website\"},\"primaryImageOfPage\":{\"@id\":\"https:\\\/\\\/diariodepe.com.br\\\/cri\\\/2025\\\/05\\\/21\\\/eua-devem-avancar-com-passos-mais-firmes-para-corrigir-seus-erros\\\/#primaryimage\"},\"image\":{\"@id\":\"https:\\\/\\\/diariodepe.com.br\\\/cri\\\/2025\\\/05\\\/21\\\/eua-devem-avancar-com-passos-mais-firmes-para-corrigir-seus-erros\\\/#primaryimage\"},\"thumbnailUrl\":\"https:\\\/\\\/38picres.cgtn.com\\\/photoAlbum\\\/page\\\/performance\\\/img\\\/2025\\\/4\\\/14\\\/1744599494552_801.png\",\"datePublished\":\"2025-05-21T03:15:12+00:00\",\"breadcrumb\":{\"@id\":\"https:\\\/\\\/diariodepe.com.br\\\/cri\\\/2025\\\/05\\\/21\\\/eua-devem-avancar-com-passos-mais-firmes-para-corrigir-seus-erros\\\/#breadcrumb\"},\"inLanguage\":\"pt-BR\",\"potentialAction\":[{\"@type\":\"ReadAction\",\"target\":[\"https:\\\/\\\/diariodepe.com.br\\\/cri\\\/2025\\\/05\\\/21\\\/eua-devem-avancar-com-passos-mais-firmes-para-corrigir-seus-erros\\\/\"]}]},{\"@type\":\"ImageObject\",\"inLanguage\":\"pt-BR\",\"@id\":\"https:\\\/\\\/diariodepe.com.br\\\/cri\\\/2025\\\/05\\\/21\\\/eua-devem-avancar-com-passos-mais-firmes-para-corrigir-seus-erros\\\/#primaryimage\",\"url\":\"https:\\\/\\\/38picres.cgtn.com\\\/photoAlbum\\\/page\\\/performance\\\/img\\\/2025\\\/4\\\/14\\\/1744599494552_801.png\",\"contentUrl\":\"https:\\\/\\\/38picres.cgtn.com\\\/photoAlbum\\\/page\\\/performance\\\/img\\\/2025\\\/4\\\/14\\\/1744599494552_801.png\"},{\"@type\":\"BreadcrumbList\",\"@id\":\"https:\\\/\\\/diariodepe.com.br\\\/cri\\\/2025\\\/05\\\/21\\\/eua-devem-avancar-com-passos-mais-firmes-para-corrigir-seus-erros\\\/#breadcrumb\",\"itemListElement\":[{\"@type\":\"ListItem\",\"position\":1,\"name\":\"In\u00edcio\",\"item\":\"https:\\\/\\\/diariodepe.com.br\\\/cri\\\/\"},{\"@type\":\"ListItem\",\"position\":2,\"name\":\"EUA devem avan\u00e7ar com passos mais firmes para corrigir seus erros\"}]},{\"@type\":\"WebSite\",\"@id\":\"https:\\\/\\\/diariodepe.com.br\\\/cri\\\/#website\",\"url\":\"https:\\\/\\\/diariodepe.com.br\\\/cri\\\/\",\"name\":\"CRI e Diario de Pernambuco\",\"description\":\"R\u00e1dio Internacional da China\",\"publisher\":{\"@id\":\"https:\\\/\\\/diariodepe.com.br\\\/cri\\\/#organization\"},\"potentialAction\":[{\"@type\":\"SearchAction\",\"target\":{\"@type\":\"EntryPoint\",\"urlTemplate\":\"https:\\\/\\\/diariodepe.com.br\\\/cri\\\/?s={search_term_string}\"},\"query-input\":{\"@type\":\"PropertyValueSpecification\",\"valueRequired\":true,\"valueName\":\"search_term_string\"}}],\"inLanguage\":\"pt-BR\"},{\"@type\":\"Organization\",\"@id\":\"https:\\\/\\\/diariodepe.com.br\\\/cri\\\/#organization\",\"name\":\"CRI e Diario de Pernambuco\",\"url\":\"https:\\\/\\\/diariodepe.com.br\\\/cri\\\/\",\"logo\":{\"@type\":\"ImageObject\",\"inLanguage\":\"pt-BR\",\"@id\":\"https:\\\/\\\/diariodepe.com.br\\\/cri\\\/#\\\/schema\\\/logo\\\/image\\\/\",\"url\":\"https:\\\/\\\/diariodepe.com.br\\\/cri\\\/wp-content\\\/uploads\\\/sites\\\/2\\\/2022\\\/12\\\/cropped-Logo.jpg\",\"contentUrl\":\"https:\\\/\\\/diariodepe.com.br\\\/cri\\\/wp-content\\\/uploads\\\/sites\\\/2\\\/2022\\\/12\\\/cropped-Logo.jpg\",\"width\":700,\"height\":59,\"caption\":\"CRI e Diario de Pernambuco\"},\"image\":{\"@id\":\"https:\\\/\\\/diariodepe.com.br\\\/cri\\\/#\\\/schema\\\/logo\\\/image\\\/\"}},{\"@type\":\"Person\",\"@id\":\"https:\\\/\\\/diariodepe.com.br\\\/cri\\\/#\\\/schema\\\/person\\\/121bb28d84f1a5b1205ef4ce9c2e0c6b\",\"name\":\"Ismael Lucas S. Pereira\",\"image\":{\"@type\":\"ImageObject\",\"inLanguage\":\"pt-BR\",\"@id\":\"https:\\\/\\\/secure.gravatar.com\\\/avatar\\\/887a0f3b5a7ceea963a48499fb883ffce6b5037362def025c52c2505b15d63e4?s=96&d=mm&r=g\",\"url\":\"https:\\\/\\\/secure.gravatar.com\\\/avatar\\\/887a0f3b5a7ceea963a48499fb883ffce6b5037362def025c52c2505b15d63e4?s=96&d=mm&r=g\",\"contentUrl\":\"https:\\\/\\\/secure.gravatar.com\\\/avatar\\\/887a0f3b5a7ceea963a48499fb883ffce6b5037362def025c52c2505b15d63e4?s=96&d=mm&r=g\",\"caption\":\"Ismael Lucas S. Pereira\"},\"url\":\"https:\\\/\\\/diariodepe.com.br\\\/cri\\\/author\\\/ismael-lucas\\\/\"}]}<\/script>\n<!-- \/ Yoast SEO plugin. -->","yoast_head_json":{"title":"EUA devem avan\u00e7ar com passos mais firmes para corrigir seus erros - CRI e Diario de Pernambuco","robots":{"index":"index","follow":"follow","max-snippet":"max-snippet:-1","max-image-preview":"max-image-preview:large","max-video-preview":"max-video-preview:-1"},"canonical":"https:\/\/diariodepe.com.br\/cri\/2025\/05\/21\/eua-devem-avancar-com-passos-mais-firmes-para-corrigir-seus-erros\/","og_locale":"pt_BR","og_type":"article","og_title":"EUA devem avan\u00e7ar com passos mais firmes para corrigir seus erros - CRI e Diario de Pernambuco","og_description":"Neste fim de semana, a pol\u00edtica tarif\u00e1ria dos EUA passou por altera\u00e7\u00f5es: em 12 de abril\u00a0(hor\u00e1rio de Washington),\u00a0os EUA anunciaram a isen\u00e7\u00e3o de \u201ctarifas rec\u00edprocas\u201d para computadores, smartphones, equipamentos para\u00a0fabrica\u00e7\u00e3o de semicondutores, circuitos integrados. Na noite de 13 de abril\u00a0(hor\u00e1rio...","og_url":"https:\/\/diariodepe.com.br\/cri\/2025\/05\/21\/eua-devem-avancar-com-passos-mais-firmes-para-corrigir-seus-erros\/","og_site_name":"CRI e Diario de Pernambuco","article_published_time":"2025-05-21T03:15:12+00:00","og_image":[{"url":"https:\/\/38picres.cgtn.com\/photoAlbum\/page\/performance\/img\/2025\/4\/14\/1744599494552_801.png","type":"","width":"","height":""}],"author":"Ismael Lucas S. Pereira","twitter_card":"summary_large_image","twitter_misc":{"Escrito por":"Ismael Lucas S. Pereira","Est. tempo de leitura":"3 minutos"},"schema":{"@context":"https:\/\/schema.org","@graph":[{"@type":"Article","@id":"https:\/\/diariodepe.com.br\/cri\/2025\/05\/21\/eua-devem-avancar-com-passos-mais-firmes-para-corrigir-seus-erros\/#article","isPartOf":{"@id":"https:\/\/diariodepe.com.br\/cri\/2025\/05\/21\/eua-devem-avancar-com-passos-mais-firmes-para-corrigir-seus-erros\/"},"author":{"name":"Ismael Lucas S. Pereira","@id":"https:\/\/diariodepe.com.br\/cri\/#\/schema\/person\/121bb28d84f1a5b1205ef4ce9c2e0c6b"},"headline":"EUA devem avan\u00e7ar com passos mais firmes para corrigir seus erros","datePublished":"2025-05-21T03:15:12+00:00","mainEntityOfPage":{"@id":"https:\/\/diariodepe.com.br\/cri\/2025\/05\/21\/eua-devem-avancar-com-passos-mais-firmes-para-corrigir-seus-erros\/"},"wordCount":398,"commentCount":0,"publisher":{"@id":"https:\/\/diariodepe.com.br\/cri\/#organization"},"image":{"@id":"https:\/\/diariodepe.com.br\/cri\/2025\/05\/21\/eua-devem-avancar-com-passos-mais-firmes-para-corrigir-seus-erros\/#primaryimage"},"thumbnailUrl":"https:\/\/38picres.cgtn.com\/photoAlbum\/page\/performance\/img\/2025\/4\/14\/1744599494552_801.png","articleSection":["Vis\u00e3o"],"inLanguage":"pt-BR","potentialAction":[{"@type":"CommentAction","name":"Comment","target":["https:\/\/diariodepe.com.br\/cri\/2025\/05\/21\/eua-devem-avancar-com-passos-mais-firmes-para-corrigir-seus-erros\/#respond"]}]},{"@type":"WebPage","@id":"https:\/\/diariodepe.com.br\/cri\/2025\/05\/21\/eua-devem-avancar-com-passos-mais-firmes-para-corrigir-seus-erros\/","url":"https:\/\/diariodepe.com.br\/cri\/2025\/05\/21\/eua-devem-avancar-com-passos-mais-firmes-para-corrigir-seus-erros\/","name":"EUA devem avan\u00e7ar com passos mais firmes para corrigir seus erros - CRI e Diario de Pernambuco","isPartOf":{"@id":"https:\/\/diariodepe.com.br\/cri\/#website"},"primaryImageOfPage":{"@id":"https:\/\/diariodepe.com.br\/cri\/2025\/05\/21\/eua-devem-avancar-com-passos-mais-firmes-para-corrigir-seus-erros\/#primaryimage"},"image":{"@id":"https:\/\/diariodepe.com.br\/cri\/2025\/05\/21\/eua-devem-avancar-com-passos-mais-firmes-para-corrigir-seus-erros\/#primaryimage"},"thumbnailUrl":"https:\/\/38picres.cgtn.com\/photoAlbum\/page\/performance\/img\/2025\/4\/14\/1744599494552_801.png","datePublished":"2025-05-21T03:15:12+00:00","breadcrumb":{"@id":"https:\/\/diariodepe.com.br\/cri\/2025\/05\/21\/eua-devem-avancar-com-passos-mais-firmes-para-corrigir-seus-erros\/#breadcrumb"},"inLanguage":"pt-BR","potentialAction":[{"@type":"ReadAction","target":["https:\/\/diariodepe.com.br\/cri\/2025\/05\/21\/eua-devem-avancar-com-passos-mais-firmes-para-corrigir-seus-erros\/"]}]},{"@type":"ImageObject","inLanguage":"pt-BR","@id":"https:\/\/diariodepe.com.br\/cri\/2025\/05\/21\/eua-devem-avancar-com-passos-mais-firmes-para-corrigir-seus-erros\/#primaryimage","url":"https:\/\/38picres.cgtn.com\/photoAlbum\/page\/performance\/img\/2025\/4\/14\/1744599494552_801.png","contentUrl":"https:\/\/38picres.cgtn.com\/photoAlbum\/page\/performance\/img\/2025\/4\/14\/1744599494552_801.png"},{"@type":"BreadcrumbList","@id":"https:\/\/diariodepe.com.br\/cri\/2025\/05\/21\/eua-devem-avancar-com-passos-mais-firmes-para-corrigir-seus-erros\/#breadcrumb","itemListElement":[{"@type":"ListItem","position":1,"name":"In\u00edcio","item":"https:\/\/diariodepe.com.br\/cri\/"},{"@type":"ListItem","position":2,"name":"EUA devem avan\u00e7ar com passos mais firmes para corrigir seus erros"}]},{"@type":"WebSite","@id":"https:\/\/diariodepe.com.br\/cri\/#website","url":"https:\/\/diariodepe.com.br\/cri\/","name":"CRI e Diario de Pernambuco","description":"R\u00e1dio Internacional da China","publisher":{"@id":"https:\/\/diariodepe.com.br\/cri\/#organization"},"potentialAction":[{"@type":"SearchAction","target":{"@type":"EntryPoint","urlTemplate":"https:\/\/diariodepe.com.br\/cri\/?s={search_term_string}"},"query-input":{"@type":"PropertyValueSpecification","valueRequired":true,"valueName":"search_term_string"}}],"inLanguage":"pt-BR"},{"@type":"Organization","@id":"https:\/\/diariodepe.com.br\/cri\/#organization","name":"CRI e Diario de Pernambuco","url":"https:\/\/diariodepe.com.br\/cri\/","logo":{"@type":"ImageObject","inLanguage":"pt-BR","@id":"https:\/\/diariodepe.com.br\/cri\/#\/schema\/logo\/image\/","url":"https:\/\/diariodepe.com.br\/cri\/wp-content\/uploads\/sites\/2\/2022\/12\/cropped-Logo.jpg","contentUrl":"https:\/\/diariodepe.com.br\/cri\/wp-content\/uploads\/sites\/2\/2022\/12\/cropped-Logo.jpg","width":700,"height":59,"caption":"CRI e Diario de Pernambuco"},"image":{"@id":"https:\/\/diariodepe.com.br\/cri\/#\/schema\/logo\/image\/"}},{"@type":"Person","@id":"https:\/\/diariodepe.com.br\/cri\/#\/schema\/person\/121bb28d84f1a5b1205ef4ce9c2e0c6b","name":"Ismael Lucas S. Pereira","image":{"@type":"ImageObject","inLanguage":"pt-BR","@id":"https:\/\/secure.gravatar.com\/avatar\/887a0f3b5a7ceea963a48499fb883ffce6b5037362def025c52c2505b15d63e4?s=96&d=mm&r=g","url":"https:\/\/secure.gravatar.com\/avatar\/887a0f3b5a7ceea963a48499fb883ffce6b5037362def025c52c2505b15d63e4?s=96&d=mm&r=g","contentUrl":"https:\/\/secure.gravatar.com\/avatar\/887a0f3b5a7ceea963a48499fb883ffce6b5037362def025c52c2505b15d63e4?s=96&d=mm&r=g","caption":"Ismael Lucas S. Pereira"},"url":"https:\/\/diariodepe.com.br\/cri\/author\/ismael-lucas\/"}]}},"cc_featured_image_caption":{"caption_text":false,"source_text":false,"source_url":false},"amp_enabled":true,"_links":{"self":[{"href":"https:\/\/diariodepe.com.br\/cri\/wp-json\/wp\/v2\/posts\/8318","targetHints":{"allow":["GET"]}}],"collection":[{"href":"https:\/\/diariodepe.com.br\/cri\/wp-json\/wp\/v2\/posts"}],"about":[{"href":"https:\/\/diariodepe.com.br\/cri\/wp-json\/wp\/v2\/types\/post"}],"author":[{"embeddable":true,"href":"https:\/\/diariodepe.com.br\/cri\/wp-json\/wp\/v2\/users\/2"}],"replies":[{"embeddable":true,"href":"https:\/\/diariodepe.com.br\/cri\/wp-json\/wp\/v2\/comments?post=8318"}],"version-history":[{"count":1,"href":"https:\/\/diariodepe.com.br\/cri\/wp-json\/wp\/v2\/posts\/8318\/revisions"}],"predecessor-version":[{"id":8319,"href":"https:\/\/diariodepe.com.br\/cri\/wp-json\/wp\/v2\/posts\/8318\/revisions\/8319"}],"wp:attachment":[{"href":"https:\/\/diariodepe.com.br\/cri\/wp-json\/wp\/v2\/media?parent=8318"}],"wp:term":[{"taxonomy":"category","embeddable":true,"href":"https:\/\/diariodepe.com.br\/cri\/wp-json\/wp\/v2\/categories?post=8318"},{"taxonomy":"post_tag","embeddable":true,"href":"https:\/\/diariodepe.com.br\/cri\/wp-json\/wp\/v2\/tags?post=8318"}],"curies":[{"name":"wp","href":"https:\/\/api.w.org\/{rel}","templated":true}]}}