{"id":8314,"date":"2025-05-21T00:13:57","date_gmt":"2025-05-21T03:13:57","guid":{"rendered":"https:\/\/diariodepe.com.br\/cri\/?p=8314"},"modified":"2025-05-21T00:13:57","modified_gmt":"2025-05-21T03:13:57","slug":"xi-jinping-e-presidente-indonesio-prabowo-trocam-congratulacoes-pelo-75o-aniversario-de-lacos-diplomaticos","status":"publish","type":"post","link":"https:\/\/diariodepe.com.br\/cri\/2025\/05\/21\/xi-jinping-e-presidente-indonesio-prabowo-trocam-congratulacoes-pelo-75o-aniversario-de-lacos-diplomaticos\/","title":{"rendered":"Xi Jinping e presidente indon\u00e9sio Prabowo trocam congratula\u00e7\u00f5es pelo 75\u00ba anivers\u00e1rio de la\u00e7os diplom\u00e1ticos"},"content":{"rendered":"<p>O presidente chin\u00eas, Xi Jinping, trocou congratula\u00e7\u00f5es neste domingo com o presidente indon\u00e9sio, Prabowo Subianto, pelo 75\u00ba anivers\u00e1rio dos la\u00e7os diplom\u00e1ticos entre os dois pa\u00edses.<\/p>\n<p>Em uma mensagem de felicita\u00e7\u00f5es, Xi Jinping disse que, como vizinhas pr\u00f3ximas atrav\u00e9s do mar e boas parceiras que compartilham um futuro comum, a China e a Indon\u00e9sia permaneceram juntas nos bons e maus momentos e se engajaram em uma coopera\u00e7\u00e3o sincera nos \u00faltimos 75 anos, alcan\u00e7ando um progresso not\u00e1vel nas rela\u00e7\u00f5es bilaterais e promovendo uma amizade profundamente enraizada entre os dois povos.<\/p>\n<p>O presidente chin\u00eas lembrou suas duas reuni\u00f5es com Prabowo no ano passado, durante as quais os dois lados concordaram em apoiar firmemente as vis\u00f5es de desenvolvimento um do outro, avan\u00e7ar conjuntamente em seus respectivos caminhos para a moderniza\u00e7\u00e3o e construir uma comunidade China-Indon\u00e9sia com um futuro compartilhado com influ\u00eancia regional e global, de modo a elevar as rela\u00e7\u00f5es bilaterais a novos patamares.<\/p>\n<p>Tanto como grandes pa\u00edses em desenvolvimento quanto como membros importantes do Sul Global, a coopera\u00e7\u00e3o entre a China e a Indon\u00e9sia carrega significado estrat\u00e9gico e influ\u00eancia global, disse ele.<\/p>\n<p>Xi Jinping disse que ele atribui grande import\u00e2ncia ao desenvolvimento das rela\u00e7\u00f5es China-Indon\u00e9sia, expressando prontid\u00e3o para aproveitar o 75\u00ba anivers\u00e1rio do estabelecimento dos la\u00e7os diplom\u00e1ticos bilaterais como uma oportunidade para trabalhar em conjunto com o presidente Prabowo para aprofundar ainda mais a coopera\u00e7\u00e3o estrat\u00e9gica abrangente bilateral, fortalecer a coordena\u00e7\u00e3o estrat\u00e9gica multilateral, continuar enriquecendo as dimens\u00f5es da comunidade China-Indon\u00e9sia com um futuro compartilhado com as caracter\u00edsticas da nova era, e dar um exemplo de solidariedade e confian\u00e7a m\u00fatua entre principais pa\u00edses em desenvolvimento, um modelo de desenvolvimento comum e uma vanguarda da coopera\u00e7\u00e3o Sul-Sul, a fim de contribuir conjuntamente para a causa do progresso humano.<\/p>\n<p>Por sua vez, Prabowo, em nome do governo e do povo indon\u00e9sios, estendeu sinceros parab\u00e9ns a Xi Jinping e ao povo chin\u00eas por ocasi\u00e3o do 75\u00ba anivers\u00e1rio dos la\u00e7os diplom\u00e1ticos China-Indon\u00e9sia.<\/p>\n<p>A Indon\u00e9sia e a China desfrutam de uma amizade consagrada pelo tempo e de uma parceria forte e din\u00e2mica, e fizeram r\u00e1pidos progressos na coopera\u00e7\u00e3o bilateral nos &#8220;cinco pilares&#8221; de pol\u00edtica, economia, interc\u00e2mbio cultural e interpessoal, assuntos mar\u00edtimos e seguran\u00e7a, disse ele.<\/p>\n<p>Prabowo expressou a esperan\u00e7a de que ambos os lados continuem a aprofundar a coopera\u00e7\u00e3o e cimentar a amizade entre os dois povos, de modo a dar contribui\u00e7\u00f5es positivas para a paz e a estabilidade mundiais.<\/p>\n","protected":false},"excerpt":{"rendered":"<p>O presidente chin\u00eas, Xi Jinping, trocou congratula\u00e7\u00f5es neste domingo com o presidente indon\u00e9sio, Prabowo Subianto, pelo 75\u00ba anivers\u00e1rio dos la\u00e7os diplom\u00e1ticos entre os dois pa\u00edses. Em uma mensagem de felicita\u00e7\u00f5es, Xi Jinping disse que, como vizinhas pr\u00f3ximas atrav\u00e9s do mar&#8230;<\/p>\n","protected":false},"author":2,"featured_media":0,"comment_status":"open","ping_status":"open","sticky":false,"template":"","format":"standard","meta":{"footnotes":""},"categories":[3],"tags":[],"class_list":["post-8314","post","type-post","status-publish","format-standard","hentry","category-china"],"yoast_head":"<!-- This site is optimized with the Yoast SEO plugin v27.4 - https:\/\/yoast.com\/product\/yoast-seo-wordpress\/ -->\n<title>Xi Jinping e presidente indon\u00e9sio Prabowo trocam congratula\u00e7\u00f5es pelo 75\u00ba anivers\u00e1rio de la\u00e7os diplom\u00e1ticos - CRI e Diario de Pernambuco<\/title>\n<meta name=\"robots\" content=\"index, follow, max-snippet:-1, max-image-preview:large, max-video-preview:-1\" \/>\n<link rel=\"canonical\" href=\"https:\/\/diariodepe.com.br\/cri\/2025\/05\/21\/xi-jinping-e-presidente-indonesio-prabowo-trocam-congratulacoes-pelo-75o-aniversario-de-lacos-diplomaticos\/\" \/>\n<meta property=\"og:locale\" content=\"pt_BR\" \/>\n<meta property=\"og:type\" content=\"article\" \/>\n<meta property=\"og:title\" content=\"Xi Jinping e presidente indon\u00e9sio Prabowo trocam congratula\u00e7\u00f5es pelo 75\u00ba anivers\u00e1rio de la\u00e7os diplom\u00e1ticos - CRI e Diario de Pernambuco\" \/>\n<meta property=\"og:description\" content=\"O presidente chin\u00eas, Xi Jinping, trocou congratula\u00e7\u00f5es neste domingo com o presidente indon\u00e9sio, Prabowo Subianto, pelo 75\u00ba anivers\u00e1rio dos la\u00e7os diplom\u00e1ticos entre os dois pa\u00edses. Em uma mensagem de felicita\u00e7\u00f5es, Xi Jinping disse que, como vizinhas pr\u00f3ximas atrav\u00e9s do mar...\" \/>\n<meta property=\"og:url\" content=\"https:\/\/diariodepe.com.br\/cri\/2025\/05\/21\/xi-jinping-e-presidente-indonesio-prabowo-trocam-congratulacoes-pelo-75o-aniversario-de-lacos-diplomaticos\/\" \/>\n<meta property=\"og:site_name\" content=\"CRI e Diario de Pernambuco\" \/>\n<meta property=\"article:published_time\" content=\"2025-05-21T03:13:57+00:00\" \/>\n<meta name=\"author\" content=\"Ismael Lucas S. Pereira\" \/>\n<meta name=\"twitter:card\" content=\"summary_large_image\" \/>\n<meta name=\"twitter:label1\" content=\"Escrito por\" \/>\n\t<meta name=\"twitter:data1\" content=\"Ismael Lucas S. Pereira\" \/>\n\t<meta name=\"twitter:label2\" content=\"Est. tempo de leitura\" \/>\n\t<meta name=\"twitter:data2\" content=\"3 minutos\" \/>\n<script type=\"application\/ld+json\" class=\"yoast-schema-graph\">{\"@context\":\"https:\\\/\\\/schema.org\",\"@graph\":[{\"@type\":\"Article\",\"@id\":\"https:\\\/\\\/diariodepe.com.br\\\/cri\\\/2025\\\/05\\\/21\\\/xi-jinping-e-presidente-indonesio-prabowo-trocam-congratulacoes-pelo-75o-aniversario-de-lacos-diplomaticos\\\/#article\",\"isPartOf\":{\"@id\":\"https:\\\/\\\/diariodepe.com.br\\\/cri\\\/2025\\\/05\\\/21\\\/xi-jinping-e-presidente-indonesio-prabowo-trocam-congratulacoes-pelo-75o-aniversario-de-lacos-diplomaticos\\\/\"},\"author\":{\"name\":\"Ismael Lucas S. Pereira\",\"@id\":\"https:\\\/\\\/diariodepe.com.br\\\/cri\\\/#\\\/schema\\\/person\\\/121bb28d84f1a5b1205ef4ce9c2e0c6b\"},\"headline\":\"Xi Jinping e presidente indon\u00e9sio Prabowo trocam congratula\u00e7\u00f5es pelo 75\u00ba anivers\u00e1rio de la\u00e7os diplom\u00e1ticos\",\"datePublished\":\"2025-05-21T03:13:57+00:00\",\"mainEntityOfPage\":{\"@id\":\"https:\\\/\\\/diariodepe.com.br\\\/cri\\\/2025\\\/05\\\/21\\\/xi-jinping-e-presidente-indonesio-prabowo-trocam-congratulacoes-pelo-75o-aniversario-de-lacos-diplomaticos\\\/\"},\"wordCount\":470,\"commentCount\":0,\"publisher\":{\"@id\":\"https:\\\/\\\/diariodepe.com.br\\\/cri\\\/#organization\"},\"articleSection\":[\"China\"],\"inLanguage\":\"pt-BR\",\"potentialAction\":[{\"@type\":\"CommentAction\",\"name\":\"Comment\",\"target\":[\"https:\\\/\\\/diariodepe.com.br\\\/cri\\\/2025\\\/05\\\/21\\\/xi-jinping-e-presidente-indonesio-prabowo-trocam-congratulacoes-pelo-75o-aniversario-de-lacos-diplomaticos\\\/#respond\"]}]},{\"@type\":\"WebPage\",\"@id\":\"https:\\\/\\\/diariodepe.com.br\\\/cri\\\/2025\\\/05\\\/21\\\/xi-jinping-e-presidente-indonesio-prabowo-trocam-congratulacoes-pelo-75o-aniversario-de-lacos-diplomaticos\\\/\",\"url\":\"https:\\\/\\\/diariodepe.com.br\\\/cri\\\/2025\\\/05\\\/21\\\/xi-jinping-e-presidente-indonesio-prabowo-trocam-congratulacoes-pelo-75o-aniversario-de-lacos-diplomaticos\\\/\",\"name\":\"Xi Jinping e presidente indon\u00e9sio Prabowo trocam congratula\u00e7\u00f5es pelo 75\u00ba anivers\u00e1rio de la\u00e7os diplom\u00e1ticos - CRI e Diario de Pernambuco\",\"isPartOf\":{\"@id\":\"https:\\\/\\\/diariodepe.com.br\\\/cri\\\/#website\"},\"datePublished\":\"2025-05-21T03:13:57+00:00\",\"breadcrumb\":{\"@id\":\"https:\\\/\\\/diariodepe.com.br\\\/cri\\\/2025\\\/05\\\/21\\\/xi-jinping-e-presidente-indonesio-prabowo-trocam-congratulacoes-pelo-75o-aniversario-de-lacos-diplomaticos\\\/#breadcrumb\"},\"inLanguage\":\"pt-BR\",\"potentialAction\":[{\"@type\":\"ReadAction\",\"target\":[\"https:\\\/\\\/diariodepe.com.br\\\/cri\\\/2025\\\/05\\\/21\\\/xi-jinping-e-presidente-indonesio-prabowo-trocam-congratulacoes-pelo-75o-aniversario-de-lacos-diplomaticos\\\/\"]}]},{\"@type\":\"BreadcrumbList\",\"@id\":\"https:\\\/\\\/diariodepe.com.br\\\/cri\\\/2025\\\/05\\\/21\\\/xi-jinping-e-presidente-indonesio-prabowo-trocam-congratulacoes-pelo-75o-aniversario-de-lacos-diplomaticos\\\/#breadcrumb\",\"itemListElement\":[{\"@type\":\"ListItem\",\"position\":1,\"name\":\"In\u00edcio\",\"item\":\"https:\\\/\\\/diariodepe.com.br\\\/cri\\\/\"},{\"@type\":\"ListItem\",\"position\":2,\"name\":\"Xi Jinping e presidente indon\u00e9sio Prabowo trocam congratula\u00e7\u00f5es pelo 75\u00ba anivers\u00e1rio de la\u00e7os diplom\u00e1ticos\"}]},{\"@type\":\"WebSite\",\"@id\":\"https:\\\/\\\/diariodepe.com.br\\\/cri\\\/#website\",\"url\":\"https:\\\/\\\/diariodepe.com.br\\\/cri\\\/\",\"name\":\"CRI e Diario de Pernambuco\",\"description\":\"R\u00e1dio Internacional da China\",\"publisher\":{\"@id\":\"https:\\\/\\\/diariodepe.com.br\\\/cri\\\/#organization\"},\"potentialAction\":[{\"@type\":\"SearchAction\",\"target\":{\"@type\":\"EntryPoint\",\"urlTemplate\":\"https:\\\/\\\/diariodepe.com.br\\\/cri\\\/?s={search_term_string}\"},\"query-input\":{\"@type\":\"PropertyValueSpecification\",\"valueRequired\":true,\"valueName\":\"search_term_string\"}}],\"inLanguage\":\"pt-BR\"},{\"@type\":\"Organization\",\"@id\":\"https:\\\/\\\/diariodepe.com.br\\\/cri\\\/#organization\",\"name\":\"CRI e Diario de Pernambuco\",\"url\":\"https:\\\/\\\/diariodepe.com.br\\\/cri\\\/\",\"logo\":{\"@type\":\"ImageObject\",\"inLanguage\":\"pt-BR\",\"@id\":\"https:\\\/\\\/diariodepe.com.br\\\/cri\\\/#\\\/schema\\\/logo\\\/image\\\/\",\"url\":\"https:\\\/\\\/diariodepe.com.br\\\/cri\\\/wp-content\\\/uploads\\\/sites\\\/2\\\/2022\\\/12\\\/cropped-Logo.jpg\",\"contentUrl\":\"https:\\\/\\\/diariodepe.com.br\\\/cri\\\/wp-content\\\/uploads\\\/sites\\\/2\\\/2022\\\/12\\\/cropped-Logo.jpg\",\"width\":700,\"height\":59,\"caption\":\"CRI e Diario de Pernambuco\"},\"image\":{\"@id\":\"https:\\\/\\\/diariodepe.com.br\\\/cri\\\/#\\\/schema\\\/logo\\\/image\\\/\"}},{\"@type\":\"Person\",\"@id\":\"https:\\\/\\\/diariodepe.com.br\\\/cri\\\/#\\\/schema\\\/person\\\/121bb28d84f1a5b1205ef4ce9c2e0c6b\",\"name\":\"Ismael Lucas S. Pereira\",\"image\":{\"@type\":\"ImageObject\",\"inLanguage\":\"pt-BR\",\"@id\":\"https:\\\/\\\/secure.gravatar.com\\\/avatar\\\/887a0f3b5a7ceea963a48499fb883ffce6b5037362def025c52c2505b15d63e4?s=96&d=mm&r=g\",\"url\":\"https:\\\/\\\/secure.gravatar.com\\\/avatar\\\/887a0f3b5a7ceea963a48499fb883ffce6b5037362def025c52c2505b15d63e4?s=96&d=mm&r=g\",\"contentUrl\":\"https:\\\/\\\/secure.gravatar.com\\\/avatar\\\/887a0f3b5a7ceea963a48499fb883ffce6b5037362def025c52c2505b15d63e4?s=96&d=mm&r=g\",\"caption\":\"Ismael Lucas S. Pereira\"},\"url\":\"https:\\\/\\\/diariodepe.com.br\\\/cri\\\/author\\\/ismael-lucas\\\/\"}]}<\/script>\n<!-- \/ Yoast SEO plugin. -->","yoast_head_json":{"title":"Xi Jinping e presidente indon\u00e9sio Prabowo trocam congratula\u00e7\u00f5es pelo 75\u00ba anivers\u00e1rio de la\u00e7os diplom\u00e1ticos - CRI e Diario de Pernambuco","robots":{"index":"index","follow":"follow","max-snippet":"max-snippet:-1","max-image-preview":"max-image-preview:large","max-video-preview":"max-video-preview:-1"},"canonical":"https:\/\/diariodepe.com.br\/cri\/2025\/05\/21\/xi-jinping-e-presidente-indonesio-prabowo-trocam-congratulacoes-pelo-75o-aniversario-de-lacos-diplomaticos\/","og_locale":"pt_BR","og_type":"article","og_title":"Xi Jinping e presidente indon\u00e9sio Prabowo trocam congratula\u00e7\u00f5es pelo 75\u00ba anivers\u00e1rio de la\u00e7os diplom\u00e1ticos - CRI e Diario de Pernambuco","og_description":"O presidente chin\u00eas, Xi Jinping, trocou congratula\u00e7\u00f5es neste domingo com o presidente indon\u00e9sio, Prabowo Subianto, pelo 75\u00ba anivers\u00e1rio dos la\u00e7os diplom\u00e1ticos entre os dois pa\u00edses. Em uma mensagem de felicita\u00e7\u00f5es, Xi Jinping disse que, como vizinhas pr\u00f3ximas atrav\u00e9s do mar...","og_url":"https:\/\/diariodepe.com.br\/cri\/2025\/05\/21\/xi-jinping-e-presidente-indonesio-prabowo-trocam-congratulacoes-pelo-75o-aniversario-de-lacos-diplomaticos\/","og_site_name":"CRI e Diario de Pernambuco","article_published_time":"2025-05-21T03:13:57+00:00","author":"Ismael Lucas S. Pereira","twitter_card":"summary_large_image","twitter_misc":{"Escrito por":"Ismael Lucas S. Pereira","Est. tempo de leitura":"3 minutos"},"schema":{"@context":"https:\/\/schema.org","@graph":[{"@type":"Article","@id":"https:\/\/diariodepe.com.br\/cri\/2025\/05\/21\/xi-jinping-e-presidente-indonesio-prabowo-trocam-congratulacoes-pelo-75o-aniversario-de-lacos-diplomaticos\/#article","isPartOf":{"@id":"https:\/\/diariodepe.com.br\/cri\/2025\/05\/21\/xi-jinping-e-presidente-indonesio-prabowo-trocam-congratulacoes-pelo-75o-aniversario-de-lacos-diplomaticos\/"},"author":{"name":"Ismael Lucas S. Pereira","@id":"https:\/\/diariodepe.com.br\/cri\/#\/schema\/person\/121bb28d84f1a5b1205ef4ce9c2e0c6b"},"headline":"Xi Jinping e presidente indon\u00e9sio Prabowo trocam congratula\u00e7\u00f5es pelo 75\u00ba anivers\u00e1rio de la\u00e7os diplom\u00e1ticos","datePublished":"2025-05-21T03:13:57+00:00","mainEntityOfPage":{"@id":"https:\/\/diariodepe.com.br\/cri\/2025\/05\/21\/xi-jinping-e-presidente-indonesio-prabowo-trocam-congratulacoes-pelo-75o-aniversario-de-lacos-diplomaticos\/"},"wordCount":470,"commentCount":0,"publisher":{"@id":"https:\/\/diariodepe.com.br\/cri\/#organization"},"articleSection":["China"],"inLanguage":"pt-BR","potentialAction":[{"@type":"CommentAction","name":"Comment","target":["https:\/\/diariodepe.com.br\/cri\/2025\/05\/21\/xi-jinping-e-presidente-indonesio-prabowo-trocam-congratulacoes-pelo-75o-aniversario-de-lacos-diplomaticos\/#respond"]}]},{"@type":"WebPage","@id":"https:\/\/diariodepe.com.br\/cri\/2025\/05\/21\/xi-jinping-e-presidente-indonesio-prabowo-trocam-congratulacoes-pelo-75o-aniversario-de-lacos-diplomaticos\/","url":"https:\/\/diariodepe.com.br\/cri\/2025\/05\/21\/xi-jinping-e-presidente-indonesio-prabowo-trocam-congratulacoes-pelo-75o-aniversario-de-lacos-diplomaticos\/","name":"Xi Jinping e presidente indon\u00e9sio Prabowo trocam congratula\u00e7\u00f5es pelo 75\u00ba anivers\u00e1rio de la\u00e7os diplom\u00e1ticos - CRI e Diario de Pernambuco","isPartOf":{"@id":"https:\/\/diariodepe.com.br\/cri\/#website"},"datePublished":"2025-05-21T03:13:57+00:00","breadcrumb":{"@id":"https:\/\/diariodepe.com.br\/cri\/2025\/05\/21\/xi-jinping-e-presidente-indonesio-prabowo-trocam-congratulacoes-pelo-75o-aniversario-de-lacos-diplomaticos\/#breadcrumb"},"inLanguage":"pt-BR","potentialAction":[{"@type":"ReadAction","target":["https:\/\/diariodepe.com.br\/cri\/2025\/05\/21\/xi-jinping-e-presidente-indonesio-prabowo-trocam-congratulacoes-pelo-75o-aniversario-de-lacos-diplomaticos\/"]}]},{"@type":"BreadcrumbList","@id":"https:\/\/diariodepe.com.br\/cri\/2025\/05\/21\/xi-jinping-e-presidente-indonesio-prabowo-trocam-congratulacoes-pelo-75o-aniversario-de-lacos-diplomaticos\/#breadcrumb","itemListElement":[{"@type":"ListItem","position":1,"name":"In\u00edcio","item":"https:\/\/diariodepe.com.br\/cri\/"},{"@type":"ListItem","position":2,"name":"Xi Jinping e presidente indon\u00e9sio Prabowo trocam congratula\u00e7\u00f5es pelo 75\u00ba anivers\u00e1rio de la\u00e7os diplom\u00e1ticos"}]},{"@type":"WebSite","@id":"https:\/\/diariodepe.com.br\/cri\/#website","url":"https:\/\/diariodepe.com.br\/cri\/","name":"CRI e Diario de Pernambuco","description":"R\u00e1dio Internacional da China","publisher":{"@id":"https:\/\/diariodepe.com.br\/cri\/#organization"},"potentialAction":[{"@type":"SearchAction","target":{"@type":"EntryPoint","urlTemplate":"https:\/\/diariodepe.com.br\/cri\/?s={search_term_string}"},"query-input":{"@type":"PropertyValueSpecification","valueRequired":true,"valueName":"search_term_string"}}],"inLanguage":"pt-BR"},{"@type":"Organization","@id":"https:\/\/diariodepe.com.br\/cri\/#organization","name":"CRI e Diario de Pernambuco","url":"https:\/\/diariodepe.com.br\/cri\/","logo":{"@type":"ImageObject","inLanguage":"pt-BR","@id":"https:\/\/diariodepe.com.br\/cri\/#\/schema\/logo\/image\/","url":"https:\/\/diariodepe.com.br\/cri\/wp-content\/uploads\/sites\/2\/2022\/12\/cropped-Logo.jpg","contentUrl":"https:\/\/diariodepe.com.br\/cri\/wp-content\/uploads\/sites\/2\/2022\/12\/cropped-Logo.jpg","width":700,"height":59,"caption":"CRI e Diario de Pernambuco"},"image":{"@id":"https:\/\/diariodepe.com.br\/cri\/#\/schema\/logo\/image\/"}},{"@type":"Person","@id":"https:\/\/diariodepe.com.br\/cri\/#\/schema\/person\/121bb28d84f1a5b1205ef4ce9c2e0c6b","name":"Ismael Lucas S. Pereira","image":{"@type":"ImageObject","inLanguage":"pt-BR","@id":"https:\/\/secure.gravatar.com\/avatar\/887a0f3b5a7ceea963a48499fb883ffce6b5037362def025c52c2505b15d63e4?s=96&d=mm&r=g","url":"https:\/\/secure.gravatar.com\/avatar\/887a0f3b5a7ceea963a48499fb883ffce6b5037362def025c52c2505b15d63e4?s=96&d=mm&r=g","contentUrl":"https:\/\/secure.gravatar.com\/avatar\/887a0f3b5a7ceea963a48499fb883ffce6b5037362def025c52c2505b15d63e4?s=96&d=mm&r=g","caption":"Ismael Lucas S. Pereira"},"url":"https:\/\/diariodepe.com.br\/cri\/author\/ismael-lucas\/"}]}},"cc_featured_image_caption":{"caption_text":false,"source_text":false,"source_url":false},"amp_enabled":true,"_links":{"self":[{"href":"https:\/\/diariodepe.com.br\/cri\/wp-json\/wp\/v2\/posts\/8314","targetHints":{"allow":["GET"]}}],"collection":[{"href":"https:\/\/diariodepe.com.br\/cri\/wp-json\/wp\/v2\/posts"}],"about":[{"href":"https:\/\/diariodepe.com.br\/cri\/wp-json\/wp\/v2\/types\/post"}],"author":[{"embeddable":true,"href":"https:\/\/diariodepe.com.br\/cri\/wp-json\/wp\/v2\/users\/2"}],"replies":[{"embeddable":true,"href":"https:\/\/diariodepe.com.br\/cri\/wp-json\/wp\/v2\/comments?post=8314"}],"version-history":[{"count":1,"href":"https:\/\/diariodepe.com.br\/cri\/wp-json\/wp\/v2\/posts\/8314\/revisions"}],"predecessor-version":[{"id":8315,"href":"https:\/\/diariodepe.com.br\/cri\/wp-json\/wp\/v2\/posts\/8314\/revisions\/8315"}],"wp:attachment":[{"href":"https:\/\/diariodepe.com.br\/cri\/wp-json\/wp\/v2\/media?parent=8314"}],"wp:term":[{"taxonomy":"category","embeddable":true,"href":"https:\/\/diariodepe.com.br\/cri\/wp-json\/wp\/v2\/categories?post=8314"},{"taxonomy":"post_tag","embeddable":true,"href":"https:\/\/diariodepe.com.br\/cri\/wp-json\/wp\/v2\/tags?post=8314"}],"curies":[{"name":"wp","href":"https:\/\/api.w.org\/{rel}","templated":true}]}}