{"id":8306,"date":"2025-05-21T00:11:40","date_gmt":"2025-05-21T03:11:40","guid":{"rendered":"https:\/\/diariodepe.com.br\/cri\/?p=8306"},"modified":"2025-05-21T00:11:40","modified_gmt":"2025-05-21T03:11:40","slug":"xi-jinping-reune-se-com-primeiro-ministro-espanhol","status":"publish","type":"post","link":"https:\/\/diariodepe.com.br\/cri\/2025\/05\/21\/xi-jinping-reune-se-com-primeiro-ministro-espanhol\/","title":{"rendered":"Xi Jinping re\u00fane-se com primeiro-ministro espanhol"},"content":{"rendered":"<p><img decoding=\"async\" src=\"https:\/\/38picres.cgtn.com\/photoAlbum\/page\/performance\/img\/2025\/4\/11\/1744364632720_473.jpeg\" width=\"100%\" height=\"auto\" \/><\/p>\n<p>O presidente chin\u00eas, Xi Jinping, reuniu-se nesta sexta-feira (11)\u00a0em Beijing\u00a0com o primeiro-ministro espanhol, Pedro S\u00e1nchez.<\/p>\n<p>Xi Jinping\u00a0afirmou que as mudan\u00e7as no cen\u00e1rio global est\u00e3o se acelerando, enquanto os riscos e desafios se multiplicam. Segundo ele, somente por meio da unidade e da coopera\u00e7\u00e3o\u00a0os pa\u00edses poder\u00e3o manter a paz e a estabilidade mundiais, promovendo, ao mesmo tempo, o desenvolvimento e a prosperidade globais. Diante de uma conjuntura internacional cada vez mais turbulenta e complexa, o presidente chin\u00eas destacou a import\u00e2ncia do desenvolvimento s\u00f3lido e est\u00e1vel das rela\u00e7\u00f5es entre China e Espanha. Este ano marca o 20\u00ba anivers\u00e1rio do estabelecimento da parceria estrat\u00e9gica abrangente entre os dois pa\u00edses. A China est\u00e1 disposta a trabalhar com a Espanha para fortalecer essa parceria com maior determina\u00e7\u00e3o estrat\u00e9gica e dinamismo, visando melhorar o bem-estar dos dois povos, impulsionar as rela\u00e7\u00f5es entre a China e a Uni\u00e3o Europeia e contribuir de forma mais significativa para a paz, estabilidade e desenvolvimento globais.<\/p>\n<p>Xi ressaltou ainda que o crescente n\u00edvel de consumo e o potencial de transforma\u00e7\u00e3o industrial\u00a0da popula\u00e7\u00e3o chinesa, que soma 1,4 bilh\u00e3o de pessoas, dar\u00e3o um forte incentivo \u00e0 economia mundial. A China deseja cooperar com a Espanha para aproveitar as vantagens da complementaridade e dos benef\u00edcios m\u00fatuos, valorizando os mecanismos de coopera\u00e7\u00e3o econ\u00f4mica, comercial, cient\u00edfica e tecnol\u00f3gica.\u00a0As duas partes t\u00eam potencial a ser explorado em \u00e1reas como energias\u00a0renov\u00e1veis, manufatura de alta tecnologia e cidades inteligentes, com vistas \u00e0 obten\u00e7\u00e3o de resultados mais expressivos.<\/p>\n<p>O presidente chin\u00eas reiterou que a China sempre viu a Uni\u00e3o Europeia como um polo essencial do mundo multipolar e como uma for\u00e7a importante para a unidade e o desenvolvimento global. Nas atuais\u00a0circunst\u00e2ncias, \u00e9 de grande import\u00e2ncia construir,\u00a0em conjunto,\u00a0os quatro principais pilares da parceria entre China\u00a0e UE:\u00a0paz, crescimento, reforma e civiliza\u00e7\u00e3o. \u00c0s v\u00e9speras da celebra\u00e7\u00e3o do 50\u00ba anivers\u00e1rio das rela\u00e7\u00f5es diplom\u00e1ticas entre as duas partes, Xi Jinping expressou o desejo de impulsionar o relacionamento bilateral rumo \u00e0\u00a0estabilidade estrat\u00e9gica e ao progresso m\u00fatuo, em benef\u00edcio tanto dos povos quanto da comunidade internacional.<\/p>\n<p><img decoding=\"async\" src=\"https:\/\/38picres.cgtn.com\/photoAlbum\/page\/performance\/img\/2025\/4\/11\/1744364646290_713.jpeg\" width=\"100%\" height=\"auto\" \/><\/p>\n<p>Xi Jinping assinalou que n\u00e3o h\u00e1 vencedores em uma guerra tarif\u00e1ria e que confrontar o mundo significa isolar-se. Ao longo \u00faltimos 70 anos, o desenvolvimento da China sempre se baseou na autossufici\u00eancia e no trabalho duro,\u00a0nunca em favores alheios, tampouco temendo repress\u00f5es irracionais. Independentemente das mudan\u00e7as no ambiente externo, a China manter\u00e1 sua confian\u00e7a e continuar\u00e1 focada em seus pr\u00f3prios assuntos. Ele destacou que China e\u00a0UE s\u00e3o duas as maiores economias globais e defensoras da globaliza\u00e7\u00e3o e do livre com\u00e9rcio. Juntas, representam mais de um ter\u00e7o do PIB mundial, com uma rela\u00e7\u00e3o econ\u00f4mica estreita j\u00e1 consolidada.<\/p>\n<p>A China e a UE devem cumprir suas responsabilidades internacionais, salvaguardar conjuntamente a tend\u00eancia da globaliza\u00e7\u00e3o econ\u00f4mica e o ambiente de com\u00e9rcio internacional, resistirem \u00e0s pr\u00e1ticas unilaterais de intimida\u00e7\u00e3o, n\u00e3o apenas para defender seus direitos e interesses leg\u00edtimos, mas tamb\u00e9m para proteger a justi\u00e7a, a equidade e a ordem internacionais.<\/p>\n<p>Por sua vez, Pedro S\u00e1nchez declarou que a Espanha atribui grande import\u00e2ncia \u00e0s rela\u00e7\u00f5es com a China e segue de forma inabal\u00e1vel a pol\u00edtica de Uma S\u00f3 China. Manifestou o interesse em manter interc\u00e2mbios de alto n\u00edvel, aprofundar a coopera\u00e7\u00e3o nas \u00e1reas de com\u00e9rcio, investimento, inova\u00e7\u00e3o cient\u00edfica e tecnol\u00f3gica e energia verde, al\u00e9m de refor\u00e7ar os la\u00e7os em educa\u00e7\u00e3o, cultura e turismo, elevando as rela\u00e7\u00f5es bilaterais a um novo patamar.<\/p>\n<p>S\u00e1nchez acrescentou que a China \u00e9 um importante parceiro da\u00a0eu e que a Espanha apoia consistentemente o desenvolvimento est\u00e1vel das rela\u00e7\u00f5es UE-China. Afirmou tamb\u00e9m que a UE defende o com\u00e9rcio aberto e livre, \u00e9\u00a0comprometida com o multilateralismo e se op\u00f5e \u00e0 imposi\u00e7\u00e3o unilateral de tarifas. Frente ao cen\u00e1rio internacional complexo e desafiador, tanto a Espanha quanto a UE desejam fortalecer a comunica\u00e7\u00e3o e a coopera\u00e7\u00e3o com a China, preservar a ordem comercial global e enfrentar, em conjunto, desafios como as mudan\u00e7as clim\u00e1ticas e a pobreza, al\u00e9m de\u00a0salvaguardar os interesses comuns da comunidade internacional.<\/p>\n<p>Os dois l\u00edderes tamb\u00e9m trocaram opini\u00f5es sobre a crise na Ucr\u00e2nia.<\/p>\n","protected":false},"excerpt":{"rendered":"<p>O presidente chin\u00eas, Xi Jinping, reuniu-se nesta sexta-feira (11)\u00a0em Beijing\u00a0com o primeiro-ministro espanhol, Pedro S\u00e1nchez. Xi Jinping\u00a0afirmou que as mudan\u00e7as no cen\u00e1rio global est\u00e3o se acelerando, enquanto os riscos e desafios se multiplicam. Segundo ele, somente por meio da unidade&#8230;<\/p>\n","protected":false},"author":2,"featured_media":0,"comment_status":"open","ping_status":"open","sticky":false,"template":"","format":"standard","meta":{"footnotes":""},"categories":[8],"tags":[],"class_list":["post-8306","post","type-post","status-publish","format-standard","hentry","category-internacional"],"yoast_head":"<!-- This site is optimized with the Yoast SEO plugin v27.4 - https:\/\/yoast.com\/product\/yoast-seo-wordpress\/ -->\n<title>Xi Jinping re\u00fane-se com primeiro-ministro espanhol - CRI e Diario de Pernambuco<\/title>\n<meta name=\"robots\" content=\"index, follow, max-snippet:-1, max-image-preview:large, max-video-preview:-1\" \/>\n<link rel=\"canonical\" href=\"https:\/\/diariodepe.com.br\/cri\/2025\/05\/21\/xi-jinping-reune-se-com-primeiro-ministro-espanhol\/\" \/>\n<meta property=\"og:locale\" content=\"pt_BR\" \/>\n<meta property=\"og:type\" content=\"article\" \/>\n<meta property=\"og:title\" content=\"Xi Jinping re\u00fane-se com primeiro-ministro espanhol - CRI e Diario de Pernambuco\" \/>\n<meta property=\"og:description\" content=\"O presidente chin\u00eas, Xi Jinping, reuniu-se nesta sexta-feira (11)\u00a0em Beijing\u00a0com o primeiro-ministro espanhol, Pedro S\u00e1nchez. Xi Jinping\u00a0afirmou que as mudan\u00e7as no cen\u00e1rio global est\u00e3o se acelerando, enquanto os riscos e desafios se multiplicam. Segundo ele, somente por meio da unidade...\" \/>\n<meta property=\"og:url\" content=\"https:\/\/diariodepe.com.br\/cri\/2025\/05\/21\/xi-jinping-reune-se-com-primeiro-ministro-espanhol\/\" \/>\n<meta property=\"og:site_name\" content=\"CRI e Diario de Pernambuco\" \/>\n<meta property=\"article:published_time\" content=\"2025-05-21T03:11:40+00:00\" \/>\n<meta property=\"og:image\" content=\"https:\/\/38picres.cgtn.com\/photoAlbum\/page\/performance\/img\/2025\/4\/11\/1744364632720_473.jpeg\" \/>\n<meta name=\"author\" content=\"Ismael Lucas S. Pereira\" \/>\n<meta name=\"twitter:card\" content=\"summary_large_image\" \/>\n<meta name=\"twitter:label1\" content=\"Escrito por\" \/>\n\t<meta name=\"twitter:data1\" content=\"Ismael Lucas S. Pereira\" \/>\n\t<meta name=\"twitter:label2\" content=\"Est. tempo de leitura\" \/>\n\t<meta name=\"twitter:data2\" content=\"5 minutos\" \/>\n<script type=\"application\/ld+json\" class=\"yoast-schema-graph\">{\"@context\":\"https:\\\/\\\/schema.org\",\"@graph\":[{\"@type\":\"Article\",\"@id\":\"https:\\\/\\\/diariodepe.com.br\\\/cri\\\/2025\\\/05\\\/21\\\/xi-jinping-reune-se-com-primeiro-ministro-espanhol\\\/#article\",\"isPartOf\":{\"@id\":\"https:\\\/\\\/diariodepe.com.br\\\/cri\\\/2025\\\/05\\\/21\\\/xi-jinping-reune-se-com-primeiro-ministro-espanhol\\\/\"},\"author\":{\"name\":\"Ismael Lucas S. Pereira\",\"@id\":\"https:\\\/\\\/diariodepe.com.br\\\/cri\\\/#\\\/schema\\\/person\\\/121bb28d84f1a5b1205ef4ce9c2e0c6b\"},\"headline\":\"Xi Jinping re\u00fane-se com primeiro-ministro espanhol\",\"datePublished\":\"2025-05-21T03:11:40+00:00\",\"mainEntityOfPage\":{\"@id\":\"https:\\\/\\\/diariodepe.com.br\\\/cri\\\/2025\\\/05\\\/21\\\/xi-jinping-reune-se-com-primeiro-ministro-espanhol\\\/\"},\"wordCount\":767,\"commentCount\":0,\"publisher\":{\"@id\":\"https:\\\/\\\/diariodepe.com.br\\\/cri\\\/#organization\"},\"image\":{\"@id\":\"https:\\\/\\\/diariodepe.com.br\\\/cri\\\/2025\\\/05\\\/21\\\/xi-jinping-reune-se-com-primeiro-ministro-espanhol\\\/#primaryimage\"},\"thumbnailUrl\":\"https:\\\/\\\/38picres.cgtn.com\\\/photoAlbum\\\/page\\\/performance\\\/img\\\/2025\\\/4\\\/11\\\/1744364632720_473.jpeg\",\"articleSection\":[\"Internacional\"],\"inLanguage\":\"pt-BR\",\"potentialAction\":[{\"@type\":\"CommentAction\",\"name\":\"Comment\",\"target\":[\"https:\\\/\\\/diariodepe.com.br\\\/cri\\\/2025\\\/05\\\/21\\\/xi-jinping-reune-se-com-primeiro-ministro-espanhol\\\/#respond\"]}]},{\"@type\":\"WebPage\",\"@id\":\"https:\\\/\\\/diariodepe.com.br\\\/cri\\\/2025\\\/05\\\/21\\\/xi-jinping-reune-se-com-primeiro-ministro-espanhol\\\/\",\"url\":\"https:\\\/\\\/diariodepe.com.br\\\/cri\\\/2025\\\/05\\\/21\\\/xi-jinping-reune-se-com-primeiro-ministro-espanhol\\\/\",\"name\":\"Xi Jinping re\u00fane-se com primeiro-ministro espanhol - CRI e Diario de Pernambuco\",\"isPartOf\":{\"@id\":\"https:\\\/\\\/diariodepe.com.br\\\/cri\\\/#website\"},\"primaryImageOfPage\":{\"@id\":\"https:\\\/\\\/diariodepe.com.br\\\/cri\\\/2025\\\/05\\\/21\\\/xi-jinping-reune-se-com-primeiro-ministro-espanhol\\\/#primaryimage\"},\"image\":{\"@id\":\"https:\\\/\\\/diariodepe.com.br\\\/cri\\\/2025\\\/05\\\/21\\\/xi-jinping-reune-se-com-primeiro-ministro-espanhol\\\/#primaryimage\"},\"thumbnailUrl\":\"https:\\\/\\\/38picres.cgtn.com\\\/photoAlbum\\\/page\\\/performance\\\/img\\\/2025\\\/4\\\/11\\\/1744364632720_473.jpeg\",\"datePublished\":\"2025-05-21T03:11:40+00:00\",\"breadcrumb\":{\"@id\":\"https:\\\/\\\/diariodepe.com.br\\\/cri\\\/2025\\\/05\\\/21\\\/xi-jinping-reune-se-com-primeiro-ministro-espanhol\\\/#breadcrumb\"},\"inLanguage\":\"pt-BR\",\"potentialAction\":[{\"@type\":\"ReadAction\",\"target\":[\"https:\\\/\\\/diariodepe.com.br\\\/cri\\\/2025\\\/05\\\/21\\\/xi-jinping-reune-se-com-primeiro-ministro-espanhol\\\/\"]}]},{\"@type\":\"ImageObject\",\"inLanguage\":\"pt-BR\",\"@id\":\"https:\\\/\\\/diariodepe.com.br\\\/cri\\\/2025\\\/05\\\/21\\\/xi-jinping-reune-se-com-primeiro-ministro-espanhol\\\/#primaryimage\",\"url\":\"https:\\\/\\\/38picres.cgtn.com\\\/photoAlbum\\\/page\\\/performance\\\/img\\\/2025\\\/4\\\/11\\\/1744364632720_473.jpeg\",\"contentUrl\":\"https:\\\/\\\/38picres.cgtn.com\\\/photoAlbum\\\/page\\\/performance\\\/img\\\/2025\\\/4\\\/11\\\/1744364632720_473.jpeg\"},{\"@type\":\"BreadcrumbList\",\"@id\":\"https:\\\/\\\/diariodepe.com.br\\\/cri\\\/2025\\\/05\\\/21\\\/xi-jinping-reune-se-com-primeiro-ministro-espanhol\\\/#breadcrumb\",\"itemListElement\":[{\"@type\":\"ListItem\",\"position\":1,\"name\":\"In\u00edcio\",\"item\":\"https:\\\/\\\/diariodepe.com.br\\\/cri\\\/\"},{\"@type\":\"ListItem\",\"position\":2,\"name\":\"Xi Jinping re\u00fane-se com primeiro-ministro espanhol\"}]},{\"@type\":\"WebSite\",\"@id\":\"https:\\\/\\\/diariodepe.com.br\\\/cri\\\/#website\",\"url\":\"https:\\\/\\\/diariodepe.com.br\\\/cri\\\/\",\"name\":\"CRI e Diario de Pernambuco\",\"description\":\"R\u00e1dio Internacional da China\",\"publisher\":{\"@id\":\"https:\\\/\\\/diariodepe.com.br\\\/cri\\\/#organization\"},\"potentialAction\":[{\"@type\":\"SearchAction\",\"target\":{\"@type\":\"EntryPoint\",\"urlTemplate\":\"https:\\\/\\\/diariodepe.com.br\\\/cri\\\/?s={search_term_string}\"},\"query-input\":{\"@type\":\"PropertyValueSpecification\",\"valueRequired\":true,\"valueName\":\"search_term_string\"}}],\"inLanguage\":\"pt-BR\"},{\"@type\":\"Organization\",\"@id\":\"https:\\\/\\\/diariodepe.com.br\\\/cri\\\/#organization\",\"name\":\"CRI e Diario de Pernambuco\",\"url\":\"https:\\\/\\\/diariodepe.com.br\\\/cri\\\/\",\"logo\":{\"@type\":\"ImageObject\",\"inLanguage\":\"pt-BR\",\"@id\":\"https:\\\/\\\/diariodepe.com.br\\\/cri\\\/#\\\/schema\\\/logo\\\/image\\\/\",\"url\":\"https:\\\/\\\/diariodepe.com.br\\\/cri\\\/wp-content\\\/uploads\\\/sites\\\/2\\\/2022\\\/12\\\/cropped-Logo.jpg\",\"contentUrl\":\"https:\\\/\\\/diariodepe.com.br\\\/cri\\\/wp-content\\\/uploads\\\/sites\\\/2\\\/2022\\\/12\\\/cropped-Logo.jpg\",\"width\":700,\"height\":59,\"caption\":\"CRI e Diario de Pernambuco\"},\"image\":{\"@id\":\"https:\\\/\\\/diariodepe.com.br\\\/cri\\\/#\\\/schema\\\/logo\\\/image\\\/\"}},{\"@type\":\"Person\",\"@id\":\"https:\\\/\\\/diariodepe.com.br\\\/cri\\\/#\\\/schema\\\/person\\\/121bb28d84f1a5b1205ef4ce9c2e0c6b\",\"name\":\"Ismael Lucas S. Pereira\",\"image\":{\"@type\":\"ImageObject\",\"inLanguage\":\"pt-BR\",\"@id\":\"https:\\\/\\\/secure.gravatar.com\\\/avatar\\\/887a0f3b5a7ceea963a48499fb883ffce6b5037362def025c52c2505b15d63e4?s=96&d=mm&r=g\",\"url\":\"https:\\\/\\\/secure.gravatar.com\\\/avatar\\\/887a0f3b5a7ceea963a48499fb883ffce6b5037362def025c52c2505b15d63e4?s=96&d=mm&r=g\",\"contentUrl\":\"https:\\\/\\\/secure.gravatar.com\\\/avatar\\\/887a0f3b5a7ceea963a48499fb883ffce6b5037362def025c52c2505b15d63e4?s=96&d=mm&r=g\",\"caption\":\"Ismael Lucas S. Pereira\"},\"url\":\"https:\\\/\\\/diariodepe.com.br\\\/cri\\\/author\\\/ismael-lucas\\\/\"}]}<\/script>\n<!-- \/ Yoast SEO plugin. -->","yoast_head_json":{"title":"Xi Jinping re\u00fane-se com primeiro-ministro espanhol - CRI e Diario de Pernambuco","robots":{"index":"index","follow":"follow","max-snippet":"max-snippet:-1","max-image-preview":"max-image-preview:large","max-video-preview":"max-video-preview:-1"},"canonical":"https:\/\/diariodepe.com.br\/cri\/2025\/05\/21\/xi-jinping-reune-se-com-primeiro-ministro-espanhol\/","og_locale":"pt_BR","og_type":"article","og_title":"Xi Jinping re\u00fane-se com primeiro-ministro espanhol - CRI e Diario de Pernambuco","og_description":"O presidente chin\u00eas, Xi Jinping, reuniu-se nesta sexta-feira (11)\u00a0em Beijing\u00a0com o primeiro-ministro espanhol, Pedro S\u00e1nchez. Xi Jinping\u00a0afirmou que as mudan\u00e7as no cen\u00e1rio global est\u00e3o se acelerando, enquanto os riscos e desafios se multiplicam. Segundo ele, somente por meio da unidade...","og_url":"https:\/\/diariodepe.com.br\/cri\/2025\/05\/21\/xi-jinping-reune-se-com-primeiro-ministro-espanhol\/","og_site_name":"CRI e Diario de Pernambuco","article_published_time":"2025-05-21T03:11:40+00:00","og_image":[{"url":"https:\/\/38picres.cgtn.com\/photoAlbum\/page\/performance\/img\/2025\/4\/11\/1744364632720_473.jpeg","type":"","width":"","height":""}],"author":"Ismael Lucas S. Pereira","twitter_card":"summary_large_image","twitter_misc":{"Escrito por":"Ismael Lucas S. Pereira","Est. tempo de leitura":"5 minutos"},"schema":{"@context":"https:\/\/schema.org","@graph":[{"@type":"Article","@id":"https:\/\/diariodepe.com.br\/cri\/2025\/05\/21\/xi-jinping-reune-se-com-primeiro-ministro-espanhol\/#article","isPartOf":{"@id":"https:\/\/diariodepe.com.br\/cri\/2025\/05\/21\/xi-jinping-reune-se-com-primeiro-ministro-espanhol\/"},"author":{"name":"Ismael Lucas S. Pereira","@id":"https:\/\/diariodepe.com.br\/cri\/#\/schema\/person\/121bb28d84f1a5b1205ef4ce9c2e0c6b"},"headline":"Xi Jinping re\u00fane-se com primeiro-ministro espanhol","datePublished":"2025-05-21T03:11:40+00:00","mainEntityOfPage":{"@id":"https:\/\/diariodepe.com.br\/cri\/2025\/05\/21\/xi-jinping-reune-se-com-primeiro-ministro-espanhol\/"},"wordCount":767,"commentCount":0,"publisher":{"@id":"https:\/\/diariodepe.com.br\/cri\/#organization"},"image":{"@id":"https:\/\/diariodepe.com.br\/cri\/2025\/05\/21\/xi-jinping-reune-se-com-primeiro-ministro-espanhol\/#primaryimage"},"thumbnailUrl":"https:\/\/38picres.cgtn.com\/photoAlbum\/page\/performance\/img\/2025\/4\/11\/1744364632720_473.jpeg","articleSection":["Internacional"],"inLanguage":"pt-BR","potentialAction":[{"@type":"CommentAction","name":"Comment","target":["https:\/\/diariodepe.com.br\/cri\/2025\/05\/21\/xi-jinping-reune-se-com-primeiro-ministro-espanhol\/#respond"]}]},{"@type":"WebPage","@id":"https:\/\/diariodepe.com.br\/cri\/2025\/05\/21\/xi-jinping-reune-se-com-primeiro-ministro-espanhol\/","url":"https:\/\/diariodepe.com.br\/cri\/2025\/05\/21\/xi-jinping-reune-se-com-primeiro-ministro-espanhol\/","name":"Xi Jinping re\u00fane-se com primeiro-ministro espanhol - CRI e Diario de Pernambuco","isPartOf":{"@id":"https:\/\/diariodepe.com.br\/cri\/#website"},"primaryImageOfPage":{"@id":"https:\/\/diariodepe.com.br\/cri\/2025\/05\/21\/xi-jinping-reune-se-com-primeiro-ministro-espanhol\/#primaryimage"},"image":{"@id":"https:\/\/diariodepe.com.br\/cri\/2025\/05\/21\/xi-jinping-reune-se-com-primeiro-ministro-espanhol\/#primaryimage"},"thumbnailUrl":"https:\/\/38picres.cgtn.com\/photoAlbum\/page\/performance\/img\/2025\/4\/11\/1744364632720_473.jpeg","datePublished":"2025-05-21T03:11:40+00:00","breadcrumb":{"@id":"https:\/\/diariodepe.com.br\/cri\/2025\/05\/21\/xi-jinping-reune-se-com-primeiro-ministro-espanhol\/#breadcrumb"},"inLanguage":"pt-BR","potentialAction":[{"@type":"ReadAction","target":["https:\/\/diariodepe.com.br\/cri\/2025\/05\/21\/xi-jinping-reune-se-com-primeiro-ministro-espanhol\/"]}]},{"@type":"ImageObject","inLanguage":"pt-BR","@id":"https:\/\/diariodepe.com.br\/cri\/2025\/05\/21\/xi-jinping-reune-se-com-primeiro-ministro-espanhol\/#primaryimage","url":"https:\/\/38picres.cgtn.com\/photoAlbum\/page\/performance\/img\/2025\/4\/11\/1744364632720_473.jpeg","contentUrl":"https:\/\/38picres.cgtn.com\/photoAlbum\/page\/performance\/img\/2025\/4\/11\/1744364632720_473.jpeg"},{"@type":"BreadcrumbList","@id":"https:\/\/diariodepe.com.br\/cri\/2025\/05\/21\/xi-jinping-reune-se-com-primeiro-ministro-espanhol\/#breadcrumb","itemListElement":[{"@type":"ListItem","position":1,"name":"In\u00edcio","item":"https:\/\/diariodepe.com.br\/cri\/"},{"@type":"ListItem","position":2,"name":"Xi Jinping re\u00fane-se com primeiro-ministro espanhol"}]},{"@type":"WebSite","@id":"https:\/\/diariodepe.com.br\/cri\/#website","url":"https:\/\/diariodepe.com.br\/cri\/","name":"CRI e Diario de Pernambuco","description":"R\u00e1dio Internacional da China","publisher":{"@id":"https:\/\/diariodepe.com.br\/cri\/#organization"},"potentialAction":[{"@type":"SearchAction","target":{"@type":"EntryPoint","urlTemplate":"https:\/\/diariodepe.com.br\/cri\/?s={search_term_string}"},"query-input":{"@type":"PropertyValueSpecification","valueRequired":true,"valueName":"search_term_string"}}],"inLanguage":"pt-BR"},{"@type":"Organization","@id":"https:\/\/diariodepe.com.br\/cri\/#organization","name":"CRI e Diario de Pernambuco","url":"https:\/\/diariodepe.com.br\/cri\/","logo":{"@type":"ImageObject","inLanguage":"pt-BR","@id":"https:\/\/diariodepe.com.br\/cri\/#\/schema\/logo\/image\/","url":"https:\/\/diariodepe.com.br\/cri\/wp-content\/uploads\/sites\/2\/2022\/12\/cropped-Logo.jpg","contentUrl":"https:\/\/diariodepe.com.br\/cri\/wp-content\/uploads\/sites\/2\/2022\/12\/cropped-Logo.jpg","width":700,"height":59,"caption":"CRI e Diario de Pernambuco"},"image":{"@id":"https:\/\/diariodepe.com.br\/cri\/#\/schema\/logo\/image\/"}},{"@type":"Person","@id":"https:\/\/diariodepe.com.br\/cri\/#\/schema\/person\/121bb28d84f1a5b1205ef4ce9c2e0c6b","name":"Ismael Lucas S. Pereira","image":{"@type":"ImageObject","inLanguage":"pt-BR","@id":"https:\/\/secure.gravatar.com\/avatar\/887a0f3b5a7ceea963a48499fb883ffce6b5037362def025c52c2505b15d63e4?s=96&d=mm&r=g","url":"https:\/\/secure.gravatar.com\/avatar\/887a0f3b5a7ceea963a48499fb883ffce6b5037362def025c52c2505b15d63e4?s=96&d=mm&r=g","contentUrl":"https:\/\/secure.gravatar.com\/avatar\/887a0f3b5a7ceea963a48499fb883ffce6b5037362def025c52c2505b15d63e4?s=96&d=mm&r=g","caption":"Ismael Lucas S. Pereira"},"url":"https:\/\/diariodepe.com.br\/cri\/author\/ismael-lucas\/"}]}},"cc_featured_image_caption":{"caption_text":false,"source_text":false,"source_url":false},"amp_enabled":true,"_links":{"self":[{"href":"https:\/\/diariodepe.com.br\/cri\/wp-json\/wp\/v2\/posts\/8306","targetHints":{"allow":["GET"]}}],"collection":[{"href":"https:\/\/diariodepe.com.br\/cri\/wp-json\/wp\/v2\/posts"}],"about":[{"href":"https:\/\/diariodepe.com.br\/cri\/wp-json\/wp\/v2\/types\/post"}],"author":[{"embeddable":true,"href":"https:\/\/diariodepe.com.br\/cri\/wp-json\/wp\/v2\/users\/2"}],"replies":[{"embeddable":true,"href":"https:\/\/diariodepe.com.br\/cri\/wp-json\/wp\/v2\/comments?post=8306"}],"version-history":[{"count":1,"href":"https:\/\/diariodepe.com.br\/cri\/wp-json\/wp\/v2\/posts\/8306\/revisions"}],"predecessor-version":[{"id":8307,"href":"https:\/\/diariodepe.com.br\/cri\/wp-json\/wp\/v2\/posts\/8306\/revisions\/8307"}],"wp:attachment":[{"href":"https:\/\/diariodepe.com.br\/cri\/wp-json\/wp\/v2\/media?parent=8306"}],"wp:term":[{"taxonomy":"category","embeddable":true,"href":"https:\/\/diariodepe.com.br\/cri\/wp-json\/wp\/v2\/categories?post=8306"},{"taxonomy":"post_tag","embeddable":true,"href":"https:\/\/diariodepe.com.br\/cri\/wp-json\/wp\/v2\/tags?post=8306"}],"curies":[{"name":"wp","href":"https:\/\/api.w.org\/{rel}","templated":true}]}}