{"id":8304,"date":"2025-05-21T00:11:00","date_gmt":"2025-05-21T03:11:00","guid":{"rendered":"https:\/\/diariodepe.com.br\/cri\/?p=8304"},"modified":"2025-05-21T00:11:00","modified_gmt":"2025-05-21T03:11:00","slug":"xi-jinping-congratula-9a-cupula-da-celac","status":"publish","type":"post","link":"https:\/\/diariodepe.com.br\/cri\/2025\/05\/21\/xi-jinping-congratula-9a-cupula-da-celac\/","title":{"rendered":"Xi Jinping congratula 9\u00aa C\u00fapula da Celac"},"content":{"rendered":"<p><img decoding=\"async\" src=\"https:\/\/38picres.cgtn.com\/photoAlbum\/page\/performance\/img\/2025\/4\/10\/1744287242874_542.png\" width=\"100%\" height=\"auto\" \/><\/p>\n<p>O presidente chin\u00eas, Xi Jinping, enviou uma mensagem de congratula\u00e7\u00f5es \u00e0 9\u00aa C\u00fapula da Comunidade dos Estados Latino-Americanos e Caribenhos\u00a0(Celac), que foi inaugurada nesta quarta-feira\u00a0(9)\u00a0em Tegucigalpa, capital de Honduras.<\/p>\n<p>Em sua\u00a0mensagem, Xi Jinping ressaltou\u00a0que no contexto de uma\u00a0r\u00e1pida evolu\u00e7\u00e3o com transforma\u00e7\u00f5es n\u00e3o vistas em um s\u00e9culo, o \u201cSul Global\u201d,\u00a0que integra a China e os pa\u00edses latino-americanos e caribenhos,\u00a0segue crescendo de forma vigorosa. Ele desejou tamb\u00e9m grande \u00eaxito ao caminho de desenvolvimento e revitaliza\u00e7\u00e3o do pa\u00edses latino-americanos e caribenhos, e uma maior solidariedade entre os povos do \u201cSul Global\u201d.<\/p>\n<p>A Celac defende a independ\u00eancia, a autodetermina\u00e7\u00e3o, a unidade e o autofortalecimento, desempenhando um importante papel na salvaguarda da paz e da\u00a0estabilidade regionais, na promo\u00e7\u00e3o do desenvolvimento e da coopera\u00e7\u00e3o, e no impulsionamento da integra\u00e7\u00e3o regional, comentou.<\/p>\n<p>Xi Jinping reiterou que o relacionamento China-Celac, que j\u00e1 passou pelas prova\u00e7\u00f5es do cen\u00e1rio internacional, entrou em um novo est\u00e1gio de igualdade, benef\u00edcio rec\u00edproco, inova\u00e7\u00e3o, abertura e bem-estar\u00a0populacional. O aprofundamento da confian\u00e7a m\u00fatua pol\u00edtica,\u00a0a amplia\u00e7\u00e3o da coopera\u00e7\u00e3o pragm\u00e1tica\u00a0e o estreitamento dos interc\u00e2mbios cultural e interpessoal, t\u00eam beneficiado os povos latino-americano, caribenho\u00a0e chin\u00eas, al\u00e9m de estabelecer um modelo para a coopera\u00e7\u00e3o Sul-Sul. A China est\u00e1 disposta, juntamente\u00a0com os pa\u00edses\u00a0envolvidos, a promover a constru\u00e7\u00e3o da Comunidade com Futuro Compartilhado\u00a0China-Celac.<\/p>\n<p>O presidente chin\u00eas\u00a0ainda deu boas-vindas aos membros da Celac para que participem da quarta reuni\u00e3o ministerial do F\u00f3rum China-Celac,\u00a0que ser\u00e1 realizada em Beijing neste ano.<\/p>\n","protected":false},"excerpt":{"rendered":"<p>O presidente chin\u00eas, Xi Jinping, enviou uma mensagem de congratula\u00e7\u00f5es \u00e0 9\u00aa C\u00fapula da Comunidade dos Estados Latino-Americanos e Caribenhos\u00a0(Celac), que foi inaugurada nesta quarta-feira\u00a0(9)\u00a0em Tegucigalpa, capital de Honduras. Em sua\u00a0mensagem, Xi Jinping ressaltou\u00a0que no contexto de uma\u00a0r\u00e1pida evolu\u00e7\u00e3o com&#8230;<\/p>\n","protected":false},"author":2,"featured_media":0,"comment_status":"open","ping_status":"open","sticky":false,"template":"","format":"standard","meta":{"footnotes":""},"categories":[8],"tags":[],"class_list":["post-8304","post","type-post","status-publish","format-standard","hentry","category-internacional"],"yoast_head":"<!-- This site is optimized with the Yoast SEO plugin v27.4 - https:\/\/yoast.com\/product\/yoast-seo-wordpress\/ -->\n<title>Xi Jinping congratula 9\u00aa C\u00fapula da Celac - CRI e Diario de Pernambuco<\/title>\n<meta name=\"robots\" content=\"index, follow, max-snippet:-1, max-image-preview:large, max-video-preview:-1\" \/>\n<link rel=\"canonical\" href=\"https:\/\/diariodepe.com.br\/cri\/2025\/05\/21\/xi-jinping-congratula-9a-cupula-da-celac\/\" \/>\n<meta property=\"og:locale\" content=\"pt_BR\" \/>\n<meta property=\"og:type\" content=\"article\" \/>\n<meta property=\"og:title\" content=\"Xi Jinping congratula 9\u00aa C\u00fapula da Celac - CRI e Diario de Pernambuco\" \/>\n<meta property=\"og:description\" content=\"O presidente chin\u00eas, Xi Jinping, enviou uma mensagem de congratula\u00e7\u00f5es \u00e0 9\u00aa C\u00fapula da Comunidade dos Estados Latino-Americanos e Caribenhos\u00a0(Celac), que foi inaugurada nesta quarta-feira\u00a0(9)\u00a0em Tegucigalpa, capital de Honduras. Em sua\u00a0mensagem, Xi Jinping ressaltou\u00a0que no contexto de uma\u00a0r\u00e1pida evolu\u00e7\u00e3o com...\" \/>\n<meta property=\"og:url\" content=\"https:\/\/diariodepe.com.br\/cri\/2025\/05\/21\/xi-jinping-congratula-9a-cupula-da-celac\/\" \/>\n<meta property=\"og:site_name\" content=\"CRI e Diario de Pernambuco\" \/>\n<meta property=\"article:published_time\" content=\"2025-05-21T03:11:00+00:00\" \/>\n<meta property=\"og:image\" content=\"https:\/\/38picres.cgtn.com\/photoAlbum\/page\/performance\/img\/2025\/4\/10\/1744287242874_542.png\" \/>\n<meta name=\"author\" content=\"Ismael Lucas S. Pereira\" \/>\n<meta name=\"twitter:card\" content=\"summary_large_image\" \/>\n<meta name=\"twitter:label1\" content=\"Escrito por\" \/>\n\t<meta name=\"twitter:data1\" content=\"Ismael Lucas S. Pereira\" \/>\n\t<meta name=\"twitter:label2\" content=\"Est. tempo de leitura\" \/>\n\t<meta name=\"twitter:data2\" content=\"2 minutos\" \/>\n<script type=\"application\/ld+json\" class=\"yoast-schema-graph\">{\"@context\":\"https:\\\/\\\/schema.org\",\"@graph\":[{\"@type\":\"Article\",\"@id\":\"https:\\\/\\\/diariodepe.com.br\\\/cri\\\/2025\\\/05\\\/21\\\/xi-jinping-congratula-9a-cupula-da-celac\\\/#article\",\"isPartOf\":{\"@id\":\"https:\\\/\\\/diariodepe.com.br\\\/cri\\\/2025\\\/05\\\/21\\\/xi-jinping-congratula-9a-cupula-da-celac\\\/\"},\"author\":{\"name\":\"Ismael Lucas S. Pereira\",\"@id\":\"https:\\\/\\\/diariodepe.com.br\\\/cri\\\/#\\\/schema\\\/person\\\/121bb28d84f1a5b1205ef4ce9c2e0c6b\"},\"headline\":\"Xi Jinping congratula 9\u00aa C\u00fapula da Celac\",\"datePublished\":\"2025-05-21T03:11:00+00:00\",\"mainEntityOfPage\":{\"@id\":\"https:\\\/\\\/diariodepe.com.br\\\/cri\\\/2025\\\/05\\\/21\\\/xi-jinping-congratula-9a-cupula-da-celac\\\/\"},\"wordCount\":288,\"commentCount\":0,\"publisher\":{\"@id\":\"https:\\\/\\\/diariodepe.com.br\\\/cri\\\/#organization\"},\"image\":{\"@id\":\"https:\\\/\\\/diariodepe.com.br\\\/cri\\\/2025\\\/05\\\/21\\\/xi-jinping-congratula-9a-cupula-da-celac\\\/#primaryimage\"},\"thumbnailUrl\":\"https:\\\/\\\/38picres.cgtn.com\\\/photoAlbum\\\/page\\\/performance\\\/img\\\/2025\\\/4\\\/10\\\/1744287242874_542.png\",\"articleSection\":[\"Internacional\"],\"inLanguage\":\"pt-BR\",\"potentialAction\":[{\"@type\":\"CommentAction\",\"name\":\"Comment\",\"target\":[\"https:\\\/\\\/diariodepe.com.br\\\/cri\\\/2025\\\/05\\\/21\\\/xi-jinping-congratula-9a-cupula-da-celac\\\/#respond\"]}]},{\"@type\":\"WebPage\",\"@id\":\"https:\\\/\\\/diariodepe.com.br\\\/cri\\\/2025\\\/05\\\/21\\\/xi-jinping-congratula-9a-cupula-da-celac\\\/\",\"url\":\"https:\\\/\\\/diariodepe.com.br\\\/cri\\\/2025\\\/05\\\/21\\\/xi-jinping-congratula-9a-cupula-da-celac\\\/\",\"name\":\"Xi Jinping congratula 9\u00aa C\u00fapula da Celac - CRI e Diario de Pernambuco\",\"isPartOf\":{\"@id\":\"https:\\\/\\\/diariodepe.com.br\\\/cri\\\/#website\"},\"primaryImageOfPage\":{\"@id\":\"https:\\\/\\\/diariodepe.com.br\\\/cri\\\/2025\\\/05\\\/21\\\/xi-jinping-congratula-9a-cupula-da-celac\\\/#primaryimage\"},\"image\":{\"@id\":\"https:\\\/\\\/diariodepe.com.br\\\/cri\\\/2025\\\/05\\\/21\\\/xi-jinping-congratula-9a-cupula-da-celac\\\/#primaryimage\"},\"thumbnailUrl\":\"https:\\\/\\\/38picres.cgtn.com\\\/photoAlbum\\\/page\\\/performance\\\/img\\\/2025\\\/4\\\/10\\\/1744287242874_542.png\",\"datePublished\":\"2025-05-21T03:11:00+00:00\",\"breadcrumb\":{\"@id\":\"https:\\\/\\\/diariodepe.com.br\\\/cri\\\/2025\\\/05\\\/21\\\/xi-jinping-congratula-9a-cupula-da-celac\\\/#breadcrumb\"},\"inLanguage\":\"pt-BR\",\"potentialAction\":[{\"@type\":\"ReadAction\",\"target\":[\"https:\\\/\\\/diariodepe.com.br\\\/cri\\\/2025\\\/05\\\/21\\\/xi-jinping-congratula-9a-cupula-da-celac\\\/\"]}]},{\"@type\":\"ImageObject\",\"inLanguage\":\"pt-BR\",\"@id\":\"https:\\\/\\\/diariodepe.com.br\\\/cri\\\/2025\\\/05\\\/21\\\/xi-jinping-congratula-9a-cupula-da-celac\\\/#primaryimage\",\"url\":\"https:\\\/\\\/38picres.cgtn.com\\\/photoAlbum\\\/page\\\/performance\\\/img\\\/2025\\\/4\\\/10\\\/1744287242874_542.png\",\"contentUrl\":\"https:\\\/\\\/38picres.cgtn.com\\\/photoAlbum\\\/page\\\/performance\\\/img\\\/2025\\\/4\\\/10\\\/1744287242874_542.png\"},{\"@type\":\"BreadcrumbList\",\"@id\":\"https:\\\/\\\/diariodepe.com.br\\\/cri\\\/2025\\\/05\\\/21\\\/xi-jinping-congratula-9a-cupula-da-celac\\\/#breadcrumb\",\"itemListElement\":[{\"@type\":\"ListItem\",\"position\":1,\"name\":\"In\u00edcio\",\"item\":\"https:\\\/\\\/diariodepe.com.br\\\/cri\\\/\"},{\"@type\":\"ListItem\",\"position\":2,\"name\":\"Xi Jinping congratula 9\u00aa C\u00fapula da Celac\"}]},{\"@type\":\"WebSite\",\"@id\":\"https:\\\/\\\/diariodepe.com.br\\\/cri\\\/#website\",\"url\":\"https:\\\/\\\/diariodepe.com.br\\\/cri\\\/\",\"name\":\"CRI e Diario de Pernambuco\",\"description\":\"R\u00e1dio Internacional da China\",\"publisher\":{\"@id\":\"https:\\\/\\\/diariodepe.com.br\\\/cri\\\/#organization\"},\"potentialAction\":[{\"@type\":\"SearchAction\",\"target\":{\"@type\":\"EntryPoint\",\"urlTemplate\":\"https:\\\/\\\/diariodepe.com.br\\\/cri\\\/?s={search_term_string}\"},\"query-input\":{\"@type\":\"PropertyValueSpecification\",\"valueRequired\":true,\"valueName\":\"search_term_string\"}}],\"inLanguage\":\"pt-BR\"},{\"@type\":\"Organization\",\"@id\":\"https:\\\/\\\/diariodepe.com.br\\\/cri\\\/#organization\",\"name\":\"CRI e Diario de Pernambuco\",\"url\":\"https:\\\/\\\/diariodepe.com.br\\\/cri\\\/\",\"logo\":{\"@type\":\"ImageObject\",\"inLanguage\":\"pt-BR\",\"@id\":\"https:\\\/\\\/diariodepe.com.br\\\/cri\\\/#\\\/schema\\\/logo\\\/image\\\/\",\"url\":\"https:\\\/\\\/diariodepe.com.br\\\/cri\\\/wp-content\\\/uploads\\\/sites\\\/2\\\/2022\\\/12\\\/cropped-Logo.jpg\",\"contentUrl\":\"https:\\\/\\\/diariodepe.com.br\\\/cri\\\/wp-content\\\/uploads\\\/sites\\\/2\\\/2022\\\/12\\\/cropped-Logo.jpg\",\"width\":700,\"height\":59,\"caption\":\"CRI e Diario de Pernambuco\"},\"image\":{\"@id\":\"https:\\\/\\\/diariodepe.com.br\\\/cri\\\/#\\\/schema\\\/logo\\\/image\\\/\"}},{\"@type\":\"Person\",\"@id\":\"https:\\\/\\\/diariodepe.com.br\\\/cri\\\/#\\\/schema\\\/person\\\/121bb28d84f1a5b1205ef4ce9c2e0c6b\",\"name\":\"Ismael Lucas S. Pereira\",\"image\":{\"@type\":\"ImageObject\",\"inLanguage\":\"pt-BR\",\"@id\":\"https:\\\/\\\/secure.gravatar.com\\\/avatar\\\/887a0f3b5a7ceea963a48499fb883ffce6b5037362def025c52c2505b15d63e4?s=96&d=mm&r=g\",\"url\":\"https:\\\/\\\/secure.gravatar.com\\\/avatar\\\/887a0f3b5a7ceea963a48499fb883ffce6b5037362def025c52c2505b15d63e4?s=96&d=mm&r=g\",\"contentUrl\":\"https:\\\/\\\/secure.gravatar.com\\\/avatar\\\/887a0f3b5a7ceea963a48499fb883ffce6b5037362def025c52c2505b15d63e4?s=96&d=mm&r=g\",\"caption\":\"Ismael Lucas S. Pereira\"},\"url\":\"https:\\\/\\\/diariodepe.com.br\\\/cri\\\/author\\\/ismael-lucas\\\/\"}]}<\/script>\n<!-- \/ Yoast SEO plugin. -->","yoast_head_json":{"title":"Xi Jinping congratula 9\u00aa C\u00fapula da Celac - CRI e Diario de Pernambuco","robots":{"index":"index","follow":"follow","max-snippet":"max-snippet:-1","max-image-preview":"max-image-preview:large","max-video-preview":"max-video-preview:-1"},"canonical":"https:\/\/diariodepe.com.br\/cri\/2025\/05\/21\/xi-jinping-congratula-9a-cupula-da-celac\/","og_locale":"pt_BR","og_type":"article","og_title":"Xi Jinping congratula 9\u00aa C\u00fapula da Celac - CRI e Diario de Pernambuco","og_description":"O presidente chin\u00eas, Xi Jinping, enviou uma mensagem de congratula\u00e7\u00f5es \u00e0 9\u00aa C\u00fapula da Comunidade dos Estados Latino-Americanos e Caribenhos\u00a0(Celac), que foi inaugurada nesta quarta-feira\u00a0(9)\u00a0em Tegucigalpa, capital de Honduras. Em sua\u00a0mensagem, Xi Jinping ressaltou\u00a0que no contexto de uma\u00a0r\u00e1pida evolu\u00e7\u00e3o com...","og_url":"https:\/\/diariodepe.com.br\/cri\/2025\/05\/21\/xi-jinping-congratula-9a-cupula-da-celac\/","og_site_name":"CRI e Diario de Pernambuco","article_published_time":"2025-05-21T03:11:00+00:00","og_image":[{"url":"https:\/\/38picres.cgtn.com\/photoAlbum\/page\/performance\/img\/2025\/4\/10\/1744287242874_542.png","type":"","width":"","height":""}],"author":"Ismael Lucas S. Pereira","twitter_card":"summary_large_image","twitter_misc":{"Escrito por":"Ismael Lucas S. Pereira","Est. tempo de leitura":"2 minutos"},"schema":{"@context":"https:\/\/schema.org","@graph":[{"@type":"Article","@id":"https:\/\/diariodepe.com.br\/cri\/2025\/05\/21\/xi-jinping-congratula-9a-cupula-da-celac\/#article","isPartOf":{"@id":"https:\/\/diariodepe.com.br\/cri\/2025\/05\/21\/xi-jinping-congratula-9a-cupula-da-celac\/"},"author":{"name":"Ismael Lucas S. Pereira","@id":"https:\/\/diariodepe.com.br\/cri\/#\/schema\/person\/121bb28d84f1a5b1205ef4ce9c2e0c6b"},"headline":"Xi Jinping congratula 9\u00aa C\u00fapula da Celac","datePublished":"2025-05-21T03:11:00+00:00","mainEntityOfPage":{"@id":"https:\/\/diariodepe.com.br\/cri\/2025\/05\/21\/xi-jinping-congratula-9a-cupula-da-celac\/"},"wordCount":288,"commentCount":0,"publisher":{"@id":"https:\/\/diariodepe.com.br\/cri\/#organization"},"image":{"@id":"https:\/\/diariodepe.com.br\/cri\/2025\/05\/21\/xi-jinping-congratula-9a-cupula-da-celac\/#primaryimage"},"thumbnailUrl":"https:\/\/38picres.cgtn.com\/photoAlbum\/page\/performance\/img\/2025\/4\/10\/1744287242874_542.png","articleSection":["Internacional"],"inLanguage":"pt-BR","potentialAction":[{"@type":"CommentAction","name":"Comment","target":["https:\/\/diariodepe.com.br\/cri\/2025\/05\/21\/xi-jinping-congratula-9a-cupula-da-celac\/#respond"]}]},{"@type":"WebPage","@id":"https:\/\/diariodepe.com.br\/cri\/2025\/05\/21\/xi-jinping-congratula-9a-cupula-da-celac\/","url":"https:\/\/diariodepe.com.br\/cri\/2025\/05\/21\/xi-jinping-congratula-9a-cupula-da-celac\/","name":"Xi Jinping congratula 9\u00aa C\u00fapula da Celac - CRI e Diario de Pernambuco","isPartOf":{"@id":"https:\/\/diariodepe.com.br\/cri\/#website"},"primaryImageOfPage":{"@id":"https:\/\/diariodepe.com.br\/cri\/2025\/05\/21\/xi-jinping-congratula-9a-cupula-da-celac\/#primaryimage"},"image":{"@id":"https:\/\/diariodepe.com.br\/cri\/2025\/05\/21\/xi-jinping-congratula-9a-cupula-da-celac\/#primaryimage"},"thumbnailUrl":"https:\/\/38picres.cgtn.com\/photoAlbum\/page\/performance\/img\/2025\/4\/10\/1744287242874_542.png","datePublished":"2025-05-21T03:11:00+00:00","breadcrumb":{"@id":"https:\/\/diariodepe.com.br\/cri\/2025\/05\/21\/xi-jinping-congratula-9a-cupula-da-celac\/#breadcrumb"},"inLanguage":"pt-BR","potentialAction":[{"@type":"ReadAction","target":["https:\/\/diariodepe.com.br\/cri\/2025\/05\/21\/xi-jinping-congratula-9a-cupula-da-celac\/"]}]},{"@type":"ImageObject","inLanguage":"pt-BR","@id":"https:\/\/diariodepe.com.br\/cri\/2025\/05\/21\/xi-jinping-congratula-9a-cupula-da-celac\/#primaryimage","url":"https:\/\/38picres.cgtn.com\/photoAlbum\/page\/performance\/img\/2025\/4\/10\/1744287242874_542.png","contentUrl":"https:\/\/38picres.cgtn.com\/photoAlbum\/page\/performance\/img\/2025\/4\/10\/1744287242874_542.png"},{"@type":"BreadcrumbList","@id":"https:\/\/diariodepe.com.br\/cri\/2025\/05\/21\/xi-jinping-congratula-9a-cupula-da-celac\/#breadcrumb","itemListElement":[{"@type":"ListItem","position":1,"name":"In\u00edcio","item":"https:\/\/diariodepe.com.br\/cri\/"},{"@type":"ListItem","position":2,"name":"Xi Jinping congratula 9\u00aa C\u00fapula da Celac"}]},{"@type":"WebSite","@id":"https:\/\/diariodepe.com.br\/cri\/#website","url":"https:\/\/diariodepe.com.br\/cri\/","name":"CRI e Diario de Pernambuco","description":"R\u00e1dio Internacional da China","publisher":{"@id":"https:\/\/diariodepe.com.br\/cri\/#organization"},"potentialAction":[{"@type":"SearchAction","target":{"@type":"EntryPoint","urlTemplate":"https:\/\/diariodepe.com.br\/cri\/?s={search_term_string}"},"query-input":{"@type":"PropertyValueSpecification","valueRequired":true,"valueName":"search_term_string"}}],"inLanguage":"pt-BR"},{"@type":"Organization","@id":"https:\/\/diariodepe.com.br\/cri\/#organization","name":"CRI e Diario de Pernambuco","url":"https:\/\/diariodepe.com.br\/cri\/","logo":{"@type":"ImageObject","inLanguage":"pt-BR","@id":"https:\/\/diariodepe.com.br\/cri\/#\/schema\/logo\/image\/","url":"https:\/\/diariodepe.com.br\/cri\/wp-content\/uploads\/sites\/2\/2022\/12\/cropped-Logo.jpg","contentUrl":"https:\/\/diariodepe.com.br\/cri\/wp-content\/uploads\/sites\/2\/2022\/12\/cropped-Logo.jpg","width":700,"height":59,"caption":"CRI e Diario de Pernambuco"},"image":{"@id":"https:\/\/diariodepe.com.br\/cri\/#\/schema\/logo\/image\/"}},{"@type":"Person","@id":"https:\/\/diariodepe.com.br\/cri\/#\/schema\/person\/121bb28d84f1a5b1205ef4ce9c2e0c6b","name":"Ismael Lucas S. Pereira","image":{"@type":"ImageObject","inLanguage":"pt-BR","@id":"https:\/\/secure.gravatar.com\/avatar\/887a0f3b5a7ceea963a48499fb883ffce6b5037362def025c52c2505b15d63e4?s=96&d=mm&r=g","url":"https:\/\/secure.gravatar.com\/avatar\/887a0f3b5a7ceea963a48499fb883ffce6b5037362def025c52c2505b15d63e4?s=96&d=mm&r=g","contentUrl":"https:\/\/secure.gravatar.com\/avatar\/887a0f3b5a7ceea963a48499fb883ffce6b5037362def025c52c2505b15d63e4?s=96&d=mm&r=g","caption":"Ismael Lucas S. Pereira"},"url":"https:\/\/diariodepe.com.br\/cri\/author\/ismael-lucas\/"}]}},"cc_featured_image_caption":{"caption_text":false,"source_text":false,"source_url":false},"amp_enabled":true,"_links":{"self":[{"href":"https:\/\/diariodepe.com.br\/cri\/wp-json\/wp\/v2\/posts\/8304","targetHints":{"allow":["GET"]}}],"collection":[{"href":"https:\/\/diariodepe.com.br\/cri\/wp-json\/wp\/v2\/posts"}],"about":[{"href":"https:\/\/diariodepe.com.br\/cri\/wp-json\/wp\/v2\/types\/post"}],"author":[{"embeddable":true,"href":"https:\/\/diariodepe.com.br\/cri\/wp-json\/wp\/v2\/users\/2"}],"replies":[{"embeddable":true,"href":"https:\/\/diariodepe.com.br\/cri\/wp-json\/wp\/v2\/comments?post=8304"}],"version-history":[{"count":1,"href":"https:\/\/diariodepe.com.br\/cri\/wp-json\/wp\/v2\/posts\/8304\/revisions"}],"predecessor-version":[{"id":8305,"href":"https:\/\/diariodepe.com.br\/cri\/wp-json\/wp\/v2\/posts\/8304\/revisions\/8305"}],"wp:attachment":[{"href":"https:\/\/diariodepe.com.br\/cri\/wp-json\/wp\/v2\/media?parent=8304"}],"wp:term":[{"taxonomy":"category","embeddable":true,"href":"https:\/\/diariodepe.com.br\/cri\/wp-json\/wp\/v2\/categories?post=8304"},{"taxonomy":"post_tag","embeddable":true,"href":"https:\/\/diariodepe.com.br\/cri\/wp-json\/wp\/v2\/tags?post=8304"}],"curies":[{"name":"wp","href":"https:\/\/api.w.org\/{rel}","templated":true}]}}