{"id":8286,"date":"2025-05-18T22:36:04","date_gmt":"2025-05-19T01:36:04","guid":{"rendered":"https:\/\/diariodepe.com.br\/cri\/?p=8286"},"modified":"2025-05-18T22:36:04","modified_gmt":"2025-05-19T01:36:04","slug":"xi-jinping-parabeniza-34a-cupula-da-liga-arabe","status":"publish","type":"post","link":"https:\/\/diariodepe.com.br\/cri\/2025\/05\/18\/xi-jinping-parabeniza-34a-cupula-da-liga-arabe\/","title":{"rendered":"Xi Jinping parabeniza 34\u00aa C\u00fapula da Liga \u00c1rabe"},"content":{"rendered":"<p>O presidente chin\u00eas, Xi Jinping, parabenizou a realiza\u00e7\u00e3o da 34\u00aa C\u00fapula da Liga \u00c1rabe neste s\u00e1bado (17) em uma carta enviada ao presidente iraquiano, Abdul Latif Rashid, que ocupa a presid\u00eancia rotativa do Conselho da Liga \u00c1rabe.<\/p>\n<p>Xi Jinping apontou que, desde a sua funda\u00e7\u00e3o h\u00e1 80 anos, a Liga \u00c1rabe tem trabalhado pela uni\u00e3o e auto-fortalecimento do mundo \u00e1rabe, emitindo uma voz conjunta dos pa\u00edses da comunidade \u00e1rabe e promovendo a paz, a estabilidade e a prosperidade do Oriente M\u00e9dio.<\/p>\n<p>O l\u00edder ressaltou que as rela\u00e7\u00f5es entre a China e os estados \u00e1rabes prosperaram nos \u00faltimos anos e estabeleceram um exemplo de uni\u00e3o e coopera\u00e7\u00e3o entre os pa\u00edses em desenvolvimento. Ambos os lados t\u00eam se tratado com uma vis\u00e3o estrat\u00e9gica e de longo prazo.<\/p>\n<p>Xi Jinping afirmou que a China sempre ser\u00e1 um amigo e parceiro confi\u00e1vel das na\u00e7\u00f5es \u00e1rabes e permanecer\u00e1 firmemente ao lado das suas causas justas.<\/p>\n<p>O presidente tamb\u00e9m frisou que a China est\u00e1 disposta a trabalhar com os pa\u00edses \u00e1rabes para aprofundar a confian\u00e7a pol\u00edtica m\u00fatua, promover a coopera\u00e7\u00e3o mutuamente ben\u00e9fica, melhorar os interc\u00e2mbios interpessoais, avan\u00e7ar de m\u00e3os dadas nos caminhos de moderniza\u00e7\u00e3o de cada um e construir uma comunidade sino-\u00e1rabe com um futuro compartilhado em um n\u00edvel mais alto.<\/p>\n","protected":false},"excerpt":{"rendered":"<p>O presidente chin\u00eas, Xi Jinping, parabenizou a realiza\u00e7\u00e3o da 34\u00aa C\u00fapula da Liga \u00c1rabe neste s\u00e1bado (17) em uma carta enviada ao presidente iraquiano, Abdul Latif Rashid, que ocupa a presid\u00eancia rotativa do Conselho da Liga \u00c1rabe. Xi Jinping apontou&#8230;<\/p>\n","protected":false},"author":2,"featured_media":0,"comment_status":"open","ping_status":"open","sticky":false,"template":"","format":"standard","meta":{"footnotes":""},"categories":[3],"tags":[],"class_list":["post-8286","post","type-post","status-publish","format-standard","hentry","category-china"],"yoast_head":"<!-- This site is optimized with the Yoast SEO plugin v27.4 - https:\/\/yoast.com\/product\/yoast-seo-wordpress\/ -->\n<title>Xi Jinping parabeniza 34\u00aa C\u00fapula da Liga \u00c1rabe - CRI e Diario de Pernambuco<\/title>\n<meta name=\"robots\" content=\"index, follow, max-snippet:-1, max-image-preview:large, max-video-preview:-1\" \/>\n<link rel=\"canonical\" href=\"https:\/\/diariodepe.com.br\/cri\/2025\/05\/18\/xi-jinping-parabeniza-34a-cupula-da-liga-arabe\/\" \/>\n<meta property=\"og:locale\" content=\"pt_BR\" \/>\n<meta property=\"og:type\" content=\"article\" \/>\n<meta property=\"og:title\" content=\"Xi Jinping parabeniza 34\u00aa C\u00fapula da Liga \u00c1rabe - CRI e Diario de Pernambuco\" \/>\n<meta property=\"og:description\" content=\"O presidente chin\u00eas, Xi Jinping, parabenizou a realiza\u00e7\u00e3o da 34\u00aa C\u00fapula da Liga \u00c1rabe neste s\u00e1bado (17) em uma carta enviada ao presidente iraquiano, Abdul Latif Rashid, que ocupa a presid\u00eancia rotativa do Conselho da Liga \u00c1rabe. Xi Jinping apontou...\" \/>\n<meta property=\"og:url\" content=\"https:\/\/diariodepe.com.br\/cri\/2025\/05\/18\/xi-jinping-parabeniza-34a-cupula-da-liga-arabe\/\" \/>\n<meta property=\"og:site_name\" content=\"CRI e Diario de Pernambuco\" \/>\n<meta property=\"article:published_time\" content=\"2025-05-19T01:36:04+00:00\" \/>\n<meta name=\"author\" content=\"Ismael Lucas S. Pereira\" \/>\n<meta name=\"twitter:card\" content=\"summary_large_image\" \/>\n<meta name=\"twitter:label1\" content=\"Escrito por\" \/>\n\t<meta name=\"twitter:data1\" content=\"Ismael Lucas S. Pereira\" \/>\n<script type=\"application\/ld+json\" class=\"yoast-schema-graph\">{\"@context\":\"https:\\\/\\\/schema.org\",\"@graph\":[{\"@type\":\"Article\",\"@id\":\"https:\\\/\\\/diariodepe.com.br\\\/cri\\\/2025\\\/05\\\/18\\\/xi-jinping-parabeniza-34a-cupula-da-liga-arabe\\\/#article\",\"isPartOf\":{\"@id\":\"https:\\\/\\\/diariodepe.com.br\\\/cri\\\/2025\\\/05\\\/18\\\/xi-jinping-parabeniza-34a-cupula-da-liga-arabe\\\/\"},\"author\":{\"name\":\"Ismael Lucas S. Pereira\",\"@id\":\"https:\\\/\\\/diariodepe.com.br\\\/cri\\\/#\\\/schema\\\/person\\\/121bb28d84f1a5b1205ef4ce9c2e0c6b\"},\"headline\":\"Xi Jinping parabeniza 34\u00aa C\u00fapula da Liga \u00c1rabe\",\"datePublished\":\"2025-05-19T01:36:04+00:00\",\"mainEntityOfPage\":{\"@id\":\"https:\\\/\\\/diariodepe.com.br\\\/cri\\\/2025\\\/05\\\/18\\\/xi-jinping-parabeniza-34a-cupula-da-liga-arabe\\\/\"},\"wordCount\":242,\"commentCount\":0,\"publisher\":{\"@id\":\"https:\\\/\\\/diariodepe.com.br\\\/cri\\\/#organization\"},\"articleSection\":[\"China\"],\"inLanguage\":\"pt-BR\",\"potentialAction\":[{\"@type\":\"CommentAction\",\"name\":\"Comment\",\"target\":[\"https:\\\/\\\/diariodepe.com.br\\\/cri\\\/2025\\\/05\\\/18\\\/xi-jinping-parabeniza-34a-cupula-da-liga-arabe\\\/#respond\"]}]},{\"@type\":\"WebPage\",\"@id\":\"https:\\\/\\\/diariodepe.com.br\\\/cri\\\/2025\\\/05\\\/18\\\/xi-jinping-parabeniza-34a-cupula-da-liga-arabe\\\/\",\"url\":\"https:\\\/\\\/diariodepe.com.br\\\/cri\\\/2025\\\/05\\\/18\\\/xi-jinping-parabeniza-34a-cupula-da-liga-arabe\\\/\",\"name\":\"Xi Jinping parabeniza 34\u00aa C\u00fapula da Liga \u00c1rabe - CRI e Diario de Pernambuco\",\"isPartOf\":{\"@id\":\"https:\\\/\\\/diariodepe.com.br\\\/cri\\\/#website\"},\"datePublished\":\"2025-05-19T01:36:04+00:00\",\"breadcrumb\":{\"@id\":\"https:\\\/\\\/diariodepe.com.br\\\/cri\\\/2025\\\/05\\\/18\\\/xi-jinping-parabeniza-34a-cupula-da-liga-arabe\\\/#breadcrumb\"},\"inLanguage\":\"pt-BR\",\"potentialAction\":[{\"@type\":\"ReadAction\",\"target\":[\"https:\\\/\\\/diariodepe.com.br\\\/cri\\\/2025\\\/05\\\/18\\\/xi-jinping-parabeniza-34a-cupula-da-liga-arabe\\\/\"]}]},{\"@type\":\"BreadcrumbList\",\"@id\":\"https:\\\/\\\/diariodepe.com.br\\\/cri\\\/2025\\\/05\\\/18\\\/xi-jinping-parabeniza-34a-cupula-da-liga-arabe\\\/#breadcrumb\",\"itemListElement\":[{\"@type\":\"ListItem\",\"position\":1,\"name\":\"In\u00edcio\",\"item\":\"https:\\\/\\\/diariodepe.com.br\\\/cri\\\/\"},{\"@type\":\"ListItem\",\"position\":2,\"name\":\"Xi Jinping parabeniza 34\u00aa C\u00fapula da Liga \u00c1rabe\"}]},{\"@type\":\"WebSite\",\"@id\":\"https:\\\/\\\/diariodepe.com.br\\\/cri\\\/#website\",\"url\":\"https:\\\/\\\/diariodepe.com.br\\\/cri\\\/\",\"name\":\"CRI e Diario de Pernambuco\",\"description\":\"R\u00e1dio Internacional da China\",\"publisher\":{\"@id\":\"https:\\\/\\\/diariodepe.com.br\\\/cri\\\/#organization\"},\"potentialAction\":[{\"@type\":\"SearchAction\",\"target\":{\"@type\":\"EntryPoint\",\"urlTemplate\":\"https:\\\/\\\/diariodepe.com.br\\\/cri\\\/?s={search_term_string}\"},\"query-input\":{\"@type\":\"PropertyValueSpecification\",\"valueRequired\":true,\"valueName\":\"search_term_string\"}}],\"inLanguage\":\"pt-BR\"},{\"@type\":\"Organization\",\"@id\":\"https:\\\/\\\/diariodepe.com.br\\\/cri\\\/#organization\",\"name\":\"CRI e Diario de Pernambuco\",\"url\":\"https:\\\/\\\/diariodepe.com.br\\\/cri\\\/\",\"logo\":{\"@type\":\"ImageObject\",\"inLanguage\":\"pt-BR\",\"@id\":\"https:\\\/\\\/diariodepe.com.br\\\/cri\\\/#\\\/schema\\\/logo\\\/image\\\/\",\"url\":\"https:\\\/\\\/diariodepe.com.br\\\/cri\\\/wp-content\\\/uploads\\\/sites\\\/2\\\/2022\\\/12\\\/cropped-Logo.jpg\",\"contentUrl\":\"https:\\\/\\\/diariodepe.com.br\\\/cri\\\/wp-content\\\/uploads\\\/sites\\\/2\\\/2022\\\/12\\\/cropped-Logo.jpg\",\"width\":700,\"height\":59,\"caption\":\"CRI e Diario de Pernambuco\"},\"image\":{\"@id\":\"https:\\\/\\\/diariodepe.com.br\\\/cri\\\/#\\\/schema\\\/logo\\\/image\\\/\"}},{\"@type\":\"Person\",\"@id\":\"https:\\\/\\\/diariodepe.com.br\\\/cri\\\/#\\\/schema\\\/person\\\/121bb28d84f1a5b1205ef4ce9c2e0c6b\",\"name\":\"Ismael Lucas S. Pereira\",\"image\":{\"@type\":\"ImageObject\",\"inLanguage\":\"pt-BR\",\"@id\":\"https:\\\/\\\/secure.gravatar.com\\\/avatar\\\/887a0f3b5a7ceea963a48499fb883ffce6b5037362def025c52c2505b15d63e4?s=96&d=mm&r=g\",\"url\":\"https:\\\/\\\/secure.gravatar.com\\\/avatar\\\/887a0f3b5a7ceea963a48499fb883ffce6b5037362def025c52c2505b15d63e4?s=96&d=mm&r=g\",\"contentUrl\":\"https:\\\/\\\/secure.gravatar.com\\\/avatar\\\/887a0f3b5a7ceea963a48499fb883ffce6b5037362def025c52c2505b15d63e4?s=96&d=mm&r=g\",\"caption\":\"Ismael Lucas S. Pereira\"},\"url\":\"https:\\\/\\\/diariodepe.com.br\\\/cri\\\/author\\\/ismael-lucas\\\/\"}]}<\/script>\n<!-- \/ Yoast SEO plugin. -->","yoast_head_json":{"title":"Xi Jinping parabeniza 34\u00aa C\u00fapula da Liga \u00c1rabe - CRI e Diario de Pernambuco","robots":{"index":"index","follow":"follow","max-snippet":"max-snippet:-1","max-image-preview":"max-image-preview:large","max-video-preview":"max-video-preview:-1"},"canonical":"https:\/\/diariodepe.com.br\/cri\/2025\/05\/18\/xi-jinping-parabeniza-34a-cupula-da-liga-arabe\/","og_locale":"pt_BR","og_type":"article","og_title":"Xi Jinping parabeniza 34\u00aa C\u00fapula da Liga \u00c1rabe - CRI e Diario de Pernambuco","og_description":"O presidente chin\u00eas, Xi Jinping, parabenizou a realiza\u00e7\u00e3o da 34\u00aa C\u00fapula da Liga \u00c1rabe neste s\u00e1bado (17) em uma carta enviada ao presidente iraquiano, Abdul Latif Rashid, que ocupa a presid\u00eancia rotativa do Conselho da Liga \u00c1rabe. Xi Jinping apontou...","og_url":"https:\/\/diariodepe.com.br\/cri\/2025\/05\/18\/xi-jinping-parabeniza-34a-cupula-da-liga-arabe\/","og_site_name":"CRI e Diario de Pernambuco","article_published_time":"2025-05-19T01:36:04+00:00","author":"Ismael Lucas S. Pereira","twitter_card":"summary_large_image","twitter_misc":{"Escrito por":"Ismael Lucas S. Pereira"},"schema":{"@context":"https:\/\/schema.org","@graph":[{"@type":"Article","@id":"https:\/\/diariodepe.com.br\/cri\/2025\/05\/18\/xi-jinping-parabeniza-34a-cupula-da-liga-arabe\/#article","isPartOf":{"@id":"https:\/\/diariodepe.com.br\/cri\/2025\/05\/18\/xi-jinping-parabeniza-34a-cupula-da-liga-arabe\/"},"author":{"name":"Ismael Lucas S. Pereira","@id":"https:\/\/diariodepe.com.br\/cri\/#\/schema\/person\/121bb28d84f1a5b1205ef4ce9c2e0c6b"},"headline":"Xi Jinping parabeniza 34\u00aa C\u00fapula da Liga \u00c1rabe","datePublished":"2025-05-19T01:36:04+00:00","mainEntityOfPage":{"@id":"https:\/\/diariodepe.com.br\/cri\/2025\/05\/18\/xi-jinping-parabeniza-34a-cupula-da-liga-arabe\/"},"wordCount":242,"commentCount":0,"publisher":{"@id":"https:\/\/diariodepe.com.br\/cri\/#organization"},"articleSection":["China"],"inLanguage":"pt-BR","potentialAction":[{"@type":"CommentAction","name":"Comment","target":["https:\/\/diariodepe.com.br\/cri\/2025\/05\/18\/xi-jinping-parabeniza-34a-cupula-da-liga-arabe\/#respond"]}]},{"@type":"WebPage","@id":"https:\/\/diariodepe.com.br\/cri\/2025\/05\/18\/xi-jinping-parabeniza-34a-cupula-da-liga-arabe\/","url":"https:\/\/diariodepe.com.br\/cri\/2025\/05\/18\/xi-jinping-parabeniza-34a-cupula-da-liga-arabe\/","name":"Xi Jinping parabeniza 34\u00aa C\u00fapula da Liga \u00c1rabe - CRI e Diario de Pernambuco","isPartOf":{"@id":"https:\/\/diariodepe.com.br\/cri\/#website"},"datePublished":"2025-05-19T01:36:04+00:00","breadcrumb":{"@id":"https:\/\/diariodepe.com.br\/cri\/2025\/05\/18\/xi-jinping-parabeniza-34a-cupula-da-liga-arabe\/#breadcrumb"},"inLanguage":"pt-BR","potentialAction":[{"@type":"ReadAction","target":["https:\/\/diariodepe.com.br\/cri\/2025\/05\/18\/xi-jinping-parabeniza-34a-cupula-da-liga-arabe\/"]}]},{"@type":"BreadcrumbList","@id":"https:\/\/diariodepe.com.br\/cri\/2025\/05\/18\/xi-jinping-parabeniza-34a-cupula-da-liga-arabe\/#breadcrumb","itemListElement":[{"@type":"ListItem","position":1,"name":"In\u00edcio","item":"https:\/\/diariodepe.com.br\/cri\/"},{"@type":"ListItem","position":2,"name":"Xi Jinping parabeniza 34\u00aa C\u00fapula da Liga \u00c1rabe"}]},{"@type":"WebSite","@id":"https:\/\/diariodepe.com.br\/cri\/#website","url":"https:\/\/diariodepe.com.br\/cri\/","name":"CRI e Diario de Pernambuco","description":"R\u00e1dio Internacional da China","publisher":{"@id":"https:\/\/diariodepe.com.br\/cri\/#organization"},"potentialAction":[{"@type":"SearchAction","target":{"@type":"EntryPoint","urlTemplate":"https:\/\/diariodepe.com.br\/cri\/?s={search_term_string}"},"query-input":{"@type":"PropertyValueSpecification","valueRequired":true,"valueName":"search_term_string"}}],"inLanguage":"pt-BR"},{"@type":"Organization","@id":"https:\/\/diariodepe.com.br\/cri\/#organization","name":"CRI e Diario de Pernambuco","url":"https:\/\/diariodepe.com.br\/cri\/","logo":{"@type":"ImageObject","inLanguage":"pt-BR","@id":"https:\/\/diariodepe.com.br\/cri\/#\/schema\/logo\/image\/","url":"https:\/\/diariodepe.com.br\/cri\/wp-content\/uploads\/sites\/2\/2022\/12\/cropped-Logo.jpg","contentUrl":"https:\/\/diariodepe.com.br\/cri\/wp-content\/uploads\/sites\/2\/2022\/12\/cropped-Logo.jpg","width":700,"height":59,"caption":"CRI e Diario de Pernambuco"},"image":{"@id":"https:\/\/diariodepe.com.br\/cri\/#\/schema\/logo\/image\/"}},{"@type":"Person","@id":"https:\/\/diariodepe.com.br\/cri\/#\/schema\/person\/121bb28d84f1a5b1205ef4ce9c2e0c6b","name":"Ismael Lucas S. Pereira","image":{"@type":"ImageObject","inLanguage":"pt-BR","@id":"https:\/\/secure.gravatar.com\/avatar\/887a0f3b5a7ceea963a48499fb883ffce6b5037362def025c52c2505b15d63e4?s=96&d=mm&r=g","url":"https:\/\/secure.gravatar.com\/avatar\/887a0f3b5a7ceea963a48499fb883ffce6b5037362def025c52c2505b15d63e4?s=96&d=mm&r=g","contentUrl":"https:\/\/secure.gravatar.com\/avatar\/887a0f3b5a7ceea963a48499fb883ffce6b5037362def025c52c2505b15d63e4?s=96&d=mm&r=g","caption":"Ismael Lucas S. Pereira"},"url":"https:\/\/diariodepe.com.br\/cri\/author\/ismael-lucas\/"}]}},"cc_featured_image_caption":{"caption_text":false,"source_text":false,"source_url":false},"amp_enabled":true,"_links":{"self":[{"href":"https:\/\/diariodepe.com.br\/cri\/wp-json\/wp\/v2\/posts\/8286","targetHints":{"allow":["GET"]}}],"collection":[{"href":"https:\/\/diariodepe.com.br\/cri\/wp-json\/wp\/v2\/posts"}],"about":[{"href":"https:\/\/diariodepe.com.br\/cri\/wp-json\/wp\/v2\/types\/post"}],"author":[{"embeddable":true,"href":"https:\/\/diariodepe.com.br\/cri\/wp-json\/wp\/v2\/users\/2"}],"replies":[{"embeddable":true,"href":"https:\/\/diariodepe.com.br\/cri\/wp-json\/wp\/v2\/comments?post=8286"}],"version-history":[{"count":1,"href":"https:\/\/diariodepe.com.br\/cri\/wp-json\/wp\/v2\/posts\/8286\/revisions"}],"predecessor-version":[{"id":8287,"href":"https:\/\/diariodepe.com.br\/cri\/wp-json\/wp\/v2\/posts\/8286\/revisions\/8287"}],"wp:attachment":[{"href":"https:\/\/diariodepe.com.br\/cri\/wp-json\/wp\/v2\/media?parent=8286"}],"wp:term":[{"taxonomy":"category","embeddable":true,"href":"https:\/\/diariodepe.com.br\/cri\/wp-json\/wp\/v2\/categories?post=8286"},{"taxonomy":"post_tag","embeddable":true,"href":"https:\/\/diariodepe.com.br\/cri\/wp-json\/wp\/v2\/tags?post=8286"}],"curies":[{"name":"wp","href":"https:\/\/api.w.org\/{rel}","templated":true}]}}