{"id":8254,"date":"2025-05-12T23:09:36","date_gmt":"2025-05-13T02:09:36","guid":{"rendered":"https:\/\/diariodepe.com.br\/cri\/?p=8254"},"modified":"2025-05-12T23:09:36","modified_gmt":"2025-05-13T02:09:36","slug":"perito-do-think-tank-chines-avalia-cenario-da-cooperacao-china-celac","status":"publish","type":"post","link":"https:\/\/diariodepe.com.br\/cri\/2025\/05\/12\/perito-do-think-tank-chines-avalia-cenario-da-cooperacao-china-celac\/","title":{"rendered":"Perito do think tank chin\u00eas avalia cen\u00e1rio da coopera\u00e7\u00e3o China-CELAC"},"content":{"rendered":"<p><iframe title=\"Perito do think tank chin\u00eas avalia cen\u00e1rio da coopera\u00e7\u00e3o China-CELAC\" width=\"640\" height=\"360\" src=\"https:\/\/www.youtube.com\/embed\/sBNOJtorvxo?feature=oembed\" frameborder=\"0\" allow=\"accelerometer; autoplay; clipboard-write; encrypted-media; gyroscope; picture-in-picture; web-share\" referrerpolicy=\"strict-origin-when-cross-origin\" allowfullscreen><\/iframe><\/p>\n<p>Com a realiza\u00e7\u00e3o do 4\u00ba F\u00f3rum China-CELAC e da visita do presidente brasileiro, Luiz In\u00e1cio Lula da Silva, a Beijing, o diretor do Centro de Estudos Brasileiros da Academia de Ci\u00eancias Sociais da China, Dr. Zhou Zhiwei, analisou o cen\u00e1rio e os pontos de converg\u00eancia nas coopera\u00e7\u00f5es entre China e os pa\u00edses latino-americanos e caribenhos.<\/p>\n<p><strong>F\u00f3rum China-CELAC celebra uma d\u00e9cada superando meta prevista.<\/strong><\/p>\n<p>Os dez anos desde a funda\u00e7\u00e3o do F\u00f3rum China CELAC s\u00e3o justamente a fase em que a coopera\u00e7\u00e3o entre a China e a Am\u00e9rica Latina viveu o seu desenvolvimento mais r\u00e1pido. H\u00e1 tr\u00eas fatores que contribuem para esse resultado: o ritmo r\u00e1pido de interc\u00e2mbio bilateral, a coopera\u00e7\u00e3o Sul-Sul como prioridade das pol\u00edticas externas dos dois lados e a ascens\u00e3o do Sul Global.<\/p>\n<p>Em 2015, na primeira edi\u00e7\u00e3o do f\u00f3rum, a China prop\u00f4s que, depois de uma d\u00e9cada, o volume total do com\u00e9rcio bilateral atingisse US$ 500 bilh\u00f5es de d\u00f3lares e o investimento chin\u00eas da China no continente latino-americano e caribenho somasse US$ 250 bilh\u00f5es.<\/p>\n<p>Em 2024, o volume do com\u00e9rcio China-CELAC chegou a US$ 518,4 bilh\u00f5es e os investimentos chineses no continente j\u00e1 ultrapassaram US$ 600 bilh\u00f5es. Os dados mostram que base em dados, as metas estabelecidas foram atingidas.<\/p>\n<p>Al\u00e9m disso, o mecanismo da coopera\u00e7\u00e3o China-CELAC estabeleceu diversos subf\u00f3runs na \u00faltima d\u00e9cada, com destaque para o de Infraestrutura China-CELAC. No ano passado, os dois lados realizaram ainda um f\u00f3rum de coopera\u00e7\u00e3o aeroespacial. Podemos dizer que o t\u00f3pico principal entre China e CELAC passou de com\u00e9rcio e investimento para infraestrutura, agricultura, \u00e1rea de ponta de tecnologia e outros setores.<\/p>\n<p><strong>Pautas de integra\u00e7\u00e3o da Am\u00e9rica do Sul s\u00e3o de interesse do Brasil.<\/strong><\/p>\n<p>A import\u00e2ncia do Brasil na CELAC \u00e9 incontest\u00e1vel, pois \u00e9 o maior pa\u00eds da Am\u00e9rica Latina e tamb\u00e9m o pa\u00eds com maior influ\u00eancia internacional na regi\u00e3o. Falando das pautas em que o Brasil estar\u00e1 interessado, isso depende de at\u00e9 quanto a China pode responder \u00e0s demandas dos pa\u00edses latino-americanos. Se a resposta for boa, o Brasil ter\u00e1 mais interesse.<\/p>\n<p>A primeira demanda se encontra na manuten\u00e7\u00e3o da ordem internacional, basicamente a manuten\u00e7\u00e3o do ambiente comercial eficaz. \u00c9 nisso que o Brasil est\u00e1 mais interessado no momento. Porque desde que Donald Trump chegou ao poder, a pol\u00edtica tarif\u00e1ria teve um impacto enorme nos pa\u00edses latino-americanos e o Brasil sofre de forma mais abrangente. Portanto, na atual situa\u00e7\u00e3o, o F\u00f3rum China-CELAC definitivamente oferecer\u00e1 uma voz unificada e uma express\u00e3o conjunta para combater o unilateralismo e o protecionismo.<\/p>\n<p>O segundo foco se encontra na promo\u00e7\u00e3o do crescimento sustent\u00e1vel, o que tamb\u00e9m \u00e9 uma prioridade para o bloco conduzir as coopera\u00e7\u00f5es. Nos \u00faltimos anos, a infraestrutura tem sido um tema relevante na parceria China-CELAC. Com a constru\u00e7\u00e3o do Porto de Chancay, a China pode conectar efetivamente a Am\u00e9rica do Sul. Reciprocamente, permite que as estradas, ferrovias, portos da regi\u00e3o cheguem ao mercado asi\u00e1tico tamb\u00e9m de forma eficaz.<\/p>\n<p>H\u00e1 ainda um terceiro aspecto relacionado \u00e0 c\u00fapula do BRICS. Se trata de um mecanismo de coopera\u00e7\u00e3o aberto, inclusivo e multilateral. J\u00e1 o Brasil como anfitri\u00e3o da c\u00fapula, pode convidar outros vizinhos para fazerem parte. Ent\u00e3o, voltando ao F\u00f3rum China-CELAC, o Brasil pode esperar desempenhar um papel construtivo ou uma ponte na discuss\u00e3o das quest\u00f5es geopol\u00edticas pol\u00eamicas, incluindo a seguran\u00e7a internacional, a media\u00e7\u00e3o do conflito R\u00fassia-Ucr\u00e2nia e outras.<\/p>\n<p><strong>Estados Unidos se preocupam com China e CELAC compartilharem a mesma vis\u00e3o.<\/strong><\/p>\n<p>Com que os Estados Unidos ficariam preocupados? H\u00e1 dois pontos. Eles temem que os pa\u00edses latino-americanos e caribenhos compartilhem da mesma vis\u00e3o com a China, seja sobre a situa\u00e7\u00e3o internacional, a coopera\u00e7\u00e3o bilateral ou quanto ao atual ambiente de com\u00e9rcio internacional. Se todos tiverem a ideia de excluir os Estados Unidos? Esse \u00e9 um ponto que os preocupa.<\/p>\n<p>Outra preocupa\u00e7\u00e3o \u00e9 se a China e a CELAC podem alcan\u00e7ar um relacionamento mais pr\u00f3ximo por meio deste f\u00f3rum, especialmente quando isso se coloca num contexto de protecionismo, unilateralismo e comportamento ego\u00edsta cada vez mais evidentes dos Estados Unidos. Eles n\u00e3o mostram vontade de aprofundar a coopera\u00e7\u00e3o com a Am\u00e9rica Latina e Caribe. Nessas circunst\u00e2ncias, a CELAC sente necessidade de ampliar seus canais de coopera\u00e7\u00e3o e diversificar seus parceiros. Ent\u00e3o, a postura aberta da China certamente est\u00e1 em linha com as atuais demandas pol\u00edticas da CELAC.<\/p>\n<p>Tais fatores possibilitam novos acordos de coopera\u00e7\u00e3o entre a China, os pa\u00edses latino-americanos e caribenhos, envolvendo setores como produtos agr\u00edcolas, energia, infraestrutura, tecnologia, etc. Portanto, quando houver mais plataformas e acordos de coopera\u00e7\u00e3o, \u00e9 claro que o relacionamento se tornar\u00e1 mais estreito. Isso pode exigir cautela por parte dos Estados Unidos.<\/p>\n<p>Da perspetiva atual, tanto os pa\u00edses quanto a Am\u00e9rica Latina como um todo, est\u00e3o contando com uma autodetermina\u00e7\u00e3o estrat\u00e9gica elevada. Por que digo isso? A ascens\u00e3o do Sul global faz com que um grupo de irm\u00e3os pobres possa se levantar agora e lutar por seus pr\u00f3prios direitos. Para os pa\u00edses na posi\u00e7\u00e3o desfavorecida, \u00e9 uma tend\u00eancia que eles se ajudem uns aos outros. Com a ascens\u00e3o coletiva do Sul Global, o grupo ganha mais for\u00e7a.<\/p>\n<p>H\u00e1 um terceiro ponto que envolve o pr\u00f3prio relacionamento entre os Estados Unidos, a Am\u00e9rica Latina e o Caribe, com uma hist\u00f3ria de mais de 200 anos. Todo esse processo j\u00e1 deu uma li\u00e7\u00e3o muito clara: \u00e9 imposs\u00edvel obter autodetermina\u00e7\u00e3o por meio de concess\u00f5es. Quanto mais voc\u00ea se comprometer, menor ser\u00e1 seu espa\u00e7o de autodetermina\u00e7\u00e3o. Com base na experi\u00eancia hist\u00f3rica, a CELAC aumentar\u00e1 ainda mais suas demandas por autodetermina\u00e7\u00e3o.<\/p>\n<p>Nos \u00faltimos dois anos, a diplomacia brasileira tem se mostrado muito ativa e confiante, principalmente no que se refere \u00e0 quest\u00e3o da hegemonia do d\u00f3lar americano e da reforma do sistema monet\u00e1rio internacional, que vem sendo promovida por meio de swaps cambiais entre os pa\u00edses do BRICS, com o objetivo de impulsionar as rela\u00e7\u00f5es comerciais entre si. Isso reflete num forte senso de autodetermina\u00e7\u00e3o.<\/p>\n<p><strong>\u00a0\u00c9 momento oportuno para concretizar a Ferrovia Bioce\u00e2nica.<\/strong><\/p>\n<p>Comparado ao passado, a China agora est\u00e1 mais interessada e entusiasmada com a Ferrovia Bioce\u00e2nica. Os pa\u00edses sul-americanos, incluindo o Brasil, tamb\u00e9m mostram o mesmo interesse.<\/p>\n<p>Na verdade, a ideia de interligar a infraestrutura de toda a regi\u00e3o surgiu h\u00e1 muito tempo. O que atrapalhou? A capacidade de investimento desses pa\u00edses \u00e9 ainda insuficiente. Nesse caso, a rea\u00e7\u00e3o positiva da China certamente promover\u00e1 o financiamento para projetos de infraestrutura na Am\u00e9rica do Sul.<\/p>\n<p>Atualmente, o Banco de Desenvolvimento da China, o Banco Nacional de Desenvolvimento Econ\u00f4mico e Social do Brasil, bem como o Banco de Desenvolvimento da Am\u00e9rica Latina( o CAF), est\u00e3o conduzindo negocia\u00e7\u00f5es de financiamento para certos projetos de infraestrutura da Am\u00e9rica do Sul. Al\u00e9m disso, um componente importante de pol\u00edtica econ\u00f4mica do governo Lula \u00e9 o Programa de Acelera\u00e7\u00e3o do Crescimento, o PAC, que na pr\u00e1tica, necessita ser alavancado atrav\u00e9s de investimento em infraestrutura.<\/p>\n<p>Afinal de contas, quando olharmos a orienta\u00e7\u00e3o de pol\u00edticas dos dois lados, ser\u00e1 poss\u00edvel alcan\u00e7ar um acoplamento perfeito.<\/p>\n<p><strong>Avan\u00e7os tecnol\u00f3gicos da China encorajam outros pa\u00edses em desenvolvimento.<\/strong><\/p>\n<p>A ci\u00eancia e tecnologia fazem parte importante da coopera\u00e7\u00e3o entre China, Brasil e Am\u00e9rica Latina. Por um lado, reflete o avan\u00e7o da China em ci\u00eancia e tecnologia, que conseguiu um progresso em chips, alcan\u00e7ando uma independ\u00eancia tecnol\u00f3gica, o que d\u00e1 confian\u00e7a a outros pa\u00edses em desenvolvimento. Ou seja, muitas coisas n\u00e3o s\u00e3o realizadas apenas pelos pa\u00edses desenvolvidos, mas tamb\u00e9m pelos pa\u00edses em desenvolvimento.<\/p>\n<p>Em segundo lugar, os pa\u00edses latino-americanos t\u00eam um forte desejo e demanda por independ\u00eancia tecnol\u00f3gica, porque em \u00e1reas de ponta, a tecnologia \u00e9 monopolizada pelos pa\u00edses desenvolvidos e, se eles quiserem us\u00e1-la, ter\u00e3o que pagar um custo muito alto. O governo de Lula tamb\u00e9m quer desenvolver tecnologia de chips e obter independ\u00eancia nessa tecnologia. N\u00e3o podemos simplesmente importar chips dos pa\u00edses desenvolvidos, mas sim concretizar a independ\u00eancia nessa tecnologia.<\/p>\n<p>Enfim, o Brasil tamb\u00e9m possui vantagens tecnol\u00f3gicas \u00fanicas, como agricultura tropical, extra\u00e7\u00e3o de petr\u00f3leo em \u00e1guas profundas, vacinas, etc. Acredito que essas s\u00e3o \u00e1reas importantes de coopera\u00e7\u00e3o cient\u00edfica e tecnol\u00f3gica entre a China e o Brasil nos \u00faltimos anos. Se aproveitarmos essas vantagens, podemos quebrar o monop\u00f3lio tecnol\u00f3gico dos pa\u00edses desenvolvidos. Necessitamos pensar em como combinar nossas vantagens para realizar uma coopera\u00e7\u00e3o eficaz.<\/p>\n","protected":false},"excerpt":{"rendered":"<p>Com a realiza\u00e7\u00e3o do 4\u00ba F\u00f3rum China-CELAC e da visita do presidente brasileiro, Luiz In\u00e1cio Lula da Silva, a Beijing, o diretor do Centro de Estudos Brasileiros da Academia de Ci\u00eancias Sociais da China, Dr. Zhou Zhiwei, analisou o cen\u00e1rio&#8230;<\/p>\n","protected":false},"author":2,"featured_media":0,"comment_status":"open","ping_status":"open","sticky":false,"template":"","format":"standard","meta":{"footnotes":""},"categories":[11],"tags":[],"class_list":["post-8254","post","type-post","status-publish","format-standard","hentry","category-videos"],"yoast_head":"<!-- This site is optimized with the Yoast SEO plugin v27.4 - https:\/\/yoast.com\/product\/yoast-seo-wordpress\/ -->\n<title>Perito do think tank chin\u00eas avalia cen\u00e1rio da coopera\u00e7\u00e3o China-CELAC - CRI e Diario de Pernambuco<\/title>\n<meta name=\"robots\" content=\"index, follow, max-snippet:-1, max-image-preview:large, max-video-preview:-1\" \/>\n<link rel=\"canonical\" href=\"https:\/\/diariodepe.com.br\/cri\/2025\/05\/12\/perito-do-think-tank-chines-avalia-cenario-da-cooperacao-china-celac\/\" \/>\n<meta property=\"og:locale\" content=\"pt_BR\" \/>\n<meta property=\"og:type\" content=\"article\" \/>\n<meta property=\"og:title\" content=\"Perito do think tank chin\u00eas avalia cen\u00e1rio da coopera\u00e7\u00e3o China-CELAC - CRI e Diario de Pernambuco\" \/>\n<meta property=\"og:description\" content=\"Com a realiza\u00e7\u00e3o do 4\u00ba F\u00f3rum China-CELAC e da visita do presidente brasileiro, Luiz In\u00e1cio Lula da Silva, a Beijing, o diretor do Centro de Estudos Brasileiros da Academia de Ci\u00eancias Sociais da China, Dr. Zhou Zhiwei, analisou o cen\u00e1rio...\" \/>\n<meta property=\"og:url\" content=\"https:\/\/diariodepe.com.br\/cri\/2025\/05\/12\/perito-do-think-tank-chines-avalia-cenario-da-cooperacao-china-celac\/\" \/>\n<meta property=\"og:site_name\" content=\"CRI e Diario de Pernambuco\" \/>\n<meta property=\"article:published_time\" content=\"2025-05-13T02:09:36+00:00\" \/>\n<meta name=\"author\" content=\"Ismael Lucas S. Pereira\" \/>\n<meta name=\"twitter:card\" content=\"summary_large_image\" \/>\n<meta name=\"twitter:label1\" content=\"Escrito por\" \/>\n\t<meta name=\"twitter:data1\" content=\"Ismael Lucas S. Pereira\" \/>\n\t<meta name=\"twitter:label2\" content=\"Est. tempo de leitura\" \/>\n\t<meta name=\"twitter:data2\" content=\"8 minutos\" \/>\n<script type=\"application\/ld+json\" class=\"yoast-schema-graph\">{\"@context\":\"https:\\\/\\\/schema.org\",\"@graph\":[{\"@type\":\"Article\",\"@id\":\"https:\\\/\\\/diariodepe.com.br\\\/cri\\\/2025\\\/05\\\/12\\\/perito-do-think-tank-chines-avalia-cenario-da-cooperacao-china-celac\\\/#article\",\"isPartOf\":{\"@id\":\"https:\\\/\\\/diariodepe.com.br\\\/cri\\\/2025\\\/05\\\/12\\\/perito-do-think-tank-chines-avalia-cenario-da-cooperacao-china-celac\\\/\"},\"author\":{\"name\":\"Ismael Lucas S. Pereira\",\"@id\":\"https:\\\/\\\/diariodepe.com.br\\\/cri\\\/#\\\/schema\\\/person\\\/121bb28d84f1a5b1205ef4ce9c2e0c6b\"},\"headline\":\"Perito do think tank chin\u00eas avalia cen\u00e1rio da coopera\u00e7\u00e3o China-CELAC\",\"datePublished\":\"2025-05-13T02:09:36+00:00\",\"mainEntityOfPage\":{\"@id\":\"https:\\\/\\\/diariodepe.com.br\\\/cri\\\/2025\\\/05\\\/12\\\/perito-do-think-tank-chines-avalia-cenario-da-cooperacao-china-celac\\\/\"},\"wordCount\":1539,\"commentCount\":0,\"publisher\":{\"@id\":\"https:\\\/\\\/diariodepe.com.br\\\/cri\\\/#organization\"},\"articleSection\":[\"V\u00eddeos\"],\"inLanguage\":\"pt-BR\",\"potentialAction\":[{\"@type\":\"CommentAction\",\"name\":\"Comment\",\"target\":[\"https:\\\/\\\/diariodepe.com.br\\\/cri\\\/2025\\\/05\\\/12\\\/perito-do-think-tank-chines-avalia-cenario-da-cooperacao-china-celac\\\/#respond\"]}]},{\"@type\":\"WebPage\",\"@id\":\"https:\\\/\\\/diariodepe.com.br\\\/cri\\\/2025\\\/05\\\/12\\\/perito-do-think-tank-chines-avalia-cenario-da-cooperacao-china-celac\\\/\",\"url\":\"https:\\\/\\\/diariodepe.com.br\\\/cri\\\/2025\\\/05\\\/12\\\/perito-do-think-tank-chines-avalia-cenario-da-cooperacao-china-celac\\\/\",\"name\":\"Perito do think tank chin\u00eas avalia cen\u00e1rio da coopera\u00e7\u00e3o China-CELAC - CRI e Diario de Pernambuco\",\"isPartOf\":{\"@id\":\"https:\\\/\\\/diariodepe.com.br\\\/cri\\\/#website\"},\"datePublished\":\"2025-05-13T02:09:36+00:00\",\"breadcrumb\":{\"@id\":\"https:\\\/\\\/diariodepe.com.br\\\/cri\\\/2025\\\/05\\\/12\\\/perito-do-think-tank-chines-avalia-cenario-da-cooperacao-china-celac\\\/#breadcrumb\"},\"inLanguage\":\"pt-BR\",\"potentialAction\":[{\"@type\":\"ReadAction\",\"target\":[\"https:\\\/\\\/diariodepe.com.br\\\/cri\\\/2025\\\/05\\\/12\\\/perito-do-think-tank-chines-avalia-cenario-da-cooperacao-china-celac\\\/\"]}]},{\"@type\":\"BreadcrumbList\",\"@id\":\"https:\\\/\\\/diariodepe.com.br\\\/cri\\\/2025\\\/05\\\/12\\\/perito-do-think-tank-chines-avalia-cenario-da-cooperacao-china-celac\\\/#breadcrumb\",\"itemListElement\":[{\"@type\":\"ListItem\",\"position\":1,\"name\":\"In\u00edcio\",\"item\":\"https:\\\/\\\/diariodepe.com.br\\\/cri\\\/\"},{\"@type\":\"ListItem\",\"position\":2,\"name\":\"Perito do think tank chin\u00eas avalia cen\u00e1rio da coopera\u00e7\u00e3o China-CELAC\"}]},{\"@type\":\"WebSite\",\"@id\":\"https:\\\/\\\/diariodepe.com.br\\\/cri\\\/#website\",\"url\":\"https:\\\/\\\/diariodepe.com.br\\\/cri\\\/\",\"name\":\"CRI e Diario de Pernambuco\",\"description\":\"R\u00e1dio Internacional da China\",\"publisher\":{\"@id\":\"https:\\\/\\\/diariodepe.com.br\\\/cri\\\/#organization\"},\"potentialAction\":[{\"@type\":\"SearchAction\",\"target\":{\"@type\":\"EntryPoint\",\"urlTemplate\":\"https:\\\/\\\/diariodepe.com.br\\\/cri\\\/?s={search_term_string}\"},\"query-input\":{\"@type\":\"PropertyValueSpecification\",\"valueRequired\":true,\"valueName\":\"search_term_string\"}}],\"inLanguage\":\"pt-BR\"},{\"@type\":\"Organization\",\"@id\":\"https:\\\/\\\/diariodepe.com.br\\\/cri\\\/#organization\",\"name\":\"CRI e Diario de Pernambuco\",\"url\":\"https:\\\/\\\/diariodepe.com.br\\\/cri\\\/\",\"logo\":{\"@type\":\"ImageObject\",\"inLanguage\":\"pt-BR\",\"@id\":\"https:\\\/\\\/diariodepe.com.br\\\/cri\\\/#\\\/schema\\\/logo\\\/image\\\/\",\"url\":\"https:\\\/\\\/diariodepe.com.br\\\/cri\\\/wp-content\\\/uploads\\\/sites\\\/2\\\/2022\\\/12\\\/cropped-Logo.jpg\",\"contentUrl\":\"https:\\\/\\\/diariodepe.com.br\\\/cri\\\/wp-content\\\/uploads\\\/sites\\\/2\\\/2022\\\/12\\\/cropped-Logo.jpg\",\"width\":700,\"height\":59,\"caption\":\"CRI e Diario de Pernambuco\"},\"image\":{\"@id\":\"https:\\\/\\\/diariodepe.com.br\\\/cri\\\/#\\\/schema\\\/logo\\\/image\\\/\"}},{\"@type\":\"Person\",\"@id\":\"https:\\\/\\\/diariodepe.com.br\\\/cri\\\/#\\\/schema\\\/person\\\/121bb28d84f1a5b1205ef4ce9c2e0c6b\",\"name\":\"Ismael Lucas S. Pereira\",\"image\":{\"@type\":\"ImageObject\",\"inLanguage\":\"pt-BR\",\"@id\":\"https:\\\/\\\/secure.gravatar.com\\\/avatar\\\/887a0f3b5a7ceea963a48499fb883ffce6b5037362def025c52c2505b15d63e4?s=96&d=mm&r=g\",\"url\":\"https:\\\/\\\/secure.gravatar.com\\\/avatar\\\/887a0f3b5a7ceea963a48499fb883ffce6b5037362def025c52c2505b15d63e4?s=96&d=mm&r=g\",\"contentUrl\":\"https:\\\/\\\/secure.gravatar.com\\\/avatar\\\/887a0f3b5a7ceea963a48499fb883ffce6b5037362def025c52c2505b15d63e4?s=96&d=mm&r=g\",\"caption\":\"Ismael Lucas S. Pereira\"},\"url\":\"https:\\\/\\\/diariodepe.com.br\\\/cri\\\/author\\\/ismael-lucas\\\/\"}]}<\/script>\n<!-- \/ Yoast SEO plugin. -->","yoast_head_json":{"title":"Perito do think tank chin\u00eas avalia cen\u00e1rio da coopera\u00e7\u00e3o China-CELAC - CRI e Diario de Pernambuco","robots":{"index":"index","follow":"follow","max-snippet":"max-snippet:-1","max-image-preview":"max-image-preview:large","max-video-preview":"max-video-preview:-1"},"canonical":"https:\/\/diariodepe.com.br\/cri\/2025\/05\/12\/perito-do-think-tank-chines-avalia-cenario-da-cooperacao-china-celac\/","og_locale":"pt_BR","og_type":"article","og_title":"Perito do think tank chin\u00eas avalia cen\u00e1rio da coopera\u00e7\u00e3o China-CELAC - CRI e Diario de Pernambuco","og_description":"Com a realiza\u00e7\u00e3o do 4\u00ba F\u00f3rum China-CELAC e da visita do presidente brasileiro, Luiz In\u00e1cio Lula da Silva, a Beijing, o diretor do Centro de Estudos Brasileiros da Academia de Ci\u00eancias Sociais da China, Dr. Zhou Zhiwei, analisou o cen\u00e1rio...","og_url":"https:\/\/diariodepe.com.br\/cri\/2025\/05\/12\/perito-do-think-tank-chines-avalia-cenario-da-cooperacao-china-celac\/","og_site_name":"CRI e Diario de Pernambuco","article_published_time":"2025-05-13T02:09:36+00:00","author":"Ismael Lucas S. Pereira","twitter_card":"summary_large_image","twitter_misc":{"Escrito por":"Ismael Lucas S. Pereira","Est. tempo de leitura":"8 minutos"},"schema":{"@context":"https:\/\/schema.org","@graph":[{"@type":"Article","@id":"https:\/\/diariodepe.com.br\/cri\/2025\/05\/12\/perito-do-think-tank-chines-avalia-cenario-da-cooperacao-china-celac\/#article","isPartOf":{"@id":"https:\/\/diariodepe.com.br\/cri\/2025\/05\/12\/perito-do-think-tank-chines-avalia-cenario-da-cooperacao-china-celac\/"},"author":{"name":"Ismael Lucas S. Pereira","@id":"https:\/\/diariodepe.com.br\/cri\/#\/schema\/person\/121bb28d84f1a5b1205ef4ce9c2e0c6b"},"headline":"Perito do think tank chin\u00eas avalia cen\u00e1rio da coopera\u00e7\u00e3o China-CELAC","datePublished":"2025-05-13T02:09:36+00:00","mainEntityOfPage":{"@id":"https:\/\/diariodepe.com.br\/cri\/2025\/05\/12\/perito-do-think-tank-chines-avalia-cenario-da-cooperacao-china-celac\/"},"wordCount":1539,"commentCount":0,"publisher":{"@id":"https:\/\/diariodepe.com.br\/cri\/#organization"},"articleSection":["V\u00eddeos"],"inLanguage":"pt-BR","potentialAction":[{"@type":"CommentAction","name":"Comment","target":["https:\/\/diariodepe.com.br\/cri\/2025\/05\/12\/perito-do-think-tank-chines-avalia-cenario-da-cooperacao-china-celac\/#respond"]}]},{"@type":"WebPage","@id":"https:\/\/diariodepe.com.br\/cri\/2025\/05\/12\/perito-do-think-tank-chines-avalia-cenario-da-cooperacao-china-celac\/","url":"https:\/\/diariodepe.com.br\/cri\/2025\/05\/12\/perito-do-think-tank-chines-avalia-cenario-da-cooperacao-china-celac\/","name":"Perito do think tank chin\u00eas avalia cen\u00e1rio da coopera\u00e7\u00e3o China-CELAC - CRI e Diario de Pernambuco","isPartOf":{"@id":"https:\/\/diariodepe.com.br\/cri\/#website"},"datePublished":"2025-05-13T02:09:36+00:00","breadcrumb":{"@id":"https:\/\/diariodepe.com.br\/cri\/2025\/05\/12\/perito-do-think-tank-chines-avalia-cenario-da-cooperacao-china-celac\/#breadcrumb"},"inLanguage":"pt-BR","potentialAction":[{"@type":"ReadAction","target":["https:\/\/diariodepe.com.br\/cri\/2025\/05\/12\/perito-do-think-tank-chines-avalia-cenario-da-cooperacao-china-celac\/"]}]},{"@type":"BreadcrumbList","@id":"https:\/\/diariodepe.com.br\/cri\/2025\/05\/12\/perito-do-think-tank-chines-avalia-cenario-da-cooperacao-china-celac\/#breadcrumb","itemListElement":[{"@type":"ListItem","position":1,"name":"In\u00edcio","item":"https:\/\/diariodepe.com.br\/cri\/"},{"@type":"ListItem","position":2,"name":"Perito do think tank chin\u00eas avalia cen\u00e1rio da coopera\u00e7\u00e3o China-CELAC"}]},{"@type":"WebSite","@id":"https:\/\/diariodepe.com.br\/cri\/#website","url":"https:\/\/diariodepe.com.br\/cri\/","name":"CRI e Diario de Pernambuco","description":"R\u00e1dio Internacional da China","publisher":{"@id":"https:\/\/diariodepe.com.br\/cri\/#organization"},"potentialAction":[{"@type":"SearchAction","target":{"@type":"EntryPoint","urlTemplate":"https:\/\/diariodepe.com.br\/cri\/?s={search_term_string}"},"query-input":{"@type":"PropertyValueSpecification","valueRequired":true,"valueName":"search_term_string"}}],"inLanguage":"pt-BR"},{"@type":"Organization","@id":"https:\/\/diariodepe.com.br\/cri\/#organization","name":"CRI e Diario de Pernambuco","url":"https:\/\/diariodepe.com.br\/cri\/","logo":{"@type":"ImageObject","inLanguage":"pt-BR","@id":"https:\/\/diariodepe.com.br\/cri\/#\/schema\/logo\/image\/","url":"https:\/\/diariodepe.com.br\/cri\/wp-content\/uploads\/sites\/2\/2022\/12\/cropped-Logo.jpg","contentUrl":"https:\/\/diariodepe.com.br\/cri\/wp-content\/uploads\/sites\/2\/2022\/12\/cropped-Logo.jpg","width":700,"height":59,"caption":"CRI e Diario de Pernambuco"},"image":{"@id":"https:\/\/diariodepe.com.br\/cri\/#\/schema\/logo\/image\/"}},{"@type":"Person","@id":"https:\/\/diariodepe.com.br\/cri\/#\/schema\/person\/121bb28d84f1a5b1205ef4ce9c2e0c6b","name":"Ismael Lucas S. Pereira","image":{"@type":"ImageObject","inLanguage":"pt-BR","@id":"https:\/\/secure.gravatar.com\/avatar\/887a0f3b5a7ceea963a48499fb883ffce6b5037362def025c52c2505b15d63e4?s=96&d=mm&r=g","url":"https:\/\/secure.gravatar.com\/avatar\/887a0f3b5a7ceea963a48499fb883ffce6b5037362def025c52c2505b15d63e4?s=96&d=mm&r=g","contentUrl":"https:\/\/secure.gravatar.com\/avatar\/887a0f3b5a7ceea963a48499fb883ffce6b5037362def025c52c2505b15d63e4?s=96&d=mm&r=g","caption":"Ismael Lucas S. Pereira"},"url":"https:\/\/diariodepe.com.br\/cri\/author\/ismael-lucas\/"}]}},"cc_featured_image_caption":{"caption_text":false,"source_text":false,"source_url":false},"amp_enabled":true,"_links":{"self":[{"href":"https:\/\/diariodepe.com.br\/cri\/wp-json\/wp\/v2\/posts\/8254","targetHints":{"allow":["GET"]}}],"collection":[{"href":"https:\/\/diariodepe.com.br\/cri\/wp-json\/wp\/v2\/posts"}],"about":[{"href":"https:\/\/diariodepe.com.br\/cri\/wp-json\/wp\/v2\/types\/post"}],"author":[{"embeddable":true,"href":"https:\/\/diariodepe.com.br\/cri\/wp-json\/wp\/v2\/users\/2"}],"replies":[{"embeddable":true,"href":"https:\/\/diariodepe.com.br\/cri\/wp-json\/wp\/v2\/comments?post=8254"}],"version-history":[{"count":1,"href":"https:\/\/diariodepe.com.br\/cri\/wp-json\/wp\/v2\/posts\/8254\/revisions"}],"predecessor-version":[{"id":8255,"href":"https:\/\/diariodepe.com.br\/cri\/wp-json\/wp\/v2\/posts\/8254\/revisions\/8255"}],"wp:attachment":[{"href":"https:\/\/diariodepe.com.br\/cri\/wp-json\/wp\/v2\/media?parent=8254"}],"wp:term":[{"taxonomy":"category","embeddable":true,"href":"https:\/\/diariodepe.com.br\/cri\/wp-json\/wp\/v2\/categories?post=8254"},{"taxonomy":"post_tag","embeddable":true,"href":"https:\/\/diariodepe.com.br\/cri\/wp-json\/wp\/v2\/tags?post=8254"}],"curies":[{"name":"wp","href":"https:\/\/api.w.org\/{rel}","templated":true}]}}