{"id":8250,"date":"2025-05-12T05:42:51","date_gmt":"2025-05-12T08:42:51","guid":{"rendered":"https:\/\/diariodepe.com.br\/cri\/?p=8250"},"modified":"2025-05-12T05:42:51","modified_gmt":"2025-05-12T08:42:51","slug":"concurso-incentiva-universitarios-chineses-e-latino-americanos-a-explorarem-projetos-de-reducao-da-pobreza","status":"publish","type":"post","link":"https:\/\/diariodepe.com.br\/cri\/2025\/05\/12\/concurso-incentiva-universitarios-chineses-e-latino-americanos-a-explorarem-projetos-de-reducao-da-pobreza\/","title":{"rendered":"Concurso incentiva universit\u00e1rios chineses e latino-americanos a explorarem projetos de redu\u00e7\u00e3o da pobreza"},"content":{"rendered":"<p><img decoding=\"async\" src=\"https:\/\/38picres.cgtn.com\/photoAlbum\/page\/performance\/img\/2025\/5\/12\/1747039077592_806.jpg\" width=\"100%\" height=\"auto\" \/><\/p>\n<p>O Concurso 2025 &#8220;Jovens da China e da Am\u00e9rica Latina respondendo aos desafios globais \u2014 Desafio de redu\u00e7\u00e3o da pobreza&#8221; foi inaugurado antes do 4\u00ba F\u00f3rum China-CELAC a ser realizado em Beijing no dia 13 de maio. Cerca de 300 professores e estudantes da Universidade Tsinghua da China e das universidades do Brasil, Peru, Chile e Equador participaram da reuni\u00e3o de abertura de forma presencial e online.<\/p>\n<p>Em 2024, a Universidade Tsinghua e as universidades latino-americanas lan\u00e7aram esse programa para incentivar mais di\u00e1logos entre jovens universit\u00e1rios e encoraj\u00e1-los a aproveitar suas vantagens em especialidades para explorar solu\u00e7\u00f5es inovadoras aos desafios globais de redu\u00e7\u00e3o da pobreza.<\/p>\n<p>Este programa foi inclu\u00eddo nos resultados oficiais da visita do presidente chin\u00eas, Xi Jinping, ao Brasil no ano passado, com assinatura de acordo entre a Tsinghua e a Universidade Federal do Rio de Janeiro.<\/p>\n<p><img decoding=\"async\" src=\"https:\/\/38picres.cgtn.com\/photoAlbum\/page\/performance\/img\/2025\/5\/12\/1747039103013_251.jpg\" width=\"100%\" height=\"auto\" \/><\/p>\n<p>Conforme apresentado pela diretora do Centro de Estudos Latino-Americanos da Universidade Tsinghua, Chen Taotao, o concurso, j\u00e1 na sua segunda edi\u00e7\u00e3o, atraiu mais participantes e parceiros e est\u00e1 sendo patrocinado pela empresa filial da State Grid no Chile, Envision Group e Funda\u00e7\u00e3o de Luksic. Em seu discurso, ela ressaltou que a redu\u00e7\u00e3o da pobreza continua sendo um desafio global enquanto a experi\u00eancia acumulada por v\u00e1rios pa\u00edses no processo de combate \u00e0 pobreza ainda n\u00e3o foi suficientemente compartilhada. \u201cOs jovens constituem uma for\u00e7a fundamental no trabalho da redu\u00e7\u00e3o da pobreza e assumir\u00e3o a responsabilidade e a esperan\u00e7a pelo desenvolvimento futuro desta causa,\u201d destacou a professora. Ela enfatizou a disponibilidade da institui\u00e7\u00e3o na organiza\u00e7\u00e3o de interc\u00e2mbios relacionados para promover o aprendizado m\u00fatuo entre a China e os pa\u00edses latino-americanos.<\/p>\n<p>A diretora do Col\u00e9gio Brasileiro de Altos Estudos da Universidade Federal do Rio de Janeiro, Ana C\u00e9lia Castro, pontuou que o concurso acontece num momento em que m\u00faltiplas crises globais est\u00e3o entrela\u00e7adas, recomendando aos candidatos a estudarem os \u00faltimos documentos alcan\u00e7ados durante a c\u00fapula do G20 no Brasil, sobretudo os conte\u00fados relativos \u00e0 integra\u00e7\u00e3o entre seguridade social, sistema alimentar e sistema de sa\u00fade, \u00e0 justi\u00e7a fiscal e desenvolvimento inclusivo, e \u00e0 solidariedade global e coopera\u00e7\u00e3o inovadora. A professora titular pediu que os jovens dos dois lados intensifiquem os di\u00e1logos e contribuam para o desenvolvimento sustent\u00e1vel na China e na Am\u00e9rica Latina.<\/p>\n<p>O professor do Instituto de Economia da Pontif\u00edcia Universidade Cat\u00f3lica do Chile, Francisco Galleg, fez uma retrospectiva sobre sua experi\u00eancia de participa\u00e7\u00e3o na competi\u00e7\u00e3o como especialista no ano passado, marcando que o projeto n\u00e3o se concentra apenas no problema da pobreza em si, mas tamb\u00e9m fornece uma plataforma para exibir solu\u00e7\u00f5es inovadoras e promove a troca de ideias entre jovens internacionais. Ao analisar a atual situa\u00e7\u00e3o da pobreza no Chile e na Am\u00e9rica Latina, ele chamou a aten\u00e7\u00e3o sobre a complexidade e a natureza de longo prazo do combate \u00e0 pobreza, encorajando os universit\u00e1rios a ampliarem a vis\u00e3o e explorarem em conjunto vias de longo prazo e eficazes para a erradica\u00e7\u00e3o da pobreza.<\/p>\n<p><img decoding=\"async\" src=\"https:\/\/38picres.cgtn.com\/photoAlbum\/page\/performance\/img\/2025\/5\/12\/1747039147723_887.jpg\" width=\"100%\" height=\"auto\" \/><\/p>\n<p>Ao longo de 4 meses, a competi\u00e7\u00e3o ser\u00e1 realizada em grupos formados por candidatos de diferentes pa\u00edses , que disp\u00f5em de uma caixa de ferramentas &#8220;5W1H+&#8221;, isto \u00e9 propor um m\u00e9todo de quatro etapas para &#8220;descobrir e definir a pobreza (o qu\u00ea) &#8211; descrever e compreender a pobreza (quem, onde, quando) &#8211; analisar e desconstruir a pobreza (por qu\u00ea) &#8211; responder e resolver a pobreza (como)&#8221;. O objetivo \u00e9 apresentar projetos de solu\u00e7\u00e3o mais vi\u00e1veis baseado nas realidades locais. Os premiados podem viajar aos pa\u00edses uns dos outros e participar dos devidos programas de interc\u00e2mbio cultural.<\/p>\n<p>&nbsp;<\/p>\n","protected":false},"excerpt":{"rendered":"<p>O Concurso 2025 &#8220;Jovens da China e da Am\u00e9rica Latina respondendo aos desafios globais \u2014 Desafio de redu\u00e7\u00e3o da pobreza&#8221; foi inaugurado antes do 4\u00ba F\u00f3rum China-CELAC a ser realizado em Beijing no dia 13 de maio. Cerca de 300&#8230;<\/p>\n","protected":false},"author":2,"featured_media":0,"comment_status":"open","ping_status":"open","sticky":false,"template":"","format":"standard","meta":{"footnotes":""},"categories":[3],"tags":[],"class_list":["post-8250","post","type-post","status-publish","format-standard","hentry","category-china"],"yoast_head":"<!-- This site is optimized with the Yoast SEO plugin v27.4 - https:\/\/yoast.com\/product\/yoast-seo-wordpress\/ -->\n<title>Concurso incentiva universit\u00e1rios chineses e latino-americanos a explorarem projetos de redu\u00e7\u00e3o da pobreza - CRI e Diario de Pernambuco<\/title>\n<meta name=\"robots\" content=\"index, follow, max-snippet:-1, max-image-preview:large, max-video-preview:-1\" \/>\n<link rel=\"canonical\" href=\"https:\/\/diariodepe.com.br\/cri\/2025\/05\/12\/concurso-incentiva-universitarios-chineses-e-latino-americanos-a-explorarem-projetos-de-reducao-da-pobreza\/\" \/>\n<meta property=\"og:locale\" content=\"pt_BR\" \/>\n<meta property=\"og:type\" content=\"article\" \/>\n<meta property=\"og:title\" content=\"Concurso incentiva universit\u00e1rios chineses e latino-americanos a explorarem projetos de redu\u00e7\u00e3o da pobreza - CRI e Diario de Pernambuco\" \/>\n<meta property=\"og:description\" content=\"O Concurso 2025 &#8220;Jovens da China e da Am\u00e9rica Latina respondendo aos desafios globais \u2014 Desafio de redu\u00e7\u00e3o da pobreza&#8221; foi inaugurado antes do 4\u00ba F\u00f3rum China-CELAC a ser realizado em Beijing no dia 13 de maio. Cerca de 300...\" \/>\n<meta property=\"og:url\" content=\"https:\/\/diariodepe.com.br\/cri\/2025\/05\/12\/concurso-incentiva-universitarios-chineses-e-latino-americanos-a-explorarem-projetos-de-reducao-da-pobreza\/\" \/>\n<meta property=\"og:site_name\" content=\"CRI e Diario de Pernambuco\" \/>\n<meta property=\"article:published_time\" content=\"2025-05-12T08:42:51+00:00\" \/>\n<meta property=\"og:image\" content=\"https:\/\/38picres.cgtn.com\/photoAlbum\/page\/performance\/img\/2025\/5\/12\/1747039077592_806.jpg\" \/>\n<meta name=\"author\" content=\"Ismael Lucas S. Pereira\" \/>\n<meta name=\"twitter:card\" content=\"summary_large_image\" \/>\n<meta name=\"twitter:label1\" content=\"Escrito por\" \/>\n\t<meta name=\"twitter:data1\" content=\"Ismael Lucas S. Pereira\" \/>\n\t<meta name=\"twitter:label2\" content=\"Est. tempo de leitura\" \/>\n\t<meta name=\"twitter:data2\" content=\"4 minutos\" \/>\n<script type=\"application\/ld+json\" class=\"yoast-schema-graph\">{\"@context\":\"https:\\\/\\\/schema.org\",\"@graph\":[{\"@type\":\"Article\",\"@id\":\"https:\\\/\\\/diariodepe.com.br\\\/cri\\\/2025\\\/05\\\/12\\\/concurso-incentiva-universitarios-chineses-e-latino-americanos-a-explorarem-projetos-de-reducao-da-pobreza\\\/#article\",\"isPartOf\":{\"@id\":\"https:\\\/\\\/diariodepe.com.br\\\/cri\\\/2025\\\/05\\\/12\\\/concurso-incentiva-universitarios-chineses-e-latino-americanos-a-explorarem-projetos-de-reducao-da-pobreza\\\/\"},\"author\":{\"name\":\"Ismael Lucas S. Pereira\",\"@id\":\"https:\\\/\\\/diariodepe.com.br\\\/cri\\\/#\\\/schema\\\/person\\\/121bb28d84f1a5b1205ef4ce9c2e0c6b\"},\"headline\":\"Concurso incentiva universit\u00e1rios chineses e latino-americanos a explorarem projetos de redu\u00e7\u00e3o da pobreza\",\"datePublished\":\"2025-05-12T08:42:51+00:00\",\"mainEntityOfPage\":{\"@id\":\"https:\\\/\\\/diariodepe.com.br\\\/cri\\\/2025\\\/05\\\/12\\\/concurso-incentiva-universitarios-chineses-e-latino-americanos-a-explorarem-projetos-de-reducao-da-pobreza\\\/\"},\"wordCount\":643,\"commentCount\":0,\"publisher\":{\"@id\":\"https:\\\/\\\/diariodepe.com.br\\\/cri\\\/#organization\"},\"image\":{\"@id\":\"https:\\\/\\\/diariodepe.com.br\\\/cri\\\/2025\\\/05\\\/12\\\/concurso-incentiva-universitarios-chineses-e-latino-americanos-a-explorarem-projetos-de-reducao-da-pobreza\\\/#primaryimage\"},\"thumbnailUrl\":\"https:\\\/\\\/38picres.cgtn.com\\\/photoAlbum\\\/page\\\/performance\\\/img\\\/2025\\\/5\\\/12\\\/1747039077592_806.jpg\",\"articleSection\":[\"China\"],\"inLanguage\":\"pt-BR\",\"potentialAction\":[{\"@type\":\"CommentAction\",\"name\":\"Comment\",\"target\":[\"https:\\\/\\\/diariodepe.com.br\\\/cri\\\/2025\\\/05\\\/12\\\/concurso-incentiva-universitarios-chineses-e-latino-americanos-a-explorarem-projetos-de-reducao-da-pobreza\\\/#respond\"]}]},{\"@type\":\"WebPage\",\"@id\":\"https:\\\/\\\/diariodepe.com.br\\\/cri\\\/2025\\\/05\\\/12\\\/concurso-incentiva-universitarios-chineses-e-latino-americanos-a-explorarem-projetos-de-reducao-da-pobreza\\\/\",\"url\":\"https:\\\/\\\/diariodepe.com.br\\\/cri\\\/2025\\\/05\\\/12\\\/concurso-incentiva-universitarios-chineses-e-latino-americanos-a-explorarem-projetos-de-reducao-da-pobreza\\\/\",\"name\":\"Concurso incentiva universit\u00e1rios chineses e latino-americanos a explorarem projetos de redu\u00e7\u00e3o da pobreza - CRI e Diario de Pernambuco\",\"isPartOf\":{\"@id\":\"https:\\\/\\\/diariodepe.com.br\\\/cri\\\/#website\"},\"primaryImageOfPage\":{\"@id\":\"https:\\\/\\\/diariodepe.com.br\\\/cri\\\/2025\\\/05\\\/12\\\/concurso-incentiva-universitarios-chineses-e-latino-americanos-a-explorarem-projetos-de-reducao-da-pobreza\\\/#primaryimage\"},\"image\":{\"@id\":\"https:\\\/\\\/diariodepe.com.br\\\/cri\\\/2025\\\/05\\\/12\\\/concurso-incentiva-universitarios-chineses-e-latino-americanos-a-explorarem-projetos-de-reducao-da-pobreza\\\/#primaryimage\"},\"thumbnailUrl\":\"https:\\\/\\\/38picres.cgtn.com\\\/photoAlbum\\\/page\\\/performance\\\/img\\\/2025\\\/5\\\/12\\\/1747039077592_806.jpg\",\"datePublished\":\"2025-05-12T08:42:51+00:00\",\"breadcrumb\":{\"@id\":\"https:\\\/\\\/diariodepe.com.br\\\/cri\\\/2025\\\/05\\\/12\\\/concurso-incentiva-universitarios-chineses-e-latino-americanos-a-explorarem-projetos-de-reducao-da-pobreza\\\/#breadcrumb\"},\"inLanguage\":\"pt-BR\",\"potentialAction\":[{\"@type\":\"ReadAction\",\"target\":[\"https:\\\/\\\/diariodepe.com.br\\\/cri\\\/2025\\\/05\\\/12\\\/concurso-incentiva-universitarios-chineses-e-latino-americanos-a-explorarem-projetos-de-reducao-da-pobreza\\\/\"]}]},{\"@type\":\"ImageObject\",\"inLanguage\":\"pt-BR\",\"@id\":\"https:\\\/\\\/diariodepe.com.br\\\/cri\\\/2025\\\/05\\\/12\\\/concurso-incentiva-universitarios-chineses-e-latino-americanos-a-explorarem-projetos-de-reducao-da-pobreza\\\/#primaryimage\",\"url\":\"https:\\\/\\\/38picres.cgtn.com\\\/photoAlbum\\\/page\\\/performance\\\/img\\\/2025\\\/5\\\/12\\\/1747039077592_806.jpg\",\"contentUrl\":\"https:\\\/\\\/38picres.cgtn.com\\\/photoAlbum\\\/page\\\/performance\\\/img\\\/2025\\\/5\\\/12\\\/1747039077592_806.jpg\"},{\"@type\":\"BreadcrumbList\",\"@id\":\"https:\\\/\\\/diariodepe.com.br\\\/cri\\\/2025\\\/05\\\/12\\\/concurso-incentiva-universitarios-chineses-e-latino-americanos-a-explorarem-projetos-de-reducao-da-pobreza\\\/#breadcrumb\",\"itemListElement\":[{\"@type\":\"ListItem\",\"position\":1,\"name\":\"In\u00edcio\",\"item\":\"https:\\\/\\\/diariodepe.com.br\\\/cri\\\/\"},{\"@type\":\"ListItem\",\"position\":2,\"name\":\"Concurso incentiva universit\u00e1rios chineses e latino-americanos a explorarem projetos de redu\u00e7\u00e3o da pobreza\"}]},{\"@type\":\"WebSite\",\"@id\":\"https:\\\/\\\/diariodepe.com.br\\\/cri\\\/#website\",\"url\":\"https:\\\/\\\/diariodepe.com.br\\\/cri\\\/\",\"name\":\"CRI e Diario de Pernambuco\",\"description\":\"R\u00e1dio Internacional da China\",\"publisher\":{\"@id\":\"https:\\\/\\\/diariodepe.com.br\\\/cri\\\/#organization\"},\"potentialAction\":[{\"@type\":\"SearchAction\",\"target\":{\"@type\":\"EntryPoint\",\"urlTemplate\":\"https:\\\/\\\/diariodepe.com.br\\\/cri\\\/?s={search_term_string}\"},\"query-input\":{\"@type\":\"PropertyValueSpecification\",\"valueRequired\":true,\"valueName\":\"search_term_string\"}}],\"inLanguage\":\"pt-BR\"},{\"@type\":\"Organization\",\"@id\":\"https:\\\/\\\/diariodepe.com.br\\\/cri\\\/#organization\",\"name\":\"CRI e Diario de Pernambuco\",\"url\":\"https:\\\/\\\/diariodepe.com.br\\\/cri\\\/\",\"logo\":{\"@type\":\"ImageObject\",\"inLanguage\":\"pt-BR\",\"@id\":\"https:\\\/\\\/diariodepe.com.br\\\/cri\\\/#\\\/schema\\\/logo\\\/image\\\/\",\"url\":\"https:\\\/\\\/diariodepe.com.br\\\/cri\\\/wp-content\\\/uploads\\\/sites\\\/2\\\/2022\\\/12\\\/cropped-Logo.jpg\",\"contentUrl\":\"https:\\\/\\\/diariodepe.com.br\\\/cri\\\/wp-content\\\/uploads\\\/sites\\\/2\\\/2022\\\/12\\\/cropped-Logo.jpg\",\"width\":700,\"height\":59,\"caption\":\"CRI e Diario de Pernambuco\"},\"image\":{\"@id\":\"https:\\\/\\\/diariodepe.com.br\\\/cri\\\/#\\\/schema\\\/logo\\\/image\\\/\"}},{\"@type\":\"Person\",\"@id\":\"https:\\\/\\\/diariodepe.com.br\\\/cri\\\/#\\\/schema\\\/person\\\/121bb28d84f1a5b1205ef4ce9c2e0c6b\",\"name\":\"Ismael Lucas S. Pereira\",\"image\":{\"@type\":\"ImageObject\",\"inLanguage\":\"pt-BR\",\"@id\":\"https:\\\/\\\/secure.gravatar.com\\\/avatar\\\/887a0f3b5a7ceea963a48499fb883ffce6b5037362def025c52c2505b15d63e4?s=96&d=mm&r=g\",\"url\":\"https:\\\/\\\/secure.gravatar.com\\\/avatar\\\/887a0f3b5a7ceea963a48499fb883ffce6b5037362def025c52c2505b15d63e4?s=96&d=mm&r=g\",\"contentUrl\":\"https:\\\/\\\/secure.gravatar.com\\\/avatar\\\/887a0f3b5a7ceea963a48499fb883ffce6b5037362def025c52c2505b15d63e4?s=96&d=mm&r=g\",\"caption\":\"Ismael Lucas S. Pereira\"},\"url\":\"https:\\\/\\\/diariodepe.com.br\\\/cri\\\/author\\\/ismael-lucas\\\/\"}]}<\/script>\n<!-- \/ Yoast SEO plugin. -->","yoast_head_json":{"title":"Concurso incentiva universit\u00e1rios chineses e latino-americanos a explorarem projetos de redu\u00e7\u00e3o da pobreza - CRI e Diario de Pernambuco","robots":{"index":"index","follow":"follow","max-snippet":"max-snippet:-1","max-image-preview":"max-image-preview:large","max-video-preview":"max-video-preview:-1"},"canonical":"https:\/\/diariodepe.com.br\/cri\/2025\/05\/12\/concurso-incentiva-universitarios-chineses-e-latino-americanos-a-explorarem-projetos-de-reducao-da-pobreza\/","og_locale":"pt_BR","og_type":"article","og_title":"Concurso incentiva universit\u00e1rios chineses e latino-americanos a explorarem projetos de redu\u00e7\u00e3o da pobreza - CRI e Diario de Pernambuco","og_description":"O Concurso 2025 &#8220;Jovens da China e da Am\u00e9rica Latina respondendo aos desafios globais \u2014 Desafio de redu\u00e7\u00e3o da pobreza&#8221; foi inaugurado antes do 4\u00ba F\u00f3rum China-CELAC a ser realizado em Beijing no dia 13 de maio. Cerca de 300...","og_url":"https:\/\/diariodepe.com.br\/cri\/2025\/05\/12\/concurso-incentiva-universitarios-chineses-e-latino-americanos-a-explorarem-projetos-de-reducao-da-pobreza\/","og_site_name":"CRI e Diario de Pernambuco","article_published_time":"2025-05-12T08:42:51+00:00","og_image":[{"url":"https:\/\/38picres.cgtn.com\/photoAlbum\/page\/performance\/img\/2025\/5\/12\/1747039077592_806.jpg","type":"","width":"","height":""}],"author":"Ismael Lucas S. Pereira","twitter_card":"summary_large_image","twitter_misc":{"Escrito por":"Ismael Lucas S. Pereira","Est. tempo de leitura":"4 minutos"},"schema":{"@context":"https:\/\/schema.org","@graph":[{"@type":"Article","@id":"https:\/\/diariodepe.com.br\/cri\/2025\/05\/12\/concurso-incentiva-universitarios-chineses-e-latino-americanos-a-explorarem-projetos-de-reducao-da-pobreza\/#article","isPartOf":{"@id":"https:\/\/diariodepe.com.br\/cri\/2025\/05\/12\/concurso-incentiva-universitarios-chineses-e-latino-americanos-a-explorarem-projetos-de-reducao-da-pobreza\/"},"author":{"name":"Ismael Lucas S. Pereira","@id":"https:\/\/diariodepe.com.br\/cri\/#\/schema\/person\/121bb28d84f1a5b1205ef4ce9c2e0c6b"},"headline":"Concurso incentiva universit\u00e1rios chineses e latino-americanos a explorarem projetos de redu\u00e7\u00e3o da pobreza","datePublished":"2025-05-12T08:42:51+00:00","mainEntityOfPage":{"@id":"https:\/\/diariodepe.com.br\/cri\/2025\/05\/12\/concurso-incentiva-universitarios-chineses-e-latino-americanos-a-explorarem-projetos-de-reducao-da-pobreza\/"},"wordCount":643,"commentCount":0,"publisher":{"@id":"https:\/\/diariodepe.com.br\/cri\/#organization"},"image":{"@id":"https:\/\/diariodepe.com.br\/cri\/2025\/05\/12\/concurso-incentiva-universitarios-chineses-e-latino-americanos-a-explorarem-projetos-de-reducao-da-pobreza\/#primaryimage"},"thumbnailUrl":"https:\/\/38picres.cgtn.com\/photoAlbum\/page\/performance\/img\/2025\/5\/12\/1747039077592_806.jpg","articleSection":["China"],"inLanguage":"pt-BR","potentialAction":[{"@type":"CommentAction","name":"Comment","target":["https:\/\/diariodepe.com.br\/cri\/2025\/05\/12\/concurso-incentiva-universitarios-chineses-e-latino-americanos-a-explorarem-projetos-de-reducao-da-pobreza\/#respond"]}]},{"@type":"WebPage","@id":"https:\/\/diariodepe.com.br\/cri\/2025\/05\/12\/concurso-incentiva-universitarios-chineses-e-latino-americanos-a-explorarem-projetos-de-reducao-da-pobreza\/","url":"https:\/\/diariodepe.com.br\/cri\/2025\/05\/12\/concurso-incentiva-universitarios-chineses-e-latino-americanos-a-explorarem-projetos-de-reducao-da-pobreza\/","name":"Concurso incentiva universit\u00e1rios chineses e latino-americanos a explorarem projetos de redu\u00e7\u00e3o da pobreza - CRI e Diario de Pernambuco","isPartOf":{"@id":"https:\/\/diariodepe.com.br\/cri\/#website"},"primaryImageOfPage":{"@id":"https:\/\/diariodepe.com.br\/cri\/2025\/05\/12\/concurso-incentiva-universitarios-chineses-e-latino-americanos-a-explorarem-projetos-de-reducao-da-pobreza\/#primaryimage"},"image":{"@id":"https:\/\/diariodepe.com.br\/cri\/2025\/05\/12\/concurso-incentiva-universitarios-chineses-e-latino-americanos-a-explorarem-projetos-de-reducao-da-pobreza\/#primaryimage"},"thumbnailUrl":"https:\/\/38picres.cgtn.com\/photoAlbum\/page\/performance\/img\/2025\/5\/12\/1747039077592_806.jpg","datePublished":"2025-05-12T08:42:51+00:00","breadcrumb":{"@id":"https:\/\/diariodepe.com.br\/cri\/2025\/05\/12\/concurso-incentiva-universitarios-chineses-e-latino-americanos-a-explorarem-projetos-de-reducao-da-pobreza\/#breadcrumb"},"inLanguage":"pt-BR","potentialAction":[{"@type":"ReadAction","target":["https:\/\/diariodepe.com.br\/cri\/2025\/05\/12\/concurso-incentiva-universitarios-chineses-e-latino-americanos-a-explorarem-projetos-de-reducao-da-pobreza\/"]}]},{"@type":"ImageObject","inLanguage":"pt-BR","@id":"https:\/\/diariodepe.com.br\/cri\/2025\/05\/12\/concurso-incentiva-universitarios-chineses-e-latino-americanos-a-explorarem-projetos-de-reducao-da-pobreza\/#primaryimage","url":"https:\/\/38picres.cgtn.com\/photoAlbum\/page\/performance\/img\/2025\/5\/12\/1747039077592_806.jpg","contentUrl":"https:\/\/38picres.cgtn.com\/photoAlbum\/page\/performance\/img\/2025\/5\/12\/1747039077592_806.jpg"},{"@type":"BreadcrumbList","@id":"https:\/\/diariodepe.com.br\/cri\/2025\/05\/12\/concurso-incentiva-universitarios-chineses-e-latino-americanos-a-explorarem-projetos-de-reducao-da-pobreza\/#breadcrumb","itemListElement":[{"@type":"ListItem","position":1,"name":"In\u00edcio","item":"https:\/\/diariodepe.com.br\/cri\/"},{"@type":"ListItem","position":2,"name":"Concurso incentiva universit\u00e1rios chineses e latino-americanos a explorarem projetos de redu\u00e7\u00e3o da pobreza"}]},{"@type":"WebSite","@id":"https:\/\/diariodepe.com.br\/cri\/#website","url":"https:\/\/diariodepe.com.br\/cri\/","name":"CRI e Diario de Pernambuco","description":"R\u00e1dio Internacional da China","publisher":{"@id":"https:\/\/diariodepe.com.br\/cri\/#organization"},"potentialAction":[{"@type":"SearchAction","target":{"@type":"EntryPoint","urlTemplate":"https:\/\/diariodepe.com.br\/cri\/?s={search_term_string}"},"query-input":{"@type":"PropertyValueSpecification","valueRequired":true,"valueName":"search_term_string"}}],"inLanguage":"pt-BR"},{"@type":"Organization","@id":"https:\/\/diariodepe.com.br\/cri\/#organization","name":"CRI e Diario de Pernambuco","url":"https:\/\/diariodepe.com.br\/cri\/","logo":{"@type":"ImageObject","inLanguage":"pt-BR","@id":"https:\/\/diariodepe.com.br\/cri\/#\/schema\/logo\/image\/","url":"https:\/\/diariodepe.com.br\/cri\/wp-content\/uploads\/sites\/2\/2022\/12\/cropped-Logo.jpg","contentUrl":"https:\/\/diariodepe.com.br\/cri\/wp-content\/uploads\/sites\/2\/2022\/12\/cropped-Logo.jpg","width":700,"height":59,"caption":"CRI e Diario de Pernambuco"},"image":{"@id":"https:\/\/diariodepe.com.br\/cri\/#\/schema\/logo\/image\/"}},{"@type":"Person","@id":"https:\/\/diariodepe.com.br\/cri\/#\/schema\/person\/121bb28d84f1a5b1205ef4ce9c2e0c6b","name":"Ismael Lucas S. Pereira","image":{"@type":"ImageObject","inLanguage":"pt-BR","@id":"https:\/\/secure.gravatar.com\/avatar\/887a0f3b5a7ceea963a48499fb883ffce6b5037362def025c52c2505b15d63e4?s=96&d=mm&r=g","url":"https:\/\/secure.gravatar.com\/avatar\/887a0f3b5a7ceea963a48499fb883ffce6b5037362def025c52c2505b15d63e4?s=96&d=mm&r=g","contentUrl":"https:\/\/secure.gravatar.com\/avatar\/887a0f3b5a7ceea963a48499fb883ffce6b5037362def025c52c2505b15d63e4?s=96&d=mm&r=g","caption":"Ismael Lucas S. Pereira"},"url":"https:\/\/diariodepe.com.br\/cri\/author\/ismael-lucas\/"}]}},"cc_featured_image_caption":{"caption_text":false,"source_text":false,"source_url":false},"amp_enabled":true,"_links":{"self":[{"href":"https:\/\/diariodepe.com.br\/cri\/wp-json\/wp\/v2\/posts\/8250","targetHints":{"allow":["GET"]}}],"collection":[{"href":"https:\/\/diariodepe.com.br\/cri\/wp-json\/wp\/v2\/posts"}],"about":[{"href":"https:\/\/diariodepe.com.br\/cri\/wp-json\/wp\/v2\/types\/post"}],"author":[{"embeddable":true,"href":"https:\/\/diariodepe.com.br\/cri\/wp-json\/wp\/v2\/users\/2"}],"replies":[{"embeddable":true,"href":"https:\/\/diariodepe.com.br\/cri\/wp-json\/wp\/v2\/comments?post=8250"}],"version-history":[{"count":1,"href":"https:\/\/diariodepe.com.br\/cri\/wp-json\/wp\/v2\/posts\/8250\/revisions"}],"predecessor-version":[{"id":8251,"href":"https:\/\/diariodepe.com.br\/cri\/wp-json\/wp\/v2\/posts\/8250\/revisions\/8251"}],"wp:attachment":[{"href":"https:\/\/diariodepe.com.br\/cri\/wp-json\/wp\/v2\/media?parent=8250"}],"wp:term":[{"taxonomy":"category","embeddable":true,"href":"https:\/\/diariodepe.com.br\/cri\/wp-json\/wp\/v2\/categories?post=8250"},{"taxonomy":"post_tag","embeddable":true,"href":"https:\/\/diariodepe.com.br\/cri\/wp-json\/wp\/v2\/tags?post=8250"}],"curies":[{"name":"wp","href":"https:\/\/api.w.org\/{rel}","templated":true}]}}