{"id":8231,"date":"2025-05-10T04:19:26","date_gmt":"2025-05-10T07:19:26","guid":{"rendered":"https:\/\/diariodepe.com.br\/cri\/?p=8231"},"modified":"2025-05-10T04:19:26","modified_gmt":"2025-05-10T07:19:26","slug":"china-e-russia-trocam-opinioes-sobre-tarifaco-dos-eua","status":"publish","type":"post","link":"https:\/\/diariodepe.com.br\/cri\/2025\/05\/10\/china-e-russia-trocam-opinioes-sobre-tarifaco-dos-eua\/","title":{"rendered":"China e R\u00fassia trocam opini\u00f5es sobre tarifa\u00e7o dos EUA"},"content":{"rendered":"<p>O ministro do Com\u00e9rcio da China, Wang Wentao, reuniu-se nesta quinta-feira (8), em Moscou, com o ministro do Desenvolvimento Econ\u00f4mico da R\u00fassia, Maxim Reshetnikov, para trocar opini\u00f5es aprofundadas sobre a implementa\u00e7\u00e3o do acordo bilateral de investimentos atualizado, o fortalecimento da coopera\u00e7\u00e3o econ\u00f4mica, comercial e de investimentos, bem como sobre as contramedidas \u00e0s chamadas \u201ctarifas rec\u00edprocas\u201d impostas pelos Estados Unidos.<\/p>\n<p>Wang Wentao afirmou que, sob a orienta\u00e7\u00e3o dos l\u00edderes dos dois pa\u00edses, a parceria de coordena\u00e7\u00e3o estrat\u00e9gica abrangente China-R\u00fassia na nova era continua a se aprofundar, com a coopera\u00e7\u00e3o econ\u00f4mica e comercial mantendo um bom ritmo de desenvolvimento. Ele enfatizou que ambas as partes devem aproveitar plenamente o papel do Acordo Atualizado de Promo\u00e7\u00e3o e Prote\u00e7\u00e3o de Investimentos China-R\u00fassia, proporcionando um ambiente de neg\u00f3cios mais transparente e justo para as empresas e impulsionando continuamente o desenvolvimento de alta qualidade da coopera\u00e7\u00e3o comercial bilateral.<\/p>\n<p>O ministro chin\u00eas ressaltou que a China se op\u00f5e firmemente \u00e0 imposi\u00e7\u00e3o arbitr\u00e1ria das chamadas \u201ctarifas rec\u00edprocas\u201d pelos Estados Unidos e j\u00e1 adotou contramedidas resolutas. Ap\u00f3s uma avalia\u00e7\u00e3o completa e cuidadosa, a China decidiu recentemente concordar com a realiza\u00e7\u00e3o de uma negocia\u00e7\u00e3o de alto n\u00edvel com os EUA sobre quest\u00f5es comerciais. A posi\u00e7\u00e3o da China permanece firme: a determina\u00e7\u00e3o de salvaguardar seus interesses de desenvolvimento n\u00e3o mudar\u00e1, assim como seu compromisso com a justi\u00e7a internacional e a ordem econ\u00f4mica e comercial global.<\/p>\n<p>Reshetnikov afirmou que a coopera\u00e7\u00e3o mutuamente ben\u00e9fica entre R\u00fassia e China n\u00e3o visa terceiros e est\u00e1 alinhada com os interesses fundamentais de ambos os pa\u00edses. Ele destacou que, nos \u00faltimos anos, o com\u00e9rcio bilateral tem se mantido resiliente e que os projetos cooperativos em diversas \u00e1reas est\u00e3o avan\u00e7ando de forma s\u00f3lida. Para o futuro, sugeriu que as duas partes devem aproveitar as oportunidades para aprofundar a colabora\u00e7\u00e3o industrial, ampliar os investimentos e fomentar novos pontos de crescimento econ\u00f4mico.<\/p>\n","protected":false},"excerpt":{"rendered":"<p>O ministro do Com\u00e9rcio da China, Wang Wentao, reuniu-se nesta quinta-feira (8), em Moscou, com o ministro do Desenvolvimento Econ\u00f4mico da R\u00fassia, Maxim Reshetnikov, para trocar opini\u00f5es aprofundadas sobre a implementa\u00e7\u00e3o do acordo bilateral de investimentos atualizado, o fortalecimento da&#8230;<\/p>\n","protected":false},"author":2,"featured_media":0,"comment_status":"open","ping_status":"open","sticky":false,"template":"","format":"standard","meta":{"footnotes":""},"categories":[8],"tags":[],"class_list":["post-8231","post","type-post","status-publish","format-standard","hentry","category-internacional"],"yoast_head":"<!-- This site is optimized with the Yoast SEO plugin v27.4 - https:\/\/yoast.com\/product\/yoast-seo-wordpress\/ -->\n<title>China e R\u00fassia trocam opini\u00f5es sobre tarifa\u00e7o dos EUA - CRI e Diario de Pernambuco<\/title>\n<meta name=\"robots\" content=\"index, follow, max-snippet:-1, max-image-preview:large, max-video-preview:-1\" \/>\n<link rel=\"canonical\" href=\"https:\/\/diariodepe.com.br\/cri\/2025\/05\/10\/china-e-russia-trocam-opinioes-sobre-tarifaco-dos-eua\/\" \/>\n<meta property=\"og:locale\" content=\"pt_BR\" \/>\n<meta property=\"og:type\" content=\"article\" \/>\n<meta property=\"og:title\" content=\"China e R\u00fassia trocam opini\u00f5es sobre tarifa\u00e7o dos EUA - CRI e Diario de Pernambuco\" \/>\n<meta property=\"og:description\" content=\"O ministro do Com\u00e9rcio da China, Wang Wentao, reuniu-se nesta quinta-feira (8), em Moscou, com o ministro do Desenvolvimento Econ\u00f4mico da R\u00fassia, Maxim Reshetnikov, para trocar opini\u00f5es aprofundadas sobre a implementa\u00e7\u00e3o do acordo bilateral de investimentos atualizado, o fortalecimento da...\" \/>\n<meta property=\"og:url\" content=\"https:\/\/diariodepe.com.br\/cri\/2025\/05\/10\/china-e-russia-trocam-opinioes-sobre-tarifaco-dos-eua\/\" \/>\n<meta property=\"og:site_name\" content=\"CRI e Diario de Pernambuco\" \/>\n<meta property=\"article:published_time\" content=\"2025-05-10T07:19:26+00:00\" \/>\n<meta name=\"author\" content=\"Ismael Lucas S. Pereira\" \/>\n<meta name=\"twitter:card\" content=\"summary_large_image\" \/>\n<meta name=\"twitter:label1\" content=\"Escrito por\" \/>\n\t<meta name=\"twitter:data1\" content=\"Ismael Lucas S. Pereira\" \/>\n\t<meta name=\"twitter:label2\" content=\"Est. tempo de leitura\" \/>\n\t<meta name=\"twitter:data2\" content=\"2 minutos\" \/>\n<script type=\"application\/ld+json\" class=\"yoast-schema-graph\">{\"@context\":\"https:\\\/\\\/schema.org\",\"@graph\":[{\"@type\":\"Article\",\"@id\":\"https:\\\/\\\/diariodepe.com.br\\\/cri\\\/2025\\\/05\\\/10\\\/china-e-russia-trocam-opinioes-sobre-tarifaco-dos-eua\\\/#article\",\"isPartOf\":{\"@id\":\"https:\\\/\\\/diariodepe.com.br\\\/cri\\\/2025\\\/05\\\/10\\\/china-e-russia-trocam-opinioes-sobre-tarifaco-dos-eua\\\/\"},\"author\":{\"name\":\"Ismael Lucas S. Pereira\",\"@id\":\"https:\\\/\\\/diariodepe.com.br\\\/cri\\\/#\\\/schema\\\/person\\\/121bb28d84f1a5b1205ef4ce9c2e0c6b\"},\"headline\":\"China e R\u00fassia trocam opini\u00f5es sobre tarifa\u00e7o dos EUA\",\"datePublished\":\"2025-05-10T07:19:26+00:00\",\"mainEntityOfPage\":{\"@id\":\"https:\\\/\\\/diariodepe.com.br\\\/cri\\\/2025\\\/05\\\/10\\\/china-e-russia-trocam-opinioes-sobre-tarifaco-dos-eua\\\/\"},\"wordCount\":360,\"commentCount\":0,\"publisher\":{\"@id\":\"https:\\\/\\\/diariodepe.com.br\\\/cri\\\/#organization\"},\"articleSection\":[\"Internacional\"],\"inLanguage\":\"pt-BR\",\"potentialAction\":[{\"@type\":\"CommentAction\",\"name\":\"Comment\",\"target\":[\"https:\\\/\\\/diariodepe.com.br\\\/cri\\\/2025\\\/05\\\/10\\\/china-e-russia-trocam-opinioes-sobre-tarifaco-dos-eua\\\/#respond\"]}]},{\"@type\":\"WebPage\",\"@id\":\"https:\\\/\\\/diariodepe.com.br\\\/cri\\\/2025\\\/05\\\/10\\\/china-e-russia-trocam-opinioes-sobre-tarifaco-dos-eua\\\/\",\"url\":\"https:\\\/\\\/diariodepe.com.br\\\/cri\\\/2025\\\/05\\\/10\\\/china-e-russia-trocam-opinioes-sobre-tarifaco-dos-eua\\\/\",\"name\":\"China e R\u00fassia trocam opini\u00f5es sobre tarifa\u00e7o dos EUA - CRI e Diario de Pernambuco\",\"isPartOf\":{\"@id\":\"https:\\\/\\\/diariodepe.com.br\\\/cri\\\/#website\"},\"datePublished\":\"2025-05-10T07:19:26+00:00\",\"breadcrumb\":{\"@id\":\"https:\\\/\\\/diariodepe.com.br\\\/cri\\\/2025\\\/05\\\/10\\\/china-e-russia-trocam-opinioes-sobre-tarifaco-dos-eua\\\/#breadcrumb\"},\"inLanguage\":\"pt-BR\",\"potentialAction\":[{\"@type\":\"ReadAction\",\"target\":[\"https:\\\/\\\/diariodepe.com.br\\\/cri\\\/2025\\\/05\\\/10\\\/china-e-russia-trocam-opinioes-sobre-tarifaco-dos-eua\\\/\"]}]},{\"@type\":\"BreadcrumbList\",\"@id\":\"https:\\\/\\\/diariodepe.com.br\\\/cri\\\/2025\\\/05\\\/10\\\/china-e-russia-trocam-opinioes-sobre-tarifaco-dos-eua\\\/#breadcrumb\",\"itemListElement\":[{\"@type\":\"ListItem\",\"position\":1,\"name\":\"In\u00edcio\",\"item\":\"https:\\\/\\\/diariodepe.com.br\\\/cri\\\/\"},{\"@type\":\"ListItem\",\"position\":2,\"name\":\"China e R\u00fassia trocam opini\u00f5es sobre tarifa\u00e7o dos EUA\"}]},{\"@type\":\"WebSite\",\"@id\":\"https:\\\/\\\/diariodepe.com.br\\\/cri\\\/#website\",\"url\":\"https:\\\/\\\/diariodepe.com.br\\\/cri\\\/\",\"name\":\"CRI e Diario de Pernambuco\",\"description\":\"R\u00e1dio Internacional da China\",\"publisher\":{\"@id\":\"https:\\\/\\\/diariodepe.com.br\\\/cri\\\/#organization\"},\"potentialAction\":[{\"@type\":\"SearchAction\",\"target\":{\"@type\":\"EntryPoint\",\"urlTemplate\":\"https:\\\/\\\/diariodepe.com.br\\\/cri\\\/?s={search_term_string}\"},\"query-input\":{\"@type\":\"PropertyValueSpecification\",\"valueRequired\":true,\"valueName\":\"search_term_string\"}}],\"inLanguage\":\"pt-BR\"},{\"@type\":\"Organization\",\"@id\":\"https:\\\/\\\/diariodepe.com.br\\\/cri\\\/#organization\",\"name\":\"CRI e Diario de Pernambuco\",\"url\":\"https:\\\/\\\/diariodepe.com.br\\\/cri\\\/\",\"logo\":{\"@type\":\"ImageObject\",\"inLanguage\":\"pt-BR\",\"@id\":\"https:\\\/\\\/diariodepe.com.br\\\/cri\\\/#\\\/schema\\\/logo\\\/image\\\/\",\"url\":\"https:\\\/\\\/diariodepe.com.br\\\/cri\\\/wp-content\\\/uploads\\\/sites\\\/2\\\/2022\\\/12\\\/cropped-Logo.jpg\",\"contentUrl\":\"https:\\\/\\\/diariodepe.com.br\\\/cri\\\/wp-content\\\/uploads\\\/sites\\\/2\\\/2022\\\/12\\\/cropped-Logo.jpg\",\"width\":700,\"height\":59,\"caption\":\"CRI e Diario de Pernambuco\"},\"image\":{\"@id\":\"https:\\\/\\\/diariodepe.com.br\\\/cri\\\/#\\\/schema\\\/logo\\\/image\\\/\"}},{\"@type\":\"Person\",\"@id\":\"https:\\\/\\\/diariodepe.com.br\\\/cri\\\/#\\\/schema\\\/person\\\/121bb28d84f1a5b1205ef4ce9c2e0c6b\",\"name\":\"Ismael Lucas S. Pereira\",\"image\":{\"@type\":\"ImageObject\",\"inLanguage\":\"pt-BR\",\"@id\":\"https:\\\/\\\/secure.gravatar.com\\\/avatar\\\/887a0f3b5a7ceea963a48499fb883ffce6b5037362def025c52c2505b15d63e4?s=96&d=mm&r=g\",\"url\":\"https:\\\/\\\/secure.gravatar.com\\\/avatar\\\/887a0f3b5a7ceea963a48499fb883ffce6b5037362def025c52c2505b15d63e4?s=96&d=mm&r=g\",\"contentUrl\":\"https:\\\/\\\/secure.gravatar.com\\\/avatar\\\/887a0f3b5a7ceea963a48499fb883ffce6b5037362def025c52c2505b15d63e4?s=96&d=mm&r=g\",\"caption\":\"Ismael Lucas S. Pereira\"},\"url\":\"https:\\\/\\\/diariodepe.com.br\\\/cri\\\/author\\\/ismael-lucas\\\/\"}]}<\/script>\n<!-- \/ Yoast SEO plugin. -->","yoast_head_json":{"title":"China e R\u00fassia trocam opini\u00f5es sobre tarifa\u00e7o dos EUA - CRI e Diario de Pernambuco","robots":{"index":"index","follow":"follow","max-snippet":"max-snippet:-1","max-image-preview":"max-image-preview:large","max-video-preview":"max-video-preview:-1"},"canonical":"https:\/\/diariodepe.com.br\/cri\/2025\/05\/10\/china-e-russia-trocam-opinioes-sobre-tarifaco-dos-eua\/","og_locale":"pt_BR","og_type":"article","og_title":"China e R\u00fassia trocam opini\u00f5es sobre tarifa\u00e7o dos EUA - CRI e Diario de Pernambuco","og_description":"O ministro do Com\u00e9rcio da China, Wang Wentao, reuniu-se nesta quinta-feira (8), em Moscou, com o ministro do Desenvolvimento Econ\u00f4mico da R\u00fassia, Maxim Reshetnikov, para trocar opini\u00f5es aprofundadas sobre a implementa\u00e7\u00e3o do acordo bilateral de investimentos atualizado, o fortalecimento da...","og_url":"https:\/\/diariodepe.com.br\/cri\/2025\/05\/10\/china-e-russia-trocam-opinioes-sobre-tarifaco-dos-eua\/","og_site_name":"CRI e Diario de Pernambuco","article_published_time":"2025-05-10T07:19:26+00:00","author":"Ismael Lucas S. Pereira","twitter_card":"summary_large_image","twitter_misc":{"Escrito por":"Ismael Lucas S. Pereira","Est. tempo de leitura":"2 minutos"},"schema":{"@context":"https:\/\/schema.org","@graph":[{"@type":"Article","@id":"https:\/\/diariodepe.com.br\/cri\/2025\/05\/10\/china-e-russia-trocam-opinioes-sobre-tarifaco-dos-eua\/#article","isPartOf":{"@id":"https:\/\/diariodepe.com.br\/cri\/2025\/05\/10\/china-e-russia-trocam-opinioes-sobre-tarifaco-dos-eua\/"},"author":{"name":"Ismael Lucas S. Pereira","@id":"https:\/\/diariodepe.com.br\/cri\/#\/schema\/person\/121bb28d84f1a5b1205ef4ce9c2e0c6b"},"headline":"China e R\u00fassia trocam opini\u00f5es sobre tarifa\u00e7o dos EUA","datePublished":"2025-05-10T07:19:26+00:00","mainEntityOfPage":{"@id":"https:\/\/diariodepe.com.br\/cri\/2025\/05\/10\/china-e-russia-trocam-opinioes-sobre-tarifaco-dos-eua\/"},"wordCount":360,"commentCount":0,"publisher":{"@id":"https:\/\/diariodepe.com.br\/cri\/#organization"},"articleSection":["Internacional"],"inLanguage":"pt-BR","potentialAction":[{"@type":"CommentAction","name":"Comment","target":["https:\/\/diariodepe.com.br\/cri\/2025\/05\/10\/china-e-russia-trocam-opinioes-sobre-tarifaco-dos-eua\/#respond"]}]},{"@type":"WebPage","@id":"https:\/\/diariodepe.com.br\/cri\/2025\/05\/10\/china-e-russia-trocam-opinioes-sobre-tarifaco-dos-eua\/","url":"https:\/\/diariodepe.com.br\/cri\/2025\/05\/10\/china-e-russia-trocam-opinioes-sobre-tarifaco-dos-eua\/","name":"China e R\u00fassia trocam opini\u00f5es sobre tarifa\u00e7o dos EUA - CRI e Diario de Pernambuco","isPartOf":{"@id":"https:\/\/diariodepe.com.br\/cri\/#website"},"datePublished":"2025-05-10T07:19:26+00:00","breadcrumb":{"@id":"https:\/\/diariodepe.com.br\/cri\/2025\/05\/10\/china-e-russia-trocam-opinioes-sobre-tarifaco-dos-eua\/#breadcrumb"},"inLanguage":"pt-BR","potentialAction":[{"@type":"ReadAction","target":["https:\/\/diariodepe.com.br\/cri\/2025\/05\/10\/china-e-russia-trocam-opinioes-sobre-tarifaco-dos-eua\/"]}]},{"@type":"BreadcrumbList","@id":"https:\/\/diariodepe.com.br\/cri\/2025\/05\/10\/china-e-russia-trocam-opinioes-sobre-tarifaco-dos-eua\/#breadcrumb","itemListElement":[{"@type":"ListItem","position":1,"name":"In\u00edcio","item":"https:\/\/diariodepe.com.br\/cri\/"},{"@type":"ListItem","position":2,"name":"China e R\u00fassia trocam opini\u00f5es sobre tarifa\u00e7o dos EUA"}]},{"@type":"WebSite","@id":"https:\/\/diariodepe.com.br\/cri\/#website","url":"https:\/\/diariodepe.com.br\/cri\/","name":"CRI e Diario de Pernambuco","description":"R\u00e1dio Internacional da China","publisher":{"@id":"https:\/\/diariodepe.com.br\/cri\/#organization"},"potentialAction":[{"@type":"SearchAction","target":{"@type":"EntryPoint","urlTemplate":"https:\/\/diariodepe.com.br\/cri\/?s={search_term_string}"},"query-input":{"@type":"PropertyValueSpecification","valueRequired":true,"valueName":"search_term_string"}}],"inLanguage":"pt-BR"},{"@type":"Organization","@id":"https:\/\/diariodepe.com.br\/cri\/#organization","name":"CRI e Diario de Pernambuco","url":"https:\/\/diariodepe.com.br\/cri\/","logo":{"@type":"ImageObject","inLanguage":"pt-BR","@id":"https:\/\/diariodepe.com.br\/cri\/#\/schema\/logo\/image\/","url":"https:\/\/diariodepe.com.br\/cri\/wp-content\/uploads\/sites\/2\/2022\/12\/cropped-Logo.jpg","contentUrl":"https:\/\/diariodepe.com.br\/cri\/wp-content\/uploads\/sites\/2\/2022\/12\/cropped-Logo.jpg","width":700,"height":59,"caption":"CRI e Diario de Pernambuco"},"image":{"@id":"https:\/\/diariodepe.com.br\/cri\/#\/schema\/logo\/image\/"}},{"@type":"Person","@id":"https:\/\/diariodepe.com.br\/cri\/#\/schema\/person\/121bb28d84f1a5b1205ef4ce9c2e0c6b","name":"Ismael Lucas S. Pereira","image":{"@type":"ImageObject","inLanguage":"pt-BR","@id":"https:\/\/secure.gravatar.com\/avatar\/887a0f3b5a7ceea963a48499fb883ffce6b5037362def025c52c2505b15d63e4?s=96&d=mm&r=g","url":"https:\/\/secure.gravatar.com\/avatar\/887a0f3b5a7ceea963a48499fb883ffce6b5037362def025c52c2505b15d63e4?s=96&d=mm&r=g","contentUrl":"https:\/\/secure.gravatar.com\/avatar\/887a0f3b5a7ceea963a48499fb883ffce6b5037362def025c52c2505b15d63e4?s=96&d=mm&r=g","caption":"Ismael Lucas S. Pereira"},"url":"https:\/\/diariodepe.com.br\/cri\/author\/ismael-lucas\/"}]}},"cc_featured_image_caption":{"caption_text":false,"source_text":false,"source_url":false},"amp_enabled":true,"_links":{"self":[{"href":"https:\/\/diariodepe.com.br\/cri\/wp-json\/wp\/v2\/posts\/8231","targetHints":{"allow":["GET"]}}],"collection":[{"href":"https:\/\/diariodepe.com.br\/cri\/wp-json\/wp\/v2\/posts"}],"about":[{"href":"https:\/\/diariodepe.com.br\/cri\/wp-json\/wp\/v2\/types\/post"}],"author":[{"embeddable":true,"href":"https:\/\/diariodepe.com.br\/cri\/wp-json\/wp\/v2\/users\/2"}],"replies":[{"embeddable":true,"href":"https:\/\/diariodepe.com.br\/cri\/wp-json\/wp\/v2\/comments?post=8231"}],"version-history":[{"count":1,"href":"https:\/\/diariodepe.com.br\/cri\/wp-json\/wp\/v2\/posts\/8231\/revisions"}],"predecessor-version":[{"id":8232,"href":"https:\/\/diariodepe.com.br\/cri\/wp-json\/wp\/v2\/posts\/8231\/revisions\/8232"}],"wp:attachment":[{"href":"https:\/\/diariodepe.com.br\/cri\/wp-json\/wp\/v2\/media?parent=8231"}],"wp:term":[{"taxonomy":"category","embeddable":true,"href":"https:\/\/diariodepe.com.br\/cri\/wp-json\/wp\/v2\/categories?post=8231"},{"taxonomy":"post_tag","embeddable":true,"href":"https:\/\/diariodepe.com.br\/cri\/wp-json\/wp\/v2\/tags?post=8231"}],"curies":[{"name":"wp","href":"https:\/\/api.w.org\/{rel}","templated":true}]}}