{"id":8229,"date":"2025-05-10T04:16:44","date_gmt":"2025-05-10T07:16:44","guid":{"rendered":"https:\/\/diariodepe.com.br\/cri\/?p=8229"},"modified":"2025-05-10T04:16:44","modified_gmt":"2025-05-10T07:16:44","slug":"xi-jinping-participa-da-comemoracao-dos-80-anos-da-vitoria-na-grande-guerra-patriotica-em-moscou","status":"publish","type":"post","link":"https:\/\/diariodepe.com.br\/cri\/2025\/05\/10\/xi-jinping-participa-da-comemoracao-dos-80-anos-da-vitoria-na-grande-guerra-patriotica-em-moscou\/","title":{"rendered":"Xi Jinping participa da comemora\u00e7\u00e3o dos 80 anos da vit\u00f3ria na Grande Guerra Patri\u00f3tica em Moscou"},"content":{"rendered":"<p>&nbsp;<\/p>\n<p><img decoding=\"async\" src=\"https:\/\/38picres.cgtn.com\/photoAlbum\/page\/performance\/img\/2025\/5\/9\/1746799358909_987.jpg\" width=\"100%\" height=\"auto\" \/><\/p>\n<p>Na manh\u00e3 desta sexta-feira (9), a R\u00fassia realizou uma grandiosa celebra\u00e7\u00e3o em homenagem ao 80\u00ba anivers\u00e1rio da vit\u00f3ria da Grande Guerra Patri\u00f3tica da Uni\u00e3o Sovi\u00e9tica. O presidente chin\u00eas, Xi Jinping, e l\u00edderes de mais de 20 pa\u00edses e organiza\u00e7\u00f5es internacionais participaram do evento a convite.<\/p>\n<p>Xi Jinping chegou ao Kremlin, onde foi calorosamente recebido pelo presidente russo, Vladimir Putin, com quem apertou as m\u00e3os cordialmente. Em seguida, os dois chefes de Estado caminharam juntos at\u00e9 a Pra\u00e7a Vermelha e subiram \u00e0 tribuna principal para assistir \u00e0 cerim\u00f4nia.<\/p>\n<p><img decoding=\"async\" src=\"https:\/\/38picres.cgtn.com\/photoAlbum\/page\/performance\/img\/2025\/5\/9\/1746799377542_490.jpg\" width=\"100%\" height=\"auto\" \/><\/p>\n<p>\u00c0s 10 horas em ponto, ao som solene dos sinos do Kremlin, teve in\u00edcio a celebra\u00e7\u00e3o. Em seu discurso, Putin afirmou que a Uni\u00e3o Sovi\u00e9tica defendeu a paz e a liberdade da humanidade ao custo de dezenas de milh\u00f5es de vidas. Ele destacou a corajosa resist\u00eancia do povo chin\u00eas \u00e0 agress\u00e3o e expressou grande apre\u00e7o pela contribui\u00e7\u00e3o da China para a constru\u00e7\u00e3o de um futuro comum da humanidade. Putin ressaltou que a hist\u00f3ria da Segunda Guerra Mundial deve ser lembrada e que a vit\u00f3ria \u00e9 sagrada. A hist\u00f3ria n\u00e3o pode ser distorcida, e os vencedores n\u00e3o devem ser insultados. A hist\u00f3ria e a justi\u00e7a sempre estar\u00e3o do lado dos que lutaram por ela.<\/p>\n<p>Em seguida, a banda militar executou o hino nacional da R\u00fassia, salvas de canh\u00e3o ecoaram pela Pra\u00e7a Vermelha e teve in\u00edcio o grandioso desfile militar. As tropas marcharam pela Pra\u00e7a Vermelha em passos precisos. For\u00e7as Armadas de mais de 10 pa\u00edses, incluindo a China, tamb\u00e9m participaram do desfile.<\/p>\n<p><img decoding=\"async\" src=\"https:\/\/38picres.cgtn.com\/photoAlbum\/page\/performance\/img\/2025\/5\/9\/1746799391047_291.jpg\" width=\"100%\" height=\"auto\" \/><\/p>\n<p>Ap\u00f3s a cerim\u00f4nia, Xi Jinping, junto com os demais l\u00edderes, dirigiu-se ao Jardim de Alexandre, onde depositaram flores no T\u00famulo do Soldado Desconhecido e fizeram um minuto de sil\u00eancio. Logo depois, os l\u00edderes tiraram uma foto de grupo.<\/p>\n<p>Ao meio-dia, Xi Jinping participou do banquete comemorativo do 80\u00ba anivers\u00e1rio da vit\u00f3ria na Grande Guerra Patri\u00f3tica, oferecido pelo presidente Putin.<\/p>\n","protected":false},"excerpt":{"rendered":"<p>&nbsp; Na manh\u00e3 desta sexta-feira (9), a R\u00fassia realizou uma grandiosa celebra\u00e7\u00e3o em homenagem ao 80\u00ba anivers\u00e1rio da vit\u00f3ria da Grande Guerra Patri\u00f3tica da Uni\u00e3o Sovi\u00e9tica. O presidente chin\u00eas, Xi Jinping, e l\u00edderes de mais de 20 pa\u00edses e organiza\u00e7\u00f5es&#8230;<\/p>\n","protected":false},"author":2,"featured_media":0,"comment_status":"open","ping_status":"open","sticky":false,"template":"","format":"standard","meta":{"footnotes":""},"categories":[8],"tags":[],"class_list":["post-8229","post","type-post","status-publish","format-standard","hentry","category-internacional"],"yoast_head":"<!-- This site is optimized with the Yoast SEO plugin v27.4 - https:\/\/yoast.com\/product\/yoast-seo-wordpress\/ -->\n<title>Xi Jinping participa da comemora\u00e7\u00e3o dos 80 anos da vit\u00f3ria na Grande Guerra Patri\u00f3tica em Moscou - CRI e Diario de Pernambuco<\/title>\n<meta name=\"robots\" content=\"index, follow, max-snippet:-1, max-image-preview:large, max-video-preview:-1\" \/>\n<link rel=\"canonical\" href=\"https:\/\/diariodepe.com.br\/cri\/2025\/05\/10\/xi-jinping-participa-da-comemoracao-dos-80-anos-da-vitoria-na-grande-guerra-patriotica-em-moscou\/\" \/>\n<meta property=\"og:locale\" content=\"pt_BR\" \/>\n<meta property=\"og:type\" content=\"article\" \/>\n<meta property=\"og:title\" content=\"Xi Jinping participa da comemora\u00e7\u00e3o dos 80 anos da vit\u00f3ria na Grande Guerra Patri\u00f3tica em Moscou - CRI e Diario de Pernambuco\" \/>\n<meta property=\"og:description\" content=\"&nbsp; Na manh\u00e3 desta sexta-feira (9), a R\u00fassia realizou uma grandiosa celebra\u00e7\u00e3o em homenagem ao 80\u00ba anivers\u00e1rio da vit\u00f3ria da Grande Guerra Patri\u00f3tica da Uni\u00e3o Sovi\u00e9tica. O presidente chin\u00eas, Xi Jinping, e l\u00edderes de mais de 20 pa\u00edses e organiza\u00e7\u00f5es...\" \/>\n<meta property=\"og:url\" content=\"https:\/\/diariodepe.com.br\/cri\/2025\/05\/10\/xi-jinping-participa-da-comemoracao-dos-80-anos-da-vitoria-na-grande-guerra-patriotica-em-moscou\/\" \/>\n<meta property=\"og:site_name\" content=\"CRI e Diario de Pernambuco\" \/>\n<meta property=\"article:published_time\" content=\"2025-05-10T07:16:44+00:00\" \/>\n<meta property=\"og:image\" content=\"https:\/\/38picres.cgtn.com\/photoAlbum\/page\/performance\/img\/2025\/5\/9\/1746799358909_987.jpg\" \/>\n<meta name=\"author\" content=\"Ismael Lucas S. Pereira\" \/>\n<meta name=\"twitter:card\" content=\"summary_large_image\" \/>\n<meta name=\"twitter:label1\" content=\"Escrito por\" \/>\n\t<meta name=\"twitter:data1\" content=\"Ismael Lucas S. Pereira\" \/>\n\t<meta name=\"twitter:label2\" content=\"Est. tempo de leitura\" \/>\n\t<meta name=\"twitter:data2\" content=\"3 minutos\" \/>\n<script type=\"application\/ld+json\" class=\"yoast-schema-graph\">{\"@context\":\"https:\\\/\\\/schema.org\",\"@graph\":[{\"@type\":\"Article\",\"@id\":\"https:\\\/\\\/diariodepe.com.br\\\/cri\\\/2025\\\/05\\\/10\\\/xi-jinping-participa-da-comemoracao-dos-80-anos-da-vitoria-na-grande-guerra-patriotica-em-moscou\\\/#article\",\"isPartOf\":{\"@id\":\"https:\\\/\\\/diariodepe.com.br\\\/cri\\\/2025\\\/05\\\/10\\\/xi-jinping-participa-da-comemoracao-dos-80-anos-da-vitoria-na-grande-guerra-patriotica-em-moscou\\\/\"},\"author\":{\"name\":\"Ismael Lucas S. Pereira\",\"@id\":\"https:\\\/\\\/diariodepe.com.br\\\/cri\\\/#\\\/schema\\\/person\\\/121bb28d84f1a5b1205ef4ce9c2e0c6b\"},\"headline\":\"Xi Jinping participa da comemora\u00e7\u00e3o dos 80 anos da vit\u00f3ria na Grande Guerra Patri\u00f3tica em Moscou\",\"datePublished\":\"2025-05-10T07:16:44+00:00\",\"mainEntityOfPage\":{\"@id\":\"https:\\\/\\\/diariodepe.com.br\\\/cri\\\/2025\\\/05\\\/10\\\/xi-jinping-participa-da-comemoracao-dos-80-anos-da-vitoria-na-grande-guerra-patriotica-em-moscou\\\/\"},\"wordCount\":366,\"commentCount\":0,\"publisher\":{\"@id\":\"https:\\\/\\\/diariodepe.com.br\\\/cri\\\/#organization\"},\"image\":{\"@id\":\"https:\\\/\\\/diariodepe.com.br\\\/cri\\\/2025\\\/05\\\/10\\\/xi-jinping-participa-da-comemoracao-dos-80-anos-da-vitoria-na-grande-guerra-patriotica-em-moscou\\\/#primaryimage\"},\"thumbnailUrl\":\"https:\\\/\\\/38picres.cgtn.com\\\/photoAlbum\\\/page\\\/performance\\\/img\\\/2025\\\/5\\\/9\\\/1746799358909_987.jpg\",\"articleSection\":[\"Internacional\"],\"inLanguage\":\"pt-BR\",\"potentialAction\":[{\"@type\":\"CommentAction\",\"name\":\"Comment\",\"target\":[\"https:\\\/\\\/diariodepe.com.br\\\/cri\\\/2025\\\/05\\\/10\\\/xi-jinping-participa-da-comemoracao-dos-80-anos-da-vitoria-na-grande-guerra-patriotica-em-moscou\\\/#respond\"]}]},{\"@type\":\"WebPage\",\"@id\":\"https:\\\/\\\/diariodepe.com.br\\\/cri\\\/2025\\\/05\\\/10\\\/xi-jinping-participa-da-comemoracao-dos-80-anos-da-vitoria-na-grande-guerra-patriotica-em-moscou\\\/\",\"url\":\"https:\\\/\\\/diariodepe.com.br\\\/cri\\\/2025\\\/05\\\/10\\\/xi-jinping-participa-da-comemoracao-dos-80-anos-da-vitoria-na-grande-guerra-patriotica-em-moscou\\\/\",\"name\":\"Xi Jinping participa da comemora\u00e7\u00e3o dos 80 anos da vit\u00f3ria na Grande Guerra Patri\u00f3tica em Moscou - CRI e Diario de Pernambuco\",\"isPartOf\":{\"@id\":\"https:\\\/\\\/diariodepe.com.br\\\/cri\\\/#website\"},\"primaryImageOfPage\":{\"@id\":\"https:\\\/\\\/diariodepe.com.br\\\/cri\\\/2025\\\/05\\\/10\\\/xi-jinping-participa-da-comemoracao-dos-80-anos-da-vitoria-na-grande-guerra-patriotica-em-moscou\\\/#primaryimage\"},\"image\":{\"@id\":\"https:\\\/\\\/diariodepe.com.br\\\/cri\\\/2025\\\/05\\\/10\\\/xi-jinping-participa-da-comemoracao-dos-80-anos-da-vitoria-na-grande-guerra-patriotica-em-moscou\\\/#primaryimage\"},\"thumbnailUrl\":\"https:\\\/\\\/38picres.cgtn.com\\\/photoAlbum\\\/page\\\/performance\\\/img\\\/2025\\\/5\\\/9\\\/1746799358909_987.jpg\",\"datePublished\":\"2025-05-10T07:16:44+00:00\",\"breadcrumb\":{\"@id\":\"https:\\\/\\\/diariodepe.com.br\\\/cri\\\/2025\\\/05\\\/10\\\/xi-jinping-participa-da-comemoracao-dos-80-anos-da-vitoria-na-grande-guerra-patriotica-em-moscou\\\/#breadcrumb\"},\"inLanguage\":\"pt-BR\",\"potentialAction\":[{\"@type\":\"ReadAction\",\"target\":[\"https:\\\/\\\/diariodepe.com.br\\\/cri\\\/2025\\\/05\\\/10\\\/xi-jinping-participa-da-comemoracao-dos-80-anos-da-vitoria-na-grande-guerra-patriotica-em-moscou\\\/\"]}]},{\"@type\":\"ImageObject\",\"inLanguage\":\"pt-BR\",\"@id\":\"https:\\\/\\\/diariodepe.com.br\\\/cri\\\/2025\\\/05\\\/10\\\/xi-jinping-participa-da-comemoracao-dos-80-anos-da-vitoria-na-grande-guerra-patriotica-em-moscou\\\/#primaryimage\",\"url\":\"https:\\\/\\\/38picres.cgtn.com\\\/photoAlbum\\\/page\\\/performance\\\/img\\\/2025\\\/5\\\/9\\\/1746799358909_987.jpg\",\"contentUrl\":\"https:\\\/\\\/38picres.cgtn.com\\\/photoAlbum\\\/page\\\/performance\\\/img\\\/2025\\\/5\\\/9\\\/1746799358909_987.jpg\"},{\"@type\":\"BreadcrumbList\",\"@id\":\"https:\\\/\\\/diariodepe.com.br\\\/cri\\\/2025\\\/05\\\/10\\\/xi-jinping-participa-da-comemoracao-dos-80-anos-da-vitoria-na-grande-guerra-patriotica-em-moscou\\\/#breadcrumb\",\"itemListElement\":[{\"@type\":\"ListItem\",\"position\":1,\"name\":\"In\u00edcio\",\"item\":\"https:\\\/\\\/diariodepe.com.br\\\/cri\\\/\"},{\"@type\":\"ListItem\",\"position\":2,\"name\":\"Xi Jinping participa da comemora\u00e7\u00e3o dos 80 anos da vit\u00f3ria na Grande Guerra Patri\u00f3tica em Moscou\"}]},{\"@type\":\"WebSite\",\"@id\":\"https:\\\/\\\/diariodepe.com.br\\\/cri\\\/#website\",\"url\":\"https:\\\/\\\/diariodepe.com.br\\\/cri\\\/\",\"name\":\"CRI e Diario de Pernambuco\",\"description\":\"R\u00e1dio Internacional da China\",\"publisher\":{\"@id\":\"https:\\\/\\\/diariodepe.com.br\\\/cri\\\/#organization\"},\"potentialAction\":[{\"@type\":\"SearchAction\",\"target\":{\"@type\":\"EntryPoint\",\"urlTemplate\":\"https:\\\/\\\/diariodepe.com.br\\\/cri\\\/?s={search_term_string}\"},\"query-input\":{\"@type\":\"PropertyValueSpecification\",\"valueRequired\":true,\"valueName\":\"search_term_string\"}}],\"inLanguage\":\"pt-BR\"},{\"@type\":\"Organization\",\"@id\":\"https:\\\/\\\/diariodepe.com.br\\\/cri\\\/#organization\",\"name\":\"CRI e Diario de Pernambuco\",\"url\":\"https:\\\/\\\/diariodepe.com.br\\\/cri\\\/\",\"logo\":{\"@type\":\"ImageObject\",\"inLanguage\":\"pt-BR\",\"@id\":\"https:\\\/\\\/diariodepe.com.br\\\/cri\\\/#\\\/schema\\\/logo\\\/image\\\/\",\"url\":\"https:\\\/\\\/diariodepe.com.br\\\/cri\\\/wp-content\\\/uploads\\\/sites\\\/2\\\/2022\\\/12\\\/cropped-Logo.jpg\",\"contentUrl\":\"https:\\\/\\\/diariodepe.com.br\\\/cri\\\/wp-content\\\/uploads\\\/sites\\\/2\\\/2022\\\/12\\\/cropped-Logo.jpg\",\"width\":700,\"height\":59,\"caption\":\"CRI e Diario de Pernambuco\"},\"image\":{\"@id\":\"https:\\\/\\\/diariodepe.com.br\\\/cri\\\/#\\\/schema\\\/logo\\\/image\\\/\"}},{\"@type\":\"Person\",\"@id\":\"https:\\\/\\\/diariodepe.com.br\\\/cri\\\/#\\\/schema\\\/person\\\/121bb28d84f1a5b1205ef4ce9c2e0c6b\",\"name\":\"Ismael Lucas S. Pereira\",\"image\":{\"@type\":\"ImageObject\",\"inLanguage\":\"pt-BR\",\"@id\":\"https:\\\/\\\/secure.gravatar.com\\\/avatar\\\/887a0f3b5a7ceea963a48499fb883ffce6b5037362def025c52c2505b15d63e4?s=96&d=mm&r=g\",\"url\":\"https:\\\/\\\/secure.gravatar.com\\\/avatar\\\/887a0f3b5a7ceea963a48499fb883ffce6b5037362def025c52c2505b15d63e4?s=96&d=mm&r=g\",\"contentUrl\":\"https:\\\/\\\/secure.gravatar.com\\\/avatar\\\/887a0f3b5a7ceea963a48499fb883ffce6b5037362def025c52c2505b15d63e4?s=96&d=mm&r=g\",\"caption\":\"Ismael Lucas S. Pereira\"},\"url\":\"https:\\\/\\\/diariodepe.com.br\\\/cri\\\/author\\\/ismael-lucas\\\/\"}]}<\/script>\n<!-- \/ Yoast SEO plugin. -->","yoast_head_json":{"title":"Xi Jinping participa da comemora\u00e7\u00e3o dos 80 anos da vit\u00f3ria na Grande Guerra Patri\u00f3tica em Moscou - CRI e Diario de Pernambuco","robots":{"index":"index","follow":"follow","max-snippet":"max-snippet:-1","max-image-preview":"max-image-preview:large","max-video-preview":"max-video-preview:-1"},"canonical":"https:\/\/diariodepe.com.br\/cri\/2025\/05\/10\/xi-jinping-participa-da-comemoracao-dos-80-anos-da-vitoria-na-grande-guerra-patriotica-em-moscou\/","og_locale":"pt_BR","og_type":"article","og_title":"Xi Jinping participa da comemora\u00e7\u00e3o dos 80 anos da vit\u00f3ria na Grande Guerra Patri\u00f3tica em Moscou - CRI e Diario de Pernambuco","og_description":"&nbsp; Na manh\u00e3 desta sexta-feira (9), a R\u00fassia realizou uma grandiosa celebra\u00e7\u00e3o em homenagem ao 80\u00ba anivers\u00e1rio da vit\u00f3ria da Grande Guerra Patri\u00f3tica da Uni\u00e3o Sovi\u00e9tica. O presidente chin\u00eas, Xi Jinping, e l\u00edderes de mais de 20 pa\u00edses e organiza\u00e7\u00f5es...","og_url":"https:\/\/diariodepe.com.br\/cri\/2025\/05\/10\/xi-jinping-participa-da-comemoracao-dos-80-anos-da-vitoria-na-grande-guerra-patriotica-em-moscou\/","og_site_name":"CRI e Diario de Pernambuco","article_published_time":"2025-05-10T07:16:44+00:00","og_image":[{"url":"https:\/\/38picres.cgtn.com\/photoAlbum\/page\/performance\/img\/2025\/5\/9\/1746799358909_987.jpg","type":"","width":"","height":""}],"author":"Ismael Lucas S. Pereira","twitter_card":"summary_large_image","twitter_misc":{"Escrito por":"Ismael Lucas S. Pereira","Est. tempo de leitura":"3 minutos"},"schema":{"@context":"https:\/\/schema.org","@graph":[{"@type":"Article","@id":"https:\/\/diariodepe.com.br\/cri\/2025\/05\/10\/xi-jinping-participa-da-comemoracao-dos-80-anos-da-vitoria-na-grande-guerra-patriotica-em-moscou\/#article","isPartOf":{"@id":"https:\/\/diariodepe.com.br\/cri\/2025\/05\/10\/xi-jinping-participa-da-comemoracao-dos-80-anos-da-vitoria-na-grande-guerra-patriotica-em-moscou\/"},"author":{"name":"Ismael Lucas S. Pereira","@id":"https:\/\/diariodepe.com.br\/cri\/#\/schema\/person\/121bb28d84f1a5b1205ef4ce9c2e0c6b"},"headline":"Xi Jinping participa da comemora\u00e7\u00e3o dos 80 anos da vit\u00f3ria na Grande Guerra Patri\u00f3tica em Moscou","datePublished":"2025-05-10T07:16:44+00:00","mainEntityOfPage":{"@id":"https:\/\/diariodepe.com.br\/cri\/2025\/05\/10\/xi-jinping-participa-da-comemoracao-dos-80-anos-da-vitoria-na-grande-guerra-patriotica-em-moscou\/"},"wordCount":366,"commentCount":0,"publisher":{"@id":"https:\/\/diariodepe.com.br\/cri\/#organization"},"image":{"@id":"https:\/\/diariodepe.com.br\/cri\/2025\/05\/10\/xi-jinping-participa-da-comemoracao-dos-80-anos-da-vitoria-na-grande-guerra-patriotica-em-moscou\/#primaryimage"},"thumbnailUrl":"https:\/\/38picres.cgtn.com\/photoAlbum\/page\/performance\/img\/2025\/5\/9\/1746799358909_987.jpg","articleSection":["Internacional"],"inLanguage":"pt-BR","potentialAction":[{"@type":"CommentAction","name":"Comment","target":["https:\/\/diariodepe.com.br\/cri\/2025\/05\/10\/xi-jinping-participa-da-comemoracao-dos-80-anos-da-vitoria-na-grande-guerra-patriotica-em-moscou\/#respond"]}]},{"@type":"WebPage","@id":"https:\/\/diariodepe.com.br\/cri\/2025\/05\/10\/xi-jinping-participa-da-comemoracao-dos-80-anos-da-vitoria-na-grande-guerra-patriotica-em-moscou\/","url":"https:\/\/diariodepe.com.br\/cri\/2025\/05\/10\/xi-jinping-participa-da-comemoracao-dos-80-anos-da-vitoria-na-grande-guerra-patriotica-em-moscou\/","name":"Xi Jinping participa da comemora\u00e7\u00e3o dos 80 anos da vit\u00f3ria na Grande Guerra Patri\u00f3tica em Moscou - CRI e Diario de Pernambuco","isPartOf":{"@id":"https:\/\/diariodepe.com.br\/cri\/#website"},"primaryImageOfPage":{"@id":"https:\/\/diariodepe.com.br\/cri\/2025\/05\/10\/xi-jinping-participa-da-comemoracao-dos-80-anos-da-vitoria-na-grande-guerra-patriotica-em-moscou\/#primaryimage"},"image":{"@id":"https:\/\/diariodepe.com.br\/cri\/2025\/05\/10\/xi-jinping-participa-da-comemoracao-dos-80-anos-da-vitoria-na-grande-guerra-patriotica-em-moscou\/#primaryimage"},"thumbnailUrl":"https:\/\/38picres.cgtn.com\/photoAlbum\/page\/performance\/img\/2025\/5\/9\/1746799358909_987.jpg","datePublished":"2025-05-10T07:16:44+00:00","breadcrumb":{"@id":"https:\/\/diariodepe.com.br\/cri\/2025\/05\/10\/xi-jinping-participa-da-comemoracao-dos-80-anos-da-vitoria-na-grande-guerra-patriotica-em-moscou\/#breadcrumb"},"inLanguage":"pt-BR","potentialAction":[{"@type":"ReadAction","target":["https:\/\/diariodepe.com.br\/cri\/2025\/05\/10\/xi-jinping-participa-da-comemoracao-dos-80-anos-da-vitoria-na-grande-guerra-patriotica-em-moscou\/"]}]},{"@type":"ImageObject","inLanguage":"pt-BR","@id":"https:\/\/diariodepe.com.br\/cri\/2025\/05\/10\/xi-jinping-participa-da-comemoracao-dos-80-anos-da-vitoria-na-grande-guerra-patriotica-em-moscou\/#primaryimage","url":"https:\/\/38picres.cgtn.com\/photoAlbum\/page\/performance\/img\/2025\/5\/9\/1746799358909_987.jpg","contentUrl":"https:\/\/38picres.cgtn.com\/photoAlbum\/page\/performance\/img\/2025\/5\/9\/1746799358909_987.jpg"},{"@type":"BreadcrumbList","@id":"https:\/\/diariodepe.com.br\/cri\/2025\/05\/10\/xi-jinping-participa-da-comemoracao-dos-80-anos-da-vitoria-na-grande-guerra-patriotica-em-moscou\/#breadcrumb","itemListElement":[{"@type":"ListItem","position":1,"name":"In\u00edcio","item":"https:\/\/diariodepe.com.br\/cri\/"},{"@type":"ListItem","position":2,"name":"Xi Jinping participa da comemora\u00e7\u00e3o dos 80 anos da vit\u00f3ria na Grande Guerra Patri\u00f3tica em Moscou"}]},{"@type":"WebSite","@id":"https:\/\/diariodepe.com.br\/cri\/#website","url":"https:\/\/diariodepe.com.br\/cri\/","name":"CRI e Diario de Pernambuco","description":"R\u00e1dio Internacional da China","publisher":{"@id":"https:\/\/diariodepe.com.br\/cri\/#organization"},"potentialAction":[{"@type":"SearchAction","target":{"@type":"EntryPoint","urlTemplate":"https:\/\/diariodepe.com.br\/cri\/?s={search_term_string}"},"query-input":{"@type":"PropertyValueSpecification","valueRequired":true,"valueName":"search_term_string"}}],"inLanguage":"pt-BR"},{"@type":"Organization","@id":"https:\/\/diariodepe.com.br\/cri\/#organization","name":"CRI e Diario de Pernambuco","url":"https:\/\/diariodepe.com.br\/cri\/","logo":{"@type":"ImageObject","inLanguage":"pt-BR","@id":"https:\/\/diariodepe.com.br\/cri\/#\/schema\/logo\/image\/","url":"https:\/\/diariodepe.com.br\/cri\/wp-content\/uploads\/sites\/2\/2022\/12\/cropped-Logo.jpg","contentUrl":"https:\/\/diariodepe.com.br\/cri\/wp-content\/uploads\/sites\/2\/2022\/12\/cropped-Logo.jpg","width":700,"height":59,"caption":"CRI e Diario de Pernambuco"},"image":{"@id":"https:\/\/diariodepe.com.br\/cri\/#\/schema\/logo\/image\/"}},{"@type":"Person","@id":"https:\/\/diariodepe.com.br\/cri\/#\/schema\/person\/121bb28d84f1a5b1205ef4ce9c2e0c6b","name":"Ismael Lucas S. Pereira","image":{"@type":"ImageObject","inLanguage":"pt-BR","@id":"https:\/\/secure.gravatar.com\/avatar\/887a0f3b5a7ceea963a48499fb883ffce6b5037362def025c52c2505b15d63e4?s=96&d=mm&r=g","url":"https:\/\/secure.gravatar.com\/avatar\/887a0f3b5a7ceea963a48499fb883ffce6b5037362def025c52c2505b15d63e4?s=96&d=mm&r=g","contentUrl":"https:\/\/secure.gravatar.com\/avatar\/887a0f3b5a7ceea963a48499fb883ffce6b5037362def025c52c2505b15d63e4?s=96&d=mm&r=g","caption":"Ismael Lucas S. Pereira"},"url":"https:\/\/diariodepe.com.br\/cri\/author\/ismael-lucas\/"}]}},"cc_featured_image_caption":{"caption_text":false,"source_text":false,"source_url":false},"amp_enabled":true,"_links":{"self":[{"href":"https:\/\/diariodepe.com.br\/cri\/wp-json\/wp\/v2\/posts\/8229","targetHints":{"allow":["GET"]}}],"collection":[{"href":"https:\/\/diariodepe.com.br\/cri\/wp-json\/wp\/v2\/posts"}],"about":[{"href":"https:\/\/diariodepe.com.br\/cri\/wp-json\/wp\/v2\/types\/post"}],"author":[{"embeddable":true,"href":"https:\/\/diariodepe.com.br\/cri\/wp-json\/wp\/v2\/users\/2"}],"replies":[{"embeddable":true,"href":"https:\/\/diariodepe.com.br\/cri\/wp-json\/wp\/v2\/comments?post=8229"}],"version-history":[{"count":1,"href":"https:\/\/diariodepe.com.br\/cri\/wp-json\/wp\/v2\/posts\/8229\/revisions"}],"predecessor-version":[{"id":8230,"href":"https:\/\/diariodepe.com.br\/cri\/wp-json\/wp\/v2\/posts\/8229\/revisions\/8230"}],"wp:attachment":[{"href":"https:\/\/diariodepe.com.br\/cri\/wp-json\/wp\/v2\/media?parent=8229"}],"wp:term":[{"taxonomy":"category","embeddable":true,"href":"https:\/\/diariodepe.com.br\/cri\/wp-json\/wp\/v2\/categories?post=8229"},{"taxonomy":"post_tag","embeddable":true,"href":"https:\/\/diariodepe.com.br\/cri\/wp-json\/wp\/v2\/tags?post=8229"}],"curies":[{"name":"wp","href":"https:\/\/api.w.org\/{rel}","templated":true}]}}