{"id":8222,"date":"2025-05-09T00:01:53","date_gmt":"2025-05-09T03:01:53","guid":{"rendered":"https:\/\/diariodepe.com.br\/cri\/?p=8222"},"modified":"2025-05-09T00:01:53","modified_gmt":"2025-05-09T03:01:53","slug":"china-e-russia-continuam-reforcando-cooperacao-no-setor-de-cinema","status":"publish","type":"post","link":"https:\/\/diariodepe.com.br\/cri\/2025\/05\/09\/china-e-russia-continuam-reforcando-cooperacao-no-setor-de-cinema\/","title":{"rendered":"China e R\u00fassia continuam refor\u00e7ando coopera\u00e7\u00e3o no setor de cinema"},"content":{"rendered":"<p>Foi realizada no dia 7 em Moscou, capital da R\u00fassia, a 18\u00aa Reuni\u00e3o do Subcomit\u00ea de Coopera\u00e7\u00e3o Cinematogr\u00e1fica do Comit\u00ea de Coopera\u00e7\u00e3o Cultural e Interpessoal China-R\u00fassia.<\/p>\n<p>O vice-diretor permanente da Administra\u00e7\u00e3o Nacional de Cinema da China, Mao Yu, e o vice-ministro da Cultura da R\u00fassia, Andrey Malyshev, presidiram em conjunto o encontro.<\/p>\n<p>As duas partes discutiram em profundidade temas como a organiza\u00e7\u00e3o m\u00fatua de festivais de cinema, a introdu\u00e7\u00e3o de mais filmes entre ambos os pa\u00edses, a promo\u00e7\u00e3o da produ\u00e7\u00e3o conjunta de filmes, a coopera\u00e7\u00e3o em filmes de anima\u00e7\u00e3o, o fortalecimento da forma\u00e7\u00e3o de talentos cinematogr\u00e1ficos jovens e a troca de equipamentos cinematogr\u00e1ficos.<\/p>\n<p>Mao Yu disse que a reuni\u00e3o deste ano coincidiu com a visita de Estado do presidente chin\u00eas Xi Jinping \u00e0 R\u00fassia. No \u00faltimo ano, os interc\u00e2mbios e coopera\u00e7\u00f5es cinematogr\u00e1ficos bilaterais alcan\u00e7aram novos \u00eaxitos e avan\u00e7aram para um novo patamar, o que enriqueceu muito os conte\u00fados dos interc\u00e2mbios culturais e interpessoais e contribuiu para o desenvolvimento da parceria de coordena\u00e7\u00e3o estrat\u00e9gica abrangente entre os dois pa\u00edses.<\/p>\n<p>Malyshev tamb\u00e9m avaliou positivamente os resultados cooperativos entre as duas partes no \u00faltimo ano e disse estar ansioso pelo Festival de Cinema da R\u00fassia que ser\u00e1 realizado em setembro em tr\u00eas cidades chinesas.<\/p>\n","protected":false},"excerpt":{"rendered":"<p>Foi realizada no dia 7 em Moscou, capital da R\u00fassia, a 18\u00aa Reuni\u00e3o do Subcomit\u00ea de Coopera\u00e7\u00e3o Cinematogr\u00e1fica do Comit\u00ea de Coopera\u00e7\u00e3o Cultural e Interpessoal China-R\u00fassia. O vice-diretor permanente da Administra\u00e7\u00e3o Nacional de Cinema da China, Mao Yu, e o&#8230;<\/p>\n","protected":false},"author":2,"featured_media":0,"comment_status":"open","ping_status":"open","sticky":false,"template":"","format":"standard","meta":{"footnotes":""},"categories":[8],"tags":[],"class_list":["post-8222","post","type-post","status-publish","format-standard","hentry","category-internacional"],"yoast_head":"<!-- This site is optimized with the Yoast SEO plugin v27.4 - https:\/\/yoast.com\/product\/yoast-seo-wordpress\/ -->\n<title>China e R\u00fassia continuam refor\u00e7ando coopera\u00e7\u00e3o no setor de cinema - CRI e Diario de Pernambuco<\/title>\n<meta name=\"robots\" content=\"index, follow, max-snippet:-1, max-image-preview:large, max-video-preview:-1\" \/>\n<link rel=\"canonical\" href=\"https:\/\/diariodepe.com.br\/cri\/2025\/05\/09\/china-e-russia-continuam-reforcando-cooperacao-no-setor-de-cinema\/\" \/>\n<meta property=\"og:locale\" content=\"pt_BR\" \/>\n<meta property=\"og:type\" content=\"article\" \/>\n<meta property=\"og:title\" content=\"China e R\u00fassia continuam refor\u00e7ando coopera\u00e7\u00e3o no setor de cinema - CRI e Diario de Pernambuco\" \/>\n<meta property=\"og:description\" content=\"Foi realizada no dia 7 em Moscou, capital da R\u00fassia, a 18\u00aa Reuni\u00e3o do Subcomit\u00ea de Coopera\u00e7\u00e3o Cinematogr\u00e1fica do Comit\u00ea de Coopera\u00e7\u00e3o Cultural e Interpessoal China-R\u00fassia. O vice-diretor permanente da Administra\u00e7\u00e3o Nacional de Cinema da China, Mao Yu, e o...\" \/>\n<meta property=\"og:url\" content=\"https:\/\/diariodepe.com.br\/cri\/2025\/05\/09\/china-e-russia-continuam-reforcando-cooperacao-no-setor-de-cinema\/\" \/>\n<meta property=\"og:site_name\" content=\"CRI e Diario de Pernambuco\" \/>\n<meta property=\"article:published_time\" content=\"2025-05-09T03:01:53+00:00\" \/>\n<meta name=\"author\" content=\"Ismael Lucas S. Pereira\" \/>\n<meta name=\"twitter:card\" content=\"summary_large_image\" \/>\n<meta name=\"twitter:label1\" content=\"Escrito por\" \/>\n\t<meta name=\"twitter:data1\" content=\"Ismael Lucas S. Pereira\" \/>\n\t<meta name=\"twitter:label2\" content=\"Est. tempo de leitura\" \/>\n\t<meta name=\"twitter:data2\" content=\"2 minutos\" \/>\n<script type=\"application\/ld+json\" class=\"yoast-schema-graph\">{\"@context\":\"https:\\\/\\\/schema.org\",\"@graph\":[{\"@type\":\"Article\",\"@id\":\"https:\\\/\\\/diariodepe.com.br\\\/cri\\\/2025\\\/05\\\/09\\\/china-e-russia-continuam-reforcando-cooperacao-no-setor-de-cinema\\\/#article\",\"isPartOf\":{\"@id\":\"https:\\\/\\\/diariodepe.com.br\\\/cri\\\/2025\\\/05\\\/09\\\/china-e-russia-continuam-reforcando-cooperacao-no-setor-de-cinema\\\/\"},\"author\":{\"name\":\"Ismael Lucas S. Pereira\",\"@id\":\"https:\\\/\\\/diariodepe.com.br\\\/cri\\\/#\\\/schema\\\/person\\\/121bb28d84f1a5b1205ef4ce9c2e0c6b\"},\"headline\":\"China e R\u00fassia continuam refor\u00e7ando coopera\u00e7\u00e3o no setor de cinema\",\"datePublished\":\"2025-05-09T03:01:53+00:00\",\"mainEntityOfPage\":{\"@id\":\"https:\\\/\\\/diariodepe.com.br\\\/cri\\\/2025\\\/05\\\/09\\\/china-e-russia-continuam-reforcando-cooperacao-no-setor-de-cinema\\\/\"},\"wordCount\":246,\"commentCount\":0,\"publisher\":{\"@id\":\"https:\\\/\\\/diariodepe.com.br\\\/cri\\\/#organization\"},\"articleSection\":[\"Internacional\"],\"inLanguage\":\"pt-BR\",\"potentialAction\":[{\"@type\":\"CommentAction\",\"name\":\"Comment\",\"target\":[\"https:\\\/\\\/diariodepe.com.br\\\/cri\\\/2025\\\/05\\\/09\\\/china-e-russia-continuam-reforcando-cooperacao-no-setor-de-cinema\\\/#respond\"]}]},{\"@type\":\"WebPage\",\"@id\":\"https:\\\/\\\/diariodepe.com.br\\\/cri\\\/2025\\\/05\\\/09\\\/china-e-russia-continuam-reforcando-cooperacao-no-setor-de-cinema\\\/\",\"url\":\"https:\\\/\\\/diariodepe.com.br\\\/cri\\\/2025\\\/05\\\/09\\\/china-e-russia-continuam-reforcando-cooperacao-no-setor-de-cinema\\\/\",\"name\":\"China e R\u00fassia continuam refor\u00e7ando coopera\u00e7\u00e3o no setor de cinema - CRI e Diario de Pernambuco\",\"isPartOf\":{\"@id\":\"https:\\\/\\\/diariodepe.com.br\\\/cri\\\/#website\"},\"datePublished\":\"2025-05-09T03:01:53+00:00\",\"breadcrumb\":{\"@id\":\"https:\\\/\\\/diariodepe.com.br\\\/cri\\\/2025\\\/05\\\/09\\\/china-e-russia-continuam-reforcando-cooperacao-no-setor-de-cinema\\\/#breadcrumb\"},\"inLanguage\":\"pt-BR\",\"potentialAction\":[{\"@type\":\"ReadAction\",\"target\":[\"https:\\\/\\\/diariodepe.com.br\\\/cri\\\/2025\\\/05\\\/09\\\/china-e-russia-continuam-reforcando-cooperacao-no-setor-de-cinema\\\/\"]}]},{\"@type\":\"BreadcrumbList\",\"@id\":\"https:\\\/\\\/diariodepe.com.br\\\/cri\\\/2025\\\/05\\\/09\\\/china-e-russia-continuam-reforcando-cooperacao-no-setor-de-cinema\\\/#breadcrumb\",\"itemListElement\":[{\"@type\":\"ListItem\",\"position\":1,\"name\":\"In\u00edcio\",\"item\":\"https:\\\/\\\/diariodepe.com.br\\\/cri\\\/\"},{\"@type\":\"ListItem\",\"position\":2,\"name\":\"China e R\u00fassia continuam refor\u00e7ando coopera\u00e7\u00e3o no setor de cinema\"}]},{\"@type\":\"WebSite\",\"@id\":\"https:\\\/\\\/diariodepe.com.br\\\/cri\\\/#website\",\"url\":\"https:\\\/\\\/diariodepe.com.br\\\/cri\\\/\",\"name\":\"CRI e Diario de Pernambuco\",\"description\":\"R\u00e1dio Internacional da China\",\"publisher\":{\"@id\":\"https:\\\/\\\/diariodepe.com.br\\\/cri\\\/#organization\"},\"potentialAction\":[{\"@type\":\"SearchAction\",\"target\":{\"@type\":\"EntryPoint\",\"urlTemplate\":\"https:\\\/\\\/diariodepe.com.br\\\/cri\\\/?s={search_term_string}\"},\"query-input\":{\"@type\":\"PropertyValueSpecification\",\"valueRequired\":true,\"valueName\":\"search_term_string\"}}],\"inLanguage\":\"pt-BR\"},{\"@type\":\"Organization\",\"@id\":\"https:\\\/\\\/diariodepe.com.br\\\/cri\\\/#organization\",\"name\":\"CRI e Diario de Pernambuco\",\"url\":\"https:\\\/\\\/diariodepe.com.br\\\/cri\\\/\",\"logo\":{\"@type\":\"ImageObject\",\"inLanguage\":\"pt-BR\",\"@id\":\"https:\\\/\\\/diariodepe.com.br\\\/cri\\\/#\\\/schema\\\/logo\\\/image\\\/\",\"url\":\"https:\\\/\\\/diariodepe.com.br\\\/cri\\\/wp-content\\\/uploads\\\/sites\\\/2\\\/2022\\\/12\\\/cropped-Logo.jpg\",\"contentUrl\":\"https:\\\/\\\/diariodepe.com.br\\\/cri\\\/wp-content\\\/uploads\\\/sites\\\/2\\\/2022\\\/12\\\/cropped-Logo.jpg\",\"width\":700,\"height\":59,\"caption\":\"CRI e Diario de Pernambuco\"},\"image\":{\"@id\":\"https:\\\/\\\/diariodepe.com.br\\\/cri\\\/#\\\/schema\\\/logo\\\/image\\\/\"}},{\"@type\":\"Person\",\"@id\":\"https:\\\/\\\/diariodepe.com.br\\\/cri\\\/#\\\/schema\\\/person\\\/121bb28d84f1a5b1205ef4ce9c2e0c6b\",\"name\":\"Ismael Lucas S. Pereira\",\"image\":{\"@type\":\"ImageObject\",\"inLanguage\":\"pt-BR\",\"@id\":\"https:\\\/\\\/secure.gravatar.com\\\/avatar\\\/887a0f3b5a7ceea963a48499fb883ffce6b5037362def025c52c2505b15d63e4?s=96&d=mm&r=g\",\"url\":\"https:\\\/\\\/secure.gravatar.com\\\/avatar\\\/887a0f3b5a7ceea963a48499fb883ffce6b5037362def025c52c2505b15d63e4?s=96&d=mm&r=g\",\"contentUrl\":\"https:\\\/\\\/secure.gravatar.com\\\/avatar\\\/887a0f3b5a7ceea963a48499fb883ffce6b5037362def025c52c2505b15d63e4?s=96&d=mm&r=g\",\"caption\":\"Ismael Lucas S. Pereira\"},\"url\":\"https:\\\/\\\/diariodepe.com.br\\\/cri\\\/author\\\/ismael-lucas\\\/\"}]}<\/script>\n<!-- \/ Yoast SEO plugin. -->","yoast_head_json":{"title":"China e R\u00fassia continuam refor\u00e7ando coopera\u00e7\u00e3o no setor de cinema - CRI e Diario de Pernambuco","robots":{"index":"index","follow":"follow","max-snippet":"max-snippet:-1","max-image-preview":"max-image-preview:large","max-video-preview":"max-video-preview:-1"},"canonical":"https:\/\/diariodepe.com.br\/cri\/2025\/05\/09\/china-e-russia-continuam-reforcando-cooperacao-no-setor-de-cinema\/","og_locale":"pt_BR","og_type":"article","og_title":"China e R\u00fassia continuam refor\u00e7ando coopera\u00e7\u00e3o no setor de cinema - CRI e Diario de Pernambuco","og_description":"Foi realizada no dia 7 em Moscou, capital da R\u00fassia, a 18\u00aa Reuni\u00e3o do Subcomit\u00ea de Coopera\u00e7\u00e3o Cinematogr\u00e1fica do Comit\u00ea de Coopera\u00e7\u00e3o Cultural e Interpessoal China-R\u00fassia. O vice-diretor permanente da Administra\u00e7\u00e3o Nacional de Cinema da China, Mao Yu, e o...","og_url":"https:\/\/diariodepe.com.br\/cri\/2025\/05\/09\/china-e-russia-continuam-reforcando-cooperacao-no-setor-de-cinema\/","og_site_name":"CRI e Diario de Pernambuco","article_published_time":"2025-05-09T03:01:53+00:00","author":"Ismael Lucas S. Pereira","twitter_card":"summary_large_image","twitter_misc":{"Escrito por":"Ismael Lucas S. Pereira","Est. tempo de leitura":"2 minutos"},"schema":{"@context":"https:\/\/schema.org","@graph":[{"@type":"Article","@id":"https:\/\/diariodepe.com.br\/cri\/2025\/05\/09\/china-e-russia-continuam-reforcando-cooperacao-no-setor-de-cinema\/#article","isPartOf":{"@id":"https:\/\/diariodepe.com.br\/cri\/2025\/05\/09\/china-e-russia-continuam-reforcando-cooperacao-no-setor-de-cinema\/"},"author":{"name":"Ismael Lucas S. Pereira","@id":"https:\/\/diariodepe.com.br\/cri\/#\/schema\/person\/121bb28d84f1a5b1205ef4ce9c2e0c6b"},"headline":"China e R\u00fassia continuam refor\u00e7ando coopera\u00e7\u00e3o no setor de cinema","datePublished":"2025-05-09T03:01:53+00:00","mainEntityOfPage":{"@id":"https:\/\/diariodepe.com.br\/cri\/2025\/05\/09\/china-e-russia-continuam-reforcando-cooperacao-no-setor-de-cinema\/"},"wordCount":246,"commentCount":0,"publisher":{"@id":"https:\/\/diariodepe.com.br\/cri\/#organization"},"articleSection":["Internacional"],"inLanguage":"pt-BR","potentialAction":[{"@type":"CommentAction","name":"Comment","target":["https:\/\/diariodepe.com.br\/cri\/2025\/05\/09\/china-e-russia-continuam-reforcando-cooperacao-no-setor-de-cinema\/#respond"]}]},{"@type":"WebPage","@id":"https:\/\/diariodepe.com.br\/cri\/2025\/05\/09\/china-e-russia-continuam-reforcando-cooperacao-no-setor-de-cinema\/","url":"https:\/\/diariodepe.com.br\/cri\/2025\/05\/09\/china-e-russia-continuam-reforcando-cooperacao-no-setor-de-cinema\/","name":"China e R\u00fassia continuam refor\u00e7ando coopera\u00e7\u00e3o no setor de cinema - CRI e Diario de Pernambuco","isPartOf":{"@id":"https:\/\/diariodepe.com.br\/cri\/#website"},"datePublished":"2025-05-09T03:01:53+00:00","breadcrumb":{"@id":"https:\/\/diariodepe.com.br\/cri\/2025\/05\/09\/china-e-russia-continuam-reforcando-cooperacao-no-setor-de-cinema\/#breadcrumb"},"inLanguage":"pt-BR","potentialAction":[{"@type":"ReadAction","target":["https:\/\/diariodepe.com.br\/cri\/2025\/05\/09\/china-e-russia-continuam-reforcando-cooperacao-no-setor-de-cinema\/"]}]},{"@type":"BreadcrumbList","@id":"https:\/\/diariodepe.com.br\/cri\/2025\/05\/09\/china-e-russia-continuam-reforcando-cooperacao-no-setor-de-cinema\/#breadcrumb","itemListElement":[{"@type":"ListItem","position":1,"name":"In\u00edcio","item":"https:\/\/diariodepe.com.br\/cri\/"},{"@type":"ListItem","position":2,"name":"China e R\u00fassia continuam refor\u00e7ando coopera\u00e7\u00e3o no setor de cinema"}]},{"@type":"WebSite","@id":"https:\/\/diariodepe.com.br\/cri\/#website","url":"https:\/\/diariodepe.com.br\/cri\/","name":"CRI e Diario de Pernambuco","description":"R\u00e1dio Internacional da China","publisher":{"@id":"https:\/\/diariodepe.com.br\/cri\/#organization"},"potentialAction":[{"@type":"SearchAction","target":{"@type":"EntryPoint","urlTemplate":"https:\/\/diariodepe.com.br\/cri\/?s={search_term_string}"},"query-input":{"@type":"PropertyValueSpecification","valueRequired":true,"valueName":"search_term_string"}}],"inLanguage":"pt-BR"},{"@type":"Organization","@id":"https:\/\/diariodepe.com.br\/cri\/#organization","name":"CRI e Diario de Pernambuco","url":"https:\/\/diariodepe.com.br\/cri\/","logo":{"@type":"ImageObject","inLanguage":"pt-BR","@id":"https:\/\/diariodepe.com.br\/cri\/#\/schema\/logo\/image\/","url":"https:\/\/diariodepe.com.br\/cri\/wp-content\/uploads\/sites\/2\/2022\/12\/cropped-Logo.jpg","contentUrl":"https:\/\/diariodepe.com.br\/cri\/wp-content\/uploads\/sites\/2\/2022\/12\/cropped-Logo.jpg","width":700,"height":59,"caption":"CRI e Diario de Pernambuco"},"image":{"@id":"https:\/\/diariodepe.com.br\/cri\/#\/schema\/logo\/image\/"}},{"@type":"Person","@id":"https:\/\/diariodepe.com.br\/cri\/#\/schema\/person\/121bb28d84f1a5b1205ef4ce9c2e0c6b","name":"Ismael Lucas S. Pereira","image":{"@type":"ImageObject","inLanguage":"pt-BR","@id":"https:\/\/secure.gravatar.com\/avatar\/887a0f3b5a7ceea963a48499fb883ffce6b5037362def025c52c2505b15d63e4?s=96&d=mm&r=g","url":"https:\/\/secure.gravatar.com\/avatar\/887a0f3b5a7ceea963a48499fb883ffce6b5037362def025c52c2505b15d63e4?s=96&d=mm&r=g","contentUrl":"https:\/\/secure.gravatar.com\/avatar\/887a0f3b5a7ceea963a48499fb883ffce6b5037362def025c52c2505b15d63e4?s=96&d=mm&r=g","caption":"Ismael Lucas S. Pereira"},"url":"https:\/\/diariodepe.com.br\/cri\/author\/ismael-lucas\/"}]}},"cc_featured_image_caption":{"caption_text":false,"source_text":false,"source_url":false},"amp_enabled":true,"_links":{"self":[{"href":"https:\/\/diariodepe.com.br\/cri\/wp-json\/wp\/v2\/posts\/8222","targetHints":{"allow":["GET"]}}],"collection":[{"href":"https:\/\/diariodepe.com.br\/cri\/wp-json\/wp\/v2\/posts"}],"about":[{"href":"https:\/\/diariodepe.com.br\/cri\/wp-json\/wp\/v2\/types\/post"}],"author":[{"embeddable":true,"href":"https:\/\/diariodepe.com.br\/cri\/wp-json\/wp\/v2\/users\/2"}],"replies":[{"embeddable":true,"href":"https:\/\/diariodepe.com.br\/cri\/wp-json\/wp\/v2\/comments?post=8222"}],"version-history":[{"count":1,"href":"https:\/\/diariodepe.com.br\/cri\/wp-json\/wp\/v2\/posts\/8222\/revisions"}],"predecessor-version":[{"id":8223,"href":"https:\/\/diariodepe.com.br\/cri\/wp-json\/wp\/v2\/posts\/8222\/revisions\/8223"}],"wp:attachment":[{"href":"https:\/\/diariodepe.com.br\/cri\/wp-json\/wp\/v2\/media?parent=8222"}],"wp:term":[{"taxonomy":"category","embeddable":true,"href":"https:\/\/diariodepe.com.br\/cri\/wp-json\/wp\/v2\/categories?post=8222"},{"taxonomy":"post_tag","embeddable":true,"href":"https:\/\/diariodepe.com.br\/cri\/wp-json\/wp\/v2\/tags?post=8222"}],"curies":[{"name":"wp","href":"https:\/\/api.w.org\/{rel}","templated":true}]}}