{"id":8220,"date":"2025-05-08T22:54:21","date_gmt":"2025-05-09T01:54:21","guid":{"rendered":"https:\/\/diariodepe.com.br\/cri\/?p=8220"},"modified":"2025-05-08T22:54:21","modified_gmt":"2025-05-09T01:54:21","slug":"xi-jinping-e-vladimir-putin-concedem-entrevista-conjunta-a-imprensa-em-moscou","status":"publish","type":"post","link":"https:\/\/diariodepe.com.br\/cri\/2025\/05\/08\/xi-jinping-e-vladimir-putin-concedem-entrevista-conjunta-a-imprensa-em-moscou\/","title":{"rendered":"Xi Jinping e Vladimir Putin concedem entrevista conjunta \u00e0 imprensa em Moscou"},"content":{"rendered":"<p>O presidente chin\u00eas, Xi Jinping, e seu hom\u00f3logo da R\u00fassia, Vladimir Putin, concederam uma entrevista conjunta \u00e0 imprensa nesta quinta-feira (8), ap\u00f3s seu encontro no Kremlin.<\/p>\n<p>O l\u00edder chin\u00eas classificou a conversa como profunda, amig\u00e1vel e frut\u00edfera, alcan\u00e7ando diversos consenso importantes. Ele pontuou a assinatura com Putin da Declara\u00e7\u00e3o Conjunta entre a Rep\u00fablica Popular da China e a Federa\u00e7\u00e3o Russa sobre o Refor\u00e7o da Parceria de Coordena\u00e7\u00e3o Estrat\u00e9gica Abrangente na Nova Era, por ocasi\u00e3o do 80\u00ba anivers\u00e1rio da vit\u00f3ria da Guerra de Resist\u00eancia do Povo Chin\u00eas contra a Agress\u00e3o Japonesa, da Grande Guerra Patri\u00f3tica e da Funda\u00e7\u00e3o da Organiza\u00e7\u00e3o das Na\u00e7\u00f5es Unidas, al\u00e9m de haverem testemunhado a troca de v\u00e1rios documentos de coopera\u00e7\u00e3o entre os departamentos concernentes dos dois pa\u00edses, injetando novo \u00edmpeto ao desenvolvimento das rela\u00e7\u00f5es sino-russas.<\/p>\n<p><img decoding=\"async\" src=\"https:\/\/38picres.cgtn.com\/photoAlbum\/page\/performance\/img\/2025\/5\/8\/1746711851439_12.jpeg\" width=\"100%\" height=\"auto\" \/><\/p>\n<p>Xi Jinping ressaltou que a R\u00fassia \u00e9 o pa\u00eds que ele mais visitou como presidente da Rep\u00fablica Popular da China, e a atual miss\u00e3o corresponde \u00e0 sua d\u00e9cima primeira incurs\u00e3o ao pa\u00eds. J\u00e1 amanh\u00e3 ele participar\u00e1 da comemora\u00e7\u00e3o o 80\u00ba anivers\u00e1rio da vit\u00f3ria da Grande Guerra Patri\u00f3tica da Uni\u00e3o Sovi\u00e9tica, a segunda vez em 10 anos.<\/p>\n<p>\u201cA \u00faltima d\u00e9cada testemunhou grandes turbul\u00eancias e mudan\u00e7as na situa\u00e7\u00e3o internacional, mas ao mesmo tempo, evidenciou o desenvolvimento significativo das rela\u00e7\u00f5es China-R\u00fassia,\u201d comentou Xi Jinping, lembrando, ainda, que ele e Putin atestaram a consolida\u00e7\u00e3o e o aprofundamento cont\u00ednuos da confian\u00e7a pol\u00edtica m\u00fatua, bem como os avan\u00e7os de coopera\u00e7\u00e3o em v\u00e1rios campos.<\/p>\n<p>O presidente chin\u00eas assinalou que os dois pa\u00edses devem compreender firmemente o futuro do desenvolvimento do seu relacionamento e a tend\u00eancia geral do progresso da sociedade humana, assumir as devidas responsabilidades e cooperar de forma abrangente para fazer novas e maiores contribui\u00e7\u00f5es no sentido de impulsionar a revitaliza\u00e7\u00e3o das pr\u00f3prias na\u00e7\u00f5es e salvaguardar a justi\u00e7a e a equidade internacionais.<\/p>\n<p>Para isso, Xi Jinping formulou quatro aspira\u00e7\u00f5es no sentido de que China e R\u00fassia sejam amigos de gera\u00e7\u00e3o a gera\u00e7\u00e3o, parceiros de benef\u00edcios rec\u00edprocos, defensores da ordem mundial e tamb\u00e9m l\u00edderes de governan\u00e7a global. Ao finalizar, al\u00e7ou que os dois lados devem elevar a altura, a dimens\u00e3o e a resili\u00eancia dos seus la\u00e7os, impulsionando, assim, uma maior estabilidade da paz e da seguran\u00e7a mundiais e fornecendo um impulso mais forte para o desenvolvimento e a prosperidade globais.<\/p>\n","protected":false},"excerpt":{"rendered":"<p>O presidente chin\u00eas, Xi Jinping, e seu hom\u00f3logo da R\u00fassia, Vladimir Putin, concederam uma entrevista conjunta \u00e0 imprensa nesta quinta-feira (8), ap\u00f3s seu encontro no Kremlin. O l\u00edder chin\u00eas classificou a conversa como profunda, amig\u00e1vel e frut\u00edfera, alcan\u00e7ando diversos consenso&#8230;<\/p>\n","protected":false},"author":2,"featured_media":0,"comment_status":"open","ping_status":"open","sticky":false,"template":"","format":"standard","meta":{"footnotes":""},"categories":[8],"tags":[],"class_list":["post-8220","post","type-post","status-publish","format-standard","hentry","category-internacional"],"yoast_head":"<!-- This site is optimized with the Yoast SEO plugin v27.4 - https:\/\/yoast.com\/product\/yoast-seo-wordpress\/ -->\n<title>Xi Jinping e Vladimir Putin concedem entrevista conjunta \u00e0 imprensa em Moscou - CRI e Diario de Pernambuco<\/title>\n<meta name=\"robots\" content=\"index, follow, max-snippet:-1, max-image-preview:large, max-video-preview:-1\" \/>\n<link rel=\"canonical\" href=\"https:\/\/diariodepe.com.br\/cri\/2025\/05\/08\/xi-jinping-e-vladimir-putin-concedem-entrevista-conjunta-a-imprensa-em-moscou\/\" \/>\n<meta property=\"og:locale\" content=\"pt_BR\" \/>\n<meta property=\"og:type\" content=\"article\" \/>\n<meta property=\"og:title\" content=\"Xi Jinping e Vladimir Putin concedem entrevista conjunta \u00e0 imprensa em Moscou - CRI e Diario de Pernambuco\" \/>\n<meta property=\"og:description\" content=\"O presidente chin\u00eas, Xi Jinping, e seu hom\u00f3logo da R\u00fassia, Vladimir Putin, concederam uma entrevista conjunta \u00e0 imprensa nesta quinta-feira (8), ap\u00f3s seu encontro no Kremlin. O l\u00edder chin\u00eas classificou a conversa como profunda, amig\u00e1vel e frut\u00edfera, alcan\u00e7ando diversos consenso...\" \/>\n<meta property=\"og:url\" content=\"https:\/\/diariodepe.com.br\/cri\/2025\/05\/08\/xi-jinping-e-vladimir-putin-concedem-entrevista-conjunta-a-imprensa-em-moscou\/\" \/>\n<meta property=\"og:site_name\" content=\"CRI e Diario de Pernambuco\" \/>\n<meta property=\"article:published_time\" content=\"2025-05-09T01:54:21+00:00\" \/>\n<meta property=\"og:image\" content=\"https:\/\/38picres.cgtn.com\/photoAlbum\/page\/performance\/img\/2025\/5\/8\/1746711851439_12.jpeg\" \/>\n<meta name=\"author\" content=\"Ismael Lucas S. Pereira\" \/>\n<meta name=\"twitter:card\" content=\"summary_large_image\" \/>\n<meta name=\"twitter:label1\" content=\"Escrito por\" \/>\n\t<meta name=\"twitter:data1\" content=\"Ismael Lucas S. Pereira\" \/>\n\t<meta name=\"twitter:label2\" content=\"Est. tempo de leitura\" \/>\n\t<meta name=\"twitter:data2\" content=\"3 minutos\" \/>\n<script type=\"application\/ld+json\" class=\"yoast-schema-graph\">{\"@context\":\"https:\\\/\\\/schema.org\",\"@graph\":[{\"@type\":\"Article\",\"@id\":\"https:\\\/\\\/diariodepe.com.br\\\/cri\\\/2025\\\/05\\\/08\\\/xi-jinping-e-vladimir-putin-concedem-entrevista-conjunta-a-imprensa-em-moscou\\\/#article\",\"isPartOf\":{\"@id\":\"https:\\\/\\\/diariodepe.com.br\\\/cri\\\/2025\\\/05\\\/08\\\/xi-jinping-e-vladimir-putin-concedem-entrevista-conjunta-a-imprensa-em-moscou\\\/\"},\"author\":{\"name\":\"Ismael Lucas S. Pereira\",\"@id\":\"https:\\\/\\\/diariodepe.com.br\\\/cri\\\/#\\\/schema\\\/person\\\/121bb28d84f1a5b1205ef4ce9c2e0c6b\"},\"headline\":\"Xi Jinping e Vladimir Putin concedem entrevista conjunta \u00e0 imprensa em Moscou\",\"datePublished\":\"2025-05-09T01:54:21+00:00\",\"mainEntityOfPage\":{\"@id\":\"https:\\\/\\\/diariodepe.com.br\\\/cri\\\/2025\\\/05\\\/08\\\/xi-jinping-e-vladimir-putin-concedem-entrevista-conjunta-a-imprensa-em-moscou\\\/\"},\"wordCount\":454,\"commentCount\":0,\"publisher\":{\"@id\":\"https:\\\/\\\/diariodepe.com.br\\\/cri\\\/#organization\"},\"image\":{\"@id\":\"https:\\\/\\\/diariodepe.com.br\\\/cri\\\/2025\\\/05\\\/08\\\/xi-jinping-e-vladimir-putin-concedem-entrevista-conjunta-a-imprensa-em-moscou\\\/#primaryimage\"},\"thumbnailUrl\":\"https:\\\/\\\/38picres.cgtn.com\\\/photoAlbum\\\/page\\\/performance\\\/img\\\/2025\\\/5\\\/8\\\/1746711851439_12.jpeg\",\"articleSection\":[\"Internacional\"],\"inLanguage\":\"pt-BR\",\"potentialAction\":[{\"@type\":\"CommentAction\",\"name\":\"Comment\",\"target\":[\"https:\\\/\\\/diariodepe.com.br\\\/cri\\\/2025\\\/05\\\/08\\\/xi-jinping-e-vladimir-putin-concedem-entrevista-conjunta-a-imprensa-em-moscou\\\/#respond\"]}]},{\"@type\":\"WebPage\",\"@id\":\"https:\\\/\\\/diariodepe.com.br\\\/cri\\\/2025\\\/05\\\/08\\\/xi-jinping-e-vladimir-putin-concedem-entrevista-conjunta-a-imprensa-em-moscou\\\/\",\"url\":\"https:\\\/\\\/diariodepe.com.br\\\/cri\\\/2025\\\/05\\\/08\\\/xi-jinping-e-vladimir-putin-concedem-entrevista-conjunta-a-imprensa-em-moscou\\\/\",\"name\":\"Xi Jinping e Vladimir Putin concedem entrevista conjunta \u00e0 imprensa em Moscou - CRI e Diario de Pernambuco\",\"isPartOf\":{\"@id\":\"https:\\\/\\\/diariodepe.com.br\\\/cri\\\/#website\"},\"primaryImageOfPage\":{\"@id\":\"https:\\\/\\\/diariodepe.com.br\\\/cri\\\/2025\\\/05\\\/08\\\/xi-jinping-e-vladimir-putin-concedem-entrevista-conjunta-a-imprensa-em-moscou\\\/#primaryimage\"},\"image\":{\"@id\":\"https:\\\/\\\/diariodepe.com.br\\\/cri\\\/2025\\\/05\\\/08\\\/xi-jinping-e-vladimir-putin-concedem-entrevista-conjunta-a-imprensa-em-moscou\\\/#primaryimage\"},\"thumbnailUrl\":\"https:\\\/\\\/38picres.cgtn.com\\\/photoAlbum\\\/page\\\/performance\\\/img\\\/2025\\\/5\\\/8\\\/1746711851439_12.jpeg\",\"datePublished\":\"2025-05-09T01:54:21+00:00\",\"breadcrumb\":{\"@id\":\"https:\\\/\\\/diariodepe.com.br\\\/cri\\\/2025\\\/05\\\/08\\\/xi-jinping-e-vladimir-putin-concedem-entrevista-conjunta-a-imprensa-em-moscou\\\/#breadcrumb\"},\"inLanguage\":\"pt-BR\",\"potentialAction\":[{\"@type\":\"ReadAction\",\"target\":[\"https:\\\/\\\/diariodepe.com.br\\\/cri\\\/2025\\\/05\\\/08\\\/xi-jinping-e-vladimir-putin-concedem-entrevista-conjunta-a-imprensa-em-moscou\\\/\"]}]},{\"@type\":\"ImageObject\",\"inLanguage\":\"pt-BR\",\"@id\":\"https:\\\/\\\/diariodepe.com.br\\\/cri\\\/2025\\\/05\\\/08\\\/xi-jinping-e-vladimir-putin-concedem-entrevista-conjunta-a-imprensa-em-moscou\\\/#primaryimage\",\"url\":\"https:\\\/\\\/38picres.cgtn.com\\\/photoAlbum\\\/page\\\/performance\\\/img\\\/2025\\\/5\\\/8\\\/1746711851439_12.jpeg\",\"contentUrl\":\"https:\\\/\\\/38picres.cgtn.com\\\/photoAlbum\\\/page\\\/performance\\\/img\\\/2025\\\/5\\\/8\\\/1746711851439_12.jpeg\"},{\"@type\":\"BreadcrumbList\",\"@id\":\"https:\\\/\\\/diariodepe.com.br\\\/cri\\\/2025\\\/05\\\/08\\\/xi-jinping-e-vladimir-putin-concedem-entrevista-conjunta-a-imprensa-em-moscou\\\/#breadcrumb\",\"itemListElement\":[{\"@type\":\"ListItem\",\"position\":1,\"name\":\"In\u00edcio\",\"item\":\"https:\\\/\\\/diariodepe.com.br\\\/cri\\\/\"},{\"@type\":\"ListItem\",\"position\":2,\"name\":\"Xi Jinping e Vladimir Putin concedem entrevista conjunta \u00e0 imprensa em Moscou\"}]},{\"@type\":\"WebSite\",\"@id\":\"https:\\\/\\\/diariodepe.com.br\\\/cri\\\/#website\",\"url\":\"https:\\\/\\\/diariodepe.com.br\\\/cri\\\/\",\"name\":\"CRI e Diario de Pernambuco\",\"description\":\"R\u00e1dio Internacional da China\",\"publisher\":{\"@id\":\"https:\\\/\\\/diariodepe.com.br\\\/cri\\\/#organization\"},\"potentialAction\":[{\"@type\":\"SearchAction\",\"target\":{\"@type\":\"EntryPoint\",\"urlTemplate\":\"https:\\\/\\\/diariodepe.com.br\\\/cri\\\/?s={search_term_string}\"},\"query-input\":{\"@type\":\"PropertyValueSpecification\",\"valueRequired\":true,\"valueName\":\"search_term_string\"}}],\"inLanguage\":\"pt-BR\"},{\"@type\":\"Organization\",\"@id\":\"https:\\\/\\\/diariodepe.com.br\\\/cri\\\/#organization\",\"name\":\"CRI e Diario de Pernambuco\",\"url\":\"https:\\\/\\\/diariodepe.com.br\\\/cri\\\/\",\"logo\":{\"@type\":\"ImageObject\",\"inLanguage\":\"pt-BR\",\"@id\":\"https:\\\/\\\/diariodepe.com.br\\\/cri\\\/#\\\/schema\\\/logo\\\/image\\\/\",\"url\":\"https:\\\/\\\/diariodepe.com.br\\\/cri\\\/wp-content\\\/uploads\\\/sites\\\/2\\\/2022\\\/12\\\/cropped-Logo.jpg\",\"contentUrl\":\"https:\\\/\\\/diariodepe.com.br\\\/cri\\\/wp-content\\\/uploads\\\/sites\\\/2\\\/2022\\\/12\\\/cropped-Logo.jpg\",\"width\":700,\"height\":59,\"caption\":\"CRI e Diario de Pernambuco\"},\"image\":{\"@id\":\"https:\\\/\\\/diariodepe.com.br\\\/cri\\\/#\\\/schema\\\/logo\\\/image\\\/\"}},{\"@type\":\"Person\",\"@id\":\"https:\\\/\\\/diariodepe.com.br\\\/cri\\\/#\\\/schema\\\/person\\\/121bb28d84f1a5b1205ef4ce9c2e0c6b\",\"name\":\"Ismael Lucas S. Pereira\",\"image\":{\"@type\":\"ImageObject\",\"inLanguage\":\"pt-BR\",\"@id\":\"https:\\\/\\\/secure.gravatar.com\\\/avatar\\\/887a0f3b5a7ceea963a48499fb883ffce6b5037362def025c52c2505b15d63e4?s=96&d=mm&r=g\",\"url\":\"https:\\\/\\\/secure.gravatar.com\\\/avatar\\\/887a0f3b5a7ceea963a48499fb883ffce6b5037362def025c52c2505b15d63e4?s=96&d=mm&r=g\",\"contentUrl\":\"https:\\\/\\\/secure.gravatar.com\\\/avatar\\\/887a0f3b5a7ceea963a48499fb883ffce6b5037362def025c52c2505b15d63e4?s=96&d=mm&r=g\",\"caption\":\"Ismael Lucas S. Pereira\"},\"url\":\"https:\\\/\\\/diariodepe.com.br\\\/cri\\\/author\\\/ismael-lucas\\\/\"}]}<\/script>\n<!-- \/ Yoast SEO plugin. -->","yoast_head_json":{"title":"Xi Jinping e Vladimir Putin concedem entrevista conjunta \u00e0 imprensa em Moscou - CRI e Diario de Pernambuco","robots":{"index":"index","follow":"follow","max-snippet":"max-snippet:-1","max-image-preview":"max-image-preview:large","max-video-preview":"max-video-preview:-1"},"canonical":"https:\/\/diariodepe.com.br\/cri\/2025\/05\/08\/xi-jinping-e-vladimir-putin-concedem-entrevista-conjunta-a-imprensa-em-moscou\/","og_locale":"pt_BR","og_type":"article","og_title":"Xi Jinping e Vladimir Putin concedem entrevista conjunta \u00e0 imprensa em Moscou - CRI e Diario de Pernambuco","og_description":"O presidente chin\u00eas, Xi Jinping, e seu hom\u00f3logo da R\u00fassia, Vladimir Putin, concederam uma entrevista conjunta \u00e0 imprensa nesta quinta-feira (8), ap\u00f3s seu encontro no Kremlin. O l\u00edder chin\u00eas classificou a conversa como profunda, amig\u00e1vel e frut\u00edfera, alcan\u00e7ando diversos consenso...","og_url":"https:\/\/diariodepe.com.br\/cri\/2025\/05\/08\/xi-jinping-e-vladimir-putin-concedem-entrevista-conjunta-a-imprensa-em-moscou\/","og_site_name":"CRI e Diario de Pernambuco","article_published_time":"2025-05-09T01:54:21+00:00","og_image":[{"url":"https:\/\/38picres.cgtn.com\/photoAlbum\/page\/performance\/img\/2025\/5\/8\/1746711851439_12.jpeg","type":"","width":"","height":""}],"author":"Ismael Lucas S. Pereira","twitter_card":"summary_large_image","twitter_misc":{"Escrito por":"Ismael Lucas S. Pereira","Est. tempo de leitura":"3 minutos"},"schema":{"@context":"https:\/\/schema.org","@graph":[{"@type":"Article","@id":"https:\/\/diariodepe.com.br\/cri\/2025\/05\/08\/xi-jinping-e-vladimir-putin-concedem-entrevista-conjunta-a-imprensa-em-moscou\/#article","isPartOf":{"@id":"https:\/\/diariodepe.com.br\/cri\/2025\/05\/08\/xi-jinping-e-vladimir-putin-concedem-entrevista-conjunta-a-imprensa-em-moscou\/"},"author":{"name":"Ismael Lucas S. Pereira","@id":"https:\/\/diariodepe.com.br\/cri\/#\/schema\/person\/121bb28d84f1a5b1205ef4ce9c2e0c6b"},"headline":"Xi Jinping e Vladimir Putin concedem entrevista conjunta \u00e0 imprensa em Moscou","datePublished":"2025-05-09T01:54:21+00:00","mainEntityOfPage":{"@id":"https:\/\/diariodepe.com.br\/cri\/2025\/05\/08\/xi-jinping-e-vladimir-putin-concedem-entrevista-conjunta-a-imprensa-em-moscou\/"},"wordCount":454,"commentCount":0,"publisher":{"@id":"https:\/\/diariodepe.com.br\/cri\/#organization"},"image":{"@id":"https:\/\/diariodepe.com.br\/cri\/2025\/05\/08\/xi-jinping-e-vladimir-putin-concedem-entrevista-conjunta-a-imprensa-em-moscou\/#primaryimage"},"thumbnailUrl":"https:\/\/38picres.cgtn.com\/photoAlbum\/page\/performance\/img\/2025\/5\/8\/1746711851439_12.jpeg","articleSection":["Internacional"],"inLanguage":"pt-BR","potentialAction":[{"@type":"CommentAction","name":"Comment","target":["https:\/\/diariodepe.com.br\/cri\/2025\/05\/08\/xi-jinping-e-vladimir-putin-concedem-entrevista-conjunta-a-imprensa-em-moscou\/#respond"]}]},{"@type":"WebPage","@id":"https:\/\/diariodepe.com.br\/cri\/2025\/05\/08\/xi-jinping-e-vladimir-putin-concedem-entrevista-conjunta-a-imprensa-em-moscou\/","url":"https:\/\/diariodepe.com.br\/cri\/2025\/05\/08\/xi-jinping-e-vladimir-putin-concedem-entrevista-conjunta-a-imprensa-em-moscou\/","name":"Xi Jinping e Vladimir Putin concedem entrevista conjunta \u00e0 imprensa em Moscou - CRI e Diario de Pernambuco","isPartOf":{"@id":"https:\/\/diariodepe.com.br\/cri\/#website"},"primaryImageOfPage":{"@id":"https:\/\/diariodepe.com.br\/cri\/2025\/05\/08\/xi-jinping-e-vladimir-putin-concedem-entrevista-conjunta-a-imprensa-em-moscou\/#primaryimage"},"image":{"@id":"https:\/\/diariodepe.com.br\/cri\/2025\/05\/08\/xi-jinping-e-vladimir-putin-concedem-entrevista-conjunta-a-imprensa-em-moscou\/#primaryimage"},"thumbnailUrl":"https:\/\/38picres.cgtn.com\/photoAlbum\/page\/performance\/img\/2025\/5\/8\/1746711851439_12.jpeg","datePublished":"2025-05-09T01:54:21+00:00","breadcrumb":{"@id":"https:\/\/diariodepe.com.br\/cri\/2025\/05\/08\/xi-jinping-e-vladimir-putin-concedem-entrevista-conjunta-a-imprensa-em-moscou\/#breadcrumb"},"inLanguage":"pt-BR","potentialAction":[{"@type":"ReadAction","target":["https:\/\/diariodepe.com.br\/cri\/2025\/05\/08\/xi-jinping-e-vladimir-putin-concedem-entrevista-conjunta-a-imprensa-em-moscou\/"]}]},{"@type":"ImageObject","inLanguage":"pt-BR","@id":"https:\/\/diariodepe.com.br\/cri\/2025\/05\/08\/xi-jinping-e-vladimir-putin-concedem-entrevista-conjunta-a-imprensa-em-moscou\/#primaryimage","url":"https:\/\/38picres.cgtn.com\/photoAlbum\/page\/performance\/img\/2025\/5\/8\/1746711851439_12.jpeg","contentUrl":"https:\/\/38picres.cgtn.com\/photoAlbum\/page\/performance\/img\/2025\/5\/8\/1746711851439_12.jpeg"},{"@type":"BreadcrumbList","@id":"https:\/\/diariodepe.com.br\/cri\/2025\/05\/08\/xi-jinping-e-vladimir-putin-concedem-entrevista-conjunta-a-imprensa-em-moscou\/#breadcrumb","itemListElement":[{"@type":"ListItem","position":1,"name":"In\u00edcio","item":"https:\/\/diariodepe.com.br\/cri\/"},{"@type":"ListItem","position":2,"name":"Xi Jinping e Vladimir Putin concedem entrevista conjunta \u00e0 imprensa em Moscou"}]},{"@type":"WebSite","@id":"https:\/\/diariodepe.com.br\/cri\/#website","url":"https:\/\/diariodepe.com.br\/cri\/","name":"CRI e Diario de Pernambuco","description":"R\u00e1dio Internacional da China","publisher":{"@id":"https:\/\/diariodepe.com.br\/cri\/#organization"},"potentialAction":[{"@type":"SearchAction","target":{"@type":"EntryPoint","urlTemplate":"https:\/\/diariodepe.com.br\/cri\/?s={search_term_string}"},"query-input":{"@type":"PropertyValueSpecification","valueRequired":true,"valueName":"search_term_string"}}],"inLanguage":"pt-BR"},{"@type":"Organization","@id":"https:\/\/diariodepe.com.br\/cri\/#organization","name":"CRI e Diario de Pernambuco","url":"https:\/\/diariodepe.com.br\/cri\/","logo":{"@type":"ImageObject","inLanguage":"pt-BR","@id":"https:\/\/diariodepe.com.br\/cri\/#\/schema\/logo\/image\/","url":"https:\/\/diariodepe.com.br\/cri\/wp-content\/uploads\/sites\/2\/2022\/12\/cropped-Logo.jpg","contentUrl":"https:\/\/diariodepe.com.br\/cri\/wp-content\/uploads\/sites\/2\/2022\/12\/cropped-Logo.jpg","width":700,"height":59,"caption":"CRI e Diario de Pernambuco"},"image":{"@id":"https:\/\/diariodepe.com.br\/cri\/#\/schema\/logo\/image\/"}},{"@type":"Person","@id":"https:\/\/diariodepe.com.br\/cri\/#\/schema\/person\/121bb28d84f1a5b1205ef4ce9c2e0c6b","name":"Ismael Lucas S. Pereira","image":{"@type":"ImageObject","inLanguage":"pt-BR","@id":"https:\/\/secure.gravatar.com\/avatar\/887a0f3b5a7ceea963a48499fb883ffce6b5037362def025c52c2505b15d63e4?s=96&d=mm&r=g","url":"https:\/\/secure.gravatar.com\/avatar\/887a0f3b5a7ceea963a48499fb883ffce6b5037362def025c52c2505b15d63e4?s=96&d=mm&r=g","contentUrl":"https:\/\/secure.gravatar.com\/avatar\/887a0f3b5a7ceea963a48499fb883ffce6b5037362def025c52c2505b15d63e4?s=96&d=mm&r=g","caption":"Ismael Lucas S. Pereira"},"url":"https:\/\/diariodepe.com.br\/cri\/author\/ismael-lucas\/"}]}},"cc_featured_image_caption":{"caption_text":false,"source_text":false,"source_url":false},"amp_enabled":true,"_links":{"self":[{"href":"https:\/\/diariodepe.com.br\/cri\/wp-json\/wp\/v2\/posts\/8220","targetHints":{"allow":["GET"]}}],"collection":[{"href":"https:\/\/diariodepe.com.br\/cri\/wp-json\/wp\/v2\/posts"}],"about":[{"href":"https:\/\/diariodepe.com.br\/cri\/wp-json\/wp\/v2\/types\/post"}],"author":[{"embeddable":true,"href":"https:\/\/diariodepe.com.br\/cri\/wp-json\/wp\/v2\/users\/2"}],"replies":[{"embeddable":true,"href":"https:\/\/diariodepe.com.br\/cri\/wp-json\/wp\/v2\/comments?post=8220"}],"version-history":[{"count":1,"href":"https:\/\/diariodepe.com.br\/cri\/wp-json\/wp\/v2\/posts\/8220\/revisions"}],"predecessor-version":[{"id":8221,"href":"https:\/\/diariodepe.com.br\/cri\/wp-json\/wp\/v2\/posts\/8220\/revisions\/8221"}],"wp:attachment":[{"href":"https:\/\/diariodepe.com.br\/cri\/wp-json\/wp\/v2\/media?parent=8220"}],"wp:term":[{"taxonomy":"category","embeddable":true,"href":"https:\/\/diariodepe.com.br\/cri\/wp-json\/wp\/v2\/categories?post=8220"},{"taxonomy":"post_tag","embeddable":true,"href":"https:\/\/diariodepe.com.br\/cri\/wp-json\/wp\/v2\/tags?post=8220"}],"curies":[{"name":"wp","href":"https:\/\/api.w.org\/{rel}","templated":true}]}}