{"id":8218,"date":"2025-05-08T22:53:47","date_gmt":"2025-05-09T01:53:47","guid":{"rendered":"https:\/\/diariodepe.com.br\/cri\/?p=8218"},"modified":"2025-05-08T22:53:47","modified_gmt":"2025-05-09T01:53:47","slug":"china-e-russia-assinam-acordo-de-cooperacao-cinematografica","status":"publish","type":"post","link":"https:\/\/diariodepe.com.br\/cri\/2025\/05\/08\/china-e-russia-assinam-acordo-de-cooperacao-cinematografica\/","title":{"rendered":"China e R\u00fassia assinam acordo de coopera\u00e7\u00e3o cinematogr\u00e1fica"},"content":{"rendered":"<p><img decoding=\"async\" src=\"https:\/\/38picres.cgtn.com\/photoAlbum\/page\/performance\/img\/2025\/5\/8\/1746718702219_311.png\" width=\"100%\" height=\"auto\" \/><\/p>\n<p>No dia 8, hora local, o presidente chin\u00eas, Xi Jinping, compareceu \u00e0 cerim\u00f4nia de assinatura e troca de documentos de coopera\u00e7\u00e3o no Kremlin, em Moscou, ao lado do presidente da R\u00fassia, Vladimir Putin. Sob o testemunho dos dois l\u00edderes, Shen Haixiong, vice-chefe do Departamento de Comunica\u00e7\u00e3o do Comit\u00ea Central do Partido Comunista da China (PCCh) e presidente do Grupo de M\u00eddia da China (CMG, na sigla em ingl\u00eas), trocou com a ministra da Cultura da R\u00fassia, Olga Borisovna Lyubimova, o \u201cPlano de A\u00e7\u00e3o para Coprodu\u00e7\u00e3o Cinematogr\u00e1fica entre a Administra\u00e7\u00e3o Nacional de Cinema da Rep\u00fablica Popular da China e o Minist\u00e9rio da Cultura da Federa\u00e7\u00e3o Russa at\u00e9 2030\u201d.<\/p>\n<p>O Plano de A\u00e7\u00e3o define planejamento para promover projetos de coprodu\u00e7\u00e3o cinematogr\u00e1fica entre os dois pa\u00edses, introduzir mutuamente os filmes, organizar festivais de cinema em ambos os lados e cooperar na preserva\u00e7\u00e3o e utiliza\u00e7\u00e3o de arquivos cinematogr\u00e1ficos. Atrav\u00e9s do cinema, o plano visa impulsionar os interc\u00e2mbios e a aprendizagem m\u00fatua entre as civiliza\u00e7\u00f5es dos dois pa\u00edses, contribuindo para a manuten\u00e7\u00e3o do desenvolvimento de alto n\u00edvel da parceria de coordena\u00e7\u00e3o estrat\u00e9gica abrangente na nova era.<\/p>\n","protected":false},"excerpt":{"rendered":"<p>No dia 8, hora local, o presidente chin\u00eas, Xi Jinping, compareceu \u00e0 cerim\u00f4nia de assinatura e troca de documentos de coopera\u00e7\u00e3o no Kremlin, em Moscou, ao lado do presidente da R\u00fassia, Vladimir Putin. Sob o testemunho dos dois l\u00edderes, Shen&#8230;<\/p>\n","protected":false},"author":2,"featured_media":0,"comment_status":"open","ping_status":"open","sticky":false,"template":"","format":"standard","meta":{"footnotes":""},"categories":[8],"tags":[],"class_list":["post-8218","post","type-post","status-publish","format-standard","hentry","category-internacional"],"yoast_head":"<!-- This site is optimized with the Yoast SEO plugin v27.4 - https:\/\/yoast.com\/product\/yoast-seo-wordpress\/ -->\n<title>China e R\u00fassia assinam acordo de coopera\u00e7\u00e3o cinematogr\u00e1fica - CRI e Diario de Pernambuco<\/title>\n<meta name=\"robots\" content=\"index, follow, max-snippet:-1, max-image-preview:large, max-video-preview:-1\" \/>\n<link rel=\"canonical\" href=\"https:\/\/diariodepe.com.br\/cri\/2025\/05\/08\/china-e-russia-assinam-acordo-de-cooperacao-cinematografica\/\" \/>\n<meta property=\"og:locale\" content=\"pt_BR\" \/>\n<meta property=\"og:type\" content=\"article\" \/>\n<meta property=\"og:title\" content=\"China e R\u00fassia assinam acordo de coopera\u00e7\u00e3o cinematogr\u00e1fica - CRI e Diario de Pernambuco\" \/>\n<meta property=\"og:description\" content=\"No dia 8, hora local, o presidente chin\u00eas, Xi Jinping, compareceu \u00e0 cerim\u00f4nia de assinatura e troca de documentos de coopera\u00e7\u00e3o no Kremlin, em Moscou, ao lado do presidente da R\u00fassia, Vladimir Putin. Sob o testemunho dos dois l\u00edderes, Shen...\" \/>\n<meta property=\"og:url\" content=\"https:\/\/diariodepe.com.br\/cri\/2025\/05\/08\/china-e-russia-assinam-acordo-de-cooperacao-cinematografica\/\" \/>\n<meta property=\"og:site_name\" content=\"CRI e Diario de Pernambuco\" \/>\n<meta property=\"article:published_time\" content=\"2025-05-09T01:53:47+00:00\" \/>\n<meta property=\"og:image\" content=\"https:\/\/38picres.cgtn.com\/photoAlbum\/page\/performance\/img\/2025\/5\/8\/1746718702219_311.png\" \/>\n<meta name=\"author\" content=\"Ismael Lucas S. Pereira\" \/>\n<meta name=\"twitter:card\" content=\"summary_large_image\" \/>\n<meta name=\"twitter:label1\" content=\"Escrito por\" \/>\n\t<meta name=\"twitter:data1\" content=\"Ismael Lucas S. Pereira\" \/>\n\t<meta name=\"twitter:label2\" content=\"Est. tempo de leitura\" \/>\n\t<meta name=\"twitter:data2\" content=\"2 minutos\" \/>\n<script type=\"application\/ld+json\" class=\"yoast-schema-graph\">{\"@context\":\"https:\\\/\\\/schema.org\",\"@graph\":[{\"@type\":\"Article\",\"@id\":\"https:\\\/\\\/diariodepe.com.br\\\/cri\\\/2025\\\/05\\\/08\\\/china-e-russia-assinam-acordo-de-cooperacao-cinematografica\\\/#article\",\"isPartOf\":{\"@id\":\"https:\\\/\\\/diariodepe.com.br\\\/cri\\\/2025\\\/05\\\/08\\\/china-e-russia-assinam-acordo-de-cooperacao-cinematografica\\\/\"},\"author\":{\"name\":\"Ismael Lucas S. Pereira\",\"@id\":\"https:\\\/\\\/diariodepe.com.br\\\/cri\\\/#\\\/schema\\\/person\\\/121bb28d84f1a5b1205ef4ce9c2e0c6b\"},\"headline\":\"China e R\u00fassia assinam acordo de coopera\u00e7\u00e3o cinematogr\u00e1fica\",\"datePublished\":\"2025-05-09T01:53:47+00:00\",\"mainEntityOfPage\":{\"@id\":\"https:\\\/\\\/diariodepe.com.br\\\/cri\\\/2025\\\/05\\\/08\\\/china-e-russia-assinam-acordo-de-cooperacao-cinematografica\\\/\"},\"wordCount\":221,\"commentCount\":0,\"publisher\":{\"@id\":\"https:\\\/\\\/diariodepe.com.br\\\/cri\\\/#organization\"},\"image\":{\"@id\":\"https:\\\/\\\/diariodepe.com.br\\\/cri\\\/2025\\\/05\\\/08\\\/china-e-russia-assinam-acordo-de-cooperacao-cinematografica\\\/#primaryimage\"},\"thumbnailUrl\":\"https:\\\/\\\/38picres.cgtn.com\\\/photoAlbum\\\/page\\\/performance\\\/img\\\/2025\\\/5\\\/8\\\/1746718702219_311.png\",\"articleSection\":[\"Internacional\"],\"inLanguage\":\"pt-BR\",\"potentialAction\":[{\"@type\":\"CommentAction\",\"name\":\"Comment\",\"target\":[\"https:\\\/\\\/diariodepe.com.br\\\/cri\\\/2025\\\/05\\\/08\\\/china-e-russia-assinam-acordo-de-cooperacao-cinematografica\\\/#respond\"]}]},{\"@type\":\"WebPage\",\"@id\":\"https:\\\/\\\/diariodepe.com.br\\\/cri\\\/2025\\\/05\\\/08\\\/china-e-russia-assinam-acordo-de-cooperacao-cinematografica\\\/\",\"url\":\"https:\\\/\\\/diariodepe.com.br\\\/cri\\\/2025\\\/05\\\/08\\\/china-e-russia-assinam-acordo-de-cooperacao-cinematografica\\\/\",\"name\":\"China e R\u00fassia assinam acordo de coopera\u00e7\u00e3o cinematogr\u00e1fica - CRI e Diario de Pernambuco\",\"isPartOf\":{\"@id\":\"https:\\\/\\\/diariodepe.com.br\\\/cri\\\/#website\"},\"primaryImageOfPage\":{\"@id\":\"https:\\\/\\\/diariodepe.com.br\\\/cri\\\/2025\\\/05\\\/08\\\/china-e-russia-assinam-acordo-de-cooperacao-cinematografica\\\/#primaryimage\"},\"image\":{\"@id\":\"https:\\\/\\\/diariodepe.com.br\\\/cri\\\/2025\\\/05\\\/08\\\/china-e-russia-assinam-acordo-de-cooperacao-cinematografica\\\/#primaryimage\"},\"thumbnailUrl\":\"https:\\\/\\\/38picres.cgtn.com\\\/photoAlbum\\\/page\\\/performance\\\/img\\\/2025\\\/5\\\/8\\\/1746718702219_311.png\",\"datePublished\":\"2025-05-09T01:53:47+00:00\",\"breadcrumb\":{\"@id\":\"https:\\\/\\\/diariodepe.com.br\\\/cri\\\/2025\\\/05\\\/08\\\/china-e-russia-assinam-acordo-de-cooperacao-cinematografica\\\/#breadcrumb\"},\"inLanguage\":\"pt-BR\",\"potentialAction\":[{\"@type\":\"ReadAction\",\"target\":[\"https:\\\/\\\/diariodepe.com.br\\\/cri\\\/2025\\\/05\\\/08\\\/china-e-russia-assinam-acordo-de-cooperacao-cinematografica\\\/\"]}]},{\"@type\":\"ImageObject\",\"inLanguage\":\"pt-BR\",\"@id\":\"https:\\\/\\\/diariodepe.com.br\\\/cri\\\/2025\\\/05\\\/08\\\/china-e-russia-assinam-acordo-de-cooperacao-cinematografica\\\/#primaryimage\",\"url\":\"https:\\\/\\\/38picres.cgtn.com\\\/photoAlbum\\\/page\\\/performance\\\/img\\\/2025\\\/5\\\/8\\\/1746718702219_311.png\",\"contentUrl\":\"https:\\\/\\\/38picres.cgtn.com\\\/photoAlbum\\\/page\\\/performance\\\/img\\\/2025\\\/5\\\/8\\\/1746718702219_311.png\"},{\"@type\":\"BreadcrumbList\",\"@id\":\"https:\\\/\\\/diariodepe.com.br\\\/cri\\\/2025\\\/05\\\/08\\\/china-e-russia-assinam-acordo-de-cooperacao-cinematografica\\\/#breadcrumb\",\"itemListElement\":[{\"@type\":\"ListItem\",\"position\":1,\"name\":\"In\u00edcio\",\"item\":\"https:\\\/\\\/diariodepe.com.br\\\/cri\\\/\"},{\"@type\":\"ListItem\",\"position\":2,\"name\":\"China e R\u00fassia assinam acordo de coopera\u00e7\u00e3o cinematogr\u00e1fica\"}]},{\"@type\":\"WebSite\",\"@id\":\"https:\\\/\\\/diariodepe.com.br\\\/cri\\\/#website\",\"url\":\"https:\\\/\\\/diariodepe.com.br\\\/cri\\\/\",\"name\":\"CRI e Diario de Pernambuco\",\"description\":\"R\u00e1dio Internacional da China\",\"publisher\":{\"@id\":\"https:\\\/\\\/diariodepe.com.br\\\/cri\\\/#organization\"},\"potentialAction\":[{\"@type\":\"SearchAction\",\"target\":{\"@type\":\"EntryPoint\",\"urlTemplate\":\"https:\\\/\\\/diariodepe.com.br\\\/cri\\\/?s={search_term_string}\"},\"query-input\":{\"@type\":\"PropertyValueSpecification\",\"valueRequired\":true,\"valueName\":\"search_term_string\"}}],\"inLanguage\":\"pt-BR\"},{\"@type\":\"Organization\",\"@id\":\"https:\\\/\\\/diariodepe.com.br\\\/cri\\\/#organization\",\"name\":\"CRI e Diario de Pernambuco\",\"url\":\"https:\\\/\\\/diariodepe.com.br\\\/cri\\\/\",\"logo\":{\"@type\":\"ImageObject\",\"inLanguage\":\"pt-BR\",\"@id\":\"https:\\\/\\\/diariodepe.com.br\\\/cri\\\/#\\\/schema\\\/logo\\\/image\\\/\",\"url\":\"https:\\\/\\\/diariodepe.com.br\\\/cri\\\/wp-content\\\/uploads\\\/sites\\\/2\\\/2022\\\/12\\\/cropped-Logo.jpg\",\"contentUrl\":\"https:\\\/\\\/diariodepe.com.br\\\/cri\\\/wp-content\\\/uploads\\\/sites\\\/2\\\/2022\\\/12\\\/cropped-Logo.jpg\",\"width\":700,\"height\":59,\"caption\":\"CRI e Diario de Pernambuco\"},\"image\":{\"@id\":\"https:\\\/\\\/diariodepe.com.br\\\/cri\\\/#\\\/schema\\\/logo\\\/image\\\/\"}},{\"@type\":\"Person\",\"@id\":\"https:\\\/\\\/diariodepe.com.br\\\/cri\\\/#\\\/schema\\\/person\\\/121bb28d84f1a5b1205ef4ce9c2e0c6b\",\"name\":\"Ismael Lucas S. Pereira\",\"image\":{\"@type\":\"ImageObject\",\"inLanguage\":\"pt-BR\",\"@id\":\"https:\\\/\\\/secure.gravatar.com\\\/avatar\\\/887a0f3b5a7ceea963a48499fb883ffce6b5037362def025c52c2505b15d63e4?s=96&d=mm&r=g\",\"url\":\"https:\\\/\\\/secure.gravatar.com\\\/avatar\\\/887a0f3b5a7ceea963a48499fb883ffce6b5037362def025c52c2505b15d63e4?s=96&d=mm&r=g\",\"contentUrl\":\"https:\\\/\\\/secure.gravatar.com\\\/avatar\\\/887a0f3b5a7ceea963a48499fb883ffce6b5037362def025c52c2505b15d63e4?s=96&d=mm&r=g\",\"caption\":\"Ismael Lucas S. Pereira\"},\"url\":\"https:\\\/\\\/diariodepe.com.br\\\/cri\\\/author\\\/ismael-lucas\\\/\"}]}<\/script>\n<!-- \/ Yoast SEO plugin. -->","yoast_head_json":{"title":"China e R\u00fassia assinam acordo de coopera\u00e7\u00e3o cinematogr\u00e1fica - CRI e Diario de Pernambuco","robots":{"index":"index","follow":"follow","max-snippet":"max-snippet:-1","max-image-preview":"max-image-preview:large","max-video-preview":"max-video-preview:-1"},"canonical":"https:\/\/diariodepe.com.br\/cri\/2025\/05\/08\/china-e-russia-assinam-acordo-de-cooperacao-cinematografica\/","og_locale":"pt_BR","og_type":"article","og_title":"China e R\u00fassia assinam acordo de coopera\u00e7\u00e3o cinematogr\u00e1fica - CRI e Diario de Pernambuco","og_description":"No dia 8, hora local, o presidente chin\u00eas, Xi Jinping, compareceu \u00e0 cerim\u00f4nia de assinatura e troca de documentos de coopera\u00e7\u00e3o no Kremlin, em Moscou, ao lado do presidente da R\u00fassia, Vladimir Putin. Sob o testemunho dos dois l\u00edderes, Shen...","og_url":"https:\/\/diariodepe.com.br\/cri\/2025\/05\/08\/china-e-russia-assinam-acordo-de-cooperacao-cinematografica\/","og_site_name":"CRI e Diario de Pernambuco","article_published_time":"2025-05-09T01:53:47+00:00","og_image":[{"url":"https:\/\/38picres.cgtn.com\/photoAlbum\/page\/performance\/img\/2025\/5\/8\/1746718702219_311.png","type":"","width":"","height":""}],"author":"Ismael Lucas S. Pereira","twitter_card":"summary_large_image","twitter_misc":{"Escrito por":"Ismael Lucas S. Pereira","Est. tempo de leitura":"2 minutos"},"schema":{"@context":"https:\/\/schema.org","@graph":[{"@type":"Article","@id":"https:\/\/diariodepe.com.br\/cri\/2025\/05\/08\/china-e-russia-assinam-acordo-de-cooperacao-cinematografica\/#article","isPartOf":{"@id":"https:\/\/diariodepe.com.br\/cri\/2025\/05\/08\/china-e-russia-assinam-acordo-de-cooperacao-cinematografica\/"},"author":{"name":"Ismael Lucas S. Pereira","@id":"https:\/\/diariodepe.com.br\/cri\/#\/schema\/person\/121bb28d84f1a5b1205ef4ce9c2e0c6b"},"headline":"China e R\u00fassia assinam acordo de coopera\u00e7\u00e3o cinematogr\u00e1fica","datePublished":"2025-05-09T01:53:47+00:00","mainEntityOfPage":{"@id":"https:\/\/diariodepe.com.br\/cri\/2025\/05\/08\/china-e-russia-assinam-acordo-de-cooperacao-cinematografica\/"},"wordCount":221,"commentCount":0,"publisher":{"@id":"https:\/\/diariodepe.com.br\/cri\/#organization"},"image":{"@id":"https:\/\/diariodepe.com.br\/cri\/2025\/05\/08\/china-e-russia-assinam-acordo-de-cooperacao-cinematografica\/#primaryimage"},"thumbnailUrl":"https:\/\/38picres.cgtn.com\/photoAlbum\/page\/performance\/img\/2025\/5\/8\/1746718702219_311.png","articleSection":["Internacional"],"inLanguage":"pt-BR","potentialAction":[{"@type":"CommentAction","name":"Comment","target":["https:\/\/diariodepe.com.br\/cri\/2025\/05\/08\/china-e-russia-assinam-acordo-de-cooperacao-cinematografica\/#respond"]}]},{"@type":"WebPage","@id":"https:\/\/diariodepe.com.br\/cri\/2025\/05\/08\/china-e-russia-assinam-acordo-de-cooperacao-cinematografica\/","url":"https:\/\/diariodepe.com.br\/cri\/2025\/05\/08\/china-e-russia-assinam-acordo-de-cooperacao-cinematografica\/","name":"China e R\u00fassia assinam acordo de coopera\u00e7\u00e3o cinematogr\u00e1fica - CRI e Diario de Pernambuco","isPartOf":{"@id":"https:\/\/diariodepe.com.br\/cri\/#website"},"primaryImageOfPage":{"@id":"https:\/\/diariodepe.com.br\/cri\/2025\/05\/08\/china-e-russia-assinam-acordo-de-cooperacao-cinematografica\/#primaryimage"},"image":{"@id":"https:\/\/diariodepe.com.br\/cri\/2025\/05\/08\/china-e-russia-assinam-acordo-de-cooperacao-cinematografica\/#primaryimage"},"thumbnailUrl":"https:\/\/38picres.cgtn.com\/photoAlbum\/page\/performance\/img\/2025\/5\/8\/1746718702219_311.png","datePublished":"2025-05-09T01:53:47+00:00","breadcrumb":{"@id":"https:\/\/diariodepe.com.br\/cri\/2025\/05\/08\/china-e-russia-assinam-acordo-de-cooperacao-cinematografica\/#breadcrumb"},"inLanguage":"pt-BR","potentialAction":[{"@type":"ReadAction","target":["https:\/\/diariodepe.com.br\/cri\/2025\/05\/08\/china-e-russia-assinam-acordo-de-cooperacao-cinematografica\/"]}]},{"@type":"ImageObject","inLanguage":"pt-BR","@id":"https:\/\/diariodepe.com.br\/cri\/2025\/05\/08\/china-e-russia-assinam-acordo-de-cooperacao-cinematografica\/#primaryimage","url":"https:\/\/38picres.cgtn.com\/photoAlbum\/page\/performance\/img\/2025\/5\/8\/1746718702219_311.png","contentUrl":"https:\/\/38picres.cgtn.com\/photoAlbum\/page\/performance\/img\/2025\/5\/8\/1746718702219_311.png"},{"@type":"BreadcrumbList","@id":"https:\/\/diariodepe.com.br\/cri\/2025\/05\/08\/china-e-russia-assinam-acordo-de-cooperacao-cinematografica\/#breadcrumb","itemListElement":[{"@type":"ListItem","position":1,"name":"In\u00edcio","item":"https:\/\/diariodepe.com.br\/cri\/"},{"@type":"ListItem","position":2,"name":"China e R\u00fassia assinam acordo de coopera\u00e7\u00e3o cinematogr\u00e1fica"}]},{"@type":"WebSite","@id":"https:\/\/diariodepe.com.br\/cri\/#website","url":"https:\/\/diariodepe.com.br\/cri\/","name":"CRI e Diario de Pernambuco","description":"R\u00e1dio Internacional da China","publisher":{"@id":"https:\/\/diariodepe.com.br\/cri\/#organization"},"potentialAction":[{"@type":"SearchAction","target":{"@type":"EntryPoint","urlTemplate":"https:\/\/diariodepe.com.br\/cri\/?s={search_term_string}"},"query-input":{"@type":"PropertyValueSpecification","valueRequired":true,"valueName":"search_term_string"}}],"inLanguage":"pt-BR"},{"@type":"Organization","@id":"https:\/\/diariodepe.com.br\/cri\/#organization","name":"CRI e Diario de Pernambuco","url":"https:\/\/diariodepe.com.br\/cri\/","logo":{"@type":"ImageObject","inLanguage":"pt-BR","@id":"https:\/\/diariodepe.com.br\/cri\/#\/schema\/logo\/image\/","url":"https:\/\/diariodepe.com.br\/cri\/wp-content\/uploads\/sites\/2\/2022\/12\/cropped-Logo.jpg","contentUrl":"https:\/\/diariodepe.com.br\/cri\/wp-content\/uploads\/sites\/2\/2022\/12\/cropped-Logo.jpg","width":700,"height":59,"caption":"CRI e Diario de Pernambuco"},"image":{"@id":"https:\/\/diariodepe.com.br\/cri\/#\/schema\/logo\/image\/"}},{"@type":"Person","@id":"https:\/\/diariodepe.com.br\/cri\/#\/schema\/person\/121bb28d84f1a5b1205ef4ce9c2e0c6b","name":"Ismael Lucas S. Pereira","image":{"@type":"ImageObject","inLanguage":"pt-BR","@id":"https:\/\/secure.gravatar.com\/avatar\/887a0f3b5a7ceea963a48499fb883ffce6b5037362def025c52c2505b15d63e4?s=96&d=mm&r=g","url":"https:\/\/secure.gravatar.com\/avatar\/887a0f3b5a7ceea963a48499fb883ffce6b5037362def025c52c2505b15d63e4?s=96&d=mm&r=g","contentUrl":"https:\/\/secure.gravatar.com\/avatar\/887a0f3b5a7ceea963a48499fb883ffce6b5037362def025c52c2505b15d63e4?s=96&d=mm&r=g","caption":"Ismael Lucas S. Pereira"},"url":"https:\/\/diariodepe.com.br\/cri\/author\/ismael-lucas\/"}]}},"cc_featured_image_caption":{"caption_text":false,"source_text":false,"source_url":false},"amp_enabled":true,"_links":{"self":[{"href":"https:\/\/diariodepe.com.br\/cri\/wp-json\/wp\/v2\/posts\/8218","targetHints":{"allow":["GET"]}}],"collection":[{"href":"https:\/\/diariodepe.com.br\/cri\/wp-json\/wp\/v2\/posts"}],"about":[{"href":"https:\/\/diariodepe.com.br\/cri\/wp-json\/wp\/v2\/types\/post"}],"author":[{"embeddable":true,"href":"https:\/\/diariodepe.com.br\/cri\/wp-json\/wp\/v2\/users\/2"}],"replies":[{"embeddable":true,"href":"https:\/\/diariodepe.com.br\/cri\/wp-json\/wp\/v2\/comments?post=8218"}],"version-history":[{"count":1,"href":"https:\/\/diariodepe.com.br\/cri\/wp-json\/wp\/v2\/posts\/8218\/revisions"}],"predecessor-version":[{"id":8219,"href":"https:\/\/diariodepe.com.br\/cri\/wp-json\/wp\/v2\/posts\/8218\/revisions\/8219"}],"wp:attachment":[{"href":"https:\/\/diariodepe.com.br\/cri\/wp-json\/wp\/v2\/media?parent=8218"}],"wp:term":[{"taxonomy":"category","embeddable":true,"href":"https:\/\/diariodepe.com.br\/cri\/wp-json\/wp\/v2\/categories?post=8218"},{"taxonomy":"post_tag","embeddable":true,"href":"https:\/\/diariodepe.com.br\/cri\/wp-json\/wp\/v2\/tags?post=8218"}],"curies":[{"name":"wp","href":"https:\/\/api.w.org\/{rel}","templated":true}]}}