{"id":8211,"date":"2025-05-08T04:34:54","date_gmt":"2025-05-08T07:34:54","guid":{"rendered":"https:\/\/diariodepe.com.br\/cri\/?p=8211"},"modified":"2025-05-08T04:34:54","modified_gmt":"2025-05-08T07:34:54","slug":"acao-de-intercambio-cultural-china-russia-e-realizada-em-moscou","status":"publish","type":"post","link":"https:\/\/diariodepe.com.br\/cri\/2025\/05\/08\/acao-de-intercambio-cultural-china-russia-e-realizada-em-moscou\/","title":{"rendered":"A\u00e7\u00e3o de interc\u00e2mbio cultural China-R\u00fassia \u00e9 realizada em Moscou"},"content":{"rendered":"<p><img decoding=\"async\" src=\"https:\/\/38picres.cgtn.com\/photoAlbum\/page\/performance\/img\/2025\/5\/8\/1746688994828_19.jpg\" width=\"100%\" height=\"auto\" \/><\/p>\n<p>Por ocasi\u00e3o da visita de Estado do presidente chin\u00eas, Xi Jinping, \u00e0 R\u00fassia, foi realizada em Moscou nesta quinta-feira (8), hor\u00e1rio local, uma a\u00e7\u00e3o de interc\u00e2mbio interpessoal e cultural China-R\u00fassia em comemora\u00e7\u00e3o ao 80\u00ba anivers\u00e1rio da vit\u00f3ria na Guerra de Resist\u00eancia do Povo Chin\u00eas contra a Agress\u00e3o Japonesa e na Grande Guerra Patri\u00f3tica da Uni\u00e3o Sovi\u00e9tica.<\/p>\n<p><img decoding=\"async\" src=\"https:\/\/38picres.cgtn.com\/photoAlbum\/page\/performance\/img\/2025\/5\/8\/1746689003544_377.jpg\" width=\"100%\" height=\"auto\" \/><\/p>\n<p>As mensagens de congratula\u00e7\u00e3o enviadas pelo presidente chin\u00eas, Xi Jinping, e pelo presidente russo, Vladimir Putin, foram lidas no evento organizado pelo Grupo de M\u00eddia da China (CMG) e pela Companhia Estatal de Televis\u00e3o e Radiodifus\u00e3o de Toda a R\u00fassia (VGTRK). Mais de 200 convidados de diversos c\u00edrculos sociais de ambos os pa\u00edses marcaram presen\u00e7a.<\/p>\n<p><img decoding=\"async\" src=\"https:\/\/38picres.cgtn.com\/photoAlbum\/page\/performance\/img\/2025\/5\/8\/1746689013075_165.jpg\" width=\"100%\" height=\"auto\" \/><\/p>\n<p>O vice-chefe do Departamento de Comunica\u00e7\u00e3o do Comit\u00ea Central do Partido Comunista da China e presidente do CMG, Shen Haixiong, destacou em seu discurso que sua entidade ir\u00e1 construir uma ponte cultural entre as duas na\u00e7\u00f5es com suas excelentes produ\u00e7\u00f5es, al\u00e9m de promover a parceria estrat\u00e9gica abrangente de coordena\u00e7\u00e3o China-R\u00fassia na nova era por meio do interc\u00e2mbio e do fortalecimento da coopera\u00e7\u00e3o.<\/p>\n<p><img decoding=\"async\" src=\"https:\/\/38picres.cgtn.com\/photoAlbum\/page\/performance\/img\/2025\/5\/8\/1746689020431_929.jpg\" width=\"100%\" height=\"auto\" \/><\/p>\n<p>O diretor-geral da Companhia Estatal de Televis\u00e3o e Radiodifus\u00e3o de Toda a R\u00fassia (VGTRK), Oleg Dobrodeyev, afirmou e que a coopera\u00e7\u00e3o de m\u00eddia entre R\u00fassia e China obteve progressos consider\u00e1veis e alcan\u00e7ou resultados not\u00e1veis, tornando-se parte importante da parceria estrat\u00e9gica de coordena\u00e7\u00e3o China-R\u00fassia na nova era.<\/p>\n<p><img decoding=\"async\" src=\"https:\/\/38picres.cgtn.com\/photoAlbum\/page\/performance\/img\/2025\/5\/8\/1746689028850_710.jpg\" width=\"100%\" height=\"auto\" \/><\/p>\n<p>A ministra da Cultura da R\u00fassia, Olga Lyubimova,\u00a0salientou\u00a0que, sob a lideran\u00e7a estrat\u00e9gica dos chefes de Estado dos dois pa\u00edses, as rela\u00e7\u00f5es bilaterais\u00a0t\u00eam se aprofundado e os interc\u00e2mbios interpessoais e culturais\u00a0florescido, injetando estabilidade e\u00a0energia positiva na preserva\u00e7\u00e3o da amizade hist\u00f3rica e na manuten\u00e7\u00e3o conjunta da justi\u00e7a internacional.<\/p>\n<p><img decoding=\"async\" src=\"https:\/\/38picres.cgtn.com\/photoAlbum\/page\/performance\/img\/2025\/5\/8\/1746689036203_791.jpg\" width=\"100%\" height=\"auto\" \/><\/p>\n<p>Ainda neste evento, foi lan\u00e7ado o Festival de Cinema da China na R\u00fassia 2025, proporcionando ao p\u00fablico local uma imers\u00e3o no universo cultural e cinematogr\u00e1fico chin\u00eas, al\u00e9m de uma melhor compreens\u00e3o sobre a China.<\/p>\n","protected":false},"excerpt":{"rendered":"<p>Por ocasi\u00e3o da visita de Estado do presidente chin\u00eas, Xi Jinping, \u00e0 R\u00fassia, foi realizada em Moscou nesta quinta-feira (8), hor\u00e1rio local, uma a\u00e7\u00e3o de interc\u00e2mbio interpessoal e cultural China-R\u00fassia em comemora\u00e7\u00e3o ao 80\u00ba anivers\u00e1rio da vit\u00f3ria na Guerra de&#8230;<\/p>\n","protected":false},"author":2,"featured_media":0,"comment_status":"open","ping_status":"open","sticky":false,"template":"","format":"standard","meta":{"footnotes":""},"categories":[8],"tags":[],"class_list":["post-8211","post","type-post","status-publish","format-standard","hentry","category-internacional"],"yoast_head":"<!-- This site is optimized with the Yoast SEO plugin v27.4 - https:\/\/yoast.com\/product\/yoast-seo-wordpress\/ -->\n<title>A\u00e7\u00e3o de interc\u00e2mbio cultural China-R\u00fassia \u00e9 realizada em Moscou - CRI e Diario de Pernambuco<\/title>\n<meta name=\"robots\" content=\"index, follow, max-snippet:-1, max-image-preview:large, max-video-preview:-1\" \/>\n<link rel=\"canonical\" href=\"https:\/\/diariodepe.com.br\/cri\/2025\/05\/08\/acao-de-intercambio-cultural-china-russia-e-realizada-em-moscou\/\" \/>\n<meta property=\"og:locale\" content=\"pt_BR\" \/>\n<meta property=\"og:type\" content=\"article\" \/>\n<meta property=\"og:title\" content=\"A\u00e7\u00e3o de interc\u00e2mbio cultural China-R\u00fassia \u00e9 realizada em Moscou - CRI e Diario de Pernambuco\" \/>\n<meta property=\"og:description\" content=\"Por ocasi\u00e3o da visita de Estado do presidente chin\u00eas, Xi Jinping, \u00e0 R\u00fassia, foi realizada em Moscou nesta quinta-feira (8), hor\u00e1rio local, uma a\u00e7\u00e3o de interc\u00e2mbio interpessoal e cultural China-R\u00fassia em comemora\u00e7\u00e3o ao 80\u00ba anivers\u00e1rio da vit\u00f3ria na Guerra de...\" \/>\n<meta property=\"og:url\" content=\"https:\/\/diariodepe.com.br\/cri\/2025\/05\/08\/acao-de-intercambio-cultural-china-russia-e-realizada-em-moscou\/\" \/>\n<meta property=\"og:site_name\" content=\"CRI e Diario de Pernambuco\" \/>\n<meta property=\"article:published_time\" content=\"2025-05-08T07:34:54+00:00\" \/>\n<meta property=\"og:image\" content=\"https:\/\/38picres.cgtn.com\/photoAlbum\/page\/performance\/img\/2025\/5\/8\/1746688994828_19.jpg\" \/>\n<meta name=\"author\" content=\"Ismael Lucas S. Pereira\" \/>\n<meta name=\"twitter:card\" content=\"summary_large_image\" \/>\n<meta name=\"twitter:label1\" content=\"Escrito por\" \/>\n\t<meta name=\"twitter:data1\" content=\"Ismael Lucas S. Pereira\" \/>\n\t<meta name=\"twitter:label2\" content=\"Est. tempo de leitura\" \/>\n\t<meta name=\"twitter:data2\" content=\"3 minutos\" \/>\n<script type=\"application\/ld+json\" class=\"yoast-schema-graph\">{\"@context\":\"https:\\\/\\\/schema.org\",\"@graph\":[{\"@type\":\"Article\",\"@id\":\"https:\\\/\\\/diariodepe.com.br\\\/cri\\\/2025\\\/05\\\/08\\\/acao-de-intercambio-cultural-china-russia-e-realizada-em-moscou\\\/#article\",\"isPartOf\":{\"@id\":\"https:\\\/\\\/diariodepe.com.br\\\/cri\\\/2025\\\/05\\\/08\\\/acao-de-intercambio-cultural-china-russia-e-realizada-em-moscou\\\/\"},\"author\":{\"name\":\"Ismael Lucas S. Pereira\",\"@id\":\"https:\\\/\\\/diariodepe.com.br\\\/cri\\\/#\\\/schema\\\/person\\\/121bb28d84f1a5b1205ef4ce9c2e0c6b\"},\"headline\":\"A\u00e7\u00e3o de interc\u00e2mbio cultural China-R\u00fassia \u00e9 realizada em Moscou\",\"datePublished\":\"2025-05-08T07:34:54+00:00\",\"mainEntityOfPage\":{\"@id\":\"https:\\\/\\\/diariodepe.com.br\\\/cri\\\/2025\\\/05\\\/08\\\/acao-de-intercambio-cultural-china-russia-e-realizada-em-moscou\\\/\"},\"wordCount\":375,\"commentCount\":0,\"publisher\":{\"@id\":\"https:\\\/\\\/diariodepe.com.br\\\/cri\\\/#organization\"},\"image\":{\"@id\":\"https:\\\/\\\/diariodepe.com.br\\\/cri\\\/2025\\\/05\\\/08\\\/acao-de-intercambio-cultural-china-russia-e-realizada-em-moscou\\\/#primaryimage\"},\"thumbnailUrl\":\"https:\\\/\\\/38picres.cgtn.com\\\/photoAlbum\\\/page\\\/performance\\\/img\\\/2025\\\/5\\\/8\\\/1746688994828_19.jpg\",\"articleSection\":[\"Internacional\"],\"inLanguage\":\"pt-BR\",\"potentialAction\":[{\"@type\":\"CommentAction\",\"name\":\"Comment\",\"target\":[\"https:\\\/\\\/diariodepe.com.br\\\/cri\\\/2025\\\/05\\\/08\\\/acao-de-intercambio-cultural-china-russia-e-realizada-em-moscou\\\/#respond\"]}]},{\"@type\":\"WebPage\",\"@id\":\"https:\\\/\\\/diariodepe.com.br\\\/cri\\\/2025\\\/05\\\/08\\\/acao-de-intercambio-cultural-china-russia-e-realizada-em-moscou\\\/\",\"url\":\"https:\\\/\\\/diariodepe.com.br\\\/cri\\\/2025\\\/05\\\/08\\\/acao-de-intercambio-cultural-china-russia-e-realizada-em-moscou\\\/\",\"name\":\"A\u00e7\u00e3o de interc\u00e2mbio cultural China-R\u00fassia \u00e9 realizada em Moscou - CRI e Diario de Pernambuco\",\"isPartOf\":{\"@id\":\"https:\\\/\\\/diariodepe.com.br\\\/cri\\\/#website\"},\"primaryImageOfPage\":{\"@id\":\"https:\\\/\\\/diariodepe.com.br\\\/cri\\\/2025\\\/05\\\/08\\\/acao-de-intercambio-cultural-china-russia-e-realizada-em-moscou\\\/#primaryimage\"},\"image\":{\"@id\":\"https:\\\/\\\/diariodepe.com.br\\\/cri\\\/2025\\\/05\\\/08\\\/acao-de-intercambio-cultural-china-russia-e-realizada-em-moscou\\\/#primaryimage\"},\"thumbnailUrl\":\"https:\\\/\\\/38picres.cgtn.com\\\/photoAlbum\\\/page\\\/performance\\\/img\\\/2025\\\/5\\\/8\\\/1746688994828_19.jpg\",\"datePublished\":\"2025-05-08T07:34:54+00:00\",\"breadcrumb\":{\"@id\":\"https:\\\/\\\/diariodepe.com.br\\\/cri\\\/2025\\\/05\\\/08\\\/acao-de-intercambio-cultural-china-russia-e-realizada-em-moscou\\\/#breadcrumb\"},\"inLanguage\":\"pt-BR\",\"potentialAction\":[{\"@type\":\"ReadAction\",\"target\":[\"https:\\\/\\\/diariodepe.com.br\\\/cri\\\/2025\\\/05\\\/08\\\/acao-de-intercambio-cultural-china-russia-e-realizada-em-moscou\\\/\"]}]},{\"@type\":\"ImageObject\",\"inLanguage\":\"pt-BR\",\"@id\":\"https:\\\/\\\/diariodepe.com.br\\\/cri\\\/2025\\\/05\\\/08\\\/acao-de-intercambio-cultural-china-russia-e-realizada-em-moscou\\\/#primaryimage\",\"url\":\"https:\\\/\\\/38picres.cgtn.com\\\/photoAlbum\\\/page\\\/performance\\\/img\\\/2025\\\/5\\\/8\\\/1746688994828_19.jpg\",\"contentUrl\":\"https:\\\/\\\/38picres.cgtn.com\\\/photoAlbum\\\/page\\\/performance\\\/img\\\/2025\\\/5\\\/8\\\/1746688994828_19.jpg\"},{\"@type\":\"BreadcrumbList\",\"@id\":\"https:\\\/\\\/diariodepe.com.br\\\/cri\\\/2025\\\/05\\\/08\\\/acao-de-intercambio-cultural-china-russia-e-realizada-em-moscou\\\/#breadcrumb\",\"itemListElement\":[{\"@type\":\"ListItem\",\"position\":1,\"name\":\"In\u00edcio\",\"item\":\"https:\\\/\\\/diariodepe.com.br\\\/cri\\\/\"},{\"@type\":\"ListItem\",\"position\":2,\"name\":\"A\u00e7\u00e3o de interc\u00e2mbio cultural China-R\u00fassia \u00e9 realizada em Moscou\"}]},{\"@type\":\"WebSite\",\"@id\":\"https:\\\/\\\/diariodepe.com.br\\\/cri\\\/#website\",\"url\":\"https:\\\/\\\/diariodepe.com.br\\\/cri\\\/\",\"name\":\"CRI e Diario de Pernambuco\",\"description\":\"R\u00e1dio Internacional da China\",\"publisher\":{\"@id\":\"https:\\\/\\\/diariodepe.com.br\\\/cri\\\/#organization\"},\"potentialAction\":[{\"@type\":\"SearchAction\",\"target\":{\"@type\":\"EntryPoint\",\"urlTemplate\":\"https:\\\/\\\/diariodepe.com.br\\\/cri\\\/?s={search_term_string}\"},\"query-input\":{\"@type\":\"PropertyValueSpecification\",\"valueRequired\":true,\"valueName\":\"search_term_string\"}}],\"inLanguage\":\"pt-BR\"},{\"@type\":\"Organization\",\"@id\":\"https:\\\/\\\/diariodepe.com.br\\\/cri\\\/#organization\",\"name\":\"CRI e Diario de Pernambuco\",\"url\":\"https:\\\/\\\/diariodepe.com.br\\\/cri\\\/\",\"logo\":{\"@type\":\"ImageObject\",\"inLanguage\":\"pt-BR\",\"@id\":\"https:\\\/\\\/diariodepe.com.br\\\/cri\\\/#\\\/schema\\\/logo\\\/image\\\/\",\"url\":\"https:\\\/\\\/diariodepe.com.br\\\/cri\\\/wp-content\\\/uploads\\\/sites\\\/2\\\/2022\\\/12\\\/cropped-Logo.jpg\",\"contentUrl\":\"https:\\\/\\\/diariodepe.com.br\\\/cri\\\/wp-content\\\/uploads\\\/sites\\\/2\\\/2022\\\/12\\\/cropped-Logo.jpg\",\"width\":700,\"height\":59,\"caption\":\"CRI e Diario de Pernambuco\"},\"image\":{\"@id\":\"https:\\\/\\\/diariodepe.com.br\\\/cri\\\/#\\\/schema\\\/logo\\\/image\\\/\"}},{\"@type\":\"Person\",\"@id\":\"https:\\\/\\\/diariodepe.com.br\\\/cri\\\/#\\\/schema\\\/person\\\/121bb28d84f1a5b1205ef4ce9c2e0c6b\",\"name\":\"Ismael Lucas S. Pereira\",\"image\":{\"@type\":\"ImageObject\",\"inLanguage\":\"pt-BR\",\"@id\":\"https:\\\/\\\/secure.gravatar.com\\\/avatar\\\/887a0f3b5a7ceea963a48499fb883ffce6b5037362def025c52c2505b15d63e4?s=96&d=mm&r=g\",\"url\":\"https:\\\/\\\/secure.gravatar.com\\\/avatar\\\/887a0f3b5a7ceea963a48499fb883ffce6b5037362def025c52c2505b15d63e4?s=96&d=mm&r=g\",\"contentUrl\":\"https:\\\/\\\/secure.gravatar.com\\\/avatar\\\/887a0f3b5a7ceea963a48499fb883ffce6b5037362def025c52c2505b15d63e4?s=96&d=mm&r=g\",\"caption\":\"Ismael Lucas S. Pereira\"},\"url\":\"https:\\\/\\\/diariodepe.com.br\\\/cri\\\/author\\\/ismael-lucas\\\/\"}]}<\/script>\n<!-- \/ Yoast SEO plugin. -->","yoast_head_json":{"title":"A\u00e7\u00e3o de interc\u00e2mbio cultural China-R\u00fassia \u00e9 realizada em Moscou - CRI e Diario de Pernambuco","robots":{"index":"index","follow":"follow","max-snippet":"max-snippet:-1","max-image-preview":"max-image-preview:large","max-video-preview":"max-video-preview:-1"},"canonical":"https:\/\/diariodepe.com.br\/cri\/2025\/05\/08\/acao-de-intercambio-cultural-china-russia-e-realizada-em-moscou\/","og_locale":"pt_BR","og_type":"article","og_title":"A\u00e7\u00e3o de interc\u00e2mbio cultural China-R\u00fassia \u00e9 realizada em Moscou - CRI e Diario de Pernambuco","og_description":"Por ocasi\u00e3o da visita de Estado do presidente chin\u00eas, Xi Jinping, \u00e0 R\u00fassia, foi realizada em Moscou nesta quinta-feira (8), hor\u00e1rio local, uma a\u00e7\u00e3o de interc\u00e2mbio interpessoal e cultural China-R\u00fassia em comemora\u00e7\u00e3o ao 80\u00ba anivers\u00e1rio da vit\u00f3ria na Guerra de...","og_url":"https:\/\/diariodepe.com.br\/cri\/2025\/05\/08\/acao-de-intercambio-cultural-china-russia-e-realizada-em-moscou\/","og_site_name":"CRI e Diario de Pernambuco","article_published_time":"2025-05-08T07:34:54+00:00","og_image":[{"url":"https:\/\/38picres.cgtn.com\/photoAlbum\/page\/performance\/img\/2025\/5\/8\/1746688994828_19.jpg","type":"","width":"","height":""}],"author":"Ismael Lucas S. Pereira","twitter_card":"summary_large_image","twitter_misc":{"Escrito por":"Ismael Lucas S. Pereira","Est. tempo de leitura":"3 minutos"},"schema":{"@context":"https:\/\/schema.org","@graph":[{"@type":"Article","@id":"https:\/\/diariodepe.com.br\/cri\/2025\/05\/08\/acao-de-intercambio-cultural-china-russia-e-realizada-em-moscou\/#article","isPartOf":{"@id":"https:\/\/diariodepe.com.br\/cri\/2025\/05\/08\/acao-de-intercambio-cultural-china-russia-e-realizada-em-moscou\/"},"author":{"name":"Ismael Lucas S. Pereira","@id":"https:\/\/diariodepe.com.br\/cri\/#\/schema\/person\/121bb28d84f1a5b1205ef4ce9c2e0c6b"},"headline":"A\u00e7\u00e3o de interc\u00e2mbio cultural China-R\u00fassia \u00e9 realizada em Moscou","datePublished":"2025-05-08T07:34:54+00:00","mainEntityOfPage":{"@id":"https:\/\/diariodepe.com.br\/cri\/2025\/05\/08\/acao-de-intercambio-cultural-china-russia-e-realizada-em-moscou\/"},"wordCount":375,"commentCount":0,"publisher":{"@id":"https:\/\/diariodepe.com.br\/cri\/#organization"},"image":{"@id":"https:\/\/diariodepe.com.br\/cri\/2025\/05\/08\/acao-de-intercambio-cultural-china-russia-e-realizada-em-moscou\/#primaryimage"},"thumbnailUrl":"https:\/\/38picres.cgtn.com\/photoAlbum\/page\/performance\/img\/2025\/5\/8\/1746688994828_19.jpg","articleSection":["Internacional"],"inLanguage":"pt-BR","potentialAction":[{"@type":"CommentAction","name":"Comment","target":["https:\/\/diariodepe.com.br\/cri\/2025\/05\/08\/acao-de-intercambio-cultural-china-russia-e-realizada-em-moscou\/#respond"]}]},{"@type":"WebPage","@id":"https:\/\/diariodepe.com.br\/cri\/2025\/05\/08\/acao-de-intercambio-cultural-china-russia-e-realizada-em-moscou\/","url":"https:\/\/diariodepe.com.br\/cri\/2025\/05\/08\/acao-de-intercambio-cultural-china-russia-e-realizada-em-moscou\/","name":"A\u00e7\u00e3o de interc\u00e2mbio cultural China-R\u00fassia \u00e9 realizada em Moscou - CRI e Diario de Pernambuco","isPartOf":{"@id":"https:\/\/diariodepe.com.br\/cri\/#website"},"primaryImageOfPage":{"@id":"https:\/\/diariodepe.com.br\/cri\/2025\/05\/08\/acao-de-intercambio-cultural-china-russia-e-realizada-em-moscou\/#primaryimage"},"image":{"@id":"https:\/\/diariodepe.com.br\/cri\/2025\/05\/08\/acao-de-intercambio-cultural-china-russia-e-realizada-em-moscou\/#primaryimage"},"thumbnailUrl":"https:\/\/38picres.cgtn.com\/photoAlbum\/page\/performance\/img\/2025\/5\/8\/1746688994828_19.jpg","datePublished":"2025-05-08T07:34:54+00:00","breadcrumb":{"@id":"https:\/\/diariodepe.com.br\/cri\/2025\/05\/08\/acao-de-intercambio-cultural-china-russia-e-realizada-em-moscou\/#breadcrumb"},"inLanguage":"pt-BR","potentialAction":[{"@type":"ReadAction","target":["https:\/\/diariodepe.com.br\/cri\/2025\/05\/08\/acao-de-intercambio-cultural-china-russia-e-realizada-em-moscou\/"]}]},{"@type":"ImageObject","inLanguage":"pt-BR","@id":"https:\/\/diariodepe.com.br\/cri\/2025\/05\/08\/acao-de-intercambio-cultural-china-russia-e-realizada-em-moscou\/#primaryimage","url":"https:\/\/38picres.cgtn.com\/photoAlbum\/page\/performance\/img\/2025\/5\/8\/1746688994828_19.jpg","contentUrl":"https:\/\/38picres.cgtn.com\/photoAlbum\/page\/performance\/img\/2025\/5\/8\/1746688994828_19.jpg"},{"@type":"BreadcrumbList","@id":"https:\/\/diariodepe.com.br\/cri\/2025\/05\/08\/acao-de-intercambio-cultural-china-russia-e-realizada-em-moscou\/#breadcrumb","itemListElement":[{"@type":"ListItem","position":1,"name":"In\u00edcio","item":"https:\/\/diariodepe.com.br\/cri\/"},{"@type":"ListItem","position":2,"name":"A\u00e7\u00e3o de interc\u00e2mbio cultural China-R\u00fassia \u00e9 realizada em Moscou"}]},{"@type":"WebSite","@id":"https:\/\/diariodepe.com.br\/cri\/#website","url":"https:\/\/diariodepe.com.br\/cri\/","name":"CRI e Diario de Pernambuco","description":"R\u00e1dio Internacional da China","publisher":{"@id":"https:\/\/diariodepe.com.br\/cri\/#organization"},"potentialAction":[{"@type":"SearchAction","target":{"@type":"EntryPoint","urlTemplate":"https:\/\/diariodepe.com.br\/cri\/?s={search_term_string}"},"query-input":{"@type":"PropertyValueSpecification","valueRequired":true,"valueName":"search_term_string"}}],"inLanguage":"pt-BR"},{"@type":"Organization","@id":"https:\/\/diariodepe.com.br\/cri\/#organization","name":"CRI e Diario de Pernambuco","url":"https:\/\/diariodepe.com.br\/cri\/","logo":{"@type":"ImageObject","inLanguage":"pt-BR","@id":"https:\/\/diariodepe.com.br\/cri\/#\/schema\/logo\/image\/","url":"https:\/\/diariodepe.com.br\/cri\/wp-content\/uploads\/sites\/2\/2022\/12\/cropped-Logo.jpg","contentUrl":"https:\/\/diariodepe.com.br\/cri\/wp-content\/uploads\/sites\/2\/2022\/12\/cropped-Logo.jpg","width":700,"height":59,"caption":"CRI e Diario de Pernambuco"},"image":{"@id":"https:\/\/diariodepe.com.br\/cri\/#\/schema\/logo\/image\/"}},{"@type":"Person","@id":"https:\/\/diariodepe.com.br\/cri\/#\/schema\/person\/121bb28d84f1a5b1205ef4ce9c2e0c6b","name":"Ismael Lucas S. Pereira","image":{"@type":"ImageObject","inLanguage":"pt-BR","@id":"https:\/\/secure.gravatar.com\/avatar\/887a0f3b5a7ceea963a48499fb883ffce6b5037362def025c52c2505b15d63e4?s=96&d=mm&r=g","url":"https:\/\/secure.gravatar.com\/avatar\/887a0f3b5a7ceea963a48499fb883ffce6b5037362def025c52c2505b15d63e4?s=96&d=mm&r=g","contentUrl":"https:\/\/secure.gravatar.com\/avatar\/887a0f3b5a7ceea963a48499fb883ffce6b5037362def025c52c2505b15d63e4?s=96&d=mm&r=g","caption":"Ismael Lucas S. Pereira"},"url":"https:\/\/diariodepe.com.br\/cri\/author\/ismael-lucas\/"}]}},"cc_featured_image_caption":{"caption_text":false,"source_text":false,"source_url":false},"amp_enabled":true,"_links":{"self":[{"href":"https:\/\/diariodepe.com.br\/cri\/wp-json\/wp\/v2\/posts\/8211","targetHints":{"allow":["GET"]}}],"collection":[{"href":"https:\/\/diariodepe.com.br\/cri\/wp-json\/wp\/v2\/posts"}],"about":[{"href":"https:\/\/diariodepe.com.br\/cri\/wp-json\/wp\/v2\/types\/post"}],"author":[{"embeddable":true,"href":"https:\/\/diariodepe.com.br\/cri\/wp-json\/wp\/v2\/users\/2"}],"replies":[{"embeddable":true,"href":"https:\/\/diariodepe.com.br\/cri\/wp-json\/wp\/v2\/comments?post=8211"}],"version-history":[{"count":1,"href":"https:\/\/diariodepe.com.br\/cri\/wp-json\/wp\/v2\/posts\/8211\/revisions"}],"predecessor-version":[{"id":8212,"href":"https:\/\/diariodepe.com.br\/cri\/wp-json\/wp\/v2\/posts\/8211\/revisions\/8212"}],"wp:attachment":[{"href":"https:\/\/diariodepe.com.br\/cri\/wp-json\/wp\/v2\/media?parent=8211"}],"wp:term":[{"taxonomy":"category","embeddable":true,"href":"https:\/\/diariodepe.com.br\/cri\/wp-json\/wp\/v2\/categories?post=8211"},{"taxonomy":"post_tag","embeddable":true,"href":"https:\/\/diariodepe.com.br\/cri\/wp-json\/wp\/v2\/tags?post=8211"}],"curies":[{"name":"wp","href":"https:\/\/api.w.org\/{rel}","templated":true}]}}