{"id":8203,"date":"2025-05-07T22:49:19","date_gmt":"2025-05-08T01:49:19","guid":{"rendered":"https:\/\/diariodepe.com.br\/cri\/?p=8203"},"modified":"2025-05-07T22:49:19","modified_gmt":"2025-05-08T01:49:19","slug":"xi-jinping-e-a-paz-mundial-como-fundamento-da-diplomacia-chinesa","status":"publish","type":"post","link":"https:\/\/diariodepe.com.br\/cri\/2025\/05\/07\/xi-jinping-e-a-paz-mundial-como-fundamento-da-diplomacia-chinesa\/","title":{"rendered":"Xi Jinping e a paz mundial como fundamento da diplomacia chinesa"},"content":{"rendered":"<p><img decoding=\"async\" src=\"https:\/\/38picres.cgtn.com\/photoAlbum\/page\/performance\/img\/2025\/5\/8\/1746668331253_292.jpg\" width=\"100%\" height=\"auto\" \/><\/p>\n<p align=\"justify\"><i>Por Elias Jabbour, professor associado da Faculdade de Ci\u00eancias Econ\u00f4micas da Universidade do Estado do Rio de Janeiro<\/i><i><\/i><\/p>\n<p align=\"justify\">No dia 9 de maio,\u00a0comemoraremos os 80 anos do final da 2\u00aa Guerra Mundial em solo europeu. Moscou \u00e9 sede do maior evento em alus\u00e3o a esta data. Por outro lado, esta cat\u00e1strofe humana foi mundial,\u00a0com a China sendo o grande palco das atrocidades cometidas pelo militarismo japon\u00eas. Foram 35 milh\u00f5es de chineses mortos\u00a0ou feridos\u00a0nesta guerra de ocupa\u00e7\u00e3o e pilhagem. Portanto, \u00e9 chegado o momento de discutirmos a fundo o real significado da luta pela paz mundial.<\/p>\n<p align=\"justify\">A China, uma civiliza\u00e7\u00e3o milenar e caracterizada por uma intensa cultura de paz, desenvolveu filosofias tolerantes e civilizat\u00f3rias. Nunca foi um pa\u00eds expansionista, colonialista ou\u00a0imperialista. \u00a0\u00c9 um\u00a0caso de desenvolvimento sem a necessidade de ocupar pa\u00edses e punir outros povos. Xi Jinping tem,\u00a0recorrentemente,\u00a0utilizado in\u00fameras oportunidades para demonstrar que a luta pela paz mundial depende da busca pelo desenvolvimento comum de todos os povos, do fim de qualquer hegemonismo no campo militar e da coexist\u00eancia e do aprendizado entre as diferentes civiliza\u00e7\u00f5es. Tamb\u00e9m a lembran\u00e7a dos m\u00e1rtires chineses tombados em batalha contra a barb\u00e1rie da guerra \u00e9 uma forma n\u00e3o apenas de recordar o passado, mas tamb\u00e9m de construir uma comunidade\u00a0de\u00a0futuro compartilhado.<\/p>\n<p align=\"justify\">Em seu discurso por ocasi\u00e3o do 70\u00ba anivers\u00e1rio da vit\u00f3ria na guerra de resist\u00eancia do povo chin\u00eas contra a agress\u00e3o japonesa e na guerra antifascista mundial, o presidente chin\u00eas Xi Jinping pontuou: \u201cPela paz, devemos refor\u00e7ar a consci\u00eancia de uma comunidade de futuro compartilhado. O preconceito, a discrimina\u00e7\u00e3o, o \u00f3dio e a guerra provocam apenas desastres e ang\u00fastias, enquanto o respeito m\u00fatuo, a igualdade, o desenvolvimento pac\u00edfico e a prosperidade constituem um caminho correto que todo o mundo deve seguir.\u201d<\/p>\n<p>N\u00e3o se trata de um pronunciamento vazio, mas algo cheio de significado\u00a0diante de um mundo cercado pela incerteza, instabilidade e possibilidade de grandes conflitos. A China, por meio de seu presidente, tem chamado a aten\u00e7\u00e3o para observar a hist\u00f3ria neste presente momento, em que\u00a0a\u00a0militariza\u00e7\u00e3o volta a ganhar for\u00e7a e ideologias reacion\u00e1rias,\u00a0que tentam impor a vontade dos fortes sobre os fracos,\u00a0ganham\u00a0intensidade. A consci\u00eancia de uma comunidade de\u00a0futuro\u00a0compartilhado tem\u00a0se transformado em um corpo te\u00f3rico e filos\u00f3fico criado por Xi Jinping como resposta aos desafios contempor\u00e2neos,\u00a0nos quais\u00a0a paz, o desenvolvimento e a crise clim\u00e1tica passam a ser os grandes temas de nossa \u00e9poca hist\u00f3rica.<\/p>\n<p>Como j\u00e1 exposto acima, a China \u00e9 um exemplo fundamental de um pa\u00eds que tem seu processo de desenvolvimento baseado em suas pr\u00f3prias for\u00e7as, sem a necessidade de ocupar ou\u00a0punir outros povos. Na ocasi\u00e3o do 70\u00ba anivers\u00e1rio da vit\u00f3ria chinesa sobre o militarismo japon\u00eas, o presidente chin\u00eas reiterou esse compromisso:\u00a0\u201cPela paz, a China seguir\u00e1 inabalavelmente o caminho do desenvolvimento pac\u00edfico. A na\u00e7\u00e3o chinesa tem sido sempre amante da paz. N\u00e3o\u00a0importa\u00a0qual\u00a0n\u00edvel\u00a0o\u00a0seu\u00a0desenvolvimento\u00a0alcance,\u00a0a\u00a0China\u00a0jamais buscar\u00e1 a hegemonia nem praticar\u00e1 o expansionismo e jamais\u00a0impor\u00e1 a sua tr\u00e1gica experi\u00eancia a outras na\u00e7\u00f5es. O povo chin\u00eas manter\u00e1 as rela\u00e7\u00f5es amistosas com todos os outros povos do mundo e defender\u00e1 com firmeza os frutos da vit\u00f3ria na Guerra de Resist\u00eancia do Povo\u00a0Chin\u00eas contra a Agress\u00e3o Japonesa e da vit\u00f3ria na Guerra Antifascista Mundial, dando novas e ainda maiores contribui\u00e7\u00f5es para a humanidade.\u201d<\/p>\n<p align=\"justify\">Podemos fazer um interessante exerc\u00edcio hist\u00f3rico e sublinhar que o reconhecimento da Rep\u00fablica Popular da China como a leg\u00edtima representante do povo chin\u00eas, bem como\u00a0\u00a0sua admiss\u00e3o \u00e0 Organiza\u00e7\u00e3o das Na\u00e7\u00f5es Unidas em 1971,\u00a0foram\u00a0parte de um esfor\u00e7o pela paz mundial por parte de in\u00fameros pa\u00edses, desde a Guerra da Coreia que ampliou a tentativa de isolamento da Rep\u00fablica Popular da China pelos Estados Unidos e seus aliados. Por outro lado, in\u00fameros pa\u00edses do que chamamos hoje de \u201cSul Global\u201d foram reconhecendo, um a um, Pequim como a capital de toda a China. \u00c9 irresist\u00edvel\u00a0n\u00e3o relacionar esses acontecimentos com a luta pela justi\u00e7a e pela\u00a0efetiva democracia nas rela\u00e7\u00f5es internacionais. Xi Jinping em discurso comemorativo\u00a0pelo\u00a050\u00ba anivers\u00e1rio da restaura\u00e7\u00e3o do assento leg\u00edtimo da Rep\u00fablica Popular da China na ONU lembrou a todos:\u00a0\u201cA restaura\u00e7\u00e3o do assento leg\u00edtimo da Rep\u00fablica Popular da China na ONU foi um grande evento tanto para o mundo quanto para a ONU. Resultou dos esfor\u00e7os conjuntos de todos os pa\u00edses amantes da paz e adeptos da justi\u00e7a e marcou o retorno do povo chin\u00eas, um quarto da popula\u00e7\u00e3o mundial, ao palco da\u00a0ONU, sendo de grande import\u00e2ncia e de influ\u00eancia de longo alcance para a China e para o mundo inteiro.\u201d<\/p>\n<p align=\"justify\">A hist\u00f3ria \u00e9 t\u00e3o interessante quanto implac\u00e1vel. Atualmente os pa\u00edses que se utilizaram da ONU para infligir preju\u00edzos \u00e0 China s\u00e3o os mesmos que hoje distorcem completamente os princ\u00edpios da Carta da ONU e destroem qualquer possibilidade de um mundo multipolar, marcado pelo multilateralismo. Quis o destino que a Rep\u00fablica Popular da China \u2013 admitida tardiamente \u00e0 ONU \u2013 fosse a principal for\u00e7a na atualidade na luta pela retomada do protagonismo da ONU na defesa da paz e do multilateralismo. Xi Jinping foi preciso ao afirmar que:\u00a0\u201cAs regras internacionais s\u00f3 podem ser feitas em conjunto pelos 193 pa\u00edses-membros da ONU, em vez de serem\u00a0decididas por algum pa\u00eds individual ou algum bloco de pa\u00edses. As regras internacionais devem ser cumpridas por todos os 193 pa\u00edses-membros da ONU;\u00a0n\u00e3o h\u00e1 nem deve haver exce\u00e7\u00e3o. Todos os pa\u00edses devem respeitar a ONU, cuidar desta grande fam\u00edlia e proteg\u00ea-la. De forma alguma devemos aproveit\u00e1-la quando nos conv\u00e9m e descart\u00e1-la quando n\u00e3o atende aos nossos interesses;\u00a0ao contr\u00e1rio, devemos garantir que ela desempenhe um papel mais ativo na nobre causa de promover a paz e o desenvolvimento da humanidade. A China est\u00e1 pronta para trabalhar com os demais pa\u00edses com base no princ\u00edpio de \u2018consulta extensiva, contribui\u00e7\u00e3o conjunta e benef\u00edcios compartilhados\u2019, explorar novas ideias e modelos de coopera\u00e7\u00e3o e enriquecer continuamente a pr\u00e1tica do multilateralismo sob novas circunst\u00e2ncias.\u201d<\/p>\n","protected":false},"excerpt":{"rendered":"<p>Por Elias Jabbour, professor associado da Faculdade de Ci\u00eancias Econ\u00f4micas da Universidade do Estado do Rio de Janeiro No dia 9 de maio,\u00a0comemoraremos os 80 anos do final da 2\u00aa Guerra Mundial em solo europeu. Moscou \u00e9 sede do maior&#8230;<\/p>\n","protected":false},"author":2,"featured_media":0,"comment_status":"open","ping_status":"open","sticky":false,"template":"","format":"standard","meta":{"footnotes":""},"categories":[7],"tags":[],"class_list":["post-8203","post","type-post","status-publish","format-standard","hentry","category-visao"],"yoast_head":"<!-- This site is optimized with the Yoast SEO plugin v27.4 - https:\/\/yoast.com\/product\/yoast-seo-wordpress\/ -->\n<title>Xi Jinping e a paz mundial como fundamento da diplomacia chinesa - CRI e Diario de Pernambuco<\/title>\n<meta name=\"robots\" content=\"index, follow, max-snippet:-1, max-image-preview:large, max-video-preview:-1\" \/>\n<link rel=\"canonical\" href=\"https:\/\/diariodepe.com.br\/cri\/2025\/05\/07\/xi-jinping-e-a-paz-mundial-como-fundamento-da-diplomacia-chinesa\/\" \/>\n<meta property=\"og:locale\" content=\"pt_BR\" \/>\n<meta property=\"og:type\" content=\"article\" \/>\n<meta property=\"og:title\" content=\"Xi Jinping e a paz mundial como fundamento da diplomacia chinesa - CRI e Diario de Pernambuco\" \/>\n<meta property=\"og:description\" content=\"Por Elias Jabbour, professor associado da Faculdade de Ci\u00eancias Econ\u00f4micas da Universidade do Estado do Rio de Janeiro No dia 9 de maio,\u00a0comemoraremos os 80 anos do final da 2\u00aa Guerra Mundial em solo europeu. Moscou \u00e9 sede do maior...\" \/>\n<meta property=\"og:url\" content=\"https:\/\/diariodepe.com.br\/cri\/2025\/05\/07\/xi-jinping-e-a-paz-mundial-como-fundamento-da-diplomacia-chinesa\/\" \/>\n<meta property=\"og:site_name\" content=\"CRI e Diario de Pernambuco\" \/>\n<meta property=\"article:published_time\" content=\"2025-05-08T01:49:19+00:00\" \/>\n<meta property=\"og:image\" content=\"https:\/\/38picres.cgtn.com\/photoAlbum\/page\/performance\/img\/2025\/5\/8\/1746668331253_292.jpg\" \/>\n<meta name=\"author\" content=\"Ismael Lucas S. Pereira\" \/>\n<meta name=\"twitter:card\" content=\"summary_large_image\" \/>\n<meta name=\"twitter:label1\" content=\"Escrito por\" \/>\n\t<meta name=\"twitter:data1\" content=\"Ismael Lucas S. Pereira\" \/>\n\t<meta name=\"twitter:label2\" content=\"Est. tempo de leitura\" \/>\n\t<meta name=\"twitter:data2\" content=\"6 minutos\" \/>\n<script type=\"application\/ld+json\" class=\"yoast-schema-graph\">{\"@context\":\"https:\\\/\\\/schema.org\",\"@graph\":[{\"@type\":\"Article\",\"@id\":\"https:\\\/\\\/diariodepe.com.br\\\/cri\\\/2025\\\/05\\\/07\\\/xi-jinping-e-a-paz-mundial-como-fundamento-da-diplomacia-chinesa\\\/#article\",\"isPartOf\":{\"@id\":\"https:\\\/\\\/diariodepe.com.br\\\/cri\\\/2025\\\/05\\\/07\\\/xi-jinping-e-a-paz-mundial-como-fundamento-da-diplomacia-chinesa\\\/\"},\"author\":{\"name\":\"Ismael Lucas S. Pereira\",\"@id\":\"https:\\\/\\\/diariodepe.com.br\\\/cri\\\/#\\\/schema\\\/person\\\/121bb28d84f1a5b1205ef4ce9c2e0c6b\"},\"headline\":\"Xi Jinping e a paz mundial como fundamento da diplomacia chinesa\",\"datePublished\":\"2025-05-08T01:49:19+00:00\",\"mainEntityOfPage\":{\"@id\":\"https:\\\/\\\/diariodepe.com.br\\\/cri\\\/2025\\\/05\\\/07\\\/xi-jinping-e-a-paz-mundial-como-fundamento-da-diplomacia-chinesa\\\/\"},\"wordCount\":1107,\"commentCount\":0,\"publisher\":{\"@id\":\"https:\\\/\\\/diariodepe.com.br\\\/cri\\\/#organization\"},\"image\":{\"@id\":\"https:\\\/\\\/diariodepe.com.br\\\/cri\\\/2025\\\/05\\\/07\\\/xi-jinping-e-a-paz-mundial-como-fundamento-da-diplomacia-chinesa\\\/#primaryimage\"},\"thumbnailUrl\":\"https:\\\/\\\/38picres.cgtn.com\\\/photoAlbum\\\/page\\\/performance\\\/img\\\/2025\\\/5\\\/8\\\/1746668331253_292.jpg\",\"articleSection\":[\"Vis\u00e3o\"],\"inLanguage\":\"pt-BR\",\"potentialAction\":[{\"@type\":\"CommentAction\",\"name\":\"Comment\",\"target\":[\"https:\\\/\\\/diariodepe.com.br\\\/cri\\\/2025\\\/05\\\/07\\\/xi-jinping-e-a-paz-mundial-como-fundamento-da-diplomacia-chinesa\\\/#respond\"]}]},{\"@type\":\"WebPage\",\"@id\":\"https:\\\/\\\/diariodepe.com.br\\\/cri\\\/2025\\\/05\\\/07\\\/xi-jinping-e-a-paz-mundial-como-fundamento-da-diplomacia-chinesa\\\/\",\"url\":\"https:\\\/\\\/diariodepe.com.br\\\/cri\\\/2025\\\/05\\\/07\\\/xi-jinping-e-a-paz-mundial-como-fundamento-da-diplomacia-chinesa\\\/\",\"name\":\"Xi Jinping e a paz mundial como fundamento da diplomacia chinesa - CRI e Diario de Pernambuco\",\"isPartOf\":{\"@id\":\"https:\\\/\\\/diariodepe.com.br\\\/cri\\\/#website\"},\"primaryImageOfPage\":{\"@id\":\"https:\\\/\\\/diariodepe.com.br\\\/cri\\\/2025\\\/05\\\/07\\\/xi-jinping-e-a-paz-mundial-como-fundamento-da-diplomacia-chinesa\\\/#primaryimage\"},\"image\":{\"@id\":\"https:\\\/\\\/diariodepe.com.br\\\/cri\\\/2025\\\/05\\\/07\\\/xi-jinping-e-a-paz-mundial-como-fundamento-da-diplomacia-chinesa\\\/#primaryimage\"},\"thumbnailUrl\":\"https:\\\/\\\/38picres.cgtn.com\\\/photoAlbum\\\/page\\\/performance\\\/img\\\/2025\\\/5\\\/8\\\/1746668331253_292.jpg\",\"datePublished\":\"2025-05-08T01:49:19+00:00\",\"breadcrumb\":{\"@id\":\"https:\\\/\\\/diariodepe.com.br\\\/cri\\\/2025\\\/05\\\/07\\\/xi-jinping-e-a-paz-mundial-como-fundamento-da-diplomacia-chinesa\\\/#breadcrumb\"},\"inLanguage\":\"pt-BR\",\"potentialAction\":[{\"@type\":\"ReadAction\",\"target\":[\"https:\\\/\\\/diariodepe.com.br\\\/cri\\\/2025\\\/05\\\/07\\\/xi-jinping-e-a-paz-mundial-como-fundamento-da-diplomacia-chinesa\\\/\"]}]},{\"@type\":\"ImageObject\",\"inLanguage\":\"pt-BR\",\"@id\":\"https:\\\/\\\/diariodepe.com.br\\\/cri\\\/2025\\\/05\\\/07\\\/xi-jinping-e-a-paz-mundial-como-fundamento-da-diplomacia-chinesa\\\/#primaryimage\",\"url\":\"https:\\\/\\\/38picres.cgtn.com\\\/photoAlbum\\\/page\\\/performance\\\/img\\\/2025\\\/5\\\/8\\\/1746668331253_292.jpg\",\"contentUrl\":\"https:\\\/\\\/38picres.cgtn.com\\\/photoAlbum\\\/page\\\/performance\\\/img\\\/2025\\\/5\\\/8\\\/1746668331253_292.jpg\"},{\"@type\":\"BreadcrumbList\",\"@id\":\"https:\\\/\\\/diariodepe.com.br\\\/cri\\\/2025\\\/05\\\/07\\\/xi-jinping-e-a-paz-mundial-como-fundamento-da-diplomacia-chinesa\\\/#breadcrumb\",\"itemListElement\":[{\"@type\":\"ListItem\",\"position\":1,\"name\":\"In\u00edcio\",\"item\":\"https:\\\/\\\/diariodepe.com.br\\\/cri\\\/\"},{\"@type\":\"ListItem\",\"position\":2,\"name\":\"Xi Jinping e a paz mundial como fundamento da diplomacia chinesa\"}]},{\"@type\":\"WebSite\",\"@id\":\"https:\\\/\\\/diariodepe.com.br\\\/cri\\\/#website\",\"url\":\"https:\\\/\\\/diariodepe.com.br\\\/cri\\\/\",\"name\":\"CRI e Diario de Pernambuco\",\"description\":\"R\u00e1dio Internacional da China\",\"publisher\":{\"@id\":\"https:\\\/\\\/diariodepe.com.br\\\/cri\\\/#organization\"},\"potentialAction\":[{\"@type\":\"SearchAction\",\"target\":{\"@type\":\"EntryPoint\",\"urlTemplate\":\"https:\\\/\\\/diariodepe.com.br\\\/cri\\\/?s={search_term_string}\"},\"query-input\":{\"@type\":\"PropertyValueSpecification\",\"valueRequired\":true,\"valueName\":\"search_term_string\"}}],\"inLanguage\":\"pt-BR\"},{\"@type\":\"Organization\",\"@id\":\"https:\\\/\\\/diariodepe.com.br\\\/cri\\\/#organization\",\"name\":\"CRI e Diario de Pernambuco\",\"url\":\"https:\\\/\\\/diariodepe.com.br\\\/cri\\\/\",\"logo\":{\"@type\":\"ImageObject\",\"inLanguage\":\"pt-BR\",\"@id\":\"https:\\\/\\\/diariodepe.com.br\\\/cri\\\/#\\\/schema\\\/logo\\\/image\\\/\",\"url\":\"https:\\\/\\\/diariodepe.com.br\\\/cri\\\/wp-content\\\/uploads\\\/sites\\\/2\\\/2022\\\/12\\\/cropped-Logo.jpg\",\"contentUrl\":\"https:\\\/\\\/diariodepe.com.br\\\/cri\\\/wp-content\\\/uploads\\\/sites\\\/2\\\/2022\\\/12\\\/cropped-Logo.jpg\",\"width\":700,\"height\":59,\"caption\":\"CRI e Diario de Pernambuco\"},\"image\":{\"@id\":\"https:\\\/\\\/diariodepe.com.br\\\/cri\\\/#\\\/schema\\\/logo\\\/image\\\/\"}},{\"@type\":\"Person\",\"@id\":\"https:\\\/\\\/diariodepe.com.br\\\/cri\\\/#\\\/schema\\\/person\\\/121bb28d84f1a5b1205ef4ce9c2e0c6b\",\"name\":\"Ismael Lucas S. Pereira\",\"image\":{\"@type\":\"ImageObject\",\"inLanguage\":\"pt-BR\",\"@id\":\"https:\\\/\\\/secure.gravatar.com\\\/avatar\\\/887a0f3b5a7ceea963a48499fb883ffce6b5037362def025c52c2505b15d63e4?s=96&d=mm&r=g\",\"url\":\"https:\\\/\\\/secure.gravatar.com\\\/avatar\\\/887a0f3b5a7ceea963a48499fb883ffce6b5037362def025c52c2505b15d63e4?s=96&d=mm&r=g\",\"contentUrl\":\"https:\\\/\\\/secure.gravatar.com\\\/avatar\\\/887a0f3b5a7ceea963a48499fb883ffce6b5037362def025c52c2505b15d63e4?s=96&d=mm&r=g\",\"caption\":\"Ismael Lucas S. Pereira\"},\"url\":\"https:\\\/\\\/diariodepe.com.br\\\/cri\\\/author\\\/ismael-lucas\\\/\"}]}<\/script>\n<!-- \/ Yoast SEO plugin. -->","yoast_head_json":{"title":"Xi Jinping e a paz mundial como fundamento da diplomacia chinesa - CRI e Diario de Pernambuco","robots":{"index":"index","follow":"follow","max-snippet":"max-snippet:-1","max-image-preview":"max-image-preview:large","max-video-preview":"max-video-preview:-1"},"canonical":"https:\/\/diariodepe.com.br\/cri\/2025\/05\/07\/xi-jinping-e-a-paz-mundial-como-fundamento-da-diplomacia-chinesa\/","og_locale":"pt_BR","og_type":"article","og_title":"Xi Jinping e a paz mundial como fundamento da diplomacia chinesa - CRI e Diario de Pernambuco","og_description":"Por Elias Jabbour, professor associado da Faculdade de Ci\u00eancias Econ\u00f4micas da Universidade do Estado do Rio de Janeiro No dia 9 de maio,\u00a0comemoraremos os 80 anos do final da 2\u00aa Guerra Mundial em solo europeu. Moscou \u00e9 sede do maior...","og_url":"https:\/\/diariodepe.com.br\/cri\/2025\/05\/07\/xi-jinping-e-a-paz-mundial-como-fundamento-da-diplomacia-chinesa\/","og_site_name":"CRI e Diario de Pernambuco","article_published_time":"2025-05-08T01:49:19+00:00","og_image":[{"url":"https:\/\/38picres.cgtn.com\/photoAlbum\/page\/performance\/img\/2025\/5\/8\/1746668331253_292.jpg","type":"","width":"","height":""}],"author":"Ismael Lucas S. Pereira","twitter_card":"summary_large_image","twitter_misc":{"Escrito por":"Ismael Lucas S. Pereira","Est. tempo de leitura":"6 minutos"},"schema":{"@context":"https:\/\/schema.org","@graph":[{"@type":"Article","@id":"https:\/\/diariodepe.com.br\/cri\/2025\/05\/07\/xi-jinping-e-a-paz-mundial-como-fundamento-da-diplomacia-chinesa\/#article","isPartOf":{"@id":"https:\/\/diariodepe.com.br\/cri\/2025\/05\/07\/xi-jinping-e-a-paz-mundial-como-fundamento-da-diplomacia-chinesa\/"},"author":{"name":"Ismael Lucas S. Pereira","@id":"https:\/\/diariodepe.com.br\/cri\/#\/schema\/person\/121bb28d84f1a5b1205ef4ce9c2e0c6b"},"headline":"Xi Jinping e a paz mundial como fundamento da diplomacia chinesa","datePublished":"2025-05-08T01:49:19+00:00","mainEntityOfPage":{"@id":"https:\/\/diariodepe.com.br\/cri\/2025\/05\/07\/xi-jinping-e-a-paz-mundial-como-fundamento-da-diplomacia-chinesa\/"},"wordCount":1107,"commentCount":0,"publisher":{"@id":"https:\/\/diariodepe.com.br\/cri\/#organization"},"image":{"@id":"https:\/\/diariodepe.com.br\/cri\/2025\/05\/07\/xi-jinping-e-a-paz-mundial-como-fundamento-da-diplomacia-chinesa\/#primaryimage"},"thumbnailUrl":"https:\/\/38picres.cgtn.com\/photoAlbum\/page\/performance\/img\/2025\/5\/8\/1746668331253_292.jpg","articleSection":["Vis\u00e3o"],"inLanguage":"pt-BR","potentialAction":[{"@type":"CommentAction","name":"Comment","target":["https:\/\/diariodepe.com.br\/cri\/2025\/05\/07\/xi-jinping-e-a-paz-mundial-como-fundamento-da-diplomacia-chinesa\/#respond"]}]},{"@type":"WebPage","@id":"https:\/\/diariodepe.com.br\/cri\/2025\/05\/07\/xi-jinping-e-a-paz-mundial-como-fundamento-da-diplomacia-chinesa\/","url":"https:\/\/diariodepe.com.br\/cri\/2025\/05\/07\/xi-jinping-e-a-paz-mundial-como-fundamento-da-diplomacia-chinesa\/","name":"Xi Jinping e a paz mundial como fundamento da diplomacia chinesa - CRI e Diario de Pernambuco","isPartOf":{"@id":"https:\/\/diariodepe.com.br\/cri\/#website"},"primaryImageOfPage":{"@id":"https:\/\/diariodepe.com.br\/cri\/2025\/05\/07\/xi-jinping-e-a-paz-mundial-como-fundamento-da-diplomacia-chinesa\/#primaryimage"},"image":{"@id":"https:\/\/diariodepe.com.br\/cri\/2025\/05\/07\/xi-jinping-e-a-paz-mundial-como-fundamento-da-diplomacia-chinesa\/#primaryimage"},"thumbnailUrl":"https:\/\/38picres.cgtn.com\/photoAlbum\/page\/performance\/img\/2025\/5\/8\/1746668331253_292.jpg","datePublished":"2025-05-08T01:49:19+00:00","breadcrumb":{"@id":"https:\/\/diariodepe.com.br\/cri\/2025\/05\/07\/xi-jinping-e-a-paz-mundial-como-fundamento-da-diplomacia-chinesa\/#breadcrumb"},"inLanguage":"pt-BR","potentialAction":[{"@type":"ReadAction","target":["https:\/\/diariodepe.com.br\/cri\/2025\/05\/07\/xi-jinping-e-a-paz-mundial-como-fundamento-da-diplomacia-chinesa\/"]}]},{"@type":"ImageObject","inLanguage":"pt-BR","@id":"https:\/\/diariodepe.com.br\/cri\/2025\/05\/07\/xi-jinping-e-a-paz-mundial-como-fundamento-da-diplomacia-chinesa\/#primaryimage","url":"https:\/\/38picres.cgtn.com\/photoAlbum\/page\/performance\/img\/2025\/5\/8\/1746668331253_292.jpg","contentUrl":"https:\/\/38picres.cgtn.com\/photoAlbum\/page\/performance\/img\/2025\/5\/8\/1746668331253_292.jpg"},{"@type":"BreadcrumbList","@id":"https:\/\/diariodepe.com.br\/cri\/2025\/05\/07\/xi-jinping-e-a-paz-mundial-como-fundamento-da-diplomacia-chinesa\/#breadcrumb","itemListElement":[{"@type":"ListItem","position":1,"name":"In\u00edcio","item":"https:\/\/diariodepe.com.br\/cri\/"},{"@type":"ListItem","position":2,"name":"Xi Jinping e a paz mundial como fundamento da diplomacia chinesa"}]},{"@type":"WebSite","@id":"https:\/\/diariodepe.com.br\/cri\/#website","url":"https:\/\/diariodepe.com.br\/cri\/","name":"CRI e Diario de Pernambuco","description":"R\u00e1dio Internacional da China","publisher":{"@id":"https:\/\/diariodepe.com.br\/cri\/#organization"},"potentialAction":[{"@type":"SearchAction","target":{"@type":"EntryPoint","urlTemplate":"https:\/\/diariodepe.com.br\/cri\/?s={search_term_string}"},"query-input":{"@type":"PropertyValueSpecification","valueRequired":true,"valueName":"search_term_string"}}],"inLanguage":"pt-BR"},{"@type":"Organization","@id":"https:\/\/diariodepe.com.br\/cri\/#organization","name":"CRI e Diario de Pernambuco","url":"https:\/\/diariodepe.com.br\/cri\/","logo":{"@type":"ImageObject","inLanguage":"pt-BR","@id":"https:\/\/diariodepe.com.br\/cri\/#\/schema\/logo\/image\/","url":"https:\/\/diariodepe.com.br\/cri\/wp-content\/uploads\/sites\/2\/2022\/12\/cropped-Logo.jpg","contentUrl":"https:\/\/diariodepe.com.br\/cri\/wp-content\/uploads\/sites\/2\/2022\/12\/cropped-Logo.jpg","width":700,"height":59,"caption":"CRI e Diario de Pernambuco"},"image":{"@id":"https:\/\/diariodepe.com.br\/cri\/#\/schema\/logo\/image\/"}},{"@type":"Person","@id":"https:\/\/diariodepe.com.br\/cri\/#\/schema\/person\/121bb28d84f1a5b1205ef4ce9c2e0c6b","name":"Ismael Lucas S. Pereira","image":{"@type":"ImageObject","inLanguage":"pt-BR","@id":"https:\/\/secure.gravatar.com\/avatar\/887a0f3b5a7ceea963a48499fb883ffce6b5037362def025c52c2505b15d63e4?s=96&d=mm&r=g","url":"https:\/\/secure.gravatar.com\/avatar\/887a0f3b5a7ceea963a48499fb883ffce6b5037362def025c52c2505b15d63e4?s=96&d=mm&r=g","contentUrl":"https:\/\/secure.gravatar.com\/avatar\/887a0f3b5a7ceea963a48499fb883ffce6b5037362def025c52c2505b15d63e4?s=96&d=mm&r=g","caption":"Ismael Lucas S. Pereira"},"url":"https:\/\/diariodepe.com.br\/cri\/author\/ismael-lucas\/"}]}},"cc_featured_image_caption":{"caption_text":false,"source_text":false,"source_url":false},"amp_enabled":true,"_links":{"self":[{"href":"https:\/\/diariodepe.com.br\/cri\/wp-json\/wp\/v2\/posts\/8203","targetHints":{"allow":["GET"]}}],"collection":[{"href":"https:\/\/diariodepe.com.br\/cri\/wp-json\/wp\/v2\/posts"}],"about":[{"href":"https:\/\/diariodepe.com.br\/cri\/wp-json\/wp\/v2\/types\/post"}],"author":[{"embeddable":true,"href":"https:\/\/diariodepe.com.br\/cri\/wp-json\/wp\/v2\/users\/2"}],"replies":[{"embeddable":true,"href":"https:\/\/diariodepe.com.br\/cri\/wp-json\/wp\/v2\/comments?post=8203"}],"version-history":[{"count":1,"href":"https:\/\/diariodepe.com.br\/cri\/wp-json\/wp\/v2\/posts\/8203\/revisions"}],"predecessor-version":[{"id":8204,"href":"https:\/\/diariodepe.com.br\/cri\/wp-json\/wp\/v2\/posts\/8203\/revisions\/8204"}],"wp:attachment":[{"href":"https:\/\/diariodepe.com.br\/cri\/wp-json\/wp\/v2\/media?parent=8203"}],"wp:term":[{"taxonomy":"category","embeddable":true,"href":"https:\/\/diariodepe.com.br\/cri\/wp-json\/wp\/v2\/categories?post=8203"},{"taxonomy":"post_tag","embeddable":true,"href":"https:\/\/diariodepe.com.br\/cri\/wp-json\/wp\/v2\/tags?post=8203"}],"curies":[{"name":"wp","href":"https:\/\/api.w.org\/{rel}","templated":true}]}}