{"id":82,"date":"2022-12-07T00:26:31","date_gmt":"2022-12-07T03:26:31","guid":{"rendered":"https:\/\/diariodepe.com.br\/cri\/?p=82"},"modified":"2022-12-07T00:26:32","modified_gmt":"2022-12-07T03:26:32","slug":"chancelaria-chinesa-comenta-afirmacao-de-olaf-scholz-de-nao-isolar-a-china","status":"publish","type":"post","link":"https:\/\/diariodepe.com.br\/cri\/2022\/12\/07\/chancelaria-chinesa-comenta-afirmacao-de-olaf-scholz-de-nao-isolar-a-china\/","title":{"rendered":"<strong>Chancelaria chinesa comenta afirma\u00e7\u00e3o de Olaf Scholz de n\u00e3o isolar a China<\/strong>"},"content":{"rendered":"\n<p>O chanceler da Alemanha, Olaf Scholz, divulgou recentemente um artigo na revista Foreign Affairs alegando que a ascens\u00e3o da China n\u00e3o \u00e9 motivo para isolar o pa\u00eds nem desculpa para restringir a coopera\u00e7\u00e3o com a segunda maior economia do mundo. Olaf Scholz tamb\u00e9m discordou de uma nova guerra fria e eventual confronto entre a China e os Estados Unidos.&nbsp;<\/p>\n\n\n\n<p>Na coletiva desta ter\u00e7a-feira (6), a porta-voz do Minist\u00e9rio das Rela\u00e7\u00f5es Exteriores chin\u00eas, Mao Ning, comentou que a parte chinesa tomou nota das afirma\u00e7\u00f5es do chanceler alem\u00e3o.&nbsp;<\/p>\n\n\n\n<p>\u201cComo o presidente Xi Jinping salientou durante o encontro com Scholz, a China tem se empenhado em promover a paz mundial com seu pr\u00f3prio desenvolvimento, e os desenvolvimentos chin\u00eas e do mundo est\u00e3o interligados e s\u00e3o mutuamente ben\u00e9ficos\u201d, disse a diplomata. Mao Ning acrescentou que os fatos j\u00e1 promovem o desenvolvimento chin\u00eas como for\u00e7a motriz da paz mundial e do crescimento global.&nbsp;<\/p>\n\n\n\n<p>A porta-voz assinalou que isolar a China e restringir a coopera\u00e7\u00e3o n\u00e3o correspondem aos interesses de nenhuma das partes. No mundo atual, a tend\u00eancia da globaliza\u00e7\u00e3o econ\u00f4mica \u00e9 irrevers\u00edvel e a reciprocidade dos benef\u00edcios \u00e9 almejada por todos.&nbsp;<\/p>\n\n\n\n<p>\u201cA China tem persistido em princ\u00edpios diplom\u00e1ticos de defender a paz mundial e alcan\u00e7ar o desenvolvimento comum\u201d, ressaltou Mao Ning, enfatizando ainda que o pa\u00eds est\u00e1 empenhado em desenvolver coopera\u00e7\u00f5es amig\u00e1veis com todos os outros pa\u00edses.&nbsp;<br><\/p>\n","protected":false},"excerpt":{"rendered":"<p>O chanceler da Alemanha, Olaf Scholz, divulgou recentemente um artigo na revista Foreign Affairs alegando que a ascens\u00e3o da China n\u00e3o \u00e9 motivo para isolar o pa\u00eds nem desculpa para restringir a coopera\u00e7\u00e3o com a segunda maior economia do mundo&#8230;.<\/p>\n","protected":false},"author":2,"featured_media":83,"comment_status":"open","ping_status":"open","sticky":false,"template":"","format":"standard","meta":{"footnotes":""},"categories":[3],"tags":[],"class_list":["post-82","post","type-post","status-publish","format-standard","has-post-thumbnail","hentry","category-china"],"yoast_head":"<!-- This site is optimized with the Yoast SEO plugin v27.4 - https:\/\/yoast.com\/product\/yoast-seo-wordpress\/ -->\n<title>Chancelaria chinesa comenta afirma\u00e7\u00e3o de Olaf Scholz de n\u00e3o isolar a China - CRI e Diario de Pernambuco<\/title>\n<meta name=\"robots\" content=\"index, follow, max-snippet:-1, max-image-preview:large, max-video-preview:-1\" \/>\n<link rel=\"canonical\" href=\"https:\/\/diariodepe.com.br\/cri\/2022\/12\/07\/chancelaria-chinesa-comenta-afirmacao-de-olaf-scholz-de-nao-isolar-a-china\/\" \/>\n<meta property=\"og:locale\" content=\"pt_BR\" \/>\n<meta property=\"og:type\" content=\"article\" \/>\n<meta property=\"og:title\" content=\"Chancelaria chinesa comenta afirma\u00e7\u00e3o de Olaf Scholz de n\u00e3o isolar a China - CRI e Diario de Pernambuco\" \/>\n<meta property=\"og:description\" content=\"O chanceler da Alemanha, Olaf Scholz, divulgou recentemente um artigo na revista Foreign Affairs alegando que a ascens\u00e3o da China n\u00e3o \u00e9 motivo para isolar o pa\u00eds nem desculpa para restringir a coopera\u00e7\u00e3o com a segunda maior economia do mundo....\" \/>\n<meta property=\"og:url\" content=\"https:\/\/diariodepe.com.br\/cri\/2022\/12\/07\/chancelaria-chinesa-comenta-afirmacao-de-olaf-scholz-de-nao-isolar-a-china\/\" \/>\n<meta property=\"og:site_name\" content=\"CRI e Diario de Pernambuco\" \/>\n<meta property=\"article:published_time\" content=\"2022-12-07T03:26:31+00:00\" \/>\n<meta property=\"article:modified_time\" content=\"2022-12-07T03:26:32+00:00\" \/>\n<meta property=\"og:image\" content=\"https:\/\/diariodepe.com.br\/cri\/wp-content\/uploads\/sites\/2\/2022\/12\/2022120620324618600.jpeg\" \/>\n\t<meta property=\"og:image:width\" content=\"1200\" \/>\n\t<meta property=\"og:image:height\" content=\"714\" \/>\n\t<meta property=\"og:image:type\" content=\"image\/jpeg\" \/>\n<meta name=\"author\" content=\"Ismael Lucas S. Pereira\" \/>\n<meta name=\"twitter:card\" content=\"summary_large_image\" \/>\n<meta name=\"twitter:label1\" content=\"Escrito por\" \/>\n\t<meta name=\"twitter:data1\" content=\"Ismael Lucas S. Pereira\" \/>\n\t<meta name=\"twitter:label2\" content=\"Est. tempo de leitura\" \/>\n\t<meta name=\"twitter:data2\" content=\"2 minutos\" \/>\n<script type=\"application\/ld+json\" class=\"yoast-schema-graph\">{\"@context\":\"https:\\\/\\\/schema.org\",\"@graph\":[{\"@type\":\"Article\",\"@id\":\"https:\\\/\\\/diariodepe.com.br\\\/cri\\\/2022\\\/12\\\/07\\\/chancelaria-chinesa-comenta-afirmacao-de-olaf-scholz-de-nao-isolar-a-china\\\/#article\",\"isPartOf\":{\"@id\":\"https:\\\/\\\/diariodepe.com.br\\\/cri\\\/2022\\\/12\\\/07\\\/chancelaria-chinesa-comenta-afirmacao-de-olaf-scholz-de-nao-isolar-a-china\\\/\"},\"author\":{\"name\":\"Ismael Lucas S. Pereira\",\"@id\":\"https:\\\/\\\/diariodepe.com.br\\\/cri\\\/#\\\/schema\\\/person\\\/121bb28d84f1a5b1205ef4ce9c2e0c6b\"},\"headline\":\"Chancelaria chinesa comenta afirma\u00e7\u00e3o de Olaf Scholz de n\u00e3o isolar a China\",\"datePublished\":\"2022-12-07T03:26:31+00:00\",\"dateModified\":\"2022-12-07T03:26:32+00:00\",\"mainEntityOfPage\":{\"@id\":\"https:\\\/\\\/diariodepe.com.br\\\/cri\\\/2022\\\/12\\\/07\\\/chancelaria-chinesa-comenta-afirmacao-de-olaf-scholz-de-nao-isolar-a-china\\\/\"},\"wordCount\":269,\"commentCount\":0,\"publisher\":{\"@id\":\"https:\\\/\\\/diariodepe.com.br\\\/cri\\\/#organization\"},\"image\":{\"@id\":\"https:\\\/\\\/diariodepe.com.br\\\/cri\\\/2022\\\/12\\\/07\\\/chancelaria-chinesa-comenta-afirmacao-de-olaf-scholz-de-nao-isolar-a-china\\\/#primaryimage\"},\"thumbnailUrl\":\"https:\\\/\\\/diariodepe.com.br\\\/cri\\\/wp-content\\\/uploads\\\/sites\\\/2\\\/2022\\\/12\\\/2022120620324618600.jpeg\",\"articleSection\":[\"China\"],\"inLanguage\":\"pt-BR\",\"potentialAction\":[{\"@type\":\"CommentAction\",\"name\":\"Comment\",\"target\":[\"https:\\\/\\\/diariodepe.com.br\\\/cri\\\/2022\\\/12\\\/07\\\/chancelaria-chinesa-comenta-afirmacao-de-olaf-scholz-de-nao-isolar-a-china\\\/#respond\"]}]},{\"@type\":\"WebPage\",\"@id\":\"https:\\\/\\\/diariodepe.com.br\\\/cri\\\/2022\\\/12\\\/07\\\/chancelaria-chinesa-comenta-afirmacao-de-olaf-scholz-de-nao-isolar-a-china\\\/\",\"url\":\"https:\\\/\\\/diariodepe.com.br\\\/cri\\\/2022\\\/12\\\/07\\\/chancelaria-chinesa-comenta-afirmacao-de-olaf-scholz-de-nao-isolar-a-china\\\/\",\"name\":\"Chancelaria chinesa comenta afirma\u00e7\u00e3o de Olaf Scholz de n\u00e3o isolar a China - CRI e Diario de Pernambuco\",\"isPartOf\":{\"@id\":\"https:\\\/\\\/diariodepe.com.br\\\/cri\\\/#website\"},\"primaryImageOfPage\":{\"@id\":\"https:\\\/\\\/diariodepe.com.br\\\/cri\\\/2022\\\/12\\\/07\\\/chancelaria-chinesa-comenta-afirmacao-de-olaf-scholz-de-nao-isolar-a-china\\\/#primaryimage\"},\"image\":{\"@id\":\"https:\\\/\\\/diariodepe.com.br\\\/cri\\\/2022\\\/12\\\/07\\\/chancelaria-chinesa-comenta-afirmacao-de-olaf-scholz-de-nao-isolar-a-china\\\/#primaryimage\"},\"thumbnailUrl\":\"https:\\\/\\\/diariodepe.com.br\\\/cri\\\/wp-content\\\/uploads\\\/sites\\\/2\\\/2022\\\/12\\\/2022120620324618600.jpeg\",\"datePublished\":\"2022-12-07T03:26:31+00:00\",\"dateModified\":\"2022-12-07T03:26:32+00:00\",\"breadcrumb\":{\"@id\":\"https:\\\/\\\/diariodepe.com.br\\\/cri\\\/2022\\\/12\\\/07\\\/chancelaria-chinesa-comenta-afirmacao-de-olaf-scholz-de-nao-isolar-a-china\\\/#breadcrumb\"},\"inLanguage\":\"pt-BR\",\"potentialAction\":[{\"@type\":\"ReadAction\",\"target\":[\"https:\\\/\\\/diariodepe.com.br\\\/cri\\\/2022\\\/12\\\/07\\\/chancelaria-chinesa-comenta-afirmacao-de-olaf-scholz-de-nao-isolar-a-china\\\/\"]}]},{\"@type\":\"ImageObject\",\"inLanguage\":\"pt-BR\",\"@id\":\"https:\\\/\\\/diariodepe.com.br\\\/cri\\\/2022\\\/12\\\/07\\\/chancelaria-chinesa-comenta-afirmacao-de-olaf-scholz-de-nao-isolar-a-china\\\/#primaryimage\",\"url\":\"https:\\\/\\\/diariodepe.com.br\\\/cri\\\/wp-content\\\/uploads\\\/sites\\\/2\\\/2022\\\/12\\\/2022120620324618600.jpeg\",\"contentUrl\":\"https:\\\/\\\/diariodepe.com.br\\\/cri\\\/wp-content\\\/uploads\\\/sites\\\/2\\\/2022\\\/12\\\/2022120620324618600.jpeg\",\"width\":1200,\"height\":714},{\"@type\":\"BreadcrumbList\",\"@id\":\"https:\\\/\\\/diariodepe.com.br\\\/cri\\\/2022\\\/12\\\/07\\\/chancelaria-chinesa-comenta-afirmacao-de-olaf-scholz-de-nao-isolar-a-china\\\/#breadcrumb\",\"itemListElement\":[{\"@type\":\"ListItem\",\"position\":1,\"name\":\"In\u00edcio\",\"item\":\"https:\\\/\\\/diariodepe.com.br\\\/cri\\\/\"},{\"@type\":\"ListItem\",\"position\":2,\"name\":\"Chancelaria chinesa comenta afirma\u00e7\u00e3o de Olaf Scholz de n\u00e3o isolar a China\"}]},{\"@type\":\"WebSite\",\"@id\":\"https:\\\/\\\/diariodepe.com.br\\\/cri\\\/#website\",\"url\":\"https:\\\/\\\/diariodepe.com.br\\\/cri\\\/\",\"name\":\"CRI e Diario de Pernambuco\",\"description\":\"R\u00e1dio Internacional da China\",\"publisher\":{\"@id\":\"https:\\\/\\\/diariodepe.com.br\\\/cri\\\/#organization\"},\"potentialAction\":[{\"@type\":\"SearchAction\",\"target\":{\"@type\":\"EntryPoint\",\"urlTemplate\":\"https:\\\/\\\/diariodepe.com.br\\\/cri\\\/?s={search_term_string}\"},\"query-input\":{\"@type\":\"PropertyValueSpecification\",\"valueRequired\":true,\"valueName\":\"search_term_string\"}}],\"inLanguage\":\"pt-BR\"},{\"@type\":\"Organization\",\"@id\":\"https:\\\/\\\/diariodepe.com.br\\\/cri\\\/#organization\",\"name\":\"CRI e Diario de Pernambuco\",\"url\":\"https:\\\/\\\/diariodepe.com.br\\\/cri\\\/\",\"logo\":{\"@type\":\"ImageObject\",\"inLanguage\":\"pt-BR\",\"@id\":\"https:\\\/\\\/diariodepe.com.br\\\/cri\\\/#\\\/schema\\\/logo\\\/image\\\/\",\"url\":\"https:\\\/\\\/diariodepe.com.br\\\/cri\\\/wp-content\\\/uploads\\\/sites\\\/2\\\/2022\\\/12\\\/cropped-Logo.jpg\",\"contentUrl\":\"https:\\\/\\\/diariodepe.com.br\\\/cri\\\/wp-content\\\/uploads\\\/sites\\\/2\\\/2022\\\/12\\\/cropped-Logo.jpg\",\"width\":700,\"height\":59,\"caption\":\"CRI e Diario de Pernambuco\"},\"image\":{\"@id\":\"https:\\\/\\\/diariodepe.com.br\\\/cri\\\/#\\\/schema\\\/logo\\\/image\\\/\"}},{\"@type\":\"Person\",\"@id\":\"https:\\\/\\\/diariodepe.com.br\\\/cri\\\/#\\\/schema\\\/person\\\/121bb28d84f1a5b1205ef4ce9c2e0c6b\",\"name\":\"Ismael Lucas S. Pereira\",\"image\":{\"@type\":\"ImageObject\",\"inLanguage\":\"pt-BR\",\"@id\":\"https:\\\/\\\/secure.gravatar.com\\\/avatar\\\/887a0f3b5a7ceea963a48499fb883ffce6b5037362def025c52c2505b15d63e4?s=96&d=mm&r=g\",\"url\":\"https:\\\/\\\/secure.gravatar.com\\\/avatar\\\/887a0f3b5a7ceea963a48499fb883ffce6b5037362def025c52c2505b15d63e4?s=96&d=mm&r=g\",\"contentUrl\":\"https:\\\/\\\/secure.gravatar.com\\\/avatar\\\/887a0f3b5a7ceea963a48499fb883ffce6b5037362def025c52c2505b15d63e4?s=96&d=mm&r=g\",\"caption\":\"Ismael Lucas S. Pereira\"},\"url\":\"https:\\\/\\\/diariodepe.com.br\\\/cri\\\/author\\\/ismael-lucas\\\/\"}]}<\/script>\n<!-- \/ Yoast SEO plugin. -->","yoast_head_json":{"title":"Chancelaria chinesa comenta afirma\u00e7\u00e3o de Olaf Scholz de n\u00e3o isolar a China - CRI e Diario de Pernambuco","robots":{"index":"index","follow":"follow","max-snippet":"max-snippet:-1","max-image-preview":"max-image-preview:large","max-video-preview":"max-video-preview:-1"},"canonical":"https:\/\/diariodepe.com.br\/cri\/2022\/12\/07\/chancelaria-chinesa-comenta-afirmacao-de-olaf-scholz-de-nao-isolar-a-china\/","og_locale":"pt_BR","og_type":"article","og_title":"Chancelaria chinesa comenta afirma\u00e7\u00e3o de Olaf Scholz de n\u00e3o isolar a China - CRI e Diario de Pernambuco","og_description":"O chanceler da Alemanha, Olaf Scholz, divulgou recentemente um artigo na revista Foreign Affairs alegando que a ascens\u00e3o da China n\u00e3o \u00e9 motivo para isolar o pa\u00eds nem desculpa para restringir a coopera\u00e7\u00e3o com a segunda maior economia do mundo....","og_url":"https:\/\/diariodepe.com.br\/cri\/2022\/12\/07\/chancelaria-chinesa-comenta-afirmacao-de-olaf-scholz-de-nao-isolar-a-china\/","og_site_name":"CRI e Diario de Pernambuco","article_published_time":"2022-12-07T03:26:31+00:00","article_modified_time":"2022-12-07T03:26:32+00:00","og_image":[{"width":1200,"height":714,"url":"https:\/\/diariodepe.com.br\/cri\/wp-content\/uploads\/sites\/2\/2022\/12\/2022120620324618600.jpeg","type":"image\/jpeg"}],"author":"Ismael Lucas S. Pereira","twitter_card":"summary_large_image","twitter_misc":{"Escrito por":"Ismael Lucas S. Pereira","Est. tempo de leitura":"2 minutos"},"schema":{"@context":"https:\/\/schema.org","@graph":[{"@type":"Article","@id":"https:\/\/diariodepe.com.br\/cri\/2022\/12\/07\/chancelaria-chinesa-comenta-afirmacao-de-olaf-scholz-de-nao-isolar-a-china\/#article","isPartOf":{"@id":"https:\/\/diariodepe.com.br\/cri\/2022\/12\/07\/chancelaria-chinesa-comenta-afirmacao-de-olaf-scholz-de-nao-isolar-a-china\/"},"author":{"name":"Ismael Lucas S. Pereira","@id":"https:\/\/diariodepe.com.br\/cri\/#\/schema\/person\/121bb28d84f1a5b1205ef4ce9c2e0c6b"},"headline":"Chancelaria chinesa comenta afirma\u00e7\u00e3o de Olaf Scholz de n\u00e3o isolar a China","datePublished":"2022-12-07T03:26:31+00:00","dateModified":"2022-12-07T03:26:32+00:00","mainEntityOfPage":{"@id":"https:\/\/diariodepe.com.br\/cri\/2022\/12\/07\/chancelaria-chinesa-comenta-afirmacao-de-olaf-scholz-de-nao-isolar-a-china\/"},"wordCount":269,"commentCount":0,"publisher":{"@id":"https:\/\/diariodepe.com.br\/cri\/#organization"},"image":{"@id":"https:\/\/diariodepe.com.br\/cri\/2022\/12\/07\/chancelaria-chinesa-comenta-afirmacao-de-olaf-scholz-de-nao-isolar-a-china\/#primaryimage"},"thumbnailUrl":"https:\/\/diariodepe.com.br\/cri\/wp-content\/uploads\/sites\/2\/2022\/12\/2022120620324618600.jpeg","articleSection":["China"],"inLanguage":"pt-BR","potentialAction":[{"@type":"CommentAction","name":"Comment","target":["https:\/\/diariodepe.com.br\/cri\/2022\/12\/07\/chancelaria-chinesa-comenta-afirmacao-de-olaf-scholz-de-nao-isolar-a-china\/#respond"]}]},{"@type":"WebPage","@id":"https:\/\/diariodepe.com.br\/cri\/2022\/12\/07\/chancelaria-chinesa-comenta-afirmacao-de-olaf-scholz-de-nao-isolar-a-china\/","url":"https:\/\/diariodepe.com.br\/cri\/2022\/12\/07\/chancelaria-chinesa-comenta-afirmacao-de-olaf-scholz-de-nao-isolar-a-china\/","name":"Chancelaria chinesa comenta afirma\u00e7\u00e3o de Olaf Scholz de n\u00e3o isolar a China - CRI e Diario de Pernambuco","isPartOf":{"@id":"https:\/\/diariodepe.com.br\/cri\/#website"},"primaryImageOfPage":{"@id":"https:\/\/diariodepe.com.br\/cri\/2022\/12\/07\/chancelaria-chinesa-comenta-afirmacao-de-olaf-scholz-de-nao-isolar-a-china\/#primaryimage"},"image":{"@id":"https:\/\/diariodepe.com.br\/cri\/2022\/12\/07\/chancelaria-chinesa-comenta-afirmacao-de-olaf-scholz-de-nao-isolar-a-china\/#primaryimage"},"thumbnailUrl":"https:\/\/diariodepe.com.br\/cri\/wp-content\/uploads\/sites\/2\/2022\/12\/2022120620324618600.jpeg","datePublished":"2022-12-07T03:26:31+00:00","dateModified":"2022-12-07T03:26:32+00:00","breadcrumb":{"@id":"https:\/\/diariodepe.com.br\/cri\/2022\/12\/07\/chancelaria-chinesa-comenta-afirmacao-de-olaf-scholz-de-nao-isolar-a-china\/#breadcrumb"},"inLanguage":"pt-BR","potentialAction":[{"@type":"ReadAction","target":["https:\/\/diariodepe.com.br\/cri\/2022\/12\/07\/chancelaria-chinesa-comenta-afirmacao-de-olaf-scholz-de-nao-isolar-a-china\/"]}]},{"@type":"ImageObject","inLanguage":"pt-BR","@id":"https:\/\/diariodepe.com.br\/cri\/2022\/12\/07\/chancelaria-chinesa-comenta-afirmacao-de-olaf-scholz-de-nao-isolar-a-china\/#primaryimage","url":"https:\/\/diariodepe.com.br\/cri\/wp-content\/uploads\/sites\/2\/2022\/12\/2022120620324618600.jpeg","contentUrl":"https:\/\/diariodepe.com.br\/cri\/wp-content\/uploads\/sites\/2\/2022\/12\/2022120620324618600.jpeg","width":1200,"height":714},{"@type":"BreadcrumbList","@id":"https:\/\/diariodepe.com.br\/cri\/2022\/12\/07\/chancelaria-chinesa-comenta-afirmacao-de-olaf-scholz-de-nao-isolar-a-china\/#breadcrumb","itemListElement":[{"@type":"ListItem","position":1,"name":"In\u00edcio","item":"https:\/\/diariodepe.com.br\/cri\/"},{"@type":"ListItem","position":2,"name":"Chancelaria chinesa comenta afirma\u00e7\u00e3o de Olaf Scholz de n\u00e3o isolar a China"}]},{"@type":"WebSite","@id":"https:\/\/diariodepe.com.br\/cri\/#website","url":"https:\/\/diariodepe.com.br\/cri\/","name":"CRI e Diario de Pernambuco","description":"R\u00e1dio Internacional da China","publisher":{"@id":"https:\/\/diariodepe.com.br\/cri\/#organization"},"potentialAction":[{"@type":"SearchAction","target":{"@type":"EntryPoint","urlTemplate":"https:\/\/diariodepe.com.br\/cri\/?s={search_term_string}"},"query-input":{"@type":"PropertyValueSpecification","valueRequired":true,"valueName":"search_term_string"}}],"inLanguage":"pt-BR"},{"@type":"Organization","@id":"https:\/\/diariodepe.com.br\/cri\/#organization","name":"CRI e Diario de Pernambuco","url":"https:\/\/diariodepe.com.br\/cri\/","logo":{"@type":"ImageObject","inLanguage":"pt-BR","@id":"https:\/\/diariodepe.com.br\/cri\/#\/schema\/logo\/image\/","url":"https:\/\/diariodepe.com.br\/cri\/wp-content\/uploads\/sites\/2\/2022\/12\/cropped-Logo.jpg","contentUrl":"https:\/\/diariodepe.com.br\/cri\/wp-content\/uploads\/sites\/2\/2022\/12\/cropped-Logo.jpg","width":700,"height":59,"caption":"CRI e Diario de Pernambuco"},"image":{"@id":"https:\/\/diariodepe.com.br\/cri\/#\/schema\/logo\/image\/"}},{"@type":"Person","@id":"https:\/\/diariodepe.com.br\/cri\/#\/schema\/person\/121bb28d84f1a5b1205ef4ce9c2e0c6b","name":"Ismael Lucas S. Pereira","image":{"@type":"ImageObject","inLanguage":"pt-BR","@id":"https:\/\/secure.gravatar.com\/avatar\/887a0f3b5a7ceea963a48499fb883ffce6b5037362def025c52c2505b15d63e4?s=96&d=mm&r=g","url":"https:\/\/secure.gravatar.com\/avatar\/887a0f3b5a7ceea963a48499fb883ffce6b5037362def025c52c2505b15d63e4?s=96&d=mm&r=g","contentUrl":"https:\/\/secure.gravatar.com\/avatar\/887a0f3b5a7ceea963a48499fb883ffce6b5037362def025c52c2505b15d63e4?s=96&d=mm&r=g","caption":"Ismael Lucas S. Pereira"},"url":"https:\/\/diariodepe.com.br\/cri\/author\/ismael-lucas\/"}]}},"cc_featured_image_caption":{"caption_text":"","source_text":"","source_url":""},"amp_enabled":true,"_links":{"self":[{"href":"https:\/\/diariodepe.com.br\/cri\/wp-json\/wp\/v2\/posts\/82","targetHints":{"allow":["GET"]}}],"collection":[{"href":"https:\/\/diariodepe.com.br\/cri\/wp-json\/wp\/v2\/posts"}],"about":[{"href":"https:\/\/diariodepe.com.br\/cri\/wp-json\/wp\/v2\/types\/post"}],"author":[{"embeddable":true,"href":"https:\/\/diariodepe.com.br\/cri\/wp-json\/wp\/v2\/users\/2"}],"replies":[{"embeddable":true,"href":"https:\/\/diariodepe.com.br\/cri\/wp-json\/wp\/v2\/comments?post=82"}],"version-history":[{"count":1,"href":"https:\/\/diariodepe.com.br\/cri\/wp-json\/wp\/v2\/posts\/82\/revisions"}],"predecessor-version":[{"id":84,"href":"https:\/\/diariodepe.com.br\/cri\/wp-json\/wp\/v2\/posts\/82\/revisions\/84"}],"wp:featuredmedia":[{"embeddable":true,"href":"https:\/\/diariodepe.com.br\/cri\/wp-json\/wp\/v2\/media\/83"}],"wp:attachment":[{"href":"https:\/\/diariodepe.com.br\/cri\/wp-json\/wp\/v2\/media?parent=82"}],"wp:term":[{"taxonomy":"category","embeddable":true,"href":"https:\/\/diariodepe.com.br\/cri\/wp-json\/wp\/v2\/categories?post=82"},{"taxonomy":"post_tag","embeddable":true,"href":"https:\/\/diariodepe.com.br\/cri\/wp-json\/wp\/v2\/tags?post=82"}],"curies":[{"name":"wp","href":"https:\/\/api.w.org\/{rel}","templated":true}]}}