{"id":8199,"date":"2025-05-07T06:12:00","date_gmt":"2025-05-07T09:12:00","guid":{"rendered":"https:\/\/diariodepe.com.br\/cri\/?p=8199"},"modified":"2025-05-07T06:12:00","modified_gmt":"2025-05-07T09:12:00","slug":"programa-classicos-citados-por-xi-jinping-sera-exibido-na-russia","status":"publish","type":"post","link":"https:\/\/diariodepe.com.br\/cri\/2025\/05\/07\/programa-classicos-citados-por-xi-jinping-sera-exibido-na-russia\/","title":{"rendered":"Programa \u201cCl\u00e1ssicos Citados por Xi Jinping\u201d ser\u00e1 exibido na R\u00fassia"},"content":{"rendered":"<p><img decoding=\"async\" src=\"https:\/\/38picres.cgtn.com\/photoAlbum\/page\/performance\/img\/2025\/5\/7\/1746604840821_555.png\" width=\"100%\" height=\"auto\" \/><\/p>\n<p>Por ocasi\u00e3o da visita de Estado do presidente da China, Xi Jinping, \u00e0 R\u00fassia, o programa\u00a0<i>Cl\u00e1ssicos Citados por Xi Jinping<\/i>\u00a0(vers\u00e3o internacional), produzido pelo Grupo de M\u00eddia da China (CMG), ser\u00e1 exibido a partir desta ter\u00e7a-feira (7), no hor\u00e1rio local, em v\u00e1rias plataformas de m\u00eddia. Os principais ve\u00edculos de comunica\u00e7\u00e3o da regi\u00e3o \u00c1sia-Europa j\u00e1 divulgaram chamadas para o programa, que est\u00e1 ganhando repercuss\u00e3o em todos os c\u00edrculos sociais da R\u00fassia.<\/p>\n<p><img decoding=\"async\" src=\"https:\/\/38picres.cgtn.com\/photoAlbum\/page\/performance\/img\/2025\/5\/7\/1746604851297_783.jpg\" width=\"100%\" height=\"auto\" \/><\/p>\n<p>Com foco em temas importantes como inova\u00e7\u00e3o, prosperidade cultural, diversidade, aprendizado m\u00fatuo entre civiliza\u00e7\u00f5es e educa\u00e7\u00e3o familiar, o programa apresenta uma sele\u00e7\u00e3o cuidadosa dos cl\u00e1ssicos citados por Xi Jinping em seus discursos, artigos e declara\u00e7\u00f5es, demonstrando a sabedoria pol\u00edtica, a filosofia e o nobre sentimento humanit\u00e1rio do l\u00edder chin\u00eas.<\/p>\n<p><img decoding=\"async\" src=\"https:\/\/38picres.cgtn.com\/photoAlbum\/page\/performance\/img\/2025\/5\/7\/1746604859769_740.jpg\" width=\"100%\" height=\"auto\" \/><\/p>\n<p>A partir desta ter\u00e7a-feira, o p\u00f4ster do programa ser\u00e1 exibido na tela da fachada do distrito administrativo central de Moscou.<\/p>\n<p><img decoding=\"async\" src=\"https:\/\/38picres.cgtn.com\/photoAlbum\/page\/performance\/img\/2025\/5\/7\/1746604868566_437.jpg\" width=\"100%\" height=\"auto\" \/><\/p>\n<p>Personalidades de diversos setores da R\u00fassia acreditam que o programa abrir\u00e1 uma janela para que o povo russo aprecie a sabedoria de Xi Jinping sobre governan\u00e7a e conhe\u00e7a a cultural chinesa. Al\u00e9m disso, o programa dever\u00e1 injetar uma for\u00e7a cultural significativa para fortalecer a amizade entre R\u00fassia e China e promover o interc\u00e2mbio amig\u00e1vel entre as duas na\u00e7\u00f5es.<\/p>\n","protected":false},"excerpt":{"rendered":"<p>Por ocasi\u00e3o da visita de Estado do presidente da China, Xi Jinping, \u00e0 R\u00fassia, o programa\u00a0Cl\u00e1ssicos Citados por Xi Jinping\u00a0(vers\u00e3o internacional), produzido pelo Grupo de M\u00eddia da China (CMG), ser\u00e1 exibido a partir desta ter\u00e7a-feira (7), no hor\u00e1rio local, em&#8230;<\/p>\n","protected":false},"author":2,"featured_media":0,"comment_status":"open","ping_status":"open","sticky":false,"template":"","format":"standard","meta":{"footnotes":""},"categories":[8],"tags":[],"class_list":["post-8199","post","type-post","status-publish","format-standard","hentry","category-internacional"],"yoast_head":"<!-- This site is optimized with the Yoast SEO plugin v27.4 - https:\/\/yoast.com\/product\/yoast-seo-wordpress\/ -->\n<title>Programa \u201cCl\u00e1ssicos Citados por Xi Jinping\u201d ser\u00e1 exibido na R\u00fassia - CRI e Diario de Pernambuco<\/title>\n<meta name=\"robots\" content=\"index, follow, max-snippet:-1, max-image-preview:large, max-video-preview:-1\" \/>\n<link rel=\"canonical\" href=\"https:\/\/diariodepe.com.br\/cri\/2025\/05\/07\/programa-classicos-citados-por-xi-jinping-sera-exibido-na-russia\/\" \/>\n<meta property=\"og:locale\" content=\"pt_BR\" \/>\n<meta property=\"og:type\" content=\"article\" \/>\n<meta property=\"og:title\" content=\"Programa \u201cCl\u00e1ssicos Citados por Xi Jinping\u201d ser\u00e1 exibido na R\u00fassia - CRI e Diario de Pernambuco\" \/>\n<meta property=\"og:description\" content=\"Por ocasi\u00e3o da visita de Estado do presidente da China, Xi Jinping, \u00e0 R\u00fassia, o programa\u00a0Cl\u00e1ssicos Citados por Xi Jinping\u00a0(vers\u00e3o internacional), produzido pelo Grupo de M\u00eddia da China (CMG), ser\u00e1 exibido a partir desta ter\u00e7a-feira (7), no hor\u00e1rio local, em...\" \/>\n<meta property=\"og:url\" content=\"https:\/\/diariodepe.com.br\/cri\/2025\/05\/07\/programa-classicos-citados-por-xi-jinping-sera-exibido-na-russia\/\" \/>\n<meta property=\"og:site_name\" content=\"CRI e Diario de Pernambuco\" \/>\n<meta property=\"article:published_time\" content=\"2025-05-07T09:12:00+00:00\" \/>\n<meta property=\"og:image\" content=\"https:\/\/38picres.cgtn.com\/photoAlbum\/page\/performance\/img\/2025\/5\/7\/1746604840821_555.png\" \/>\n<meta name=\"author\" content=\"Ismael Lucas S. Pereira\" \/>\n<meta name=\"twitter:card\" content=\"summary_large_image\" \/>\n<meta name=\"twitter:label1\" content=\"Escrito por\" \/>\n\t<meta name=\"twitter:data1\" content=\"Ismael Lucas S. Pereira\" \/>\n\t<meta name=\"twitter:label2\" content=\"Est. tempo de leitura\" \/>\n\t<meta name=\"twitter:data2\" content=\"2 minutos\" \/>\n<script type=\"application\/ld+json\" class=\"yoast-schema-graph\">{\"@context\":\"https:\\\/\\\/schema.org\",\"@graph\":[{\"@type\":\"Article\",\"@id\":\"https:\\\/\\\/diariodepe.com.br\\\/cri\\\/2025\\\/05\\\/07\\\/programa-classicos-citados-por-xi-jinping-sera-exibido-na-russia\\\/#article\",\"isPartOf\":{\"@id\":\"https:\\\/\\\/diariodepe.com.br\\\/cri\\\/2025\\\/05\\\/07\\\/programa-classicos-citados-por-xi-jinping-sera-exibido-na-russia\\\/\"},\"author\":{\"name\":\"Ismael Lucas S. Pereira\",\"@id\":\"https:\\\/\\\/diariodepe.com.br\\\/cri\\\/#\\\/schema\\\/person\\\/121bb28d84f1a5b1205ef4ce9c2e0c6b\"},\"headline\":\"Programa \u201cCl\u00e1ssicos Citados por Xi Jinping\u201d ser\u00e1 exibido na R\u00fassia\",\"datePublished\":\"2025-05-07T09:12:00+00:00\",\"mainEntityOfPage\":{\"@id\":\"https:\\\/\\\/diariodepe.com.br\\\/cri\\\/2025\\\/05\\\/07\\\/programa-classicos-citados-por-xi-jinping-sera-exibido-na-russia\\\/\"},\"wordCount\":245,\"commentCount\":0,\"publisher\":{\"@id\":\"https:\\\/\\\/diariodepe.com.br\\\/cri\\\/#organization\"},\"image\":{\"@id\":\"https:\\\/\\\/diariodepe.com.br\\\/cri\\\/2025\\\/05\\\/07\\\/programa-classicos-citados-por-xi-jinping-sera-exibido-na-russia\\\/#primaryimage\"},\"thumbnailUrl\":\"https:\\\/\\\/38picres.cgtn.com\\\/photoAlbum\\\/page\\\/performance\\\/img\\\/2025\\\/5\\\/7\\\/1746604840821_555.png\",\"articleSection\":[\"Internacional\"],\"inLanguage\":\"pt-BR\",\"potentialAction\":[{\"@type\":\"CommentAction\",\"name\":\"Comment\",\"target\":[\"https:\\\/\\\/diariodepe.com.br\\\/cri\\\/2025\\\/05\\\/07\\\/programa-classicos-citados-por-xi-jinping-sera-exibido-na-russia\\\/#respond\"]}]},{\"@type\":\"WebPage\",\"@id\":\"https:\\\/\\\/diariodepe.com.br\\\/cri\\\/2025\\\/05\\\/07\\\/programa-classicos-citados-por-xi-jinping-sera-exibido-na-russia\\\/\",\"url\":\"https:\\\/\\\/diariodepe.com.br\\\/cri\\\/2025\\\/05\\\/07\\\/programa-classicos-citados-por-xi-jinping-sera-exibido-na-russia\\\/\",\"name\":\"Programa \u201cCl\u00e1ssicos Citados por Xi Jinping\u201d ser\u00e1 exibido na R\u00fassia - CRI e Diario de Pernambuco\",\"isPartOf\":{\"@id\":\"https:\\\/\\\/diariodepe.com.br\\\/cri\\\/#website\"},\"primaryImageOfPage\":{\"@id\":\"https:\\\/\\\/diariodepe.com.br\\\/cri\\\/2025\\\/05\\\/07\\\/programa-classicos-citados-por-xi-jinping-sera-exibido-na-russia\\\/#primaryimage\"},\"image\":{\"@id\":\"https:\\\/\\\/diariodepe.com.br\\\/cri\\\/2025\\\/05\\\/07\\\/programa-classicos-citados-por-xi-jinping-sera-exibido-na-russia\\\/#primaryimage\"},\"thumbnailUrl\":\"https:\\\/\\\/38picres.cgtn.com\\\/photoAlbum\\\/page\\\/performance\\\/img\\\/2025\\\/5\\\/7\\\/1746604840821_555.png\",\"datePublished\":\"2025-05-07T09:12:00+00:00\",\"breadcrumb\":{\"@id\":\"https:\\\/\\\/diariodepe.com.br\\\/cri\\\/2025\\\/05\\\/07\\\/programa-classicos-citados-por-xi-jinping-sera-exibido-na-russia\\\/#breadcrumb\"},\"inLanguage\":\"pt-BR\",\"potentialAction\":[{\"@type\":\"ReadAction\",\"target\":[\"https:\\\/\\\/diariodepe.com.br\\\/cri\\\/2025\\\/05\\\/07\\\/programa-classicos-citados-por-xi-jinping-sera-exibido-na-russia\\\/\"]}]},{\"@type\":\"ImageObject\",\"inLanguage\":\"pt-BR\",\"@id\":\"https:\\\/\\\/diariodepe.com.br\\\/cri\\\/2025\\\/05\\\/07\\\/programa-classicos-citados-por-xi-jinping-sera-exibido-na-russia\\\/#primaryimage\",\"url\":\"https:\\\/\\\/38picres.cgtn.com\\\/photoAlbum\\\/page\\\/performance\\\/img\\\/2025\\\/5\\\/7\\\/1746604840821_555.png\",\"contentUrl\":\"https:\\\/\\\/38picres.cgtn.com\\\/photoAlbum\\\/page\\\/performance\\\/img\\\/2025\\\/5\\\/7\\\/1746604840821_555.png\"},{\"@type\":\"BreadcrumbList\",\"@id\":\"https:\\\/\\\/diariodepe.com.br\\\/cri\\\/2025\\\/05\\\/07\\\/programa-classicos-citados-por-xi-jinping-sera-exibido-na-russia\\\/#breadcrumb\",\"itemListElement\":[{\"@type\":\"ListItem\",\"position\":1,\"name\":\"In\u00edcio\",\"item\":\"https:\\\/\\\/diariodepe.com.br\\\/cri\\\/\"},{\"@type\":\"ListItem\",\"position\":2,\"name\":\"Programa \u201cCl\u00e1ssicos Citados por Xi Jinping\u201d ser\u00e1 exibido na R\u00fassia\"}]},{\"@type\":\"WebSite\",\"@id\":\"https:\\\/\\\/diariodepe.com.br\\\/cri\\\/#website\",\"url\":\"https:\\\/\\\/diariodepe.com.br\\\/cri\\\/\",\"name\":\"CRI e Diario de Pernambuco\",\"description\":\"R\u00e1dio Internacional da China\",\"publisher\":{\"@id\":\"https:\\\/\\\/diariodepe.com.br\\\/cri\\\/#organization\"},\"potentialAction\":[{\"@type\":\"SearchAction\",\"target\":{\"@type\":\"EntryPoint\",\"urlTemplate\":\"https:\\\/\\\/diariodepe.com.br\\\/cri\\\/?s={search_term_string}\"},\"query-input\":{\"@type\":\"PropertyValueSpecification\",\"valueRequired\":true,\"valueName\":\"search_term_string\"}}],\"inLanguage\":\"pt-BR\"},{\"@type\":\"Organization\",\"@id\":\"https:\\\/\\\/diariodepe.com.br\\\/cri\\\/#organization\",\"name\":\"CRI e Diario de Pernambuco\",\"url\":\"https:\\\/\\\/diariodepe.com.br\\\/cri\\\/\",\"logo\":{\"@type\":\"ImageObject\",\"inLanguage\":\"pt-BR\",\"@id\":\"https:\\\/\\\/diariodepe.com.br\\\/cri\\\/#\\\/schema\\\/logo\\\/image\\\/\",\"url\":\"https:\\\/\\\/diariodepe.com.br\\\/cri\\\/wp-content\\\/uploads\\\/sites\\\/2\\\/2022\\\/12\\\/cropped-Logo.jpg\",\"contentUrl\":\"https:\\\/\\\/diariodepe.com.br\\\/cri\\\/wp-content\\\/uploads\\\/sites\\\/2\\\/2022\\\/12\\\/cropped-Logo.jpg\",\"width\":700,\"height\":59,\"caption\":\"CRI e Diario de Pernambuco\"},\"image\":{\"@id\":\"https:\\\/\\\/diariodepe.com.br\\\/cri\\\/#\\\/schema\\\/logo\\\/image\\\/\"}},{\"@type\":\"Person\",\"@id\":\"https:\\\/\\\/diariodepe.com.br\\\/cri\\\/#\\\/schema\\\/person\\\/121bb28d84f1a5b1205ef4ce9c2e0c6b\",\"name\":\"Ismael Lucas S. Pereira\",\"image\":{\"@type\":\"ImageObject\",\"inLanguage\":\"pt-BR\",\"@id\":\"https:\\\/\\\/secure.gravatar.com\\\/avatar\\\/887a0f3b5a7ceea963a48499fb883ffce6b5037362def025c52c2505b15d63e4?s=96&d=mm&r=g\",\"url\":\"https:\\\/\\\/secure.gravatar.com\\\/avatar\\\/887a0f3b5a7ceea963a48499fb883ffce6b5037362def025c52c2505b15d63e4?s=96&d=mm&r=g\",\"contentUrl\":\"https:\\\/\\\/secure.gravatar.com\\\/avatar\\\/887a0f3b5a7ceea963a48499fb883ffce6b5037362def025c52c2505b15d63e4?s=96&d=mm&r=g\",\"caption\":\"Ismael Lucas S. Pereira\"},\"url\":\"https:\\\/\\\/diariodepe.com.br\\\/cri\\\/author\\\/ismael-lucas\\\/\"}]}<\/script>\n<!-- \/ Yoast SEO plugin. -->","yoast_head_json":{"title":"Programa \u201cCl\u00e1ssicos Citados por Xi Jinping\u201d ser\u00e1 exibido na R\u00fassia - CRI e Diario de Pernambuco","robots":{"index":"index","follow":"follow","max-snippet":"max-snippet:-1","max-image-preview":"max-image-preview:large","max-video-preview":"max-video-preview:-1"},"canonical":"https:\/\/diariodepe.com.br\/cri\/2025\/05\/07\/programa-classicos-citados-por-xi-jinping-sera-exibido-na-russia\/","og_locale":"pt_BR","og_type":"article","og_title":"Programa \u201cCl\u00e1ssicos Citados por Xi Jinping\u201d ser\u00e1 exibido na R\u00fassia - CRI e Diario de Pernambuco","og_description":"Por ocasi\u00e3o da visita de Estado do presidente da China, Xi Jinping, \u00e0 R\u00fassia, o programa\u00a0Cl\u00e1ssicos Citados por Xi Jinping\u00a0(vers\u00e3o internacional), produzido pelo Grupo de M\u00eddia da China (CMG), ser\u00e1 exibido a partir desta ter\u00e7a-feira (7), no hor\u00e1rio local, em...","og_url":"https:\/\/diariodepe.com.br\/cri\/2025\/05\/07\/programa-classicos-citados-por-xi-jinping-sera-exibido-na-russia\/","og_site_name":"CRI e Diario de Pernambuco","article_published_time":"2025-05-07T09:12:00+00:00","og_image":[{"url":"https:\/\/38picres.cgtn.com\/photoAlbum\/page\/performance\/img\/2025\/5\/7\/1746604840821_555.png","type":"","width":"","height":""}],"author":"Ismael Lucas S. Pereira","twitter_card":"summary_large_image","twitter_misc":{"Escrito por":"Ismael Lucas S. Pereira","Est. tempo de leitura":"2 minutos"},"schema":{"@context":"https:\/\/schema.org","@graph":[{"@type":"Article","@id":"https:\/\/diariodepe.com.br\/cri\/2025\/05\/07\/programa-classicos-citados-por-xi-jinping-sera-exibido-na-russia\/#article","isPartOf":{"@id":"https:\/\/diariodepe.com.br\/cri\/2025\/05\/07\/programa-classicos-citados-por-xi-jinping-sera-exibido-na-russia\/"},"author":{"name":"Ismael Lucas S. Pereira","@id":"https:\/\/diariodepe.com.br\/cri\/#\/schema\/person\/121bb28d84f1a5b1205ef4ce9c2e0c6b"},"headline":"Programa \u201cCl\u00e1ssicos Citados por Xi Jinping\u201d ser\u00e1 exibido na R\u00fassia","datePublished":"2025-05-07T09:12:00+00:00","mainEntityOfPage":{"@id":"https:\/\/diariodepe.com.br\/cri\/2025\/05\/07\/programa-classicos-citados-por-xi-jinping-sera-exibido-na-russia\/"},"wordCount":245,"commentCount":0,"publisher":{"@id":"https:\/\/diariodepe.com.br\/cri\/#organization"},"image":{"@id":"https:\/\/diariodepe.com.br\/cri\/2025\/05\/07\/programa-classicos-citados-por-xi-jinping-sera-exibido-na-russia\/#primaryimage"},"thumbnailUrl":"https:\/\/38picres.cgtn.com\/photoAlbum\/page\/performance\/img\/2025\/5\/7\/1746604840821_555.png","articleSection":["Internacional"],"inLanguage":"pt-BR","potentialAction":[{"@type":"CommentAction","name":"Comment","target":["https:\/\/diariodepe.com.br\/cri\/2025\/05\/07\/programa-classicos-citados-por-xi-jinping-sera-exibido-na-russia\/#respond"]}]},{"@type":"WebPage","@id":"https:\/\/diariodepe.com.br\/cri\/2025\/05\/07\/programa-classicos-citados-por-xi-jinping-sera-exibido-na-russia\/","url":"https:\/\/diariodepe.com.br\/cri\/2025\/05\/07\/programa-classicos-citados-por-xi-jinping-sera-exibido-na-russia\/","name":"Programa \u201cCl\u00e1ssicos Citados por Xi Jinping\u201d ser\u00e1 exibido na R\u00fassia - CRI e Diario de Pernambuco","isPartOf":{"@id":"https:\/\/diariodepe.com.br\/cri\/#website"},"primaryImageOfPage":{"@id":"https:\/\/diariodepe.com.br\/cri\/2025\/05\/07\/programa-classicos-citados-por-xi-jinping-sera-exibido-na-russia\/#primaryimage"},"image":{"@id":"https:\/\/diariodepe.com.br\/cri\/2025\/05\/07\/programa-classicos-citados-por-xi-jinping-sera-exibido-na-russia\/#primaryimage"},"thumbnailUrl":"https:\/\/38picres.cgtn.com\/photoAlbum\/page\/performance\/img\/2025\/5\/7\/1746604840821_555.png","datePublished":"2025-05-07T09:12:00+00:00","breadcrumb":{"@id":"https:\/\/diariodepe.com.br\/cri\/2025\/05\/07\/programa-classicos-citados-por-xi-jinping-sera-exibido-na-russia\/#breadcrumb"},"inLanguage":"pt-BR","potentialAction":[{"@type":"ReadAction","target":["https:\/\/diariodepe.com.br\/cri\/2025\/05\/07\/programa-classicos-citados-por-xi-jinping-sera-exibido-na-russia\/"]}]},{"@type":"ImageObject","inLanguage":"pt-BR","@id":"https:\/\/diariodepe.com.br\/cri\/2025\/05\/07\/programa-classicos-citados-por-xi-jinping-sera-exibido-na-russia\/#primaryimage","url":"https:\/\/38picres.cgtn.com\/photoAlbum\/page\/performance\/img\/2025\/5\/7\/1746604840821_555.png","contentUrl":"https:\/\/38picres.cgtn.com\/photoAlbum\/page\/performance\/img\/2025\/5\/7\/1746604840821_555.png"},{"@type":"BreadcrumbList","@id":"https:\/\/diariodepe.com.br\/cri\/2025\/05\/07\/programa-classicos-citados-por-xi-jinping-sera-exibido-na-russia\/#breadcrumb","itemListElement":[{"@type":"ListItem","position":1,"name":"In\u00edcio","item":"https:\/\/diariodepe.com.br\/cri\/"},{"@type":"ListItem","position":2,"name":"Programa \u201cCl\u00e1ssicos Citados por Xi Jinping\u201d ser\u00e1 exibido na R\u00fassia"}]},{"@type":"WebSite","@id":"https:\/\/diariodepe.com.br\/cri\/#website","url":"https:\/\/diariodepe.com.br\/cri\/","name":"CRI e Diario de Pernambuco","description":"R\u00e1dio Internacional da China","publisher":{"@id":"https:\/\/diariodepe.com.br\/cri\/#organization"},"potentialAction":[{"@type":"SearchAction","target":{"@type":"EntryPoint","urlTemplate":"https:\/\/diariodepe.com.br\/cri\/?s={search_term_string}"},"query-input":{"@type":"PropertyValueSpecification","valueRequired":true,"valueName":"search_term_string"}}],"inLanguage":"pt-BR"},{"@type":"Organization","@id":"https:\/\/diariodepe.com.br\/cri\/#organization","name":"CRI e Diario de Pernambuco","url":"https:\/\/diariodepe.com.br\/cri\/","logo":{"@type":"ImageObject","inLanguage":"pt-BR","@id":"https:\/\/diariodepe.com.br\/cri\/#\/schema\/logo\/image\/","url":"https:\/\/diariodepe.com.br\/cri\/wp-content\/uploads\/sites\/2\/2022\/12\/cropped-Logo.jpg","contentUrl":"https:\/\/diariodepe.com.br\/cri\/wp-content\/uploads\/sites\/2\/2022\/12\/cropped-Logo.jpg","width":700,"height":59,"caption":"CRI e Diario de Pernambuco"},"image":{"@id":"https:\/\/diariodepe.com.br\/cri\/#\/schema\/logo\/image\/"}},{"@type":"Person","@id":"https:\/\/diariodepe.com.br\/cri\/#\/schema\/person\/121bb28d84f1a5b1205ef4ce9c2e0c6b","name":"Ismael Lucas S. Pereira","image":{"@type":"ImageObject","inLanguage":"pt-BR","@id":"https:\/\/secure.gravatar.com\/avatar\/887a0f3b5a7ceea963a48499fb883ffce6b5037362def025c52c2505b15d63e4?s=96&d=mm&r=g","url":"https:\/\/secure.gravatar.com\/avatar\/887a0f3b5a7ceea963a48499fb883ffce6b5037362def025c52c2505b15d63e4?s=96&d=mm&r=g","contentUrl":"https:\/\/secure.gravatar.com\/avatar\/887a0f3b5a7ceea963a48499fb883ffce6b5037362def025c52c2505b15d63e4?s=96&d=mm&r=g","caption":"Ismael Lucas S. Pereira"},"url":"https:\/\/diariodepe.com.br\/cri\/author\/ismael-lucas\/"}]}},"cc_featured_image_caption":{"caption_text":false,"source_text":false,"source_url":false},"amp_enabled":true,"_links":{"self":[{"href":"https:\/\/diariodepe.com.br\/cri\/wp-json\/wp\/v2\/posts\/8199","targetHints":{"allow":["GET"]}}],"collection":[{"href":"https:\/\/diariodepe.com.br\/cri\/wp-json\/wp\/v2\/posts"}],"about":[{"href":"https:\/\/diariodepe.com.br\/cri\/wp-json\/wp\/v2\/types\/post"}],"author":[{"embeddable":true,"href":"https:\/\/diariodepe.com.br\/cri\/wp-json\/wp\/v2\/users\/2"}],"replies":[{"embeddable":true,"href":"https:\/\/diariodepe.com.br\/cri\/wp-json\/wp\/v2\/comments?post=8199"}],"version-history":[{"count":1,"href":"https:\/\/diariodepe.com.br\/cri\/wp-json\/wp\/v2\/posts\/8199\/revisions"}],"predecessor-version":[{"id":8200,"href":"https:\/\/diariodepe.com.br\/cri\/wp-json\/wp\/v2\/posts\/8199\/revisions\/8200"}],"wp:attachment":[{"href":"https:\/\/diariodepe.com.br\/cri\/wp-json\/wp\/v2\/media?parent=8199"}],"wp:term":[{"taxonomy":"category","embeddable":true,"href":"https:\/\/diariodepe.com.br\/cri\/wp-json\/wp\/v2\/categories?post=8199"},{"taxonomy":"post_tag","embeddable":true,"href":"https:\/\/diariodepe.com.br\/cri\/wp-json\/wp\/v2\/tags?post=8199"}],"curies":[{"name":"wp","href":"https:\/\/api.w.org\/{rel}","templated":true}]}}