{"id":8167,"date":"2025-04-27T22:51:40","date_gmt":"2025-04-28T01:51:40","guid":{"rendered":"https:\/\/diariodepe.com.br\/cri\/?p=8167"},"modified":"2025-04-27T22:51:40","modified_gmt":"2025-04-28T01:51:40","slug":"centenas-de-pessoas-participam-do-4o-forum-cmg-em-qufu","status":"publish","type":"post","link":"https:\/\/diariodepe.com.br\/cri\/2025\/04\/27\/centenas-de-pessoas-participam-do-4o-forum-cmg-em-qufu\/","title":{"rendered":"Centenas de pessoas participam do 4\u00ba F\u00f3rum CMG em Qufu"},"content":{"rendered":"<p>Cerca de 300 pessoas participaram do 4\u00ba F\u00f3rum CMG em Qufu, cidade da prov\u00edncia de Shandong, nessa sexta-feira (25). Presencialmente ou pela internet, elas discutiram o tema &#8220;Interc\u00e2mbio, Aprendizagem M\u00fatua e Capacita\u00e7\u00e3o Tecnol\u00f3gica: O Poder da Civiliza\u00e7\u00e3o na Transforma\u00e7\u00e3o e no Desenvolvimento&#8221;.<\/p>\n<p><img decoding=\"async\" src=\"https:\/\/38picres.cgtn.com\/photoAlbum\/page\/performance\/img\/2025\/4\/26\/1745672157660_762.jpg\" width=\"100%\" height=\"auto\" \/><\/p>\n<p>O evento foi organizado pelo Grupo de M\u00eddia da China (CMG, em ingl\u00eas) e pelo Governo Popular da Prov\u00edncia de Shandong.<\/p>\n<p><img decoding=\"async\" src=\"https:\/\/38picres.cgtn.com\/photoAlbum\/page\/performance\/img\/2025\/4\/26\/1745672171774_92.jpg\" width=\"100%\" height=\"auto\" \/><\/p>\n<p>O secret\u00e1rio do Comit\u00ea Provincial de Shandong do Partido Comunista da China, Lin Wu, destacou que o presidente Xi Jinping sempre dedicou grande aten\u00e7\u00e3o \u00a0\u00e0 inova\u00e7\u00e3o nos meios de comunica\u00e7\u00e3o. \u00a0Segundo ele, Shandong \u2014 uma das maiores prov\u00edncias em popula\u00e7\u00e3o, economia e cultura \u2014 tem seguido, nos \u00faltimos anos, as orienta\u00e7\u00f5es do l\u00edder chin\u00eas para contar bem as hist\u00f3rias da China e da pr\u00f3pria Shandong.<\/p>\n<p><img decoding=\"async\" src=\"https:\/\/38picres.cgtn.com\/photoAlbum\/page\/performance\/img\/2025\/4\/26\/1745672183418_98.jpg\" width=\"100%\" height=\"auto\" \/><\/p>\n<p>J\u00e1 o presidente do Grupo de M\u00eddia da China, Shen Haixiong, afirmou que o CMG\u00a0 mant\u00e9m firme o compromisso de construir uma plataforma de di\u00e1logo entre civiliza\u00e7\u00f5es, pautada pela abertura e inclus\u00e3o. Para isso, busca integrar ideologia, arte e tecnologia na promo\u00e7\u00e3o da Iniciativa da Civiliza\u00e7\u00e3o Global, proposta pelo presidente Xi Jinping.<\/p>\n<p><img decoding=\"async\" src=\"https:\/\/38picres.cgtn.com\/photoAlbum\/page\/performance\/img\/2025\/4\/26\/1745672193507_249.jpg\" width=\"100%\" height=\"auto\" \/><\/p>\n<p>O presidente do Grupo Bandeirantes de Comunica\u00e7\u00e3o do Brasil, Jo\u00e3o Carlos Saad, mais conhecido por Johnny Saad, disse que a Band e o CMG t\u00eam coopera\u00e7\u00f5es frut\u00edferas, tais como o programa semanal \u201cMundo China\u201d. Agora, as duas corpora\u00e7\u00f5es est\u00e3o aprofundando a coopera\u00e7\u00e3o atrav\u00e9s do modelo \u201caprendizagem m\u00fatua das civiliza\u00e7\u00f5es + compartilhamento das tecnologias\u201d. O objetivo, segundo Saad, \u00e9 tentar estabelecer um novo modo de colabora\u00e7\u00e3o para os ve\u00edculos de imprensa dos pa\u00edses do Sul Global.<\/p>\n","protected":false},"excerpt":{"rendered":"<p>Cerca de 300 pessoas participaram do 4\u00ba F\u00f3rum CMG em Qufu, cidade da prov\u00edncia de Shandong, nessa sexta-feira (25). Presencialmente ou pela internet, elas discutiram o tema &#8220;Interc\u00e2mbio, Aprendizagem M\u00fatua e Capacita\u00e7\u00e3o Tecnol\u00f3gica: O Poder da Civiliza\u00e7\u00e3o na Transforma\u00e7\u00e3o e&#8230;<\/p>\n","protected":false},"author":2,"featured_media":0,"comment_status":"open","ping_status":"open","sticky":false,"template":"","format":"standard","meta":{"footnotes":""},"categories":[3],"tags":[],"class_list":["post-8167","post","type-post","status-publish","format-standard","hentry","category-china"],"yoast_head":"<!-- This site is optimized with the Yoast SEO plugin v27.4 - https:\/\/yoast.com\/product\/yoast-seo-wordpress\/ -->\n<title>Centenas de pessoas participam do 4\u00ba F\u00f3rum CMG em Qufu - CRI e Diario de Pernambuco<\/title>\n<meta name=\"robots\" content=\"index, follow, max-snippet:-1, max-image-preview:large, max-video-preview:-1\" \/>\n<link rel=\"canonical\" href=\"https:\/\/diariodepe.com.br\/cri\/2025\/04\/27\/centenas-de-pessoas-participam-do-4o-forum-cmg-em-qufu\/\" \/>\n<meta property=\"og:locale\" content=\"pt_BR\" \/>\n<meta property=\"og:type\" content=\"article\" \/>\n<meta property=\"og:title\" content=\"Centenas de pessoas participam do 4\u00ba F\u00f3rum CMG em Qufu - CRI e Diario de Pernambuco\" \/>\n<meta property=\"og:description\" content=\"Cerca de 300 pessoas participaram do 4\u00ba F\u00f3rum CMG em Qufu, cidade da prov\u00edncia de Shandong, nessa sexta-feira (25). Presencialmente ou pela internet, elas discutiram o tema &#8220;Interc\u00e2mbio, Aprendizagem M\u00fatua e Capacita\u00e7\u00e3o Tecnol\u00f3gica: O Poder da Civiliza\u00e7\u00e3o na Transforma\u00e7\u00e3o e...\" \/>\n<meta property=\"og:url\" content=\"https:\/\/diariodepe.com.br\/cri\/2025\/04\/27\/centenas-de-pessoas-participam-do-4o-forum-cmg-em-qufu\/\" \/>\n<meta property=\"og:site_name\" content=\"CRI e Diario de Pernambuco\" \/>\n<meta property=\"article:published_time\" content=\"2025-04-28T01:51:40+00:00\" \/>\n<meta property=\"og:image\" content=\"https:\/\/38picres.cgtn.com\/photoAlbum\/page\/performance\/img\/2025\/4\/26\/1745672157660_762.jpg\" \/>\n<meta name=\"author\" content=\"Ismael Lucas S. Pereira\" \/>\n<meta name=\"twitter:card\" content=\"summary_large_image\" \/>\n<meta name=\"twitter:label1\" content=\"Escrito por\" \/>\n\t<meta name=\"twitter:data1\" content=\"Ismael Lucas S. Pereira\" \/>\n<script type=\"application\/ld+json\" class=\"yoast-schema-graph\">{\"@context\":\"https:\\\/\\\/schema.org\",\"@graph\":[{\"@type\":\"Article\",\"@id\":\"https:\\\/\\\/diariodepe.com.br\\\/cri\\\/2025\\\/04\\\/27\\\/centenas-de-pessoas-participam-do-4o-forum-cmg-em-qufu\\\/#article\",\"isPartOf\":{\"@id\":\"https:\\\/\\\/diariodepe.com.br\\\/cri\\\/2025\\\/04\\\/27\\\/centenas-de-pessoas-participam-do-4o-forum-cmg-em-qufu\\\/\"},\"author\":{\"name\":\"Ismael Lucas S. Pereira\",\"@id\":\"https:\\\/\\\/diariodepe.com.br\\\/cri\\\/#\\\/schema\\\/person\\\/121bb28d84f1a5b1205ef4ce9c2e0c6b\"},\"headline\":\"Centenas de pessoas participam do 4\u00ba F\u00f3rum CMG em Qufu\",\"datePublished\":\"2025-04-28T01:51:40+00:00\",\"mainEntityOfPage\":{\"@id\":\"https:\\\/\\\/diariodepe.com.br\\\/cri\\\/2025\\\/04\\\/27\\\/centenas-de-pessoas-participam-do-4o-forum-cmg-em-qufu\\\/\"},\"wordCount\":300,\"commentCount\":0,\"publisher\":{\"@id\":\"https:\\\/\\\/diariodepe.com.br\\\/cri\\\/#organization\"},\"image\":{\"@id\":\"https:\\\/\\\/diariodepe.com.br\\\/cri\\\/2025\\\/04\\\/27\\\/centenas-de-pessoas-participam-do-4o-forum-cmg-em-qufu\\\/#primaryimage\"},\"thumbnailUrl\":\"https:\\\/\\\/38picres.cgtn.com\\\/photoAlbum\\\/page\\\/performance\\\/img\\\/2025\\\/4\\\/26\\\/1745672157660_762.jpg\",\"articleSection\":[\"China\"],\"inLanguage\":\"pt-BR\",\"potentialAction\":[{\"@type\":\"CommentAction\",\"name\":\"Comment\",\"target\":[\"https:\\\/\\\/diariodepe.com.br\\\/cri\\\/2025\\\/04\\\/27\\\/centenas-de-pessoas-participam-do-4o-forum-cmg-em-qufu\\\/#respond\"]}]},{\"@type\":\"WebPage\",\"@id\":\"https:\\\/\\\/diariodepe.com.br\\\/cri\\\/2025\\\/04\\\/27\\\/centenas-de-pessoas-participam-do-4o-forum-cmg-em-qufu\\\/\",\"url\":\"https:\\\/\\\/diariodepe.com.br\\\/cri\\\/2025\\\/04\\\/27\\\/centenas-de-pessoas-participam-do-4o-forum-cmg-em-qufu\\\/\",\"name\":\"Centenas de pessoas participam do 4\u00ba F\u00f3rum CMG em Qufu - CRI e Diario de Pernambuco\",\"isPartOf\":{\"@id\":\"https:\\\/\\\/diariodepe.com.br\\\/cri\\\/#website\"},\"primaryImageOfPage\":{\"@id\":\"https:\\\/\\\/diariodepe.com.br\\\/cri\\\/2025\\\/04\\\/27\\\/centenas-de-pessoas-participam-do-4o-forum-cmg-em-qufu\\\/#primaryimage\"},\"image\":{\"@id\":\"https:\\\/\\\/diariodepe.com.br\\\/cri\\\/2025\\\/04\\\/27\\\/centenas-de-pessoas-participam-do-4o-forum-cmg-em-qufu\\\/#primaryimage\"},\"thumbnailUrl\":\"https:\\\/\\\/38picres.cgtn.com\\\/photoAlbum\\\/page\\\/performance\\\/img\\\/2025\\\/4\\\/26\\\/1745672157660_762.jpg\",\"datePublished\":\"2025-04-28T01:51:40+00:00\",\"breadcrumb\":{\"@id\":\"https:\\\/\\\/diariodepe.com.br\\\/cri\\\/2025\\\/04\\\/27\\\/centenas-de-pessoas-participam-do-4o-forum-cmg-em-qufu\\\/#breadcrumb\"},\"inLanguage\":\"pt-BR\",\"potentialAction\":[{\"@type\":\"ReadAction\",\"target\":[\"https:\\\/\\\/diariodepe.com.br\\\/cri\\\/2025\\\/04\\\/27\\\/centenas-de-pessoas-participam-do-4o-forum-cmg-em-qufu\\\/\"]}]},{\"@type\":\"ImageObject\",\"inLanguage\":\"pt-BR\",\"@id\":\"https:\\\/\\\/diariodepe.com.br\\\/cri\\\/2025\\\/04\\\/27\\\/centenas-de-pessoas-participam-do-4o-forum-cmg-em-qufu\\\/#primaryimage\",\"url\":\"https:\\\/\\\/38picres.cgtn.com\\\/photoAlbum\\\/page\\\/performance\\\/img\\\/2025\\\/4\\\/26\\\/1745672157660_762.jpg\",\"contentUrl\":\"https:\\\/\\\/38picres.cgtn.com\\\/photoAlbum\\\/page\\\/performance\\\/img\\\/2025\\\/4\\\/26\\\/1745672157660_762.jpg\"},{\"@type\":\"BreadcrumbList\",\"@id\":\"https:\\\/\\\/diariodepe.com.br\\\/cri\\\/2025\\\/04\\\/27\\\/centenas-de-pessoas-participam-do-4o-forum-cmg-em-qufu\\\/#breadcrumb\",\"itemListElement\":[{\"@type\":\"ListItem\",\"position\":1,\"name\":\"In\u00edcio\",\"item\":\"https:\\\/\\\/diariodepe.com.br\\\/cri\\\/\"},{\"@type\":\"ListItem\",\"position\":2,\"name\":\"Centenas de pessoas participam do 4\u00ba F\u00f3rum CMG em Qufu\"}]},{\"@type\":\"WebSite\",\"@id\":\"https:\\\/\\\/diariodepe.com.br\\\/cri\\\/#website\",\"url\":\"https:\\\/\\\/diariodepe.com.br\\\/cri\\\/\",\"name\":\"CRI e Diario de Pernambuco\",\"description\":\"R\u00e1dio Internacional da China\",\"publisher\":{\"@id\":\"https:\\\/\\\/diariodepe.com.br\\\/cri\\\/#organization\"},\"potentialAction\":[{\"@type\":\"SearchAction\",\"target\":{\"@type\":\"EntryPoint\",\"urlTemplate\":\"https:\\\/\\\/diariodepe.com.br\\\/cri\\\/?s={search_term_string}\"},\"query-input\":{\"@type\":\"PropertyValueSpecification\",\"valueRequired\":true,\"valueName\":\"search_term_string\"}}],\"inLanguage\":\"pt-BR\"},{\"@type\":\"Organization\",\"@id\":\"https:\\\/\\\/diariodepe.com.br\\\/cri\\\/#organization\",\"name\":\"CRI e Diario de Pernambuco\",\"url\":\"https:\\\/\\\/diariodepe.com.br\\\/cri\\\/\",\"logo\":{\"@type\":\"ImageObject\",\"inLanguage\":\"pt-BR\",\"@id\":\"https:\\\/\\\/diariodepe.com.br\\\/cri\\\/#\\\/schema\\\/logo\\\/image\\\/\",\"url\":\"https:\\\/\\\/diariodepe.com.br\\\/cri\\\/wp-content\\\/uploads\\\/sites\\\/2\\\/2022\\\/12\\\/cropped-Logo.jpg\",\"contentUrl\":\"https:\\\/\\\/diariodepe.com.br\\\/cri\\\/wp-content\\\/uploads\\\/sites\\\/2\\\/2022\\\/12\\\/cropped-Logo.jpg\",\"width\":700,\"height\":59,\"caption\":\"CRI e Diario de Pernambuco\"},\"image\":{\"@id\":\"https:\\\/\\\/diariodepe.com.br\\\/cri\\\/#\\\/schema\\\/logo\\\/image\\\/\"}},{\"@type\":\"Person\",\"@id\":\"https:\\\/\\\/diariodepe.com.br\\\/cri\\\/#\\\/schema\\\/person\\\/121bb28d84f1a5b1205ef4ce9c2e0c6b\",\"name\":\"Ismael Lucas S. Pereira\",\"image\":{\"@type\":\"ImageObject\",\"inLanguage\":\"pt-BR\",\"@id\":\"https:\\\/\\\/secure.gravatar.com\\\/avatar\\\/887a0f3b5a7ceea963a48499fb883ffce6b5037362def025c52c2505b15d63e4?s=96&d=mm&r=g\",\"url\":\"https:\\\/\\\/secure.gravatar.com\\\/avatar\\\/887a0f3b5a7ceea963a48499fb883ffce6b5037362def025c52c2505b15d63e4?s=96&d=mm&r=g\",\"contentUrl\":\"https:\\\/\\\/secure.gravatar.com\\\/avatar\\\/887a0f3b5a7ceea963a48499fb883ffce6b5037362def025c52c2505b15d63e4?s=96&d=mm&r=g\",\"caption\":\"Ismael Lucas S. Pereira\"},\"url\":\"https:\\\/\\\/diariodepe.com.br\\\/cri\\\/author\\\/ismael-lucas\\\/\"}]}<\/script>\n<!-- \/ Yoast SEO plugin. -->","yoast_head_json":{"title":"Centenas de pessoas participam do 4\u00ba F\u00f3rum CMG em Qufu - CRI e Diario de Pernambuco","robots":{"index":"index","follow":"follow","max-snippet":"max-snippet:-1","max-image-preview":"max-image-preview:large","max-video-preview":"max-video-preview:-1"},"canonical":"https:\/\/diariodepe.com.br\/cri\/2025\/04\/27\/centenas-de-pessoas-participam-do-4o-forum-cmg-em-qufu\/","og_locale":"pt_BR","og_type":"article","og_title":"Centenas de pessoas participam do 4\u00ba F\u00f3rum CMG em Qufu - CRI e Diario de Pernambuco","og_description":"Cerca de 300 pessoas participaram do 4\u00ba F\u00f3rum CMG em Qufu, cidade da prov\u00edncia de Shandong, nessa sexta-feira (25). Presencialmente ou pela internet, elas discutiram o tema &#8220;Interc\u00e2mbio, Aprendizagem M\u00fatua e Capacita\u00e7\u00e3o Tecnol\u00f3gica: O Poder da Civiliza\u00e7\u00e3o na Transforma\u00e7\u00e3o e...","og_url":"https:\/\/diariodepe.com.br\/cri\/2025\/04\/27\/centenas-de-pessoas-participam-do-4o-forum-cmg-em-qufu\/","og_site_name":"CRI e Diario de Pernambuco","article_published_time":"2025-04-28T01:51:40+00:00","og_image":[{"url":"https:\/\/38picres.cgtn.com\/photoAlbum\/page\/performance\/img\/2025\/4\/26\/1745672157660_762.jpg","type":"","width":"","height":""}],"author":"Ismael Lucas S. Pereira","twitter_card":"summary_large_image","twitter_misc":{"Escrito por":"Ismael Lucas S. Pereira"},"schema":{"@context":"https:\/\/schema.org","@graph":[{"@type":"Article","@id":"https:\/\/diariodepe.com.br\/cri\/2025\/04\/27\/centenas-de-pessoas-participam-do-4o-forum-cmg-em-qufu\/#article","isPartOf":{"@id":"https:\/\/diariodepe.com.br\/cri\/2025\/04\/27\/centenas-de-pessoas-participam-do-4o-forum-cmg-em-qufu\/"},"author":{"name":"Ismael Lucas S. Pereira","@id":"https:\/\/diariodepe.com.br\/cri\/#\/schema\/person\/121bb28d84f1a5b1205ef4ce9c2e0c6b"},"headline":"Centenas de pessoas participam do 4\u00ba F\u00f3rum CMG em Qufu","datePublished":"2025-04-28T01:51:40+00:00","mainEntityOfPage":{"@id":"https:\/\/diariodepe.com.br\/cri\/2025\/04\/27\/centenas-de-pessoas-participam-do-4o-forum-cmg-em-qufu\/"},"wordCount":300,"commentCount":0,"publisher":{"@id":"https:\/\/diariodepe.com.br\/cri\/#organization"},"image":{"@id":"https:\/\/diariodepe.com.br\/cri\/2025\/04\/27\/centenas-de-pessoas-participam-do-4o-forum-cmg-em-qufu\/#primaryimage"},"thumbnailUrl":"https:\/\/38picres.cgtn.com\/photoAlbum\/page\/performance\/img\/2025\/4\/26\/1745672157660_762.jpg","articleSection":["China"],"inLanguage":"pt-BR","potentialAction":[{"@type":"CommentAction","name":"Comment","target":["https:\/\/diariodepe.com.br\/cri\/2025\/04\/27\/centenas-de-pessoas-participam-do-4o-forum-cmg-em-qufu\/#respond"]}]},{"@type":"WebPage","@id":"https:\/\/diariodepe.com.br\/cri\/2025\/04\/27\/centenas-de-pessoas-participam-do-4o-forum-cmg-em-qufu\/","url":"https:\/\/diariodepe.com.br\/cri\/2025\/04\/27\/centenas-de-pessoas-participam-do-4o-forum-cmg-em-qufu\/","name":"Centenas de pessoas participam do 4\u00ba F\u00f3rum CMG em Qufu - CRI e Diario de Pernambuco","isPartOf":{"@id":"https:\/\/diariodepe.com.br\/cri\/#website"},"primaryImageOfPage":{"@id":"https:\/\/diariodepe.com.br\/cri\/2025\/04\/27\/centenas-de-pessoas-participam-do-4o-forum-cmg-em-qufu\/#primaryimage"},"image":{"@id":"https:\/\/diariodepe.com.br\/cri\/2025\/04\/27\/centenas-de-pessoas-participam-do-4o-forum-cmg-em-qufu\/#primaryimage"},"thumbnailUrl":"https:\/\/38picres.cgtn.com\/photoAlbum\/page\/performance\/img\/2025\/4\/26\/1745672157660_762.jpg","datePublished":"2025-04-28T01:51:40+00:00","breadcrumb":{"@id":"https:\/\/diariodepe.com.br\/cri\/2025\/04\/27\/centenas-de-pessoas-participam-do-4o-forum-cmg-em-qufu\/#breadcrumb"},"inLanguage":"pt-BR","potentialAction":[{"@type":"ReadAction","target":["https:\/\/diariodepe.com.br\/cri\/2025\/04\/27\/centenas-de-pessoas-participam-do-4o-forum-cmg-em-qufu\/"]}]},{"@type":"ImageObject","inLanguage":"pt-BR","@id":"https:\/\/diariodepe.com.br\/cri\/2025\/04\/27\/centenas-de-pessoas-participam-do-4o-forum-cmg-em-qufu\/#primaryimage","url":"https:\/\/38picres.cgtn.com\/photoAlbum\/page\/performance\/img\/2025\/4\/26\/1745672157660_762.jpg","contentUrl":"https:\/\/38picres.cgtn.com\/photoAlbum\/page\/performance\/img\/2025\/4\/26\/1745672157660_762.jpg"},{"@type":"BreadcrumbList","@id":"https:\/\/diariodepe.com.br\/cri\/2025\/04\/27\/centenas-de-pessoas-participam-do-4o-forum-cmg-em-qufu\/#breadcrumb","itemListElement":[{"@type":"ListItem","position":1,"name":"In\u00edcio","item":"https:\/\/diariodepe.com.br\/cri\/"},{"@type":"ListItem","position":2,"name":"Centenas de pessoas participam do 4\u00ba F\u00f3rum CMG em Qufu"}]},{"@type":"WebSite","@id":"https:\/\/diariodepe.com.br\/cri\/#website","url":"https:\/\/diariodepe.com.br\/cri\/","name":"CRI e Diario de Pernambuco","description":"R\u00e1dio Internacional da China","publisher":{"@id":"https:\/\/diariodepe.com.br\/cri\/#organization"},"potentialAction":[{"@type":"SearchAction","target":{"@type":"EntryPoint","urlTemplate":"https:\/\/diariodepe.com.br\/cri\/?s={search_term_string}"},"query-input":{"@type":"PropertyValueSpecification","valueRequired":true,"valueName":"search_term_string"}}],"inLanguage":"pt-BR"},{"@type":"Organization","@id":"https:\/\/diariodepe.com.br\/cri\/#organization","name":"CRI e Diario de Pernambuco","url":"https:\/\/diariodepe.com.br\/cri\/","logo":{"@type":"ImageObject","inLanguage":"pt-BR","@id":"https:\/\/diariodepe.com.br\/cri\/#\/schema\/logo\/image\/","url":"https:\/\/diariodepe.com.br\/cri\/wp-content\/uploads\/sites\/2\/2022\/12\/cropped-Logo.jpg","contentUrl":"https:\/\/diariodepe.com.br\/cri\/wp-content\/uploads\/sites\/2\/2022\/12\/cropped-Logo.jpg","width":700,"height":59,"caption":"CRI e Diario de Pernambuco"},"image":{"@id":"https:\/\/diariodepe.com.br\/cri\/#\/schema\/logo\/image\/"}},{"@type":"Person","@id":"https:\/\/diariodepe.com.br\/cri\/#\/schema\/person\/121bb28d84f1a5b1205ef4ce9c2e0c6b","name":"Ismael Lucas S. Pereira","image":{"@type":"ImageObject","inLanguage":"pt-BR","@id":"https:\/\/secure.gravatar.com\/avatar\/887a0f3b5a7ceea963a48499fb883ffce6b5037362def025c52c2505b15d63e4?s=96&d=mm&r=g","url":"https:\/\/secure.gravatar.com\/avatar\/887a0f3b5a7ceea963a48499fb883ffce6b5037362def025c52c2505b15d63e4?s=96&d=mm&r=g","contentUrl":"https:\/\/secure.gravatar.com\/avatar\/887a0f3b5a7ceea963a48499fb883ffce6b5037362def025c52c2505b15d63e4?s=96&d=mm&r=g","caption":"Ismael Lucas S. Pereira"},"url":"https:\/\/diariodepe.com.br\/cri\/author\/ismael-lucas\/"}]}},"cc_featured_image_caption":{"caption_text":false,"source_text":false,"source_url":false},"amp_enabled":true,"_links":{"self":[{"href":"https:\/\/diariodepe.com.br\/cri\/wp-json\/wp\/v2\/posts\/8167","targetHints":{"allow":["GET"]}}],"collection":[{"href":"https:\/\/diariodepe.com.br\/cri\/wp-json\/wp\/v2\/posts"}],"about":[{"href":"https:\/\/diariodepe.com.br\/cri\/wp-json\/wp\/v2\/types\/post"}],"author":[{"embeddable":true,"href":"https:\/\/diariodepe.com.br\/cri\/wp-json\/wp\/v2\/users\/2"}],"replies":[{"embeddable":true,"href":"https:\/\/diariodepe.com.br\/cri\/wp-json\/wp\/v2\/comments?post=8167"}],"version-history":[{"count":1,"href":"https:\/\/diariodepe.com.br\/cri\/wp-json\/wp\/v2\/posts\/8167\/revisions"}],"predecessor-version":[{"id":8168,"href":"https:\/\/diariodepe.com.br\/cri\/wp-json\/wp\/v2\/posts\/8167\/revisions\/8168"}],"wp:attachment":[{"href":"https:\/\/diariodepe.com.br\/cri\/wp-json\/wp\/v2\/media?parent=8167"}],"wp:term":[{"taxonomy":"category","embeddable":true,"href":"https:\/\/diariodepe.com.br\/cri\/wp-json\/wp\/v2\/categories?post=8167"},{"taxonomy":"post_tag","embeddable":true,"href":"https:\/\/diariodepe.com.br\/cri\/wp-json\/wp\/v2\/tags?post=8167"}],"curies":[{"name":"wp","href":"https:\/\/api.w.org\/{rel}","templated":true}]}}