{"id":8139,"date":"2025-04-18T00:13:45","date_gmt":"2025-04-18T03:13:45","guid":{"rendered":"https:\/\/diariodepe.com.br\/cri\/?p=8139"},"modified":"2025-04-18T00:14:53","modified_gmt":"2025-04-18T03:14:53","slug":"china-e-brasil-inauguram-rota-maritima-expressa-para-expandir-cooperacao-comercial","status":"publish","type":"post","link":"https:\/\/diariodepe.com.br\/cri\/2025\/04\/18\/china-e-brasil-inauguram-rota-maritima-expressa-para-expandir-cooperacao-comercial\/","title":{"rendered":"China e Brasil inauguram rota mar\u00edtima expressa para expandir coopera\u00e7\u00e3o comercial"},"content":{"rendered":"<p style=\"text-align: center;\"><img decoding=\"async\" src=\"https:\/\/38picres.cgtn.com\/photoAlbum\/page\/performance\/img\/2025\/4\/18\/1744944594333_611.jpg\" \/><\/p>\n<p>A rota mar\u00edtima que interliga o Porto de Gaolan, na cidade chinesa de Zhuhai, aos portos brasileiros de Salvador e Santana, sem paradas intermedi\u00e1rias, foi inaugurada no dia 14 de abril. A cerim\u00f4nia de lan\u00e7amento contou a presen\u00e7a do embaixador da China no Brasil, Zhu Qingqiao; do secret\u00e1rio do Comit\u00ea Municipal de Zhuhai do Partido Comunista da China (PCCh), Chen Yong; e de diversas autoridades brasileiras, incluindo o secret\u00e1rio nacional de Hidrovias e Navega\u00e7\u00e3o do Minist\u00e9rio de Portos e Aeroportos, Dino Antunes Dias Batista; o secret\u00e1rio de Desenvolvimento Tecnol\u00f3gico e Inova\u00e7\u00e3o do Minist\u00e9rio da Ci\u00eancia, Tecnologia e Inova\u00e7\u00e3o, Daniel Almeida Filho; e o deputado Daniel Almeida, presidente do Grupo Parlamentar Brasil-China.<\/p>\n<p>A carga do primeiro embarque inclui produtos como eletrodom\u00e9sticos da\u00a0<i>Gree Electric<\/i>, fertilizantes org\u00e2nicos da\u00a0<i>Zhuhai Sino-Lac Supply\u00a0<\/i><i>Chain<\/i>\u00a0e m\u00f3dulos solares da\u00a0<i>ERA Solar<\/i>, destinados \u00e0s cidades brasileiras de Manaus, Bel\u00e9m e Santana.<\/p>\n<p><img decoding=\"async\" src=\"https:\/\/38picres.cgtn.com\/photoAlbum\/page\/performance\/img\/2025\/4\/18\/1744944207513_705.jpg\" \/><\/p>\n<p>Considerada um \u201ccorredor mar\u00edtimo dourado\u201d entre a Grande Ba\u00eda Guangdong-Hong Kong-Macau e o Brasil, a nova rota parte do Porto de Gaolan em Zhuhai, passa pelo Estreito de Malaca e o Cabo da Boa Esperan\u00e7a, chegando aos portos brasileiros de Santana e Salvador. A rota cobre \u00e1reas-chave da minera\u00e7\u00e3o e agricultura do Brasil, bem como o cintur\u00e3o industrial do nordeste, com abrang\u00eancia sobre os mercados emergentes da Am\u00e9rica do Sul. Est\u00e1 prevista, inicialmente, uma frequ\u00eancia bimestral. O trajeto ser\u00e1 30 dias mais curto do que as rotas tradicionais, reduzindo os custos log\u00edsticos em mais de 30%.<\/p>\n<p style=\"text-align: center;\"><img decoding=\"async\" src=\"https:\/\/38picres.cgtn.com\/photoAlbum\/page\/performance\/img\/2025\/4\/18\/1744944859831_183.jpg\" \/><\/p>\n<p>O embaixador Zhu Qingqiao destacou que China e Brasil, como os maiores pa\u00edses em desenvolvimento em seus respectivos hemisf\u00e9rios, s\u00e3o sempre defensores, praticantes e promotores da globaliza\u00e7\u00e3o econ\u00f4mica e do multilateralismo. Atualmente, em um momento de instabilidade global, a intensifica\u00e7\u00e3o da solidariedade e coopera\u00e7\u00e3o entre China e Brasil, entre China e Am\u00e9rica Latina e outros pa\u00edses do Sul Global possui um significado estrat\u00e9gico mais proeminente. A abertura dessa rota mar\u00edtima direta \u00e9 um exemplo vivo que reflete o fortalecimento dos la\u00e7os sino-brasileiros, a promo\u00e7\u00e3o da conectividade e o incentivo ao desenvolvimento conjunto.<\/p>\n<p>O secret\u00e1rio nacional de Hidrovias e Navega\u00e7\u00e3o do Minist\u00e9rio de Portos e Aeroportos, Dino Antunes Dias Batista, classificou o canal como uma \u201crota da esperan\u00e7a\u201d entre China e Brasil, que contribuir\u00e1 para o desenvolvimento socioecon\u00f4mico das regi\u00f5es portu\u00e1rias brasileiras e impulsionar\u00e1 ainda mais a coopera\u00e7\u00e3o comercial bilateral, destacando o papel positivo na promo\u00e7\u00e3o da globaliza\u00e7\u00e3o econ\u00f4mica em um contexto de turbul\u00eancia no com\u00e9rcio internacional.<\/p>\n<p>A nova rota mar\u00edtima tamb\u00e9m proporcionar\u00e1 uma passagem log\u00edstica mais est\u00e1vel e eficiente para a exporta\u00e7\u00e3o de fertilizantes org\u00e2nicos e eletrodom\u00e9sticos da China, reduzindo ainda mais custos de transporte e aumentando a resili\u00eancia e a competitividade das cadeias industriais e de suprimento regionais. Ao mesmo tempo, servir\u00e1 como uma ponte mais conveniente para a entrada de mercadorias brasileiras de alta qualidade, como min\u00e9rio de ferro e produtos agr\u00edcolas, no mercado chin\u00eas, promovendo vigorosamente o com\u00e9rcio e o interc\u00e2mbio cultural entre os dois pa\u00edses.<\/p>\n<p><img decoding=\"async\" src=\"https:\/\/38picres.cgtn.com\/photoAlbum\/page\/performance\/img\/2025\/4\/18\/1744944344271_1.jpg\" \/><\/p>\n<p>\u201cNo futuro, utilizaremos o Porto de Gaolan como um entreposto avan\u00e7ado para transformar a Zona de Desenvolvimento Econ\u00f4mico de Zhuhai e a regi\u00e3o amaz\u00f4nica do Brasil em uma base estrat\u00e9gica para fortalecer a coopera\u00e7\u00e3o econ\u00f4mica complementar entre as duas partes\u201d, explicou o vice-diretor do Departamento de Transportes de Zhuhai, Huang Jianping. \u201cVamos ampliar positivamente as rotas mar\u00edtimas e tornar a rede mais densa. Nosso objetivo \u00e9 transformar o Porto de Gaolan no principal centro de distribui\u00e7\u00e3o para a entrada de produtos sul-americanos na China, aprofundando ainda mais as trocas econ\u00f4micas e comerciais entre China e Brasil, bem como entre China e Am\u00e9rica Latina.<\/p>\n","protected":false},"excerpt":{"rendered":"<p>A rota mar\u00edtima que interliga o Porto de Gaolan, na cidade chinesa de Zhuhai, aos portos brasileiros de Salvador e Santana, sem paradas intermedi\u00e1rias, foi inaugurada no dia 14 de abril. A cerim\u00f4nia de lan\u00e7amento contou a presen\u00e7a do embaixador&#8230;<\/p>\n","protected":false},"author":2,"featured_media":0,"comment_status":"open","ping_status":"open","sticky":false,"template":"","format":"standard","meta":{"footnotes":""},"categories":[3],"tags":[],"class_list":["post-8139","post","type-post","status-publish","format-standard","hentry","category-china"],"yoast_head":"<!-- This site is optimized with the Yoast SEO plugin v27.4 - https:\/\/yoast.com\/product\/yoast-seo-wordpress\/ -->\n<title>China e Brasil inauguram rota mar\u00edtima expressa para expandir coopera\u00e7\u00e3o comercial - CRI e Diario de Pernambuco<\/title>\n<meta name=\"robots\" content=\"index, follow, max-snippet:-1, max-image-preview:large, max-video-preview:-1\" \/>\n<link rel=\"canonical\" href=\"https:\/\/diariodepe.com.br\/cri\/2025\/04\/18\/china-e-brasil-inauguram-rota-maritima-expressa-para-expandir-cooperacao-comercial\/\" \/>\n<meta property=\"og:locale\" content=\"pt_BR\" \/>\n<meta property=\"og:type\" content=\"article\" \/>\n<meta property=\"og:title\" content=\"China e Brasil inauguram rota mar\u00edtima expressa para expandir coopera\u00e7\u00e3o comercial - CRI e Diario de Pernambuco\" \/>\n<meta property=\"og:description\" content=\"A rota mar\u00edtima que interliga o Porto de Gaolan, na cidade chinesa de Zhuhai, aos portos brasileiros de Salvador e Santana, sem paradas intermedi\u00e1rias, foi inaugurada no dia 14 de abril. A cerim\u00f4nia de lan\u00e7amento contou a presen\u00e7a do embaixador...\" \/>\n<meta property=\"og:url\" content=\"https:\/\/diariodepe.com.br\/cri\/2025\/04\/18\/china-e-brasil-inauguram-rota-maritima-expressa-para-expandir-cooperacao-comercial\/\" \/>\n<meta property=\"og:site_name\" content=\"CRI e Diario de Pernambuco\" \/>\n<meta property=\"article:published_time\" content=\"2025-04-18T03:13:45+00:00\" \/>\n<meta property=\"article:modified_time\" content=\"2025-04-18T03:14:53+00:00\" \/>\n<meta property=\"og:image\" content=\"https:\/\/38picres.cgtn.com\/photoAlbum\/page\/performance\/img\/2025\/4\/18\/1744944594333_611.jpg\" \/>\n<meta name=\"author\" content=\"Ismael Lucas S. Pereira\" \/>\n<meta name=\"twitter:card\" content=\"summary_large_image\" \/>\n<meta name=\"twitter:label1\" content=\"Escrito por\" \/>\n\t<meta name=\"twitter:data1\" content=\"Ismael Lucas S. Pereira\" \/>\n\t<meta name=\"twitter:label2\" content=\"Est. tempo de leitura\" \/>\n\t<meta name=\"twitter:data2\" content=\"5 minutos\" \/>\n<script type=\"application\/ld+json\" class=\"yoast-schema-graph\">{\"@context\":\"https:\\\/\\\/schema.org\",\"@graph\":[{\"@type\":\"Article\",\"@id\":\"https:\\\/\\\/diariodepe.com.br\\\/cri\\\/2025\\\/04\\\/18\\\/china-e-brasil-inauguram-rota-maritima-expressa-para-expandir-cooperacao-comercial\\\/#article\",\"isPartOf\":{\"@id\":\"https:\\\/\\\/diariodepe.com.br\\\/cri\\\/2025\\\/04\\\/18\\\/china-e-brasil-inauguram-rota-maritima-expressa-para-expandir-cooperacao-comercial\\\/\"},\"author\":{\"name\":\"Ismael Lucas S. Pereira\",\"@id\":\"https:\\\/\\\/diariodepe.com.br\\\/cri\\\/#\\\/schema\\\/person\\\/121bb28d84f1a5b1205ef4ce9c2e0c6b\"},\"headline\":\"China e Brasil inauguram rota mar\u00edtima expressa para expandir coopera\u00e7\u00e3o comercial\",\"datePublished\":\"2025-04-18T03:13:45+00:00\",\"dateModified\":\"2025-04-18T03:14:53+00:00\",\"mainEntityOfPage\":{\"@id\":\"https:\\\/\\\/diariodepe.com.br\\\/cri\\\/2025\\\/04\\\/18\\\/china-e-brasil-inauguram-rota-maritima-expressa-para-expandir-cooperacao-comercial\\\/\"},\"wordCount\":670,\"commentCount\":0,\"publisher\":{\"@id\":\"https:\\\/\\\/diariodepe.com.br\\\/cri\\\/#organization\"},\"image\":{\"@id\":\"https:\\\/\\\/diariodepe.com.br\\\/cri\\\/2025\\\/04\\\/18\\\/china-e-brasil-inauguram-rota-maritima-expressa-para-expandir-cooperacao-comercial\\\/#primaryimage\"},\"thumbnailUrl\":\"https:\\\/\\\/38picres.cgtn.com\\\/photoAlbum\\\/page\\\/performance\\\/img\\\/2025\\\/4\\\/18\\\/1744944594333_611.jpg\",\"articleSection\":[\"China\"],\"inLanguage\":\"pt-BR\",\"potentialAction\":[{\"@type\":\"CommentAction\",\"name\":\"Comment\",\"target\":[\"https:\\\/\\\/diariodepe.com.br\\\/cri\\\/2025\\\/04\\\/18\\\/china-e-brasil-inauguram-rota-maritima-expressa-para-expandir-cooperacao-comercial\\\/#respond\"]}]},{\"@type\":\"WebPage\",\"@id\":\"https:\\\/\\\/diariodepe.com.br\\\/cri\\\/2025\\\/04\\\/18\\\/china-e-brasil-inauguram-rota-maritima-expressa-para-expandir-cooperacao-comercial\\\/\",\"url\":\"https:\\\/\\\/diariodepe.com.br\\\/cri\\\/2025\\\/04\\\/18\\\/china-e-brasil-inauguram-rota-maritima-expressa-para-expandir-cooperacao-comercial\\\/\",\"name\":\"China e Brasil inauguram rota mar\u00edtima expressa para expandir coopera\u00e7\u00e3o comercial - CRI e Diario de Pernambuco\",\"isPartOf\":{\"@id\":\"https:\\\/\\\/diariodepe.com.br\\\/cri\\\/#website\"},\"primaryImageOfPage\":{\"@id\":\"https:\\\/\\\/diariodepe.com.br\\\/cri\\\/2025\\\/04\\\/18\\\/china-e-brasil-inauguram-rota-maritima-expressa-para-expandir-cooperacao-comercial\\\/#primaryimage\"},\"image\":{\"@id\":\"https:\\\/\\\/diariodepe.com.br\\\/cri\\\/2025\\\/04\\\/18\\\/china-e-brasil-inauguram-rota-maritima-expressa-para-expandir-cooperacao-comercial\\\/#primaryimage\"},\"thumbnailUrl\":\"https:\\\/\\\/38picres.cgtn.com\\\/photoAlbum\\\/page\\\/performance\\\/img\\\/2025\\\/4\\\/18\\\/1744944594333_611.jpg\",\"datePublished\":\"2025-04-18T03:13:45+00:00\",\"dateModified\":\"2025-04-18T03:14:53+00:00\",\"breadcrumb\":{\"@id\":\"https:\\\/\\\/diariodepe.com.br\\\/cri\\\/2025\\\/04\\\/18\\\/china-e-brasil-inauguram-rota-maritima-expressa-para-expandir-cooperacao-comercial\\\/#breadcrumb\"},\"inLanguage\":\"pt-BR\",\"potentialAction\":[{\"@type\":\"ReadAction\",\"target\":[\"https:\\\/\\\/diariodepe.com.br\\\/cri\\\/2025\\\/04\\\/18\\\/china-e-brasil-inauguram-rota-maritima-expressa-para-expandir-cooperacao-comercial\\\/\"]}]},{\"@type\":\"ImageObject\",\"inLanguage\":\"pt-BR\",\"@id\":\"https:\\\/\\\/diariodepe.com.br\\\/cri\\\/2025\\\/04\\\/18\\\/china-e-brasil-inauguram-rota-maritima-expressa-para-expandir-cooperacao-comercial\\\/#primaryimage\",\"url\":\"https:\\\/\\\/38picres.cgtn.com\\\/photoAlbum\\\/page\\\/performance\\\/img\\\/2025\\\/4\\\/18\\\/1744944594333_611.jpg\",\"contentUrl\":\"https:\\\/\\\/38picres.cgtn.com\\\/photoAlbum\\\/page\\\/performance\\\/img\\\/2025\\\/4\\\/18\\\/1744944594333_611.jpg\"},{\"@type\":\"BreadcrumbList\",\"@id\":\"https:\\\/\\\/diariodepe.com.br\\\/cri\\\/2025\\\/04\\\/18\\\/china-e-brasil-inauguram-rota-maritima-expressa-para-expandir-cooperacao-comercial\\\/#breadcrumb\",\"itemListElement\":[{\"@type\":\"ListItem\",\"position\":1,\"name\":\"In\u00edcio\",\"item\":\"https:\\\/\\\/diariodepe.com.br\\\/cri\\\/\"},{\"@type\":\"ListItem\",\"position\":2,\"name\":\"China e Brasil inauguram rota mar\u00edtima expressa para expandir coopera\u00e7\u00e3o comercial\"}]},{\"@type\":\"WebSite\",\"@id\":\"https:\\\/\\\/diariodepe.com.br\\\/cri\\\/#website\",\"url\":\"https:\\\/\\\/diariodepe.com.br\\\/cri\\\/\",\"name\":\"CRI e Diario de Pernambuco\",\"description\":\"R\u00e1dio Internacional da China\",\"publisher\":{\"@id\":\"https:\\\/\\\/diariodepe.com.br\\\/cri\\\/#organization\"},\"potentialAction\":[{\"@type\":\"SearchAction\",\"target\":{\"@type\":\"EntryPoint\",\"urlTemplate\":\"https:\\\/\\\/diariodepe.com.br\\\/cri\\\/?s={search_term_string}\"},\"query-input\":{\"@type\":\"PropertyValueSpecification\",\"valueRequired\":true,\"valueName\":\"search_term_string\"}}],\"inLanguage\":\"pt-BR\"},{\"@type\":\"Organization\",\"@id\":\"https:\\\/\\\/diariodepe.com.br\\\/cri\\\/#organization\",\"name\":\"CRI e Diario de Pernambuco\",\"url\":\"https:\\\/\\\/diariodepe.com.br\\\/cri\\\/\",\"logo\":{\"@type\":\"ImageObject\",\"inLanguage\":\"pt-BR\",\"@id\":\"https:\\\/\\\/diariodepe.com.br\\\/cri\\\/#\\\/schema\\\/logo\\\/image\\\/\",\"url\":\"https:\\\/\\\/diariodepe.com.br\\\/cri\\\/wp-content\\\/uploads\\\/sites\\\/2\\\/2022\\\/12\\\/cropped-Logo.jpg\",\"contentUrl\":\"https:\\\/\\\/diariodepe.com.br\\\/cri\\\/wp-content\\\/uploads\\\/sites\\\/2\\\/2022\\\/12\\\/cropped-Logo.jpg\",\"width\":700,\"height\":59,\"caption\":\"CRI e Diario de Pernambuco\"},\"image\":{\"@id\":\"https:\\\/\\\/diariodepe.com.br\\\/cri\\\/#\\\/schema\\\/logo\\\/image\\\/\"}},{\"@type\":\"Person\",\"@id\":\"https:\\\/\\\/diariodepe.com.br\\\/cri\\\/#\\\/schema\\\/person\\\/121bb28d84f1a5b1205ef4ce9c2e0c6b\",\"name\":\"Ismael Lucas S. Pereira\",\"image\":{\"@type\":\"ImageObject\",\"inLanguage\":\"pt-BR\",\"@id\":\"https:\\\/\\\/secure.gravatar.com\\\/avatar\\\/887a0f3b5a7ceea963a48499fb883ffce6b5037362def025c52c2505b15d63e4?s=96&d=mm&r=g\",\"url\":\"https:\\\/\\\/secure.gravatar.com\\\/avatar\\\/887a0f3b5a7ceea963a48499fb883ffce6b5037362def025c52c2505b15d63e4?s=96&d=mm&r=g\",\"contentUrl\":\"https:\\\/\\\/secure.gravatar.com\\\/avatar\\\/887a0f3b5a7ceea963a48499fb883ffce6b5037362def025c52c2505b15d63e4?s=96&d=mm&r=g\",\"caption\":\"Ismael Lucas S. Pereira\"},\"url\":\"https:\\\/\\\/diariodepe.com.br\\\/cri\\\/author\\\/ismael-lucas\\\/\"}]}<\/script>\n<!-- \/ Yoast SEO plugin. -->","yoast_head_json":{"title":"China e Brasil inauguram rota mar\u00edtima expressa para expandir coopera\u00e7\u00e3o comercial - CRI e Diario de Pernambuco","robots":{"index":"index","follow":"follow","max-snippet":"max-snippet:-1","max-image-preview":"max-image-preview:large","max-video-preview":"max-video-preview:-1"},"canonical":"https:\/\/diariodepe.com.br\/cri\/2025\/04\/18\/china-e-brasil-inauguram-rota-maritima-expressa-para-expandir-cooperacao-comercial\/","og_locale":"pt_BR","og_type":"article","og_title":"China e Brasil inauguram rota mar\u00edtima expressa para expandir coopera\u00e7\u00e3o comercial - CRI e Diario de Pernambuco","og_description":"A rota mar\u00edtima que interliga o Porto de Gaolan, na cidade chinesa de Zhuhai, aos portos brasileiros de Salvador e Santana, sem paradas intermedi\u00e1rias, foi inaugurada no dia 14 de abril. A cerim\u00f4nia de lan\u00e7amento contou a presen\u00e7a do embaixador...","og_url":"https:\/\/diariodepe.com.br\/cri\/2025\/04\/18\/china-e-brasil-inauguram-rota-maritima-expressa-para-expandir-cooperacao-comercial\/","og_site_name":"CRI e Diario de Pernambuco","article_published_time":"2025-04-18T03:13:45+00:00","article_modified_time":"2025-04-18T03:14:53+00:00","og_image":[{"url":"https:\/\/38picres.cgtn.com\/photoAlbum\/page\/performance\/img\/2025\/4\/18\/1744944594333_611.jpg","type":"","width":"","height":""}],"author":"Ismael Lucas S. Pereira","twitter_card":"summary_large_image","twitter_misc":{"Escrito por":"Ismael Lucas S. Pereira","Est. tempo de leitura":"5 minutos"},"schema":{"@context":"https:\/\/schema.org","@graph":[{"@type":"Article","@id":"https:\/\/diariodepe.com.br\/cri\/2025\/04\/18\/china-e-brasil-inauguram-rota-maritima-expressa-para-expandir-cooperacao-comercial\/#article","isPartOf":{"@id":"https:\/\/diariodepe.com.br\/cri\/2025\/04\/18\/china-e-brasil-inauguram-rota-maritima-expressa-para-expandir-cooperacao-comercial\/"},"author":{"name":"Ismael Lucas S. Pereira","@id":"https:\/\/diariodepe.com.br\/cri\/#\/schema\/person\/121bb28d84f1a5b1205ef4ce9c2e0c6b"},"headline":"China e Brasil inauguram rota mar\u00edtima expressa para expandir coopera\u00e7\u00e3o comercial","datePublished":"2025-04-18T03:13:45+00:00","dateModified":"2025-04-18T03:14:53+00:00","mainEntityOfPage":{"@id":"https:\/\/diariodepe.com.br\/cri\/2025\/04\/18\/china-e-brasil-inauguram-rota-maritima-expressa-para-expandir-cooperacao-comercial\/"},"wordCount":670,"commentCount":0,"publisher":{"@id":"https:\/\/diariodepe.com.br\/cri\/#organization"},"image":{"@id":"https:\/\/diariodepe.com.br\/cri\/2025\/04\/18\/china-e-brasil-inauguram-rota-maritima-expressa-para-expandir-cooperacao-comercial\/#primaryimage"},"thumbnailUrl":"https:\/\/38picres.cgtn.com\/photoAlbum\/page\/performance\/img\/2025\/4\/18\/1744944594333_611.jpg","articleSection":["China"],"inLanguage":"pt-BR","potentialAction":[{"@type":"CommentAction","name":"Comment","target":["https:\/\/diariodepe.com.br\/cri\/2025\/04\/18\/china-e-brasil-inauguram-rota-maritima-expressa-para-expandir-cooperacao-comercial\/#respond"]}]},{"@type":"WebPage","@id":"https:\/\/diariodepe.com.br\/cri\/2025\/04\/18\/china-e-brasil-inauguram-rota-maritima-expressa-para-expandir-cooperacao-comercial\/","url":"https:\/\/diariodepe.com.br\/cri\/2025\/04\/18\/china-e-brasil-inauguram-rota-maritima-expressa-para-expandir-cooperacao-comercial\/","name":"China e Brasil inauguram rota mar\u00edtima expressa para expandir coopera\u00e7\u00e3o comercial - CRI e Diario de Pernambuco","isPartOf":{"@id":"https:\/\/diariodepe.com.br\/cri\/#website"},"primaryImageOfPage":{"@id":"https:\/\/diariodepe.com.br\/cri\/2025\/04\/18\/china-e-brasil-inauguram-rota-maritima-expressa-para-expandir-cooperacao-comercial\/#primaryimage"},"image":{"@id":"https:\/\/diariodepe.com.br\/cri\/2025\/04\/18\/china-e-brasil-inauguram-rota-maritima-expressa-para-expandir-cooperacao-comercial\/#primaryimage"},"thumbnailUrl":"https:\/\/38picres.cgtn.com\/photoAlbum\/page\/performance\/img\/2025\/4\/18\/1744944594333_611.jpg","datePublished":"2025-04-18T03:13:45+00:00","dateModified":"2025-04-18T03:14:53+00:00","breadcrumb":{"@id":"https:\/\/diariodepe.com.br\/cri\/2025\/04\/18\/china-e-brasil-inauguram-rota-maritima-expressa-para-expandir-cooperacao-comercial\/#breadcrumb"},"inLanguage":"pt-BR","potentialAction":[{"@type":"ReadAction","target":["https:\/\/diariodepe.com.br\/cri\/2025\/04\/18\/china-e-brasil-inauguram-rota-maritima-expressa-para-expandir-cooperacao-comercial\/"]}]},{"@type":"ImageObject","inLanguage":"pt-BR","@id":"https:\/\/diariodepe.com.br\/cri\/2025\/04\/18\/china-e-brasil-inauguram-rota-maritima-expressa-para-expandir-cooperacao-comercial\/#primaryimage","url":"https:\/\/38picres.cgtn.com\/photoAlbum\/page\/performance\/img\/2025\/4\/18\/1744944594333_611.jpg","contentUrl":"https:\/\/38picres.cgtn.com\/photoAlbum\/page\/performance\/img\/2025\/4\/18\/1744944594333_611.jpg"},{"@type":"BreadcrumbList","@id":"https:\/\/diariodepe.com.br\/cri\/2025\/04\/18\/china-e-brasil-inauguram-rota-maritima-expressa-para-expandir-cooperacao-comercial\/#breadcrumb","itemListElement":[{"@type":"ListItem","position":1,"name":"In\u00edcio","item":"https:\/\/diariodepe.com.br\/cri\/"},{"@type":"ListItem","position":2,"name":"China e Brasil inauguram rota mar\u00edtima expressa para expandir coopera\u00e7\u00e3o comercial"}]},{"@type":"WebSite","@id":"https:\/\/diariodepe.com.br\/cri\/#website","url":"https:\/\/diariodepe.com.br\/cri\/","name":"CRI e Diario de Pernambuco","description":"R\u00e1dio Internacional da China","publisher":{"@id":"https:\/\/diariodepe.com.br\/cri\/#organization"},"potentialAction":[{"@type":"SearchAction","target":{"@type":"EntryPoint","urlTemplate":"https:\/\/diariodepe.com.br\/cri\/?s={search_term_string}"},"query-input":{"@type":"PropertyValueSpecification","valueRequired":true,"valueName":"search_term_string"}}],"inLanguage":"pt-BR"},{"@type":"Organization","@id":"https:\/\/diariodepe.com.br\/cri\/#organization","name":"CRI e Diario de Pernambuco","url":"https:\/\/diariodepe.com.br\/cri\/","logo":{"@type":"ImageObject","inLanguage":"pt-BR","@id":"https:\/\/diariodepe.com.br\/cri\/#\/schema\/logo\/image\/","url":"https:\/\/diariodepe.com.br\/cri\/wp-content\/uploads\/sites\/2\/2022\/12\/cropped-Logo.jpg","contentUrl":"https:\/\/diariodepe.com.br\/cri\/wp-content\/uploads\/sites\/2\/2022\/12\/cropped-Logo.jpg","width":700,"height":59,"caption":"CRI e Diario de Pernambuco"},"image":{"@id":"https:\/\/diariodepe.com.br\/cri\/#\/schema\/logo\/image\/"}},{"@type":"Person","@id":"https:\/\/diariodepe.com.br\/cri\/#\/schema\/person\/121bb28d84f1a5b1205ef4ce9c2e0c6b","name":"Ismael Lucas S. Pereira","image":{"@type":"ImageObject","inLanguage":"pt-BR","@id":"https:\/\/secure.gravatar.com\/avatar\/887a0f3b5a7ceea963a48499fb883ffce6b5037362def025c52c2505b15d63e4?s=96&d=mm&r=g","url":"https:\/\/secure.gravatar.com\/avatar\/887a0f3b5a7ceea963a48499fb883ffce6b5037362def025c52c2505b15d63e4?s=96&d=mm&r=g","contentUrl":"https:\/\/secure.gravatar.com\/avatar\/887a0f3b5a7ceea963a48499fb883ffce6b5037362def025c52c2505b15d63e4?s=96&d=mm&r=g","caption":"Ismael Lucas S. Pereira"},"url":"https:\/\/diariodepe.com.br\/cri\/author\/ismael-lucas\/"}]}},"cc_featured_image_caption":{"caption_text":false,"source_text":false,"source_url":false},"amp_enabled":true,"_links":{"self":[{"href":"https:\/\/diariodepe.com.br\/cri\/wp-json\/wp\/v2\/posts\/8139","targetHints":{"allow":["GET"]}}],"collection":[{"href":"https:\/\/diariodepe.com.br\/cri\/wp-json\/wp\/v2\/posts"}],"about":[{"href":"https:\/\/diariodepe.com.br\/cri\/wp-json\/wp\/v2\/types\/post"}],"author":[{"embeddable":true,"href":"https:\/\/diariodepe.com.br\/cri\/wp-json\/wp\/v2\/users\/2"}],"replies":[{"embeddable":true,"href":"https:\/\/diariodepe.com.br\/cri\/wp-json\/wp\/v2\/comments?post=8139"}],"version-history":[{"count":2,"href":"https:\/\/diariodepe.com.br\/cri\/wp-json\/wp\/v2\/posts\/8139\/revisions"}],"predecessor-version":[{"id":8141,"href":"https:\/\/diariodepe.com.br\/cri\/wp-json\/wp\/v2\/posts\/8139\/revisions\/8141"}],"wp:attachment":[{"href":"https:\/\/diariodepe.com.br\/cri\/wp-json\/wp\/v2\/media?parent=8139"}],"wp:term":[{"taxonomy":"category","embeddable":true,"href":"https:\/\/diariodepe.com.br\/cri\/wp-json\/wp\/v2\/categories?post=8139"},{"taxonomy":"post_tag","embeddable":true,"href":"https:\/\/diariodepe.com.br\/cri\/wp-json\/wp\/v2\/tags?post=8139"}],"curies":[{"name":"wp","href":"https:\/\/api.w.org\/{rel}","templated":true}]}}