{"id":8133,"date":"2025-04-17T05:41:53","date_gmt":"2025-04-17T08:41:53","guid":{"rendered":"https:\/\/diariodepe.com.br\/cri\/?p=8133"},"modified":"2025-04-17T23:41:22","modified_gmt":"2025-04-18T02:41:22","slug":"o-futuro-da-europae-de-portugal-riscos-e-desafios","status":"publish","type":"post","link":"https:\/\/diariodepe.com.br\/cri\/2025\/04\/17\/o-futuro-da-europae-de-portugal-riscos-e-desafios\/","title":{"rendered":"O futuro da Europa e de Portugal, riscos e desafios"},"content":{"rendered":"<p><img decoding=\"async\" src=\"https:\/\/38picres.cgtn.com\/photoAlbum\/page\/performance\/img\/2025\/4\/17\/1744872101452_154.png\" width=\"100%\" height=\"auto\" \/><\/p>\n<p>A Confedera\u00e7\u00e3o do Com\u00e9rcio e Servi\u00e7os de Portugal (CCP), que filia cerca de uma centena de associa\u00e7\u00f5es, distribu\u00eddas em tr\u00eas categorias: Regionais, Sectoriais e de Servi\u00e7os, realizou, em 9 de abril, uma Confer\u00eancia, sobre o \u201cO Futuro da Europa\u2026e de Portugal, Riscos e Desafios\u201d. Atrav\u00e9s das suas associa\u00e7\u00f5es, a CCP representa mais de 200 mil empresas, gerando 1,4 milh\u00f5es de postos de trabalho.<\/p>\n<p>O foco do debate foi o Relat\u00f3rio Draghi e as taxas impostas pelo governo dos EUA, unanimemente consideradas como um imposto descarregado sobre as na\u00e7\u00f5es e os cidad\u00e3os; e o papel de Portugal no \u00e2mbito da Uni\u00e3o Europeia e dos Pa\u00edses de L\u00edngua Portuguesa, das rela\u00e7\u00f5es com o Sul Global, a China e o F\u00f3rum para a Coopera\u00e7\u00e3o Econ\u00f3mica e Comercial entre a China e os Pa\u00edses de L\u00edngua Portuguesa (F\u00f3rum de Macau), no sentido de fazer ouvir a voz do mundo empresarial.<\/p>\n<p>Das interven\u00e7\u00f5es e do debate, podemos evidenciar que a import\u00e2ncia de refor\u00e7ar as rela\u00e7\u00f5es com a China representou uma ideia consensual. Esta tomada de consci\u00eancia tem sido objeto de recentes e m\u00faltiplas declara\u00e7\u00f5es pol\u00edticas na comunica\u00e7\u00e3o social e nelas se destaca a do antigo ministro da Economia e do Mar, Ant\u00f3nio Costa e Silva (2020), respons\u00e1vel pelo Plano de Recupera\u00e7\u00e3o Econ\u00f3mica de Portugal 2020-2030, que preconizou mesmo \u201ca viragem\u201d para a coopera\u00e7\u00e3o com a China.<\/p>\n<p>Na confer\u00eancia emergiram ideias inovadoras que v\u00e3o fazer o seu caminho na na\u00e7\u00e3o portuguesa e nos pa\u00edses que partilham a sua l\u00edngua e cultura, as quais, na opini\u00e3o do autor desta cr\u00f3nica, convergem com a vis\u00e3o da China para um futuro comum da humanidade e uma Nova Era de paz e coopera\u00e7\u00e3o. A paz como condi\u00e7\u00e3o da coopera\u00e7\u00e3o, a coopera\u00e7\u00e3o como um instrumento que consolida e pavimenta o caminho pac\u00edfico do progresso da humanidade.<\/p>\n<p>Uma quest\u00e3o central foi colocada no documento orientador dos trabalhos:<\/p>\n<p>Existe a possibilidade de Portugal ter um modelo pr\u00f3prio dentro da Uni\u00e3o Europeia? Ou seja, de Portugal criar um espa\u00e7o diferenciado no quadro da UE, com base, nomeadamente na valoriza\u00e7\u00e3o do territ\u00f3rio e das cidades e na atra\u00e7\u00e3o de talentos? Pode Portugal, por exemplo, ser a \u201cIrlanda\u201d da China? Que rela\u00e7\u00f5es pr\u00f3prias podemos procurar ter com os EUA?<\/p>\n<p>Na sua interven\u00e7\u00e3o, o subscritor desta not\u00edcia, respondeu \u00e0quela quest\u00e3o afirmando que nos \u00faltimos anos o Brasil, Angola e os restantes pa\u00edses de l\u00edngua oficial portuguesa, com a China, t\u00eam vindo a construir um polo comum do multilateralismo, com uma crescente influ\u00eancia na pol\u00edtica mundial, convergindo na defesa da paz e do desenvolvimento sustent\u00e1vel.<\/p>\n<p>Sublinhando que se Portugal n\u00e3o se integrar, cada vez mais, nesse polo (sem ter de excluir a UE e outras parcerias internacionais), nos planos cultural, pol\u00edtico e econ\u00f3mico, nos pr\u00f3ximos dec\u00e9nios, a sua diplomacia global tornar-se-\u00e1 completamente irrelevante. Apelou ainda para a an\u00e1lise da realidade da China, a partir da perspetiva de que a Rep\u00fablica Popular da China (RPCh) representa uma nova experi\u00eancia hist\u00f3rica da democracia e do socialismo, em rela\u00e7\u00e3o com a qual o quadro conceptual ocidental da hermen\u00eautica pol\u00edtica n\u00e3o \u00e9 o adequado para compreender a Nova China e para a necessidade de conhecer e estudar os documentos originais e verdadeiros que constituem os pilares da pol\u00edtica internacional da RPCh, omitidos ou truncados na m\u00eddia ocidental.<\/p>\n<p>Sen\u00e3o vejamos: Ao todo, as trocas comerciais entre os pa\u00edses de l\u00edngua portuguesa e a China \u00a0atingiram 220,9 mil milh\u00f5es de d\u00f3lares (203 bili\u00f5es de euros) em 2023. Mas foi a Rep\u00fablica Popular da China que registou um d\u00e9fice comercial de 74,1 mil milh\u00f5es de d\u00f3lares (68,3 mil milh\u00f5es de euros) em 2023 com o bloco lus\u00f3fono, desmentindo a ideia falaciosa de que as rela\u00e7\u00f5es comerciais com a China conduzem \u00e0 depend\u00eancia e \u00e0 domina\u00e7\u00e3o econ\u00f3mica.<\/p>\n<p>No plano internacional, o autor lembrou as diferentes estrat\u00e9gias da RPCh e dos EUA face \u00e0s crises globais, expressas em 2021 quando surgiram dois documentos fundamentais para compreendermos a atual crise internacional: A Iniciativa de Desenvolvimento Global da China e o Plano de A\u00e7\u00e3o Estrat\u00e9gica do Departamento de Seguran\u00e7a Interna dos EUA para Combater a Amea\u00e7a Representada pela Rep\u00fablica Popular da China. O principal objetivo da iniciativa da China foi superar os desafios colocados pela pandemia e acelerar a implementa\u00e7\u00e3o da Agenda 2030 da ONU para o Desenvolvimento Sustent\u00e1vel. Em sentido contr\u00e1rio evoluiu a pol\u00edtica dos EUA.<\/p>\n<p>A ideia fundamental e inovadora da Iniciativa chinesa \u00e9 &#8220;o princ\u00edpio da seguran\u00e7a indivis\u00edvel&#8221;, que rejeita o caminho da constru\u00e7\u00e3o da pr\u00f3pria seguran\u00e7a em detrimento da seguran\u00e7a dos outros, em conson\u00e2ncia com os princ\u00edpios da Carta das Na\u00e7\u00f5es Unidas, que a China prop\u00f5e assumir de vez o seu papel de f\u00f3rum mundial da paz e do desenvolvimento partilhado e sustent\u00e1vel.<\/p>\n<p>A Confer\u00eancia da CCP, ao analisar o Relat\u00f3rio Draghi e as orienta\u00e7\u00f5es produzidas pela UE, constata o esgotamento do atual modelo econ\u00f3mico europeu e a necessidade de elevar o investimento at\u00e9 3% do PIB comunit\u00e1rio, mas recorrendo como instrumento preferencial a emiss\u00e3o de d\u00edvida por parte da Uni\u00e3o. Tamb\u00e9m questiona o Plano para Rearmar a Europa, criticado por ser ilus\u00f3ria a prometida autonomia da ind\u00fastria de defesa, e tal significar agora e a m\u00e9dio prazo, mais importa\u00e7\u00e3o de armamento (2\/3 deste gasto traduz-se hoje em compras aos EUA).<\/p>\n<p>O Acordo Global UE-China sobre Investimento (CAI) foi boicotado no Parlamento Europeu, por a\u00e7\u00e3o do lobby americano e volta a estar na ordem do dia. Pa\u00edses como a Fran\u00e7a, ignoraram a imposi\u00e7\u00f5es de Bruxelas e avan\u00e7aram autonomamente para a sua concretiza\u00e7\u00e3o.<\/p>\n<p>A Confer\u00eancia apontou que Portugal n\u00e3o pode continuar a definir prioridades e a conceber projetos apenas em fun\u00e7\u00e3o do \u201cmenu\u201d da UE, que n\u00e3o cobre as das reais necessidades. Deve reorganizar o pa\u00eds como a Porta Atl\u00e2ntica da Rota da Seda Mar\u00edtima, com a economia sustent\u00e1vel do mar, e a Rota da Seda Ferrovi\u00e1ria da Eur\u00e1sia nos horizontes. Deve ser uma economia de transi\u00e7\u00e3o para Projetos que diminuam a periferiza\u00e7\u00e3o do pa\u00eds na geografia da Europa e que recentrem Portugal no quadro das rela\u00e7\u00f5es desta com o resto do mundo (Portugal \u00e9 hoje \u201co pa\u00eds do meio\u201d), em especial, por via das liga\u00e7\u00f5es atl\u00e2nticas com \u00c1frica e o continente americano e que reforcem o relacionamento econ\u00f3mico com pa\u00edses n\u00e3o europeus nomeadamente na \u00c1sia. E n\u00e3o foi nesta vis\u00e3o estrat\u00e9gica que se assinaram os acordos de coopera\u00e7\u00e3o impulsionados com a visita de presidente Xi Jinping a Portugal?<\/p>\n<p>Segundo a Bloomberg, entre 2024 e 2029, a contribui\u00e7\u00e3o para o crescimento da economia mundial ser\u00e1 liderada pela China, com 21,7%, seguida pela \u00cdndia, com 14,8%, os EUA, com 11,6% e a Indon\u00e9sia, com 3,5%.<\/p>\n<p>Assim sendo, sem a China o mundo entrar\u00e1 em recess\u00e3o e a Uni\u00e3o Europeia tornar-se-\u00e1 irrelevante.<\/p>\n<p>por Ant\u00f3nio dos Santos Queir\u00f3s, professor e investigador. Universidade de Lisboa<\/p>\n","protected":false},"excerpt":{"rendered":"<p>A Confedera\u00e7\u00e3o do Com\u00e9rcio e Servi\u00e7os de Portugal (CCP), que filia cerca de uma centena de associa\u00e7\u00f5es, distribu\u00eddas em tr\u00eas categorias: Regionais, Sectoriais e de Servi\u00e7os, realizou, em 9 de abril, uma Confer\u00eancia, sobre o \u201cO Futuro da Europa\u2026e de&#8230;<\/p>\n","protected":false},"author":2,"featured_media":0,"comment_status":"open","ping_status":"open","sticky":false,"template":"","format":"standard","meta":{"footnotes":""},"categories":[7],"tags":[],"class_list":["post-8133","post","type-post","status-publish","format-standard","hentry","category-visao"],"yoast_head":"<!-- This site is optimized with the Yoast SEO plugin v27.4 - https:\/\/yoast.com\/product\/yoast-seo-wordpress\/ -->\n<title>O futuro da Europa e de Portugal, riscos e desafios - CRI e Diario de Pernambuco<\/title>\n<meta name=\"robots\" content=\"index, follow, max-snippet:-1, max-image-preview:large, max-video-preview:-1\" \/>\n<link rel=\"canonical\" href=\"https:\/\/diariodepe.com.br\/cri\/2025\/04\/17\/o-futuro-da-europae-de-portugal-riscos-e-desafios\/\" \/>\n<meta property=\"og:locale\" content=\"pt_BR\" \/>\n<meta property=\"og:type\" content=\"article\" \/>\n<meta property=\"og:title\" content=\"O futuro da Europa e de Portugal, riscos e desafios - CRI e Diario de Pernambuco\" \/>\n<meta property=\"og:description\" content=\"A Confedera\u00e7\u00e3o do Com\u00e9rcio e Servi\u00e7os de Portugal (CCP), que filia cerca de uma centena de associa\u00e7\u00f5es, distribu\u00eddas em tr\u00eas categorias: Regionais, Sectoriais e de Servi\u00e7os, realizou, em 9 de abril, uma Confer\u00eancia, sobre o \u201cO Futuro da Europa\u2026e de...\" \/>\n<meta property=\"og:url\" content=\"https:\/\/diariodepe.com.br\/cri\/2025\/04\/17\/o-futuro-da-europae-de-portugal-riscos-e-desafios\/\" \/>\n<meta property=\"og:site_name\" content=\"CRI e Diario de Pernambuco\" \/>\n<meta property=\"article:published_time\" content=\"2025-04-17T08:41:53+00:00\" \/>\n<meta property=\"article:modified_time\" content=\"2025-04-18T02:41:22+00:00\" \/>\n<meta property=\"og:image\" content=\"https:\/\/38picres.cgtn.com\/photoAlbum\/page\/performance\/img\/2025\/4\/17\/1744872101452_154.png\" \/>\n<meta name=\"author\" content=\"Ismael Lucas S. Pereira\" \/>\n<meta name=\"twitter:card\" content=\"summary_large_image\" \/>\n<meta name=\"twitter:label1\" content=\"Escrito por\" \/>\n\t<meta name=\"twitter:data1\" content=\"Ismael Lucas S. Pereira\" \/>\n\t<meta name=\"twitter:label2\" content=\"Est. tempo de leitura\" \/>\n\t<meta name=\"twitter:data2\" content=\"7 minutos\" \/>\n<script type=\"application\/ld+json\" class=\"yoast-schema-graph\">{\"@context\":\"https:\\\/\\\/schema.org\",\"@graph\":[{\"@type\":\"Article\",\"@id\":\"https:\\\/\\\/diariodepe.com.br\\\/cri\\\/2025\\\/04\\\/17\\\/o-futuro-da-europae-de-portugal-riscos-e-desafios\\\/#article\",\"isPartOf\":{\"@id\":\"https:\\\/\\\/diariodepe.com.br\\\/cri\\\/2025\\\/04\\\/17\\\/o-futuro-da-europae-de-portugal-riscos-e-desafios\\\/\"},\"author\":{\"name\":\"Ismael Lucas S. Pereira\",\"@id\":\"https:\\\/\\\/diariodepe.com.br\\\/cri\\\/#\\\/schema\\\/person\\\/121bb28d84f1a5b1205ef4ce9c2e0c6b\"},\"headline\":\"O futuro da Europa e de Portugal, riscos e desafios\",\"datePublished\":\"2025-04-17T08:41:53+00:00\",\"dateModified\":\"2025-04-18T02:41:22+00:00\",\"mainEntityOfPage\":{\"@id\":\"https:\\\/\\\/diariodepe.com.br\\\/cri\\\/2025\\\/04\\\/17\\\/o-futuro-da-europae-de-portugal-riscos-e-desafios\\\/\"},\"wordCount\":1263,\"commentCount\":0,\"publisher\":{\"@id\":\"https:\\\/\\\/diariodepe.com.br\\\/cri\\\/#organization\"},\"image\":{\"@id\":\"https:\\\/\\\/diariodepe.com.br\\\/cri\\\/2025\\\/04\\\/17\\\/o-futuro-da-europae-de-portugal-riscos-e-desafios\\\/#primaryimage\"},\"thumbnailUrl\":\"https:\\\/\\\/38picres.cgtn.com\\\/photoAlbum\\\/page\\\/performance\\\/img\\\/2025\\\/4\\\/17\\\/1744872101452_154.png\",\"articleSection\":[\"Vis\u00e3o\"],\"inLanguage\":\"pt-BR\",\"potentialAction\":[{\"@type\":\"CommentAction\",\"name\":\"Comment\",\"target\":[\"https:\\\/\\\/diariodepe.com.br\\\/cri\\\/2025\\\/04\\\/17\\\/o-futuro-da-europae-de-portugal-riscos-e-desafios\\\/#respond\"]}]},{\"@type\":\"WebPage\",\"@id\":\"https:\\\/\\\/diariodepe.com.br\\\/cri\\\/2025\\\/04\\\/17\\\/o-futuro-da-europae-de-portugal-riscos-e-desafios\\\/\",\"url\":\"https:\\\/\\\/diariodepe.com.br\\\/cri\\\/2025\\\/04\\\/17\\\/o-futuro-da-europae-de-portugal-riscos-e-desafios\\\/\",\"name\":\"O futuro da Europa e de Portugal, riscos e desafios - CRI e Diario de Pernambuco\",\"isPartOf\":{\"@id\":\"https:\\\/\\\/diariodepe.com.br\\\/cri\\\/#website\"},\"primaryImageOfPage\":{\"@id\":\"https:\\\/\\\/diariodepe.com.br\\\/cri\\\/2025\\\/04\\\/17\\\/o-futuro-da-europae-de-portugal-riscos-e-desafios\\\/#primaryimage\"},\"image\":{\"@id\":\"https:\\\/\\\/diariodepe.com.br\\\/cri\\\/2025\\\/04\\\/17\\\/o-futuro-da-europae-de-portugal-riscos-e-desafios\\\/#primaryimage\"},\"thumbnailUrl\":\"https:\\\/\\\/38picres.cgtn.com\\\/photoAlbum\\\/page\\\/performance\\\/img\\\/2025\\\/4\\\/17\\\/1744872101452_154.png\",\"datePublished\":\"2025-04-17T08:41:53+00:00\",\"dateModified\":\"2025-04-18T02:41:22+00:00\",\"breadcrumb\":{\"@id\":\"https:\\\/\\\/diariodepe.com.br\\\/cri\\\/2025\\\/04\\\/17\\\/o-futuro-da-europae-de-portugal-riscos-e-desafios\\\/#breadcrumb\"},\"inLanguage\":\"pt-BR\",\"potentialAction\":[{\"@type\":\"ReadAction\",\"target\":[\"https:\\\/\\\/diariodepe.com.br\\\/cri\\\/2025\\\/04\\\/17\\\/o-futuro-da-europae-de-portugal-riscos-e-desafios\\\/\"]}]},{\"@type\":\"ImageObject\",\"inLanguage\":\"pt-BR\",\"@id\":\"https:\\\/\\\/diariodepe.com.br\\\/cri\\\/2025\\\/04\\\/17\\\/o-futuro-da-europae-de-portugal-riscos-e-desafios\\\/#primaryimage\",\"url\":\"https:\\\/\\\/38picres.cgtn.com\\\/photoAlbum\\\/page\\\/performance\\\/img\\\/2025\\\/4\\\/17\\\/1744872101452_154.png\",\"contentUrl\":\"https:\\\/\\\/38picres.cgtn.com\\\/photoAlbum\\\/page\\\/performance\\\/img\\\/2025\\\/4\\\/17\\\/1744872101452_154.png\"},{\"@type\":\"BreadcrumbList\",\"@id\":\"https:\\\/\\\/diariodepe.com.br\\\/cri\\\/2025\\\/04\\\/17\\\/o-futuro-da-europae-de-portugal-riscos-e-desafios\\\/#breadcrumb\",\"itemListElement\":[{\"@type\":\"ListItem\",\"position\":1,\"name\":\"In\u00edcio\",\"item\":\"https:\\\/\\\/diariodepe.com.br\\\/cri\\\/\"},{\"@type\":\"ListItem\",\"position\":2,\"name\":\"O futuro da Europa e de Portugal, riscos e desafios\"}]},{\"@type\":\"WebSite\",\"@id\":\"https:\\\/\\\/diariodepe.com.br\\\/cri\\\/#website\",\"url\":\"https:\\\/\\\/diariodepe.com.br\\\/cri\\\/\",\"name\":\"CRI e Diario de Pernambuco\",\"description\":\"R\u00e1dio Internacional da China\",\"publisher\":{\"@id\":\"https:\\\/\\\/diariodepe.com.br\\\/cri\\\/#organization\"},\"potentialAction\":[{\"@type\":\"SearchAction\",\"target\":{\"@type\":\"EntryPoint\",\"urlTemplate\":\"https:\\\/\\\/diariodepe.com.br\\\/cri\\\/?s={search_term_string}\"},\"query-input\":{\"@type\":\"PropertyValueSpecification\",\"valueRequired\":true,\"valueName\":\"search_term_string\"}}],\"inLanguage\":\"pt-BR\"},{\"@type\":\"Organization\",\"@id\":\"https:\\\/\\\/diariodepe.com.br\\\/cri\\\/#organization\",\"name\":\"CRI e Diario de Pernambuco\",\"url\":\"https:\\\/\\\/diariodepe.com.br\\\/cri\\\/\",\"logo\":{\"@type\":\"ImageObject\",\"inLanguage\":\"pt-BR\",\"@id\":\"https:\\\/\\\/diariodepe.com.br\\\/cri\\\/#\\\/schema\\\/logo\\\/image\\\/\",\"url\":\"https:\\\/\\\/diariodepe.com.br\\\/cri\\\/wp-content\\\/uploads\\\/sites\\\/2\\\/2022\\\/12\\\/cropped-Logo.jpg\",\"contentUrl\":\"https:\\\/\\\/diariodepe.com.br\\\/cri\\\/wp-content\\\/uploads\\\/sites\\\/2\\\/2022\\\/12\\\/cropped-Logo.jpg\",\"width\":700,\"height\":59,\"caption\":\"CRI e Diario de Pernambuco\"},\"image\":{\"@id\":\"https:\\\/\\\/diariodepe.com.br\\\/cri\\\/#\\\/schema\\\/logo\\\/image\\\/\"}},{\"@type\":\"Person\",\"@id\":\"https:\\\/\\\/diariodepe.com.br\\\/cri\\\/#\\\/schema\\\/person\\\/121bb28d84f1a5b1205ef4ce9c2e0c6b\",\"name\":\"Ismael Lucas S. Pereira\",\"image\":{\"@type\":\"ImageObject\",\"inLanguage\":\"pt-BR\",\"@id\":\"https:\\\/\\\/secure.gravatar.com\\\/avatar\\\/887a0f3b5a7ceea963a48499fb883ffce6b5037362def025c52c2505b15d63e4?s=96&d=mm&r=g\",\"url\":\"https:\\\/\\\/secure.gravatar.com\\\/avatar\\\/887a0f3b5a7ceea963a48499fb883ffce6b5037362def025c52c2505b15d63e4?s=96&d=mm&r=g\",\"contentUrl\":\"https:\\\/\\\/secure.gravatar.com\\\/avatar\\\/887a0f3b5a7ceea963a48499fb883ffce6b5037362def025c52c2505b15d63e4?s=96&d=mm&r=g\",\"caption\":\"Ismael Lucas S. Pereira\"},\"url\":\"https:\\\/\\\/diariodepe.com.br\\\/cri\\\/author\\\/ismael-lucas\\\/\"}]}<\/script>\n<!-- \/ Yoast SEO plugin. -->","yoast_head_json":{"title":"O futuro da Europa e de Portugal, riscos e desafios - CRI e Diario de Pernambuco","robots":{"index":"index","follow":"follow","max-snippet":"max-snippet:-1","max-image-preview":"max-image-preview:large","max-video-preview":"max-video-preview:-1"},"canonical":"https:\/\/diariodepe.com.br\/cri\/2025\/04\/17\/o-futuro-da-europae-de-portugal-riscos-e-desafios\/","og_locale":"pt_BR","og_type":"article","og_title":"O futuro da Europa e de Portugal, riscos e desafios - CRI e Diario de Pernambuco","og_description":"A Confedera\u00e7\u00e3o do Com\u00e9rcio e Servi\u00e7os de Portugal (CCP), que filia cerca de uma centena de associa\u00e7\u00f5es, distribu\u00eddas em tr\u00eas categorias: Regionais, Sectoriais e de Servi\u00e7os, realizou, em 9 de abril, uma Confer\u00eancia, sobre o \u201cO Futuro da Europa\u2026e de...","og_url":"https:\/\/diariodepe.com.br\/cri\/2025\/04\/17\/o-futuro-da-europae-de-portugal-riscos-e-desafios\/","og_site_name":"CRI e Diario de Pernambuco","article_published_time":"2025-04-17T08:41:53+00:00","article_modified_time":"2025-04-18T02:41:22+00:00","og_image":[{"url":"https:\/\/38picres.cgtn.com\/photoAlbum\/page\/performance\/img\/2025\/4\/17\/1744872101452_154.png","type":"","width":"","height":""}],"author":"Ismael Lucas S. Pereira","twitter_card":"summary_large_image","twitter_misc":{"Escrito por":"Ismael Lucas S. Pereira","Est. tempo de leitura":"7 minutos"},"schema":{"@context":"https:\/\/schema.org","@graph":[{"@type":"Article","@id":"https:\/\/diariodepe.com.br\/cri\/2025\/04\/17\/o-futuro-da-europae-de-portugal-riscos-e-desafios\/#article","isPartOf":{"@id":"https:\/\/diariodepe.com.br\/cri\/2025\/04\/17\/o-futuro-da-europae-de-portugal-riscos-e-desafios\/"},"author":{"name":"Ismael Lucas S. Pereira","@id":"https:\/\/diariodepe.com.br\/cri\/#\/schema\/person\/121bb28d84f1a5b1205ef4ce9c2e0c6b"},"headline":"O futuro da Europa e de Portugal, riscos e desafios","datePublished":"2025-04-17T08:41:53+00:00","dateModified":"2025-04-18T02:41:22+00:00","mainEntityOfPage":{"@id":"https:\/\/diariodepe.com.br\/cri\/2025\/04\/17\/o-futuro-da-europae-de-portugal-riscos-e-desafios\/"},"wordCount":1263,"commentCount":0,"publisher":{"@id":"https:\/\/diariodepe.com.br\/cri\/#organization"},"image":{"@id":"https:\/\/diariodepe.com.br\/cri\/2025\/04\/17\/o-futuro-da-europae-de-portugal-riscos-e-desafios\/#primaryimage"},"thumbnailUrl":"https:\/\/38picres.cgtn.com\/photoAlbum\/page\/performance\/img\/2025\/4\/17\/1744872101452_154.png","articleSection":["Vis\u00e3o"],"inLanguage":"pt-BR","potentialAction":[{"@type":"CommentAction","name":"Comment","target":["https:\/\/diariodepe.com.br\/cri\/2025\/04\/17\/o-futuro-da-europae-de-portugal-riscos-e-desafios\/#respond"]}]},{"@type":"WebPage","@id":"https:\/\/diariodepe.com.br\/cri\/2025\/04\/17\/o-futuro-da-europae-de-portugal-riscos-e-desafios\/","url":"https:\/\/diariodepe.com.br\/cri\/2025\/04\/17\/o-futuro-da-europae-de-portugal-riscos-e-desafios\/","name":"O futuro da Europa e de Portugal, riscos e desafios - CRI e Diario de Pernambuco","isPartOf":{"@id":"https:\/\/diariodepe.com.br\/cri\/#website"},"primaryImageOfPage":{"@id":"https:\/\/diariodepe.com.br\/cri\/2025\/04\/17\/o-futuro-da-europae-de-portugal-riscos-e-desafios\/#primaryimage"},"image":{"@id":"https:\/\/diariodepe.com.br\/cri\/2025\/04\/17\/o-futuro-da-europae-de-portugal-riscos-e-desafios\/#primaryimage"},"thumbnailUrl":"https:\/\/38picres.cgtn.com\/photoAlbum\/page\/performance\/img\/2025\/4\/17\/1744872101452_154.png","datePublished":"2025-04-17T08:41:53+00:00","dateModified":"2025-04-18T02:41:22+00:00","breadcrumb":{"@id":"https:\/\/diariodepe.com.br\/cri\/2025\/04\/17\/o-futuro-da-europae-de-portugal-riscos-e-desafios\/#breadcrumb"},"inLanguage":"pt-BR","potentialAction":[{"@type":"ReadAction","target":["https:\/\/diariodepe.com.br\/cri\/2025\/04\/17\/o-futuro-da-europae-de-portugal-riscos-e-desafios\/"]}]},{"@type":"ImageObject","inLanguage":"pt-BR","@id":"https:\/\/diariodepe.com.br\/cri\/2025\/04\/17\/o-futuro-da-europae-de-portugal-riscos-e-desafios\/#primaryimage","url":"https:\/\/38picres.cgtn.com\/photoAlbum\/page\/performance\/img\/2025\/4\/17\/1744872101452_154.png","contentUrl":"https:\/\/38picres.cgtn.com\/photoAlbum\/page\/performance\/img\/2025\/4\/17\/1744872101452_154.png"},{"@type":"BreadcrumbList","@id":"https:\/\/diariodepe.com.br\/cri\/2025\/04\/17\/o-futuro-da-europae-de-portugal-riscos-e-desafios\/#breadcrumb","itemListElement":[{"@type":"ListItem","position":1,"name":"In\u00edcio","item":"https:\/\/diariodepe.com.br\/cri\/"},{"@type":"ListItem","position":2,"name":"O futuro da Europa e de Portugal, riscos e desafios"}]},{"@type":"WebSite","@id":"https:\/\/diariodepe.com.br\/cri\/#website","url":"https:\/\/diariodepe.com.br\/cri\/","name":"CRI e Diario de Pernambuco","description":"R\u00e1dio Internacional da China","publisher":{"@id":"https:\/\/diariodepe.com.br\/cri\/#organization"},"potentialAction":[{"@type":"SearchAction","target":{"@type":"EntryPoint","urlTemplate":"https:\/\/diariodepe.com.br\/cri\/?s={search_term_string}"},"query-input":{"@type":"PropertyValueSpecification","valueRequired":true,"valueName":"search_term_string"}}],"inLanguage":"pt-BR"},{"@type":"Organization","@id":"https:\/\/diariodepe.com.br\/cri\/#organization","name":"CRI e Diario de Pernambuco","url":"https:\/\/diariodepe.com.br\/cri\/","logo":{"@type":"ImageObject","inLanguage":"pt-BR","@id":"https:\/\/diariodepe.com.br\/cri\/#\/schema\/logo\/image\/","url":"https:\/\/diariodepe.com.br\/cri\/wp-content\/uploads\/sites\/2\/2022\/12\/cropped-Logo.jpg","contentUrl":"https:\/\/diariodepe.com.br\/cri\/wp-content\/uploads\/sites\/2\/2022\/12\/cropped-Logo.jpg","width":700,"height":59,"caption":"CRI e Diario de Pernambuco"},"image":{"@id":"https:\/\/diariodepe.com.br\/cri\/#\/schema\/logo\/image\/"}},{"@type":"Person","@id":"https:\/\/diariodepe.com.br\/cri\/#\/schema\/person\/121bb28d84f1a5b1205ef4ce9c2e0c6b","name":"Ismael Lucas S. Pereira","image":{"@type":"ImageObject","inLanguage":"pt-BR","@id":"https:\/\/secure.gravatar.com\/avatar\/887a0f3b5a7ceea963a48499fb883ffce6b5037362def025c52c2505b15d63e4?s=96&d=mm&r=g","url":"https:\/\/secure.gravatar.com\/avatar\/887a0f3b5a7ceea963a48499fb883ffce6b5037362def025c52c2505b15d63e4?s=96&d=mm&r=g","contentUrl":"https:\/\/secure.gravatar.com\/avatar\/887a0f3b5a7ceea963a48499fb883ffce6b5037362def025c52c2505b15d63e4?s=96&d=mm&r=g","caption":"Ismael Lucas S. Pereira"},"url":"https:\/\/diariodepe.com.br\/cri\/author\/ismael-lucas\/"}]}},"cc_featured_image_caption":{"caption_text":false,"source_text":false,"source_url":false},"amp_enabled":true,"_links":{"self":[{"href":"https:\/\/diariodepe.com.br\/cri\/wp-json\/wp\/v2\/posts\/8133","targetHints":{"allow":["GET"]}}],"collection":[{"href":"https:\/\/diariodepe.com.br\/cri\/wp-json\/wp\/v2\/posts"}],"about":[{"href":"https:\/\/diariodepe.com.br\/cri\/wp-json\/wp\/v2\/types\/post"}],"author":[{"embeddable":true,"href":"https:\/\/diariodepe.com.br\/cri\/wp-json\/wp\/v2\/users\/2"}],"replies":[{"embeddable":true,"href":"https:\/\/diariodepe.com.br\/cri\/wp-json\/wp\/v2\/comments?post=8133"}],"version-history":[{"count":2,"href":"https:\/\/diariodepe.com.br\/cri\/wp-json\/wp\/v2\/posts\/8133\/revisions"}],"predecessor-version":[{"id":8138,"href":"https:\/\/diariodepe.com.br\/cri\/wp-json\/wp\/v2\/posts\/8133\/revisions\/8138"}],"wp:attachment":[{"href":"https:\/\/diariodepe.com.br\/cri\/wp-json\/wp\/v2\/media?parent=8133"}],"wp:term":[{"taxonomy":"category","embeddable":true,"href":"https:\/\/diariodepe.com.br\/cri\/wp-json\/wp\/v2\/categories?post=8133"},{"taxonomy":"post_tag","embeddable":true,"href":"https:\/\/diariodepe.com.br\/cri\/wp-json\/wp\/v2\/tags?post=8133"}],"curies":[{"name":"wp","href":"https:\/\/api.w.org\/{rel}","templated":true}]}}