{"id":8131,"date":"2025-04-16T23:40:42","date_gmt":"2025-04-17T02:40:42","guid":{"rendered":"https:\/\/diariodepe.com.br\/cri\/?p=8131"},"modified":"2025-04-16T23:40:42","modified_gmt":"2025-04-17T02:40:42","slug":"programa-classicos-citados-por-xi-jinping-e-transmitido-no-camboja","status":"publish","type":"post","link":"https:\/\/diariodepe.com.br\/cri\/2025\/04\/16\/programa-classicos-citados-por-xi-jinping-e-transmitido-no-camboja\/","title":{"rendered":"Programa \u201cCl\u00e1ssicos Citados por Xi Jinping\u201d \u00e9 transmitido no Camboja"},"content":{"rendered":"<p><img decoding=\"async\" src=\"https:\/\/38picres.cgtn.com\/photoAlbum\/page\/performance\/img\/2025\/4\/17\/1744856304341_771.jpg\" width=\"100%\" height=\"auto\" \/><\/p>\n<p>Por ocasi\u00e3o da visita de Estado do presidente chin\u00eas, Xi Jinping, ao Camboja, o programa \u201cCl\u00e1ssicos Citados por Xi Jinping\u201d (vers\u00e3o cambojana), produzido pelo Grupo de M\u00eddia da China (CMG), ser\u00e1 transmitido a partir desta quinta-feira (17) em v\u00e1rias plataformas do pa\u00eds, no Sudeste Asi\u00e1tico. Os principais ve\u00edculos de comunica\u00e7\u00e3o locais lan\u00e7aram chamadas sobre o programa, alcan\u00e7ando uma grande audi\u00eancia.<\/p>\n<p><img decoding=\"async\" src=\"https:\/\/38picres.cgtn.com\/photoAlbum\/page\/performance\/img\/2025\/4\/17\/1744856310981_469.jpg\" width=\"100%\" height=\"auto\" \/><\/p>\n<p>A programa\u00e7\u00e3o apresenta uma curadoria especial de frases cl\u00e1ssicas, que o presidente da China citou em seus discursos, abordando temas como prote\u00e7\u00e3o ambiental, interc\u00e2mbios e aprendizado m\u00fatuo entre civiliza\u00e7\u00f5es. O conte\u00fado destaca os fundamentos da moderniza\u00e7\u00e3o chinesa e mostra ao mundo a cultura, a sabedoria e o esp\u00edrito da China.<\/p>\n<p><img decoding=\"async\" src=\"https:\/\/38picres.cgtn.com\/photoAlbum\/page\/performance\/img\/2025\/4\/17\/1744856317176_117.jpg\" width=\"100%\" height=\"auto\" \/><\/p>\n<p>De 12 a 17 de abril, jornais do Camboja\u00a0publicaram chamadas do programa, promovendo a produ\u00e7\u00e3o do CMG como uma \u201cchave de ouro\u201d para compreender a l\u00f3gica por tr\u00e1s do desenvolvimento de alta qualidade da China. Acredita-se que o p\u00fablico cambojano ter\u00e1 a oportunidade, ao entrar em contato com esse rico conte\u00fado, de aprofundar sua compreens\u00e3o sobre a conota\u00e7\u00e3o e os valores contidos na excelente cultura tradicional chinesa, o pensamento de Xi Jinping sobre governan\u00e7a e a estrat\u00e9gica de desenvolvimento da China na nova era.<\/p>\n<p><img decoding=\"async\" src=\"https:\/\/38picres.cgtn.com\/photoAlbum\/page\/performance\/img\/2025\/4\/17\/1744856324830_581.jpg\" width=\"100%\" height=\"auto\" \/><\/p>\n<p>Figuras pol\u00edticas e especialistas do pa\u00eds consideram que os \u201cCl\u00e1ssicos Citados por Xi Jinping\u201d n\u00e3o apenas cristalizam a gl\u00f3ria da excelente cultura tradicional chinesa, mas tamb\u00e9m encontram ampla resson\u00e2ncia na cultura cambojana. Eles tamb\u00e9m acreditam que os pensamentos de Xi Jinping sobre governan\u00e7a podem servir de inspira\u00e7\u00e3o para impulsionar o desenvolvimento do Camboja e melhorar as rela\u00e7\u00f5es entre as duas na\u00e7\u00f5es.<\/p>\n","protected":false},"excerpt":{"rendered":"<p>Por ocasi\u00e3o da visita de Estado do presidente chin\u00eas, Xi Jinping, ao Camboja, o programa \u201cCl\u00e1ssicos Citados por Xi Jinping\u201d (vers\u00e3o cambojana), produzido pelo Grupo de M\u00eddia da China (CMG), ser\u00e1 transmitido a partir desta quinta-feira (17) em v\u00e1rias plataformas&#8230;<\/p>\n","protected":false},"author":2,"featured_media":0,"comment_status":"open","ping_status":"open","sticky":false,"template":"","format":"standard","meta":{"footnotes":""},"categories":[3],"tags":[],"class_list":["post-8131","post","type-post","status-publish","format-standard","hentry","category-china"],"yoast_head":"<!-- This site is optimized with the Yoast SEO plugin v27.4 - https:\/\/yoast.com\/product\/yoast-seo-wordpress\/ -->\n<title>Programa \u201cCl\u00e1ssicos Citados por Xi Jinping\u201d \u00e9 transmitido no Camboja - CRI e Diario de Pernambuco<\/title>\n<meta name=\"robots\" content=\"index, follow, max-snippet:-1, max-image-preview:large, max-video-preview:-1\" \/>\n<link rel=\"canonical\" href=\"https:\/\/diariodepe.com.br\/cri\/2025\/04\/16\/programa-classicos-citados-por-xi-jinping-e-transmitido-no-camboja\/\" \/>\n<meta property=\"og:locale\" content=\"pt_BR\" \/>\n<meta property=\"og:type\" content=\"article\" \/>\n<meta property=\"og:title\" content=\"Programa \u201cCl\u00e1ssicos Citados por Xi Jinping\u201d \u00e9 transmitido no Camboja - CRI e Diario de Pernambuco\" \/>\n<meta property=\"og:description\" content=\"Por ocasi\u00e3o da visita de Estado do presidente chin\u00eas, Xi Jinping, ao Camboja, o programa \u201cCl\u00e1ssicos Citados por Xi Jinping\u201d (vers\u00e3o cambojana), produzido pelo Grupo de M\u00eddia da China (CMG), ser\u00e1 transmitido a partir desta quinta-feira (17) em v\u00e1rias plataformas...\" \/>\n<meta property=\"og:url\" content=\"https:\/\/diariodepe.com.br\/cri\/2025\/04\/16\/programa-classicos-citados-por-xi-jinping-e-transmitido-no-camboja\/\" \/>\n<meta property=\"og:site_name\" content=\"CRI e Diario de Pernambuco\" \/>\n<meta property=\"article:published_time\" content=\"2025-04-17T02:40:42+00:00\" \/>\n<meta property=\"og:image\" content=\"https:\/\/38picres.cgtn.com\/photoAlbum\/page\/performance\/img\/2025\/4\/17\/1744856304341_771.jpg\" \/>\n<meta name=\"author\" content=\"Ismael Lucas S. Pereira\" \/>\n<meta name=\"twitter:card\" content=\"summary_large_image\" \/>\n<meta name=\"twitter:label1\" content=\"Escrito por\" \/>\n\t<meta name=\"twitter:data1\" content=\"Ismael Lucas S. Pereira\" \/>\n\t<meta name=\"twitter:label2\" content=\"Est. tempo de leitura\" \/>\n\t<meta name=\"twitter:data2\" content=\"3 minutos\" \/>\n<script type=\"application\/ld+json\" class=\"yoast-schema-graph\">{\"@context\":\"https:\\\/\\\/schema.org\",\"@graph\":[{\"@type\":\"Article\",\"@id\":\"https:\\\/\\\/diariodepe.com.br\\\/cri\\\/2025\\\/04\\\/16\\\/programa-classicos-citados-por-xi-jinping-e-transmitido-no-camboja\\\/#article\",\"isPartOf\":{\"@id\":\"https:\\\/\\\/diariodepe.com.br\\\/cri\\\/2025\\\/04\\\/16\\\/programa-classicos-citados-por-xi-jinping-e-transmitido-no-camboja\\\/\"},\"author\":{\"name\":\"Ismael Lucas S. Pereira\",\"@id\":\"https:\\\/\\\/diariodepe.com.br\\\/cri\\\/#\\\/schema\\\/person\\\/121bb28d84f1a5b1205ef4ce9c2e0c6b\"},\"headline\":\"Programa \u201cCl\u00e1ssicos Citados por Xi Jinping\u201d \u00e9 transmitido no Camboja\",\"datePublished\":\"2025-04-17T02:40:42+00:00\",\"mainEntityOfPage\":{\"@id\":\"https:\\\/\\\/diariodepe.com.br\\\/cri\\\/2025\\\/04\\\/16\\\/programa-classicos-citados-por-xi-jinping-e-transmitido-no-camboja\\\/\"},\"wordCount\":306,\"commentCount\":0,\"publisher\":{\"@id\":\"https:\\\/\\\/diariodepe.com.br\\\/cri\\\/#organization\"},\"image\":{\"@id\":\"https:\\\/\\\/diariodepe.com.br\\\/cri\\\/2025\\\/04\\\/16\\\/programa-classicos-citados-por-xi-jinping-e-transmitido-no-camboja\\\/#primaryimage\"},\"thumbnailUrl\":\"https:\\\/\\\/38picres.cgtn.com\\\/photoAlbum\\\/page\\\/performance\\\/img\\\/2025\\\/4\\\/17\\\/1744856304341_771.jpg\",\"articleSection\":[\"China\"],\"inLanguage\":\"pt-BR\",\"potentialAction\":[{\"@type\":\"CommentAction\",\"name\":\"Comment\",\"target\":[\"https:\\\/\\\/diariodepe.com.br\\\/cri\\\/2025\\\/04\\\/16\\\/programa-classicos-citados-por-xi-jinping-e-transmitido-no-camboja\\\/#respond\"]}]},{\"@type\":\"WebPage\",\"@id\":\"https:\\\/\\\/diariodepe.com.br\\\/cri\\\/2025\\\/04\\\/16\\\/programa-classicos-citados-por-xi-jinping-e-transmitido-no-camboja\\\/\",\"url\":\"https:\\\/\\\/diariodepe.com.br\\\/cri\\\/2025\\\/04\\\/16\\\/programa-classicos-citados-por-xi-jinping-e-transmitido-no-camboja\\\/\",\"name\":\"Programa \u201cCl\u00e1ssicos Citados por Xi Jinping\u201d \u00e9 transmitido no Camboja - CRI e Diario de Pernambuco\",\"isPartOf\":{\"@id\":\"https:\\\/\\\/diariodepe.com.br\\\/cri\\\/#website\"},\"primaryImageOfPage\":{\"@id\":\"https:\\\/\\\/diariodepe.com.br\\\/cri\\\/2025\\\/04\\\/16\\\/programa-classicos-citados-por-xi-jinping-e-transmitido-no-camboja\\\/#primaryimage\"},\"image\":{\"@id\":\"https:\\\/\\\/diariodepe.com.br\\\/cri\\\/2025\\\/04\\\/16\\\/programa-classicos-citados-por-xi-jinping-e-transmitido-no-camboja\\\/#primaryimage\"},\"thumbnailUrl\":\"https:\\\/\\\/38picres.cgtn.com\\\/photoAlbum\\\/page\\\/performance\\\/img\\\/2025\\\/4\\\/17\\\/1744856304341_771.jpg\",\"datePublished\":\"2025-04-17T02:40:42+00:00\",\"breadcrumb\":{\"@id\":\"https:\\\/\\\/diariodepe.com.br\\\/cri\\\/2025\\\/04\\\/16\\\/programa-classicos-citados-por-xi-jinping-e-transmitido-no-camboja\\\/#breadcrumb\"},\"inLanguage\":\"pt-BR\",\"potentialAction\":[{\"@type\":\"ReadAction\",\"target\":[\"https:\\\/\\\/diariodepe.com.br\\\/cri\\\/2025\\\/04\\\/16\\\/programa-classicos-citados-por-xi-jinping-e-transmitido-no-camboja\\\/\"]}]},{\"@type\":\"ImageObject\",\"inLanguage\":\"pt-BR\",\"@id\":\"https:\\\/\\\/diariodepe.com.br\\\/cri\\\/2025\\\/04\\\/16\\\/programa-classicos-citados-por-xi-jinping-e-transmitido-no-camboja\\\/#primaryimage\",\"url\":\"https:\\\/\\\/38picres.cgtn.com\\\/photoAlbum\\\/page\\\/performance\\\/img\\\/2025\\\/4\\\/17\\\/1744856304341_771.jpg\",\"contentUrl\":\"https:\\\/\\\/38picres.cgtn.com\\\/photoAlbum\\\/page\\\/performance\\\/img\\\/2025\\\/4\\\/17\\\/1744856304341_771.jpg\"},{\"@type\":\"BreadcrumbList\",\"@id\":\"https:\\\/\\\/diariodepe.com.br\\\/cri\\\/2025\\\/04\\\/16\\\/programa-classicos-citados-por-xi-jinping-e-transmitido-no-camboja\\\/#breadcrumb\",\"itemListElement\":[{\"@type\":\"ListItem\",\"position\":1,\"name\":\"In\u00edcio\",\"item\":\"https:\\\/\\\/diariodepe.com.br\\\/cri\\\/\"},{\"@type\":\"ListItem\",\"position\":2,\"name\":\"Programa \u201cCl\u00e1ssicos Citados por Xi Jinping\u201d \u00e9 transmitido no Camboja\"}]},{\"@type\":\"WebSite\",\"@id\":\"https:\\\/\\\/diariodepe.com.br\\\/cri\\\/#website\",\"url\":\"https:\\\/\\\/diariodepe.com.br\\\/cri\\\/\",\"name\":\"CRI e Diario de Pernambuco\",\"description\":\"R\u00e1dio Internacional da China\",\"publisher\":{\"@id\":\"https:\\\/\\\/diariodepe.com.br\\\/cri\\\/#organization\"},\"potentialAction\":[{\"@type\":\"SearchAction\",\"target\":{\"@type\":\"EntryPoint\",\"urlTemplate\":\"https:\\\/\\\/diariodepe.com.br\\\/cri\\\/?s={search_term_string}\"},\"query-input\":{\"@type\":\"PropertyValueSpecification\",\"valueRequired\":true,\"valueName\":\"search_term_string\"}}],\"inLanguage\":\"pt-BR\"},{\"@type\":\"Organization\",\"@id\":\"https:\\\/\\\/diariodepe.com.br\\\/cri\\\/#organization\",\"name\":\"CRI e Diario de Pernambuco\",\"url\":\"https:\\\/\\\/diariodepe.com.br\\\/cri\\\/\",\"logo\":{\"@type\":\"ImageObject\",\"inLanguage\":\"pt-BR\",\"@id\":\"https:\\\/\\\/diariodepe.com.br\\\/cri\\\/#\\\/schema\\\/logo\\\/image\\\/\",\"url\":\"https:\\\/\\\/diariodepe.com.br\\\/cri\\\/wp-content\\\/uploads\\\/sites\\\/2\\\/2022\\\/12\\\/cropped-Logo.jpg\",\"contentUrl\":\"https:\\\/\\\/diariodepe.com.br\\\/cri\\\/wp-content\\\/uploads\\\/sites\\\/2\\\/2022\\\/12\\\/cropped-Logo.jpg\",\"width\":700,\"height\":59,\"caption\":\"CRI e Diario de Pernambuco\"},\"image\":{\"@id\":\"https:\\\/\\\/diariodepe.com.br\\\/cri\\\/#\\\/schema\\\/logo\\\/image\\\/\"}},{\"@type\":\"Person\",\"@id\":\"https:\\\/\\\/diariodepe.com.br\\\/cri\\\/#\\\/schema\\\/person\\\/121bb28d84f1a5b1205ef4ce9c2e0c6b\",\"name\":\"Ismael Lucas S. Pereira\",\"image\":{\"@type\":\"ImageObject\",\"inLanguage\":\"pt-BR\",\"@id\":\"https:\\\/\\\/secure.gravatar.com\\\/avatar\\\/887a0f3b5a7ceea963a48499fb883ffce6b5037362def025c52c2505b15d63e4?s=96&d=mm&r=g\",\"url\":\"https:\\\/\\\/secure.gravatar.com\\\/avatar\\\/887a0f3b5a7ceea963a48499fb883ffce6b5037362def025c52c2505b15d63e4?s=96&d=mm&r=g\",\"contentUrl\":\"https:\\\/\\\/secure.gravatar.com\\\/avatar\\\/887a0f3b5a7ceea963a48499fb883ffce6b5037362def025c52c2505b15d63e4?s=96&d=mm&r=g\",\"caption\":\"Ismael Lucas S. Pereira\"},\"url\":\"https:\\\/\\\/diariodepe.com.br\\\/cri\\\/author\\\/ismael-lucas\\\/\"}]}<\/script>\n<!-- \/ Yoast SEO plugin. -->","yoast_head_json":{"title":"Programa \u201cCl\u00e1ssicos Citados por Xi Jinping\u201d \u00e9 transmitido no Camboja - CRI e Diario de Pernambuco","robots":{"index":"index","follow":"follow","max-snippet":"max-snippet:-1","max-image-preview":"max-image-preview:large","max-video-preview":"max-video-preview:-1"},"canonical":"https:\/\/diariodepe.com.br\/cri\/2025\/04\/16\/programa-classicos-citados-por-xi-jinping-e-transmitido-no-camboja\/","og_locale":"pt_BR","og_type":"article","og_title":"Programa \u201cCl\u00e1ssicos Citados por Xi Jinping\u201d \u00e9 transmitido no Camboja - CRI e Diario de Pernambuco","og_description":"Por ocasi\u00e3o da visita de Estado do presidente chin\u00eas, Xi Jinping, ao Camboja, o programa \u201cCl\u00e1ssicos Citados por Xi Jinping\u201d (vers\u00e3o cambojana), produzido pelo Grupo de M\u00eddia da China (CMG), ser\u00e1 transmitido a partir desta quinta-feira (17) em v\u00e1rias plataformas...","og_url":"https:\/\/diariodepe.com.br\/cri\/2025\/04\/16\/programa-classicos-citados-por-xi-jinping-e-transmitido-no-camboja\/","og_site_name":"CRI e Diario de Pernambuco","article_published_time":"2025-04-17T02:40:42+00:00","og_image":[{"url":"https:\/\/38picres.cgtn.com\/photoAlbum\/page\/performance\/img\/2025\/4\/17\/1744856304341_771.jpg","type":"","width":"","height":""}],"author":"Ismael Lucas S. Pereira","twitter_card":"summary_large_image","twitter_misc":{"Escrito por":"Ismael Lucas S. Pereira","Est. tempo de leitura":"3 minutos"},"schema":{"@context":"https:\/\/schema.org","@graph":[{"@type":"Article","@id":"https:\/\/diariodepe.com.br\/cri\/2025\/04\/16\/programa-classicos-citados-por-xi-jinping-e-transmitido-no-camboja\/#article","isPartOf":{"@id":"https:\/\/diariodepe.com.br\/cri\/2025\/04\/16\/programa-classicos-citados-por-xi-jinping-e-transmitido-no-camboja\/"},"author":{"name":"Ismael Lucas S. Pereira","@id":"https:\/\/diariodepe.com.br\/cri\/#\/schema\/person\/121bb28d84f1a5b1205ef4ce9c2e0c6b"},"headline":"Programa \u201cCl\u00e1ssicos Citados por Xi Jinping\u201d \u00e9 transmitido no Camboja","datePublished":"2025-04-17T02:40:42+00:00","mainEntityOfPage":{"@id":"https:\/\/diariodepe.com.br\/cri\/2025\/04\/16\/programa-classicos-citados-por-xi-jinping-e-transmitido-no-camboja\/"},"wordCount":306,"commentCount":0,"publisher":{"@id":"https:\/\/diariodepe.com.br\/cri\/#organization"},"image":{"@id":"https:\/\/diariodepe.com.br\/cri\/2025\/04\/16\/programa-classicos-citados-por-xi-jinping-e-transmitido-no-camboja\/#primaryimage"},"thumbnailUrl":"https:\/\/38picres.cgtn.com\/photoAlbum\/page\/performance\/img\/2025\/4\/17\/1744856304341_771.jpg","articleSection":["China"],"inLanguage":"pt-BR","potentialAction":[{"@type":"CommentAction","name":"Comment","target":["https:\/\/diariodepe.com.br\/cri\/2025\/04\/16\/programa-classicos-citados-por-xi-jinping-e-transmitido-no-camboja\/#respond"]}]},{"@type":"WebPage","@id":"https:\/\/diariodepe.com.br\/cri\/2025\/04\/16\/programa-classicos-citados-por-xi-jinping-e-transmitido-no-camboja\/","url":"https:\/\/diariodepe.com.br\/cri\/2025\/04\/16\/programa-classicos-citados-por-xi-jinping-e-transmitido-no-camboja\/","name":"Programa \u201cCl\u00e1ssicos Citados por Xi Jinping\u201d \u00e9 transmitido no Camboja - CRI e Diario de Pernambuco","isPartOf":{"@id":"https:\/\/diariodepe.com.br\/cri\/#website"},"primaryImageOfPage":{"@id":"https:\/\/diariodepe.com.br\/cri\/2025\/04\/16\/programa-classicos-citados-por-xi-jinping-e-transmitido-no-camboja\/#primaryimage"},"image":{"@id":"https:\/\/diariodepe.com.br\/cri\/2025\/04\/16\/programa-classicos-citados-por-xi-jinping-e-transmitido-no-camboja\/#primaryimage"},"thumbnailUrl":"https:\/\/38picres.cgtn.com\/photoAlbum\/page\/performance\/img\/2025\/4\/17\/1744856304341_771.jpg","datePublished":"2025-04-17T02:40:42+00:00","breadcrumb":{"@id":"https:\/\/diariodepe.com.br\/cri\/2025\/04\/16\/programa-classicos-citados-por-xi-jinping-e-transmitido-no-camboja\/#breadcrumb"},"inLanguage":"pt-BR","potentialAction":[{"@type":"ReadAction","target":["https:\/\/diariodepe.com.br\/cri\/2025\/04\/16\/programa-classicos-citados-por-xi-jinping-e-transmitido-no-camboja\/"]}]},{"@type":"ImageObject","inLanguage":"pt-BR","@id":"https:\/\/diariodepe.com.br\/cri\/2025\/04\/16\/programa-classicos-citados-por-xi-jinping-e-transmitido-no-camboja\/#primaryimage","url":"https:\/\/38picres.cgtn.com\/photoAlbum\/page\/performance\/img\/2025\/4\/17\/1744856304341_771.jpg","contentUrl":"https:\/\/38picres.cgtn.com\/photoAlbum\/page\/performance\/img\/2025\/4\/17\/1744856304341_771.jpg"},{"@type":"BreadcrumbList","@id":"https:\/\/diariodepe.com.br\/cri\/2025\/04\/16\/programa-classicos-citados-por-xi-jinping-e-transmitido-no-camboja\/#breadcrumb","itemListElement":[{"@type":"ListItem","position":1,"name":"In\u00edcio","item":"https:\/\/diariodepe.com.br\/cri\/"},{"@type":"ListItem","position":2,"name":"Programa \u201cCl\u00e1ssicos Citados por Xi Jinping\u201d \u00e9 transmitido no Camboja"}]},{"@type":"WebSite","@id":"https:\/\/diariodepe.com.br\/cri\/#website","url":"https:\/\/diariodepe.com.br\/cri\/","name":"CRI e Diario de Pernambuco","description":"R\u00e1dio Internacional da China","publisher":{"@id":"https:\/\/diariodepe.com.br\/cri\/#organization"},"potentialAction":[{"@type":"SearchAction","target":{"@type":"EntryPoint","urlTemplate":"https:\/\/diariodepe.com.br\/cri\/?s={search_term_string}"},"query-input":{"@type":"PropertyValueSpecification","valueRequired":true,"valueName":"search_term_string"}}],"inLanguage":"pt-BR"},{"@type":"Organization","@id":"https:\/\/diariodepe.com.br\/cri\/#organization","name":"CRI e Diario de Pernambuco","url":"https:\/\/diariodepe.com.br\/cri\/","logo":{"@type":"ImageObject","inLanguage":"pt-BR","@id":"https:\/\/diariodepe.com.br\/cri\/#\/schema\/logo\/image\/","url":"https:\/\/diariodepe.com.br\/cri\/wp-content\/uploads\/sites\/2\/2022\/12\/cropped-Logo.jpg","contentUrl":"https:\/\/diariodepe.com.br\/cri\/wp-content\/uploads\/sites\/2\/2022\/12\/cropped-Logo.jpg","width":700,"height":59,"caption":"CRI e Diario de Pernambuco"},"image":{"@id":"https:\/\/diariodepe.com.br\/cri\/#\/schema\/logo\/image\/"}},{"@type":"Person","@id":"https:\/\/diariodepe.com.br\/cri\/#\/schema\/person\/121bb28d84f1a5b1205ef4ce9c2e0c6b","name":"Ismael Lucas S. Pereira","image":{"@type":"ImageObject","inLanguage":"pt-BR","@id":"https:\/\/secure.gravatar.com\/avatar\/887a0f3b5a7ceea963a48499fb883ffce6b5037362def025c52c2505b15d63e4?s=96&d=mm&r=g","url":"https:\/\/secure.gravatar.com\/avatar\/887a0f3b5a7ceea963a48499fb883ffce6b5037362def025c52c2505b15d63e4?s=96&d=mm&r=g","contentUrl":"https:\/\/secure.gravatar.com\/avatar\/887a0f3b5a7ceea963a48499fb883ffce6b5037362def025c52c2505b15d63e4?s=96&d=mm&r=g","caption":"Ismael Lucas S. Pereira"},"url":"https:\/\/diariodepe.com.br\/cri\/author\/ismael-lucas\/"}]}},"cc_featured_image_caption":{"caption_text":false,"source_text":false,"source_url":false},"amp_enabled":true,"_links":{"self":[{"href":"https:\/\/diariodepe.com.br\/cri\/wp-json\/wp\/v2\/posts\/8131","targetHints":{"allow":["GET"]}}],"collection":[{"href":"https:\/\/diariodepe.com.br\/cri\/wp-json\/wp\/v2\/posts"}],"about":[{"href":"https:\/\/diariodepe.com.br\/cri\/wp-json\/wp\/v2\/types\/post"}],"author":[{"embeddable":true,"href":"https:\/\/diariodepe.com.br\/cri\/wp-json\/wp\/v2\/users\/2"}],"replies":[{"embeddable":true,"href":"https:\/\/diariodepe.com.br\/cri\/wp-json\/wp\/v2\/comments?post=8131"}],"version-history":[{"count":1,"href":"https:\/\/diariodepe.com.br\/cri\/wp-json\/wp\/v2\/posts\/8131\/revisions"}],"predecessor-version":[{"id":8132,"href":"https:\/\/diariodepe.com.br\/cri\/wp-json\/wp\/v2\/posts\/8131\/revisions\/8132"}],"wp:attachment":[{"href":"https:\/\/diariodepe.com.br\/cri\/wp-json\/wp\/v2\/media?parent=8131"}],"wp:term":[{"taxonomy":"category","embeddable":true,"href":"https:\/\/diariodepe.com.br\/cri\/wp-json\/wp\/v2\/categories?post=8131"},{"taxonomy":"post_tag","embeddable":true,"href":"https:\/\/diariodepe.com.br\/cri\/wp-json\/wp\/v2\/tags?post=8131"}],"curies":[{"name":"wp","href":"https:\/\/api.w.org\/{rel}","templated":true}]}}