{"id":804,"date":"2023-03-10T23:57:03","date_gmt":"2023-03-11T02:57:03","guid":{"rendered":"https:\/\/diariodepe.com.br\/cri\/?p=804"},"modified":"2023-03-10T23:57:03","modified_gmt":"2023-03-11T02:57:03","slug":"eliminacao-da-pobreza-um-processo-democratico-para-a-prosperidade-comum","status":"publish","type":"post","link":"https:\/\/diariodepe.com.br\/cri\/2023\/03\/10\/eliminacao-da-pobreza-um-processo-democratico-para-a-prosperidade-comum\/","title":{"rendered":"Elimina\u00e7\u00e3o da pobreza, um processo democr\u00e1tico para a prosperidade comum"},"content":{"rendered":"<p>Em plena pandemia, a China cumpriu sua meta estipulada de elimina\u00e7\u00e3o da pobreza absoluta, e com isso tornou-se uma sociedade moderadamente pr\u00f3spera. A vit\u00f3ria foi celebrada nos cem anos do Partido Comunista da China, em 2021, e entrou para a hist\u00f3ria como um milagre. No entanto, esse milagre n\u00e3o \u00e9 nada sobrenatural, pode ser explicado pela empiria, por um m\u00e9todo cient\u00edfico, e se sustenta na estrutura da democracia chinesa.<\/p>\n<p>Foi isso o que encontramos nas montanhas na regi\u00e3o sudoeste da prov\u00edncia de Sichuan, distrito de Xide, na Prefeitura Aut\u00f4noma da Etnia Yi de Liangshan, que era uma das tr\u00eas regi\u00f5es e tr\u00eas prefeituras identificadas pela China como \u00e1reas de profunda pobreza. Nessa regi\u00e3o, o progresso econ\u00f4mico se deu atrav\u00e9s do cultivo de oliveiras, \u00e1rvores que produzem azeitona, de onde tamb\u00e9m se extrai o azeite. Essa cultura, que levou anos para ser desenvolvida, foi fruto de uma pol\u00edtica de tentativa. Forma necess\u00e1rias tr\u00eas tentativas de outras culturas, que falharam, para chegar a esse resultado.<\/p>\n<p>Com o apoio t\u00e9cnico e cient\u00edfico do Estado, a lideran\u00e7a local obteve o apoio crucial para orientar e conduzir os trabalhadores da regi\u00e3o, superando o desafio, encontrando e alcan\u00e7ando o sucesso na produ\u00e7\u00e3o das azeitonas. Buscando uma forma de aumentar o valor agregado, passaram a processar as azeitonas e produzir o azeite de oliva. Esse produto de maior valor agregado garante o sustento de diversas fam\u00edlias da etnia Yi, que n\u00e3o s\u00e3o exploradas para a extra\u00e7\u00e3o do trabalho, mas sim convivem coletivamente em coopera\u00e7\u00e3o e harmonia.<\/p>\n<p>O distrito de Xide, que se livrou da pobreza extrema em 2020, contou com as entidades de base do governo e do Partido Comunista da China para revitalizar a regi\u00e3o, cumprindo papel central para que os residentes locais tomassem o controle do modo de produ\u00e7\u00e3o, e desenvolvessem a for\u00e7a de trabalho de modo a impedir os riscos de regress\u00e3o \u00e0 mis\u00e9ria extrema, no projeto de prosperidade comum.<\/p>\n<p>Tal processo de desenvolvimento econ\u00f4mico \u00e9 visto desde o lan\u00e7amento da reforma e abertura, no fim dos anos 1970, quando a China se tornou o &#8220;ch\u00e3o de f\u00e1brica do mundo&#8221;. Desde ent\u00e3o, estima-se que quase 800 milh\u00f5es de residentes rurais carentes sa\u00edram da linha da pobreza extrema, sendo que s\u00f3 nos \u00faltimos oito anos foram cerca de 100 milh\u00f5es de habitantes rurais remanescentes que foram retirados dessa situa\u00e7\u00e3o. Tudo isso foi poss\u00edvel atrav\u00e9s de a\u00e7\u00f5es de pol\u00edtica p\u00fablica, conduzidas pelo Estado.<\/p>\n<p>A riqueza gerada por esse processo econ\u00f4mico gerou condi\u00e7\u00f5es para cumprir a primeira meta centen\u00e1ria de conclus\u00e3o da constru\u00e7\u00e3o de uma sociedade moderadamente pr\u00f3spera, o que demandou pol\u00edticas p\u00fablicas, realizadas atrav\u00e9s da democracia popular de processo integral, a natureza essencial da democracia socialista, definida pelo l\u00edder do pa\u00eds como \u201cmais ampla, aut\u00eantica e eficaz\u201d. A democracia deve ser usada para resolver os problemas que o povo precisa resolver. E s\u00f3 assim foi poss\u00edvel eliminar historicamente a pobreza absoluta e iniciar uma nova jornada para a constru\u00e7\u00e3o integral de um pa\u00eds socialista moderno.<\/p>\n<p>Este modelo integra elei\u00e7\u00f5es democr\u00e1ticas, consulta democr\u00e1tica, tomada de decis\u00e3o de forma democr\u00e1tica, gest\u00e3o democr\u00e1tica e supervis\u00e3o democr\u00e1tica, para que as vozes do povo sejam ouvidas e suas aspira\u00e7\u00f5es sejam refletidas em todos os aspectos da vida pol\u00edtica e social do pa\u00eds. A democracia de toda a cadeia e de toda a cobertura garante o povo chin\u00eas como verdadeiro dono do pa\u00eds, sendo as ideias das classes dominantes as ideias dominantes.<\/p>\n<p>A China tem oferecido muito ao mundo, com os bens de consumo para as cadeias globais de valor, por\u00e9m hoje oferece ao mundo um exemplo de outro modelo de desenvolvimento, apresentando uma gama de experi\u00eancias na forma de combater e eliminar a pobreza. Tamb\u00e9m abre um novo ciclo econ\u00f4mico atrav\u00e9s da prosperidade comum que desabrocha para a moderniza\u00e7\u00e3o chinesa. As caracter\u00edsticas e vantagens da democracia popular de processo integral, bem como o desenvolvimento de uma pol\u00edtica democr\u00e1tica socialista na nova era, abrem uma importante janela para a comunidade internacional observar a qualidade da democracia na China.<\/p>\n<p>A democracia \u00e9 um processo vivo em constante aperfei\u00e7oamento e tem in\u00fameros modelos. Somente um sistema democr\u00e1tico que se adapte \u00e0s condi\u00e7\u00f5es do pr\u00f3prio pa\u00eds e seu povo \u00e9 confi\u00e1vel e eficaz. A China seguir\u00e1 a desenvolver a democracia popular de processo integral, buscando contribuir para o enriquecimento e desenvolvimento da civiliza\u00e7\u00e3o pol\u00edtica humana.<\/p>\n<p>Por\u00a0<em>J.Renato Peneluppi Jr.<\/em>, advogado, doutor e especialista em Administra\u00e7\u00e3o P\u00fablica Chinesa, membro do think tank n\u00e3o governamental\u00a0<em>Center for China and Globalization (CCG)<\/em>,\u00a0<em>Coletivo Cam\u00e9lias do Leblon<\/em> e residente na China desde 2010<\/p>\n","protected":false},"excerpt":{"rendered":"<p>Em plena pandemia, a China cumpriu sua meta estipulada de elimina\u00e7\u00e3o da pobreza absoluta, e com isso tornou-se uma sociedade moderadamente pr\u00f3spera. A vit\u00f3ria foi celebrada nos cem anos do Partido Comunista da China, em 2021, e entrou para a&#8230;<\/p>\n","protected":false},"author":2,"featured_media":805,"comment_status":"open","ping_status":"open","sticky":false,"template":"","format":"standard","meta":{"footnotes":""},"categories":[7],"tags":[],"class_list":["post-804","post","type-post","status-publish","format-standard","has-post-thumbnail","hentry","category-visao"],"yoast_head":"<!-- This site is optimized with the Yoast SEO plugin v27.4 - https:\/\/yoast.com\/product\/yoast-seo-wordpress\/ -->\n<title>Elimina\u00e7\u00e3o da pobreza, um processo democr\u00e1tico para a prosperidade comum - CRI e Diario de Pernambuco<\/title>\n<meta name=\"robots\" content=\"index, follow, max-snippet:-1, max-image-preview:large, max-video-preview:-1\" \/>\n<link rel=\"canonical\" href=\"https:\/\/diariodepe.com.br\/cri\/2023\/03\/10\/eliminacao-da-pobreza-um-processo-democratico-para-a-prosperidade-comum\/\" \/>\n<meta property=\"og:locale\" content=\"pt_BR\" \/>\n<meta property=\"og:type\" content=\"article\" \/>\n<meta property=\"og:title\" content=\"Elimina\u00e7\u00e3o da pobreza, um processo democr\u00e1tico para a prosperidade comum - CRI e Diario de Pernambuco\" \/>\n<meta property=\"og:description\" content=\"Em plena pandemia, a China cumpriu sua meta estipulada de elimina\u00e7\u00e3o da pobreza absoluta, e com isso tornou-se uma sociedade moderadamente pr\u00f3spera. A vit\u00f3ria foi celebrada nos cem anos do Partido Comunista da China, em 2021, e entrou para a...\" \/>\n<meta property=\"og:url\" content=\"https:\/\/diariodepe.com.br\/cri\/2023\/03\/10\/eliminacao-da-pobreza-um-processo-democratico-para-a-prosperidade-comum\/\" \/>\n<meta property=\"og:site_name\" content=\"CRI e Diario de Pernambuco\" \/>\n<meta property=\"article:published_time\" content=\"2023-03-11T02:57:03+00:00\" \/>\n<meta property=\"og:image\" content=\"https:\/\/diariodepe.com.br\/cri\/wp-content\/uploads\/sites\/2\/2023\/03\/2023031018492270358-1-scaled.jpeg\" \/>\n\t<meta property=\"og:image:width\" content=\"2560\" \/>\n\t<meta property=\"og:image:height\" content=\"1920\" \/>\n\t<meta property=\"og:image:type\" content=\"image\/jpeg\" \/>\n<meta name=\"author\" content=\"Ismael Lucas S. Pereira\" \/>\n<meta name=\"twitter:card\" content=\"summary_large_image\" \/>\n<meta name=\"twitter:label1\" content=\"Escrito por\" \/>\n\t<meta name=\"twitter:data1\" content=\"Ismael Lucas S. Pereira\" \/>\n\t<meta name=\"twitter:label2\" content=\"Est. tempo de leitura\" \/>\n\t<meta name=\"twitter:data2\" content=\"4 minutos\" \/>\n<script type=\"application\/ld+json\" class=\"yoast-schema-graph\">{\"@context\":\"https:\\\/\\\/schema.org\",\"@graph\":[{\"@type\":\"Article\",\"@id\":\"https:\\\/\\\/diariodepe.com.br\\\/cri\\\/2023\\\/03\\\/10\\\/eliminacao-da-pobreza-um-processo-democratico-para-a-prosperidade-comum\\\/#article\",\"isPartOf\":{\"@id\":\"https:\\\/\\\/diariodepe.com.br\\\/cri\\\/2023\\\/03\\\/10\\\/eliminacao-da-pobreza-um-processo-democratico-para-a-prosperidade-comum\\\/\"},\"author\":{\"name\":\"Ismael Lucas S. Pereira\",\"@id\":\"https:\\\/\\\/diariodepe.com.br\\\/cri\\\/#\\\/schema\\\/person\\\/121bb28d84f1a5b1205ef4ce9c2e0c6b\"},\"headline\":\"Elimina\u00e7\u00e3o da pobreza, um processo democr\u00e1tico para a prosperidade comum\",\"datePublished\":\"2023-03-11T02:57:03+00:00\",\"mainEntityOfPage\":{\"@id\":\"https:\\\/\\\/diariodepe.com.br\\\/cri\\\/2023\\\/03\\\/10\\\/eliminacao-da-pobreza-um-processo-democratico-para-a-prosperidade-comum\\\/\"},\"wordCount\":847,\"commentCount\":0,\"publisher\":{\"@id\":\"https:\\\/\\\/diariodepe.com.br\\\/cri\\\/#organization\"},\"image\":{\"@id\":\"https:\\\/\\\/diariodepe.com.br\\\/cri\\\/2023\\\/03\\\/10\\\/eliminacao-da-pobreza-um-processo-democratico-para-a-prosperidade-comum\\\/#primaryimage\"},\"thumbnailUrl\":\"https:\\\/\\\/diariodepe.com.br\\\/cri\\\/wp-content\\\/uploads\\\/sites\\\/2\\\/2023\\\/03\\\/2023031018492270358-1-scaled.jpeg\",\"articleSection\":[\"Vis\u00e3o\"],\"inLanguage\":\"pt-BR\",\"potentialAction\":[{\"@type\":\"CommentAction\",\"name\":\"Comment\",\"target\":[\"https:\\\/\\\/diariodepe.com.br\\\/cri\\\/2023\\\/03\\\/10\\\/eliminacao-da-pobreza-um-processo-democratico-para-a-prosperidade-comum\\\/#respond\"]}]},{\"@type\":\"WebPage\",\"@id\":\"https:\\\/\\\/diariodepe.com.br\\\/cri\\\/2023\\\/03\\\/10\\\/eliminacao-da-pobreza-um-processo-democratico-para-a-prosperidade-comum\\\/\",\"url\":\"https:\\\/\\\/diariodepe.com.br\\\/cri\\\/2023\\\/03\\\/10\\\/eliminacao-da-pobreza-um-processo-democratico-para-a-prosperidade-comum\\\/\",\"name\":\"Elimina\u00e7\u00e3o da pobreza, um processo democr\u00e1tico para a prosperidade comum - CRI e Diario de Pernambuco\",\"isPartOf\":{\"@id\":\"https:\\\/\\\/diariodepe.com.br\\\/cri\\\/#website\"},\"primaryImageOfPage\":{\"@id\":\"https:\\\/\\\/diariodepe.com.br\\\/cri\\\/2023\\\/03\\\/10\\\/eliminacao-da-pobreza-um-processo-democratico-para-a-prosperidade-comum\\\/#primaryimage\"},\"image\":{\"@id\":\"https:\\\/\\\/diariodepe.com.br\\\/cri\\\/2023\\\/03\\\/10\\\/eliminacao-da-pobreza-um-processo-democratico-para-a-prosperidade-comum\\\/#primaryimage\"},\"thumbnailUrl\":\"https:\\\/\\\/diariodepe.com.br\\\/cri\\\/wp-content\\\/uploads\\\/sites\\\/2\\\/2023\\\/03\\\/2023031018492270358-1-scaled.jpeg\",\"datePublished\":\"2023-03-11T02:57:03+00:00\",\"breadcrumb\":{\"@id\":\"https:\\\/\\\/diariodepe.com.br\\\/cri\\\/2023\\\/03\\\/10\\\/eliminacao-da-pobreza-um-processo-democratico-para-a-prosperidade-comum\\\/#breadcrumb\"},\"inLanguage\":\"pt-BR\",\"potentialAction\":[{\"@type\":\"ReadAction\",\"target\":[\"https:\\\/\\\/diariodepe.com.br\\\/cri\\\/2023\\\/03\\\/10\\\/eliminacao-da-pobreza-um-processo-democratico-para-a-prosperidade-comum\\\/\"]}]},{\"@type\":\"ImageObject\",\"inLanguage\":\"pt-BR\",\"@id\":\"https:\\\/\\\/diariodepe.com.br\\\/cri\\\/2023\\\/03\\\/10\\\/eliminacao-da-pobreza-um-processo-democratico-para-a-prosperidade-comum\\\/#primaryimage\",\"url\":\"https:\\\/\\\/diariodepe.com.br\\\/cri\\\/wp-content\\\/uploads\\\/sites\\\/2\\\/2023\\\/03\\\/2023031018492270358-1-scaled.jpeg\",\"contentUrl\":\"https:\\\/\\\/diariodepe.com.br\\\/cri\\\/wp-content\\\/uploads\\\/sites\\\/2\\\/2023\\\/03\\\/2023031018492270358-1-scaled.jpeg\",\"width\":2560,\"height\":1920},{\"@type\":\"BreadcrumbList\",\"@id\":\"https:\\\/\\\/diariodepe.com.br\\\/cri\\\/2023\\\/03\\\/10\\\/eliminacao-da-pobreza-um-processo-democratico-para-a-prosperidade-comum\\\/#breadcrumb\",\"itemListElement\":[{\"@type\":\"ListItem\",\"position\":1,\"name\":\"In\u00edcio\",\"item\":\"https:\\\/\\\/diariodepe.com.br\\\/cri\\\/\"},{\"@type\":\"ListItem\",\"position\":2,\"name\":\"Elimina\u00e7\u00e3o da pobreza, um processo democr\u00e1tico para a prosperidade comum\"}]},{\"@type\":\"WebSite\",\"@id\":\"https:\\\/\\\/diariodepe.com.br\\\/cri\\\/#website\",\"url\":\"https:\\\/\\\/diariodepe.com.br\\\/cri\\\/\",\"name\":\"CRI e Diario de Pernambuco\",\"description\":\"R\u00e1dio Internacional da China\",\"publisher\":{\"@id\":\"https:\\\/\\\/diariodepe.com.br\\\/cri\\\/#organization\"},\"potentialAction\":[{\"@type\":\"SearchAction\",\"target\":{\"@type\":\"EntryPoint\",\"urlTemplate\":\"https:\\\/\\\/diariodepe.com.br\\\/cri\\\/?s={search_term_string}\"},\"query-input\":{\"@type\":\"PropertyValueSpecification\",\"valueRequired\":true,\"valueName\":\"search_term_string\"}}],\"inLanguage\":\"pt-BR\"},{\"@type\":\"Organization\",\"@id\":\"https:\\\/\\\/diariodepe.com.br\\\/cri\\\/#organization\",\"name\":\"CRI e Diario de Pernambuco\",\"url\":\"https:\\\/\\\/diariodepe.com.br\\\/cri\\\/\",\"logo\":{\"@type\":\"ImageObject\",\"inLanguage\":\"pt-BR\",\"@id\":\"https:\\\/\\\/diariodepe.com.br\\\/cri\\\/#\\\/schema\\\/logo\\\/image\\\/\",\"url\":\"https:\\\/\\\/diariodepe.com.br\\\/cri\\\/wp-content\\\/uploads\\\/sites\\\/2\\\/2022\\\/12\\\/cropped-Logo.jpg\",\"contentUrl\":\"https:\\\/\\\/diariodepe.com.br\\\/cri\\\/wp-content\\\/uploads\\\/sites\\\/2\\\/2022\\\/12\\\/cropped-Logo.jpg\",\"width\":700,\"height\":59,\"caption\":\"CRI e Diario de Pernambuco\"},\"image\":{\"@id\":\"https:\\\/\\\/diariodepe.com.br\\\/cri\\\/#\\\/schema\\\/logo\\\/image\\\/\"}},{\"@type\":\"Person\",\"@id\":\"https:\\\/\\\/diariodepe.com.br\\\/cri\\\/#\\\/schema\\\/person\\\/121bb28d84f1a5b1205ef4ce9c2e0c6b\",\"name\":\"Ismael Lucas S. Pereira\",\"image\":{\"@type\":\"ImageObject\",\"inLanguage\":\"pt-BR\",\"@id\":\"https:\\\/\\\/secure.gravatar.com\\\/avatar\\\/887a0f3b5a7ceea963a48499fb883ffce6b5037362def025c52c2505b15d63e4?s=96&d=mm&r=g\",\"url\":\"https:\\\/\\\/secure.gravatar.com\\\/avatar\\\/887a0f3b5a7ceea963a48499fb883ffce6b5037362def025c52c2505b15d63e4?s=96&d=mm&r=g\",\"contentUrl\":\"https:\\\/\\\/secure.gravatar.com\\\/avatar\\\/887a0f3b5a7ceea963a48499fb883ffce6b5037362def025c52c2505b15d63e4?s=96&d=mm&r=g\",\"caption\":\"Ismael Lucas S. Pereira\"},\"url\":\"https:\\\/\\\/diariodepe.com.br\\\/cri\\\/author\\\/ismael-lucas\\\/\"}]}<\/script>\n<!-- \/ Yoast SEO plugin. -->","yoast_head_json":{"title":"Elimina\u00e7\u00e3o da pobreza, um processo democr\u00e1tico para a prosperidade comum - CRI e Diario de Pernambuco","robots":{"index":"index","follow":"follow","max-snippet":"max-snippet:-1","max-image-preview":"max-image-preview:large","max-video-preview":"max-video-preview:-1"},"canonical":"https:\/\/diariodepe.com.br\/cri\/2023\/03\/10\/eliminacao-da-pobreza-um-processo-democratico-para-a-prosperidade-comum\/","og_locale":"pt_BR","og_type":"article","og_title":"Elimina\u00e7\u00e3o da pobreza, um processo democr\u00e1tico para a prosperidade comum - CRI e Diario de Pernambuco","og_description":"Em plena pandemia, a China cumpriu sua meta estipulada de elimina\u00e7\u00e3o da pobreza absoluta, e com isso tornou-se uma sociedade moderadamente pr\u00f3spera. A vit\u00f3ria foi celebrada nos cem anos do Partido Comunista da China, em 2021, e entrou para a...","og_url":"https:\/\/diariodepe.com.br\/cri\/2023\/03\/10\/eliminacao-da-pobreza-um-processo-democratico-para-a-prosperidade-comum\/","og_site_name":"CRI e Diario de Pernambuco","article_published_time":"2023-03-11T02:57:03+00:00","og_image":[{"width":2560,"height":1920,"url":"https:\/\/diariodepe.com.br\/cri\/wp-content\/uploads\/sites\/2\/2023\/03\/2023031018492270358-1-scaled.jpeg","type":"image\/jpeg"}],"author":"Ismael Lucas S. Pereira","twitter_card":"summary_large_image","twitter_misc":{"Escrito por":"Ismael Lucas S. Pereira","Est. tempo de leitura":"4 minutos"},"schema":{"@context":"https:\/\/schema.org","@graph":[{"@type":"Article","@id":"https:\/\/diariodepe.com.br\/cri\/2023\/03\/10\/eliminacao-da-pobreza-um-processo-democratico-para-a-prosperidade-comum\/#article","isPartOf":{"@id":"https:\/\/diariodepe.com.br\/cri\/2023\/03\/10\/eliminacao-da-pobreza-um-processo-democratico-para-a-prosperidade-comum\/"},"author":{"name":"Ismael Lucas S. Pereira","@id":"https:\/\/diariodepe.com.br\/cri\/#\/schema\/person\/121bb28d84f1a5b1205ef4ce9c2e0c6b"},"headline":"Elimina\u00e7\u00e3o da pobreza, um processo democr\u00e1tico para a prosperidade comum","datePublished":"2023-03-11T02:57:03+00:00","mainEntityOfPage":{"@id":"https:\/\/diariodepe.com.br\/cri\/2023\/03\/10\/eliminacao-da-pobreza-um-processo-democratico-para-a-prosperidade-comum\/"},"wordCount":847,"commentCount":0,"publisher":{"@id":"https:\/\/diariodepe.com.br\/cri\/#organization"},"image":{"@id":"https:\/\/diariodepe.com.br\/cri\/2023\/03\/10\/eliminacao-da-pobreza-um-processo-democratico-para-a-prosperidade-comum\/#primaryimage"},"thumbnailUrl":"https:\/\/diariodepe.com.br\/cri\/wp-content\/uploads\/sites\/2\/2023\/03\/2023031018492270358-1-scaled.jpeg","articleSection":["Vis\u00e3o"],"inLanguage":"pt-BR","potentialAction":[{"@type":"CommentAction","name":"Comment","target":["https:\/\/diariodepe.com.br\/cri\/2023\/03\/10\/eliminacao-da-pobreza-um-processo-democratico-para-a-prosperidade-comum\/#respond"]}]},{"@type":"WebPage","@id":"https:\/\/diariodepe.com.br\/cri\/2023\/03\/10\/eliminacao-da-pobreza-um-processo-democratico-para-a-prosperidade-comum\/","url":"https:\/\/diariodepe.com.br\/cri\/2023\/03\/10\/eliminacao-da-pobreza-um-processo-democratico-para-a-prosperidade-comum\/","name":"Elimina\u00e7\u00e3o da pobreza, um processo democr\u00e1tico para a prosperidade comum - CRI e Diario de Pernambuco","isPartOf":{"@id":"https:\/\/diariodepe.com.br\/cri\/#website"},"primaryImageOfPage":{"@id":"https:\/\/diariodepe.com.br\/cri\/2023\/03\/10\/eliminacao-da-pobreza-um-processo-democratico-para-a-prosperidade-comum\/#primaryimage"},"image":{"@id":"https:\/\/diariodepe.com.br\/cri\/2023\/03\/10\/eliminacao-da-pobreza-um-processo-democratico-para-a-prosperidade-comum\/#primaryimage"},"thumbnailUrl":"https:\/\/diariodepe.com.br\/cri\/wp-content\/uploads\/sites\/2\/2023\/03\/2023031018492270358-1-scaled.jpeg","datePublished":"2023-03-11T02:57:03+00:00","breadcrumb":{"@id":"https:\/\/diariodepe.com.br\/cri\/2023\/03\/10\/eliminacao-da-pobreza-um-processo-democratico-para-a-prosperidade-comum\/#breadcrumb"},"inLanguage":"pt-BR","potentialAction":[{"@type":"ReadAction","target":["https:\/\/diariodepe.com.br\/cri\/2023\/03\/10\/eliminacao-da-pobreza-um-processo-democratico-para-a-prosperidade-comum\/"]}]},{"@type":"ImageObject","inLanguage":"pt-BR","@id":"https:\/\/diariodepe.com.br\/cri\/2023\/03\/10\/eliminacao-da-pobreza-um-processo-democratico-para-a-prosperidade-comum\/#primaryimage","url":"https:\/\/diariodepe.com.br\/cri\/wp-content\/uploads\/sites\/2\/2023\/03\/2023031018492270358-1-scaled.jpeg","contentUrl":"https:\/\/diariodepe.com.br\/cri\/wp-content\/uploads\/sites\/2\/2023\/03\/2023031018492270358-1-scaled.jpeg","width":2560,"height":1920},{"@type":"BreadcrumbList","@id":"https:\/\/diariodepe.com.br\/cri\/2023\/03\/10\/eliminacao-da-pobreza-um-processo-democratico-para-a-prosperidade-comum\/#breadcrumb","itemListElement":[{"@type":"ListItem","position":1,"name":"In\u00edcio","item":"https:\/\/diariodepe.com.br\/cri\/"},{"@type":"ListItem","position":2,"name":"Elimina\u00e7\u00e3o da pobreza, um processo democr\u00e1tico para a prosperidade comum"}]},{"@type":"WebSite","@id":"https:\/\/diariodepe.com.br\/cri\/#website","url":"https:\/\/diariodepe.com.br\/cri\/","name":"CRI e Diario de Pernambuco","description":"R\u00e1dio Internacional da China","publisher":{"@id":"https:\/\/diariodepe.com.br\/cri\/#organization"},"potentialAction":[{"@type":"SearchAction","target":{"@type":"EntryPoint","urlTemplate":"https:\/\/diariodepe.com.br\/cri\/?s={search_term_string}"},"query-input":{"@type":"PropertyValueSpecification","valueRequired":true,"valueName":"search_term_string"}}],"inLanguage":"pt-BR"},{"@type":"Organization","@id":"https:\/\/diariodepe.com.br\/cri\/#organization","name":"CRI e Diario de Pernambuco","url":"https:\/\/diariodepe.com.br\/cri\/","logo":{"@type":"ImageObject","inLanguage":"pt-BR","@id":"https:\/\/diariodepe.com.br\/cri\/#\/schema\/logo\/image\/","url":"https:\/\/diariodepe.com.br\/cri\/wp-content\/uploads\/sites\/2\/2022\/12\/cropped-Logo.jpg","contentUrl":"https:\/\/diariodepe.com.br\/cri\/wp-content\/uploads\/sites\/2\/2022\/12\/cropped-Logo.jpg","width":700,"height":59,"caption":"CRI e Diario de Pernambuco"},"image":{"@id":"https:\/\/diariodepe.com.br\/cri\/#\/schema\/logo\/image\/"}},{"@type":"Person","@id":"https:\/\/diariodepe.com.br\/cri\/#\/schema\/person\/121bb28d84f1a5b1205ef4ce9c2e0c6b","name":"Ismael Lucas S. Pereira","image":{"@type":"ImageObject","inLanguage":"pt-BR","@id":"https:\/\/secure.gravatar.com\/avatar\/887a0f3b5a7ceea963a48499fb883ffce6b5037362def025c52c2505b15d63e4?s=96&d=mm&r=g","url":"https:\/\/secure.gravatar.com\/avatar\/887a0f3b5a7ceea963a48499fb883ffce6b5037362def025c52c2505b15d63e4?s=96&d=mm&r=g","contentUrl":"https:\/\/secure.gravatar.com\/avatar\/887a0f3b5a7ceea963a48499fb883ffce6b5037362def025c52c2505b15d63e4?s=96&d=mm&r=g","caption":"Ismael Lucas S. Pereira"},"url":"https:\/\/diariodepe.com.br\/cri\/author\/ismael-lucas\/"}]}},"cc_featured_image_caption":{"caption_text":false,"source_text":false,"source_url":false},"amp_enabled":true,"_links":{"self":[{"href":"https:\/\/diariodepe.com.br\/cri\/wp-json\/wp\/v2\/posts\/804","targetHints":{"allow":["GET"]}}],"collection":[{"href":"https:\/\/diariodepe.com.br\/cri\/wp-json\/wp\/v2\/posts"}],"about":[{"href":"https:\/\/diariodepe.com.br\/cri\/wp-json\/wp\/v2\/types\/post"}],"author":[{"embeddable":true,"href":"https:\/\/diariodepe.com.br\/cri\/wp-json\/wp\/v2\/users\/2"}],"replies":[{"embeddable":true,"href":"https:\/\/diariodepe.com.br\/cri\/wp-json\/wp\/v2\/comments?post=804"}],"version-history":[{"count":1,"href":"https:\/\/diariodepe.com.br\/cri\/wp-json\/wp\/v2\/posts\/804\/revisions"}],"predecessor-version":[{"id":806,"href":"https:\/\/diariodepe.com.br\/cri\/wp-json\/wp\/v2\/posts\/804\/revisions\/806"}],"wp:featuredmedia":[{"embeddable":true,"href":"https:\/\/diariodepe.com.br\/cri\/wp-json\/wp\/v2\/media\/805"}],"wp:attachment":[{"href":"https:\/\/diariodepe.com.br\/cri\/wp-json\/wp\/v2\/media?parent=804"}],"wp:term":[{"taxonomy":"category","embeddable":true,"href":"https:\/\/diariodepe.com.br\/cri\/wp-json\/wp\/v2\/categories?post=804"},{"taxonomy":"post_tag","embeddable":true,"href":"https:\/\/diariodepe.com.br\/cri\/wp-json\/wp\/v2\/tags?post=804"}],"curies":[{"name":"wp","href":"https:\/\/api.w.org\/{rel}","templated":true}]}}