{"id":7926,"date":"2025-03-18T03:23:38","date_gmt":"2025-03-18T06:23:38","guid":{"rendered":"https:\/\/diariodepe.com.br\/cri\/?p=7926"},"modified":"2025-03-18T03:23:38","modified_gmt":"2025-03-18T06:23:38","slug":"china-mantem-meta-de-crescimento-de-5-e-se-dedica-a-contribuir-mais-para-o-mundo","status":"publish","type":"post","link":"https:\/\/diariodepe.com.br\/cri\/2025\/03\/18\/china-mantem-meta-de-crescimento-de-5-e-se-dedica-a-contribuir-mais-para-o-mundo\/","title":{"rendered":"China mant\u00e9m meta de crescimento de 5% e se dedica a contribuir mais para o mundo"},"content":{"rendered":"<p><span lang=\"PT\">\u201cA China estabeleceu sua meta de crescimento econ\u00f4mico deste ano em torno de 5%, o que \u00e9 muito pragm\u00e1tico. Investir na China \u00e9 investir no futuro. Temos plena confian\u00e7a em nosso desenvolvimento no pa\u00eds.\u201d Tang Xiaodong, presidente da K\u00e4rcher na China, uma fornecedora alem\u00e3 de equipamentos de limpeza de renome mundial, compartilhou nesta quarta-feira\u00a0<\/span><span lang=\"PT-BR\">(5)\u00a0<\/span><span lang=\"PT\">sua opini\u00e3o depois de ouvir o Relat\u00f3rio de Trabalho do Governo para 2025, apresentado pelo primeiro-ministro Li Qiang, na abertura da sess\u00e3o anual da 14\u00aa Assembleia Popular Nacional (APN), a legislatura nacional da China.<\/span><\/p>\n<p><span lang=\"PT\">O relat\u00f3rio atraiu muito<\/span><span lang=\"PT-BR\">\u00a0a<\/span><span lang=\"PT\">\u00a0aten\u00e7\u00e3o do mundo. O ponto mais discutido foi a defini\u00e7\u00e3o da meta de aumento do PIB para este ano em cerca de 5%. Os meios de comunica\u00e7\u00e3o estrangeiros relataram que esse objetivo est\u00e1 alinhado \u00e0s expectativas do mercado e \u00e9 consistente com os dois anos anteriores, refletindo a determina\u00e7\u00e3o da China em estabilizar\u00a0<\/span><span lang=\"PT-BR\">empregos<\/span><span lang=\"PT\">, prevenir riscos e melhorar o bem-estar da popula\u00e7\u00e3o, ao mesmo tempo em que serve \u00e0s metas de desenvolvimento de m\u00e9dio e longo prazo.<\/span><\/p>\n<p><img decoding=\"async\" src=\"https:\/\/38picres.cgtn.com\/photoAlbum\/page\/performance\/img\/2025\/3\/6\/1741243978730_906.jpeg\" width=\"100%\" height=\"auto\" \/><\/p>\n<p><span lang=\"PT-BR\">O valor deste \u201ccerca de 5%\u201d se reflete nas v\u00e1rias a\u00e7\u00f5es da China para promover o desenvolvimento de alta qualidade. Entre as dez principais tarefas de trabalho delineadas pelo governo chin\u00eas para este ano, a mais importante \u00e9 impulsionar vigorosamente o consumo, melhorar a efici\u00eancia dos investimentos e expandir a demanda interna em todos os aspectos. Aumentar o consumo \u00e9 a prioridade para ampliar a demanda interna e fortalecer o ciclo econ\u00f4mico dom\u00e9stico.<\/span><\/p>\n<p><span lang=\"PT-BR\">Al\u00e9m disso, a \u201cintelig\u00eancia\u201d tamb\u00e9m \u00e9 um destaque neste \u201ccerca de 5%\u201d. Na lista mais recente de \u201cf\u00e1bricas farol\u201d publicada pelo F\u00f3rum Econ\u00f4mico Mundial em outubro do ano passado, 22 empresas manufatureiras foram adicionadas, das quais quase 60% s\u00e3o f\u00e1bricas chinesas. A popularidade da intelig\u00eancia artificial chinesa\u00a0<i>DeepSeek<\/i>\u00a0mostra ao mundo a inova\u00e7\u00e3o e inclus\u00e3o da China no desenvolvimento tecnol\u00f3gico.<\/span><\/p>\n<p><img decoding=\"async\" src=\"https:\/\/38picres.cgtn.com\/photoAlbum\/page\/performance\/img\/2025\/3\/6\/1741243987359_901.jpeg\" width=\"100%\" height=\"auto\" \/><\/p>\n<p><span lang=\"PT-BR\">Neste ano, o Relat\u00f3rio de Trabalho do Governo dedica mais aten\u00e7\u00e3o ao desenvolvimento da intelig\u00eancia artificial (IA), incluindo o apoio \u00e0 ampla aplica\u00e7\u00e3o de grandes modelos, o desenvolvimento de ve\u00edculos de nova energia e de sistemas conectados inteligentes, bem como celulares e computadores baseados em IA, rob\u00f4s inteligentes, entre outros. A m\u00eddia estrangeira acredita que o desenvolvimento da IA da China remodelar\u00e1 ainda mais o cen\u00e1rio da inova\u00e7\u00e3o industrial global e permitir\u00e1 que o mundo compartilhe mais dos resultados do desenvolvimento tecnol\u00f3gico chin\u00eas.<\/span><\/p>\n<p><span lang=\"PT\">O que a China sempre defendeu \u00e9 uma atitude aberta, acreditando que apenas a coopera\u00e7\u00e3o e a abertura podem empoderar o mundo<\/span><span lang=\"PT-BR\">, o que se mostra<\/span><span lang=\"PT\">\u00a0ainda mais valioso no mundo turbulento atual. O relat\u00f3rio deste ano lista v\u00e1rias medidas de amplia\u00e7\u00e3o da abertura nos setores de internet, cultura, telecomunica\u00e7\u00f5es, sa\u00fade e educa\u00e7\u00e3o, al\u00e9m de promover a coopera\u00e7\u00e3o de alta qualidade da Iniciativa Cintur\u00e3o e Rota e continuar\u00a0<\/span><span lang=\"PT-BR\">expandindo<\/span><span lang=\"PT\">\u00a0a rede de zonas de livre com\u00e9rcio de alto padr\u00e3o\u00a0<\/span><span lang=\"PT-BR\">internacional<\/span><span lang=\"PT\">. Todas essas a\u00e7\u00f5es visam mostrar ao mundo a sinceridade e determina\u00e7\u00e3o da China.<\/span><\/p>\n<p><span lang=\"PT\">O ano de 2025 \u00e9 crucial para a China: o 14\u00ba Plano Quinquenal est\u00e1 prestes a ser conclu\u00eddo e o 15\u00ba Plano Quinquenal ser\u00e1 iniciado em seguida. Considerando as v\u00e1rias condi\u00e7\u00f5es, a China est\u00e1 confiante em alcan\u00e7ar sua meta de crescimento do ano e oferecer\u00e1 mais novas oportunidades\u00a0<\/span><span lang=\"PT-BR\">\u00e0 comunidade internacional<\/span><span lang=\"PT\">.<\/span><\/p>\n","protected":false},"excerpt":{"rendered":"<p>\u201cA China estabeleceu sua meta de crescimento econ\u00f4mico deste ano em torno de 5%, o que \u00e9 muito pragm\u00e1tico. Investir na China \u00e9 investir no futuro. Temos plena confian\u00e7a em nosso desenvolvimento no pa\u00eds.\u201d Tang Xiaodong, presidente da K\u00e4rcher na&#8230;<\/p>\n","protected":false},"author":2,"featured_media":0,"comment_status":"open","ping_status":"open","sticky":false,"template":"","format":"standard","meta":{"footnotes":""},"categories":[7],"tags":[],"class_list":["post-7926","post","type-post","status-publish","format-standard","hentry","category-visao"],"yoast_head":"<!-- This site is optimized with the Yoast SEO plugin v27.4 - https:\/\/yoast.com\/product\/yoast-seo-wordpress\/ -->\n<title>China mant\u00e9m meta de crescimento de 5% e se dedica a contribuir mais para o mundo - CRI e Diario de Pernambuco<\/title>\n<meta name=\"robots\" content=\"index, follow, max-snippet:-1, max-image-preview:large, max-video-preview:-1\" \/>\n<link rel=\"canonical\" href=\"https:\/\/diariodepe.com.br\/cri\/2025\/03\/18\/china-mantem-meta-de-crescimento-de-5-e-se-dedica-a-contribuir-mais-para-o-mundo\/\" \/>\n<meta property=\"og:locale\" content=\"pt_BR\" \/>\n<meta property=\"og:type\" content=\"article\" \/>\n<meta property=\"og:title\" content=\"China mant\u00e9m meta de crescimento de 5% e se dedica a contribuir mais para o mundo - CRI e Diario de Pernambuco\" \/>\n<meta property=\"og:description\" content=\"\u201cA China estabeleceu sua meta de crescimento econ\u00f4mico deste ano em torno de 5%, o que \u00e9 muito pragm\u00e1tico. Investir na China \u00e9 investir no futuro. Temos plena confian\u00e7a em nosso desenvolvimento no pa\u00eds.\u201d Tang Xiaodong, presidente da K\u00e4rcher na...\" \/>\n<meta property=\"og:url\" content=\"https:\/\/diariodepe.com.br\/cri\/2025\/03\/18\/china-mantem-meta-de-crescimento-de-5-e-se-dedica-a-contribuir-mais-para-o-mundo\/\" \/>\n<meta property=\"og:site_name\" content=\"CRI e Diario de Pernambuco\" \/>\n<meta property=\"article:published_time\" content=\"2025-03-18T06:23:38+00:00\" \/>\n<meta property=\"og:image\" content=\"https:\/\/38picres.cgtn.com\/photoAlbum\/page\/performance\/img\/2025\/3\/6\/1741243978730_906.jpeg\" \/>\n<meta name=\"author\" content=\"Ismael Lucas S. Pereira\" \/>\n<meta name=\"twitter:card\" content=\"summary_large_image\" \/>\n<meta name=\"twitter:label1\" content=\"Escrito por\" \/>\n\t<meta name=\"twitter:data1\" content=\"Ismael Lucas S. Pereira\" \/>\n\t<meta name=\"twitter:label2\" content=\"Est. tempo de leitura\" \/>\n\t<meta name=\"twitter:data2\" content=\"4 minutos\" \/>\n<script type=\"application\/ld+json\" class=\"yoast-schema-graph\">{\"@context\":\"https:\\\/\\\/schema.org\",\"@graph\":[{\"@type\":\"Article\",\"@id\":\"https:\\\/\\\/diariodepe.com.br\\\/cri\\\/2025\\\/03\\\/18\\\/china-mantem-meta-de-crescimento-de-5-e-se-dedica-a-contribuir-mais-para-o-mundo\\\/#article\",\"isPartOf\":{\"@id\":\"https:\\\/\\\/diariodepe.com.br\\\/cri\\\/2025\\\/03\\\/18\\\/china-mantem-meta-de-crescimento-de-5-e-se-dedica-a-contribuir-mais-para-o-mundo\\\/\"},\"author\":{\"name\":\"Ismael Lucas S. Pereira\",\"@id\":\"https:\\\/\\\/diariodepe.com.br\\\/cri\\\/#\\\/schema\\\/person\\\/121bb28d84f1a5b1205ef4ce9c2e0c6b\"},\"headline\":\"China mant\u00e9m meta de crescimento de 5% e se dedica a contribuir mais para o mundo\",\"datePublished\":\"2025-03-18T06:23:38+00:00\",\"mainEntityOfPage\":{\"@id\":\"https:\\\/\\\/diariodepe.com.br\\\/cri\\\/2025\\\/03\\\/18\\\/china-mantem-meta-de-crescimento-de-5-e-se-dedica-a-contribuir-mais-para-o-mundo\\\/\"},\"wordCount\":587,\"commentCount\":0,\"publisher\":{\"@id\":\"https:\\\/\\\/diariodepe.com.br\\\/cri\\\/#organization\"},\"image\":{\"@id\":\"https:\\\/\\\/diariodepe.com.br\\\/cri\\\/2025\\\/03\\\/18\\\/china-mantem-meta-de-crescimento-de-5-e-se-dedica-a-contribuir-mais-para-o-mundo\\\/#primaryimage\"},\"thumbnailUrl\":\"https:\\\/\\\/38picres.cgtn.com\\\/photoAlbum\\\/page\\\/performance\\\/img\\\/2025\\\/3\\\/6\\\/1741243978730_906.jpeg\",\"articleSection\":[\"Vis\u00e3o\"],\"inLanguage\":\"pt-BR\",\"potentialAction\":[{\"@type\":\"CommentAction\",\"name\":\"Comment\",\"target\":[\"https:\\\/\\\/diariodepe.com.br\\\/cri\\\/2025\\\/03\\\/18\\\/china-mantem-meta-de-crescimento-de-5-e-se-dedica-a-contribuir-mais-para-o-mundo\\\/#respond\"]}]},{\"@type\":\"WebPage\",\"@id\":\"https:\\\/\\\/diariodepe.com.br\\\/cri\\\/2025\\\/03\\\/18\\\/china-mantem-meta-de-crescimento-de-5-e-se-dedica-a-contribuir-mais-para-o-mundo\\\/\",\"url\":\"https:\\\/\\\/diariodepe.com.br\\\/cri\\\/2025\\\/03\\\/18\\\/china-mantem-meta-de-crescimento-de-5-e-se-dedica-a-contribuir-mais-para-o-mundo\\\/\",\"name\":\"China mant\u00e9m meta de crescimento de 5% e se dedica a contribuir mais para o mundo - CRI e Diario de Pernambuco\",\"isPartOf\":{\"@id\":\"https:\\\/\\\/diariodepe.com.br\\\/cri\\\/#website\"},\"primaryImageOfPage\":{\"@id\":\"https:\\\/\\\/diariodepe.com.br\\\/cri\\\/2025\\\/03\\\/18\\\/china-mantem-meta-de-crescimento-de-5-e-se-dedica-a-contribuir-mais-para-o-mundo\\\/#primaryimage\"},\"image\":{\"@id\":\"https:\\\/\\\/diariodepe.com.br\\\/cri\\\/2025\\\/03\\\/18\\\/china-mantem-meta-de-crescimento-de-5-e-se-dedica-a-contribuir-mais-para-o-mundo\\\/#primaryimage\"},\"thumbnailUrl\":\"https:\\\/\\\/38picres.cgtn.com\\\/photoAlbum\\\/page\\\/performance\\\/img\\\/2025\\\/3\\\/6\\\/1741243978730_906.jpeg\",\"datePublished\":\"2025-03-18T06:23:38+00:00\",\"breadcrumb\":{\"@id\":\"https:\\\/\\\/diariodepe.com.br\\\/cri\\\/2025\\\/03\\\/18\\\/china-mantem-meta-de-crescimento-de-5-e-se-dedica-a-contribuir-mais-para-o-mundo\\\/#breadcrumb\"},\"inLanguage\":\"pt-BR\",\"potentialAction\":[{\"@type\":\"ReadAction\",\"target\":[\"https:\\\/\\\/diariodepe.com.br\\\/cri\\\/2025\\\/03\\\/18\\\/china-mantem-meta-de-crescimento-de-5-e-se-dedica-a-contribuir-mais-para-o-mundo\\\/\"]}]},{\"@type\":\"ImageObject\",\"inLanguage\":\"pt-BR\",\"@id\":\"https:\\\/\\\/diariodepe.com.br\\\/cri\\\/2025\\\/03\\\/18\\\/china-mantem-meta-de-crescimento-de-5-e-se-dedica-a-contribuir-mais-para-o-mundo\\\/#primaryimage\",\"url\":\"https:\\\/\\\/38picres.cgtn.com\\\/photoAlbum\\\/page\\\/performance\\\/img\\\/2025\\\/3\\\/6\\\/1741243978730_906.jpeg\",\"contentUrl\":\"https:\\\/\\\/38picres.cgtn.com\\\/photoAlbum\\\/page\\\/performance\\\/img\\\/2025\\\/3\\\/6\\\/1741243978730_906.jpeg\"},{\"@type\":\"BreadcrumbList\",\"@id\":\"https:\\\/\\\/diariodepe.com.br\\\/cri\\\/2025\\\/03\\\/18\\\/china-mantem-meta-de-crescimento-de-5-e-se-dedica-a-contribuir-mais-para-o-mundo\\\/#breadcrumb\",\"itemListElement\":[{\"@type\":\"ListItem\",\"position\":1,\"name\":\"In\u00edcio\",\"item\":\"https:\\\/\\\/diariodepe.com.br\\\/cri\\\/\"},{\"@type\":\"ListItem\",\"position\":2,\"name\":\"China mant\u00e9m meta de crescimento de 5% e se dedica a contribuir mais para o mundo\"}]},{\"@type\":\"WebSite\",\"@id\":\"https:\\\/\\\/diariodepe.com.br\\\/cri\\\/#website\",\"url\":\"https:\\\/\\\/diariodepe.com.br\\\/cri\\\/\",\"name\":\"CRI e Diario de Pernambuco\",\"description\":\"R\u00e1dio Internacional da China\",\"publisher\":{\"@id\":\"https:\\\/\\\/diariodepe.com.br\\\/cri\\\/#organization\"},\"potentialAction\":[{\"@type\":\"SearchAction\",\"target\":{\"@type\":\"EntryPoint\",\"urlTemplate\":\"https:\\\/\\\/diariodepe.com.br\\\/cri\\\/?s={search_term_string}\"},\"query-input\":{\"@type\":\"PropertyValueSpecification\",\"valueRequired\":true,\"valueName\":\"search_term_string\"}}],\"inLanguage\":\"pt-BR\"},{\"@type\":\"Organization\",\"@id\":\"https:\\\/\\\/diariodepe.com.br\\\/cri\\\/#organization\",\"name\":\"CRI e Diario de Pernambuco\",\"url\":\"https:\\\/\\\/diariodepe.com.br\\\/cri\\\/\",\"logo\":{\"@type\":\"ImageObject\",\"inLanguage\":\"pt-BR\",\"@id\":\"https:\\\/\\\/diariodepe.com.br\\\/cri\\\/#\\\/schema\\\/logo\\\/image\\\/\",\"url\":\"https:\\\/\\\/diariodepe.com.br\\\/cri\\\/wp-content\\\/uploads\\\/sites\\\/2\\\/2022\\\/12\\\/cropped-Logo.jpg\",\"contentUrl\":\"https:\\\/\\\/diariodepe.com.br\\\/cri\\\/wp-content\\\/uploads\\\/sites\\\/2\\\/2022\\\/12\\\/cropped-Logo.jpg\",\"width\":700,\"height\":59,\"caption\":\"CRI e Diario de Pernambuco\"},\"image\":{\"@id\":\"https:\\\/\\\/diariodepe.com.br\\\/cri\\\/#\\\/schema\\\/logo\\\/image\\\/\"}},{\"@type\":\"Person\",\"@id\":\"https:\\\/\\\/diariodepe.com.br\\\/cri\\\/#\\\/schema\\\/person\\\/121bb28d84f1a5b1205ef4ce9c2e0c6b\",\"name\":\"Ismael Lucas S. Pereira\",\"image\":{\"@type\":\"ImageObject\",\"inLanguage\":\"pt-BR\",\"@id\":\"https:\\\/\\\/secure.gravatar.com\\\/avatar\\\/887a0f3b5a7ceea963a48499fb883ffce6b5037362def025c52c2505b15d63e4?s=96&d=mm&r=g\",\"url\":\"https:\\\/\\\/secure.gravatar.com\\\/avatar\\\/887a0f3b5a7ceea963a48499fb883ffce6b5037362def025c52c2505b15d63e4?s=96&d=mm&r=g\",\"contentUrl\":\"https:\\\/\\\/secure.gravatar.com\\\/avatar\\\/887a0f3b5a7ceea963a48499fb883ffce6b5037362def025c52c2505b15d63e4?s=96&d=mm&r=g\",\"caption\":\"Ismael Lucas S. Pereira\"},\"url\":\"https:\\\/\\\/diariodepe.com.br\\\/cri\\\/author\\\/ismael-lucas\\\/\"}]}<\/script>\n<!-- \/ Yoast SEO plugin. -->","yoast_head_json":{"title":"China mant\u00e9m meta de crescimento de 5% e se dedica a contribuir mais para o mundo - CRI e Diario de Pernambuco","robots":{"index":"index","follow":"follow","max-snippet":"max-snippet:-1","max-image-preview":"max-image-preview:large","max-video-preview":"max-video-preview:-1"},"canonical":"https:\/\/diariodepe.com.br\/cri\/2025\/03\/18\/china-mantem-meta-de-crescimento-de-5-e-se-dedica-a-contribuir-mais-para-o-mundo\/","og_locale":"pt_BR","og_type":"article","og_title":"China mant\u00e9m meta de crescimento de 5% e se dedica a contribuir mais para o mundo - CRI e Diario de Pernambuco","og_description":"\u201cA China estabeleceu sua meta de crescimento econ\u00f4mico deste ano em torno de 5%, o que \u00e9 muito pragm\u00e1tico. Investir na China \u00e9 investir no futuro. Temos plena confian\u00e7a em nosso desenvolvimento no pa\u00eds.\u201d Tang Xiaodong, presidente da K\u00e4rcher na...","og_url":"https:\/\/diariodepe.com.br\/cri\/2025\/03\/18\/china-mantem-meta-de-crescimento-de-5-e-se-dedica-a-contribuir-mais-para-o-mundo\/","og_site_name":"CRI e Diario de Pernambuco","article_published_time":"2025-03-18T06:23:38+00:00","og_image":[{"url":"https:\/\/38picres.cgtn.com\/photoAlbum\/page\/performance\/img\/2025\/3\/6\/1741243978730_906.jpeg","type":"","width":"","height":""}],"author":"Ismael Lucas S. Pereira","twitter_card":"summary_large_image","twitter_misc":{"Escrito por":"Ismael Lucas S. Pereira","Est. tempo de leitura":"4 minutos"},"schema":{"@context":"https:\/\/schema.org","@graph":[{"@type":"Article","@id":"https:\/\/diariodepe.com.br\/cri\/2025\/03\/18\/china-mantem-meta-de-crescimento-de-5-e-se-dedica-a-contribuir-mais-para-o-mundo\/#article","isPartOf":{"@id":"https:\/\/diariodepe.com.br\/cri\/2025\/03\/18\/china-mantem-meta-de-crescimento-de-5-e-se-dedica-a-contribuir-mais-para-o-mundo\/"},"author":{"name":"Ismael Lucas S. Pereira","@id":"https:\/\/diariodepe.com.br\/cri\/#\/schema\/person\/121bb28d84f1a5b1205ef4ce9c2e0c6b"},"headline":"China mant\u00e9m meta de crescimento de 5% e se dedica a contribuir mais para o mundo","datePublished":"2025-03-18T06:23:38+00:00","mainEntityOfPage":{"@id":"https:\/\/diariodepe.com.br\/cri\/2025\/03\/18\/china-mantem-meta-de-crescimento-de-5-e-se-dedica-a-contribuir-mais-para-o-mundo\/"},"wordCount":587,"commentCount":0,"publisher":{"@id":"https:\/\/diariodepe.com.br\/cri\/#organization"},"image":{"@id":"https:\/\/diariodepe.com.br\/cri\/2025\/03\/18\/china-mantem-meta-de-crescimento-de-5-e-se-dedica-a-contribuir-mais-para-o-mundo\/#primaryimage"},"thumbnailUrl":"https:\/\/38picres.cgtn.com\/photoAlbum\/page\/performance\/img\/2025\/3\/6\/1741243978730_906.jpeg","articleSection":["Vis\u00e3o"],"inLanguage":"pt-BR","potentialAction":[{"@type":"CommentAction","name":"Comment","target":["https:\/\/diariodepe.com.br\/cri\/2025\/03\/18\/china-mantem-meta-de-crescimento-de-5-e-se-dedica-a-contribuir-mais-para-o-mundo\/#respond"]}]},{"@type":"WebPage","@id":"https:\/\/diariodepe.com.br\/cri\/2025\/03\/18\/china-mantem-meta-de-crescimento-de-5-e-se-dedica-a-contribuir-mais-para-o-mundo\/","url":"https:\/\/diariodepe.com.br\/cri\/2025\/03\/18\/china-mantem-meta-de-crescimento-de-5-e-se-dedica-a-contribuir-mais-para-o-mundo\/","name":"China mant\u00e9m meta de crescimento de 5% e se dedica a contribuir mais para o mundo - CRI e Diario de Pernambuco","isPartOf":{"@id":"https:\/\/diariodepe.com.br\/cri\/#website"},"primaryImageOfPage":{"@id":"https:\/\/diariodepe.com.br\/cri\/2025\/03\/18\/china-mantem-meta-de-crescimento-de-5-e-se-dedica-a-contribuir-mais-para-o-mundo\/#primaryimage"},"image":{"@id":"https:\/\/diariodepe.com.br\/cri\/2025\/03\/18\/china-mantem-meta-de-crescimento-de-5-e-se-dedica-a-contribuir-mais-para-o-mundo\/#primaryimage"},"thumbnailUrl":"https:\/\/38picres.cgtn.com\/photoAlbum\/page\/performance\/img\/2025\/3\/6\/1741243978730_906.jpeg","datePublished":"2025-03-18T06:23:38+00:00","breadcrumb":{"@id":"https:\/\/diariodepe.com.br\/cri\/2025\/03\/18\/china-mantem-meta-de-crescimento-de-5-e-se-dedica-a-contribuir-mais-para-o-mundo\/#breadcrumb"},"inLanguage":"pt-BR","potentialAction":[{"@type":"ReadAction","target":["https:\/\/diariodepe.com.br\/cri\/2025\/03\/18\/china-mantem-meta-de-crescimento-de-5-e-se-dedica-a-contribuir-mais-para-o-mundo\/"]}]},{"@type":"ImageObject","inLanguage":"pt-BR","@id":"https:\/\/diariodepe.com.br\/cri\/2025\/03\/18\/china-mantem-meta-de-crescimento-de-5-e-se-dedica-a-contribuir-mais-para-o-mundo\/#primaryimage","url":"https:\/\/38picres.cgtn.com\/photoAlbum\/page\/performance\/img\/2025\/3\/6\/1741243978730_906.jpeg","contentUrl":"https:\/\/38picres.cgtn.com\/photoAlbum\/page\/performance\/img\/2025\/3\/6\/1741243978730_906.jpeg"},{"@type":"BreadcrumbList","@id":"https:\/\/diariodepe.com.br\/cri\/2025\/03\/18\/china-mantem-meta-de-crescimento-de-5-e-se-dedica-a-contribuir-mais-para-o-mundo\/#breadcrumb","itemListElement":[{"@type":"ListItem","position":1,"name":"In\u00edcio","item":"https:\/\/diariodepe.com.br\/cri\/"},{"@type":"ListItem","position":2,"name":"China mant\u00e9m meta de crescimento de 5% e se dedica a contribuir mais para o mundo"}]},{"@type":"WebSite","@id":"https:\/\/diariodepe.com.br\/cri\/#website","url":"https:\/\/diariodepe.com.br\/cri\/","name":"CRI e Diario de Pernambuco","description":"R\u00e1dio Internacional da China","publisher":{"@id":"https:\/\/diariodepe.com.br\/cri\/#organization"},"potentialAction":[{"@type":"SearchAction","target":{"@type":"EntryPoint","urlTemplate":"https:\/\/diariodepe.com.br\/cri\/?s={search_term_string}"},"query-input":{"@type":"PropertyValueSpecification","valueRequired":true,"valueName":"search_term_string"}}],"inLanguage":"pt-BR"},{"@type":"Organization","@id":"https:\/\/diariodepe.com.br\/cri\/#organization","name":"CRI e Diario de Pernambuco","url":"https:\/\/diariodepe.com.br\/cri\/","logo":{"@type":"ImageObject","inLanguage":"pt-BR","@id":"https:\/\/diariodepe.com.br\/cri\/#\/schema\/logo\/image\/","url":"https:\/\/diariodepe.com.br\/cri\/wp-content\/uploads\/sites\/2\/2022\/12\/cropped-Logo.jpg","contentUrl":"https:\/\/diariodepe.com.br\/cri\/wp-content\/uploads\/sites\/2\/2022\/12\/cropped-Logo.jpg","width":700,"height":59,"caption":"CRI e Diario de Pernambuco"},"image":{"@id":"https:\/\/diariodepe.com.br\/cri\/#\/schema\/logo\/image\/"}},{"@type":"Person","@id":"https:\/\/diariodepe.com.br\/cri\/#\/schema\/person\/121bb28d84f1a5b1205ef4ce9c2e0c6b","name":"Ismael Lucas S. Pereira","image":{"@type":"ImageObject","inLanguage":"pt-BR","@id":"https:\/\/secure.gravatar.com\/avatar\/887a0f3b5a7ceea963a48499fb883ffce6b5037362def025c52c2505b15d63e4?s=96&d=mm&r=g","url":"https:\/\/secure.gravatar.com\/avatar\/887a0f3b5a7ceea963a48499fb883ffce6b5037362def025c52c2505b15d63e4?s=96&d=mm&r=g","contentUrl":"https:\/\/secure.gravatar.com\/avatar\/887a0f3b5a7ceea963a48499fb883ffce6b5037362def025c52c2505b15d63e4?s=96&d=mm&r=g","caption":"Ismael Lucas S. Pereira"},"url":"https:\/\/diariodepe.com.br\/cri\/author\/ismael-lucas\/"}]}},"cc_featured_image_caption":{"caption_text":false,"source_text":false,"source_url":false},"amp_enabled":true,"_links":{"self":[{"href":"https:\/\/diariodepe.com.br\/cri\/wp-json\/wp\/v2\/posts\/7926","targetHints":{"allow":["GET"]}}],"collection":[{"href":"https:\/\/diariodepe.com.br\/cri\/wp-json\/wp\/v2\/posts"}],"about":[{"href":"https:\/\/diariodepe.com.br\/cri\/wp-json\/wp\/v2\/types\/post"}],"author":[{"embeddable":true,"href":"https:\/\/diariodepe.com.br\/cri\/wp-json\/wp\/v2\/users\/2"}],"replies":[{"embeddable":true,"href":"https:\/\/diariodepe.com.br\/cri\/wp-json\/wp\/v2\/comments?post=7926"}],"version-history":[{"count":1,"href":"https:\/\/diariodepe.com.br\/cri\/wp-json\/wp\/v2\/posts\/7926\/revisions"}],"predecessor-version":[{"id":7927,"href":"https:\/\/diariodepe.com.br\/cri\/wp-json\/wp\/v2\/posts\/7926\/revisions\/7927"}],"wp:attachment":[{"href":"https:\/\/diariodepe.com.br\/cri\/wp-json\/wp\/v2\/media?parent=7926"}],"wp:term":[{"taxonomy":"category","embeddable":true,"href":"https:\/\/diariodepe.com.br\/cri\/wp-json\/wp\/v2\/categories?post=7926"},{"taxonomy":"post_tag","embeddable":true,"href":"https:\/\/diariodepe.com.br\/cri\/wp-json\/wp\/v2\/tags?post=7926"}],"curies":[{"name":"wp","href":"https:\/\/api.w.org\/{rel}","templated":true}]}}