{"id":7924,"date":"2025-03-18T03:20:53","date_gmt":"2025-03-18T06:20:53","guid":{"rendered":"https:\/\/diariodepe.com.br\/cri\/?p=7924"},"modified":"2025-03-18T03:20:53","modified_gmt":"2025-03-18T06:20:53","slug":"pesquisa-da-cgtn-america-primeiro-prejudica-as-relacoes-entre-eua-e-europa","status":"publish","type":"post","link":"https:\/\/diariodepe.com.br\/cri\/2025\/03\/18\/pesquisa-da-cgtn-america-primeiro-prejudica-as-relacoes-entre-eua-e-europa\/","title":{"rendered":"Pesquisa da CGTN: \u201cAm\u00e9rica primeiro\u201d prejudica as rela\u00e7\u00f5es entre EUA e Europa"},"content":{"rendered":"<p>Uma pesquisa realizada pela CGTN com 15.257 entrevistados em 38 pa\u00edses revelou que a pol\u00edtica \u201cAm\u00e9rica primeiro\u201d est\u00e1 afetando gravemente as rela\u00e7\u00f5es entre os EUA e a Europa, enquanto a confian\u00e7a nos EUA entre os entrevistados de seus aliados tradicionais est\u00e1 diminuindo rapidamente.<\/p>\n<p>Desde que o novo governo assumiu o cargo, a pol\u00edtica \u201cAm\u00e9rica primeiro\u201d tem afetado indiscriminadamente os pa\u00edses europeus. A abordagem dos EUA de priorizar seus pr\u00f3prios interesses e, ao mesmo tempo, desconsiderar os direitos leg\u00edtimos de outras na\u00e7\u00f5es, conforme demonstrado nas quest\u00f5es da Ucr\u00e2nia e da ilha da Groenl\u00e2ndia, perturbou gravemente a ordem internacional e enfraqueceu a confian\u00e7a dos pa\u00edses europeus,\u00a0at\u00e9 dos aliados, nos Estados Unidos.<\/p>\n<p>De acordo com a pesquisa, 62,9% dos entrevistados globais condenam\u00a0a pol\u00edtica \u201cAm\u00e9rica primeiro\u201d, criticando sua desconsidera\u00e7\u00e3o pelos interesses leg\u00edtimos de outras na\u00e7\u00f5es. Entre os entrevistados europeus, esse n\u00famero subiu para 67,7%. Al\u00e9m disso, 53,8% dos entrevistados europeus acreditam que as barreiras comerciais dos EUA causam\u00a0s\u00e9rios impactos negativos na economia global. 78,8% os\u00a0criticaram\u00a0por usarem organiza\u00e7\u00f5es econ\u00f4micas e financeiras internacionais para exercer press\u00e3o econ\u00f4mica sobre outros pa\u00edses,\u00a060,9% os condenaram\u00a0por instigarem conflitos geopol\u00edticos em todo o mundo, e\u00a070,4% acreditam que a \u201chegemonia estadunidense\u201d busca minar a atual ordem internacional.<\/p>\n<p>Outrossim, 55,1% dos entrevistados globais acreditam que os EUA n\u00e3o cumpriram suas responsabilidades e obriga\u00e7\u00f5es como uma das principais pot\u00eancias na governan\u00e7a global; 63,9% criticaram os EUA por frequentemente aplicarem \u201cpadr\u00f5es duplos\u201d para proteger seus pr\u00f3prios interesses em assuntos internacionais; 54,8% dos entrevistados europeus afirmaram que a pol\u00edtica \u201cAm\u00e9rica primeiro\u201d prejudica gravemente a coopera\u00e7\u00e3o internacional e pedem aos pa\u00edses que reavaliem\u00a0suas rela\u00e7\u00f5es com os Estados Unidos.<\/p>\n<p>A pesquisa constatou que a ansiedade paira sobre o futuro das rela\u00e7\u00f5es exteriores dos EUA sob a nova administra\u00e7\u00e3o. Entre os membros do G7,\u00a0foram entrevistadas pessoas dos\u00a0demais 6 pa\u00edses,\u00a0excluindo os Estados Unidos, e 57% dos entrevistados se sentiram pessimistas em rela\u00e7\u00e3o aos la\u00e7os bilaterais de seus pa\u00edses com os EUA. A Alemanha e o Canad\u00e1 apresentaram os n\u00edveis mais altos de preocupa\u00e7\u00e3o, com 66% expressando pessimismo, seguidos pelo Jap\u00e3o (60%), Reino Unido (59,3%) e Fran\u00e7a (57,5%).<\/p>\n<p>Ao avaliar a pol\u00edtica externa \u201cAm\u00e9rica primeiro\u201d, 63,9% dos entrevistados nos demais\u00a06\u00a0pa\u00edses do G7 acreditam que ela pode levar\u00a0os EUA a negligenciarem\u00a0seus aliados tradicionais. A maior concord\u00e2ncia foi encontrada entre os entrevistados do Reino Unido (71,4%), Canad\u00e1 (71%) e Jap\u00e3o (69%). A Fran\u00e7a (59%) e a Alemanha (58,5%) tamb\u00e9m tiveram quase 60% de concord\u00e2ncia.<\/p>\n","protected":false},"excerpt":{"rendered":"<p>Uma pesquisa realizada pela CGTN com 15.257 entrevistados em 38 pa\u00edses revelou que a pol\u00edtica \u201cAm\u00e9rica primeiro\u201d est\u00e1 afetando gravemente as rela\u00e7\u00f5es entre os EUA e a Europa, enquanto a confian\u00e7a nos EUA entre os entrevistados de seus aliados tradicionais&#8230;<\/p>\n","protected":false},"author":2,"featured_media":0,"comment_status":"open","ping_status":"open","sticky":false,"template":"","format":"standard","meta":{"footnotes":""},"categories":[3],"tags":[],"class_list":["post-7924","post","type-post","status-publish","format-standard","hentry","category-china"],"yoast_head":"<!-- This site is optimized with the Yoast SEO plugin v27.4 - https:\/\/yoast.com\/product\/yoast-seo-wordpress\/ -->\n<title>Pesquisa da CGTN: \u201cAm\u00e9rica primeiro\u201d prejudica as rela\u00e7\u00f5es entre EUA e Europa - CRI e Diario de Pernambuco<\/title>\n<meta name=\"robots\" content=\"index, follow, max-snippet:-1, max-image-preview:large, max-video-preview:-1\" \/>\n<link rel=\"canonical\" href=\"https:\/\/diariodepe.com.br\/cri\/2025\/03\/18\/pesquisa-da-cgtn-america-primeiro-prejudica-as-relacoes-entre-eua-e-europa\/\" \/>\n<meta property=\"og:locale\" content=\"pt_BR\" \/>\n<meta property=\"og:type\" content=\"article\" \/>\n<meta property=\"og:title\" content=\"Pesquisa da CGTN: \u201cAm\u00e9rica primeiro\u201d prejudica as rela\u00e7\u00f5es entre EUA e Europa - CRI e Diario de Pernambuco\" \/>\n<meta property=\"og:description\" content=\"Uma pesquisa realizada pela CGTN com 15.257 entrevistados em 38 pa\u00edses revelou que a pol\u00edtica \u201cAm\u00e9rica primeiro\u201d est\u00e1 afetando gravemente as rela\u00e7\u00f5es entre os EUA e a Europa, enquanto a confian\u00e7a nos EUA entre os entrevistados de seus aliados tradicionais...\" \/>\n<meta property=\"og:url\" content=\"https:\/\/diariodepe.com.br\/cri\/2025\/03\/18\/pesquisa-da-cgtn-america-primeiro-prejudica-as-relacoes-entre-eua-e-europa\/\" \/>\n<meta property=\"og:site_name\" content=\"CRI e Diario de Pernambuco\" \/>\n<meta property=\"article:published_time\" content=\"2025-03-18T06:20:53+00:00\" \/>\n<meta name=\"author\" content=\"Ismael Lucas S. Pereira\" \/>\n<meta name=\"twitter:card\" content=\"summary_large_image\" \/>\n<meta name=\"twitter:label1\" content=\"Escrito por\" \/>\n\t<meta name=\"twitter:data1\" content=\"Ismael Lucas S. Pereira\" \/>\n\t<meta name=\"twitter:label2\" content=\"Est. tempo de leitura\" \/>\n\t<meta name=\"twitter:data2\" content=\"3 minutos\" \/>\n<script type=\"application\/ld+json\" class=\"yoast-schema-graph\">{\"@context\":\"https:\\\/\\\/schema.org\",\"@graph\":[{\"@type\":\"Article\",\"@id\":\"https:\\\/\\\/diariodepe.com.br\\\/cri\\\/2025\\\/03\\\/18\\\/pesquisa-da-cgtn-america-primeiro-prejudica-as-relacoes-entre-eua-e-europa\\\/#article\",\"isPartOf\":{\"@id\":\"https:\\\/\\\/diariodepe.com.br\\\/cri\\\/2025\\\/03\\\/18\\\/pesquisa-da-cgtn-america-primeiro-prejudica-as-relacoes-entre-eua-e-europa\\\/\"},\"author\":{\"name\":\"Ismael Lucas S. Pereira\",\"@id\":\"https:\\\/\\\/diariodepe.com.br\\\/cri\\\/#\\\/schema\\\/person\\\/121bb28d84f1a5b1205ef4ce9c2e0c6b\"},\"headline\":\"Pesquisa da CGTN: \u201cAm\u00e9rica primeiro\u201d prejudica as rela\u00e7\u00f5es entre EUA e Europa\",\"datePublished\":\"2025-03-18T06:20:53+00:00\",\"mainEntityOfPage\":{\"@id\":\"https:\\\/\\\/diariodepe.com.br\\\/cri\\\/2025\\\/03\\\/18\\\/pesquisa-da-cgtn-america-primeiro-prejudica-as-relacoes-entre-eua-e-europa\\\/\"},\"wordCount\":455,\"commentCount\":0,\"publisher\":{\"@id\":\"https:\\\/\\\/diariodepe.com.br\\\/cri\\\/#organization\"},\"articleSection\":[\"China\"],\"inLanguage\":\"pt-BR\",\"potentialAction\":[{\"@type\":\"CommentAction\",\"name\":\"Comment\",\"target\":[\"https:\\\/\\\/diariodepe.com.br\\\/cri\\\/2025\\\/03\\\/18\\\/pesquisa-da-cgtn-america-primeiro-prejudica-as-relacoes-entre-eua-e-europa\\\/#respond\"]}]},{\"@type\":\"WebPage\",\"@id\":\"https:\\\/\\\/diariodepe.com.br\\\/cri\\\/2025\\\/03\\\/18\\\/pesquisa-da-cgtn-america-primeiro-prejudica-as-relacoes-entre-eua-e-europa\\\/\",\"url\":\"https:\\\/\\\/diariodepe.com.br\\\/cri\\\/2025\\\/03\\\/18\\\/pesquisa-da-cgtn-america-primeiro-prejudica-as-relacoes-entre-eua-e-europa\\\/\",\"name\":\"Pesquisa da CGTN: \u201cAm\u00e9rica primeiro\u201d prejudica as rela\u00e7\u00f5es entre EUA e Europa - CRI e Diario de Pernambuco\",\"isPartOf\":{\"@id\":\"https:\\\/\\\/diariodepe.com.br\\\/cri\\\/#website\"},\"datePublished\":\"2025-03-18T06:20:53+00:00\",\"breadcrumb\":{\"@id\":\"https:\\\/\\\/diariodepe.com.br\\\/cri\\\/2025\\\/03\\\/18\\\/pesquisa-da-cgtn-america-primeiro-prejudica-as-relacoes-entre-eua-e-europa\\\/#breadcrumb\"},\"inLanguage\":\"pt-BR\",\"potentialAction\":[{\"@type\":\"ReadAction\",\"target\":[\"https:\\\/\\\/diariodepe.com.br\\\/cri\\\/2025\\\/03\\\/18\\\/pesquisa-da-cgtn-america-primeiro-prejudica-as-relacoes-entre-eua-e-europa\\\/\"]}]},{\"@type\":\"BreadcrumbList\",\"@id\":\"https:\\\/\\\/diariodepe.com.br\\\/cri\\\/2025\\\/03\\\/18\\\/pesquisa-da-cgtn-america-primeiro-prejudica-as-relacoes-entre-eua-e-europa\\\/#breadcrumb\",\"itemListElement\":[{\"@type\":\"ListItem\",\"position\":1,\"name\":\"In\u00edcio\",\"item\":\"https:\\\/\\\/diariodepe.com.br\\\/cri\\\/\"},{\"@type\":\"ListItem\",\"position\":2,\"name\":\"Pesquisa da CGTN: \u201cAm\u00e9rica primeiro\u201d prejudica as rela\u00e7\u00f5es entre EUA e Europa\"}]},{\"@type\":\"WebSite\",\"@id\":\"https:\\\/\\\/diariodepe.com.br\\\/cri\\\/#website\",\"url\":\"https:\\\/\\\/diariodepe.com.br\\\/cri\\\/\",\"name\":\"CRI e Diario de Pernambuco\",\"description\":\"R\u00e1dio Internacional da China\",\"publisher\":{\"@id\":\"https:\\\/\\\/diariodepe.com.br\\\/cri\\\/#organization\"},\"potentialAction\":[{\"@type\":\"SearchAction\",\"target\":{\"@type\":\"EntryPoint\",\"urlTemplate\":\"https:\\\/\\\/diariodepe.com.br\\\/cri\\\/?s={search_term_string}\"},\"query-input\":{\"@type\":\"PropertyValueSpecification\",\"valueRequired\":true,\"valueName\":\"search_term_string\"}}],\"inLanguage\":\"pt-BR\"},{\"@type\":\"Organization\",\"@id\":\"https:\\\/\\\/diariodepe.com.br\\\/cri\\\/#organization\",\"name\":\"CRI e Diario de Pernambuco\",\"url\":\"https:\\\/\\\/diariodepe.com.br\\\/cri\\\/\",\"logo\":{\"@type\":\"ImageObject\",\"inLanguage\":\"pt-BR\",\"@id\":\"https:\\\/\\\/diariodepe.com.br\\\/cri\\\/#\\\/schema\\\/logo\\\/image\\\/\",\"url\":\"https:\\\/\\\/diariodepe.com.br\\\/cri\\\/wp-content\\\/uploads\\\/sites\\\/2\\\/2022\\\/12\\\/cropped-Logo.jpg\",\"contentUrl\":\"https:\\\/\\\/diariodepe.com.br\\\/cri\\\/wp-content\\\/uploads\\\/sites\\\/2\\\/2022\\\/12\\\/cropped-Logo.jpg\",\"width\":700,\"height\":59,\"caption\":\"CRI e Diario de Pernambuco\"},\"image\":{\"@id\":\"https:\\\/\\\/diariodepe.com.br\\\/cri\\\/#\\\/schema\\\/logo\\\/image\\\/\"}},{\"@type\":\"Person\",\"@id\":\"https:\\\/\\\/diariodepe.com.br\\\/cri\\\/#\\\/schema\\\/person\\\/121bb28d84f1a5b1205ef4ce9c2e0c6b\",\"name\":\"Ismael Lucas S. Pereira\",\"image\":{\"@type\":\"ImageObject\",\"inLanguage\":\"pt-BR\",\"@id\":\"https:\\\/\\\/secure.gravatar.com\\\/avatar\\\/887a0f3b5a7ceea963a48499fb883ffce6b5037362def025c52c2505b15d63e4?s=96&d=mm&r=g\",\"url\":\"https:\\\/\\\/secure.gravatar.com\\\/avatar\\\/887a0f3b5a7ceea963a48499fb883ffce6b5037362def025c52c2505b15d63e4?s=96&d=mm&r=g\",\"contentUrl\":\"https:\\\/\\\/secure.gravatar.com\\\/avatar\\\/887a0f3b5a7ceea963a48499fb883ffce6b5037362def025c52c2505b15d63e4?s=96&d=mm&r=g\",\"caption\":\"Ismael Lucas S. Pereira\"},\"url\":\"https:\\\/\\\/diariodepe.com.br\\\/cri\\\/author\\\/ismael-lucas\\\/\"}]}<\/script>\n<!-- \/ Yoast SEO plugin. -->","yoast_head_json":{"title":"Pesquisa da CGTN: \u201cAm\u00e9rica primeiro\u201d prejudica as rela\u00e7\u00f5es entre EUA e Europa - CRI e Diario de Pernambuco","robots":{"index":"index","follow":"follow","max-snippet":"max-snippet:-1","max-image-preview":"max-image-preview:large","max-video-preview":"max-video-preview:-1"},"canonical":"https:\/\/diariodepe.com.br\/cri\/2025\/03\/18\/pesquisa-da-cgtn-america-primeiro-prejudica-as-relacoes-entre-eua-e-europa\/","og_locale":"pt_BR","og_type":"article","og_title":"Pesquisa da CGTN: \u201cAm\u00e9rica primeiro\u201d prejudica as rela\u00e7\u00f5es entre EUA e Europa - CRI e Diario de Pernambuco","og_description":"Uma pesquisa realizada pela CGTN com 15.257 entrevistados em 38 pa\u00edses revelou que a pol\u00edtica \u201cAm\u00e9rica primeiro\u201d est\u00e1 afetando gravemente as rela\u00e7\u00f5es entre os EUA e a Europa, enquanto a confian\u00e7a nos EUA entre os entrevistados de seus aliados tradicionais...","og_url":"https:\/\/diariodepe.com.br\/cri\/2025\/03\/18\/pesquisa-da-cgtn-america-primeiro-prejudica-as-relacoes-entre-eua-e-europa\/","og_site_name":"CRI e Diario de Pernambuco","article_published_time":"2025-03-18T06:20:53+00:00","author":"Ismael Lucas S. Pereira","twitter_card":"summary_large_image","twitter_misc":{"Escrito por":"Ismael Lucas S. Pereira","Est. tempo de leitura":"3 minutos"},"schema":{"@context":"https:\/\/schema.org","@graph":[{"@type":"Article","@id":"https:\/\/diariodepe.com.br\/cri\/2025\/03\/18\/pesquisa-da-cgtn-america-primeiro-prejudica-as-relacoes-entre-eua-e-europa\/#article","isPartOf":{"@id":"https:\/\/diariodepe.com.br\/cri\/2025\/03\/18\/pesquisa-da-cgtn-america-primeiro-prejudica-as-relacoes-entre-eua-e-europa\/"},"author":{"name":"Ismael Lucas S. Pereira","@id":"https:\/\/diariodepe.com.br\/cri\/#\/schema\/person\/121bb28d84f1a5b1205ef4ce9c2e0c6b"},"headline":"Pesquisa da CGTN: \u201cAm\u00e9rica primeiro\u201d prejudica as rela\u00e7\u00f5es entre EUA e Europa","datePublished":"2025-03-18T06:20:53+00:00","mainEntityOfPage":{"@id":"https:\/\/diariodepe.com.br\/cri\/2025\/03\/18\/pesquisa-da-cgtn-america-primeiro-prejudica-as-relacoes-entre-eua-e-europa\/"},"wordCount":455,"commentCount":0,"publisher":{"@id":"https:\/\/diariodepe.com.br\/cri\/#organization"},"articleSection":["China"],"inLanguage":"pt-BR","potentialAction":[{"@type":"CommentAction","name":"Comment","target":["https:\/\/diariodepe.com.br\/cri\/2025\/03\/18\/pesquisa-da-cgtn-america-primeiro-prejudica-as-relacoes-entre-eua-e-europa\/#respond"]}]},{"@type":"WebPage","@id":"https:\/\/diariodepe.com.br\/cri\/2025\/03\/18\/pesquisa-da-cgtn-america-primeiro-prejudica-as-relacoes-entre-eua-e-europa\/","url":"https:\/\/diariodepe.com.br\/cri\/2025\/03\/18\/pesquisa-da-cgtn-america-primeiro-prejudica-as-relacoes-entre-eua-e-europa\/","name":"Pesquisa da CGTN: \u201cAm\u00e9rica primeiro\u201d prejudica as rela\u00e7\u00f5es entre EUA e Europa - CRI e Diario de Pernambuco","isPartOf":{"@id":"https:\/\/diariodepe.com.br\/cri\/#website"},"datePublished":"2025-03-18T06:20:53+00:00","breadcrumb":{"@id":"https:\/\/diariodepe.com.br\/cri\/2025\/03\/18\/pesquisa-da-cgtn-america-primeiro-prejudica-as-relacoes-entre-eua-e-europa\/#breadcrumb"},"inLanguage":"pt-BR","potentialAction":[{"@type":"ReadAction","target":["https:\/\/diariodepe.com.br\/cri\/2025\/03\/18\/pesquisa-da-cgtn-america-primeiro-prejudica-as-relacoes-entre-eua-e-europa\/"]}]},{"@type":"BreadcrumbList","@id":"https:\/\/diariodepe.com.br\/cri\/2025\/03\/18\/pesquisa-da-cgtn-america-primeiro-prejudica-as-relacoes-entre-eua-e-europa\/#breadcrumb","itemListElement":[{"@type":"ListItem","position":1,"name":"In\u00edcio","item":"https:\/\/diariodepe.com.br\/cri\/"},{"@type":"ListItem","position":2,"name":"Pesquisa da CGTN: \u201cAm\u00e9rica primeiro\u201d prejudica as rela\u00e7\u00f5es entre EUA e Europa"}]},{"@type":"WebSite","@id":"https:\/\/diariodepe.com.br\/cri\/#website","url":"https:\/\/diariodepe.com.br\/cri\/","name":"CRI e Diario de Pernambuco","description":"R\u00e1dio Internacional da China","publisher":{"@id":"https:\/\/diariodepe.com.br\/cri\/#organization"},"potentialAction":[{"@type":"SearchAction","target":{"@type":"EntryPoint","urlTemplate":"https:\/\/diariodepe.com.br\/cri\/?s={search_term_string}"},"query-input":{"@type":"PropertyValueSpecification","valueRequired":true,"valueName":"search_term_string"}}],"inLanguage":"pt-BR"},{"@type":"Organization","@id":"https:\/\/diariodepe.com.br\/cri\/#organization","name":"CRI e Diario de Pernambuco","url":"https:\/\/diariodepe.com.br\/cri\/","logo":{"@type":"ImageObject","inLanguage":"pt-BR","@id":"https:\/\/diariodepe.com.br\/cri\/#\/schema\/logo\/image\/","url":"https:\/\/diariodepe.com.br\/cri\/wp-content\/uploads\/sites\/2\/2022\/12\/cropped-Logo.jpg","contentUrl":"https:\/\/diariodepe.com.br\/cri\/wp-content\/uploads\/sites\/2\/2022\/12\/cropped-Logo.jpg","width":700,"height":59,"caption":"CRI e Diario de Pernambuco"},"image":{"@id":"https:\/\/diariodepe.com.br\/cri\/#\/schema\/logo\/image\/"}},{"@type":"Person","@id":"https:\/\/diariodepe.com.br\/cri\/#\/schema\/person\/121bb28d84f1a5b1205ef4ce9c2e0c6b","name":"Ismael Lucas S. Pereira","image":{"@type":"ImageObject","inLanguage":"pt-BR","@id":"https:\/\/secure.gravatar.com\/avatar\/887a0f3b5a7ceea963a48499fb883ffce6b5037362def025c52c2505b15d63e4?s=96&d=mm&r=g","url":"https:\/\/secure.gravatar.com\/avatar\/887a0f3b5a7ceea963a48499fb883ffce6b5037362def025c52c2505b15d63e4?s=96&d=mm&r=g","contentUrl":"https:\/\/secure.gravatar.com\/avatar\/887a0f3b5a7ceea963a48499fb883ffce6b5037362def025c52c2505b15d63e4?s=96&d=mm&r=g","caption":"Ismael Lucas S. Pereira"},"url":"https:\/\/diariodepe.com.br\/cri\/author\/ismael-lucas\/"}]}},"cc_featured_image_caption":{"caption_text":false,"source_text":false,"source_url":false},"amp_enabled":true,"_links":{"self":[{"href":"https:\/\/diariodepe.com.br\/cri\/wp-json\/wp\/v2\/posts\/7924","targetHints":{"allow":["GET"]}}],"collection":[{"href":"https:\/\/diariodepe.com.br\/cri\/wp-json\/wp\/v2\/posts"}],"about":[{"href":"https:\/\/diariodepe.com.br\/cri\/wp-json\/wp\/v2\/types\/post"}],"author":[{"embeddable":true,"href":"https:\/\/diariodepe.com.br\/cri\/wp-json\/wp\/v2\/users\/2"}],"replies":[{"embeddable":true,"href":"https:\/\/diariodepe.com.br\/cri\/wp-json\/wp\/v2\/comments?post=7924"}],"version-history":[{"count":1,"href":"https:\/\/diariodepe.com.br\/cri\/wp-json\/wp\/v2\/posts\/7924\/revisions"}],"predecessor-version":[{"id":7925,"href":"https:\/\/diariodepe.com.br\/cri\/wp-json\/wp\/v2\/posts\/7924\/revisions\/7925"}],"wp:attachment":[{"href":"https:\/\/diariodepe.com.br\/cri\/wp-json\/wp\/v2\/media?parent=7924"}],"wp:term":[{"taxonomy":"category","embeddable":true,"href":"https:\/\/diariodepe.com.br\/cri\/wp-json\/wp\/v2\/categories?post=7924"},{"taxonomy":"post_tag","embeddable":true,"href":"https:\/\/diariodepe.com.br\/cri\/wp-json\/wp\/v2\/tags?post=7924"}],"curies":[{"name":"wp","href":"https:\/\/api.w.org\/{rel}","templated":true}]}}