{"id":7835,"date":"2025-03-17T23:31:00","date_gmt":"2025-03-18T02:31:00","guid":{"rendered":"https:\/\/diariodepe.com.br\/cri\/?p=7835"},"modified":"2025-03-17T23:31:00","modified_gmt":"2025-03-18T02:31:00","slug":"china-e-eua-devem-insistir-em-respeito-mutuo-e-coexistencia-pacifica-afirma-chanceler-chines","status":"publish","type":"post","link":"https:\/\/diariodepe.com.br\/cri\/2025\/03\/17\/china-e-eua-devem-insistir-em-respeito-mutuo-e-coexistencia-pacifica-afirma-chanceler-chines\/","title":{"rendered":"China e EUA devem insistir em respeito m\u00fatuo e coexist\u00eancia pac\u00edfica, afirma chanceler chin\u00eas"},"content":{"rendered":"<p><span lang=\"PT-BR\">O ministro das Rela\u00e7\u00f5es Exteriores da China, Wang Yi, se encontrou nesta ter<\/span><span lang=\"PT\">\u00e7a-feira<\/span><span lang=\"PT\">\u00a0<\/span><span lang=\"PT-BR\">(18) com representantes de diversos setores dos Estados Unidos durante sua participa\u00e7\u00e3o na\u00a0<\/span><span lang=\"PT\">reuni\u00e3o de alto n\u00edvel do Conselho de Seguran\u00e7a da ONU,\u00a0<\/span><span lang=\"PT-BR\">em Nova York.<\/span><\/p>\n<p><span lang=\"PT-BR\">Wang Yi afirmou que, como membros permanentes do Conselho de Seguran\u00e7a da ONU e duas maiores economias do mundo, a China e os Estados Unidos devem seguir os princ\u00edpios de respeito m\u00fatuo, coexist\u00eancia pac\u00edfica e coopera\u00e7\u00e3o ganha-ganha, encontrando um caminho adequado para a conviv\u00eancia entre ambos e explorando formas de realizar mais a\u00e7\u00f5es ben\u00e9ficas para ambas as partes e para o mundo.<\/span><\/p>\n<p><span lang=\"PT-BR\">A\u00a0<\/span><span lang=\"PT\">China e os EUA possuem\u00a0<\/span><span lang=\"PT-BR\">amplos interesses comuns e vasto espa\u00e7o de coopera\u00e7\u00e3o. Assim, devem respeitar efetivamente as prioridades de cada um, fortalecer a comunica\u00e7\u00e3o, estabelecer a confian\u00e7a m\u00fatua, eliminar interfer\u00eancias e superar obst\u00e1culos para promover a melhora e a estabilidade das rela\u00e7\u00f5es bilaterais. O lado chin\u00eas aprecia os esfor\u00e7os dos representantes do setor empresarial e estrat\u00e9gico estadunidense\u00a0<\/span><span lang=\"PT\">na promo\u00e7\u00e3o d<\/span><span lang=\"PT-BR\">o entendimento m\u00fatuo e do desenvolvimento dos la\u00e7os bilaterais, e espera que todos contribuam de forma construtiva para sua manuten\u00e7\u00e3o e progresso saud\u00e1vel.<\/span><\/p>\n","protected":false},"excerpt":{"rendered":"<p>O ministro das Rela\u00e7\u00f5es Exteriores da China, Wang Yi, se encontrou nesta ter\u00e7a-feira\u00a0(18) com representantes de diversos setores dos Estados Unidos durante sua participa\u00e7\u00e3o na\u00a0reuni\u00e3o de alto n\u00edvel do Conselho de Seguran\u00e7a da ONU,\u00a0em Nova York. Wang Yi afirmou que,&#8230;<\/p>\n","protected":false},"author":2,"featured_media":0,"comment_status":"open","ping_status":"open","sticky":false,"template":"","format":"standard","meta":{"footnotes":""},"categories":[3],"tags":[],"class_list":["post-7835","post","type-post","status-publish","format-standard","hentry","category-china"],"yoast_head":"<!-- This site is optimized with the Yoast SEO plugin v27.4 - https:\/\/yoast.com\/product\/yoast-seo-wordpress\/ -->\n<title>China e EUA devem insistir em respeito m\u00fatuo e coexist\u00eancia pac\u00edfica, afirma chanceler chin\u00eas - CRI e Diario de Pernambuco<\/title>\n<meta name=\"robots\" content=\"index, follow, max-snippet:-1, max-image-preview:large, max-video-preview:-1\" \/>\n<link rel=\"canonical\" href=\"https:\/\/diariodepe.com.br\/cri\/2025\/03\/17\/china-e-eua-devem-insistir-em-respeito-mutuo-e-coexistencia-pacifica-afirma-chanceler-chines\/\" \/>\n<meta property=\"og:locale\" content=\"pt_BR\" \/>\n<meta property=\"og:type\" content=\"article\" \/>\n<meta property=\"og:title\" content=\"China e EUA devem insistir em respeito m\u00fatuo e coexist\u00eancia pac\u00edfica, afirma chanceler chin\u00eas - CRI e Diario de Pernambuco\" \/>\n<meta property=\"og:description\" content=\"O ministro das Rela\u00e7\u00f5es Exteriores da China, Wang Yi, se encontrou nesta ter\u00e7a-feira\u00a0(18) com representantes de diversos setores dos Estados Unidos durante sua participa\u00e7\u00e3o na\u00a0reuni\u00e3o de alto n\u00edvel do Conselho de Seguran\u00e7a da ONU,\u00a0em Nova York. Wang Yi afirmou que,...\" \/>\n<meta property=\"og:url\" content=\"https:\/\/diariodepe.com.br\/cri\/2025\/03\/17\/china-e-eua-devem-insistir-em-respeito-mutuo-e-coexistencia-pacifica-afirma-chanceler-chines\/\" \/>\n<meta property=\"og:site_name\" content=\"CRI e Diario de Pernambuco\" \/>\n<meta property=\"article:published_time\" content=\"2025-03-18T02:31:00+00:00\" \/>\n<meta name=\"author\" content=\"Ismael Lucas S. Pereira\" \/>\n<meta name=\"twitter:card\" content=\"summary_large_image\" \/>\n<meta name=\"twitter:label1\" content=\"Escrito por\" \/>\n\t<meta name=\"twitter:data1\" content=\"Ismael Lucas S. Pereira\" \/>\n\t<meta name=\"twitter:label2\" content=\"Est. tempo de leitura\" \/>\n\t<meta name=\"twitter:data2\" content=\"2 minutos\" \/>\n<script type=\"application\/ld+json\" class=\"yoast-schema-graph\">{\"@context\":\"https:\\\/\\\/schema.org\",\"@graph\":[{\"@type\":\"Article\",\"@id\":\"https:\\\/\\\/diariodepe.com.br\\\/cri\\\/2025\\\/03\\\/17\\\/china-e-eua-devem-insistir-em-respeito-mutuo-e-coexistencia-pacifica-afirma-chanceler-chines\\\/#article\",\"isPartOf\":{\"@id\":\"https:\\\/\\\/diariodepe.com.br\\\/cri\\\/2025\\\/03\\\/17\\\/china-e-eua-devem-insistir-em-respeito-mutuo-e-coexistencia-pacifica-afirma-chanceler-chines\\\/\"},\"author\":{\"name\":\"Ismael Lucas S. Pereira\",\"@id\":\"https:\\\/\\\/diariodepe.com.br\\\/cri\\\/#\\\/schema\\\/person\\\/121bb28d84f1a5b1205ef4ce9c2e0c6b\"},\"headline\":\"China e EUA devem insistir em respeito m\u00fatuo e coexist\u00eancia pac\u00edfica, afirma chanceler chin\u00eas\",\"datePublished\":\"2025-03-18T02:31:00+00:00\",\"mainEntityOfPage\":{\"@id\":\"https:\\\/\\\/diariodepe.com.br\\\/cri\\\/2025\\\/03\\\/17\\\/china-e-eua-devem-insistir-em-respeito-mutuo-e-coexistencia-pacifica-afirma-chanceler-chines\\\/\"},\"wordCount\":234,\"commentCount\":0,\"publisher\":{\"@id\":\"https:\\\/\\\/diariodepe.com.br\\\/cri\\\/#organization\"},\"articleSection\":[\"China\"],\"inLanguage\":\"pt-BR\",\"potentialAction\":[{\"@type\":\"CommentAction\",\"name\":\"Comment\",\"target\":[\"https:\\\/\\\/diariodepe.com.br\\\/cri\\\/2025\\\/03\\\/17\\\/china-e-eua-devem-insistir-em-respeito-mutuo-e-coexistencia-pacifica-afirma-chanceler-chines\\\/#respond\"]}]},{\"@type\":\"WebPage\",\"@id\":\"https:\\\/\\\/diariodepe.com.br\\\/cri\\\/2025\\\/03\\\/17\\\/china-e-eua-devem-insistir-em-respeito-mutuo-e-coexistencia-pacifica-afirma-chanceler-chines\\\/\",\"url\":\"https:\\\/\\\/diariodepe.com.br\\\/cri\\\/2025\\\/03\\\/17\\\/china-e-eua-devem-insistir-em-respeito-mutuo-e-coexistencia-pacifica-afirma-chanceler-chines\\\/\",\"name\":\"China e EUA devem insistir em respeito m\u00fatuo e coexist\u00eancia pac\u00edfica, afirma chanceler chin\u00eas - CRI e Diario de Pernambuco\",\"isPartOf\":{\"@id\":\"https:\\\/\\\/diariodepe.com.br\\\/cri\\\/#website\"},\"datePublished\":\"2025-03-18T02:31:00+00:00\",\"breadcrumb\":{\"@id\":\"https:\\\/\\\/diariodepe.com.br\\\/cri\\\/2025\\\/03\\\/17\\\/china-e-eua-devem-insistir-em-respeito-mutuo-e-coexistencia-pacifica-afirma-chanceler-chines\\\/#breadcrumb\"},\"inLanguage\":\"pt-BR\",\"potentialAction\":[{\"@type\":\"ReadAction\",\"target\":[\"https:\\\/\\\/diariodepe.com.br\\\/cri\\\/2025\\\/03\\\/17\\\/china-e-eua-devem-insistir-em-respeito-mutuo-e-coexistencia-pacifica-afirma-chanceler-chines\\\/\"]}]},{\"@type\":\"BreadcrumbList\",\"@id\":\"https:\\\/\\\/diariodepe.com.br\\\/cri\\\/2025\\\/03\\\/17\\\/china-e-eua-devem-insistir-em-respeito-mutuo-e-coexistencia-pacifica-afirma-chanceler-chines\\\/#breadcrumb\",\"itemListElement\":[{\"@type\":\"ListItem\",\"position\":1,\"name\":\"In\u00edcio\",\"item\":\"https:\\\/\\\/diariodepe.com.br\\\/cri\\\/\"},{\"@type\":\"ListItem\",\"position\":2,\"name\":\"China e EUA devem insistir em respeito m\u00fatuo e coexist\u00eancia pac\u00edfica, afirma chanceler chin\u00eas\"}]},{\"@type\":\"WebSite\",\"@id\":\"https:\\\/\\\/diariodepe.com.br\\\/cri\\\/#website\",\"url\":\"https:\\\/\\\/diariodepe.com.br\\\/cri\\\/\",\"name\":\"CRI e Diario de Pernambuco\",\"description\":\"R\u00e1dio Internacional da China\",\"publisher\":{\"@id\":\"https:\\\/\\\/diariodepe.com.br\\\/cri\\\/#organization\"},\"potentialAction\":[{\"@type\":\"SearchAction\",\"target\":{\"@type\":\"EntryPoint\",\"urlTemplate\":\"https:\\\/\\\/diariodepe.com.br\\\/cri\\\/?s={search_term_string}\"},\"query-input\":{\"@type\":\"PropertyValueSpecification\",\"valueRequired\":true,\"valueName\":\"search_term_string\"}}],\"inLanguage\":\"pt-BR\"},{\"@type\":\"Organization\",\"@id\":\"https:\\\/\\\/diariodepe.com.br\\\/cri\\\/#organization\",\"name\":\"CRI e Diario de Pernambuco\",\"url\":\"https:\\\/\\\/diariodepe.com.br\\\/cri\\\/\",\"logo\":{\"@type\":\"ImageObject\",\"inLanguage\":\"pt-BR\",\"@id\":\"https:\\\/\\\/diariodepe.com.br\\\/cri\\\/#\\\/schema\\\/logo\\\/image\\\/\",\"url\":\"https:\\\/\\\/diariodepe.com.br\\\/cri\\\/wp-content\\\/uploads\\\/sites\\\/2\\\/2022\\\/12\\\/cropped-Logo.jpg\",\"contentUrl\":\"https:\\\/\\\/diariodepe.com.br\\\/cri\\\/wp-content\\\/uploads\\\/sites\\\/2\\\/2022\\\/12\\\/cropped-Logo.jpg\",\"width\":700,\"height\":59,\"caption\":\"CRI e Diario de Pernambuco\"},\"image\":{\"@id\":\"https:\\\/\\\/diariodepe.com.br\\\/cri\\\/#\\\/schema\\\/logo\\\/image\\\/\"}},{\"@type\":\"Person\",\"@id\":\"https:\\\/\\\/diariodepe.com.br\\\/cri\\\/#\\\/schema\\\/person\\\/121bb28d84f1a5b1205ef4ce9c2e0c6b\",\"name\":\"Ismael Lucas S. Pereira\",\"image\":{\"@type\":\"ImageObject\",\"inLanguage\":\"pt-BR\",\"@id\":\"https:\\\/\\\/secure.gravatar.com\\\/avatar\\\/887a0f3b5a7ceea963a48499fb883ffce6b5037362def025c52c2505b15d63e4?s=96&d=mm&r=g\",\"url\":\"https:\\\/\\\/secure.gravatar.com\\\/avatar\\\/887a0f3b5a7ceea963a48499fb883ffce6b5037362def025c52c2505b15d63e4?s=96&d=mm&r=g\",\"contentUrl\":\"https:\\\/\\\/secure.gravatar.com\\\/avatar\\\/887a0f3b5a7ceea963a48499fb883ffce6b5037362def025c52c2505b15d63e4?s=96&d=mm&r=g\",\"caption\":\"Ismael Lucas S. Pereira\"},\"url\":\"https:\\\/\\\/diariodepe.com.br\\\/cri\\\/author\\\/ismael-lucas\\\/\"}]}<\/script>\n<!-- \/ Yoast SEO plugin. -->","yoast_head_json":{"title":"China e EUA devem insistir em respeito m\u00fatuo e coexist\u00eancia pac\u00edfica, afirma chanceler chin\u00eas - CRI e Diario de Pernambuco","robots":{"index":"index","follow":"follow","max-snippet":"max-snippet:-1","max-image-preview":"max-image-preview:large","max-video-preview":"max-video-preview:-1"},"canonical":"https:\/\/diariodepe.com.br\/cri\/2025\/03\/17\/china-e-eua-devem-insistir-em-respeito-mutuo-e-coexistencia-pacifica-afirma-chanceler-chines\/","og_locale":"pt_BR","og_type":"article","og_title":"China e EUA devem insistir em respeito m\u00fatuo e coexist\u00eancia pac\u00edfica, afirma chanceler chin\u00eas - CRI e Diario de Pernambuco","og_description":"O ministro das Rela\u00e7\u00f5es Exteriores da China, Wang Yi, se encontrou nesta ter\u00e7a-feira\u00a0(18) com representantes de diversos setores dos Estados Unidos durante sua participa\u00e7\u00e3o na\u00a0reuni\u00e3o de alto n\u00edvel do Conselho de Seguran\u00e7a da ONU,\u00a0em Nova York. Wang Yi afirmou que,...","og_url":"https:\/\/diariodepe.com.br\/cri\/2025\/03\/17\/china-e-eua-devem-insistir-em-respeito-mutuo-e-coexistencia-pacifica-afirma-chanceler-chines\/","og_site_name":"CRI e Diario de Pernambuco","article_published_time":"2025-03-18T02:31:00+00:00","author":"Ismael Lucas S. Pereira","twitter_card":"summary_large_image","twitter_misc":{"Escrito por":"Ismael Lucas S. Pereira","Est. tempo de leitura":"2 minutos"},"schema":{"@context":"https:\/\/schema.org","@graph":[{"@type":"Article","@id":"https:\/\/diariodepe.com.br\/cri\/2025\/03\/17\/china-e-eua-devem-insistir-em-respeito-mutuo-e-coexistencia-pacifica-afirma-chanceler-chines\/#article","isPartOf":{"@id":"https:\/\/diariodepe.com.br\/cri\/2025\/03\/17\/china-e-eua-devem-insistir-em-respeito-mutuo-e-coexistencia-pacifica-afirma-chanceler-chines\/"},"author":{"name":"Ismael Lucas S. Pereira","@id":"https:\/\/diariodepe.com.br\/cri\/#\/schema\/person\/121bb28d84f1a5b1205ef4ce9c2e0c6b"},"headline":"China e EUA devem insistir em respeito m\u00fatuo e coexist\u00eancia pac\u00edfica, afirma chanceler chin\u00eas","datePublished":"2025-03-18T02:31:00+00:00","mainEntityOfPage":{"@id":"https:\/\/diariodepe.com.br\/cri\/2025\/03\/17\/china-e-eua-devem-insistir-em-respeito-mutuo-e-coexistencia-pacifica-afirma-chanceler-chines\/"},"wordCount":234,"commentCount":0,"publisher":{"@id":"https:\/\/diariodepe.com.br\/cri\/#organization"},"articleSection":["China"],"inLanguage":"pt-BR","potentialAction":[{"@type":"CommentAction","name":"Comment","target":["https:\/\/diariodepe.com.br\/cri\/2025\/03\/17\/china-e-eua-devem-insistir-em-respeito-mutuo-e-coexistencia-pacifica-afirma-chanceler-chines\/#respond"]}]},{"@type":"WebPage","@id":"https:\/\/diariodepe.com.br\/cri\/2025\/03\/17\/china-e-eua-devem-insistir-em-respeito-mutuo-e-coexistencia-pacifica-afirma-chanceler-chines\/","url":"https:\/\/diariodepe.com.br\/cri\/2025\/03\/17\/china-e-eua-devem-insistir-em-respeito-mutuo-e-coexistencia-pacifica-afirma-chanceler-chines\/","name":"China e EUA devem insistir em respeito m\u00fatuo e coexist\u00eancia pac\u00edfica, afirma chanceler chin\u00eas - CRI e Diario de Pernambuco","isPartOf":{"@id":"https:\/\/diariodepe.com.br\/cri\/#website"},"datePublished":"2025-03-18T02:31:00+00:00","breadcrumb":{"@id":"https:\/\/diariodepe.com.br\/cri\/2025\/03\/17\/china-e-eua-devem-insistir-em-respeito-mutuo-e-coexistencia-pacifica-afirma-chanceler-chines\/#breadcrumb"},"inLanguage":"pt-BR","potentialAction":[{"@type":"ReadAction","target":["https:\/\/diariodepe.com.br\/cri\/2025\/03\/17\/china-e-eua-devem-insistir-em-respeito-mutuo-e-coexistencia-pacifica-afirma-chanceler-chines\/"]}]},{"@type":"BreadcrumbList","@id":"https:\/\/diariodepe.com.br\/cri\/2025\/03\/17\/china-e-eua-devem-insistir-em-respeito-mutuo-e-coexistencia-pacifica-afirma-chanceler-chines\/#breadcrumb","itemListElement":[{"@type":"ListItem","position":1,"name":"In\u00edcio","item":"https:\/\/diariodepe.com.br\/cri\/"},{"@type":"ListItem","position":2,"name":"China e EUA devem insistir em respeito m\u00fatuo e coexist\u00eancia pac\u00edfica, afirma chanceler chin\u00eas"}]},{"@type":"WebSite","@id":"https:\/\/diariodepe.com.br\/cri\/#website","url":"https:\/\/diariodepe.com.br\/cri\/","name":"CRI e Diario de Pernambuco","description":"R\u00e1dio Internacional da China","publisher":{"@id":"https:\/\/diariodepe.com.br\/cri\/#organization"},"potentialAction":[{"@type":"SearchAction","target":{"@type":"EntryPoint","urlTemplate":"https:\/\/diariodepe.com.br\/cri\/?s={search_term_string}"},"query-input":{"@type":"PropertyValueSpecification","valueRequired":true,"valueName":"search_term_string"}}],"inLanguage":"pt-BR"},{"@type":"Organization","@id":"https:\/\/diariodepe.com.br\/cri\/#organization","name":"CRI e Diario de Pernambuco","url":"https:\/\/diariodepe.com.br\/cri\/","logo":{"@type":"ImageObject","inLanguage":"pt-BR","@id":"https:\/\/diariodepe.com.br\/cri\/#\/schema\/logo\/image\/","url":"https:\/\/diariodepe.com.br\/cri\/wp-content\/uploads\/sites\/2\/2022\/12\/cropped-Logo.jpg","contentUrl":"https:\/\/diariodepe.com.br\/cri\/wp-content\/uploads\/sites\/2\/2022\/12\/cropped-Logo.jpg","width":700,"height":59,"caption":"CRI e Diario de Pernambuco"},"image":{"@id":"https:\/\/diariodepe.com.br\/cri\/#\/schema\/logo\/image\/"}},{"@type":"Person","@id":"https:\/\/diariodepe.com.br\/cri\/#\/schema\/person\/121bb28d84f1a5b1205ef4ce9c2e0c6b","name":"Ismael Lucas S. Pereira","image":{"@type":"ImageObject","inLanguage":"pt-BR","@id":"https:\/\/secure.gravatar.com\/avatar\/887a0f3b5a7ceea963a48499fb883ffce6b5037362def025c52c2505b15d63e4?s=96&d=mm&r=g","url":"https:\/\/secure.gravatar.com\/avatar\/887a0f3b5a7ceea963a48499fb883ffce6b5037362def025c52c2505b15d63e4?s=96&d=mm&r=g","contentUrl":"https:\/\/secure.gravatar.com\/avatar\/887a0f3b5a7ceea963a48499fb883ffce6b5037362def025c52c2505b15d63e4?s=96&d=mm&r=g","caption":"Ismael Lucas S. Pereira"},"url":"https:\/\/diariodepe.com.br\/cri\/author\/ismael-lucas\/"}]}},"cc_featured_image_caption":{"caption_text":false,"source_text":false,"source_url":false},"amp_enabled":true,"_links":{"self":[{"href":"https:\/\/diariodepe.com.br\/cri\/wp-json\/wp\/v2\/posts\/7835","targetHints":{"allow":["GET"]}}],"collection":[{"href":"https:\/\/diariodepe.com.br\/cri\/wp-json\/wp\/v2\/posts"}],"about":[{"href":"https:\/\/diariodepe.com.br\/cri\/wp-json\/wp\/v2\/types\/post"}],"author":[{"embeddable":true,"href":"https:\/\/diariodepe.com.br\/cri\/wp-json\/wp\/v2\/users\/2"}],"replies":[{"embeddable":true,"href":"https:\/\/diariodepe.com.br\/cri\/wp-json\/wp\/v2\/comments?post=7835"}],"version-history":[{"count":1,"href":"https:\/\/diariodepe.com.br\/cri\/wp-json\/wp\/v2\/posts\/7835\/revisions"}],"predecessor-version":[{"id":7836,"href":"https:\/\/diariodepe.com.br\/cri\/wp-json\/wp\/v2\/posts\/7835\/revisions\/7836"}],"wp:attachment":[{"href":"https:\/\/diariodepe.com.br\/cri\/wp-json\/wp\/v2\/media?parent=7835"}],"wp:term":[{"taxonomy":"category","embeddable":true,"href":"https:\/\/diariodepe.com.br\/cri\/wp-json\/wp\/v2\/categories?post=7835"},{"taxonomy":"post_tag","embeddable":true,"href":"https:\/\/diariodepe.com.br\/cri\/wp-json\/wp\/v2\/tags?post=7835"}],"curies":[{"name":"wp","href":"https:\/\/api.w.org\/{rel}","templated":true}]}}