{"id":7818,"date":"2025-03-12T04:36:34","date_gmt":"2025-03-12T07:36:34","guid":{"rendered":"https:\/\/diariodepe.com.br\/cri\/?p=7818"},"modified":"2025-03-12T04:36:34","modified_gmt":"2025-03-12T07:36:34","slug":"respeitar-a-diversidade-a-china-e-os-dois-anos-da-iniciativa-de-civilizacao-global","status":"publish","type":"post","link":"https:\/\/diariodepe.com.br\/cri\/2025\/03\/12\/respeitar-a-diversidade-a-china-e-os-dois-anos-da-iniciativa-de-civilizacao-global\/","title":{"rendered":"Respeitar a diversidade: a China e os dois anos da Iniciativa de Civiliza\u00e7\u00e3o Global"},"content":{"rendered":"<p><img decoding=\"async\" src=\"https:\/\/38picres.cgtn.com\/photoAlbum\/page\/performance\/img\/2025\/3\/12\/1741750179308_15.jpg\" width=\"100%\" height=\"auto\" \/>Autor:\u00a0<em>Elias Jabbour, professor associado da Faculdade de Ci\u00eancias Econ\u00f4micas da Universidade do Estado do Rio de Janeiro<\/em><\/p>\n<p><span lang=\"PT-BR\">No dia 15 de mar\u00e7o de 2023 o presidente Xi Jinping fez um importante discurso no \u00e2mbito d<\/span><span lang=\"PT-BR\">a<\/span><span lang=\"PT-BR\">\u00a0Reuni\u00e3o de Alto N\u00edvel para o Di\u00e1logo entre o Partido C<\/span><span lang=\"PT-BR\">o<\/span><span lang=\"PT\">munista da China\u00a0<\/span><span lang=\"PT-BR\">(<\/span><span lang=\"PT-BR\">PCCh) e Partidos Pol\u00edticos do Mundo. Naquela ocasi\u00e3o, a ideia-for\u00e7a lan\u00e7ada pelo presidente chin\u00eas foi o \u201crespeito \u00e0s civiliza\u00e7\u00f5es e sua diversidade\u201d. Essa hist\u00f3rica apresenta\u00e7\u00e3o do l\u00edder chin\u00eas instou todos \u00e0 defesa dos princ\u00edpios de igualdade, aprendizado m\u00fatuo, di\u00e1logo e inclus\u00e3o entre as civiliza\u00e7\u00f5es, permitindo que os interc\u00e2mbios culturais transcendam o afastamento, que o aprendizado m\u00fatuo transcenda os conflitos e que a inclus\u00e3o transcenda qualquer sentimento de superioridade.<\/span><\/p>\n<p><span lang=\"PT-BR\">O presidente da Rep\u00fablica Popular da China, em tom de amplitude e respeito \u00e0 hist\u00f3ria de todos os povos e na\u00e7\u00f5es, deu \u00eanfase \u00e0 import\u00e2ncia dos \u201cvalores comuns da humanidade\u201d como guia para rela\u00e7\u00f5es internacionais e aspira\u00e7\u00f5es de todos os povos. Esses valores seriam: a paz, o desenvolvimento, a equidade, a justi\u00e7a, a democracia e a liberdade. Ele afirmou que a heran\u00e7a e a inova\u00e7\u00e3o das civiliza\u00e7\u00f5es devem ser altamente valorizadas e que os pa\u00edses precisam aproveitar plenamente a relev\u00e2ncia de suas hist\u00f3rias e culturas para os tempos atuais, promovendo a transforma\u00e7\u00e3o criativa e o desenvolvimento inovador de suas valiosas culturas tradicionais.<\/span><\/p>\n<p><img decoding=\"async\" src=\"https:\/\/38picres.cgtn.com\/photoAlbum\/page\/performance\/img\/2025\/3\/12\/1741750377610_455.jpg\" width=\"100%\" height=\"auto\" \/><\/p>\n<p><span lang=\"PT-BR\">Para alcan\u00e7ar os objetivos de forma\u00e7\u00e3o de uma \u201cCiviliza\u00e7\u00e3o Global\u201d, faz-se muito necess\u00e1rio a promo\u00e7\u00e3o do interc\u00e2mbio entre os povos do mundo, bem como a constru\u00e7\u00e3o de uma rede global para o di\u00e1logo e a coopera\u00e7\u00e3o intercivilizacional. Interessante notar que, atualmente, existe uma verdadeira onda de expuls\u00f5es e deporta\u00e7\u00f5es em massa de trabalhadores estrangeiros em pa\u00edses que se autodenominam \u201ccivilizados\u201d. Essa Iniciativa de Civiliza\u00e7\u00e3o Global, ao propor uma abordagem mais enf\u00e1tica no sentido do respeito e absor\u00e7\u00e3o da diferen\u00e7a, coloca a China como o pa\u00eds do mundo cuja defesa da paz, do respeito e da soberania passou a ser um princ\u00edpio existencial da na\u00e7\u00e3o chinesa e parte dos conceitos que formam a teoria do \u201csocialismo com caracter\u00edsticas chinesas\u201d.<\/span><\/p>\n<p><span lang=\"PT-BR\">Por outro lado, a iniciativa \u00e9 muito clara e remete \u00e0 necessidade de cada pa\u00eds ou povo manter uma mente aberta para apreciar e absorver os valores de diferentes civiliza\u00e7\u00f5es, ao mesmo tempo em que se deve evitar a imposi\u00e7\u00e3o de seus pr\u00f3prios valores a outros pa\u00edses. Essa iniciativa chinesa busca demarcar uma vis\u00e3o tolerante e civilizat\u00f3ria de mundo, em contraposi\u00e7\u00e3o \u00e0s tentativas de exportar valores, modelos de sociedade e incitar o racismo, a xenofobia e a confronta\u00e7\u00e3o ideol\u00f3gica. Outro ponto a ser observado \u00e9 o fato de cada pa\u00eds seguir seu pr\u00f3prio caminho para alcan\u00e7ar a paz social e o desenvolvimento, sem necessariamente importar valores e f\u00f3rmulas de outros pa\u00edses.<\/span><\/p>\n<p><span lang=\"PT-BR\">Nesse sentido, a moderniza\u00e7\u00e3o e o desenvolvimento n\u00e3o podem ser vistos como uma \u201cmarca exclusiva\u201d de alguns pa\u00edses, nem podem ter uma \u00fanica f\u00f3rmula. Para\u00a0<\/span><span lang=\"PT-BR\">que\u00a0<\/span><span lang=\"PT-BR\">qualquer na\u00e7\u00e3o alcance a moderniza\u00e7\u00e3o, \u00e9 necess\u00e1rio n\u00e3o apenas seguir as leis gerais que regem esse processo, mas, sobretudo, considerar as suas pr\u00f3prias condi\u00e7\u00f5es nacionais e caracter\u00edsticas \u00fanicas.<\/span><\/p>\n<p><span lang=\"PT-BR\">O desenvolvimento da China deve ser observado dentro do escopo de um processo que traz benef\u00edcios n\u00e3o somente ao seu povo, mas tamb\u00e9m ao mundo. Cada pa\u00eds deve tirar o melhor proveito da experi\u00eancia chinesa para iniciativas baseadas em suas pr\u00f3prias realidades. Outro ponto importante sobre o desenvolvimento da China \u00e9 seu car\u00e1ter pac\u00edfico, sem a necessidade de colonizar, pilhar outros pa\u00edses ou subverter os valores de outras na\u00e7\u00f5es. Tampouco dever\u00e1 seguir o caminho de outras pot\u00eancias que se transformaram em for\u00e7as imperialistas, dispostas a moldar o mundo \u00e0 sua imagem e semelhan\u00e7a.<\/span><\/p>\n<p><img decoding=\"async\" src=\"https:\/\/38picres.cgtn.com\/photoAlbum\/page\/performance\/img\/2025\/3\/12\/1741750420557_15.jpg\" width=\"100%\" height=\"auto\" \/><\/p>\n<p><span lang=\"PT-BR\">Devemos entender o contexto do lan\u00e7amento da Iniciativa de Civiliza\u00e7\u00e3o Global. Desde a crise financeira de 2007-2008, passando pela pandemia de Covid-19 e pelo avan\u00e7o do protecionismo econ\u00f4mico dos Estados Unidos, o mundo adentrou em uma era marcada por grandes incertezas, amea\u00e7as \u00e0 globaliza\u00e7\u00e3o econ\u00f4mica e conflitos (armados ou n\u00e3o) em todos os cantos do planeta. A intoler\u00e2ncia, o racismo e a xenofobia passaram a fazer parte do cotidiano global, e a ascens\u00e3o de for\u00e7as pol\u00edticas de extrema-direita em v\u00e1rios pa\u00edses amea\u00e7a o mundo com um retrocesso a tempos sombrios. A for\u00e7a dos Estados Unidos reside em sua capacidade de influenciar povos e pa\u00edses em favor de seus objetivos. A exporta\u00e7\u00e3o de seu modelo de \u201cdemocracia\u201d serve a objetivos puramente pol\u00edticos, subvertendo a hist\u00f3ria de cada na\u00e7\u00e3o e provocando mais confus\u00e3o, intoler\u00e2ncia e guerra.<\/span><\/p>\n<p><span lang=\"PT-BR\">A cada ano que passa, a Iniciativa de Civiliza\u00e7\u00e3o Global ganha relev\u00e2ncia e atualidade. A marca registrada das iniciativas lan\u00e7adas pela China est\u00e1 na antecipa\u00e7\u00e3o dos problemas que afligem o desenvolvimento mundial. Por exemplo, a Iniciativa Cintur\u00e3o e Rota previu a necessidade de uma onda de investimentos em interconex\u00e3o global e interc\u00e2mbio industrial, produtivo, financeiro e comercial,\u00a0<\/span><span lang=\"PT-BR\">\u00a0<\/span><span lang=\"PT-BR\">algo que hoje se mostra plenamente acertado. O mesmo acontece na Iniciativa de Civiliza\u00e7\u00e3o Global, na qual a China e sua diplomacia, partindo de seu pr\u00f3prio exemplo de toler\u00e2ncia \u00e0 diversidade, enviam ao mundo os sinais necess\u00e1rios para promover a paz e o direito ao desenvolvimento .<\/span><\/p>\n<p><i><span lang=\"PT-BR\">(Artigo redigido em coopera\u00e7\u00e3o com o Grupo de M\u00eddia da China)<\/span><\/i><\/p>\n","protected":false},"excerpt":{"rendered":"<p>Autor:\u00a0Elias Jabbour, professor associado da Faculdade de Ci\u00eancias Econ\u00f4micas da Universidade do Estado do Rio de Janeiro No dia 15 de mar\u00e7o de 2023 o presidente Xi Jinping fez um importante discurso no \u00e2mbito da\u00a0Reuni\u00e3o de Alto N\u00edvel para o&#8230;<\/p>\n","protected":false},"author":2,"featured_media":0,"comment_status":"open","ping_status":"open","sticky":false,"template":"","format":"standard","meta":{"footnotes":""},"categories":[7],"tags":[],"class_list":["post-7818","post","type-post","status-publish","format-standard","hentry","category-visao"],"yoast_head":"<!-- This site is optimized with the Yoast SEO plugin v27.4 - https:\/\/yoast.com\/product\/yoast-seo-wordpress\/ -->\n<title>Respeitar a diversidade: a China e os dois anos da Iniciativa de Civiliza\u00e7\u00e3o Global - CRI e Diario de Pernambuco<\/title>\n<meta name=\"robots\" content=\"index, follow, max-snippet:-1, max-image-preview:large, max-video-preview:-1\" \/>\n<link rel=\"canonical\" href=\"https:\/\/diariodepe.com.br\/cri\/2025\/03\/12\/respeitar-a-diversidade-a-china-e-os-dois-anos-da-iniciativa-de-civilizacao-global\/\" \/>\n<meta property=\"og:locale\" content=\"pt_BR\" \/>\n<meta property=\"og:type\" content=\"article\" \/>\n<meta property=\"og:title\" content=\"Respeitar a diversidade: a China e os dois anos da Iniciativa de Civiliza\u00e7\u00e3o Global - CRI e Diario de Pernambuco\" \/>\n<meta property=\"og:description\" content=\"Autor:\u00a0Elias Jabbour, professor associado da Faculdade de Ci\u00eancias Econ\u00f4micas da Universidade do Estado do Rio de Janeiro No dia 15 de mar\u00e7o de 2023 o presidente Xi Jinping fez um importante discurso no \u00e2mbito da\u00a0Reuni\u00e3o de Alto N\u00edvel para o...\" \/>\n<meta property=\"og:url\" content=\"https:\/\/diariodepe.com.br\/cri\/2025\/03\/12\/respeitar-a-diversidade-a-china-e-os-dois-anos-da-iniciativa-de-civilizacao-global\/\" \/>\n<meta property=\"og:site_name\" content=\"CRI e Diario de Pernambuco\" \/>\n<meta property=\"article:published_time\" content=\"2025-03-12T07:36:34+00:00\" \/>\n<meta property=\"og:image\" content=\"https:\/\/38picres.cgtn.com\/photoAlbum\/page\/performance\/img\/2025\/3\/12\/1741750179308_15.jpg\" \/>\n<meta name=\"author\" content=\"Ismael Lucas S. Pereira\" \/>\n<meta name=\"twitter:card\" content=\"summary_large_image\" \/>\n<meta name=\"twitter:label1\" content=\"Escrito por\" \/>\n\t<meta name=\"twitter:data1\" content=\"Ismael Lucas S. Pereira\" \/>\n\t<meta name=\"twitter:label2\" content=\"Est. tempo de leitura\" \/>\n\t<meta name=\"twitter:data2\" content=\"6 minutos\" \/>\n<script type=\"application\/ld+json\" class=\"yoast-schema-graph\">{\"@context\":\"https:\\\/\\\/schema.org\",\"@graph\":[{\"@type\":\"Article\",\"@id\":\"https:\\\/\\\/diariodepe.com.br\\\/cri\\\/2025\\\/03\\\/12\\\/respeitar-a-diversidade-a-china-e-os-dois-anos-da-iniciativa-de-civilizacao-global\\\/#article\",\"isPartOf\":{\"@id\":\"https:\\\/\\\/diariodepe.com.br\\\/cri\\\/2025\\\/03\\\/12\\\/respeitar-a-diversidade-a-china-e-os-dois-anos-da-iniciativa-de-civilizacao-global\\\/\"},\"author\":{\"name\":\"Ismael Lucas S. Pereira\",\"@id\":\"https:\\\/\\\/diariodepe.com.br\\\/cri\\\/#\\\/schema\\\/person\\\/121bb28d84f1a5b1205ef4ce9c2e0c6b\"},\"headline\":\"Respeitar a diversidade: a China e os dois anos da Iniciativa de Civiliza\u00e7\u00e3o Global\",\"datePublished\":\"2025-03-12T07:36:34+00:00\",\"mainEntityOfPage\":{\"@id\":\"https:\\\/\\\/diariodepe.com.br\\\/cri\\\/2025\\\/03\\\/12\\\/respeitar-a-diversidade-a-china-e-os-dois-anos-da-iniciativa-de-civilizacao-global\\\/\"},\"wordCount\":981,\"commentCount\":0,\"publisher\":{\"@id\":\"https:\\\/\\\/diariodepe.com.br\\\/cri\\\/#organization\"},\"image\":{\"@id\":\"https:\\\/\\\/diariodepe.com.br\\\/cri\\\/2025\\\/03\\\/12\\\/respeitar-a-diversidade-a-china-e-os-dois-anos-da-iniciativa-de-civilizacao-global\\\/#primaryimage\"},\"thumbnailUrl\":\"https:\\\/\\\/38picres.cgtn.com\\\/photoAlbum\\\/page\\\/performance\\\/img\\\/2025\\\/3\\\/12\\\/1741750179308_15.jpg\",\"articleSection\":[\"Vis\u00e3o\"],\"inLanguage\":\"pt-BR\",\"potentialAction\":[{\"@type\":\"CommentAction\",\"name\":\"Comment\",\"target\":[\"https:\\\/\\\/diariodepe.com.br\\\/cri\\\/2025\\\/03\\\/12\\\/respeitar-a-diversidade-a-china-e-os-dois-anos-da-iniciativa-de-civilizacao-global\\\/#respond\"]}]},{\"@type\":\"WebPage\",\"@id\":\"https:\\\/\\\/diariodepe.com.br\\\/cri\\\/2025\\\/03\\\/12\\\/respeitar-a-diversidade-a-china-e-os-dois-anos-da-iniciativa-de-civilizacao-global\\\/\",\"url\":\"https:\\\/\\\/diariodepe.com.br\\\/cri\\\/2025\\\/03\\\/12\\\/respeitar-a-diversidade-a-china-e-os-dois-anos-da-iniciativa-de-civilizacao-global\\\/\",\"name\":\"Respeitar a diversidade: a China e os dois anos da Iniciativa de Civiliza\u00e7\u00e3o Global - CRI e Diario de Pernambuco\",\"isPartOf\":{\"@id\":\"https:\\\/\\\/diariodepe.com.br\\\/cri\\\/#website\"},\"primaryImageOfPage\":{\"@id\":\"https:\\\/\\\/diariodepe.com.br\\\/cri\\\/2025\\\/03\\\/12\\\/respeitar-a-diversidade-a-china-e-os-dois-anos-da-iniciativa-de-civilizacao-global\\\/#primaryimage\"},\"image\":{\"@id\":\"https:\\\/\\\/diariodepe.com.br\\\/cri\\\/2025\\\/03\\\/12\\\/respeitar-a-diversidade-a-china-e-os-dois-anos-da-iniciativa-de-civilizacao-global\\\/#primaryimage\"},\"thumbnailUrl\":\"https:\\\/\\\/38picres.cgtn.com\\\/photoAlbum\\\/page\\\/performance\\\/img\\\/2025\\\/3\\\/12\\\/1741750179308_15.jpg\",\"datePublished\":\"2025-03-12T07:36:34+00:00\",\"breadcrumb\":{\"@id\":\"https:\\\/\\\/diariodepe.com.br\\\/cri\\\/2025\\\/03\\\/12\\\/respeitar-a-diversidade-a-china-e-os-dois-anos-da-iniciativa-de-civilizacao-global\\\/#breadcrumb\"},\"inLanguage\":\"pt-BR\",\"potentialAction\":[{\"@type\":\"ReadAction\",\"target\":[\"https:\\\/\\\/diariodepe.com.br\\\/cri\\\/2025\\\/03\\\/12\\\/respeitar-a-diversidade-a-china-e-os-dois-anos-da-iniciativa-de-civilizacao-global\\\/\"]}]},{\"@type\":\"ImageObject\",\"inLanguage\":\"pt-BR\",\"@id\":\"https:\\\/\\\/diariodepe.com.br\\\/cri\\\/2025\\\/03\\\/12\\\/respeitar-a-diversidade-a-china-e-os-dois-anos-da-iniciativa-de-civilizacao-global\\\/#primaryimage\",\"url\":\"https:\\\/\\\/38picres.cgtn.com\\\/photoAlbum\\\/page\\\/performance\\\/img\\\/2025\\\/3\\\/12\\\/1741750179308_15.jpg\",\"contentUrl\":\"https:\\\/\\\/38picres.cgtn.com\\\/photoAlbum\\\/page\\\/performance\\\/img\\\/2025\\\/3\\\/12\\\/1741750179308_15.jpg\"},{\"@type\":\"BreadcrumbList\",\"@id\":\"https:\\\/\\\/diariodepe.com.br\\\/cri\\\/2025\\\/03\\\/12\\\/respeitar-a-diversidade-a-china-e-os-dois-anos-da-iniciativa-de-civilizacao-global\\\/#breadcrumb\",\"itemListElement\":[{\"@type\":\"ListItem\",\"position\":1,\"name\":\"In\u00edcio\",\"item\":\"https:\\\/\\\/diariodepe.com.br\\\/cri\\\/\"},{\"@type\":\"ListItem\",\"position\":2,\"name\":\"Respeitar a diversidade: a China e os dois anos da Iniciativa de Civiliza\u00e7\u00e3o Global\"}]},{\"@type\":\"WebSite\",\"@id\":\"https:\\\/\\\/diariodepe.com.br\\\/cri\\\/#website\",\"url\":\"https:\\\/\\\/diariodepe.com.br\\\/cri\\\/\",\"name\":\"CRI e Diario de Pernambuco\",\"description\":\"R\u00e1dio Internacional da China\",\"publisher\":{\"@id\":\"https:\\\/\\\/diariodepe.com.br\\\/cri\\\/#organization\"},\"potentialAction\":[{\"@type\":\"SearchAction\",\"target\":{\"@type\":\"EntryPoint\",\"urlTemplate\":\"https:\\\/\\\/diariodepe.com.br\\\/cri\\\/?s={search_term_string}\"},\"query-input\":{\"@type\":\"PropertyValueSpecification\",\"valueRequired\":true,\"valueName\":\"search_term_string\"}}],\"inLanguage\":\"pt-BR\"},{\"@type\":\"Organization\",\"@id\":\"https:\\\/\\\/diariodepe.com.br\\\/cri\\\/#organization\",\"name\":\"CRI e Diario de Pernambuco\",\"url\":\"https:\\\/\\\/diariodepe.com.br\\\/cri\\\/\",\"logo\":{\"@type\":\"ImageObject\",\"inLanguage\":\"pt-BR\",\"@id\":\"https:\\\/\\\/diariodepe.com.br\\\/cri\\\/#\\\/schema\\\/logo\\\/image\\\/\",\"url\":\"https:\\\/\\\/diariodepe.com.br\\\/cri\\\/wp-content\\\/uploads\\\/sites\\\/2\\\/2022\\\/12\\\/cropped-Logo.jpg\",\"contentUrl\":\"https:\\\/\\\/diariodepe.com.br\\\/cri\\\/wp-content\\\/uploads\\\/sites\\\/2\\\/2022\\\/12\\\/cropped-Logo.jpg\",\"width\":700,\"height\":59,\"caption\":\"CRI e Diario de Pernambuco\"},\"image\":{\"@id\":\"https:\\\/\\\/diariodepe.com.br\\\/cri\\\/#\\\/schema\\\/logo\\\/image\\\/\"}},{\"@type\":\"Person\",\"@id\":\"https:\\\/\\\/diariodepe.com.br\\\/cri\\\/#\\\/schema\\\/person\\\/121bb28d84f1a5b1205ef4ce9c2e0c6b\",\"name\":\"Ismael Lucas S. Pereira\",\"image\":{\"@type\":\"ImageObject\",\"inLanguage\":\"pt-BR\",\"@id\":\"https:\\\/\\\/secure.gravatar.com\\\/avatar\\\/887a0f3b5a7ceea963a48499fb883ffce6b5037362def025c52c2505b15d63e4?s=96&d=mm&r=g\",\"url\":\"https:\\\/\\\/secure.gravatar.com\\\/avatar\\\/887a0f3b5a7ceea963a48499fb883ffce6b5037362def025c52c2505b15d63e4?s=96&d=mm&r=g\",\"contentUrl\":\"https:\\\/\\\/secure.gravatar.com\\\/avatar\\\/887a0f3b5a7ceea963a48499fb883ffce6b5037362def025c52c2505b15d63e4?s=96&d=mm&r=g\",\"caption\":\"Ismael Lucas S. Pereira\"},\"url\":\"https:\\\/\\\/diariodepe.com.br\\\/cri\\\/author\\\/ismael-lucas\\\/\"}]}<\/script>\n<!-- \/ Yoast SEO plugin. -->","yoast_head_json":{"title":"Respeitar a diversidade: a China e os dois anos da Iniciativa de Civiliza\u00e7\u00e3o Global - CRI e Diario de Pernambuco","robots":{"index":"index","follow":"follow","max-snippet":"max-snippet:-1","max-image-preview":"max-image-preview:large","max-video-preview":"max-video-preview:-1"},"canonical":"https:\/\/diariodepe.com.br\/cri\/2025\/03\/12\/respeitar-a-diversidade-a-china-e-os-dois-anos-da-iniciativa-de-civilizacao-global\/","og_locale":"pt_BR","og_type":"article","og_title":"Respeitar a diversidade: a China e os dois anos da Iniciativa de Civiliza\u00e7\u00e3o Global - CRI e Diario de Pernambuco","og_description":"Autor:\u00a0Elias Jabbour, professor associado da Faculdade de Ci\u00eancias Econ\u00f4micas da Universidade do Estado do Rio de Janeiro No dia 15 de mar\u00e7o de 2023 o presidente Xi Jinping fez um importante discurso no \u00e2mbito da\u00a0Reuni\u00e3o de Alto N\u00edvel para o...","og_url":"https:\/\/diariodepe.com.br\/cri\/2025\/03\/12\/respeitar-a-diversidade-a-china-e-os-dois-anos-da-iniciativa-de-civilizacao-global\/","og_site_name":"CRI e Diario de Pernambuco","article_published_time":"2025-03-12T07:36:34+00:00","og_image":[{"url":"https:\/\/38picres.cgtn.com\/photoAlbum\/page\/performance\/img\/2025\/3\/12\/1741750179308_15.jpg","type":"","width":"","height":""}],"author":"Ismael Lucas S. Pereira","twitter_card":"summary_large_image","twitter_misc":{"Escrito por":"Ismael Lucas S. Pereira","Est. tempo de leitura":"6 minutos"},"schema":{"@context":"https:\/\/schema.org","@graph":[{"@type":"Article","@id":"https:\/\/diariodepe.com.br\/cri\/2025\/03\/12\/respeitar-a-diversidade-a-china-e-os-dois-anos-da-iniciativa-de-civilizacao-global\/#article","isPartOf":{"@id":"https:\/\/diariodepe.com.br\/cri\/2025\/03\/12\/respeitar-a-diversidade-a-china-e-os-dois-anos-da-iniciativa-de-civilizacao-global\/"},"author":{"name":"Ismael Lucas S. Pereira","@id":"https:\/\/diariodepe.com.br\/cri\/#\/schema\/person\/121bb28d84f1a5b1205ef4ce9c2e0c6b"},"headline":"Respeitar a diversidade: a China e os dois anos da Iniciativa de Civiliza\u00e7\u00e3o Global","datePublished":"2025-03-12T07:36:34+00:00","mainEntityOfPage":{"@id":"https:\/\/diariodepe.com.br\/cri\/2025\/03\/12\/respeitar-a-diversidade-a-china-e-os-dois-anos-da-iniciativa-de-civilizacao-global\/"},"wordCount":981,"commentCount":0,"publisher":{"@id":"https:\/\/diariodepe.com.br\/cri\/#organization"},"image":{"@id":"https:\/\/diariodepe.com.br\/cri\/2025\/03\/12\/respeitar-a-diversidade-a-china-e-os-dois-anos-da-iniciativa-de-civilizacao-global\/#primaryimage"},"thumbnailUrl":"https:\/\/38picres.cgtn.com\/photoAlbum\/page\/performance\/img\/2025\/3\/12\/1741750179308_15.jpg","articleSection":["Vis\u00e3o"],"inLanguage":"pt-BR","potentialAction":[{"@type":"CommentAction","name":"Comment","target":["https:\/\/diariodepe.com.br\/cri\/2025\/03\/12\/respeitar-a-diversidade-a-china-e-os-dois-anos-da-iniciativa-de-civilizacao-global\/#respond"]}]},{"@type":"WebPage","@id":"https:\/\/diariodepe.com.br\/cri\/2025\/03\/12\/respeitar-a-diversidade-a-china-e-os-dois-anos-da-iniciativa-de-civilizacao-global\/","url":"https:\/\/diariodepe.com.br\/cri\/2025\/03\/12\/respeitar-a-diversidade-a-china-e-os-dois-anos-da-iniciativa-de-civilizacao-global\/","name":"Respeitar a diversidade: a China e os dois anos da Iniciativa de Civiliza\u00e7\u00e3o Global - CRI e Diario de Pernambuco","isPartOf":{"@id":"https:\/\/diariodepe.com.br\/cri\/#website"},"primaryImageOfPage":{"@id":"https:\/\/diariodepe.com.br\/cri\/2025\/03\/12\/respeitar-a-diversidade-a-china-e-os-dois-anos-da-iniciativa-de-civilizacao-global\/#primaryimage"},"image":{"@id":"https:\/\/diariodepe.com.br\/cri\/2025\/03\/12\/respeitar-a-diversidade-a-china-e-os-dois-anos-da-iniciativa-de-civilizacao-global\/#primaryimage"},"thumbnailUrl":"https:\/\/38picres.cgtn.com\/photoAlbum\/page\/performance\/img\/2025\/3\/12\/1741750179308_15.jpg","datePublished":"2025-03-12T07:36:34+00:00","breadcrumb":{"@id":"https:\/\/diariodepe.com.br\/cri\/2025\/03\/12\/respeitar-a-diversidade-a-china-e-os-dois-anos-da-iniciativa-de-civilizacao-global\/#breadcrumb"},"inLanguage":"pt-BR","potentialAction":[{"@type":"ReadAction","target":["https:\/\/diariodepe.com.br\/cri\/2025\/03\/12\/respeitar-a-diversidade-a-china-e-os-dois-anos-da-iniciativa-de-civilizacao-global\/"]}]},{"@type":"ImageObject","inLanguage":"pt-BR","@id":"https:\/\/diariodepe.com.br\/cri\/2025\/03\/12\/respeitar-a-diversidade-a-china-e-os-dois-anos-da-iniciativa-de-civilizacao-global\/#primaryimage","url":"https:\/\/38picres.cgtn.com\/photoAlbum\/page\/performance\/img\/2025\/3\/12\/1741750179308_15.jpg","contentUrl":"https:\/\/38picres.cgtn.com\/photoAlbum\/page\/performance\/img\/2025\/3\/12\/1741750179308_15.jpg"},{"@type":"BreadcrumbList","@id":"https:\/\/diariodepe.com.br\/cri\/2025\/03\/12\/respeitar-a-diversidade-a-china-e-os-dois-anos-da-iniciativa-de-civilizacao-global\/#breadcrumb","itemListElement":[{"@type":"ListItem","position":1,"name":"In\u00edcio","item":"https:\/\/diariodepe.com.br\/cri\/"},{"@type":"ListItem","position":2,"name":"Respeitar a diversidade: a China e os dois anos da Iniciativa de Civiliza\u00e7\u00e3o Global"}]},{"@type":"WebSite","@id":"https:\/\/diariodepe.com.br\/cri\/#website","url":"https:\/\/diariodepe.com.br\/cri\/","name":"CRI e Diario de Pernambuco","description":"R\u00e1dio Internacional da China","publisher":{"@id":"https:\/\/diariodepe.com.br\/cri\/#organization"},"potentialAction":[{"@type":"SearchAction","target":{"@type":"EntryPoint","urlTemplate":"https:\/\/diariodepe.com.br\/cri\/?s={search_term_string}"},"query-input":{"@type":"PropertyValueSpecification","valueRequired":true,"valueName":"search_term_string"}}],"inLanguage":"pt-BR"},{"@type":"Organization","@id":"https:\/\/diariodepe.com.br\/cri\/#organization","name":"CRI e Diario de Pernambuco","url":"https:\/\/diariodepe.com.br\/cri\/","logo":{"@type":"ImageObject","inLanguage":"pt-BR","@id":"https:\/\/diariodepe.com.br\/cri\/#\/schema\/logo\/image\/","url":"https:\/\/diariodepe.com.br\/cri\/wp-content\/uploads\/sites\/2\/2022\/12\/cropped-Logo.jpg","contentUrl":"https:\/\/diariodepe.com.br\/cri\/wp-content\/uploads\/sites\/2\/2022\/12\/cropped-Logo.jpg","width":700,"height":59,"caption":"CRI e Diario de Pernambuco"},"image":{"@id":"https:\/\/diariodepe.com.br\/cri\/#\/schema\/logo\/image\/"}},{"@type":"Person","@id":"https:\/\/diariodepe.com.br\/cri\/#\/schema\/person\/121bb28d84f1a5b1205ef4ce9c2e0c6b","name":"Ismael Lucas S. Pereira","image":{"@type":"ImageObject","inLanguage":"pt-BR","@id":"https:\/\/secure.gravatar.com\/avatar\/887a0f3b5a7ceea963a48499fb883ffce6b5037362def025c52c2505b15d63e4?s=96&d=mm&r=g","url":"https:\/\/secure.gravatar.com\/avatar\/887a0f3b5a7ceea963a48499fb883ffce6b5037362def025c52c2505b15d63e4?s=96&d=mm&r=g","contentUrl":"https:\/\/secure.gravatar.com\/avatar\/887a0f3b5a7ceea963a48499fb883ffce6b5037362def025c52c2505b15d63e4?s=96&d=mm&r=g","caption":"Ismael Lucas S. Pereira"},"url":"https:\/\/diariodepe.com.br\/cri\/author\/ismael-lucas\/"}]}},"cc_featured_image_caption":{"caption_text":false,"source_text":false,"source_url":false},"amp_enabled":true,"_links":{"self":[{"href":"https:\/\/diariodepe.com.br\/cri\/wp-json\/wp\/v2\/posts\/7818","targetHints":{"allow":["GET"]}}],"collection":[{"href":"https:\/\/diariodepe.com.br\/cri\/wp-json\/wp\/v2\/posts"}],"about":[{"href":"https:\/\/diariodepe.com.br\/cri\/wp-json\/wp\/v2\/types\/post"}],"author":[{"embeddable":true,"href":"https:\/\/diariodepe.com.br\/cri\/wp-json\/wp\/v2\/users\/2"}],"replies":[{"embeddable":true,"href":"https:\/\/diariodepe.com.br\/cri\/wp-json\/wp\/v2\/comments?post=7818"}],"version-history":[{"count":1,"href":"https:\/\/diariodepe.com.br\/cri\/wp-json\/wp\/v2\/posts\/7818\/revisions"}],"predecessor-version":[{"id":7820,"href":"https:\/\/diariodepe.com.br\/cri\/wp-json\/wp\/v2\/posts\/7818\/revisions\/7820"}],"wp:attachment":[{"href":"https:\/\/diariodepe.com.br\/cri\/wp-json\/wp\/v2\/media?parent=7818"}],"wp:term":[{"taxonomy":"category","embeddable":true,"href":"https:\/\/diariodepe.com.br\/cri\/wp-json\/wp\/v2\/categories?post=7818"},{"taxonomy":"post_tag","embeddable":true,"href":"https:\/\/diariodepe.com.br\/cri\/wp-json\/wp\/v2\/tags?post=7818"}],"curies":[{"name":"wp","href":"https:\/\/api.w.org\/{rel}","templated":true}]}}