{"id":7814,"date":"2025-03-11T09:51:50","date_gmt":"2025-03-11T12:51:50","guid":{"rendered":"https:\/\/diariodepe.com.br\/cri\/?p=7814"},"modified":"2025-03-11T09:51:50","modified_gmt":"2025-03-11T12:51:50","slug":"foi-realizado-em-chicago-o-dialogo-global-china-na-primavera-compartilhar-oportunidades-chinesas-com-o-mundo","status":"publish","type":"post","link":"https:\/\/diariodepe.com.br\/cri\/2025\/03\/11\/foi-realizado-em-chicago-o-dialogo-global-china-na-primavera-compartilhar-oportunidades-chinesas-com-o-mundo\/","title":{"rendered":"Foi realizado em Chicago o di\u00e1logo global &#8220;China na primavera: compartilhar oportunidades chinesas com o mundo&#8221;"},"content":{"rendered":"<p><img decoding=\"async\" src=\"https:\/\/38picres.cgtn.com\/photoAlbum\/page\/performance\/img\/2025\/3\/11\/1741697070389_52.jpg\" width=\"100%\" height=\"auto\" \/><\/p>\n<p><span lang=\"PT-BR\">Foi realizado no dia 10 em em Chicago um di\u00e1logo global titulado como &#8220;China na primavera: compartilhar oportunidades\u00a0<\/span><span lang=\"PT\">chinesas<\/span><span lang=\"PT-BR\">\u00a0com o mundo&#8221;. O evento \u00e9 organizado pelo Grupo de M\u00eddia da China (CMG) com\u00a0<\/span><span lang=\"PT\">a presen\u00e7a<\/span><span lang=\"PT-BR\">\u00a0de Shen Haixiong, o presidente do CMG,<\/span><span lang=\"PT-BR\">\u00a0<\/span><span lang=\"PT-BR\">Xie Feng,<\/span><span lang=\"PT\">\u00a0o<\/span><span lang=\"PT-BR\">\u00a0embaixador da China nos Estados Unidos, Wang Baodong, C\u00f4nsul Geral da China em Chicago, Pat Quinn, ex-governador de Illinois, e outros cem convidados.<\/span><\/p>\n<p><img decoding=\"async\" src=\"https:\/\/38picres.cgtn.com\/photoAlbum\/page\/performance\/img\/2025\/3\/11\/1741697081588_170.jpg\" width=\"100%\" height=\"auto\" \/><\/p>\n<p><span lang=\"PT-BR\">Shen Haixiong, o presidente do CMG gravou um video para o evento. Segundo ele, as \u201cduas sess\u00f5es\u201d deste ano mostrou a vitalidade da China na nova era.\u00a0<\/span><span lang=\"PT\">O<\/span><span lang=\"PT-BR\">\u00a0compromisso da China de expandir a abertura e promover\u00a0<\/span><span lang=\"PT\">o\u00a0<\/span><span lang=\"PT-BR\">desenvolvimento internacional forneceu estabilidade mundial<\/span><span lang=\"PT\">,<\/span><span lang=\"PT\">\u00a0<\/span><span lang=\"PT\">al\u00e9m disso,\u00a0<\/span><span lang=\"PT-BR\">a meta de crescimento anual de 5% da China atraiu a aten\u00e7\u00e3o global. O CMG, sendo um gigante internacional da m\u00eddia, est\u00e1\u00a0<\/span><span lang=\"PT\">disposto\u00a0<\/span><span lang=\"PT-BR\">a aproveitar suas vantagens em comunica\u00e7\u00e3o integrada e inova\u00e7\u00e3o tecnol\u00f3gica para compartilhar as oportunidades de moderniza\u00e7\u00e3o da China com o mundo,\u00a0<\/span><span lang=\"PT\">construindo di\u00e1logos<\/span><span lang=\"PT\">\u00a0<\/span><span lang=\"PT\">globais entre<\/span><span lang=\"PT\">\u00a0<\/span><span lang=\"PT\">civiliza\u00e7\u00f5es\u00a0<\/span><span lang=\"PT-BR\">e promovendo uma a coexist\u00eancia harmoniosa\u00a0<\/span><span lang=\"PT\">entre todos<\/span><span lang=\"PT-BR\">.<\/span><\/p>\n<p><span lang=\"PT-BR\">O embaixador da China nos Estados Unidos, Xie Feng, proferiu tamb\u00e9m um\u00a0<\/span><span lang=\"PT\">discurso\u00a0<\/span><span lang=\"PT-BR\">para\u00a0<\/span><span lang=\"PT\">a<\/span><span lang=\"PT-BR\">\u00a0ocasi\u00e3o. Ele apontou que as duas sess\u00f5es deste ano\u00a0<\/span><span lang=\"PT\">mostraram\u00a0<\/span><span lang=\"PT-BR\">ao mundo a pot\u00eancia da China em desenvolvimento de alta qualidade. Em 2024, o PIB da China registrou um crescimento de 5%, contribuindo com cerca de 30% para o crescimento econ\u00f4mico global. Os avan\u00e7os\u00a0<\/span><span lang=\"PT\">not\u00e1veis\u00a0<\/span><span lang=\"PT-BR\">alcan\u00e7ados pelo povo chin\u00eas em novas ind\u00fastrias, novas formas de neg\u00f3cios e novos modelos de desenvolvimento,\u00a0<\/span><span lang=\"PT\">bem como<\/span><span lang=\"PT-BR\">\u00a0sua democracia popular de processo integral<\/span><span lang=\"PT\">,<\/span><span lang=\"PT-BR\">\u00a0foi reconhecida pelo mundo todo<\/span><span lang=\"PT\">. A<\/span><span lang=\"PT-BR\">\u00a0abertura da China em alto n\u00edvel forneceu oportunidades para o mundo. O embaixador chin\u00eas destacou que o desenvolvimento e o progresso da China s\u00e3o impar\u00e1veis, ele pediu para que os Estados Unidos\u00a0<\/span><span lang=\"PT\">abandonem\u00a0<\/span><span lang=\"PT-BR\">o confronto e\u00a0<\/span><span lang=\"PT\">voltem\u00a0<\/span><span lang=\"PT-BR\">para o caminho de coopera\u00e7\u00e3o\u00a0<\/span><span lang=\"PT\">a fim de\u00a0<\/span><span lang=\"PT-BR\">alcan\u00e7ar um desenvolvimento est\u00e1vel, saud\u00e1vel e sustent\u00e1vel\u00a0<\/span><span lang=\"PT\">das\u00a0<\/span><span lang=\"PT-BR\">rela\u00e7\u00f5es China-EUA.<\/span><\/p>\n<p><span lang=\"PT-BR\">Pat Quinn, ex-governador\u00a0<\/span><span lang=\"PT\">de\u00a0<\/span><span lang=\"PT-BR\">Illinois, tamb\u00e9m falou no di\u00e1logo,\u00a0<\/span><span lang=\"PT\">relembrando<\/span><span lang=\"PT\">\u00a0<\/span><span lang=\"PT\">sua<\/span><span lang=\"PT-BR\">\u00a0visita\u00a0<\/span><span lang=\"PT\">\u00e0<\/span><span lang=\"PT-BR\">\u00a0China quando era governador. Ele ficou impressionado\u00a0<\/span><span lang=\"PT\">com\u00a0<\/span><span lang=\"PT-BR\">o desenvolvimento econ\u00f4mico da China durante a visita e enfatizou que a China de hoje est\u00e1\u00a0<\/span><span lang=\"PT\">cheia\u00a0<\/span><span lang=\"PT-BR\">de inova\u00e7\u00e3o e vitalidade. Segundo ele, tanto os Estados Unidos quanto a China\u00a0<\/span><span lang=\"PT\">prestam\u00a0<\/span><span lang=\"PT-BR\">grande import\u00e2ncia ao desenvolvimento cient\u00edfico e est\u00e3o profundamente conscientes da import\u00e2ncia da inova\u00e7\u00e3o para a economia e\u00a0<\/span><span lang=\"PT\">\u00e0<\/span><span lang=\"PT-BR\">\u00a0sociedade. Ele espera que a China e os Estados Unidos trabalhem juntos para enfrentar desafios globais<\/span><span lang=\"PT\">\u00a0e<\/span><span lang=\"PT-BR\">\u00a0construir\u00a0<\/span><span lang=\"PT\">um<\/span><span lang=\"PT-BR\">\u00a0mundo melhor.<\/span><\/p>\n<p><img decoding=\"async\" src=\"https:\/\/38picres.cgtn.com\/photoAlbum\/page\/performance\/img\/2025\/3\/11\/1741697093455_436.jpg\" width=\"100%\" height=\"auto\" \/><\/p>\n<p><span lang=\"PT-BR\">No evento, os convidados tamb\u00e9m trocaram opini\u00f5es sobre as conquistas de inova\u00e7\u00e3o tecnol\u00f3gica da China tais como\u00a0<\/span><span lang=\"PT\">o\u00a0<\/span><span lang=\"PT-BR\">DeepSeek,\u00a0<\/span><span lang=\"PT\">ve\u00edculos el\u00e9tricos<\/span><span lang=\"PT\">\u00a0<\/span><span lang=\"PT-BR\">etc. Os convidados acreditam que o apoio pol\u00edtico do governo chin\u00eas\u00a0<\/span><span lang=\"PT\">promove\u00a0<\/span><span lang=\"PT-BR\">o desenvolvimento das ind\u00fastrias de manufatura e tecnologia, e que os Estados Unidos e a China t\u00eam amplo espa\u00e7o\u00a0<\/span><span lang=\"PT\">em\u00a0<\/span><span lang=\"PT-BR\">coopera\u00e7\u00f5es tais como transforma\u00e7\u00e3o de energia, intelig\u00eancia artificial e\u00a0<\/span><span lang=\"PT\">ve\u00edculos el\u00e9tricos<\/span><span lang=\"PT-BR\">.<\/span><\/p>\n<p><span lang=\"PT-BR\">O evento realizado em Chicago deu um inicio\u00a0<\/span><span lang=\"PT\">\u00e0<\/span><span lang=\"PT-BR\">\u00a0s\u00e9rie de\u00a0<\/span><span lang=\"PT\">eventos\u00a0<\/span><span lang=\"PT-BR\">&#8220;China na primavera: compartilhar oportunidades\u00a0<\/span><span lang=\"PT\">chinesas\u00a0<\/span><span lang=\"PT-BR\">com o mundo<\/span><span lang=\"PT\">\u201d<\/span><span lang=\"PT-BR\">,<\/span><span lang=\"PT\">\u00a0a qual<\/span><span lang=\"PT-BR\">\u00a0tamb\u00e9m<\/span><span lang=\"PT\">\u00a0ser\u00e1 realizada<\/span><span lang=\"PT\">\u00a0<\/span><span lang=\"PT-BR\">na Europa, \u00c1frica, Oriente M\u00e9dio, Am\u00e9rica Latina, \u00c1sia e outras regi\u00f5es.<\/span><\/p>\n","protected":false},"excerpt":{"rendered":"<p>Foi realizado no dia 10 em em Chicago um di\u00e1logo global titulado como &#8220;China na primavera: compartilhar oportunidades\u00a0chinesas\u00a0com o mundo&#8221;. O evento \u00e9 organizado pelo Grupo de M\u00eddia da China (CMG) com\u00a0a presen\u00e7a\u00a0de Shen Haixiong, o presidente do CMG,\u00a0Xie Feng,\u00a0o\u00a0embaixador&#8230;<\/p>\n","protected":false},"author":2,"featured_media":0,"comment_status":"open","ping_status":"open","sticky":false,"template":"","format":"standard","meta":{"footnotes":""},"categories":[3],"tags":[],"class_list":["post-7814","post","type-post","status-publish","format-standard","hentry","category-china"],"yoast_head":"<!-- This site is optimized with the Yoast SEO plugin v27.4 - https:\/\/yoast.com\/product\/yoast-seo-wordpress\/ -->\n<title>Foi realizado em Chicago o di\u00e1logo global &quot;China na primavera: compartilhar oportunidades chinesas com o mundo&quot; - CRI e Diario de Pernambuco<\/title>\n<meta name=\"robots\" content=\"index, follow, max-snippet:-1, max-image-preview:large, max-video-preview:-1\" \/>\n<link rel=\"canonical\" href=\"https:\/\/diariodepe.com.br\/cri\/2025\/03\/11\/foi-realizado-em-chicago-o-dialogo-global-china-na-primavera-compartilhar-oportunidades-chinesas-com-o-mundo\/\" \/>\n<meta property=\"og:locale\" content=\"pt_BR\" \/>\n<meta property=\"og:type\" content=\"article\" \/>\n<meta property=\"og:title\" content=\"Foi realizado em Chicago o di\u00e1logo global &quot;China na primavera: compartilhar oportunidades chinesas com o mundo&quot; - CRI e Diario de Pernambuco\" \/>\n<meta property=\"og:description\" content=\"Foi realizado no dia 10 em em Chicago um di\u00e1logo global titulado como &#8220;China na primavera: compartilhar oportunidades\u00a0chinesas\u00a0com o mundo&#8221;. O evento \u00e9 organizado pelo Grupo de M\u00eddia da China (CMG) com\u00a0a presen\u00e7a\u00a0de Shen Haixiong, o presidente do CMG,\u00a0Xie Feng,\u00a0o\u00a0embaixador...\" \/>\n<meta property=\"og:url\" content=\"https:\/\/diariodepe.com.br\/cri\/2025\/03\/11\/foi-realizado-em-chicago-o-dialogo-global-china-na-primavera-compartilhar-oportunidades-chinesas-com-o-mundo\/\" \/>\n<meta property=\"og:site_name\" content=\"CRI e Diario de Pernambuco\" \/>\n<meta property=\"article:published_time\" content=\"2025-03-11T12:51:50+00:00\" \/>\n<meta property=\"og:image\" content=\"https:\/\/38picres.cgtn.com\/photoAlbum\/page\/performance\/img\/2025\/3\/11\/1741697070389_52.jpg\" \/>\n<meta name=\"author\" content=\"Ismael Lucas S. Pereira\" \/>\n<meta name=\"twitter:card\" content=\"summary_large_image\" \/>\n<meta name=\"twitter:label1\" content=\"Escrito por\" \/>\n\t<meta name=\"twitter:data1\" content=\"Ismael Lucas S. Pereira\" \/>\n\t<meta name=\"twitter:label2\" content=\"Est. tempo de leitura\" \/>\n\t<meta name=\"twitter:data2\" content=\"4 minutos\" \/>\n<script type=\"application\/ld+json\" class=\"yoast-schema-graph\">{\"@context\":\"https:\\\/\\\/schema.org\",\"@graph\":[{\"@type\":\"Article\",\"@id\":\"https:\\\/\\\/diariodepe.com.br\\\/cri\\\/2025\\\/03\\\/11\\\/foi-realizado-em-chicago-o-dialogo-global-china-na-primavera-compartilhar-oportunidades-chinesas-com-o-mundo\\\/#article\",\"isPartOf\":{\"@id\":\"https:\\\/\\\/diariodepe.com.br\\\/cri\\\/2025\\\/03\\\/11\\\/foi-realizado-em-chicago-o-dialogo-global-china-na-primavera-compartilhar-oportunidades-chinesas-com-o-mundo\\\/\"},\"author\":{\"name\":\"Ismael Lucas S. Pereira\",\"@id\":\"https:\\\/\\\/diariodepe.com.br\\\/cri\\\/#\\\/schema\\\/person\\\/121bb28d84f1a5b1205ef4ce9c2e0c6b\"},\"headline\":\"Foi realizado em Chicago o di\u00e1logo global &#8220;China na primavera: compartilhar oportunidades chinesas com o mundo&#8221;\",\"datePublished\":\"2025-03-11T12:51:50+00:00\",\"mainEntityOfPage\":{\"@id\":\"https:\\\/\\\/diariodepe.com.br\\\/cri\\\/2025\\\/03\\\/11\\\/foi-realizado-em-chicago-o-dialogo-global-china-na-primavera-compartilhar-oportunidades-chinesas-com-o-mundo\\\/\"},\"wordCount\":582,\"commentCount\":0,\"publisher\":{\"@id\":\"https:\\\/\\\/diariodepe.com.br\\\/cri\\\/#organization\"},\"image\":{\"@id\":\"https:\\\/\\\/diariodepe.com.br\\\/cri\\\/2025\\\/03\\\/11\\\/foi-realizado-em-chicago-o-dialogo-global-china-na-primavera-compartilhar-oportunidades-chinesas-com-o-mundo\\\/#primaryimage\"},\"thumbnailUrl\":\"https:\\\/\\\/38picres.cgtn.com\\\/photoAlbum\\\/page\\\/performance\\\/img\\\/2025\\\/3\\\/11\\\/1741697070389_52.jpg\",\"articleSection\":[\"China\"],\"inLanguage\":\"pt-BR\",\"potentialAction\":[{\"@type\":\"CommentAction\",\"name\":\"Comment\",\"target\":[\"https:\\\/\\\/diariodepe.com.br\\\/cri\\\/2025\\\/03\\\/11\\\/foi-realizado-em-chicago-o-dialogo-global-china-na-primavera-compartilhar-oportunidades-chinesas-com-o-mundo\\\/#respond\"]}]},{\"@type\":\"WebPage\",\"@id\":\"https:\\\/\\\/diariodepe.com.br\\\/cri\\\/2025\\\/03\\\/11\\\/foi-realizado-em-chicago-o-dialogo-global-china-na-primavera-compartilhar-oportunidades-chinesas-com-o-mundo\\\/\",\"url\":\"https:\\\/\\\/diariodepe.com.br\\\/cri\\\/2025\\\/03\\\/11\\\/foi-realizado-em-chicago-o-dialogo-global-china-na-primavera-compartilhar-oportunidades-chinesas-com-o-mundo\\\/\",\"name\":\"Foi realizado em Chicago o di\u00e1logo global \\\"China na primavera: compartilhar oportunidades chinesas com o mundo\\\" - CRI e Diario de Pernambuco\",\"isPartOf\":{\"@id\":\"https:\\\/\\\/diariodepe.com.br\\\/cri\\\/#website\"},\"primaryImageOfPage\":{\"@id\":\"https:\\\/\\\/diariodepe.com.br\\\/cri\\\/2025\\\/03\\\/11\\\/foi-realizado-em-chicago-o-dialogo-global-china-na-primavera-compartilhar-oportunidades-chinesas-com-o-mundo\\\/#primaryimage\"},\"image\":{\"@id\":\"https:\\\/\\\/diariodepe.com.br\\\/cri\\\/2025\\\/03\\\/11\\\/foi-realizado-em-chicago-o-dialogo-global-china-na-primavera-compartilhar-oportunidades-chinesas-com-o-mundo\\\/#primaryimage\"},\"thumbnailUrl\":\"https:\\\/\\\/38picres.cgtn.com\\\/photoAlbum\\\/page\\\/performance\\\/img\\\/2025\\\/3\\\/11\\\/1741697070389_52.jpg\",\"datePublished\":\"2025-03-11T12:51:50+00:00\",\"breadcrumb\":{\"@id\":\"https:\\\/\\\/diariodepe.com.br\\\/cri\\\/2025\\\/03\\\/11\\\/foi-realizado-em-chicago-o-dialogo-global-china-na-primavera-compartilhar-oportunidades-chinesas-com-o-mundo\\\/#breadcrumb\"},\"inLanguage\":\"pt-BR\",\"potentialAction\":[{\"@type\":\"ReadAction\",\"target\":[\"https:\\\/\\\/diariodepe.com.br\\\/cri\\\/2025\\\/03\\\/11\\\/foi-realizado-em-chicago-o-dialogo-global-china-na-primavera-compartilhar-oportunidades-chinesas-com-o-mundo\\\/\"]}]},{\"@type\":\"ImageObject\",\"inLanguage\":\"pt-BR\",\"@id\":\"https:\\\/\\\/diariodepe.com.br\\\/cri\\\/2025\\\/03\\\/11\\\/foi-realizado-em-chicago-o-dialogo-global-china-na-primavera-compartilhar-oportunidades-chinesas-com-o-mundo\\\/#primaryimage\",\"url\":\"https:\\\/\\\/38picres.cgtn.com\\\/photoAlbum\\\/page\\\/performance\\\/img\\\/2025\\\/3\\\/11\\\/1741697070389_52.jpg\",\"contentUrl\":\"https:\\\/\\\/38picres.cgtn.com\\\/photoAlbum\\\/page\\\/performance\\\/img\\\/2025\\\/3\\\/11\\\/1741697070389_52.jpg\"},{\"@type\":\"BreadcrumbList\",\"@id\":\"https:\\\/\\\/diariodepe.com.br\\\/cri\\\/2025\\\/03\\\/11\\\/foi-realizado-em-chicago-o-dialogo-global-china-na-primavera-compartilhar-oportunidades-chinesas-com-o-mundo\\\/#breadcrumb\",\"itemListElement\":[{\"@type\":\"ListItem\",\"position\":1,\"name\":\"In\u00edcio\",\"item\":\"https:\\\/\\\/diariodepe.com.br\\\/cri\\\/\"},{\"@type\":\"ListItem\",\"position\":2,\"name\":\"Foi realizado em Chicago o di\u00e1logo global &#8220;China na primavera: compartilhar oportunidades chinesas com o mundo&#8221;\"}]},{\"@type\":\"WebSite\",\"@id\":\"https:\\\/\\\/diariodepe.com.br\\\/cri\\\/#website\",\"url\":\"https:\\\/\\\/diariodepe.com.br\\\/cri\\\/\",\"name\":\"CRI e Diario de Pernambuco\",\"description\":\"R\u00e1dio Internacional da China\",\"publisher\":{\"@id\":\"https:\\\/\\\/diariodepe.com.br\\\/cri\\\/#organization\"},\"potentialAction\":[{\"@type\":\"SearchAction\",\"target\":{\"@type\":\"EntryPoint\",\"urlTemplate\":\"https:\\\/\\\/diariodepe.com.br\\\/cri\\\/?s={search_term_string}\"},\"query-input\":{\"@type\":\"PropertyValueSpecification\",\"valueRequired\":true,\"valueName\":\"search_term_string\"}}],\"inLanguage\":\"pt-BR\"},{\"@type\":\"Organization\",\"@id\":\"https:\\\/\\\/diariodepe.com.br\\\/cri\\\/#organization\",\"name\":\"CRI e Diario de Pernambuco\",\"url\":\"https:\\\/\\\/diariodepe.com.br\\\/cri\\\/\",\"logo\":{\"@type\":\"ImageObject\",\"inLanguage\":\"pt-BR\",\"@id\":\"https:\\\/\\\/diariodepe.com.br\\\/cri\\\/#\\\/schema\\\/logo\\\/image\\\/\",\"url\":\"https:\\\/\\\/diariodepe.com.br\\\/cri\\\/wp-content\\\/uploads\\\/sites\\\/2\\\/2022\\\/12\\\/cropped-Logo.jpg\",\"contentUrl\":\"https:\\\/\\\/diariodepe.com.br\\\/cri\\\/wp-content\\\/uploads\\\/sites\\\/2\\\/2022\\\/12\\\/cropped-Logo.jpg\",\"width\":700,\"height\":59,\"caption\":\"CRI e Diario de Pernambuco\"},\"image\":{\"@id\":\"https:\\\/\\\/diariodepe.com.br\\\/cri\\\/#\\\/schema\\\/logo\\\/image\\\/\"}},{\"@type\":\"Person\",\"@id\":\"https:\\\/\\\/diariodepe.com.br\\\/cri\\\/#\\\/schema\\\/person\\\/121bb28d84f1a5b1205ef4ce9c2e0c6b\",\"name\":\"Ismael Lucas S. Pereira\",\"image\":{\"@type\":\"ImageObject\",\"inLanguage\":\"pt-BR\",\"@id\":\"https:\\\/\\\/secure.gravatar.com\\\/avatar\\\/887a0f3b5a7ceea963a48499fb883ffce6b5037362def025c52c2505b15d63e4?s=96&d=mm&r=g\",\"url\":\"https:\\\/\\\/secure.gravatar.com\\\/avatar\\\/887a0f3b5a7ceea963a48499fb883ffce6b5037362def025c52c2505b15d63e4?s=96&d=mm&r=g\",\"contentUrl\":\"https:\\\/\\\/secure.gravatar.com\\\/avatar\\\/887a0f3b5a7ceea963a48499fb883ffce6b5037362def025c52c2505b15d63e4?s=96&d=mm&r=g\",\"caption\":\"Ismael Lucas S. Pereira\"},\"url\":\"https:\\\/\\\/diariodepe.com.br\\\/cri\\\/author\\\/ismael-lucas\\\/\"}]}<\/script>\n<!-- \/ Yoast SEO plugin. -->","yoast_head_json":{"title":"Foi realizado em Chicago o di\u00e1logo global \"China na primavera: compartilhar oportunidades chinesas com o mundo\" - CRI e Diario de Pernambuco","robots":{"index":"index","follow":"follow","max-snippet":"max-snippet:-1","max-image-preview":"max-image-preview:large","max-video-preview":"max-video-preview:-1"},"canonical":"https:\/\/diariodepe.com.br\/cri\/2025\/03\/11\/foi-realizado-em-chicago-o-dialogo-global-china-na-primavera-compartilhar-oportunidades-chinesas-com-o-mundo\/","og_locale":"pt_BR","og_type":"article","og_title":"Foi realizado em Chicago o di\u00e1logo global \"China na primavera: compartilhar oportunidades chinesas com o mundo\" - CRI e Diario de Pernambuco","og_description":"Foi realizado no dia 10 em em Chicago um di\u00e1logo global titulado como &#8220;China na primavera: compartilhar oportunidades\u00a0chinesas\u00a0com o mundo&#8221;. O evento \u00e9 organizado pelo Grupo de M\u00eddia da China (CMG) com\u00a0a presen\u00e7a\u00a0de Shen Haixiong, o presidente do CMG,\u00a0Xie Feng,\u00a0o\u00a0embaixador...","og_url":"https:\/\/diariodepe.com.br\/cri\/2025\/03\/11\/foi-realizado-em-chicago-o-dialogo-global-china-na-primavera-compartilhar-oportunidades-chinesas-com-o-mundo\/","og_site_name":"CRI e Diario de Pernambuco","article_published_time":"2025-03-11T12:51:50+00:00","og_image":[{"url":"https:\/\/38picres.cgtn.com\/photoAlbum\/page\/performance\/img\/2025\/3\/11\/1741697070389_52.jpg","type":"","width":"","height":""}],"author":"Ismael Lucas S. Pereira","twitter_card":"summary_large_image","twitter_misc":{"Escrito por":"Ismael Lucas S. Pereira","Est. tempo de leitura":"4 minutos"},"schema":{"@context":"https:\/\/schema.org","@graph":[{"@type":"Article","@id":"https:\/\/diariodepe.com.br\/cri\/2025\/03\/11\/foi-realizado-em-chicago-o-dialogo-global-china-na-primavera-compartilhar-oportunidades-chinesas-com-o-mundo\/#article","isPartOf":{"@id":"https:\/\/diariodepe.com.br\/cri\/2025\/03\/11\/foi-realizado-em-chicago-o-dialogo-global-china-na-primavera-compartilhar-oportunidades-chinesas-com-o-mundo\/"},"author":{"name":"Ismael Lucas S. Pereira","@id":"https:\/\/diariodepe.com.br\/cri\/#\/schema\/person\/121bb28d84f1a5b1205ef4ce9c2e0c6b"},"headline":"Foi realizado em Chicago o di\u00e1logo global &#8220;China na primavera: compartilhar oportunidades chinesas com o mundo&#8221;","datePublished":"2025-03-11T12:51:50+00:00","mainEntityOfPage":{"@id":"https:\/\/diariodepe.com.br\/cri\/2025\/03\/11\/foi-realizado-em-chicago-o-dialogo-global-china-na-primavera-compartilhar-oportunidades-chinesas-com-o-mundo\/"},"wordCount":582,"commentCount":0,"publisher":{"@id":"https:\/\/diariodepe.com.br\/cri\/#organization"},"image":{"@id":"https:\/\/diariodepe.com.br\/cri\/2025\/03\/11\/foi-realizado-em-chicago-o-dialogo-global-china-na-primavera-compartilhar-oportunidades-chinesas-com-o-mundo\/#primaryimage"},"thumbnailUrl":"https:\/\/38picres.cgtn.com\/photoAlbum\/page\/performance\/img\/2025\/3\/11\/1741697070389_52.jpg","articleSection":["China"],"inLanguage":"pt-BR","potentialAction":[{"@type":"CommentAction","name":"Comment","target":["https:\/\/diariodepe.com.br\/cri\/2025\/03\/11\/foi-realizado-em-chicago-o-dialogo-global-china-na-primavera-compartilhar-oportunidades-chinesas-com-o-mundo\/#respond"]}]},{"@type":"WebPage","@id":"https:\/\/diariodepe.com.br\/cri\/2025\/03\/11\/foi-realizado-em-chicago-o-dialogo-global-china-na-primavera-compartilhar-oportunidades-chinesas-com-o-mundo\/","url":"https:\/\/diariodepe.com.br\/cri\/2025\/03\/11\/foi-realizado-em-chicago-o-dialogo-global-china-na-primavera-compartilhar-oportunidades-chinesas-com-o-mundo\/","name":"Foi realizado em Chicago o di\u00e1logo global \"China na primavera: compartilhar oportunidades chinesas com o mundo\" - CRI e Diario de Pernambuco","isPartOf":{"@id":"https:\/\/diariodepe.com.br\/cri\/#website"},"primaryImageOfPage":{"@id":"https:\/\/diariodepe.com.br\/cri\/2025\/03\/11\/foi-realizado-em-chicago-o-dialogo-global-china-na-primavera-compartilhar-oportunidades-chinesas-com-o-mundo\/#primaryimage"},"image":{"@id":"https:\/\/diariodepe.com.br\/cri\/2025\/03\/11\/foi-realizado-em-chicago-o-dialogo-global-china-na-primavera-compartilhar-oportunidades-chinesas-com-o-mundo\/#primaryimage"},"thumbnailUrl":"https:\/\/38picres.cgtn.com\/photoAlbum\/page\/performance\/img\/2025\/3\/11\/1741697070389_52.jpg","datePublished":"2025-03-11T12:51:50+00:00","breadcrumb":{"@id":"https:\/\/diariodepe.com.br\/cri\/2025\/03\/11\/foi-realizado-em-chicago-o-dialogo-global-china-na-primavera-compartilhar-oportunidades-chinesas-com-o-mundo\/#breadcrumb"},"inLanguage":"pt-BR","potentialAction":[{"@type":"ReadAction","target":["https:\/\/diariodepe.com.br\/cri\/2025\/03\/11\/foi-realizado-em-chicago-o-dialogo-global-china-na-primavera-compartilhar-oportunidades-chinesas-com-o-mundo\/"]}]},{"@type":"ImageObject","inLanguage":"pt-BR","@id":"https:\/\/diariodepe.com.br\/cri\/2025\/03\/11\/foi-realizado-em-chicago-o-dialogo-global-china-na-primavera-compartilhar-oportunidades-chinesas-com-o-mundo\/#primaryimage","url":"https:\/\/38picres.cgtn.com\/photoAlbum\/page\/performance\/img\/2025\/3\/11\/1741697070389_52.jpg","contentUrl":"https:\/\/38picres.cgtn.com\/photoAlbum\/page\/performance\/img\/2025\/3\/11\/1741697070389_52.jpg"},{"@type":"BreadcrumbList","@id":"https:\/\/diariodepe.com.br\/cri\/2025\/03\/11\/foi-realizado-em-chicago-o-dialogo-global-china-na-primavera-compartilhar-oportunidades-chinesas-com-o-mundo\/#breadcrumb","itemListElement":[{"@type":"ListItem","position":1,"name":"In\u00edcio","item":"https:\/\/diariodepe.com.br\/cri\/"},{"@type":"ListItem","position":2,"name":"Foi realizado em Chicago o di\u00e1logo global &#8220;China na primavera: compartilhar oportunidades chinesas com o mundo&#8221;"}]},{"@type":"WebSite","@id":"https:\/\/diariodepe.com.br\/cri\/#website","url":"https:\/\/diariodepe.com.br\/cri\/","name":"CRI e Diario de Pernambuco","description":"R\u00e1dio Internacional da China","publisher":{"@id":"https:\/\/diariodepe.com.br\/cri\/#organization"},"potentialAction":[{"@type":"SearchAction","target":{"@type":"EntryPoint","urlTemplate":"https:\/\/diariodepe.com.br\/cri\/?s={search_term_string}"},"query-input":{"@type":"PropertyValueSpecification","valueRequired":true,"valueName":"search_term_string"}}],"inLanguage":"pt-BR"},{"@type":"Organization","@id":"https:\/\/diariodepe.com.br\/cri\/#organization","name":"CRI e Diario de Pernambuco","url":"https:\/\/diariodepe.com.br\/cri\/","logo":{"@type":"ImageObject","inLanguage":"pt-BR","@id":"https:\/\/diariodepe.com.br\/cri\/#\/schema\/logo\/image\/","url":"https:\/\/diariodepe.com.br\/cri\/wp-content\/uploads\/sites\/2\/2022\/12\/cropped-Logo.jpg","contentUrl":"https:\/\/diariodepe.com.br\/cri\/wp-content\/uploads\/sites\/2\/2022\/12\/cropped-Logo.jpg","width":700,"height":59,"caption":"CRI e Diario de Pernambuco"},"image":{"@id":"https:\/\/diariodepe.com.br\/cri\/#\/schema\/logo\/image\/"}},{"@type":"Person","@id":"https:\/\/diariodepe.com.br\/cri\/#\/schema\/person\/121bb28d84f1a5b1205ef4ce9c2e0c6b","name":"Ismael Lucas S. Pereira","image":{"@type":"ImageObject","inLanguage":"pt-BR","@id":"https:\/\/secure.gravatar.com\/avatar\/887a0f3b5a7ceea963a48499fb883ffce6b5037362def025c52c2505b15d63e4?s=96&d=mm&r=g","url":"https:\/\/secure.gravatar.com\/avatar\/887a0f3b5a7ceea963a48499fb883ffce6b5037362def025c52c2505b15d63e4?s=96&d=mm&r=g","contentUrl":"https:\/\/secure.gravatar.com\/avatar\/887a0f3b5a7ceea963a48499fb883ffce6b5037362def025c52c2505b15d63e4?s=96&d=mm&r=g","caption":"Ismael Lucas S. Pereira"},"url":"https:\/\/diariodepe.com.br\/cri\/author\/ismael-lucas\/"}]}},"cc_featured_image_caption":{"caption_text":false,"source_text":false,"source_url":false},"amp_enabled":true,"_links":{"self":[{"href":"https:\/\/diariodepe.com.br\/cri\/wp-json\/wp\/v2\/posts\/7814","targetHints":{"allow":["GET"]}}],"collection":[{"href":"https:\/\/diariodepe.com.br\/cri\/wp-json\/wp\/v2\/posts"}],"about":[{"href":"https:\/\/diariodepe.com.br\/cri\/wp-json\/wp\/v2\/types\/post"}],"author":[{"embeddable":true,"href":"https:\/\/diariodepe.com.br\/cri\/wp-json\/wp\/v2\/users\/2"}],"replies":[{"embeddable":true,"href":"https:\/\/diariodepe.com.br\/cri\/wp-json\/wp\/v2\/comments?post=7814"}],"version-history":[{"count":1,"href":"https:\/\/diariodepe.com.br\/cri\/wp-json\/wp\/v2\/posts\/7814\/revisions"}],"predecessor-version":[{"id":7815,"href":"https:\/\/diariodepe.com.br\/cri\/wp-json\/wp\/v2\/posts\/7814\/revisions\/7815"}],"wp:attachment":[{"href":"https:\/\/diariodepe.com.br\/cri\/wp-json\/wp\/v2\/media?parent=7814"}],"wp:term":[{"taxonomy":"category","embeddable":true,"href":"https:\/\/diariodepe.com.br\/cri\/wp-json\/wp\/v2\/categories?post=7814"},{"taxonomy":"post_tag","embeddable":true,"href":"https:\/\/diariodepe.com.br\/cri\/wp-json\/wp\/v2\/tags?post=7814"}],"curies":[{"name":"wp","href":"https:\/\/api.w.org\/{rel}","templated":true}]}}