{"id":781,"date":"2023-03-09T03:46:20","date_gmt":"2023-03-09T06:46:20","guid":{"rendered":"https:\/\/diariodepe.com.br\/cri\/?p=781"},"modified":"2023-03-09T03:46:55","modified_gmt":"2023-03-09T06:46:55","slug":"presidentes-da-china-e-da-bielorrussia-se-reunem-em-beijing","status":"publish","type":"post","link":"https:\/\/diariodepe.com.br\/cri\/2023\/03\/09\/presidentes-da-china-e-da-bielorrussia-se-reunem-em-beijing\/","title":{"rendered":"Presidentes da China e da Bielorr\u00fassia se re\u00fanem em Beijing"},"content":{"rendered":"<p><img fetchpriority=\"high\" decoding=\"async\" class=\"wp-image-782 aligncenter\" src=\"https:\/\/diariodepe.com.br\/cri\/wp-content\/uploads\/2023\/03\/2023030123015657325-300x206.jpg\" alt=\"\" width=\"892\" height=\"615\" \/><\/p>\n<p>&nbsp;<\/p>\n<p>O presidente chin\u00eas, Xi Jinping, reuniu-se na quarta-feira (1) em Beijing com o presidente da Bielorr\u00fassia, Alexander Lukashenko, que est\u00e1 em visita de estado \u00e0 China.<\/p>\n<p>No encontro, o l\u00edder chin\u00eas salientou que a China e a Bielorr\u00fassia t\u00eam uma amizade inquebr\u00e1vel. Ambos os lados devem aumentar constantemente a confian\u00e7a pol\u00edtica e continuar sempre verdadeiros amigos e bons parceiros. A parte chinesa aprecia a posi\u00e7\u00e3o leg\u00edtima da Bielorr\u00fassia nas quest\u00f5es relacionadas a Taiwan, Xinjiang, Hong Kong e direitos humanos. Os dois pa\u00edses precisam apoiar o caminho de desenvolvimento escolhido um pelo outro e a prote\u00e7\u00e3o dos seus pr\u00f3prios interesses essenciais, opondo-se \u00e0 interfer\u00eancia de for\u00e7as externas nos assuntos internos e defendendo a soberania e a seguran\u00e7a pol\u00edtica.<\/p>\n<p>O mundo est\u00e1 enfrentando grandes mudan\u00e7as nunca vistas em um s\u00e9culo e muitas dificuldades na promo\u00e7\u00e3o da paz mundial e desenvolvimento, afirmou Xi Jinping. A parte chinesa elogia o apoio da Bielorr\u00fassia para as iniciativas de desenvolvimento global e de seguran\u00e7a global e est\u00e1 disposta a fortalecer a coopera\u00e7\u00e3o com o pa\u00eds dentro das plataformas multilaterais, incluindo a ONU, com o objetivo de, em conjunto, responder aos desafios e construir a comunidade com futuro compartilhado para a humanidade.<\/p>\n<p>Por sua vez, Lukashenko declarou que a Bielorr\u00fassia apoia firmemente a defesa dos seus interesses centrais pela China e quer participar positivamente das iniciativas propostas pela parte chinesa.<\/p>\n<p>Os dois chefes de Estado tamb\u00e9m trocaram opini\u00f5es sobre a crise da Ucr\u00e2nia. Xi Jinping declarou que a posi\u00e7\u00e3o da China \u00e9 promover as negocia\u00e7\u00f5es de paz. \u00c9 importante seguir a dire\u00e7\u00e3o da solu\u00e7\u00e3o pol\u00edtica, descartar a mentalidade de guerra fria e respeitar as preocupa\u00e7\u00f5es de seguran\u00e7a razo\u00e1veis de todos os pa\u00edses, al\u00e9m de construir um quadro de seguran\u00e7a europeu equilibrado, eficaz e sustent\u00e1vel.<\/p>\n","protected":false},"excerpt":{"rendered":"<p>&nbsp; O presidente chin\u00eas, Xi Jinping, reuniu-se na quarta-feira (1) em Beijing com o presidente da Bielorr\u00fassia, Alexander Lukashenko, que est\u00e1 em visita de estado \u00e0 China. No encontro, o l\u00edder chin\u00eas salientou que a China e a Bielorr\u00fassia t\u00eam&#8230;<\/p>\n","protected":false},"author":2,"featured_media":0,"comment_status":"open","ping_status":"open","sticky":false,"template":"","format":"standard","meta":{"footnotes":""},"categories":[3],"tags":[],"class_list":["post-781","post","type-post","status-publish","format-standard","hentry","category-china"],"yoast_head":"<!-- This site is optimized with the Yoast SEO plugin v27.4 - https:\/\/yoast.com\/product\/yoast-seo-wordpress\/ -->\n<title>Presidentes da China e da Bielorr\u00fassia se re\u00fanem em Beijing - CRI e Diario de Pernambuco<\/title>\n<meta name=\"robots\" content=\"index, follow, max-snippet:-1, max-image-preview:large, max-video-preview:-1\" \/>\n<link rel=\"canonical\" href=\"https:\/\/diariodepe.com.br\/cri\/2023\/03\/09\/presidentes-da-china-e-da-bielorrussia-se-reunem-em-beijing\/\" \/>\n<meta property=\"og:locale\" content=\"pt_BR\" \/>\n<meta property=\"og:type\" content=\"article\" \/>\n<meta property=\"og:title\" content=\"Presidentes da China e da Bielorr\u00fassia se re\u00fanem em Beijing - CRI e Diario de Pernambuco\" \/>\n<meta property=\"og:description\" content=\"&nbsp; O presidente chin\u00eas, Xi Jinping, reuniu-se na quarta-feira (1) em Beijing com o presidente da Bielorr\u00fassia, Alexander Lukashenko, que est\u00e1 em visita de estado \u00e0 China. No encontro, o l\u00edder chin\u00eas salientou que a China e a Bielorr\u00fassia t\u00eam...\" \/>\n<meta property=\"og:url\" content=\"https:\/\/diariodepe.com.br\/cri\/2023\/03\/09\/presidentes-da-china-e-da-bielorrussia-se-reunem-em-beijing\/\" \/>\n<meta property=\"og:site_name\" content=\"CRI e Diario de Pernambuco\" \/>\n<meta property=\"article:published_time\" content=\"2023-03-09T06:46:20+00:00\" \/>\n<meta property=\"article:modified_time\" content=\"2023-03-09T06:46:55+00:00\" \/>\n<meta property=\"og:image\" content=\"https:\/\/diariodepe.com.br\/cri\/wp-content\/uploads\/2023\/03\/2023030123015657325-300x206.jpg\" \/>\n<meta name=\"author\" content=\"Ismael Lucas S. Pereira\" \/>\n<meta name=\"twitter:card\" content=\"summary_large_image\" \/>\n<meta name=\"twitter:label1\" content=\"Escrito por\" \/>\n\t<meta name=\"twitter:data1\" content=\"Ismael Lucas S. Pereira\" \/>\n\t<meta name=\"twitter:label2\" content=\"Est. tempo de leitura\" \/>\n\t<meta name=\"twitter:data2\" content=\"2 minutos\" \/>\n<script type=\"application\/ld+json\" class=\"yoast-schema-graph\">{\"@context\":\"https:\\\/\\\/schema.org\",\"@graph\":[{\"@type\":\"Article\",\"@id\":\"https:\\\/\\\/diariodepe.com.br\\\/cri\\\/2023\\\/03\\\/09\\\/presidentes-da-china-e-da-bielorrussia-se-reunem-em-beijing\\\/#article\",\"isPartOf\":{\"@id\":\"https:\\\/\\\/diariodepe.com.br\\\/cri\\\/2023\\\/03\\\/09\\\/presidentes-da-china-e-da-bielorrussia-se-reunem-em-beijing\\\/\"},\"author\":{\"name\":\"Ismael Lucas S. Pereira\",\"@id\":\"https:\\\/\\\/diariodepe.com.br\\\/cri\\\/#\\\/schema\\\/person\\\/121bb28d84f1a5b1205ef4ce9c2e0c6b\"},\"headline\":\"Presidentes da China e da Bielorr\u00fassia se re\u00fanem em Beijing\",\"datePublished\":\"2023-03-09T06:46:20+00:00\",\"dateModified\":\"2023-03-09T06:46:55+00:00\",\"mainEntityOfPage\":{\"@id\":\"https:\\\/\\\/diariodepe.com.br\\\/cri\\\/2023\\\/03\\\/09\\\/presidentes-da-china-e-da-bielorrussia-se-reunem-em-beijing\\\/\"},\"wordCount\":338,\"commentCount\":0,\"publisher\":{\"@id\":\"https:\\\/\\\/diariodepe.com.br\\\/cri\\\/#organization\"},\"image\":{\"@id\":\"https:\\\/\\\/diariodepe.com.br\\\/cri\\\/2023\\\/03\\\/09\\\/presidentes-da-china-e-da-bielorrussia-se-reunem-em-beijing\\\/#primaryimage\"},\"thumbnailUrl\":\"https:\\\/\\\/diariodepe.com.br\\\/cri\\\/wp-content\\\/uploads\\\/2023\\\/03\\\/2023030123015657325-300x206.jpg\",\"articleSection\":[\"China\"],\"inLanguage\":\"pt-BR\",\"potentialAction\":[{\"@type\":\"CommentAction\",\"name\":\"Comment\",\"target\":[\"https:\\\/\\\/diariodepe.com.br\\\/cri\\\/2023\\\/03\\\/09\\\/presidentes-da-china-e-da-bielorrussia-se-reunem-em-beijing\\\/#respond\"]}]},{\"@type\":\"WebPage\",\"@id\":\"https:\\\/\\\/diariodepe.com.br\\\/cri\\\/2023\\\/03\\\/09\\\/presidentes-da-china-e-da-bielorrussia-se-reunem-em-beijing\\\/\",\"url\":\"https:\\\/\\\/diariodepe.com.br\\\/cri\\\/2023\\\/03\\\/09\\\/presidentes-da-china-e-da-bielorrussia-se-reunem-em-beijing\\\/\",\"name\":\"Presidentes da China e da Bielorr\u00fassia se re\u00fanem em Beijing - CRI e Diario de Pernambuco\",\"isPartOf\":{\"@id\":\"https:\\\/\\\/diariodepe.com.br\\\/cri\\\/#website\"},\"primaryImageOfPage\":{\"@id\":\"https:\\\/\\\/diariodepe.com.br\\\/cri\\\/2023\\\/03\\\/09\\\/presidentes-da-china-e-da-bielorrussia-se-reunem-em-beijing\\\/#primaryimage\"},\"image\":{\"@id\":\"https:\\\/\\\/diariodepe.com.br\\\/cri\\\/2023\\\/03\\\/09\\\/presidentes-da-china-e-da-bielorrussia-se-reunem-em-beijing\\\/#primaryimage\"},\"thumbnailUrl\":\"https:\\\/\\\/diariodepe.com.br\\\/cri\\\/wp-content\\\/uploads\\\/2023\\\/03\\\/2023030123015657325-300x206.jpg\",\"datePublished\":\"2023-03-09T06:46:20+00:00\",\"dateModified\":\"2023-03-09T06:46:55+00:00\",\"breadcrumb\":{\"@id\":\"https:\\\/\\\/diariodepe.com.br\\\/cri\\\/2023\\\/03\\\/09\\\/presidentes-da-china-e-da-bielorrussia-se-reunem-em-beijing\\\/#breadcrumb\"},\"inLanguage\":\"pt-BR\",\"potentialAction\":[{\"@type\":\"ReadAction\",\"target\":[\"https:\\\/\\\/diariodepe.com.br\\\/cri\\\/2023\\\/03\\\/09\\\/presidentes-da-china-e-da-bielorrussia-se-reunem-em-beijing\\\/\"]}]},{\"@type\":\"ImageObject\",\"inLanguage\":\"pt-BR\",\"@id\":\"https:\\\/\\\/diariodepe.com.br\\\/cri\\\/2023\\\/03\\\/09\\\/presidentes-da-china-e-da-bielorrussia-se-reunem-em-beijing\\\/#primaryimage\",\"url\":\"https:\\\/\\\/diariodepe.com.br\\\/cri\\\/wp-content\\\/uploads\\\/sites\\\/2\\\/2023\\\/03\\\/2023030123015657325.jpg\",\"contentUrl\":\"https:\\\/\\\/diariodepe.com.br\\\/cri\\\/wp-content\\\/uploads\\\/sites\\\/2\\\/2023\\\/03\\\/2023030123015657325.jpg\",\"width\":900,\"height\":618},{\"@type\":\"BreadcrumbList\",\"@id\":\"https:\\\/\\\/diariodepe.com.br\\\/cri\\\/2023\\\/03\\\/09\\\/presidentes-da-china-e-da-bielorrussia-se-reunem-em-beijing\\\/#breadcrumb\",\"itemListElement\":[{\"@type\":\"ListItem\",\"position\":1,\"name\":\"In\u00edcio\",\"item\":\"https:\\\/\\\/diariodepe.com.br\\\/cri\\\/\"},{\"@type\":\"ListItem\",\"position\":2,\"name\":\"Presidentes da China e da Bielorr\u00fassia se re\u00fanem em Beijing\"}]},{\"@type\":\"WebSite\",\"@id\":\"https:\\\/\\\/diariodepe.com.br\\\/cri\\\/#website\",\"url\":\"https:\\\/\\\/diariodepe.com.br\\\/cri\\\/\",\"name\":\"CRI e Diario de Pernambuco\",\"description\":\"R\u00e1dio Internacional da China\",\"publisher\":{\"@id\":\"https:\\\/\\\/diariodepe.com.br\\\/cri\\\/#organization\"},\"potentialAction\":[{\"@type\":\"SearchAction\",\"target\":{\"@type\":\"EntryPoint\",\"urlTemplate\":\"https:\\\/\\\/diariodepe.com.br\\\/cri\\\/?s={search_term_string}\"},\"query-input\":{\"@type\":\"PropertyValueSpecification\",\"valueRequired\":true,\"valueName\":\"search_term_string\"}}],\"inLanguage\":\"pt-BR\"},{\"@type\":\"Organization\",\"@id\":\"https:\\\/\\\/diariodepe.com.br\\\/cri\\\/#organization\",\"name\":\"CRI e Diario de Pernambuco\",\"url\":\"https:\\\/\\\/diariodepe.com.br\\\/cri\\\/\",\"logo\":{\"@type\":\"ImageObject\",\"inLanguage\":\"pt-BR\",\"@id\":\"https:\\\/\\\/diariodepe.com.br\\\/cri\\\/#\\\/schema\\\/logo\\\/image\\\/\",\"url\":\"https:\\\/\\\/diariodepe.com.br\\\/cri\\\/wp-content\\\/uploads\\\/sites\\\/2\\\/2022\\\/12\\\/cropped-Logo.jpg\",\"contentUrl\":\"https:\\\/\\\/diariodepe.com.br\\\/cri\\\/wp-content\\\/uploads\\\/sites\\\/2\\\/2022\\\/12\\\/cropped-Logo.jpg\",\"width\":700,\"height\":59,\"caption\":\"CRI e Diario de Pernambuco\"},\"image\":{\"@id\":\"https:\\\/\\\/diariodepe.com.br\\\/cri\\\/#\\\/schema\\\/logo\\\/image\\\/\"}},{\"@type\":\"Person\",\"@id\":\"https:\\\/\\\/diariodepe.com.br\\\/cri\\\/#\\\/schema\\\/person\\\/121bb28d84f1a5b1205ef4ce9c2e0c6b\",\"name\":\"Ismael Lucas S. Pereira\",\"image\":{\"@type\":\"ImageObject\",\"inLanguage\":\"pt-BR\",\"@id\":\"https:\\\/\\\/secure.gravatar.com\\\/avatar\\\/887a0f3b5a7ceea963a48499fb883ffce6b5037362def025c52c2505b15d63e4?s=96&d=mm&r=g\",\"url\":\"https:\\\/\\\/secure.gravatar.com\\\/avatar\\\/887a0f3b5a7ceea963a48499fb883ffce6b5037362def025c52c2505b15d63e4?s=96&d=mm&r=g\",\"contentUrl\":\"https:\\\/\\\/secure.gravatar.com\\\/avatar\\\/887a0f3b5a7ceea963a48499fb883ffce6b5037362def025c52c2505b15d63e4?s=96&d=mm&r=g\",\"caption\":\"Ismael Lucas S. Pereira\"},\"url\":\"https:\\\/\\\/diariodepe.com.br\\\/cri\\\/author\\\/ismael-lucas\\\/\"}]}<\/script>\n<!-- \/ Yoast SEO plugin. -->","yoast_head_json":{"title":"Presidentes da China e da Bielorr\u00fassia se re\u00fanem em Beijing - CRI e Diario de Pernambuco","robots":{"index":"index","follow":"follow","max-snippet":"max-snippet:-1","max-image-preview":"max-image-preview:large","max-video-preview":"max-video-preview:-1"},"canonical":"https:\/\/diariodepe.com.br\/cri\/2023\/03\/09\/presidentes-da-china-e-da-bielorrussia-se-reunem-em-beijing\/","og_locale":"pt_BR","og_type":"article","og_title":"Presidentes da China e da Bielorr\u00fassia se re\u00fanem em Beijing - CRI e Diario de Pernambuco","og_description":"&nbsp; O presidente chin\u00eas, Xi Jinping, reuniu-se na quarta-feira (1) em Beijing com o presidente da Bielorr\u00fassia, Alexander Lukashenko, que est\u00e1 em visita de estado \u00e0 China. No encontro, o l\u00edder chin\u00eas salientou que a China e a Bielorr\u00fassia t\u00eam...","og_url":"https:\/\/diariodepe.com.br\/cri\/2023\/03\/09\/presidentes-da-china-e-da-bielorrussia-se-reunem-em-beijing\/","og_site_name":"CRI e Diario de Pernambuco","article_published_time":"2023-03-09T06:46:20+00:00","article_modified_time":"2023-03-09T06:46:55+00:00","og_image":[{"url":"https:\/\/diariodepe.com.br\/cri\/wp-content\/uploads\/2023\/03\/2023030123015657325-300x206.jpg","type":"","width":"","height":""}],"author":"Ismael Lucas S. Pereira","twitter_card":"summary_large_image","twitter_misc":{"Escrito por":"Ismael Lucas S. Pereira","Est. tempo de leitura":"2 minutos"},"schema":{"@context":"https:\/\/schema.org","@graph":[{"@type":"Article","@id":"https:\/\/diariodepe.com.br\/cri\/2023\/03\/09\/presidentes-da-china-e-da-bielorrussia-se-reunem-em-beijing\/#article","isPartOf":{"@id":"https:\/\/diariodepe.com.br\/cri\/2023\/03\/09\/presidentes-da-china-e-da-bielorrussia-se-reunem-em-beijing\/"},"author":{"name":"Ismael Lucas S. Pereira","@id":"https:\/\/diariodepe.com.br\/cri\/#\/schema\/person\/121bb28d84f1a5b1205ef4ce9c2e0c6b"},"headline":"Presidentes da China e da Bielorr\u00fassia se re\u00fanem em Beijing","datePublished":"2023-03-09T06:46:20+00:00","dateModified":"2023-03-09T06:46:55+00:00","mainEntityOfPage":{"@id":"https:\/\/diariodepe.com.br\/cri\/2023\/03\/09\/presidentes-da-china-e-da-bielorrussia-se-reunem-em-beijing\/"},"wordCount":338,"commentCount":0,"publisher":{"@id":"https:\/\/diariodepe.com.br\/cri\/#organization"},"image":{"@id":"https:\/\/diariodepe.com.br\/cri\/2023\/03\/09\/presidentes-da-china-e-da-bielorrussia-se-reunem-em-beijing\/#primaryimage"},"thumbnailUrl":"https:\/\/diariodepe.com.br\/cri\/wp-content\/uploads\/2023\/03\/2023030123015657325-300x206.jpg","articleSection":["China"],"inLanguage":"pt-BR","potentialAction":[{"@type":"CommentAction","name":"Comment","target":["https:\/\/diariodepe.com.br\/cri\/2023\/03\/09\/presidentes-da-china-e-da-bielorrussia-se-reunem-em-beijing\/#respond"]}]},{"@type":"WebPage","@id":"https:\/\/diariodepe.com.br\/cri\/2023\/03\/09\/presidentes-da-china-e-da-bielorrussia-se-reunem-em-beijing\/","url":"https:\/\/diariodepe.com.br\/cri\/2023\/03\/09\/presidentes-da-china-e-da-bielorrussia-se-reunem-em-beijing\/","name":"Presidentes da China e da Bielorr\u00fassia se re\u00fanem em Beijing - CRI e Diario de Pernambuco","isPartOf":{"@id":"https:\/\/diariodepe.com.br\/cri\/#website"},"primaryImageOfPage":{"@id":"https:\/\/diariodepe.com.br\/cri\/2023\/03\/09\/presidentes-da-china-e-da-bielorrussia-se-reunem-em-beijing\/#primaryimage"},"image":{"@id":"https:\/\/diariodepe.com.br\/cri\/2023\/03\/09\/presidentes-da-china-e-da-bielorrussia-se-reunem-em-beijing\/#primaryimage"},"thumbnailUrl":"https:\/\/diariodepe.com.br\/cri\/wp-content\/uploads\/2023\/03\/2023030123015657325-300x206.jpg","datePublished":"2023-03-09T06:46:20+00:00","dateModified":"2023-03-09T06:46:55+00:00","breadcrumb":{"@id":"https:\/\/diariodepe.com.br\/cri\/2023\/03\/09\/presidentes-da-china-e-da-bielorrussia-se-reunem-em-beijing\/#breadcrumb"},"inLanguage":"pt-BR","potentialAction":[{"@type":"ReadAction","target":["https:\/\/diariodepe.com.br\/cri\/2023\/03\/09\/presidentes-da-china-e-da-bielorrussia-se-reunem-em-beijing\/"]}]},{"@type":"ImageObject","inLanguage":"pt-BR","@id":"https:\/\/diariodepe.com.br\/cri\/2023\/03\/09\/presidentes-da-china-e-da-bielorrussia-se-reunem-em-beijing\/#primaryimage","url":"https:\/\/diariodepe.com.br\/cri\/wp-content\/uploads\/sites\/2\/2023\/03\/2023030123015657325.jpg","contentUrl":"https:\/\/diariodepe.com.br\/cri\/wp-content\/uploads\/sites\/2\/2023\/03\/2023030123015657325.jpg","width":900,"height":618},{"@type":"BreadcrumbList","@id":"https:\/\/diariodepe.com.br\/cri\/2023\/03\/09\/presidentes-da-china-e-da-bielorrussia-se-reunem-em-beijing\/#breadcrumb","itemListElement":[{"@type":"ListItem","position":1,"name":"In\u00edcio","item":"https:\/\/diariodepe.com.br\/cri\/"},{"@type":"ListItem","position":2,"name":"Presidentes da China e da Bielorr\u00fassia se re\u00fanem em Beijing"}]},{"@type":"WebSite","@id":"https:\/\/diariodepe.com.br\/cri\/#website","url":"https:\/\/diariodepe.com.br\/cri\/","name":"CRI e Diario de Pernambuco","description":"R\u00e1dio Internacional da China","publisher":{"@id":"https:\/\/diariodepe.com.br\/cri\/#organization"},"potentialAction":[{"@type":"SearchAction","target":{"@type":"EntryPoint","urlTemplate":"https:\/\/diariodepe.com.br\/cri\/?s={search_term_string}"},"query-input":{"@type":"PropertyValueSpecification","valueRequired":true,"valueName":"search_term_string"}}],"inLanguage":"pt-BR"},{"@type":"Organization","@id":"https:\/\/diariodepe.com.br\/cri\/#organization","name":"CRI e Diario de Pernambuco","url":"https:\/\/diariodepe.com.br\/cri\/","logo":{"@type":"ImageObject","inLanguage":"pt-BR","@id":"https:\/\/diariodepe.com.br\/cri\/#\/schema\/logo\/image\/","url":"https:\/\/diariodepe.com.br\/cri\/wp-content\/uploads\/sites\/2\/2022\/12\/cropped-Logo.jpg","contentUrl":"https:\/\/diariodepe.com.br\/cri\/wp-content\/uploads\/sites\/2\/2022\/12\/cropped-Logo.jpg","width":700,"height":59,"caption":"CRI e Diario de Pernambuco"},"image":{"@id":"https:\/\/diariodepe.com.br\/cri\/#\/schema\/logo\/image\/"}},{"@type":"Person","@id":"https:\/\/diariodepe.com.br\/cri\/#\/schema\/person\/121bb28d84f1a5b1205ef4ce9c2e0c6b","name":"Ismael Lucas S. Pereira","image":{"@type":"ImageObject","inLanguage":"pt-BR","@id":"https:\/\/secure.gravatar.com\/avatar\/887a0f3b5a7ceea963a48499fb883ffce6b5037362def025c52c2505b15d63e4?s=96&d=mm&r=g","url":"https:\/\/secure.gravatar.com\/avatar\/887a0f3b5a7ceea963a48499fb883ffce6b5037362def025c52c2505b15d63e4?s=96&d=mm&r=g","contentUrl":"https:\/\/secure.gravatar.com\/avatar\/887a0f3b5a7ceea963a48499fb883ffce6b5037362def025c52c2505b15d63e4?s=96&d=mm&r=g","caption":"Ismael Lucas S. Pereira"},"url":"https:\/\/diariodepe.com.br\/cri\/author\/ismael-lucas\/"}]}},"cc_featured_image_caption":{"caption_text":false,"source_text":false,"source_url":false},"amp_enabled":true,"_links":{"self":[{"href":"https:\/\/diariodepe.com.br\/cri\/wp-json\/wp\/v2\/posts\/781","targetHints":{"allow":["GET"]}}],"collection":[{"href":"https:\/\/diariodepe.com.br\/cri\/wp-json\/wp\/v2\/posts"}],"about":[{"href":"https:\/\/diariodepe.com.br\/cri\/wp-json\/wp\/v2\/types\/post"}],"author":[{"embeddable":true,"href":"https:\/\/diariodepe.com.br\/cri\/wp-json\/wp\/v2\/users\/2"}],"replies":[{"embeddable":true,"href":"https:\/\/diariodepe.com.br\/cri\/wp-json\/wp\/v2\/comments?post=781"}],"version-history":[{"count":2,"href":"https:\/\/diariodepe.com.br\/cri\/wp-json\/wp\/v2\/posts\/781\/revisions"}],"predecessor-version":[{"id":784,"href":"https:\/\/diariodepe.com.br\/cri\/wp-json\/wp\/v2\/posts\/781\/revisions\/784"}],"wp:attachment":[{"href":"https:\/\/diariodepe.com.br\/cri\/wp-json\/wp\/v2\/media?parent=781"}],"wp:term":[{"taxonomy":"category","embeddable":true,"href":"https:\/\/diariodepe.com.br\/cri\/wp-json\/wp\/v2\/categories?post=781"},{"taxonomy":"post_tag","embeddable":true,"href":"https:\/\/diariodepe.com.br\/cri\/wp-json\/wp\/v2\/tags?post=781"}],"curies":[{"name":"wp","href":"https:\/\/api.w.org\/{rel}","templated":true}]}}