{"id":7790,"date":"2025-03-07T04:56:16","date_gmt":"2025-03-07T07:56:16","guid":{"rendered":"https:\/\/diariodepe.com.br\/cri\/?p=7790"},"modified":"2025-03-07T04:56:16","modified_gmt":"2025-03-07T07:56:16","slug":"pesquisa-mostra-vontade-entre-jovens-para-promover-relacoes-china-eua","status":"publish","type":"post","link":"https:\/\/diariodepe.com.br\/cri\/2025\/03\/07\/pesquisa-mostra-vontade-entre-jovens-para-promover-relacoes-china-eua\/","title":{"rendered":"Pesquisa mostra vontade entre jovens para promover rela\u00e7\u00f5es China-EUA"},"content":{"rendered":"<p><span lang=\"PT-BR\">Um levantamento da China Global Television Network (CGTN) sobre as rela\u00e7\u00f5es sino-estadunidenses mostra que os jovens dos dois pa\u00edses t\u00eam um amplo consenso na promo\u00e7\u00e3o do respeito m\u00fatuo e benef\u00edcios rec\u00edprocos.<\/span><\/p>\n<p><span lang=\"PT-BR\">Na pesquisa, realizada com 4.003 pessoas entre 18 e 45 anos, os entrevistados consideram que a busca de resultados ganha-ganha \u00e9 o meio fundamental para resolver a quest\u00e3o econ\u00f4mica e comercial entre a China e os EUA, o qual \u00e9 apoiado por 87,3% dos participantes chineses e 78,5% dos estadunidenses.<\/span><\/p>\n<p><span lang=\"PT-BR\">Como est\u00e3o os la\u00e7os econ\u00f4micos e comerciais bilaterais? Um total de 66,4% dos entrevistados chineses e 43,1% dos estadunidenses concordam com a \u201ccoexist\u00eancia de coopera\u00e7\u00e3o e concorr\u00eancia\u201d, enquanto 17,7% dos chineses e 22,7% dos estadunidenses indicaram a \u201cconcorr\u00eancia\u201d como base dos la\u00e7os.<\/span><\/p>\n<p><span lang=\"PT-BR\">Um total de 98,2% dos entrevistados chineses e 92,6% dos estadunidenses esperam uma evolu\u00e7\u00e3o saud\u00e1vel e est\u00e1vel do relacionamento China-EUA.<\/span><\/p>\n<p><span lang=\"PT-BR\">Ao mesmo tempo, os participantes chineses consideram que os EUA t\u00eam um desempenho saliente em setores como biotecnologia, intelig\u00eancia artificial e explora\u00e7\u00e3o espacial. Para os entrevistados estadunidenses, a China se destaca em tecnologias manufatureiras, eletr\u00f4nicos de consumo e intelig\u00eancia artificial.<\/span><\/p>\n<p><span lang=\"PT-BR\">Al\u00e9m disso, 76,8% dos entrevistados chineses e 80,7% dos estadunidenses acreditam que os jovens das duas na\u00e7\u00f5es compartilham valores e pontos de interesse, enquanto 79,6% dos chineses e 75,6% dos estadunidenses consideram que a cultura popular \u00e9 uma forma eficaz de melhorar a compreens\u00e3o m\u00fatua entre as duas partes.<\/span><\/p>\n<p><span lang=\"PT-BR\">Neste levantamento, os estadunidenses mostraram seu forte interesse com as redes sociais, anima\u00e7\u00f5es, videogames, filmes, telenovelas e tend\u00eancias de moda da China. J\u00e1 os chineses esperam aumentar o conhecimento m\u00fatuo por meio de realiza\u00e7\u00e3o de projetos conjuntos de pesquisa, refor\u00e7o da intera\u00e7\u00e3o nas redes sociais e promo\u00e7\u00e3o de projetos intercambiais.<\/span><\/p>\n","protected":false},"excerpt":{"rendered":"<p>Um levantamento da China Global Television Network (CGTN) sobre as rela\u00e7\u00f5es sino-estadunidenses mostra que os jovens dos dois pa\u00edses t\u00eam um amplo consenso na promo\u00e7\u00e3o do respeito m\u00fatuo e benef\u00edcios rec\u00edprocos. Na pesquisa, realizada com 4.003 pessoas entre 18 e&#8230;<\/p>\n","protected":false},"author":2,"featured_media":0,"comment_status":"open","ping_status":"open","sticky":false,"template":"","format":"standard","meta":{"footnotes":""},"categories":[3],"tags":[],"class_list":["post-7790","post","type-post","status-publish","format-standard","hentry","category-china"],"yoast_head":"<!-- This site is optimized with the Yoast SEO plugin v27.4 - https:\/\/yoast.com\/product\/yoast-seo-wordpress\/ -->\n<title>Pesquisa mostra vontade entre jovens para promover rela\u00e7\u00f5es China-EUA - CRI e Diario de Pernambuco<\/title>\n<meta name=\"robots\" content=\"index, follow, max-snippet:-1, max-image-preview:large, max-video-preview:-1\" \/>\n<link rel=\"canonical\" href=\"https:\/\/diariodepe.com.br\/cri\/2025\/03\/07\/pesquisa-mostra-vontade-entre-jovens-para-promover-relacoes-china-eua\/\" \/>\n<meta property=\"og:locale\" content=\"pt_BR\" \/>\n<meta property=\"og:type\" content=\"article\" \/>\n<meta property=\"og:title\" content=\"Pesquisa mostra vontade entre jovens para promover rela\u00e7\u00f5es China-EUA - CRI e Diario de Pernambuco\" \/>\n<meta property=\"og:description\" content=\"Um levantamento da China Global Television Network (CGTN) sobre as rela\u00e7\u00f5es sino-estadunidenses mostra que os jovens dos dois pa\u00edses t\u00eam um amplo consenso na promo\u00e7\u00e3o do respeito m\u00fatuo e benef\u00edcios rec\u00edprocos. Na pesquisa, realizada com 4.003 pessoas entre 18 e...\" \/>\n<meta property=\"og:url\" content=\"https:\/\/diariodepe.com.br\/cri\/2025\/03\/07\/pesquisa-mostra-vontade-entre-jovens-para-promover-relacoes-china-eua\/\" \/>\n<meta property=\"og:site_name\" content=\"CRI e Diario de Pernambuco\" \/>\n<meta property=\"article:published_time\" content=\"2025-03-07T07:56:16+00:00\" \/>\n<meta name=\"author\" content=\"Ismael Lucas S. Pereira\" \/>\n<meta name=\"twitter:card\" content=\"summary_large_image\" \/>\n<meta name=\"twitter:label1\" content=\"Escrito por\" \/>\n\t<meta name=\"twitter:data1\" content=\"Ismael Lucas S. Pereira\" \/>\n\t<meta name=\"twitter:label2\" content=\"Est. tempo de leitura\" \/>\n\t<meta name=\"twitter:data2\" content=\"2 minutos\" \/>\n<script type=\"application\/ld+json\" class=\"yoast-schema-graph\">{\"@context\":\"https:\\\/\\\/schema.org\",\"@graph\":[{\"@type\":\"Article\",\"@id\":\"https:\\\/\\\/diariodepe.com.br\\\/cri\\\/2025\\\/03\\\/07\\\/pesquisa-mostra-vontade-entre-jovens-para-promover-relacoes-china-eua\\\/#article\",\"isPartOf\":{\"@id\":\"https:\\\/\\\/diariodepe.com.br\\\/cri\\\/2025\\\/03\\\/07\\\/pesquisa-mostra-vontade-entre-jovens-para-promover-relacoes-china-eua\\\/\"},\"author\":{\"name\":\"Ismael Lucas S. Pereira\",\"@id\":\"https:\\\/\\\/diariodepe.com.br\\\/cri\\\/#\\\/schema\\\/person\\\/121bb28d84f1a5b1205ef4ce9c2e0c6b\"},\"headline\":\"Pesquisa mostra vontade entre jovens para promover rela\u00e7\u00f5es China-EUA\",\"datePublished\":\"2025-03-07T07:56:16+00:00\",\"mainEntityOfPage\":{\"@id\":\"https:\\\/\\\/diariodepe.com.br\\\/cri\\\/2025\\\/03\\\/07\\\/pesquisa-mostra-vontade-entre-jovens-para-promover-relacoes-china-eua\\\/\"},\"wordCount\":310,\"commentCount\":0,\"publisher\":{\"@id\":\"https:\\\/\\\/diariodepe.com.br\\\/cri\\\/#organization\"},\"articleSection\":[\"China\"],\"inLanguage\":\"pt-BR\",\"potentialAction\":[{\"@type\":\"CommentAction\",\"name\":\"Comment\",\"target\":[\"https:\\\/\\\/diariodepe.com.br\\\/cri\\\/2025\\\/03\\\/07\\\/pesquisa-mostra-vontade-entre-jovens-para-promover-relacoes-china-eua\\\/#respond\"]}]},{\"@type\":\"WebPage\",\"@id\":\"https:\\\/\\\/diariodepe.com.br\\\/cri\\\/2025\\\/03\\\/07\\\/pesquisa-mostra-vontade-entre-jovens-para-promover-relacoes-china-eua\\\/\",\"url\":\"https:\\\/\\\/diariodepe.com.br\\\/cri\\\/2025\\\/03\\\/07\\\/pesquisa-mostra-vontade-entre-jovens-para-promover-relacoes-china-eua\\\/\",\"name\":\"Pesquisa mostra vontade entre jovens para promover rela\u00e7\u00f5es China-EUA - CRI e Diario de Pernambuco\",\"isPartOf\":{\"@id\":\"https:\\\/\\\/diariodepe.com.br\\\/cri\\\/#website\"},\"datePublished\":\"2025-03-07T07:56:16+00:00\",\"breadcrumb\":{\"@id\":\"https:\\\/\\\/diariodepe.com.br\\\/cri\\\/2025\\\/03\\\/07\\\/pesquisa-mostra-vontade-entre-jovens-para-promover-relacoes-china-eua\\\/#breadcrumb\"},\"inLanguage\":\"pt-BR\",\"potentialAction\":[{\"@type\":\"ReadAction\",\"target\":[\"https:\\\/\\\/diariodepe.com.br\\\/cri\\\/2025\\\/03\\\/07\\\/pesquisa-mostra-vontade-entre-jovens-para-promover-relacoes-china-eua\\\/\"]}]},{\"@type\":\"BreadcrumbList\",\"@id\":\"https:\\\/\\\/diariodepe.com.br\\\/cri\\\/2025\\\/03\\\/07\\\/pesquisa-mostra-vontade-entre-jovens-para-promover-relacoes-china-eua\\\/#breadcrumb\",\"itemListElement\":[{\"@type\":\"ListItem\",\"position\":1,\"name\":\"In\u00edcio\",\"item\":\"https:\\\/\\\/diariodepe.com.br\\\/cri\\\/\"},{\"@type\":\"ListItem\",\"position\":2,\"name\":\"Pesquisa mostra vontade entre jovens para promover rela\u00e7\u00f5es China-EUA\"}]},{\"@type\":\"WebSite\",\"@id\":\"https:\\\/\\\/diariodepe.com.br\\\/cri\\\/#website\",\"url\":\"https:\\\/\\\/diariodepe.com.br\\\/cri\\\/\",\"name\":\"CRI e Diario de Pernambuco\",\"description\":\"R\u00e1dio Internacional da China\",\"publisher\":{\"@id\":\"https:\\\/\\\/diariodepe.com.br\\\/cri\\\/#organization\"},\"potentialAction\":[{\"@type\":\"SearchAction\",\"target\":{\"@type\":\"EntryPoint\",\"urlTemplate\":\"https:\\\/\\\/diariodepe.com.br\\\/cri\\\/?s={search_term_string}\"},\"query-input\":{\"@type\":\"PropertyValueSpecification\",\"valueRequired\":true,\"valueName\":\"search_term_string\"}}],\"inLanguage\":\"pt-BR\"},{\"@type\":\"Organization\",\"@id\":\"https:\\\/\\\/diariodepe.com.br\\\/cri\\\/#organization\",\"name\":\"CRI e Diario de Pernambuco\",\"url\":\"https:\\\/\\\/diariodepe.com.br\\\/cri\\\/\",\"logo\":{\"@type\":\"ImageObject\",\"inLanguage\":\"pt-BR\",\"@id\":\"https:\\\/\\\/diariodepe.com.br\\\/cri\\\/#\\\/schema\\\/logo\\\/image\\\/\",\"url\":\"https:\\\/\\\/diariodepe.com.br\\\/cri\\\/wp-content\\\/uploads\\\/sites\\\/2\\\/2022\\\/12\\\/cropped-Logo.jpg\",\"contentUrl\":\"https:\\\/\\\/diariodepe.com.br\\\/cri\\\/wp-content\\\/uploads\\\/sites\\\/2\\\/2022\\\/12\\\/cropped-Logo.jpg\",\"width\":700,\"height\":59,\"caption\":\"CRI e Diario de Pernambuco\"},\"image\":{\"@id\":\"https:\\\/\\\/diariodepe.com.br\\\/cri\\\/#\\\/schema\\\/logo\\\/image\\\/\"}},{\"@type\":\"Person\",\"@id\":\"https:\\\/\\\/diariodepe.com.br\\\/cri\\\/#\\\/schema\\\/person\\\/121bb28d84f1a5b1205ef4ce9c2e0c6b\",\"name\":\"Ismael Lucas S. Pereira\",\"image\":{\"@type\":\"ImageObject\",\"inLanguage\":\"pt-BR\",\"@id\":\"https:\\\/\\\/secure.gravatar.com\\\/avatar\\\/887a0f3b5a7ceea963a48499fb883ffce6b5037362def025c52c2505b15d63e4?s=96&d=mm&r=g\",\"url\":\"https:\\\/\\\/secure.gravatar.com\\\/avatar\\\/887a0f3b5a7ceea963a48499fb883ffce6b5037362def025c52c2505b15d63e4?s=96&d=mm&r=g\",\"contentUrl\":\"https:\\\/\\\/secure.gravatar.com\\\/avatar\\\/887a0f3b5a7ceea963a48499fb883ffce6b5037362def025c52c2505b15d63e4?s=96&d=mm&r=g\",\"caption\":\"Ismael Lucas S. Pereira\"},\"url\":\"https:\\\/\\\/diariodepe.com.br\\\/cri\\\/author\\\/ismael-lucas\\\/\"}]}<\/script>\n<!-- \/ Yoast SEO plugin. -->","yoast_head_json":{"title":"Pesquisa mostra vontade entre jovens para promover rela\u00e7\u00f5es China-EUA - CRI e Diario de Pernambuco","robots":{"index":"index","follow":"follow","max-snippet":"max-snippet:-1","max-image-preview":"max-image-preview:large","max-video-preview":"max-video-preview:-1"},"canonical":"https:\/\/diariodepe.com.br\/cri\/2025\/03\/07\/pesquisa-mostra-vontade-entre-jovens-para-promover-relacoes-china-eua\/","og_locale":"pt_BR","og_type":"article","og_title":"Pesquisa mostra vontade entre jovens para promover rela\u00e7\u00f5es China-EUA - CRI e Diario de Pernambuco","og_description":"Um levantamento da China Global Television Network (CGTN) sobre as rela\u00e7\u00f5es sino-estadunidenses mostra que os jovens dos dois pa\u00edses t\u00eam um amplo consenso na promo\u00e7\u00e3o do respeito m\u00fatuo e benef\u00edcios rec\u00edprocos. Na pesquisa, realizada com 4.003 pessoas entre 18 e...","og_url":"https:\/\/diariodepe.com.br\/cri\/2025\/03\/07\/pesquisa-mostra-vontade-entre-jovens-para-promover-relacoes-china-eua\/","og_site_name":"CRI e Diario de Pernambuco","article_published_time":"2025-03-07T07:56:16+00:00","author":"Ismael Lucas S. Pereira","twitter_card":"summary_large_image","twitter_misc":{"Escrito por":"Ismael Lucas S. Pereira","Est. tempo de leitura":"2 minutos"},"schema":{"@context":"https:\/\/schema.org","@graph":[{"@type":"Article","@id":"https:\/\/diariodepe.com.br\/cri\/2025\/03\/07\/pesquisa-mostra-vontade-entre-jovens-para-promover-relacoes-china-eua\/#article","isPartOf":{"@id":"https:\/\/diariodepe.com.br\/cri\/2025\/03\/07\/pesquisa-mostra-vontade-entre-jovens-para-promover-relacoes-china-eua\/"},"author":{"name":"Ismael Lucas S. Pereira","@id":"https:\/\/diariodepe.com.br\/cri\/#\/schema\/person\/121bb28d84f1a5b1205ef4ce9c2e0c6b"},"headline":"Pesquisa mostra vontade entre jovens para promover rela\u00e7\u00f5es China-EUA","datePublished":"2025-03-07T07:56:16+00:00","mainEntityOfPage":{"@id":"https:\/\/diariodepe.com.br\/cri\/2025\/03\/07\/pesquisa-mostra-vontade-entre-jovens-para-promover-relacoes-china-eua\/"},"wordCount":310,"commentCount":0,"publisher":{"@id":"https:\/\/diariodepe.com.br\/cri\/#organization"},"articleSection":["China"],"inLanguage":"pt-BR","potentialAction":[{"@type":"CommentAction","name":"Comment","target":["https:\/\/diariodepe.com.br\/cri\/2025\/03\/07\/pesquisa-mostra-vontade-entre-jovens-para-promover-relacoes-china-eua\/#respond"]}]},{"@type":"WebPage","@id":"https:\/\/diariodepe.com.br\/cri\/2025\/03\/07\/pesquisa-mostra-vontade-entre-jovens-para-promover-relacoes-china-eua\/","url":"https:\/\/diariodepe.com.br\/cri\/2025\/03\/07\/pesquisa-mostra-vontade-entre-jovens-para-promover-relacoes-china-eua\/","name":"Pesquisa mostra vontade entre jovens para promover rela\u00e7\u00f5es China-EUA - CRI e Diario de Pernambuco","isPartOf":{"@id":"https:\/\/diariodepe.com.br\/cri\/#website"},"datePublished":"2025-03-07T07:56:16+00:00","breadcrumb":{"@id":"https:\/\/diariodepe.com.br\/cri\/2025\/03\/07\/pesquisa-mostra-vontade-entre-jovens-para-promover-relacoes-china-eua\/#breadcrumb"},"inLanguage":"pt-BR","potentialAction":[{"@type":"ReadAction","target":["https:\/\/diariodepe.com.br\/cri\/2025\/03\/07\/pesquisa-mostra-vontade-entre-jovens-para-promover-relacoes-china-eua\/"]}]},{"@type":"BreadcrumbList","@id":"https:\/\/diariodepe.com.br\/cri\/2025\/03\/07\/pesquisa-mostra-vontade-entre-jovens-para-promover-relacoes-china-eua\/#breadcrumb","itemListElement":[{"@type":"ListItem","position":1,"name":"In\u00edcio","item":"https:\/\/diariodepe.com.br\/cri\/"},{"@type":"ListItem","position":2,"name":"Pesquisa mostra vontade entre jovens para promover rela\u00e7\u00f5es China-EUA"}]},{"@type":"WebSite","@id":"https:\/\/diariodepe.com.br\/cri\/#website","url":"https:\/\/diariodepe.com.br\/cri\/","name":"CRI e Diario de Pernambuco","description":"R\u00e1dio Internacional da China","publisher":{"@id":"https:\/\/diariodepe.com.br\/cri\/#organization"},"potentialAction":[{"@type":"SearchAction","target":{"@type":"EntryPoint","urlTemplate":"https:\/\/diariodepe.com.br\/cri\/?s={search_term_string}"},"query-input":{"@type":"PropertyValueSpecification","valueRequired":true,"valueName":"search_term_string"}}],"inLanguage":"pt-BR"},{"@type":"Organization","@id":"https:\/\/diariodepe.com.br\/cri\/#organization","name":"CRI e Diario de Pernambuco","url":"https:\/\/diariodepe.com.br\/cri\/","logo":{"@type":"ImageObject","inLanguage":"pt-BR","@id":"https:\/\/diariodepe.com.br\/cri\/#\/schema\/logo\/image\/","url":"https:\/\/diariodepe.com.br\/cri\/wp-content\/uploads\/sites\/2\/2022\/12\/cropped-Logo.jpg","contentUrl":"https:\/\/diariodepe.com.br\/cri\/wp-content\/uploads\/sites\/2\/2022\/12\/cropped-Logo.jpg","width":700,"height":59,"caption":"CRI e Diario de Pernambuco"},"image":{"@id":"https:\/\/diariodepe.com.br\/cri\/#\/schema\/logo\/image\/"}},{"@type":"Person","@id":"https:\/\/diariodepe.com.br\/cri\/#\/schema\/person\/121bb28d84f1a5b1205ef4ce9c2e0c6b","name":"Ismael Lucas S. Pereira","image":{"@type":"ImageObject","inLanguage":"pt-BR","@id":"https:\/\/secure.gravatar.com\/avatar\/887a0f3b5a7ceea963a48499fb883ffce6b5037362def025c52c2505b15d63e4?s=96&d=mm&r=g","url":"https:\/\/secure.gravatar.com\/avatar\/887a0f3b5a7ceea963a48499fb883ffce6b5037362def025c52c2505b15d63e4?s=96&d=mm&r=g","contentUrl":"https:\/\/secure.gravatar.com\/avatar\/887a0f3b5a7ceea963a48499fb883ffce6b5037362def025c52c2505b15d63e4?s=96&d=mm&r=g","caption":"Ismael Lucas S. Pereira"},"url":"https:\/\/diariodepe.com.br\/cri\/author\/ismael-lucas\/"}]}},"cc_featured_image_caption":{"caption_text":false,"source_text":false,"source_url":false},"amp_enabled":true,"_links":{"self":[{"href":"https:\/\/diariodepe.com.br\/cri\/wp-json\/wp\/v2\/posts\/7790","targetHints":{"allow":["GET"]}}],"collection":[{"href":"https:\/\/diariodepe.com.br\/cri\/wp-json\/wp\/v2\/posts"}],"about":[{"href":"https:\/\/diariodepe.com.br\/cri\/wp-json\/wp\/v2\/types\/post"}],"author":[{"embeddable":true,"href":"https:\/\/diariodepe.com.br\/cri\/wp-json\/wp\/v2\/users\/2"}],"replies":[{"embeddable":true,"href":"https:\/\/diariodepe.com.br\/cri\/wp-json\/wp\/v2\/comments?post=7790"}],"version-history":[{"count":1,"href":"https:\/\/diariodepe.com.br\/cri\/wp-json\/wp\/v2\/posts\/7790\/revisions"}],"predecessor-version":[{"id":7791,"href":"https:\/\/diariodepe.com.br\/cri\/wp-json\/wp\/v2\/posts\/7790\/revisions\/7791"}],"wp:attachment":[{"href":"https:\/\/diariodepe.com.br\/cri\/wp-json\/wp\/v2\/media?parent=7790"}],"wp:term":[{"taxonomy":"category","embeddable":true,"href":"https:\/\/diariodepe.com.br\/cri\/wp-json\/wp\/v2\/categories?post=7790"},{"taxonomy":"post_tag","embeddable":true,"href":"https:\/\/diariodepe.com.br\/cri\/wp-json\/wp\/v2\/tags?post=7790"}],"curies":[{"name":"wp","href":"https:\/\/api.w.org\/{rel}","templated":true}]}}