{"id":7782,"date":"2025-03-06T04:58:54","date_gmt":"2025-03-06T07:58:54","guid":{"rendered":"https:\/\/diariodepe.com.br\/cri\/?p=7782"},"modified":"2025-03-06T04:58:54","modified_gmt":"2025-03-06T07:58:54","slug":"china-conclui-principais-metas-de-desenvolvimento-economico-e-social-de-2024","status":"publish","type":"post","link":"https:\/\/diariodepe.com.br\/cri\/2025\/03\/06\/china-conclui-principais-metas-de-desenvolvimento-economico-e-social-de-2024\/","title":{"rendered":"China conclui principais metas de desenvolvimento econ\u00f4mico e social de 2024"},"content":{"rendered":"<p><span lang=\"PT\">O primeiro-ministro da China, Li Qiang, afirmou hoje (5) em Beijing, que a China concluiu com sucesso, as principais metas e tarefas de desenvolvimento econ\u00f4mico e social de 2024.<\/span><\/p>\n<p><span lang=\"PT\">Ao apresentar o Relat\u00f3rio de Trabalho do Governo, na abertura da sess\u00e3o anual da 14\u00aa Assembleia Popular Nacional (APN), a legislatura nacional da China, Li Qiang disse que no ano passado, diante de uma situa\u00e7\u00e3o complexa e severa, marcada pela crescente press\u00e3o externa e dificuldades internas, os chineses de todos os grupos \u00e9tnicos trabalharam duro, sob a forte lideran\u00e7a do Comit\u00ea Central do Partido Comunista da China (PCCh), com o camarada Xi Jinping como n\u00facleo, superando as mais diversas dificuldades.<\/span><\/p>\n<p><span lang=\"PT\">\u201cA opera\u00e7\u00e3o econ\u00f4mica geral tem sido est\u00e1vel e tem progredido. As principais metas e tarefas de desenvolvimento econ\u00f4mico e social para o ano inteiro foram conclu\u00eddas com sucesso, o desenvolvimento de alta qualidade tem sido promovido de forma constante, a nova produtividade de qualidade tem se consolidado, a for\u00e7a econ\u00f4mica, cient\u00edfica e tecnol\u00f3gica do nosso pa\u00eds e o poderio nacional geral est\u00e1 em plena ascens\u00e3o, com a moderniza\u00e7\u00e3o chinesa \u00a0dando passos firmes e inovadores.\u201d<\/span><\/p>\n","protected":false},"excerpt":{"rendered":"<p>O primeiro-ministro da China, Li Qiang, afirmou hoje (5) em Beijing, que a China concluiu com sucesso, as principais metas e tarefas de desenvolvimento econ\u00f4mico e social de 2024. Ao apresentar o Relat\u00f3rio de Trabalho do Governo, na abertura da&#8230;<\/p>\n","protected":false},"author":2,"featured_media":0,"comment_status":"open","ping_status":"open","sticky":false,"template":"","format":"standard","meta":{"footnotes":""},"categories":[3],"tags":[],"class_list":["post-7782","post","type-post","status-publish","format-standard","hentry","category-china"],"yoast_head":"<!-- This site is optimized with the Yoast SEO plugin v27.4 - https:\/\/yoast.com\/product\/yoast-seo-wordpress\/ -->\n<title>China conclui principais metas de desenvolvimento econ\u00f4mico e social de 2024 - CRI e Diario de Pernambuco<\/title>\n<meta name=\"robots\" content=\"index, follow, max-snippet:-1, max-image-preview:large, max-video-preview:-1\" \/>\n<link rel=\"canonical\" href=\"https:\/\/diariodepe.com.br\/cri\/2025\/03\/06\/china-conclui-principais-metas-de-desenvolvimento-economico-e-social-de-2024\/\" \/>\n<meta property=\"og:locale\" content=\"pt_BR\" \/>\n<meta property=\"og:type\" content=\"article\" \/>\n<meta property=\"og:title\" content=\"China conclui principais metas de desenvolvimento econ\u00f4mico e social de 2024 - CRI e Diario de Pernambuco\" \/>\n<meta property=\"og:description\" content=\"O primeiro-ministro da China, Li Qiang, afirmou hoje (5) em Beijing, que a China concluiu com sucesso, as principais metas e tarefas de desenvolvimento econ\u00f4mico e social de 2024. Ao apresentar o Relat\u00f3rio de Trabalho do Governo, na abertura da...\" \/>\n<meta property=\"og:url\" content=\"https:\/\/diariodepe.com.br\/cri\/2025\/03\/06\/china-conclui-principais-metas-de-desenvolvimento-economico-e-social-de-2024\/\" \/>\n<meta property=\"og:site_name\" content=\"CRI e Diario de Pernambuco\" \/>\n<meta property=\"article:published_time\" content=\"2025-03-06T07:58:54+00:00\" \/>\n<meta name=\"author\" content=\"Ismael Lucas S. Pereira\" \/>\n<meta name=\"twitter:card\" content=\"summary_large_image\" \/>\n<meta name=\"twitter:label1\" content=\"Escrito por\" \/>\n\t<meta name=\"twitter:data1\" content=\"Ismael Lucas S. Pereira\" \/>\n\t<meta name=\"twitter:label2\" content=\"Est. tempo de leitura\" \/>\n\t<meta name=\"twitter:data2\" content=\"2 minutos\" \/>\n<script type=\"application\/ld+json\" class=\"yoast-schema-graph\">{\"@context\":\"https:\\\/\\\/schema.org\",\"@graph\":[{\"@type\":\"Article\",\"@id\":\"https:\\\/\\\/diariodepe.com.br\\\/cri\\\/2025\\\/03\\\/06\\\/china-conclui-principais-metas-de-desenvolvimento-economico-e-social-de-2024\\\/#article\",\"isPartOf\":{\"@id\":\"https:\\\/\\\/diariodepe.com.br\\\/cri\\\/2025\\\/03\\\/06\\\/china-conclui-principais-metas-de-desenvolvimento-economico-e-social-de-2024\\\/\"},\"author\":{\"name\":\"Ismael Lucas S. Pereira\",\"@id\":\"https:\\\/\\\/diariodepe.com.br\\\/cri\\\/#\\\/schema\\\/person\\\/121bb28d84f1a5b1205ef4ce9c2e0c6b\"},\"headline\":\"China conclui principais metas de desenvolvimento econ\u00f4mico e social de 2024\",\"datePublished\":\"2025-03-06T07:58:54+00:00\",\"mainEntityOfPage\":{\"@id\":\"https:\\\/\\\/diariodepe.com.br\\\/cri\\\/2025\\\/03\\\/06\\\/china-conclui-principais-metas-de-desenvolvimento-economico-e-social-de-2024\\\/\"},\"wordCount\":210,\"commentCount\":0,\"publisher\":{\"@id\":\"https:\\\/\\\/diariodepe.com.br\\\/cri\\\/#organization\"},\"articleSection\":[\"China\"],\"inLanguage\":\"pt-BR\",\"potentialAction\":[{\"@type\":\"CommentAction\",\"name\":\"Comment\",\"target\":[\"https:\\\/\\\/diariodepe.com.br\\\/cri\\\/2025\\\/03\\\/06\\\/china-conclui-principais-metas-de-desenvolvimento-economico-e-social-de-2024\\\/#respond\"]}]},{\"@type\":\"WebPage\",\"@id\":\"https:\\\/\\\/diariodepe.com.br\\\/cri\\\/2025\\\/03\\\/06\\\/china-conclui-principais-metas-de-desenvolvimento-economico-e-social-de-2024\\\/\",\"url\":\"https:\\\/\\\/diariodepe.com.br\\\/cri\\\/2025\\\/03\\\/06\\\/china-conclui-principais-metas-de-desenvolvimento-economico-e-social-de-2024\\\/\",\"name\":\"China conclui principais metas de desenvolvimento econ\u00f4mico e social de 2024 - CRI e Diario de Pernambuco\",\"isPartOf\":{\"@id\":\"https:\\\/\\\/diariodepe.com.br\\\/cri\\\/#website\"},\"datePublished\":\"2025-03-06T07:58:54+00:00\",\"breadcrumb\":{\"@id\":\"https:\\\/\\\/diariodepe.com.br\\\/cri\\\/2025\\\/03\\\/06\\\/china-conclui-principais-metas-de-desenvolvimento-economico-e-social-de-2024\\\/#breadcrumb\"},\"inLanguage\":\"pt-BR\",\"potentialAction\":[{\"@type\":\"ReadAction\",\"target\":[\"https:\\\/\\\/diariodepe.com.br\\\/cri\\\/2025\\\/03\\\/06\\\/china-conclui-principais-metas-de-desenvolvimento-economico-e-social-de-2024\\\/\"]}]},{\"@type\":\"BreadcrumbList\",\"@id\":\"https:\\\/\\\/diariodepe.com.br\\\/cri\\\/2025\\\/03\\\/06\\\/china-conclui-principais-metas-de-desenvolvimento-economico-e-social-de-2024\\\/#breadcrumb\",\"itemListElement\":[{\"@type\":\"ListItem\",\"position\":1,\"name\":\"In\u00edcio\",\"item\":\"https:\\\/\\\/diariodepe.com.br\\\/cri\\\/\"},{\"@type\":\"ListItem\",\"position\":2,\"name\":\"China conclui principais metas de desenvolvimento econ\u00f4mico e social de 2024\"}]},{\"@type\":\"WebSite\",\"@id\":\"https:\\\/\\\/diariodepe.com.br\\\/cri\\\/#website\",\"url\":\"https:\\\/\\\/diariodepe.com.br\\\/cri\\\/\",\"name\":\"CRI e Diario de Pernambuco\",\"description\":\"R\u00e1dio Internacional da China\",\"publisher\":{\"@id\":\"https:\\\/\\\/diariodepe.com.br\\\/cri\\\/#organization\"},\"potentialAction\":[{\"@type\":\"SearchAction\",\"target\":{\"@type\":\"EntryPoint\",\"urlTemplate\":\"https:\\\/\\\/diariodepe.com.br\\\/cri\\\/?s={search_term_string}\"},\"query-input\":{\"@type\":\"PropertyValueSpecification\",\"valueRequired\":true,\"valueName\":\"search_term_string\"}}],\"inLanguage\":\"pt-BR\"},{\"@type\":\"Organization\",\"@id\":\"https:\\\/\\\/diariodepe.com.br\\\/cri\\\/#organization\",\"name\":\"CRI e Diario de Pernambuco\",\"url\":\"https:\\\/\\\/diariodepe.com.br\\\/cri\\\/\",\"logo\":{\"@type\":\"ImageObject\",\"inLanguage\":\"pt-BR\",\"@id\":\"https:\\\/\\\/diariodepe.com.br\\\/cri\\\/#\\\/schema\\\/logo\\\/image\\\/\",\"url\":\"https:\\\/\\\/diariodepe.com.br\\\/cri\\\/wp-content\\\/uploads\\\/sites\\\/2\\\/2022\\\/12\\\/cropped-Logo.jpg\",\"contentUrl\":\"https:\\\/\\\/diariodepe.com.br\\\/cri\\\/wp-content\\\/uploads\\\/sites\\\/2\\\/2022\\\/12\\\/cropped-Logo.jpg\",\"width\":700,\"height\":59,\"caption\":\"CRI e Diario de Pernambuco\"},\"image\":{\"@id\":\"https:\\\/\\\/diariodepe.com.br\\\/cri\\\/#\\\/schema\\\/logo\\\/image\\\/\"}},{\"@type\":\"Person\",\"@id\":\"https:\\\/\\\/diariodepe.com.br\\\/cri\\\/#\\\/schema\\\/person\\\/121bb28d84f1a5b1205ef4ce9c2e0c6b\",\"name\":\"Ismael Lucas S. Pereira\",\"image\":{\"@type\":\"ImageObject\",\"inLanguage\":\"pt-BR\",\"@id\":\"https:\\\/\\\/secure.gravatar.com\\\/avatar\\\/887a0f3b5a7ceea963a48499fb883ffce6b5037362def025c52c2505b15d63e4?s=96&d=mm&r=g\",\"url\":\"https:\\\/\\\/secure.gravatar.com\\\/avatar\\\/887a0f3b5a7ceea963a48499fb883ffce6b5037362def025c52c2505b15d63e4?s=96&d=mm&r=g\",\"contentUrl\":\"https:\\\/\\\/secure.gravatar.com\\\/avatar\\\/887a0f3b5a7ceea963a48499fb883ffce6b5037362def025c52c2505b15d63e4?s=96&d=mm&r=g\",\"caption\":\"Ismael Lucas S. Pereira\"},\"url\":\"https:\\\/\\\/diariodepe.com.br\\\/cri\\\/author\\\/ismael-lucas\\\/\"}]}<\/script>\n<!-- \/ Yoast SEO plugin. -->","yoast_head_json":{"title":"China conclui principais metas de desenvolvimento econ\u00f4mico e social de 2024 - CRI e Diario de Pernambuco","robots":{"index":"index","follow":"follow","max-snippet":"max-snippet:-1","max-image-preview":"max-image-preview:large","max-video-preview":"max-video-preview:-1"},"canonical":"https:\/\/diariodepe.com.br\/cri\/2025\/03\/06\/china-conclui-principais-metas-de-desenvolvimento-economico-e-social-de-2024\/","og_locale":"pt_BR","og_type":"article","og_title":"China conclui principais metas de desenvolvimento econ\u00f4mico e social de 2024 - CRI e Diario de Pernambuco","og_description":"O primeiro-ministro da China, Li Qiang, afirmou hoje (5) em Beijing, que a China concluiu com sucesso, as principais metas e tarefas de desenvolvimento econ\u00f4mico e social de 2024. Ao apresentar o Relat\u00f3rio de Trabalho do Governo, na abertura da...","og_url":"https:\/\/diariodepe.com.br\/cri\/2025\/03\/06\/china-conclui-principais-metas-de-desenvolvimento-economico-e-social-de-2024\/","og_site_name":"CRI e Diario de Pernambuco","article_published_time":"2025-03-06T07:58:54+00:00","author":"Ismael Lucas S. Pereira","twitter_card":"summary_large_image","twitter_misc":{"Escrito por":"Ismael Lucas S. Pereira","Est. tempo de leitura":"2 minutos"},"schema":{"@context":"https:\/\/schema.org","@graph":[{"@type":"Article","@id":"https:\/\/diariodepe.com.br\/cri\/2025\/03\/06\/china-conclui-principais-metas-de-desenvolvimento-economico-e-social-de-2024\/#article","isPartOf":{"@id":"https:\/\/diariodepe.com.br\/cri\/2025\/03\/06\/china-conclui-principais-metas-de-desenvolvimento-economico-e-social-de-2024\/"},"author":{"name":"Ismael Lucas S. Pereira","@id":"https:\/\/diariodepe.com.br\/cri\/#\/schema\/person\/121bb28d84f1a5b1205ef4ce9c2e0c6b"},"headline":"China conclui principais metas de desenvolvimento econ\u00f4mico e social de 2024","datePublished":"2025-03-06T07:58:54+00:00","mainEntityOfPage":{"@id":"https:\/\/diariodepe.com.br\/cri\/2025\/03\/06\/china-conclui-principais-metas-de-desenvolvimento-economico-e-social-de-2024\/"},"wordCount":210,"commentCount":0,"publisher":{"@id":"https:\/\/diariodepe.com.br\/cri\/#organization"},"articleSection":["China"],"inLanguage":"pt-BR","potentialAction":[{"@type":"CommentAction","name":"Comment","target":["https:\/\/diariodepe.com.br\/cri\/2025\/03\/06\/china-conclui-principais-metas-de-desenvolvimento-economico-e-social-de-2024\/#respond"]}]},{"@type":"WebPage","@id":"https:\/\/diariodepe.com.br\/cri\/2025\/03\/06\/china-conclui-principais-metas-de-desenvolvimento-economico-e-social-de-2024\/","url":"https:\/\/diariodepe.com.br\/cri\/2025\/03\/06\/china-conclui-principais-metas-de-desenvolvimento-economico-e-social-de-2024\/","name":"China conclui principais metas de desenvolvimento econ\u00f4mico e social de 2024 - CRI e Diario de Pernambuco","isPartOf":{"@id":"https:\/\/diariodepe.com.br\/cri\/#website"},"datePublished":"2025-03-06T07:58:54+00:00","breadcrumb":{"@id":"https:\/\/diariodepe.com.br\/cri\/2025\/03\/06\/china-conclui-principais-metas-de-desenvolvimento-economico-e-social-de-2024\/#breadcrumb"},"inLanguage":"pt-BR","potentialAction":[{"@type":"ReadAction","target":["https:\/\/diariodepe.com.br\/cri\/2025\/03\/06\/china-conclui-principais-metas-de-desenvolvimento-economico-e-social-de-2024\/"]}]},{"@type":"BreadcrumbList","@id":"https:\/\/diariodepe.com.br\/cri\/2025\/03\/06\/china-conclui-principais-metas-de-desenvolvimento-economico-e-social-de-2024\/#breadcrumb","itemListElement":[{"@type":"ListItem","position":1,"name":"In\u00edcio","item":"https:\/\/diariodepe.com.br\/cri\/"},{"@type":"ListItem","position":2,"name":"China conclui principais metas de desenvolvimento econ\u00f4mico e social de 2024"}]},{"@type":"WebSite","@id":"https:\/\/diariodepe.com.br\/cri\/#website","url":"https:\/\/diariodepe.com.br\/cri\/","name":"CRI e Diario de Pernambuco","description":"R\u00e1dio Internacional da China","publisher":{"@id":"https:\/\/diariodepe.com.br\/cri\/#organization"},"potentialAction":[{"@type":"SearchAction","target":{"@type":"EntryPoint","urlTemplate":"https:\/\/diariodepe.com.br\/cri\/?s={search_term_string}"},"query-input":{"@type":"PropertyValueSpecification","valueRequired":true,"valueName":"search_term_string"}}],"inLanguage":"pt-BR"},{"@type":"Organization","@id":"https:\/\/diariodepe.com.br\/cri\/#organization","name":"CRI e Diario de Pernambuco","url":"https:\/\/diariodepe.com.br\/cri\/","logo":{"@type":"ImageObject","inLanguage":"pt-BR","@id":"https:\/\/diariodepe.com.br\/cri\/#\/schema\/logo\/image\/","url":"https:\/\/diariodepe.com.br\/cri\/wp-content\/uploads\/sites\/2\/2022\/12\/cropped-Logo.jpg","contentUrl":"https:\/\/diariodepe.com.br\/cri\/wp-content\/uploads\/sites\/2\/2022\/12\/cropped-Logo.jpg","width":700,"height":59,"caption":"CRI e Diario de Pernambuco"},"image":{"@id":"https:\/\/diariodepe.com.br\/cri\/#\/schema\/logo\/image\/"}},{"@type":"Person","@id":"https:\/\/diariodepe.com.br\/cri\/#\/schema\/person\/121bb28d84f1a5b1205ef4ce9c2e0c6b","name":"Ismael Lucas S. Pereira","image":{"@type":"ImageObject","inLanguage":"pt-BR","@id":"https:\/\/secure.gravatar.com\/avatar\/887a0f3b5a7ceea963a48499fb883ffce6b5037362def025c52c2505b15d63e4?s=96&d=mm&r=g","url":"https:\/\/secure.gravatar.com\/avatar\/887a0f3b5a7ceea963a48499fb883ffce6b5037362def025c52c2505b15d63e4?s=96&d=mm&r=g","contentUrl":"https:\/\/secure.gravatar.com\/avatar\/887a0f3b5a7ceea963a48499fb883ffce6b5037362def025c52c2505b15d63e4?s=96&d=mm&r=g","caption":"Ismael Lucas S. Pereira"},"url":"https:\/\/diariodepe.com.br\/cri\/author\/ismael-lucas\/"}]}},"cc_featured_image_caption":{"caption_text":false,"source_text":false,"source_url":false},"amp_enabled":true,"_links":{"self":[{"href":"https:\/\/diariodepe.com.br\/cri\/wp-json\/wp\/v2\/posts\/7782","targetHints":{"allow":["GET"]}}],"collection":[{"href":"https:\/\/diariodepe.com.br\/cri\/wp-json\/wp\/v2\/posts"}],"about":[{"href":"https:\/\/diariodepe.com.br\/cri\/wp-json\/wp\/v2\/types\/post"}],"author":[{"embeddable":true,"href":"https:\/\/diariodepe.com.br\/cri\/wp-json\/wp\/v2\/users\/2"}],"replies":[{"embeddable":true,"href":"https:\/\/diariodepe.com.br\/cri\/wp-json\/wp\/v2\/comments?post=7782"}],"version-history":[{"count":1,"href":"https:\/\/diariodepe.com.br\/cri\/wp-json\/wp\/v2\/posts\/7782\/revisions"}],"predecessor-version":[{"id":7783,"href":"https:\/\/diariodepe.com.br\/cri\/wp-json\/wp\/v2\/posts\/7782\/revisions\/7783"}],"wp:attachment":[{"href":"https:\/\/diariodepe.com.br\/cri\/wp-json\/wp\/v2\/media?parent=7782"}],"wp:term":[{"taxonomy":"category","embeddable":true,"href":"https:\/\/diariodepe.com.br\/cri\/wp-json\/wp\/v2\/categories?post=7782"},{"taxonomy":"post_tag","embeddable":true,"href":"https:\/\/diariodepe.com.br\/cri\/wp-json\/wp\/v2\/tags?post=7782"}],"curies":[{"name":"wp","href":"https:\/\/api.w.org\/{rel}","templated":true}]}}