{"id":7776,"date":"2025-03-06T04:06:31","date_gmt":"2025-03-06T07:06:31","guid":{"rendered":"https:\/\/diariodepe.com.br\/cri\/?p=7776"},"modified":"2025-03-06T04:06:31","modified_gmt":"2025-03-06T07:06:31","slug":"xi-jinping-pede-mais-contribuicoes-de-jiangsu-para-desenvolvimento-nacional","status":"publish","type":"post","link":"https:\/\/diariodepe.com.br\/cri\/2025\/03\/06\/xi-jinping-pede-mais-contribuicoes-de-jiangsu-para-desenvolvimento-nacional\/","title":{"rendered":"Xi Jinping pede mais contribui\u00e7\u00f5es de Jiangsu para desenvolvimento nacional"},"content":{"rendered":"<p><img decoding=\"async\" src=\"https:\/\/38picres.cgtn.com\/photoAlbum\/page\/performance\/img\/2025\/3\/5\/1741178296723_295.jpg\" width=\"100%\" height=\"auto\" \/><\/p>\n<p align=\"justify\">O presidente chin\u00eas,\u00a0Xi Jinping, tamb\u00e9m secret\u00e1rio-geral do Comit\u00ea Central do Partido Comunista da China e presidente da Comiss\u00e3o Militar Central, participou nesta\u00a0quarta-feira\u00a0(5)\u00a0de uma delibera\u00e7\u00e3o com membros\u00a0da delega\u00e7\u00e3o da prov\u00edncia de Jiangsu na terceira sess\u00e3o da 14\u00aa\u00a0Assembleia Popular Nacional, a legislatura nacional da China.<\/p>\n<p>Xi Jinping salientou que as prov\u00edncias fortes na economia devem desempenhar um maior papel e aportar mais contribui\u00e7\u00f5es para o desenvolvimento geral do pa\u00eds, de modo que as metas de desenvolvimento do 14\u00ba Plano Quinquenal sejam atingidas.<\/p>\n<p><img decoding=\"async\" src=\"https:\/\/38picres.cgtn.com\/photoAlbum\/page\/performance\/img\/2025\/3\/5\/1741178309794_519.jpg\" width=\"100%\" height=\"auto\" \/><\/p>\n<p align=\"justify\">Segundo o presidente, a prov\u00edncia de Jiangsu deve definir as prioridades no trabalho, assumir a lideran\u00e7a na integra\u00e7\u00e3o entre inova\u00e7\u00f5es cient\u00edfica, tecnol\u00f3gica e industrial e esfor\u00e7ar-se para promover reformas profundas e a abertura de alto n\u00edvel. Tamb\u00e9m deve ficar na vanguarda para implementar as principais estrat\u00e9gias nacionais de desenvolvimento e servir de exemplo na promo\u00e7\u00e3o da prosperidade comum de toda a popula\u00e7\u00e3o.<\/p>\n","protected":false},"excerpt":{"rendered":"<p>O presidente chin\u00eas,\u00a0Xi Jinping, tamb\u00e9m secret\u00e1rio-geral do Comit\u00ea Central do Partido Comunista da China e presidente da Comiss\u00e3o Militar Central, participou nesta\u00a0quarta-feira\u00a0(5)\u00a0de uma delibera\u00e7\u00e3o com membros\u00a0da delega\u00e7\u00e3o da prov\u00edncia de Jiangsu na terceira sess\u00e3o da 14\u00aa\u00a0Assembleia Popular Nacional, a legislatura&#8230;<\/p>\n","protected":false},"author":2,"featured_media":0,"comment_status":"open","ping_status":"open","sticky":false,"template":"","format":"standard","meta":{"footnotes":""},"categories":[3],"tags":[],"class_list":["post-7776","post","type-post","status-publish","format-standard","hentry","category-china"],"yoast_head":"<!-- This site is optimized with the Yoast SEO plugin v27.4 - https:\/\/yoast.com\/product\/yoast-seo-wordpress\/ -->\n<title>Xi Jinping pede mais contribui\u00e7\u00f5es de Jiangsu para desenvolvimento nacional - CRI e Diario de Pernambuco<\/title>\n<meta name=\"robots\" content=\"index, follow, max-snippet:-1, max-image-preview:large, max-video-preview:-1\" \/>\n<link rel=\"canonical\" href=\"https:\/\/diariodepe.com.br\/cri\/2025\/03\/06\/xi-jinping-pede-mais-contribuicoes-de-jiangsu-para-desenvolvimento-nacional\/\" \/>\n<meta property=\"og:locale\" content=\"pt_BR\" \/>\n<meta property=\"og:type\" content=\"article\" \/>\n<meta property=\"og:title\" content=\"Xi Jinping pede mais contribui\u00e7\u00f5es de Jiangsu para desenvolvimento nacional - CRI e Diario de Pernambuco\" \/>\n<meta property=\"og:description\" content=\"O presidente chin\u00eas,\u00a0Xi Jinping, tamb\u00e9m secret\u00e1rio-geral do Comit\u00ea Central do Partido Comunista da China e presidente da Comiss\u00e3o Militar Central, participou nesta\u00a0quarta-feira\u00a0(5)\u00a0de uma delibera\u00e7\u00e3o com membros\u00a0da delega\u00e7\u00e3o da prov\u00edncia de Jiangsu na terceira sess\u00e3o da 14\u00aa\u00a0Assembleia Popular Nacional, a legislatura...\" \/>\n<meta property=\"og:url\" content=\"https:\/\/diariodepe.com.br\/cri\/2025\/03\/06\/xi-jinping-pede-mais-contribuicoes-de-jiangsu-para-desenvolvimento-nacional\/\" \/>\n<meta property=\"og:site_name\" content=\"CRI e Diario de Pernambuco\" \/>\n<meta property=\"article:published_time\" content=\"2025-03-06T07:06:31+00:00\" \/>\n<meta property=\"og:image\" content=\"https:\/\/38picres.cgtn.com\/photoAlbum\/page\/performance\/img\/2025\/3\/5\/1741178296723_295.jpg\" \/>\n<meta name=\"author\" content=\"Ismael Lucas S. Pereira\" \/>\n<meta name=\"twitter:card\" content=\"summary_large_image\" \/>\n<meta name=\"twitter:label1\" content=\"Escrito por\" \/>\n\t<meta name=\"twitter:data1\" content=\"Ismael Lucas S. Pereira\" \/>\n\t<meta name=\"twitter:label2\" content=\"Est. tempo de leitura\" \/>\n\t<meta name=\"twitter:data2\" content=\"2 minutos\" \/>\n<script type=\"application\/ld+json\" class=\"yoast-schema-graph\">{\"@context\":\"https:\\\/\\\/schema.org\",\"@graph\":[{\"@type\":\"Article\",\"@id\":\"https:\\\/\\\/diariodepe.com.br\\\/cri\\\/2025\\\/03\\\/06\\\/xi-jinping-pede-mais-contribuicoes-de-jiangsu-para-desenvolvimento-nacional\\\/#article\",\"isPartOf\":{\"@id\":\"https:\\\/\\\/diariodepe.com.br\\\/cri\\\/2025\\\/03\\\/06\\\/xi-jinping-pede-mais-contribuicoes-de-jiangsu-para-desenvolvimento-nacional\\\/\"},\"author\":{\"name\":\"Ismael Lucas S. Pereira\",\"@id\":\"https:\\\/\\\/diariodepe.com.br\\\/cri\\\/#\\\/schema\\\/person\\\/121bb28d84f1a5b1205ef4ce9c2e0c6b\"},\"headline\":\"Xi Jinping pede mais contribui\u00e7\u00f5es de Jiangsu para desenvolvimento nacional\",\"datePublished\":\"2025-03-06T07:06:31+00:00\",\"mainEntityOfPage\":{\"@id\":\"https:\\\/\\\/diariodepe.com.br\\\/cri\\\/2025\\\/03\\\/06\\\/xi-jinping-pede-mais-contribuicoes-de-jiangsu-para-desenvolvimento-nacional\\\/\"},\"wordCount\":179,\"commentCount\":0,\"publisher\":{\"@id\":\"https:\\\/\\\/diariodepe.com.br\\\/cri\\\/#organization\"},\"image\":{\"@id\":\"https:\\\/\\\/diariodepe.com.br\\\/cri\\\/2025\\\/03\\\/06\\\/xi-jinping-pede-mais-contribuicoes-de-jiangsu-para-desenvolvimento-nacional\\\/#primaryimage\"},\"thumbnailUrl\":\"https:\\\/\\\/38picres.cgtn.com\\\/photoAlbum\\\/page\\\/performance\\\/img\\\/2025\\\/3\\\/5\\\/1741178296723_295.jpg\",\"articleSection\":[\"China\"],\"inLanguage\":\"pt-BR\",\"potentialAction\":[{\"@type\":\"CommentAction\",\"name\":\"Comment\",\"target\":[\"https:\\\/\\\/diariodepe.com.br\\\/cri\\\/2025\\\/03\\\/06\\\/xi-jinping-pede-mais-contribuicoes-de-jiangsu-para-desenvolvimento-nacional\\\/#respond\"]}]},{\"@type\":\"WebPage\",\"@id\":\"https:\\\/\\\/diariodepe.com.br\\\/cri\\\/2025\\\/03\\\/06\\\/xi-jinping-pede-mais-contribuicoes-de-jiangsu-para-desenvolvimento-nacional\\\/\",\"url\":\"https:\\\/\\\/diariodepe.com.br\\\/cri\\\/2025\\\/03\\\/06\\\/xi-jinping-pede-mais-contribuicoes-de-jiangsu-para-desenvolvimento-nacional\\\/\",\"name\":\"Xi Jinping pede mais contribui\u00e7\u00f5es de Jiangsu para desenvolvimento nacional - CRI e Diario de Pernambuco\",\"isPartOf\":{\"@id\":\"https:\\\/\\\/diariodepe.com.br\\\/cri\\\/#website\"},\"primaryImageOfPage\":{\"@id\":\"https:\\\/\\\/diariodepe.com.br\\\/cri\\\/2025\\\/03\\\/06\\\/xi-jinping-pede-mais-contribuicoes-de-jiangsu-para-desenvolvimento-nacional\\\/#primaryimage\"},\"image\":{\"@id\":\"https:\\\/\\\/diariodepe.com.br\\\/cri\\\/2025\\\/03\\\/06\\\/xi-jinping-pede-mais-contribuicoes-de-jiangsu-para-desenvolvimento-nacional\\\/#primaryimage\"},\"thumbnailUrl\":\"https:\\\/\\\/38picres.cgtn.com\\\/photoAlbum\\\/page\\\/performance\\\/img\\\/2025\\\/3\\\/5\\\/1741178296723_295.jpg\",\"datePublished\":\"2025-03-06T07:06:31+00:00\",\"breadcrumb\":{\"@id\":\"https:\\\/\\\/diariodepe.com.br\\\/cri\\\/2025\\\/03\\\/06\\\/xi-jinping-pede-mais-contribuicoes-de-jiangsu-para-desenvolvimento-nacional\\\/#breadcrumb\"},\"inLanguage\":\"pt-BR\",\"potentialAction\":[{\"@type\":\"ReadAction\",\"target\":[\"https:\\\/\\\/diariodepe.com.br\\\/cri\\\/2025\\\/03\\\/06\\\/xi-jinping-pede-mais-contribuicoes-de-jiangsu-para-desenvolvimento-nacional\\\/\"]}]},{\"@type\":\"ImageObject\",\"inLanguage\":\"pt-BR\",\"@id\":\"https:\\\/\\\/diariodepe.com.br\\\/cri\\\/2025\\\/03\\\/06\\\/xi-jinping-pede-mais-contribuicoes-de-jiangsu-para-desenvolvimento-nacional\\\/#primaryimage\",\"url\":\"https:\\\/\\\/38picres.cgtn.com\\\/photoAlbum\\\/page\\\/performance\\\/img\\\/2025\\\/3\\\/5\\\/1741178296723_295.jpg\",\"contentUrl\":\"https:\\\/\\\/38picres.cgtn.com\\\/photoAlbum\\\/page\\\/performance\\\/img\\\/2025\\\/3\\\/5\\\/1741178296723_295.jpg\"},{\"@type\":\"BreadcrumbList\",\"@id\":\"https:\\\/\\\/diariodepe.com.br\\\/cri\\\/2025\\\/03\\\/06\\\/xi-jinping-pede-mais-contribuicoes-de-jiangsu-para-desenvolvimento-nacional\\\/#breadcrumb\",\"itemListElement\":[{\"@type\":\"ListItem\",\"position\":1,\"name\":\"In\u00edcio\",\"item\":\"https:\\\/\\\/diariodepe.com.br\\\/cri\\\/\"},{\"@type\":\"ListItem\",\"position\":2,\"name\":\"Xi Jinping pede mais contribui\u00e7\u00f5es de Jiangsu para desenvolvimento nacional\"}]},{\"@type\":\"WebSite\",\"@id\":\"https:\\\/\\\/diariodepe.com.br\\\/cri\\\/#website\",\"url\":\"https:\\\/\\\/diariodepe.com.br\\\/cri\\\/\",\"name\":\"CRI e Diario de Pernambuco\",\"description\":\"R\u00e1dio Internacional da China\",\"publisher\":{\"@id\":\"https:\\\/\\\/diariodepe.com.br\\\/cri\\\/#organization\"},\"potentialAction\":[{\"@type\":\"SearchAction\",\"target\":{\"@type\":\"EntryPoint\",\"urlTemplate\":\"https:\\\/\\\/diariodepe.com.br\\\/cri\\\/?s={search_term_string}\"},\"query-input\":{\"@type\":\"PropertyValueSpecification\",\"valueRequired\":true,\"valueName\":\"search_term_string\"}}],\"inLanguage\":\"pt-BR\"},{\"@type\":\"Organization\",\"@id\":\"https:\\\/\\\/diariodepe.com.br\\\/cri\\\/#organization\",\"name\":\"CRI e Diario de Pernambuco\",\"url\":\"https:\\\/\\\/diariodepe.com.br\\\/cri\\\/\",\"logo\":{\"@type\":\"ImageObject\",\"inLanguage\":\"pt-BR\",\"@id\":\"https:\\\/\\\/diariodepe.com.br\\\/cri\\\/#\\\/schema\\\/logo\\\/image\\\/\",\"url\":\"https:\\\/\\\/diariodepe.com.br\\\/cri\\\/wp-content\\\/uploads\\\/sites\\\/2\\\/2022\\\/12\\\/cropped-Logo.jpg\",\"contentUrl\":\"https:\\\/\\\/diariodepe.com.br\\\/cri\\\/wp-content\\\/uploads\\\/sites\\\/2\\\/2022\\\/12\\\/cropped-Logo.jpg\",\"width\":700,\"height\":59,\"caption\":\"CRI e Diario de Pernambuco\"},\"image\":{\"@id\":\"https:\\\/\\\/diariodepe.com.br\\\/cri\\\/#\\\/schema\\\/logo\\\/image\\\/\"}},{\"@type\":\"Person\",\"@id\":\"https:\\\/\\\/diariodepe.com.br\\\/cri\\\/#\\\/schema\\\/person\\\/121bb28d84f1a5b1205ef4ce9c2e0c6b\",\"name\":\"Ismael Lucas S. Pereira\",\"image\":{\"@type\":\"ImageObject\",\"inLanguage\":\"pt-BR\",\"@id\":\"https:\\\/\\\/secure.gravatar.com\\\/avatar\\\/887a0f3b5a7ceea963a48499fb883ffce6b5037362def025c52c2505b15d63e4?s=96&d=mm&r=g\",\"url\":\"https:\\\/\\\/secure.gravatar.com\\\/avatar\\\/887a0f3b5a7ceea963a48499fb883ffce6b5037362def025c52c2505b15d63e4?s=96&d=mm&r=g\",\"contentUrl\":\"https:\\\/\\\/secure.gravatar.com\\\/avatar\\\/887a0f3b5a7ceea963a48499fb883ffce6b5037362def025c52c2505b15d63e4?s=96&d=mm&r=g\",\"caption\":\"Ismael Lucas S. Pereira\"},\"url\":\"https:\\\/\\\/diariodepe.com.br\\\/cri\\\/author\\\/ismael-lucas\\\/\"}]}<\/script>\n<!-- \/ Yoast SEO plugin. -->","yoast_head_json":{"title":"Xi Jinping pede mais contribui\u00e7\u00f5es de Jiangsu para desenvolvimento nacional - CRI e Diario de Pernambuco","robots":{"index":"index","follow":"follow","max-snippet":"max-snippet:-1","max-image-preview":"max-image-preview:large","max-video-preview":"max-video-preview:-1"},"canonical":"https:\/\/diariodepe.com.br\/cri\/2025\/03\/06\/xi-jinping-pede-mais-contribuicoes-de-jiangsu-para-desenvolvimento-nacional\/","og_locale":"pt_BR","og_type":"article","og_title":"Xi Jinping pede mais contribui\u00e7\u00f5es de Jiangsu para desenvolvimento nacional - CRI e Diario de Pernambuco","og_description":"O presidente chin\u00eas,\u00a0Xi Jinping, tamb\u00e9m secret\u00e1rio-geral do Comit\u00ea Central do Partido Comunista da China e presidente da Comiss\u00e3o Militar Central, participou nesta\u00a0quarta-feira\u00a0(5)\u00a0de uma delibera\u00e7\u00e3o com membros\u00a0da delega\u00e7\u00e3o da prov\u00edncia de Jiangsu na terceira sess\u00e3o da 14\u00aa\u00a0Assembleia Popular Nacional, a legislatura...","og_url":"https:\/\/diariodepe.com.br\/cri\/2025\/03\/06\/xi-jinping-pede-mais-contribuicoes-de-jiangsu-para-desenvolvimento-nacional\/","og_site_name":"CRI e Diario de Pernambuco","article_published_time":"2025-03-06T07:06:31+00:00","og_image":[{"url":"https:\/\/38picres.cgtn.com\/photoAlbum\/page\/performance\/img\/2025\/3\/5\/1741178296723_295.jpg","type":"","width":"","height":""}],"author":"Ismael Lucas S. Pereira","twitter_card":"summary_large_image","twitter_misc":{"Escrito por":"Ismael Lucas S. Pereira","Est. tempo de leitura":"2 minutos"},"schema":{"@context":"https:\/\/schema.org","@graph":[{"@type":"Article","@id":"https:\/\/diariodepe.com.br\/cri\/2025\/03\/06\/xi-jinping-pede-mais-contribuicoes-de-jiangsu-para-desenvolvimento-nacional\/#article","isPartOf":{"@id":"https:\/\/diariodepe.com.br\/cri\/2025\/03\/06\/xi-jinping-pede-mais-contribuicoes-de-jiangsu-para-desenvolvimento-nacional\/"},"author":{"name":"Ismael Lucas S. Pereira","@id":"https:\/\/diariodepe.com.br\/cri\/#\/schema\/person\/121bb28d84f1a5b1205ef4ce9c2e0c6b"},"headline":"Xi Jinping pede mais contribui\u00e7\u00f5es de Jiangsu para desenvolvimento nacional","datePublished":"2025-03-06T07:06:31+00:00","mainEntityOfPage":{"@id":"https:\/\/diariodepe.com.br\/cri\/2025\/03\/06\/xi-jinping-pede-mais-contribuicoes-de-jiangsu-para-desenvolvimento-nacional\/"},"wordCount":179,"commentCount":0,"publisher":{"@id":"https:\/\/diariodepe.com.br\/cri\/#organization"},"image":{"@id":"https:\/\/diariodepe.com.br\/cri\/2025\/03\/06\/xi-jinping-pede-mais-contribuicoes-de-jiangsu-para-desenvolvimento-nacional\/#primaryimage"},"thumbnailUrl":"https:\/\/38picres.cgtn.com\/photoAlbum\/page\/performance\/img\/2025\/3\/5\/1741178296723_295.jpg","articleSection":["China"],"inLanguage":"pt-BR","potentialAction":[{"@type":"CommentAction","name":"Comment","target":["https:\/\/diariodepe.com.br\/cri\/2025\/03\/06\/xi-jinping-pede-mais-contribuicoes-de-jiangsu-para-desenvolvimento-nacional\/#respond"]}]},{"@type":"WebPage","@id":"https:\/\/diariodepe.com.br\/cri\/2025\/03\/06\/xi-jinping-pede-mais-contribuicoes-de-jiangsu-para-desenvolvimento-nacional\/","url":"https:\/\/diariodepe.com.br\/cri\/2025\/03\/06\/xi-jinping-pede-mais-contribuicoes-de-jiangsu-para-desenvolvimento-nacional\/","name":"Xi Jinping pede mais contribui\u00e7\u00f5es de Jiangsu para desenvolvimento nacional - CRI e Diario de Pernambuco","isPartOf":{"@id":"https:\/\/diariodepe.com.br\/cri\/#website"},"primaryImageOfPage":{"@id":"https:\/\/diariodepe.com.br\/cri\/2025\/03\/06\/xi-jinping-pede-mais-contribuicoes-de-jiangsu-para-desenvolvimento-nacional\/#primaryimage"},"image":{"@id":"https:\/\/diariodepe.com.br\/cri\/2025\/03\/06\/xi-jinping-pede-mais-contribuicoes-de-jiangsu-para-desenvolvimento-nacional\/#primaryimage"},"thumbnailUrl":"https:\/\/38picres.cgtn.com\/photoAlbum\/page\/performance\/img\/2025\/3\/5\/1741178296723_295.jpg","datePublished":"2025-03-06T07:06:31+00:00","breadcrumb":{"@id":"https:\/\/diariodepe.com.br\/cri\/2025\/03\/06\/xi-jinping-pede-mais-contribuicoes-de-jiangsu-para-desenvolvimento-nacional\/#breadcrumb"},"inLanguage":"pt-BR","potentialAction":[{"@type":"ReadAction","target":["https:\/\/diariodepe.com.br\/cri\/2025\/03\/06\/xi-jinping-pede-mais-contribuicoes-de-jiangsu-para-desenvolvimento-nacional\/"]}]},{"@type":"ImageObject","inLanguage":"pt-BR","@id":"https:\/\/diariodepe.com.br\/cri\/2025\/03\/06\/xi-jinping-pede-mais-contribuicoes-de-jiangsu-para-desenvolvimento-nacional\/#primaryimage","url":"https:\/\/38picres.cgtn.com\/photoAlbum\/page\/performance\/img\/2025\/3\/5\/1741178296723_295.jpg","contentUrl":"https:\/\/38picres.cgtn.com\/photoAlbum\/page\/performance\/img\/2025\/3\/5\/1741178296723_295.jpg"},{"@type":"BreadcrumbList","@id":"https:\/\/diariodepe.com.br\/cri\/2025\/03\/06\/xi-jinping-pede-mais-contribuicoes-de-jiangsu-para-desenvolvimento-nacional\/#breadcrumb","itemListElement":[{"@type":"ListItem","position":1,"name":"In\u00edcio","item":"https:\/\/diariodepe.com.br\/cri\/"},{"@type":"ListItem","position":2,"name":"Xi Jinping pede mais contribui\u00e7\u00f5es de Jiangsu para desenvolvimento nacional"}]},{"@type":"WebSite","@id":"https:\/\/diariodepe.com.br\/cri\/#website","url":"https:\/\/diariodepe.com.br\/cri\/","name":"CRI e Diario de Pernambuco","description":"R\u00e1dio Internacional da China","publisher":{"@id":"https:\/\/diariodepe.com.br\/cri\/#organization"},"potentialAction":[{"@type":"SearchAction","target":{"@type":"EntryPoint","urlTemplate":"https:\/\/diariodepe.com.br\/cri\/?s={search_term_string}"},"query-input":{"@type":"PropertyValueSpecification","valueRequired":true,"valueName":"search_term_string"}}],"inLanguage":"pt-BR"},{"@type":"Organization","@id":"https:\/\/diariodepe.com.br\/cri\/#organization","name":"CRI e Diario de Pernambuco","url":"https:\/\/diariodepe.com.br\/cri\/","logo":{"@type":"ImageObject","inLanguage":"pt-BR","@id":"https:\/\/diariodepe.com.br\/cri\/#\/schema\/logo\/image\/","url":"https:\/\/diariodepe.com.br\/cri\/wp-content\/uploads\/sites\/2\/2022\/12\/cropped-Logo.jpg","contentUrl":"https:\/\/diariodepe.com.br\/cri\/wp-content\/uploads\/sites\/2\/2022\/12\/cropped-Logo.jpg","width":700,"height":59,"caption":"CRI e Diario de Pernambuco"},"image":{"@id":"https:\/\/diariodepe.com.br\/cri\/#\/schema\/logo\/image\/"}},{"@type":"Person","@id":"https:\/\/diariodepe.com.br\/cri\/#\/schema\/person\/121bb28d84f1a5b1205ef4ce9c2e0c6b","name":"Ismael Lucas S. Pereira","image":{"@type":"ImageObject","inLanguage":"pt-BR","@id":"https:\/\/secure.gravatar.com\/avatar\/887a0f3b5a7ceea963a48499fb883ffce6b5037362def025c52c2505b15d63e4?s=96&d=mm&r=g","url":"https:\/\/secure.gravatar.com\/avatar\/887a0f3b5a7ceea963a48499fb883ffce6b5037362def025c52c2505b15d63e4?s=96&d=mm&r=g","contentUrl":"https:\/\/secure.gravatar.com\/avatar\/887a0f3b5a7ceea963a48499fb883ffce6b5037362def025c52c2505b15d63e4?s=96&d=mm&r=g","caption":"Ismael Lucas S. Pereira"},"url":"https:\/\/diariodepe.com.br\/cri\/author\/ismael-lucas\/"}]}},"cc_featured_image_caption":{"caption_text":false,"source_text":false,"source_url":false},"amp_enabled":true,"_links":{"self":[{"href":"https:\/\/diariodepe.com.br\/cri\/wp-json\/wp\/v2\/posts\/7776","targetHints":{"allow":["GET"]}}],"collection":[{"href":"https:\/\/diariodepe.com.br\/cri\/wp-json\/wp\/v2\/posts"}],"about":[{"href":"https:\/\/diariodepe.com.br\/cri\/wp-json\/wp\/v2\/types\/post"}],"author":[{"embeddable":true,"href":"https:\/\/diariodepe.com.br\/cri\/wp-json\/wp\/v2\/users\/2"}],"replies":[{"embeddable":true,"href":"https:\/\/diariodepe.com.br\/cri\/wp-json\/wp\/v2\/comments?post=7776"}],"version-history":[{"count":1,"href":"https:\/\/diariodepe.com.br\/cri\/wp-json\/wp\/v2\/posts\/7776\/revisions"}],"predecessor-version":[{"id":7777,"href":"https:\/\/diariodepe.com.br\/cri\/wp-json\/wp\/v2\/posts\/7776\/revisions\/7777"}],"wp:attachment":[{"href":"https:\/\/diariodepe.com.br\/cri\/wp-json\/wp\/v2\/media?parent=7776"}],"wp:term":[{"taxonomy":"category","embeddable":true,"href":"https:\/\/diariodepe.com.br\/cri\/wp-json\/wp\/v2\/categories?post=7776"},{"taxonomy":"post_tag","embeddable":true,"href":"https:\/\/diariodepe.com.br\/cri\/wp-json\/wp\/v2\/tags?post=7776"}],"curies":[{"name":"wp","href":"https:\/\/api.w.org\/{rel}","templated":true}]}}