{"id":7766,"date":"2025-03-04T23:54:11","date_gmt":"2025-03-05T02:54:11","guid":{"rendered":"https:\/\/diariodepe.com.br\/cri\/?p=7766"},"modified":"2025-03-04T23:54:11","modified_gmt":"2025-03-05T02:54:11","slug":"xi-jinping-participa-da-reuniao-de-abertura-da-sessao-anual-da-apn-2","status":"publish","type":"post","link":"https:\/\/diariodepe.com.br\/cri\/2025\/03\/04\/xi-jinping-participa-da-reuniao-de-abertura-da-sessao-anual-da-apn-2\/","title":{"rendered":"Xi Jinping participa da reuni\u00e3o de abertura da sess\u00e3o anual da APN"},"content":{"rendered":"<p>O secret\u00e1rio-geral do Comit\u00ea Central do Partido Comunista da China, presidente chin\u00eas e presidente da Comiss\u00e3o Militar Central, Xi Jinping, participou na manh\u00e3 desta quarta-feira (5) da reuni\u00e3o de abertura da 3\u00aa sess\u00e3o da 14\u00aa Assembleia Popular Nacional (APN) da China.<\/p>\n","protected":false},"excerpt":{"rendered":"<p>O secret\u00e1rio-geral do Comit\u00ea Central do Partido Comunista da China, presidente chin\u00eas e presidente da Comiss\u00e3o Militar Central, Xi Jinping, participou na manh\u00e3 desta quarta-feira (5) da reuni\u00e3o de abertura da 3\u00aa sess\u00e3o da 14\u00aa Assembleia Popular Nacional (APN) da&#8230;<\/p>\n","protected":false},"author":2,"featured_media":7767,"comment_status":"open","ping_status":"open","sticky":false,"template":"","format":"standard","meta":{"footnotes":""},"categories":[3,5],"tags":[],"class_list":["post-7766","post","type-post","status-publish","format-standard","has-post-thumbnail","hentry","category-china","category-destaques-capa"],"yoast_head":"<!-- This site is optimized with the Yoast SEO plugin v27.4 - https:\/\/yoast.com\/product\/yoast-seo-wordpress\/ -->\n<title>Xi Jinping participa da reuni\u00e3o de abertura da sess\u00e3o anual da APN - CRI e Diario de Pernambuco<\/title>\n<meta name=\"robots\" content=\"index, follow, max-snippet:-1, max-image-preview:large, max-video-preview:-1\" \/>\n<link rel=\"canonical\" href=\"https:\/\/diariodepe.com.br\/cri\/2025\/03\/04\/xi-jinping-participa-da-reuniao-de-abertura-da-sessao-anual-da-apn-2\/\" \/>\n<meta property=\"og:locale\" content=\"pt_BR\" \/>\n<meta property=\"og:type\" content=\"article\" \/>\n<meta property=\"og:title\" content=\"Xi Jinping participa da reuni\u00e3o de abertura da sess\u00e3o anual da APN - CRI e Diario de Pernambuco\" \/>\n<meta property=\"og:description\" content=\"O secret\u00e1rio-geral do Comit\u00ea Central do Partido Comunista da China, presidente chin\u00eas e presidente da Comiss\u00e3o Militar Central, Xi Jinping, participou na manh\u00e3 desta quarta-feira (5) da reuni\u00e3o de abertura da 3\u00aa sess\u00e3o da 14\u00aa Assembleia Popular Nacional (APN) da...\" \/>\n<meta property=\"og:url\" content=\"https:\/\/diariodepe.com.br\/cri\/2025\/03\/04\/xi-jinping-participa-da-reuniao-de-abertura-da-sessao-anual-da-apn-2\/\" \/>\n<meta property=\"og:site_name\" content=\"CRI e Diario de Pernambuco\" \/>\n<meta property=\"article:published_time\" content=\"2025-03-05T02:54:11+00:00\" \/>\n<meta property=\"og:image\" content=\"https:\/\/diariodepe.com.br\/cri\/wp-content\/uploads\/sites\/2\/2025\/03\/\u5fae\u4fe1\u56fe\u7247_20250305105312.png\" \/>\n\t<meta property=\"og:image:width\" content=\"1020\" \/>\n\t<meta property=\"og:image:height\" content=\"677\" \/>\n\t<meta property=\"og:image:type\" content=\"image\/png\" \/>\n<meta name=\"author\" content=\"Ismael Lucas S. Pereira\" \/>\n<meta name=\"twitter:card\" content=\"summary_large_image\" \/>\n<meta name=\"twitter:label1\" content=\"Escrito por\" \/>\n\t<meta name=\"twitter:data1\" content=\"Ismael Lucas S. Pereira\" \/>\n\t<meta name=\"twitter:label2\" content=\"Est. tempo de leitura\" \/>\n\t<meta name=\"twitter:data2\" content=\"1 minuto\" \/>\n<script type=\"application\/ld+json\" class=\"yoast-schema-graph\">{\"@context\":\"https:\\\/\\\/schema.org\",\"@graph\":[{\"@type\":\"Article\",\"@id\":\"https:\\\/\\\/diariodepe.com.br\\\/cri\\\/2025\\\/03\\\/04\\\/xi-jinping-participa-da-reuniao-de-abertura-da-sessao-anual-da-apn-2\\\/#article\",\"isPartOf\":{\"@id\":\"https:\\\/\\\/diariodepe.com.br\\\/cri\\\/2025\\\/03\\\/04\\\/xi-jinping-participa-da-reuniao-de-abertura-da-sessao-anual-da-apn-2\\\/\"},\"author\":{\"name\":\"Ismael Lucas S. Pereira\",\"@id\":\"https:\\\/\\\/diariodepe.com.br\\\/cri\\\/#\\\/schema\\\/person\\\/121bb28d84f1a5b1205ef4ce9c2e0c6b\"},\"headline\":\"Xi Jinping participa da reuni\u00e3o de abertura da sess\u00e3o anual da APN\",\"datePublished\":\"2025-03-05T02:54:11+00:00\",\"mainEntityOfPage\":{\"@id\":\"https:\\\/\\\/diariodepe.com.br\\\/cri\\\/2025\\\/03\\\/04\\\/xi-jinping-participa-da-reuniao-de-abertura-da-sessao-anual-da-apn-2\\\/\"},\"wordCount\":57,\"commentCount\":0,\"publisher\":{\"@id\":\"https:\\\/\\\/diariodepe.com.br\\\/cri\\\/#organization\"},\"image\":{\"@id\":\"https:\\\/\\\/diariodepe.com.br\\\/cri\\\/2025\\\/03\\\/04\\\/xi-jinping-participa-da-reuniao-de-abertura-da-sessao-anual-da-apn-2\\\/#primaryimage\"},\"thumbnailUrl\":\"https:\\\/\\\/diariodepe.com.br\\\/cri\\\/wp-content\\\/uploads\\\/sites\\\/2\\\/2025\\\/03\\\/\u5fae\u4fe1\u56fe\u7247_20250305105312.png\",\"articleSection\":[\"China\",\"Destaques Capa\"],\"inLanguage\":\"pt-BR\",\"potentialAction\":[{\"@type\":\"CommentAction\",\"name\":\"Comment\",\"target\":[\"https:\\\/\\\/diariodepe.com.br\\\/cri\\\/2025\\\/03\\\/04\\\/xi-jinping-participa-da-reuniao-de-abertura-da-sessao-anual-da-apn-2\\\/#respond\"]}]},{\"@type\":\"WebPage\",\"@id\":\"https:\\\/\\\/diariodepe.com.br\\\/cri\\\/2025\\\/03\\\/04\\\/xi-jinping-participa-da-reuniao-de-abertura-da-sessao-anual-da-apn-2\\\/\",\"url\":\"https:\\\/\\\/diariodepe.com.br\\\/cri\\\/2025\\\/03\\\/04\\\/xi-jinping-participa-da-reuniao-de-abertura-da-sessao-anual-da-apn-2\\\/\",\"name\":\"Xi Jinping participa da reuni\u00e3o de abertura da sess\u00e3o anual da APN - CRI e Diario de Pernambuco\",\"isPartOf\":{\"@id\":\"https:\\\/\\\/diariodepe.com.br\\\/cri\\\/#website\"},\"primaryImageOfPage\":{\"@id\":\"https:\\\/\\\/diariodepe.com.br\\\/cri\\\/2025\\\/03\\\/04\\\/xi-jinping-participa-da-reuniao-de-abertura-da-sessao-anual-da-apn-2\\\/#primaryimage\"},\"image\":{\"@id\":\"https:\\\/\\\/diariodepe.com.br\\\/cri\\\/2025\\\/03\\\/04\\\/xi-jinping-participa-da-reuniao-de-abertura-da-sessao-anual-da-apn-2\\\/#primaryimage\"},\"thumbnailUrl\":\"https:\\\/\\\/diariodepe.com.br\\\/cri\\\/wp-content\\\/uploads\\\/sites\\\/2\\\/2025\\\/03\\\/\u5fae\u4fe1\u56fe\u7247_20250305105312.png\",\"datePublished\":\"2025-03-05T02:54:11+00:00\",\"breadcrumb\":{\"@id\":\"https:\\\/\\\/diariodepe.com.br\\\/cri\\\/2025\\\/03\\\/04\\\/xi-jinping-participa-da-reuniao-de-abertura-da-sessao-anual-da-apn-2\\\/#breadcrumb\"},\"inLanguage\":\"pt-BR\",\"potentialAction\":[{\"@type\":\"ReadAction\",\"target\":[\"https:\\\/\\\/diariodepe.com.br\\\/cri\\\/2025\\\/03\\\/04\\\/xi-jinping-participa-da-reuniao-de-abertura-da-sessao-anual-da-apn-2\\\/\"]}]},{\"@type\":\"ImageObject\",\"inLanguage\":\"pt-BR\",\"@id\":\"https:\\\/\\\/diariodepe.com.br\\\/cri\\\/2025\\\/03\\\/04\\\/xi-jinping-participa-da-reuniao-de-abertura-da-sessao-anual-da-apn-2\\\/#primaryimage\",\"url\":\"https:\\\/\\\/diariodepe.com.br\\\/cri\\\/wp-content\\\/uploads\\\/sites\\\/2\\\/2025\\\/03\\\/\u5fae\u4fe1\u56fe\u7247_20250305105312.png\",\"contentUrl\":\"https:\\\/\\\/diariodepe.com.br\\\/cri\\\/wp-content\\\/uploads\\\/sites\\\/2\\\/2025\\\/03\\\/\u5fae\u4fe1\u56fe\u7247_20250305105312.png\",\"width\":1020,\"height\":677},{\"@type\":\"BreadcrumbList\",\"@id\":\"https:\\\/\\\/diariodepe.com.br\\\/cri\\\/2025\\\/03\\\/04\\\/xi-jinping-participa-da-reuniao-de-abertura-da-sessao-anual-da-apn-2\\\/#breadcrumb\",\"itemListElement\":[{\"@type\":\"ListItem\",\"position\":1,\"name\":\"In\u00edcio\",\"item\":\"https:\\\/\\\/diariodepe.com.br\\\/cri\\\/\"},{\"@type\":\"ListItem\",\"position\":2,\"name\":\"Xi Jinping participa da reuni\u00e3o de abertura da sess\u00e3o anual da APN\"}]},{\"@type\":\"WebSite\",\"@id\":\"https:\\\/\\\/diariodepe.com.br\\\/cri\\\/#website\",\"url\":\"https:\\\/\\\/diariodepe.com.br\\\/cri\\\/\",\"name\":\"CRI e Diario de Pernambuco\",\"description\":\"R\u00e1dio Internacional da China\",\"publisher\":{\"@id\":\"https:\\\/\\\/diariodepe.com.br\\\/cri\\\/#organization\"},\"potentialAction\":[{\"@type\":\"SearchAction\",\"target\":{\"@type\":\"EntryPoint\",\"urlTemplate\":\"https:\\\/\\\/diariodepe.com.br\\\/cri\\\/?s={search_term_string}\"},\"query-input\":{\"@type\":\"PropertyValueSpecification\",\"valueRequired\":true,\"valueName\":\"search_term_string\"}}],\"inLanguage\":\"pt-BR\"},{\"@type\":\"Organization\",\"@id\":\"https:\\\/\\\/diariodepe.com.br\\\/cri\\\/#organization\",\"name\":\"CRI e Diario de Pernambuco\",\"url\":\"https:\\\/\\\/diariodepe.com.br\\\/cri\\\/\",\"logo\":{\"@type\":\"ImageObject\",\"inLanguage\":\"pt-BR\",\"@id\":\"https:\\\/\\\/diariodepe.com.br\\\/cri\\\/#\\\/schema\\\/logo\\\/image\\\/\",\"url\":\"https:\\\/\\\/diariodepe.com.br\\\/cri\\\/wp-content\\\/uploads\\\/sites\\\/2\\\/2022\\\/12\\\/cropped-Logo.jpg\",\"contentUrl\":\"https:\\\/\\\/diariodepe.com.br\\\/cri\\\/wp-content\\\/uploads\\\/sites\\\/2\\\/2022\\\/12\\\/cropped-Logo.jpg\",\"width\":700,\"height\":59,\"caption\":\"CRI e Diario de Pernambuco\"},\"image\":{\"@id\":\"https:\\\/\\\/diariodepe.com.br\\\/cri\\\/#\\\/schema\\\/logo\\\/image\\\/\"}},{\"@type\":\"Person\",\"@id\":\"https:\\\/\\\/diariodepe.com.br\\\/cri\\\/#\\\/schema\\\/person\\\/121bb28d84f1a5b1205ef4ce9c2e0c6b\",\"name\":\"Ismael Lucas S. Pereira\",\"image\":{\"@type\":\"ImageObject\",\"inLanguage\":\"pt-BR\",\"@id\":\"https:\\\/\\\/secure.gravatar.com\\\/avatar\\\/887a0f3b5a7ceea963a48499fb883ffce6b5037362def025c52c2505b15d63e4?s=96&d=mm&r=g\",\"url\":\"https:\\\/\\\/secure.gravatar.com\\\/avatar\\\/887a0f3b5a7ceea963a48499fb883ffce6b5037362def025c52c2505b15d63e4?s=96&d=mm&r=g\",\"contentUrl\":\"https:\\\/\\\/secure.gravatar.com\\\/avatar\\\/887a0f3b5a7ceea963a48499fb883ffce6b5037362def025c52c2505b15d63e4?s=96&d=mm&r=g\",\"caption\":\"Ismael Lucas S. Pereira\"},\"url\":\"https:\\\/\\\/diariodepe.com.br\\\/cri\\\/author\\\/ismael-lucas\\\/\"}]}<\/script>\n<!-- \/ Yoast SEO plugin. -->","yoast_head_json":{"title":"Xi Jinping participa da reuni\u00e3o de abertura da sess\u00e3o anual da APN - CRI e Diario de Pernambuco","robots":{"index":"index","follow":"follow","max-snippet":"max-snippet:-1","max-image-preview":"max-image-preview:large","max-video-preview":"max-video-preview:-1"},"canonical":"https:\/\/diariodepe.com.br\/cri\/2025\/03\/04\/xi-jinping-participa-da-reuniao-de-abertura-da-sessao-anual-da-apn-2\/","og_locale":"pt_BR","og_type":"article","og_title":"Xi Jinping participa da reuni\u00e3o de abertura da sess\u00e3o anual da APN - CRI e Diario de Pernambuco","og_description":"O secret\u00e1rio-geral do Comit\u00ea Central do Partido Comunista da China, presidente chin\u00eas e presidente da Comiss\u00e3o Militar Central, Xi Jinping, participou na manh\u00e3 desta quarta-feira (5) da reuni\u00e3o de abertura da 3\u00aa sess\u00e3o da 14\u00aa Assembleia Popular Nacional (APN) da...","og_url":"https:\/\/diariodepe.com.br\/cri\/2025\/03\/04\/xi-jinping-participa-da-reuniao-de-abertura-da-sessao-anual-da-apn-2\/","og_site_name":"CRI e Diario de Pernambuco","article_published_time":"2025-03-05T02:54:11+00:00","og_image":[{"width":1020,"height":677,"url":"https:\/\/diariodepe.com.br\/cri\/wp-content\/uploads\/sites\/2\/2025\/03\/\u5fae\u4fe1\u56fe\u7247_20250305105312.png","type":"image\/png"}],"author":"Ismael Lucas S. Pereira","twitter_card":"summary_large_image","twitter_misc":{"Escrito por":"Ismael Lucas S. Pereira","Est. tempo de leitura":"1 minuto"},"schema":{"@context":"https:\/\/schema.org","@graph":[{"@type":"Article","@id":"https:\/\/diariodepe.com.br\/cri\/2025\/03\/04\/xi-jinping-participa-da-reuniao-de-abertura-da-sessao-anual-da-apn-2\/#article","isPartOf":{"@id":"https:\/\/diariodepe.com.br\/cri\/2025\/03\/04\/xi-jinping-participa-da-reuniao-de-abertura-da-sessao-anual-da-apn-2\/"},"author":{"name":"Ismael Lucas S. Pereira","@id":"https:\/\/diariodepe.com.br\/cri\/#\/schema\/person\/121bb28d84f1a5b1205ef4ce9c2e0c6b"},"headline":"Xi Jinping participa da reuni\u00e3o de abertura da sess\u00e3o anual da APN","datePublished":"2025-03-05T02:54:11+00:00","mainEntityOfPage":{"@id":"https:\/\/diariodepe.com.br\/cri\/2025\/03\/04\/xi-jinping-participa-da-reuniao-de-abertura-da-sessao-anual-da-apn-2\/"},"wordCount":57,"commentCount":0,"publisher":{"@id":"https:\/\/diariodepe.com.br\/cri\/#organization"},"image":{"@id":"https:\/\/diariodepe.com.br\/cri\/2025\/03\/04\/xi-jinping-participa-da-reuniao-de-abertura-da-sessao-anual-da-apn-2\/#primaryimage"},"thumbnailUrl":"https:\/\/diariodepe.com.br\/cri\/wp-content\/uploads\/sites\/2\/2025\/03\/\u5fae\u4fe1\u56fe\u7247_20250305105312.png","articleSection":["China","Destaques Capa"],"inLanguage":"pt-BR","potentialAction":[{"@type":"CommentAction","name":"Comment","target":["https:\/\/diariodepe.com.br\/cri\/2025\/03\/04\/xi-jinping-participa-da-reuniao-de-abertura-da-sessao-anual-da-apn-2\/#respond"]}]},{"@type":"WebPage","@id":"https:\/\/diariodepe.com.br\/cri\/2025\/03\/04\/xi-jinping-participa-da-reuniao-de-abertura-da-sessao-anual-da-apn-2\/","url":"https:\/\/diariodepe.com.br\/cri\/2025\/03\/04\/xi-jinping-participa-da-reuniao-de-abertura-da-sessao-anual-da-apn-2\/","name":"Xi Jinping participa da reuni\u00e3o de abertura da sess\u00e3o anual da APN - CRI e Diario de Pernambuco","isPartOf":{"@id":"https:\/\/diariodepe.com.br\/cri\/#website"},"primaryImageOfPage":{"@id":"https:\/\/diariodepe.com.br\/cri\/2025\/03\/04\/xi-jinping-participa-da-reuniao-de-abertura-da-sessao-anual-da-apn-2\/#primaryimage"},"image":{"@id":"https:\/\/diariodepe.com.br\/cri\/2025\/03\/04\/xi-jinping-participa-da-reuniao-de-abertura-da-sessao-anual-da-apn-2\/#primaryimage"},"thumbnailUrl":"https:\/\/diariodepe.com.br\/cri\/wp-content\/uploads\/sites\/2\/2025\/03\/\u5fae\u4fe1\u56fe\u7247_20250305105312.png","datePublished":"2025-03-05T02:54:11+00:00","breadcrumb":{"@id":"https:\/\/diariodepe.com.br\/cri\/2025\/03\/04\/xi-jinping-participa-da-reuniao-de-abertura-da-sessao-anual-da-apn-2\/#breadcrumb"},"inLanguage":"pt-BR","potentialAction":[{"@type":"ReadAction","target":["https:\/\/diariodepe.com.br\/cri\/2025\/03\/04\/xi-jinping-participa-da-reuniao-de-abertura-da-sessao-anual-da-apn-2\/"]}]},{"@type":"ImageObject","inLanguage":"pt-BR","@id":"https:\/\/diariodepe.com.br\/cri\/2025\/03\/04\/xi-jinping-participa-da-reuniao-de-abertura-da-sessao-anual-da-apn-2\/#primaryimage","url":"https:\/\/diariodepe.com.br\/cri\/wp-content\/uploads\/sites\/2\/2025\/03\/\u5fae\u4fe1\u56fe\u7247_20250305105312.png","contentUrl":"https:\/\/diariodepe.com.br\/cri\/wp-content\/uploads\/sites\/2\/2025\/03\/\u5fae\u4fe1\u56fe\u7247_20250305105312.png","width":1020,"height":677},{"@type":"BreadcrumbList","@id":"https:\/\/diariodepe.com.br\/cri\/2025\/03\/04\/xi-jinping-participa-da-reuniao-de-abertura-da-sessao-anual-da-apn-2\/#breadcrumb","itemListElement":[{"@type":"ListItem","position":1,"name":"In\u00edcio","item":"https:\/\/diariodepe.com.br\/cri\/"},{"@type":"ListItem","position":2,"name":"Xi Jinping participa da reuni\u00e3o de abertura da sess\u00e3o anual da APN"}]},{"@type":"WebSite","@id":"https:\/\/diariodepe.com.br\/cri\/#website","url":"https:\/\/diariodepe.com.br\/cri\/","name":"CRI e Diario de Pernambuco","description":"R\u00e1dio Internacional da China","publisher":{"@id":"https:\/\/diariodepe.com.br\/cri\/#organization"},"potentialAction":[{"@type":"SearchAction","target":{"@type":"EntryPoint","urlTemplate":"https:\/\/diariodepe.com.br\/cri\/?s={search_term_string}"},"query-input":{"@type":"PropertyValueSpecification","valueRequired":true,"valueName":"search_term_string"}}],"inLanguage":"pt-BR"},{"@type":"Organization","@id":"https:\/\/diariodepe.com.br\/cri\/#organization","name":"CRI e Diario de Pernambuco","url":"https:\/\/diariodepe.com.br\/cri\/","logo":{"@type":"ImageObject","inLanguage":"pt-BR","@id":"https:\/\/diariodepe.com.br\/cri\/#\/schema\/logo\/image\/","url":"https:\/\/diariodepe.com.br\/cri\/wp-content\/uploads\/sites\/2\/2022\/12\/cropped-Logo.jpg","contentUrl":"https:\/\/diariodepe.com.br\/cri\/wp-content\/uploads\/sites\/2\/2022\/12\/cropped-Logo.jpg","width":700,"height":59,"caption":"CRI e Diario de Pernambuco"},"image":{"@id":"https:\/\/diariodepe.com.br\/cri\/#\/schema\/logo\/image\/"}},{"@type":"Person","@id":"https:\/\/diariodepe.com.br\/cri\/#\/schema\/person\/121bb28d84f1a5b1205ef4ce9c2e0c6b","name":"Ismael Lucas S. Pereira","image":{"@type":"ImageObject","inLanguage":"pt-BR","@id":"https:\/\/secure.gravatar.com\/avatar\/887a0f3b5a7ceea963a48499fb883ffce6b5037362def025c52c2505b15d63e4?s=96&d=mm&r=g","url":"https:\/\/secure.gravatar.com\/avatar\/887a0f3b5a7ceea963a48499fb883ffce6b5037362def025c52c2505b15d63e4?s=96&d=mm&r=g","contentUrl":"https:\/\/secure.gravatar.com\/avatar\/887a0f3b5a7ceea963a48499fb883ffce6b5037362def025c52c2505b15d63e4?s=96&d=mm&r=g","caption":"Ismael Lucas S. Pereira"},"url":"https:\/\/diariodepe.com.br\/cri\/author\/ismael-lucas\/"}]}},"cc_featured_image_caption":{"caption_text":false,"source_text":false,"source_url":false},"amp_enabled":true,"_links":{"self":[{"href":"https:\/\/diariodepe.com.br\/cri\/wp-json\/wp\/v2\/posts\/7766","targetHints":{"allow":["GET"]}}],"collection":[{"href":"https:\/\/diariodepe.com.br\/cri\/wp-json\/wp\/v2\/posts"}],"about":[{"href":"https:\/\/diariodepe.com.br\/cri\/wp-json\/wp\/v2\/types\/post"}],"author":[{"embeddable":true,"href":"https:\/\/diariodepe.com.br\/cri\/wp-json\/wp\/v2\/users\/2"}],"replies":[{"embeddable":true,"href":"https:\/\/diariodepe.com.br\/cri\/wp-json\/wp\/v2\/comments?post=7766"}],"version-history":[{"count":1,"href":"https:\/\/diariodepe.com.br\/cri\/wp-json\/wp\/v2\/posts\/7766\/revisions"}],"predecessor-version":[{"id":7768,"href":"https:\/\/diariodepe.com.br\/cri\/wp-json\/wp\/v2\/posts\/7766\/revisions\/7768"}],"wp:featuredmedia":[{"embeddable":true,"href":"https:\/\/diariodepe.com.br\/cri\/wp-json\/wp\/v2\/media\/7767"}],"wp:attachment":[{"href":"https:\/\/diariodepe.com.br\/cri\/wp-json\/wp\/v2\/media?parent=7766"}],"wp:term":[{"taxonomy":"category","embeddable":true,"href":"https:\/\/diariodepe.com.br\/cri\/wp-json\/wp\/v2\/categories?post=7766"},{"taxonomy":"post_tag","embeddable":true,"href":"https:\/\/diariodepe.com.br\/cri\/wp-json\/wp\/v2\/tags?post=7766"}],"curies":[{"name":"wp","href":"https:\/\/api.w.org\/{rel}","templated":true}]}}