{"id":7756,"date":"2025-03-02T08:01:34","date_gmt":"2025-03-02T11:01:34","guid":{"rendered":"https:\/\/diariodepe.com.br\/cri\/?p=7756"},"modified":"2025-03-02T08:01:34","modified_gmt":"2025-03-02T11:01:34","slug":"personalidades-internacionais-esperam-que-duas-sessoes-da-china-tragam-mais-oportunidades","status":"publish","type":"post","link":"https:\/\/diariodepe.com.br\/cri\/2025\/03\/02\/personalidades-internacionais-esperam-que-duas-sessoes-da-china-tragam-mais-oportunidades\/","title":{"rendered":"Personalidades internacionais esperam que Duas Sess\u00f5es da China tragam mais oportunidades"},"content":{"rendered":"<div class=\"detailContent\" data-v-75a287ca=\"\">\n<div data-v-f69d3ce2=\"\">\n<div id=\"detailContent\" class=\"pc\" data-v-f69d3ce2=\"\">\n<p><span lang=\"PT-BR\">As Duas Sess\u00f5es da China de 2025 est\u00e3o prestes a come\u00e7ar, atraindo a aten\u00e7\u00e3o de muitas personalidades internacionais.<\/span><\/p>\n<p><span lang=\"PT-BR\">Em entrevista ao Grupo de M\u00eddia da China (CMG), o Ministro das Rela\u00e7\u00f5es Exteriores de Timor-Leste, Bendito Freitas, expressou a expectativa de que o pa\u00eds crie mais oportunidades para o crescimento econ\u00f4mico global.<\/span><\/p>\n<p><img decoding=\"async\" src=\"https:\/\/38picres.cgtn.com\/photoAlbum\/page\/performance\/img\/2025\/3\/1\/1740828120971_212.jpeg\" width=\"100%\" height=\"auto\" \/><\/p>\n<p><span lang=\"PT-BR\">O ministro afirmou que o desenvolvimento econ\u00f4mico da China apresenta uma trajet\u00f3ria positiva em diversas \u00e1reas, como inova\u00e7\u00e3o, tecnologia, engenharia e explora\u00e7\u00e3o espacial. O crescimento econ\u00f4mico chin\u00eas pode servir de refer\u00eancia no processo de reformas e transforma\u00e7\u00f5es econ\u00f4micas de outros pa\u00edses, salientou o ministro.<\/span><\/p>\n<p><span lang=\"PT-BR\">O chanceler timorense tamb\u00e9m destacou o desejo de aprofundar os interc\u00e2mbios culturais com a China e de fortalecer a coopera\u00e7\u00e3o bilateral em setores como agricultura e economia.<\/span><\/p>\n<p><span lang=\"PT-BR\">L\u00edderes internacionais ressaltaram que a China possui planos claros para seu futuro desenvolvimento e se esfor\u00e7a para alcan\u00e7ar conquistas not\u00e1veis. Diversas iniciativas propostas pelo pa\u00eds promovem um futuro promissor para o desenvolvimento global.<\/span><\/p>\n<p><img decoding=\"async\" src=\"https:\/\/38picres.cgtn.com\/photoAlbum\/page\/performance\/img\/2025\/3\/1\/1740828500838_861.jpeg\" width=\"100%\" height=\"auto\" \/><\/p>\n<p><span lang=\"PT-BR\">O diretor da Funda\u00e7\u00e3o Transnacional para a Paz e a Investiga\u00e7\u00e3o Futura, Jan Oberg, destacou que as conquistas da China nos \u00faltimos 40 anos s\u00e3o in\u00e9ditas na hist\u00f3ria da humanidade. O pa\u00eds conseguiu tirar milh\u00f5es de pessoas da pobreza, construiu uma sociedade com garantias sociais e a iniciativa Cintur\u00e3o e Rota se tornou um dos projetos de coopera\u00e7\u00e3o mais importantes do mundo, permitindo a participa\u00e7\u00e3o de toda a humanidade. Em uma sociedade onde as pessoas se dedicam constantemente a criar um futuro melhor, a comunidade certamente se tornar\u00e1 mais pr\u00f3spera.<\/span><\/p>\n<\/div>\n<\/div>\n<\/div>\n","protected":false},"excerpt":{"rendered":"<p>As Duas Sess\u00f5es da China de 2025 est\u00e3o prestes a come\u00e7ar, atraindo a aten\u00e7\u00e3o de muitas personalidades internacionais. Em entrevista ao Grupo de M\u00eddia da China (CMG), o Ministro das Rela\u00e7\u00f5es Exteriores de Timor-Leste, Bendito Freitas, expressou a expectativa de&#8230;<\/p>\n","protected":false},"author":2,"featured_media":0,"comment_status":"open","ping_status":"open","sticky":false,"template":"","format":"standard","meta":{"footnotes":""},"categories":[8],"tags":[],"class_list":["post-7756","post","type-post","status-publish","format-standard","hentry","category-internacional"],"yoast_head":"<!-- This site is optimized with the Yoast SEO plugin v27.4 - https:\/\/yoast.com\/product\/yoast-seo-wordpress\/ -->\n<title>Personalidades internacionais esperam que Duas Sess\u00f5es da China tragam mais oportunidades - CRI e Diario de Pernambuco<\/title>\n<meta name=\"robots\" content=\"index, follow, max-snippet:-1, max-image-preview:large, max-video-preview:-1\" \/>\n<link rel=\"canonical\" href=\"https:\/\/diariodepe.com.br\/cri\/2025\/03\/02\/personalidades-internacionais-esperam-que-duas-sessoes-da-china-tragam-mais-oportunidades\/\" \/>\n<meta property=\"og:locale\" content=\"pt_BR\" \/>\n<meta property=\"og:type\" content=\"article\" \/>\n<meta property=\"og:title\" content=\"Personalidades internacionais esperam que Duas Sess\u00f5es da China tragam mais oportunidades - CRI e Diario de Pernambuco\" \/>\n<meta property=\"og:description\" content=\"As Duas Sess\u00f5es da China de 2025 est\u00e3o prestes a come\u00e7ar, atraindo a aten\u00e7\u00e3o de muitas personalidades internacionais. Em entrevista ao Grupo de M\u00eddia da China (CMG), o Ministro das Rela\u00e7\u00f5es Exteriores de Timor-Leste, Bendito Freitas, expressou a expectativa de...\" \/>\n<meta property=\"og:url\" content=\"https:\/\/diariodepe.com.br\/cri\/2025\/03\/02\/personalidades-internacionais-esperam-que-duas-sessoes-da-china-tragam-mais-oportunidades\/\" \/>\n<meta property=\"og:site_name\" content=\"CRI e Diario de Pernambuco\" \/>\n<meta property=\"article:published_time\" content=\"2025-03-02T11:01:34+00:00\" \/>\n<meta property=\"og:image\" content=\"https:\/\/38picres.cgtn.com\/photoAlbum\/page\/performance\/img\/2025\/3\/1\/1740828120971_212.jpeg\" \/>\n<meta name=\"author\" content=\"Ismael Lucas S. Pereira\" \/>\n<meta name=\"twitter:card\" content=\"summary_large_image\" \/>\n<meta name=\"twitter:label1\" content=\"Escrito por\" \/>\n\t<meta name=\"twitter:data1\" content=\"Ismael Lucas S. Pereira\" \/>\n\t<meta name=\"twitter:label2\" content=\"Est. tempo de leitura\" \/>\n\t<meta name=\"twitter:data2\" content=\"2 minutos\" \/>\n<script type=\"application\/ld+json\" class=\"yoast-schema-graph\">{\"@context\":\"https:\\\/\\\/schema.org\",\"@graph\":[{\"@type\":\"Article\",\"@id\":\"https:\\\/\\\/diariodepe.com.br\\\/cri\\\/2025\\\/03\\\/02\\\/personalidades-internacionais-esperam-que-duas-sessoes-da-china-tragam-mais-oportunidades\\\/#article\",\"isPartOf\":{\"@id\":\"https:\\\/\\\/diariodepe.com.br\\\/cri\\\/2025\\\/03\\\/02\\\/personalidades-internacionais-esperam-que-duas-sessoes-da-china-tragam-mais-oportunidades\\\/\"},\"author\":{\"name\":\"Ismael Lucas S. Pereira\",\"@id\":\"https:\\\/\\\/diariodepe.com.br\\\/cri\\\/#\\\/schema\\\/person\\\/121bb28d84f1a5b1205ef4ce9c2e0c6b\"},\"headline\":\"Personalidades internacionais esperam que Duas Sess\u00f5es da China tragam mais oportunidades\",\"datePublished\":\"2025-03-02T11:01:34+00:00\",\"mainEntityOfPage\":{\"@id\":\"https:\\\/\\\/diariodepe.com.br\\\/cri\\\/2025\\\/03\\\/02\\\/personalidades-internacionais-esperam-que-duas-sessoes-da-china-tragam-mais-oportunidades\\\/\"},\"wordCount\":292,\"commentCount\":0,\"publisher\":{\"@id\":\"https:\\\/\\\/diariodepe.com.br\\\/cri\\\/#organization\"},\"image\":{\"@id\":\"https:\\\/\\\/diariodepe.com.br\\\/cri\\\/2025\\\/03\\\/02\\\/personalidades-internacionais-esperam-que-duas-sessoes-da-china-tragam-mais-oportunidades\\\/#primaryimage\"},\"thumbnailUrl\":\"https:\\\/\\\/38picres.cgtn.com\\\/photoAlbum\\\/page\\\/performance\\\/img\\\/2025\\\/3\\\/1\\\/1740828120971_212.jpeg\",\"articleSection\":[\"Internacional\"],\"inLanguage\":\"pt-BR\",\"potentialAction\":[{\"@type\":\"CommentAction\",\"name\":\"Comment\",\"target\":[\"https:\\\/\\\/diariodepe.com.br\\\/cri\\\/2025\\\/03\\\/02\\\/personalidades-internacionais-esperam-que-duas-sessoes-da-china-tragam-mais-oportunidades\\\/#respond\"]}]},{\"@type\":\"WebPage\",\"@id\":\"https:\\\/\\\/diariodepe.com.br\\\/cri\\\/2025\\\/03\\\/02\\\/personalidades-internacionais-esperam-que-duas-sessoes-da-china-tragam-mais-oportunidades\\\/\",\"url\":\"https:\\\/\\\/diariodepe.com.br\\\/cri\\\/2025\\\/03\\\/02\\\/personalidades-internacionais-esperam-que-duas-sessoes-da-china-tragam-mais-oportunidades\\\/\",\"name\":\"Personalidades internacionais esperam que Duas Sess\u00f5es da China tragam mais oportunidades - CRI e Diario de Pernambuco\",\"isPartOf\":{\"@id\":\"https:\\\/\\\/diariodepe.com.br\\\/cri\\\/#website\"},\"primaryImageOfPage\":{\"@id\":\"https:\\\/\\\/diariodepe.com.br\\\/cri\\\/2025\\\/03\\\/02\\\/personalidades-internacionais-esperam-que-duas-sessoes-da-china-tragam-mais-oportunidades\\\/#primaryimage\"},\"image\":{\"@id\":\"https:\\\/\\\/diariodepe.com.br\\\/cri\\\/2025\\\/03\\\/02\\\/personalidades-internacionais-esperam-que-duas-sessoes-da-china-tragam-mais-oportunidades\\\/#primaryimage\"},\"thumbnailUrl\":\"https:\\\/\\\/38picres.cgtn.com\\\/photoAlbum\\\/page\\\/performance\\\/img\\\/2025\\\/3\\\/1\\\/1740828120971_212.jpeg\",\"datePublished\":\"2025-03-02T11:01:34+00:00\",\"breadcrumb\":{\"@id\":\"https:\\\/\\\/diariodepe.com.br\\\/cri\\\/2025\\\/03\\\/02\\\/personalidades-internacionais-esperam-que-duas-sessoes-da-china-tragam-mais-oportunidades\\\/#breadcrumb\"},\"inLanguage\":\"pt-BR\",\"potentialAction\":[{\"@type\":\"ReadAction\",\"target\":[\"https:\\\/\\\/diariodepe.com.br\\\/cri\\\/2025\\\/03\\\/02\\\/personalidades-internacionais-esperam-que-duas-sessoes-da-china-tragam-mais-oportunidades\\\/\"]}]},{\"@type\":\"ImageObject\",\"inLanguage\":\"pt-BR\",\"@id\":\"https:\\\/\\\/diariodepe.com.br\\\/cri\\\/2025\\\/03\\\/02\\\/personalidades-internacionais-esperam-que-duas-sessoes-da-china-tragam-mais-oportunidades\\\/#primaryimage\",\"url\":\"https:\\\/\\\/38picres.cgtn.com\\\/photoAlbum\\\/page\\\/performance\\\/img\\\/2025\\\/3\\\/1\\\/1740828120971_212.jpeg\",\"contentUrl\":\"https:\\\/\\\/38picres.cgtn.com\\\/photoAlbum\\\/page\\\/performance\\\/img\\\/2025\\\/3\\\/1\\\/1740828120971_212.jpeg\"},{\"@type\":\"BreadcrumbList\",\"@id\":\"https:\\\/\\\/diariodepe.com.br\\\/cri\\\/2025\\\/03\\\/02\\\/personalidades-internacionais-esperam-que-duas-sessoes-da-china-tragam-mais-oportunidades\\\/#breadcrumb\",\"itemListElement\":[{\"@type\":\"ListItem\",\"position\":1,\"name\":\"In\u00edcio\",\"item\":\"https:\\\/\\\/diariodepe.com.br\\\/cri\\\/\"},{\"@type\":\"ListItem\",\"position\":2,\"name\":\"Personalidades internacionais esperam que Duas Sess\u00f5es da China tragam mais oportunidades\"}]},{\"@type\":\"WebSite\",\"@id\":\"https:\\\/\\\/diariodepe.com.br\\\/cri\\\/#website\",\"url\":\"https:\\\/\\\/diariodepe.com.br\\\/cri\\\/\",\"name\":\"CRI e Diario de Pernambuco\",\"description\":\"R\u00e1dio Internacional da China\",\"publisher\":{\"@id\":\"https:\\\/\\\/diariodepe.com.br\\\/cri\\\/#organization\"},\"potentialAction\":[{\"@type\":\"SearchAction\",\"target\":{\"@type\":\"EntryPoint\",\"urlTemplate\":\"https:\\\/\\\/diariodepe.com.br\\\/cri\\\/?s={search_term_string}\"},\"query-input\":{\"@type\":\"PropertyValueSpecification\",\"valueRequired\":true,\"valueName\":\"search_term_string\"}}],\"inLanguage\":\"pt-BR\"},{\"@type\":\"Organization\",\"@id\":\"https:\\\/\\\/diariodepe.com.br\\\/cri\\\/#organization\",\"name\":\"CRI e Diario de Pernambuco\",\"url\":\"https:\\\/\\\/diariodepe.com.br\\\/cri\\\/\",\"logo\":{\"@type\":\"ImageObject\",\"inLanguage\":\"pt-BR\",\"@id\":\"https:\\\/\\\/diariodepe.com.br\\\/cri\\\/#\\\/schema\\\/logo\\\/image\\\/\",\"url\":\"https:\\\/\\\/diariodepe.com.br\\\/cri\\\/wp-content\\\/uploads\\\/sites\\\/2\\\/2022\\\/12\\\/cropped-Logo.jpg\",\"contentUrl\":\"https:\\\/\\\/diariodepe.com.br\\\/cri\\\/wp-content\\\/uploads\\\/sites\\\/2\\\/2022\\\/12\\\/cropped-Logo.jpg\",\"width\":700,\"height\":59,\"caption\":\"CRI e Diario de Pernambuco\"},\"image\":{\"@id\":\"https:\\\/\\\/diariodepe.com.br\\\/cri\\\/#\\\/schema\\\/logo\\\/image\\\/\"}},{\"@type\":\"Person\",\"@id\":\"https:\\\/\\\/diariodepe.com.br\\\/cri\\\/#\\\/schema\\\/person\\\/121bb28d84f1a5b1205ef4ce9c2e0c6b\",\"name\":\"Ismael Lucas S. Pereira\",\"image\":{\"@type\":\"ImageObject\",\"inLanguage\":\"pt-BR\",\"@id\":\"https:\\\/\\\/secure.gravatar.com\\\/avatar\\\/887a0f3b5a7ceea963a48499fb883ffce6b5037362def025c52c2505b15d63e4?s=96&d=mm&r=g\",\"url\":\"https:\\\/\\\/secure.gravatar.com\\\/avatar\\\/887a0f3b5a7ceea963a48499fb883ffce6b5037362def025c52c2505b15d63e4?s=96&d=mm&r=g\",\"contentUrl\":\"https:\\\/\\\/secure.gravatar.com\\\/avatar\\\/887a0f3b5a7ceea963a48499fb883ffce6b5037362def025c52c2505b15d63e4?s=96&d=mm&r=g\",\"caption\":\"Ismael Lucas S. Pereira\"},\"url\":\"https:\\\/\\\/diariodepe.com.br\\\/cri\\\/author\\\/ismael-lucas\\\/\"}]}<\/script>\n<!-- \/ Yoast SEO plugin. -->","yoast_head_json":{"title":"Personalidades internacionais esperam que Duas Sess\u00f5es da China tragam mais oportunidades - CRI e Diario de Pernambuco","robots":{"index":"index","follow":"follow","max-snippet":"max-snippet:-1","max-image-preview":"max-image-preview:large","max-video-preview":"max-video-preview:-1"},"canonical":"https:\/\/diariodepe.com.br\/cri\/2025\/03\/02\/personalidades-internacionais-esperam-que-duas-sessoes-da-china-tragam-mais-oportunidades\/","og_locale":"pt_BR","og_type":"article","og_title":"Personalidades internacionais esperam que Duas Sess\u00f5es da China tragam mais oportunidades - CRI e Diario de Pernambuco","og_description":"As Duas Sess\u00f5es da China de 2025 est\u00e3o prestes a come\u00e7ar, atraindo a aten\u00e7\u00e3o de muitas personalidades internacionais. Em entrevista ao Grupo de M\u00eddia da China (CMG), o Ministro das Rela\u00e7\u00f5es Exteriores de Timor-Leste, Bendito Freitas, expressou a expectativa de...","og_url":"https:\/\/diariodepe.com.br\/cri\/2025\/03\/02\/personalidades-internacionais-esperam-que-duas-sessoes-da-china-tragam-mais-oportunidades\/","og_site_name":"CRI e Diario de Pernambuco","article_published_time":"2025-03-02T11:01:34+00:00","og_image":[{"url":"https:\/\/38picres.cgtn.com\/photoAlbum\/page\/performance\/img\/2025\/3\/1\/1740828120971_212.jpeg","type":"","width":"","height":""}],"author":"Ismael Lucas S. Pereira","twitter_card":"summary_large_image","twitter_misc":{"Escrito por":"Ismael Lucas S. Pereira","Est. tempo de leitura":"2 minutos"},"schema":{"@context":"https:\/\/schema.org","@graph":[{"@type":"Article","@id":"https:\/\/diariodepe.com.br\/cri\/2025\/03\/02\/personalidades-internacionais-esperam-que-duas-sessoes-da-china-tragam-mais-oportunidades\/#article","isPartOf":{"@id":"https:\/\/diariodepe.com.br\/cri\/2025\/03\/02\/personalidades-internacionais-esperam-que-duas-sessoes-da-china-tragam-mais-oportunidades\/"},"author":{"name":"Ismael Lucas S. Pereira","@id":"https:\/\/diariodepe.com.br\/cri\/#\/schema\/person\/121bb28d84f1a5b1205ef4ce9c2e0c6b"},"headline":"Personalidades internacionais esperam que Duas Sess\u00f5es da China tragam mais oportunidades","datePublished":"2025-03-02T11:01:34+00:00","mainEntityOfPage":{"@id":"https:\/\/diariodepe.com.br\/cri\/2025\/03\/02\/personalidades-internacionais-esperam-que-duas-sessoes-da-china-tragam-mais-oportunidades\/"},"wordCount":292,"commentCount":0,"publisher":{"@id":"https:\/\/diariodepe.com.br\/cri\/#organization"},"image":{"@id":"https:\/\/diariodepe.com.br\/cri\/2025\/03\/02\/personalidades-internacionais-esperam-que-duas-sessoes-da-china-tragam-mais-oportunidades\/#primaryimage"},"thumbnailUrl":"https:\/\/38picres.cgtn.com\/photoAlbum\/page\/performance\/img\/2025\/3\/1\/1740828120971_212.jpeg","articleSection":["Internacional"],"inLanguage":"pt-BR","potentialAction":[{"@type":"CommentAction","name":"Comment","target":["https:\/\/diariodepe.com.br\/cri\/2025\/03\/02\/personalidades-internacionais-esperam-que-duas-sessoes-da-china-tragam-mais-oportunidades\/#respond"]}]},{"@type":"WebPage","@id":"https:\/\/diariodepe.com.br\/cri\/2025\/03\/02\/personalidades-internacionais-esperam-que-duas-sessoes-da-china-tragam-mais-oportunidades\/","url":"https:\/\/diariodepe.com.br\/cri\/2025\/03\/02\/personalidades-internacionais-esperam-que-duas-sessoes-da-china-tragam-mais-oportunidades\/","name":"Personalidades internacionais esperam que Duas Sess\u00f5es da China tragam mais oportunidades - CRI e Diario de Pernambuco","isPartOf":{"@id":"https:\/\/diariodepe.com.br\/cri\/#website"},"primaryImageOfPage":{"@id":"https:\/\/diariodepe.com.br\/cri\/2025\/03\/02\/personalidades-internacionais-esperam-que-duas-sessoes-da-china-tragam-mais-oportunidades\/#primaryimage"},"image":{"@id":"https:\/\/diariodepe.com.br\/cri\/2025\/03\/02\/personalidades-internacionais-esperam-que-duas-sessoes-da-china-tragam-mais-oportunidades\/#primaryimage"},"thumbnailUrl":"https:\/\/38picres.cgtn.com\/photoAlbum\/page\/performance\/img\/2025\/3\/1\/1740828120971_212.jpeg","datePublished":"2025-03-02T11:01:34+00:00","breadcrumb":{"@id":"https:\/\/diariodepe.com.br\/cri\/2025\/03\/02\/personalidades-internacionais-esperam-que-duas-sessoes-da-china-tragam-mais-oportunidades\/#breadcrumb"},"inLanguage":"pt-BR","potentialAction":[{"@type":"ReadAction","target":["https:\/\/diariodepe.com.br\/cri\/2025\/03\/02\/personalidades-internacionais-esperam-que-duas-sessoes-da-china-tragam-mais-oportunidades\/"]}]},{"@type":"ImageObject","inLanguage":"pt-BR","@id":"https:\/\/diariodepe.com.br\/cri\/2025\/03\/02\/personalidades-internacionais-esperam-que-duas-sessoes-da-china-tragam-mais-oportunidades\/#primaryimage","url":"https:\/\/38picres.cgtn.com\/photoAlbum\/page\/performance\/img\/2025\/3\/1\/1740828120971_212.jpeg","contentUrl":"https:\/\/38picres.cgtn.com\/photoAlbum\/page\/performance\/img\/2025\/3\/1\/1740828120971_212.jpeg"},{"@type":"BreadcrumbList","@id":"https:\/\/diariodepe.com.br\/cri\/2025\/03\/02\/personalidades-internacionais-esperam-que-duas-sessoes-da-china-tragam-mais-oportunidades\/#breadcrumb","itemListElement":[{"@type":"ListItem","position":1,"name":"In\u00edcio","item":"https:\/\/diariodepe.com.br\/cri\/"},{"@type":"ListItem","position":2,"name":"Personalidades internacionais esperam que Duas Sess\u00f5es da China tragam mais oportunidades"}]},{"@type":"WebSite","@id":"https:\/\/diariodepe.com.br\/cri\/#website","url":"https:\/\/diariodepe.com.br\/cri\/","name":"CRI e Diario de Pernambuco","description":"R\u00e1dio Internacional da China","publisher":{"@id":"https:\/\/diariodepe.com.br\/cri\/#organization"},"potentialAction":[{"@type":"SearchAction","target":{"@type":"EntryPoint","urlTemplate":"https:\/\/diariodepe.com.br\/cri\/?s={search_term_string}"},"query-input":{"@type":"PropertyValueSpecification","valueRequired":true,"valueName":"search_term_string"}}],"inLanguage":"pt-BR"},{"@type":"Organization","@id":"https:\/\/diariodepe.com.br\/cri\/#organization","name":"CRI e Diario de Pernambuco","url":"https:\/\/diariodepe.com.br\/cri\/","logo":{"@type":"ImageObject","inLanguage":"pt-BR","@id":"https:\/\/diariodepe.com.br\/cri\/#\/schema\/logo\/image\/","url":"https:\/\/diariodepe.com.br\/cri\/wp-content\/uploads\/sites\/2\/2022\/12\/cropped-Logo.jpg","contentUrl":"https:\/\/diariodepe.com.br\/cri\/wp-content\/uploads\/sites\/2\/2022\/12\/cropped-Logo.jpg","width":700,"height":59,"caption":"CRI e Diario de Pernambuco"},"image":{"@id":"https:\/\/diariodepe.com.br\/cri\/#\/schema\/logo\/image\/"}},{"@type":"Person","@id":"https:\/\/diariodepe.com.br\/cri\/#\/schema\/person\/121bb28d84f1a5b1205ef4ce9c2e0c6b","name":"Ismael Lucas S. Pereira","image":{"@type":"ImageObject","inLanguage":"pt-BR","@id":"https:\/\/secure.gravatar.com\/avatar\/887a0f3b5a7ceea963a48499fb883ffce6b5037362def025c52c2505b15d63e4?s=96&d=mm&r=g","url":"https:\/\/secure.gravatar.com\/avatar\/887a0f3b5a7ceea963a48499fb883ffce6b5037362def025c52c2505b15d63e4?s=96&d=mm&r=g","contentUrl":"https:\/\/secure.gravatar.com\/avatar\/887a0f3b5a7ceea963a48499fb883ffce6b5037362def025c52c2505b15d63e4?s=96&d=mm&r=g","caption":"Ismael Lucas S. Pereira"},"url":"https:\/\/diariodepe.com.br\/cri\/author\/ismael-lucas\/"}]}},"cc_featured_image_caption":{"caption_text":false,"source_text":false,"source_url":false},"amp_enabled":true,"_links":{"self":[{"href":"https:\/\/diariodepe.com.br\/cri\/wp-json\/wp\/v2\/posts\/7756","targetHints":{"allow":["GET"]}}],"collection":[{"href":"https:\/\/diariodepe.com.br\/cri\/wp-json\/wp\/v2\/posts"}],"about":[{"href":"https:\/\/diariodepe.com.br\/cri\/wp-json\/wp\/v2\/types\/post"}],"author":[{"embeddable":true,"href":"https:\/\/diariodepe.com.br\/cri\/wp-json\/wp\/v2\/users\/2"}],"replies":[{"embeddable":true,"href":"https:\/\/diariodepe.com.br\/cri\/wp-json\/wp\/v2\/comments?post=7756"}],"version-history":[{"count":1,"href":"https:\/\/diariodepe.com.br\/cri\/wp-json\/wp\/v2\/posts\/7756\/revisions"}],"predecessor-version":[{"id":7757,"href":"https:\/\/diariodepe.com.br\/cri\/wp-json\/wp\/v2\/posts\/7756\/revisions\/7757"}],"wp:attachment":[{"href":"https:\/\/diariodepe.com.br\/cri\/wp-json\/wp\/v2\/media?parent=7756"}],"wp:term":[{"taxonomy":"category","embeddable":true,"href":"https:\/\/diariodepe.com.br\/cri\/wp-json\/wp\/v2\/categories?post=7756"},{"taxonomy":"post_tag","embeddable":true,"href":"https:\/\/diariodepe.com.br\/cri\/wp-json\/wp\/v2\/tags?post=7756"}],"curies":[{"name":"wp","href":"https:\/\/api.w.org\/{rel}","templated":true}]}}