{"id":7747,"date":"2025-02-28T23:57:35","date_gmt":"2025-03-01T02:57:35","guid":{"rendered":"https:\/\/diariodepe.com.br\/cri\/?p=7747"},"modified":"2025-02-28T23:57:35","modified_gmt":"2025-03-01T02:57:35","slug":"xi-jinping-se-reune-com-secretario-do-conselho-de-seguranca-da-federacao-russa","status":"publish","type":"post","link":"https:\/\/diariodepe.com.br\/cri\/2025\/02\/28\/xi-jinping-se-reune-com-secretario-do-conselho-de-seguranca-da-federacao-russa\/","title":{"rendered":"Xi Jinping se re\u00fane com secret\u00e1rio do Conselho de Seguran\u00e7a da Federa\u00e7\u00e3o Russa"},"content":{"rendered":"<p><img decoding=\"async\" src=\"https:\/\/38picres.cgtn.com\/photoAlbum\/page\/performance\/img\/2025\/2\/28\/1740745369299_720.jpg\" width=\"100%\" height=\"auto\" \/><\/p>\n<p><span lang=\"PT\">O presidente chin\u00eas<\/span><span lang=\"PT-BR\">,<\/span><span lang=\"PT\">\u00a0Xi Jinping<\/span><span lang=\"PT-BR\">,<\/span><span lang=\"PT-BR\">\u00a0<\/span><span lang=\"PT\">reuniu<\/span><span lang=\"PT-BR\">-se<\/span><span lang=\"PT\">\u00a0nesta sexta-feira (28) com o secret\u00e1rio do Conselho de Seguran\u00e7a da Federa\u00e7\u00e3o Russa, Sergei Shoigu, no Grande Sal\u00e3o do Povo, em Beijing.<\/span><\/p>\n<p><span lang=\"PT\">Xi Jinping destacou que a China e a R\u00fassia s\u00e3o vizinhos e verdadeiros amigos com la\u00e7os profundos. Ele mencionou que,\u00a0<\/span><span lang=\"PT-BR\">neste\u00a0<\/span><span lang=\"PT\">ano, j\u00e1 teve duas conversas com o presidente russo, Vladimir Putin, durante as quais\u00a0<\/span><span lang=\"PT-BR\">tra\u00e7aram<\/span><span lang=\"PT\">\u00a0o futuro das rela\u00e7\u00f5es sino-russas e discutiram uma s\u00e9rie de quest\u00f5es internacionais e regionais importantes.<\/span><\/p>\n<p><span lang=\"PT\">Este ano marca o 80\u00ba anivers\u00e1rio da vit\u00f3ria do povo chin\u00eas na Guerra de Resist\u00eancia contra a Agress\u00e3o Japonesa, da Uni\u00e3o Sovi\u00e9tica na Grande Guerra Patri\u00f3tica e da luta global contra o fascismo, bem como o 80\u00ba anivers\u00e1rio da funda\u00e7\u00e3o das Na\u00e7\u00f5es Unidas.<\/span><\/p>\n<p><span lang=\"PT\">Segundo o l\u00edder chin\u00eas, as rela\u00e7\u00f5es sino-russas ter\u00e3o uma s\u00e9rie de novas agendas importantes neste ano de grande import\u00e2ncia hist\u00f3rica. As duas partes devem manter uma comunica\u00e7\u00e3o estreita em todos os n\u00edveis, implementar integralmente os consensos alcan\u00e7ados pelos dois l\u00edderes e continuar\u00a0<\/span><span lang=\"PT-BR\">promovendo<\/span><span lang=\"PT\">\u00a0o esp\u00edrito da rela\u00e7\u00e3o sino-russa da nova era, baseado na amizade duradoura, coopera\u00e7\u00e3o estrat\u00e9gica abrangente e ganho m\u00fatuo.<\/span><\/p>\n<p><span lang=\"PT\">Xi Jinping ressaltou que a China e a R\u00fassia devem continuar\u00a0<\/span><span lang=\"PT-BR\">aprofundando<\/span><span lang=\"PT\">\u00a0a coopera\u00e7\u00e3o estrat\u00e9gica e pragm\u00e1tica e se\u00a0<\/span><span lang=\"PT-BR\">ajudando mutuamente\u00a0<\/span><span lang=\"PT\">para o desenvolvimento conjunto dos dois pa\u00edses. As duas partes precisam fortalecer sua coordena\u00e7\u00e3o em assuntos internacionais e regionais, aproveitar plenamente o papel dos BRICS e da Organiza\u00e7\u00e3o de Coopera\u00e7\u00e3o de Shanghai e consolidar a solidariedade entre os pa\u00edses do Sul Global.<\/span><\/p>\n<p><span lang=\"PT\">Shoigu transmitiu as calorosas sauda\u00e7\u00f5es do presidente Putin a Xi Jinping e afirmou que o presidente russo valoriza sua amizade sincera e seu la\u00e7o estreito com o presidente chin\u00eas. As rela\u00e7\u00f5es russo-chinesas est\u00e3o em um n\u00edvel sem precedentes e n\u00e3o t\u00eam<\/span><span lang=\"PT\">\u00a0<\/span><span lang=\"PT\">terceiros como alvo.<\/span><\/p>\n<p><span lang=\"PT\">O secret\u00e1rio enfatizou que a parceria entre os dois pa\u00edses desempenha um papel importante no cen\u00e1rio mundial, estabelecendo um modelo para as grandes rela\u00e7\u00f5es internacionais. A R\u00fassia e a China sempre\u00a0<\/span><span lang=\"PT-BR\">mantiveram\u00a0<\/span><span lang=\"PT\">confian\u00e7a m\u00fatua e di\u00e1logo igualit\u00e1rio. A coopera\u00e7\u00e3o estrat\u00e9gica entre os dois pa\u00edses atende aos interesses comuns. A R\u00fassia aprecia os esfor\u00e7os da China\u00a0<\/span><span lang=\"PT-BR\">na promo\u00e7\u00e3o de<\/span><span lang=\"PT\">\u00a0uma solu\u00e7\u00e3o pac\u00edfica para a crise na Ucr\u00e2nia e continuar\u00e1\u00a0<\/span><span lang=\"PT-BR\">implementando<\/span><span lang=\"PT\">\u00a0os importantes consensos alcan\u00e7ados pelos dois chefes de Estado e\u00a0<\/span><span lang=\"PT-BR\">fortalecendo<\/span><span lang=\"PT\">\u00a0a coopera\u00e7\u00e3o com a China, assinalou o secret\u00e1rio.<\/span><\/p>\n<p><span lang=\"PT\">O chanceler chin\u00eas, Wang Yi, participou da reuni\u00e3o.<\/span><\/p>\n","protected":false},"excerpt":{"rendered":"<p>O presidente chin\u00eas,\u00a0Xi Jinping,\u00a0reuniu-se\u00a0nesta sexta-feira (28) com o secret\u00e1rio do Conselho de Seguran\u00e7a da Federa\u00e7\u00e3o Russa, Sergei Shoigu, no Grande Sal\u00e3o do Povo, em Beijing. Xi Jinping destacou que a China e a R\u00fassia s\u00e3o vizinhos e verdadeiros amigos com&#8230;<\/p>\n","protected":false},"author":2,"featured_media":0,"comment_status":"open","ping_status":"open","sticky":false,"template":"","format":"standard","meta":{"footnotes":""},"categories":[3,5],"tags":[],"class_list":["post-7747","post","type-post","status-publish","format-standard","hentry","category-china","category-destaques-capa"],"yoast_head":"<!-- This site is optimized with the Yoast SEO plugin v27.4 - https:\/\/yoast.com\/product\/yoast-seo-wordpress\/ -->\n<title>Xi Jinping se re\u00fane com secret\u00e1rio do Conselho de Seguran\u00e7a da Federa\u00e7\u00e3o Russa - CRI e Diario de Pernambuco<\/title>\n<meta name=\"robots\" content=\"index, follow, max-snippet:-1, max-image-preview:large, max-video-preview:-1\" \/>\n<link rel=\"canonical\" href=\"https:\/\/diariodepe.com.br\/cri\/2025\/02\/28\/xi-jinping-se-reune-com-secretario-do-conselho-de-seguranca-da-federacao-russa\/\" \/>\n<meta property=\"og:locale\" content=\"pt_BR\" \/>\n<meta property=\"og:type\" content=\"article\" \/>\n<meta property=\"og:title\" content=\"Xi Jinping se re\u00fane com secret\u00e1rio do Conselho de Seguran\u00e7a da Federa\u00e7\u00e3o Russa - CRI e Diario de Pernambuco\" \/>\n<meta property=\"og:description\" content=\"O presidente chin\u00eas,\u00a0Xi Jinping,\u00a0reuniu-se\u00a0nesta sexta-feira (28) com o secret\u00e1rio do Conselho de Seguran\u00e7a da Federa\u00e7\u00e3o Russa, Sergei Shoigu, no Grande Sal\u00e3o do Povo, em Beijing. Xi Jinping destacou que a China e a R\u00fassia s\u00e3o vizinhos e verdadeiros amigos com...\" \/>\n<meta property=\"og:url\" content=\"https:\/\/diariodepe.com.br\/cri\/2025\/02\/28\/xi-jinping-se-reune-com-secretario-do-conselho-de-seguranca-da-federacao-russa\/\" \/>\n<meta property=\"og:site_name\" content=\"CRI e Diario de Pernambuco\" \/>\n<meta property=\"article:published_time\" content=\"2025-03-01T02:57:35+00:00\" \/>\n<meta property=\"og:image\" content=\"https:\/\/38picres.cgtn.com\/photoAlbum\/page\/performance\/img\/2025\/2\/28\/1740745369299_720.jpg\" \/>\n<meta name=\"author\" content=\"Ismael Lucas S. Pereira\" \/>\n<meta name=\"twitter:card\" content=\"summary_large_image\" \/>\n<meta name=\"twitter:label1\" content=\"Escrito por\" \/>\n\t<meta name=\"twitter:data1\" content=\"Ismael Lucas S. Pereira\" \/>\n\t<meta name=\"twitter:label2\" content=\"Est. tempo de leitura\" \/>\n\t<meta name=\"twitter:data2\" content=\"3 minutos\" \/>\n<script type=\"application\/ld+json\" class=\"yoast-schema-graph\">{\"@context\":\"https:\\\/\\\/schema.org\",\"@graph\":[{\"@type\":\"Article\",\"@id\":\"https:\\\/\\\/diariodepe.com.br\\\/cri\\\/2025\\\/02\\\/28\\\/xi-jinping-se-reune-com-secretario-do-conselho-de-seguranca-da-federacao-russa\\\/#article\",\"isPartOf\":{\"@id\":\"https:\\\/\\\/diariodepe.com.br\\\/cri\\\/2025\\\/02\\\/28\\\/xi-jinping-se-reune-com-secretario-do-conselho-de-seguranca-da-federacao-russa\\\/\"},\"author\":{\"name\":\"Ismael Lucas S. Pereira\",\"@id\":\"https:\\\/\\\/diariodepe.com.br\\\/cri\\\/#\\\/schema\\\/person\\\/121bb28d84f1a5b1205ef4ce9c2e0c6b\"},\"headline\":\"Xi Jinping se re\u00fane com secret\u00e1rio do Conselho de Seguran\u00e7a da Federa\u00e7\u00e3o Russa\",\"datePublished\":\"2025-03-01T02:57:35+00:00\",\"mainEntityOfPage\":{\"@id\":\"https:\\\/\\\/diariodepe.com.br\\\/cri\\\/2025\\\/02\\\/28\\\/xi-jinping-se-reune-com-secretario-do-conselho-de-seguranca-da-federacao-russa\\\/\"},\"wordCount\":480,\"commentCount\":0,\"publisher\":{\"@id\":\"https:\\\/\\\/diariodepe.com.br\\\/cri\\\/#organization\"},\"image\":{\"@id\":\"https:\\\/\\\/diariodepe.com.br\\\/cri\\\/2025\\\/02\\\/28\\\/xi-jinping-se-reune-com-secretario-do-conselho-de-seguranca-da-federacao-russa\\\/#primaryimage\"},\"thumbnailUrl\":\"https:\\\/\\\/38picres.cgtn.com\\\/photoAlbum\\\/page\\\/performance\\\/img\\\/2025\\\/2\\\/28\\\/1740745369299_720.jpg\",\"articleSection\":[\"China\",\"Destaques Capa\"],\"inLanguage\":\"pt-BR\",\"potentialAction\":[{\"@type\":\"CommentAction\",\"name\":\"Comment\",\"target\":[\"https:\\\/\\\/diariodepe.com.br\\\/cri\\\/2025\\\/02\\\/28\\\/xi-jinping-se-reune-com-secretario-do-conselho-de-seguranca-da-federacao-russa\\\/#respond\"]}]},{\"@type\":\"WebPage\",\"@id\":\"https:\\\/\\\/diariodepe.com.br\\\/cri\\\/2025\\\/02\\\/28\\\/xi-jinping-se-reune-com-secretario-do-conselho-de-seguranca-da-federacao-russa\\\/\",\"url\":\"https:\\\/\\\/diariodepe.com.br\\\/cri\\\/2025\\\/02\\\/28\\\/xi-jinping-se-reune-com-secretario-do-conselho-de-seguranca-da-federacao-russa\\\/\",\"name\":\"Xi Jinping se re\u00fane com secret\u00e1rio do Conselho de Seguran\u00e7a da Federa\u00e7\u00e3o Russa - CRI e Diario de Pernambuco\",\"isPartOf\":{\"@id\":\"https:\\\/\\\/diariodepe.com.br\\\/cri\\\/#website\"},\"primaryImageOfPage\":{\"@id\":\"https:\\\/\\\/diariodepe.com.br\\\/cri\\\/2025\\\/02\\\/28\\\/xi-jinping-se-reune-com-secretario-do-conselho-de-seguranca-da-federacao-russa\\\/#primaryimage\"},\"image\":{\"@id\":\"https:\\\/\\\/diariodepe.com.br\\\/cri\\\/2025\\\/02\\\/28\\\/xi-jinping-se-reune-com-secretario-do-conselho-de-seguranca-da-federacao-russa\\\/#primaryimage\"},\"thumbnailUrl\":\"https:\\\/\\\/38picres.cgtn.com\\\/photoAlbum\\\/page\\\/performance\\\/img\\\/2025\\\/2\\\/28\\\/1740745369299_720.jpg\",\"datePublished\":\"2025-03-01T02:57:35+00:00\",\"breadcrumb\":{\"@id\":\"https:\\\/\\\/diariodepe.com.br\\\/cri\\\/2025\\\/02\\\/28\\\/xi-jinping-se-reune-com-secretario-do-conselho-de-seguranca-da-federacao-russa\\\/#breadcrumb\"},\"inLanguage\":\"pt-BR\",\"potentialAction\":[{\"@type\":\"ReadAction\",\"target\":[\"https:\\\/\\\/diariodepe.com.br\\\/cri\\\/2025\\\/02\\\/28\\\/xi-jinping-se-reune-com-secretario-do-conselho-de-seguranca-da-federacao-russa\\\/\"]}]},{\"@type\":\"ImageObject\",\"inLanguage\":\"pt-BR\",\"@id\":\"https:\\\/\\\/diariodepe.com.br\\\/cri\\\/2025\\\/02\\\/28\\\/xi-jinping-se-reune-com-secretario-do-conselho-de-seguranca-da-federacao-russa\\\/#primaryimage\",\"url\":\"https:\\\/\\\/38picres.cgtn.com\\\/photoAlbum\\\/page\\\/performance\\\/img\\\/2025\\\/2\\\/28\\\/1740745369299_720.jpg\",\"contentUrl\":\"https:\\\/\\\/38picres.cgtn.com\\\/photoAlbum\\\/page\\\/performance\\\/img\\\/2025\\\/2\\\/28\\\/1740745369299_720.jpg\"},{\"@type\":\"BreadcrumbList\",\"@id\":\"https:\\\/\\\/diariodepe.com.br\\\/cri\\\/2025\\\/02\\\/28\\\/xi-jinping-se-reune-com-secretario-do-conselho-de-seguranca-da-federacao-russa\\\/#breadcrumb\",\"itemListElement\":[{\"@type\":\"ListItem\",\"position\":1,\"name\":\"In\u00edcio\",\"item\":\"https:\\\/\\\/diariodepe.com.br\\\/cri\\\/\"},{\"@type\":\"ListItem\",\"position\":2,\"name\":\"Xi Jinping se re\u00fane com secret\u00e1rio do Conselho de Seguran\u00e7a da Federa\u00e7\u00e3o Russa\"}]},{\"@type\":\"WebSite\",\"@id\":\"https:\\\/\\\/diariodepe.com.br\\\/cri\\\/#website\",\"url\":\"https:\\\/\\\/diariodepe.com.br\\\/cri\\\/\",\"name\":\"CRI e Diario de Pernambuco\",\"description\":\"R\u00e1dio Internacional da China\",\"publisher\":{\"@id\":\"https:\\\/\\\/diariodepe.com.br\\\/cri\\\/#organization\"},\"potentialAction\":[{\"@type\":\"SearchAction\",\"target\":{\"@type\":\"EntryPoint\",\"urlTemplate\":\"https:\\\/\\\/diariodepe.com.br\\\/cri\\\/?s={search_term_string}\"},\"query-input\":{\"@type\":\"PropertyValueSpecification\",\"valueRequired\":true,\"valueName\":\"search_term_string\"}}],\"inLanguage\":\"pt-BR\"},{\"@type\":\"Organization\",\"@id\":\"https:\\\/\\\/diariodepe.com.br\\\/cri\\\/#organization\",\"name\":\"CRI e Diario de Pernambuco\",\"url\":\"https:\\\/\\\/diariodepe.com.br\\\/cri\\\/\",\"logo\":{\"@type\":\"ImageObject\",\"inLanguage\":\"pt-BR\",\"@id\":\"https:\\\/\\\/diariodepe.com.br\\\/cri\\\/#\\\/schema\\\/logo\\\/image\\\/\",\"url\":\"https:\\\/\\\/diariodepe.com.br\\\/cri\\\/wp-content\\\/uploads\\\/sites\\\/2\\\/2022\\\/12\\\/cropped-Logo.jpg\",\"contentUrl\":\"https:\\\/\\\/diariodepe.com.br\\\/cri\\\/wp-content\\\/uploads\\\/sites\\\/2\\\/2022\\\/12\\\/cropped-Logo.jpg\",\"width\":700,\"height\":59,\"caption\":\"CRI e Diario de Pernambuco\"},\"image\":{\"@id\":\"https:\\\/\\\/diariodepe.com.br\\\/cri\\\/#\\\/schema\\\/logo\\\/image\\\/\"}},{\"@type\":\"Person\",\"@id\":\"https:\\\/\\\/diariodepe.com.br\\\/cri\\\/#\\\/schema\\\/person\\\/121bb28d84f1a5b1205ef4ce9c2e0c6b\",\"name\":\"Ismael Lucas S. Pereira\",\"image\":{\"@type\":\"ImageObject\",\"inLanguage\":\"pt-BR\",\"@id\":\"https:\\\/\\\/secure.gravatar.com\\\/avatar\\\/887a0f3b5a7ceea963a48499fb883ffce6b5037362def025c52c2505b15d63e4?s=96&d=mm&r=g\",\"url\":\"https:\\\/\\\/secure.gravatar.com\\\/avatar\\\/887a0f3b5a7ceea963a48499fb883ffce6b5037362def025c52c2505b15d63e4?s=96&d=mm&r=g\",\"contentUrl\":\"https:\\\/\\\/secure.gravatar.com\\\/avatar\\\/887a0f3b5a7ceea963a48499fb883ffce6b5037362def025c52c2505b15d63e4?s=96&d=mm&r=g\",\"caption\":\"Ismael Lucas S. Pereira\"},\"url\":\"https:\\\/\\\/diariodepe.com.br\\\/cri\\\/author\\\/ismael-lucas\\\/\"}]}<\/script>\n<!-- \/ Yoast SEO plugin. -->","yoast_head_json":{"title":"Xi Jinping se re\u00fane com secret\u00e1rio do Conselho de Seguran\u00e7a da Federa\u00e7\u00e3o Russa - CRI e Diario de Pernambuco","robots":{"index":"index","follow":"follow","max-snippet":"max-snippet:-1","max-image-preview":"max-image-preview:large","max-video-preview":"max-video-preview:-1"},"canonical":"https:\/\/diariodepe.com.br\/cri\/2025\/02\/28\/xi-jinping-se-reune-com-secretario-do-conselho-de-seguranca-da-federacao-russa\/","og_locale":"pt_BR","og_type":"article","og_title":"Xi Jinping se re\u00fane com secret\u00e1rio do Conselho de Seguran\u00e7a da Federa\u00e7\u00e3o Russa - CRI e Diario de Pernambuco","og_description":"O presidente chin\u00eas,\u00a0Xi Jinping,\u00a0reuniu-se\u00a0nesta sexta-feira (28) com o secret\u00e1rio do Conselho de Seguran\u00e7a da Federa\u00e7\u00e3o Russa, Sergei Shoigu, no Grande Sal\u00e3o do Povo, em Beijing. Xi Jinping destacou que a China e a R\u00fassia s\u00e3o vizinhos e verdadeiros amigos com...","og_url":"https:\/\/diariodepe.com.br\/cri\/2025\/02\/28\/xi-jinping-se-reune-com-secretario-do-conselho-de-seguranca-da-federacao-russa\/","og_site_name":"CRI e Diario de Pernambuco","article_published_time":"2025-03-01T02:57:35+00:00","og_image":[{"url":"https:\/\/38picres.cgtn.com\/photoAlbum\/page\/performance\/img\/2025\/2\/28\/1740745369299_720.jpg","type":"","width":"","height":""}],"author":"Ismael Lucas S. Pereira","twitter_card":"summary_large_image","twitter_misc":{"Escrito por":"Ismael Lucas S. Pereira","Est. tempo de leitura":"3 minutos"},"schema":{"@context":"https:\/\/schema.org","@graph":[{"@type":"Article","@id":"https:\/\/diariodepe.com.br\/cri\/2025\/02\/28\/xi-jinping-se-reune-com-secretario-do-conselho-de-seguranca-da-federacao-russa\/#article","isPartOf":{"@id":"https:\/\/diariodepe.com.br\/cri\/2025\/02\/28\/xi-jinping-se-reune-com-secretario-do-conselho-de-seguranca-da-federacao-russa\/"},"author":{"name":"Ismael Lucas S. Pereira","@id":"https:\/\/diariodepe.com.br\/cri\/#\/schema\/person\/121bb28d84f1a5b1205ef4ce9c2e0c6b"},"headline":"Xi Jinping se re\u00fane com secret\u00e1rio do Conselho de Seguran\u00e7a da Federa\u00e7\u00e3o Russa","datePublished":"2025-03-01T02:57:35+00:00","mainEntityOfPage":{"@id":"https:\/\/diariodepe.com.br\/cri\/2025\/02\/28\/xi-jinping-se-reune-com-secretario-do-conselho-de-seguranca-da-federacao-russa\/"},"wordCount":480,"commentCount":0,"publisher":{"@id":"https:\/\/diariodepe.com.br\/cri\/#organization"},"image":{"@id":"https:\/\/diariodepe.com.br\/cri\/2025\/02\/28\/xi-jinping-se-reune-com-secretario-do-conselho-de-seguranca-da-federacao-russa\/#primaryimage"},"thumbnailUrl":"https:\/\/38picres.cgtn.com\/photoAlbum\/page\/performance\/img\/2025\/2\/28\/1740745369299_720.jpg","articleSection":["China","Destaques Capa"],"inLanguage":"pt-BR","potentialAction":[{"@type":"CommentAction","name":"Comment","target":["https:\/\/diariodepe.com.br\/cri\/2025\/02\/28\/xi-jinping-se-reune-com-secretario-do-conselho-de-seguranca-da-federacao-russa\/#respond"]}]},{"@type":"WebPage","@id":"https:\/\/diariodepe.com.br\/cri\/2025\/02\/28\/xi-jinping-se-reune-com-secretario-do-conselho-de-seguranca-da-federacao-russa\/","url":"https:\/\/diariodepe.com.br\/cri\/2025\/02\/28\/xi-jinping-se-reune-com-secretario-do-conselho-de-seguranca-da-federacao-russa\/","name":"Xi Jinping se re\u00fane com secret\u00e1rio do Conselho de Seguran\u00e7a da Federa\u00e7\u00e3o Russa - CRI e Diario de Pernambuco","isPartOf":{"@id":"https:\/\/diariodepe.com.br\/cri\/#website"},"primaryImageOfPage":{"@id":"https:\/\/diariodepe.com.br\/cri\/2025\/02\/28\/xi-jinping-se-reune-com-secretario-do-conselho-de-seguranca-da-federacao-russa\/#primaryimage"},"image":{"@id":"https:\/\/diariodepe.com.br\/cri\/2025\/02\/28\/xi-jinping-se-reune-com-secretario-do-conselho-de-seguranca-da-federacao-russa\/#primaryimage"},"thumbnailUrl":"https:\/\/38picres.cgtn.com\/photoAlbum\/page\/performance\/img\/2025\/2\/28\/1740745369299_720.jpg","datePublished":"2025-03-01T02:57:35+00:00","breadcrumb":{"@id":"https:\/\/diariodepe.com.br\/cri\/2025\/02\/28\/xi-jinping-se-reune-com-secretario-do-conselho-de-seguranca-da-federacao-russa\/#breadcrumb"},"inLanguage":"pt-BR","potentialAction":[{"@type":"ReadAction","target":["https:\/\/diariodepe.com.br\/cri\/2025\/02\/28\/xi-jinping-se-reune-com-secretario-do-conselho-de-seguranca-da-federacao-russa\/"]}]},{"@type":"ImageObject","inLanguage":"pt-BR","@id":"https:\/\/diariodepe.com.br\/cri\/2025\/02\/28\/xi-jinping-se-reune-com-secretario-do-conselho-de-seguranca-da-federacao-russa\/#primaryimage","url":"https:\/\/38picres.cgtn.com\/photoAlbum\/page\/performance\/img\/2025\/2\/28\/1740745369299_720.jpg","contentUrl":"https:\/\/38picres.cgtn.com\/photoAlbum\/page\/performance\/img\/2025\/2\/28\/1740745369299_720.jpg"},{"@type":"BreadcrumbList","@id":"https:\/\/diariodepe.com.br\/cri\/2025\/02\/28\/xi-jinping-se-reune-com-secretario-do-conselho-de-seguranca-da-federacao-russa\/#breadcrumb","itemListElement":[{"@type":"ListItem","position":1,"name":"In\u00edcio","item":"https:\/\/diariodepe.com.br\/cri\/"},{"@type":"ListItem","position":2,"name":"Xi Jinping se re\u00fane com secret\u00e1rio do Conselho de Seguran\u00e7a da Federa\u00e7\u00e3o Russa"}]},{"@type":"WebSite","@id":"https:\/\/diariodepe.com.br\/cri\/#website","url":"https:\/\/diariodepe.com.br\/cri\/","name":"CRI e Diario de Pernambuco","description":"R\u00e1dio Internacional da China","publisher":{"@id":"https:\/\/diariodepe.com.br\/cri\/#organization"},"potentialAction":[{"@type":"SearchAction","target":{"@type":"EntryPoint","urlTemplate":"https:\/\/diariodepe.com.br\/cri\/?s={search_term_string}"},"query-input":{"@type":"PropertyValueSpecification","valueRequired":true,"valueName":"search_term_string"}}],"inLanguage":"pt-BR"},{"@type":"Organization","@id":"https:\/\/diariodepe.com.br\/cri\/#organization","name":"CRI e Diario de Pernambuco","url":"https:\/\/diariodepe.com.br\/cri\/","logo":{"@type":"ImageObject","inLanguage":"pt-BR","@id":"https:\/\/diariodepe.com.br\/cri\/#\/schema\/logo\/image\/","url":"https:\/\/diariodepe.com.br\/cri\/wp-content\/uploads\/sites\/2\/2022\/12\/cropped-Logo.jpg","contentUrl":"https:\/\/diariodepe.com.br\/cri\/wp-content\/uploads\/sites\/2\/2022\/12\/cropped-Logo.jpg","width":700,"height":59,"caption":"CRI e Diario de Pernambuco"},"image":{"@id":"https:\/\/diariodepe.com.br\/cri\/#\/schema\/logo\/image\/"}},{"@type":"Person","@id":"https:\/\/diariodepe.com.br\/cri\/#\/schema\/person\/121bb28d84f1a5b1205ef4ce9c2e0c6b","name":"Ismael Lucas S. Pereira","image":{"@type":"ImageObject","inLanguage":"pt-BR","@id":"https:\/\/secure.gravatar.com\/avatar\/887a0f3b5a7ceea963a48499fb883ffce6b5037362def025c52c2505b15d63e4?s=96&d=mm&r=g","url":"https:\/\/secure.gravatar.com\/avatar\/887a0f3b5a7ceea963a48499fb883ffce6b5037362def025c52c2505b15d63e4?s=96&d=mm&r=g","contentUrl":"https:\/\/secure.gravatar.com\/avatar\/887a0f3b5a7ceea963a48499fb883ffce6b5037362def025c52c2505b15d63e4?s=96&d=mm&r=g","caption":"Ismael Lucas S. Pereira"},"url":"https:\/\/diariodepe.com.br\/cri\/author\/ismael-lucas\/"}]}},"cc_featured_image_caption":{"caption_text":false,"source_text":false,"source_url":false},"amp_enabled":true,"_links":{"self":[{"href":"https:\/\/diariodepe.com.br\/cri\/wp-json\/wp\/v2\/posts\/7747","targetHints":{"allow":["GET"]}}],"collection":[{"href":"https:\/\/diariodepe.com.br\/cri\/wp-json\/wp\/v2\/posts"}],"about":[{"href":"https:\/\/diariodepe.com.br\/cri\/wp-json\/wp\/v2\/types\/post"}],"author":[{"embeddable":true,"href":"https:\/\/diariodepe.com.br\/cri\/wp-json\/wp\/v2\/users\/2"}],"replies":[{"embeddable":true,"href":"https:\/\/diariodepe.com.br\/cri\/wp-json\/wp\/v2\/comments?post=7747"}],"version-history":[{"count":1,"href":"https:\/\/diariodepe.com.br\/cri\/wp-json\/wp\/v2\/posts\/7747\/revisions"}],"predecessor-version":[{"id":7748,"href":"https:\/\/diariodepe.com.br\/cri\/wp-json\/wp\/v2\/posts\/7747\/revisions\/7748"}],"wp:attachment":[{"href":"https:\/\/diariodepe.com.br\/cri\/wp-json\/wp\/v2\/media?parent=7747"}],"wp:term":[{"taxonomy":"category","embeddable":true,"href":"https:\/\/diariodepe.com.br\/cri\/wp-json\/wp\/v2\/categories?post=7747"},{"taxonomy":"post_tag","embeddable":true,"href":"https:\/\/diariodepe.com.br\/cri\/wp-json\/wp\/v2\/tags?post=7747"}],"curies":[{"name":"wp","href":"https:\/\/api.w.org\/{rel}","templated":true}]}}