{"id":7744,"date":"2025-02-28T23:54:44","date_gmt":"2025-03-01T02:54:44","guid":{"rendered":"https:\/\/diariodepe.com.br\/cri\/?p=7744"},"modified":"2025-02-28T23:54:44","modified_gmt":"2025-03-01T02:54:44","slug":"edificio-de-inteligencia-artificial-do-cmg-e-inaugurado-em-beijing","status":"publish","type":"post","link":"https:\/\/diariodepe.com.br\/cri\/2025\/02\/28\/edificio-de-inteligencia-artificial-do-cmg-e-inaugurado-em-beijing\/","title":{"rendered":"Edif\u00edcio de Intelig\u00eancia Artificial do CMG \u00e9 inaugurado em Beijing"},"content":{"rendered":"<p><img decoding=\"async\" src=\"https:\/\/38picres.cgtn.com\/photoAlbum\/page\/performance\/img\/2025\/2\/28\/1740740053152_144.jpg\" width=\"100%\" height=\"auto\" \/><\/p>\n<p><span lang=\"PT-BR\">O Edif\u00edcio de Intelig\u00eancia Artificial (IA) do Grupo de M\u00eddia da China (CMG, na sigla em ingl\u00eas) foi inaugurado hoje (28), juntamente com o lan\u00e7amento do Livro Branco sobre o Desenvolvimento de IA (Edi\u00e7\u00e3o 2025).<\/span><\/p>\n<p><img decoding=\"async\" src=\"https:\/\/38picres.cgtn.com\/photoAlbum\/page\/performance\/img\/2025\/2\/28\/1740740070734_800.jpg\" width=\"100%\" height=\"auto\" \/><\/p>\n<p><span lang=\"PT-BR\">O vice-ministro do Departamento de Comunica\u00e7\u00e3o do Comit\u00ea Central do Partido Comunista da China e presidente do CMG, Shen Haixiong, destacou que\u00a0<\/span><span lang=\"PT\">este \u00e9<\/span><span lang=\"PT-BR\">\u00a0o primeiro edif\u00edcio de m\u00eddia do pa\u00eds de \u201cIntelig\u00eancia Artificial\u201d, e que sua inaugura\u00e7\u00e3o representa uma a\u00e7\u00e3o significativa para a implementa\u00e7\u00e3o das diretrizes do presidente Xi Jingping sobre o desenvolvimento cient\u00edfico e tecnol\u00f3gico e sobre o trabalho do CMG.<\/span><\/p>\n<p><img decoding=\"async\" src=\"https:\/\/38picres.cgtn.com\/photoAlbum\/page\/performance\/img\/2025\/2\/28\/1740740079537_185.jpg\" width=\"100%\" height=\"auto\" \/><\/p>\n<p><span lang=\"PT-BR\">O vice-diretor da Comiss\u00e3o Nacional de Desenvolvimento e Reforma, Zhao Chenxin, afirmou que nos \u00faltimos anos, tecnologias inovadoras, representadas pela intelig\u00eancia artificial (IA), t\u00eam se desenvolvido rapidamente, promovendo uma nova revolu\u00e7\u00e3o cient\u00edfica e tecnol\u00f3gica, bem como a transforma\u00e7\u00e3o industrial. Ele disse que o CMG est\u00e1 ativamente alinhado com as estrat\u00e9gias nacionais, aproveitando ao m\u00e1ximo suas vantagens de recursos para promover a aplica\u00e7\u00e3o de IA, o que reflete sua responsabilidade como m\u00eddia nacional.<\/span><\/p>\n<p><span lang=\"PT-BR\">Durante o evento, foi lan\u00e7ado o Livro Branco sobre o Desenvolvimento de IA (Edi\u00e7\u00e3o 2025) para promover a aplica\u00e7\u00e3o de IA e apresenta os \u00faltimos avan\u00e7os no uso dessa tecnologia na produ\u00e7\u00e3o e inova\u00e7\u00e3o do CMG. O livro oferece uma refer\u00eancia para a integra\u00e7\u00e3o da m\u00eddia com a IA para a transforma\u00e7\u00e3o inteligente dos ve\u00edculos de m\u00eddia globais.<\/span><\/p>\n<p><img decoding=\"async\" src=\"https:\/\/38picres.cgtn.com\/photoAlbum\/page\/performance\/img\/2025\/2\/28\/1740740090305_653.jpg\" width=\"100%\" height=\"auto\" \/><\/p>\n<p><span lang=\"PT-BR\">Como um importante centro para o desenvolvimento da IA, o edif\u00edcio re\u00fane tecnologias de ponta e avan\u00e7os inovadores do CMG no campo, oferecendo suporte t\u00e9cnico e servi\u00e7os para a produ\u00e7\u00e3o de conte\u00fado e inova\u00e7\u00e3o de modelos de comunica\u00e7\u00e3o. Ele acelerar\u00e1 a constru\u00e7\u00e3o de plataformas de IA, centros de dados e infraestrutura em nuvem, promovendo a implementa\u00e7\u00e3o de um sistema de processamento de grandes modelos para suportar o desenvolvimento de alta qualidade da ind\u00fastria de m\u00eddia.<\/span><\/p>\n","protected":false},"excerpt":{"rendered":"<p>O Edif\u00edcio de Intelig\u00eancia Artificial (IA) do Grupo de M\u00eddia da China (CMG, na sigla em ingl\u00eas) foi inaugurado hoje (28), juntamente com o lan\u00e7amento do Livro Branco sobre o Desenvolvimento de IA (Edi\u00e7\u00e3o 2025). O vice-ministro do Departamento de&#8230;<\/p>\n","protected":false},"author":2,"featured_media":0,"comment_status":"open","ping_status":"open","sticky":false,"template":"","format":"standard","meta":{"footnotes":""},"categories":[3,5],"tags":[],"class_list":["post-7744","post","type-post","status-publish","format-standard","hentry","category-china","category-destaques-capa"],"yoast_head":"<!-- This site is optimized with the Yoast SEO plugin v27.4 - https:\/\/yoast.com\/product\/yoast-seo-wordpress\/ -->\n<title>Edif\u00edcio de Intelig\u00eancia Artificial do CMG \u00e9 inaugurado em Beijing - CRI e Diario de Pernambuco<\/title>\n<meta name=\"robots\" content=\"index, follow, max-snippet:-1, max-image-preview:large, max-video-preview:-1\" \/>\n<link rel=\"canonical\" href=\"https:\/\/diariodepe.com.br\/cri\/2025\/02\/28\/edificio-de-inteligencia-artificial-do-cmg-e-inaugurado-em-beijing\/\" \/>\n<meta property=\"og:locale\" content=\"pt_BR\" \/>\n<meta property=\"og:type\" content=\"article\" \/>\n<meta property=\"og:title\" content=\"Edif\u00edcio de Intelig\u00eancia Artificial do CMG \u00e9 inaugurado em Beijing - CRI e Diario de Pernambuco\" \/>\n<meta property=\"og:description\" content=\"O Edif\u00edcio de Intelig\u00eancia Artificial (IA) do Grupo de M\u00eddia da China (CMG, na sigla em ingl\u00eas) foi inaugurado hoje (28), juntamente com o lan\u00e7amento do Livro Branco sobre o Desenvolvimento de IA (Edi\u00e7\u00e3o 2025). O vice-ministro do Departamento de...\" \/>\n<meta property=\"og:url\" content=\"https:\/\/diariodepe.com.br\/cri\/2025\/02\/28\/edificio-de-inteligencia-artificial-do-cmg-e-inaugurado-em-beijing\/\" \/>\n<meta property=\"og:site_name\" content=\"CRI e Diario de Pernambuco\" \/>\n<meta property=\"article:published_time\" content=\"2025-03-01T02:54:44+00:00\" \/>\n<meta property=\"og:image\" content=\"https:\/\/38picres.cgtn.com\/photoAlbum\/page\/performance\/img\/2025\/2\/28\/1740740053152_144.jpg\" \/>\n<meta name=\"author\" content=\"Ismael Lucas S. Pereira\" \/>\n<meta name=\"twitter:card\" content=\"summary_large_image\" \/>\n<meta name=\"twitter:label1\" content=\"Escrito por\" \/>\n\t<meta name=\"twitter:data1\" content=\"Ismael Lucas S. Pereira\" \/>\n\t<meta name=\"twitter:label2\" content=\"Est. tempo de leitura\" \/>\n\t<meta name=\"twitter:data2\" content=\"3 minutos\" \/>\n<script type=\"application\/ld+json\" class=\"yoast-schema-graph\">{\"@context\":\"https:\\\/\\\/schema.org\",\"@graph\":[{\"@type\":\"Article\",\"@id\":\"https:\\\/\\\/diariodepe.com.br\\\/cri\\\/2025\\\/02\\\/28\\\/edificio-de-inteligencia-artificial-do-cmg-e-inaugurado-em-beijing\\\/#article\",\"isPartOf\":{\"@id\":\"https:\\\/\\\/diariodepe.com.br\\\/cri\\\/2025\\\/02\\\/28\\\/edificio-de-inteligencia-artificial-do-cmg-e-inaugurado-em-beijing\\\/\"},\"author\":{\"name\":\"Ismael Lucas S. Pereira\",\"@id\":\"https:\\\/\\\/diariodepe.com.br\\\/cri\\\/#\\\/schema\\\/person\\\/121bb28d84f1a5b1205ef4ce9c2e0c6b\"},\"headline\":\"Edif\u00edcio de Intelig\u00eancia Artificial do CMG \u00e9 inaugurado em Beijing\",\"datePublished\":\"2025-03-01T02:54:44+00:00\",\"mainEntityOfPage\":{\"@id\":\"https:\\\/\\\/diariodepe.com.br\\\/cri\\\/2025\\\/02\\\/28\\\/edificio-de-inteligencia-artificial-do-cmg-e-inaugurado-em-beijing\\\/\"},\"wordCount\":362,\"commentCount\":0,\"publisher\":{\"@id\":\"https:\\\/\\\/diariodepe.com.br\\\/cri\\\/#organization\"},\"image\":{\"@id\":\"https:\\\/\\\/diariodepe.com.br\\\/cri\\\/2025\\\/02\\\/28\\\/edificio-de-inteligencia-artificial-do-cmg-e-inaugurado-em-beijing\\\/#primaryimage\"},\"thumbnailUrl\":\"https:\\\/\\\/38picres.cgtn.com\\\/photoAlbum\\\/page\\\/performance\\\/img\\\/2025\\\/2\\\/28\\\/1740740053152_144.jpg\",\"articleSection\":[\"China\",\"Destaques Capa\"],\"inLanguage\":\"pt-BR\",\"potentialAction\":[{\"@type\":\"CommentAction\",\"name\":\"Comment\",\"target\":[\"https:\\\/\\\/diariodepe.com.br\\\/cri\\\/2025\\\/02\\\/28\\\/edificio-de-inteligencia-artificial-do-cmg-e-inaugurado-em-beijing\\\/#respond\"]}]},{\"@type\":\"WebPage\",\"@id\":\"https:\\\/\\\/diariodepe.com.br\\\/cri\\\/2025\\\/02\\\/28\\\/edificio-de-inteligencia-artificial-do-cmg-e-inaugurado-em-beijing\\\/\",\"url\":\"https:\\\/\\\/diariodepe.com.br\\\/cri\\\/2025\\\/02\\\/28\\\/edificio-de-inteligencia-artificial-do-cmg-e-inaugurado-em-beijing\\\/\",\"name\":\"Edif\u00edcio de Intelig\u00eancia Artificial do CMG \u00e9 inaugurado em Beijing - CRI e Diario de Pernambuco\",\"isPartOf\":{\"@id\":\"https:\\\/\\\/diariodepe.com.br\\\/cri\\\/#website\"},\"primaryImageOfPage\":{\"@id\":\"https:\\\/\\\/diariodepe.com.br\\\/cri\\\/2025\\\/02\\\/28\\\/edificio-de-inteligencia-artificial-do-cmg-e-inaugurado-em-beijing\\\/#primaryimage\"},\"image\":{\"@id\":\"https:\\\/\\\/diariodepe.com.br\\\/cri\\\/2025\\\/02\\\/28\\\/edificio-de-inteligencia-artificial-do-cmg-e-inaugurado-em-beijing\\\/#primaryimage\"},\"thumbnailUrl\":\"https:\\\/\\\/38picres.cgtn.com\\\/photoAlbum\\\/page\\\/performance\\\/img\\\/2025\\\/2\\\/28\\\/1740740053152_144.jpg\",\"datePublished\":\"2025-03-01T02:54:44+00:00\",\"breadcrumb\":{\"@id\":\"https:\\\/\\\/diariodepe.com.br\\\/cri\\\/2025\\\/02\\\/28\\\/edificio-de-inteligencia-artificial-do-cmg-e-inaugurado-em-beijing\\\/#breadcrumb\"},\"inLanguage\":\"pt-BR\",\"potentialAction\":[{\"@type\":\"ReadAction\",\"target\":[\"https:\\\/\\\/diariodepe.com.br\\\/cri\\\/2025\\\/02\\\/28\\\/edificio-de-inteligencia-artificial-do-cmg-e-inaugurado-em-beijing\\\/\"]}]},{\"@type\":\"ImageObject\",\"inLanguage\":\"pt-BR\",\"@id\":\"https:\\\/\\\/diariodepe.com.br\\\/cri\\\/2025\\\/02\\\/28\\\/edificio-de-inteligencia-artificial-do-cmg-e-inaugurado-em-beijing\\\/#primaryimage\",\"url\":\"https:\\\/\\\/38picres.cgtn.com\\\/photoAlbum\\\/page\\\/performance\\\/img\\\/2025\\\/2\\\/28\\\/1740740053152_144.jpg\",\"contentUrl\":\"https:\\\/\\\/38picres.cgtn.com\\\/photoAlbum\\\/page\\\/performance\\\/img\\\/2025\\\/2\\\/28\\\/1740740053152_144.jpg\"},{\"@type\":\"BreadcrumbList\",\"@id\":\"https:\\\/\\\/diariodepe.com.br\\\/cri\\\/2025\\\/02\\\/28\\\/edificio-de-inteligencia-artificial-do-cmg-e-inaugurado-em-beijing\\\/#breadcrumb\",\"itemListElement\":[{\"@type\":\"ListItem\",\"position\":1,\"name\":\"In\u00edcio\",\"item\":\"https:\\\/\\\/diariodepe.com.br\\\/cri\\\/\"},{\"@type\":\"ListItem\",\"position\":2,\"name\":\"Edif\u00edcio de Intelig\u00eancia Artificial do CMG \u00e9 inaugurado em Beijing\"}]},{\"@type\":\"WebSite\",\"@id\":\"https:\\\/\\\/diariodepe.com.br\\\/cri\\\/#website\",\"url\":\"https:\\\/\\\/diariodepe.com.br\\\/cri\\\/\",\"name\":\"CRI e Diario de Pernambuco\",\"description\":\"R\u00e1dio Internacional da China\",\"publisher\":{\"@id\":\"https:\\\/\\\/diariodepe.com.br\\\/cri\\\/#organization\"},\"potentialAction\":[{\"@type\":\"SearchAction\",\"target\":{\"@type\":\"EntryPoint\",\"urlTemplate\":\"https:\\\/\\\/diariodepe.com.br\\\/cri\\\/?s={search_term_string}\"},\"query-input\":{\"@type\":\"PropertyValueSpecification\",\"valueRequired\":true,\"valueName\":\"search_term_string\"}}],\"inLanguage\":\"pt-BR\"},{\"@type\":\"Organization\",\"@id\":\"https:\\\/\\\/diariodepe.com.br\\\/cri\\\/#organization\",\"name\":\"CRI e Diario de Pernambuco\",\"url\":\"https:\\\/\\\/diariodepe.com.br\\\/cri\\\/\",\"logo\":{\"@type\":\"ImageObject\",\"inLanguage\":\"pt-BR\",\"@id\":\"https:\\\/\\\/diariodepe.com.br\\\/cri\\\/#\\\/schema\\\/logo\\\/image\\\/\",\"url\":\"https:\\\/\\\/diariodepe.com.br\\\/cri\\\/wp-content\\\/uploads\\\/sites\\\/2\\\/2022\\\/12\\\/cropped-Logo.jpg\",\"contentUrl\":\"https:\\\/\\\/diariodepe.com.br\\\/cri\\\/wp-content\\\/uploads\\\/sites\\\/2\\\/2022\\\/12\\\/cropped-Logo.jpg\",\"width\":700,\"height\":59,\"caption\":\"CRI e Diario de Pernambuco\"},\"image\":{\"@id\":\"https:\\\/\\\/diariodepe.com.br\\\/cri\\\/#\\\/schema\\\/logo\\\/image\\\/\"}},{\"@type\":\"Person\",\"@id\":\"https:\\\/\\\/diariodepe.com.br\\\/cri\\\/#\\\/schema\\\/person\\\/121bb28d84f1a5b1205ef4ce9c2e0c6b\",\"name\":\"Ismael Lucas S. Pereira\",\"image\":{\"@type\":\"ImageObject\",\"inLanguage\":\"pt-BR\",\"@id\":\"https:\\\/\\\/secure.gravatar.com\\\/avatar\\\/887a0f3b5a7ceea963a48499fb883ffce6b5037362def025c52c2505b15d63e4?s=96&d=mm&r=g\",\"url\":\"https:\\\/\\\/secure.gravatar.com\\\/avatar\\\/887a0f3b5a7ceea963a48499fb883ffce6b5037362def025c52c2505b15d63e4?s=96&d=mm&r=g\",\"contentUrl\":\"https:\\\/\\\/secure.gravatar.com\\\/avatar\\\/887a0f3b5a7ceea963a48499fb883ffce6b5037362def025c52c2505b15d63e4?s=96&d=mm&r=g\",\"caption\":\"Ismael Lucas S. Pereira\"},\"url\":\"https:\\\/\\\/diariodepe.com.br\\\/cri\\\/author\\\/ismael-lucas\\\/\"}]}<\/script>\n<!-- \/ Yoast SEO plugin. -->","yoast_head_json":{"title":"Edif\u00edcio de Intelig\u00eancia Artificial do CMG \u00e9 inaugurado em Beijing - CRI e Diario de Pernambuco","robots":{"index":"index","follow":"follow","max-snippet":"max-snippet:-1","max-image-preview":"max-image-preview:large","max-video-preview":"max-video-preview:-1"},"canonical":"https:\/\/diariodepe.com.br\/cri\/2025\/02\/28\/edificio-de-inteligencia-artificial-do-cmg-e-inaugurado-em-beijing\/","og_locale":"pt_BR","og_type":"article","og_title":"Edif\u00edcio de Intelig\u00eancia Artificial do CMG \u00e9 inaugurado em Beijing - CRI e Diario de Pernambuco","og_description":"O Edif\u00edcio de Intelig\u00eancia Artificial (IA) do Grupo de M\u00eddia da China (CMG, na sigla em ingl\u00eas) foi inaugurado hoje (28), juntamente com o lan\u00e7amento do Livro Branco sobre o Desenvolvimento de IA (Edi\u00e7\u00e3o 2025). O vice-ministro do Departamento de...","og_url":"https:\/\/diariodepe.com.br\/cri\/2025\/02\/28\/edificio-de-inteligencia-artificial-do-cmg-e-inaugurado-em-beijing\/","og_site_name":"CRI e Diario de Pernambuco","article_published_time":"2025-03-01T02:54:44+00:00","og_image":[{"url":"https:\/\/38picres.cgtn.com\/photoAlbum\/page\/performance\/img\/2025\/2\/28\/1740740053152_144.jpg","type":"","width":"","height":""}],"author":"Ismael Lucas S. Pereira","twitter_card":"summary_large_image","twitter_misc":{"Escrito por":"Ismael Lucas S. Pereira","Est. tempo de leitura":"3 minutos"},"schema":{"@context":"https:\/\/schema.org","@graph":[{"@type":"Article","@id":"https:\/\/diariodepe.com.br\/cri\/2025\/02\/28\/edificio-de-inteligencia-artificial-do-cmg-e-inaugurado-em-beijing\/#article","isPartOf":{"@id":"https:\/\/diariodepe.com.br\/cri\/2025\/02\/28\/edificio-de-inteligencia-artificial-do-cmg-e-inaugurado-em-beijing\/"},"author":{"name":"Ismael Lucas S. Pereira","@id":"https:\/\/diariodepe.com.br\/cri\/#\/schema\/person\/121bb28d84f1a5b1205ef4ce9c2e0c6b"},"headline":"Edif\u00edcio de Intelig\u00eancia Artificial do CMG \u00e9 inaugurado em Beijing","datePublished":"2025-03-01T02:54:44+00:00","mainEntityOfPage":{"@id":"https:\/\/diariodepe.com.br\/cri\/2025\/02\/28\/edificio-de-inteligencia-artificial-do-cmg-e-inaugurado-em-beijing\/"},"wordCount":362,"commentCount":0,"publisher":{"@id":"https:\/\/diariodepe.com.br\/cri\/#organization"},"image":{"@id":"https:\/\/diariodepe.com.br\/cri\/2025\/02\/28\/edificio-de-inteligencia-artificial-do-cmg-e-inaugurado-em-beijing\/#primaryimage"},"thumbnailUrl":"https:\/\/38picres.cgtn.com\/photoAlbum\/page\/performance\/img\/2025\/2\/28\/1740740053152_144.jpg","articleSection":["China","Destaques Capa"],"inLanguage":"pt-BR","potentialAction":[{"@type":"CommentAction","name":"Comment","target":["https:\/\/diariodepe.com.br\/cri\/2025\/02\/28\/edificio-de-inteligencia-artificial-do-cmg-e-inaugurado-em-beijing\/#respond"]}]},{"@type":"WebPage","@id":"https:\/\/diariodepe.com.br\/cri\/2025\/02\/28\/edificio-de-inteligencia-artificial-do-cmg-e-inaugurado-em-beijing\/","url":"https:\/\/diariodepe.com.br\/cri\/2025\/02\/28\/edificio-de-inteligencia-artificial-do-cmg-e-inaugurado-em-beijing\/","name":"Edif\u00edcio de Intelig\u00eancia Artificial do CMG \u00e9 inaugurado em Beijing - CRI e Diario de Pernambuco","isPartOf":{"@id":"https:\/\/diariodepe.com.br\/cri\/#website"},"primaryImageOfPage":{"@id":"https:\/\/diariodepe.com.br\/cri\/2025\/02\/28\/edificio-de-inteligencia-artificial-do-cmg-e-inaugurado-em-beijing\/#primaryimage"},"image":{"@id":"https:\/\/diariodepe.com.br\/cri\/2025\/02\/28\/edificio-de-inteligencia-artificial-do-cmg-e-inaugurado-em-beijing\/#primaryimage"},"thumbnailUrl":"https:\/\/38picres.cgtn.com\/photoAlbum\/page\/performance\/img\/2025\/2\/28\/1740740053152_144.jpg","datePublished":"2025-03-01T02:54:44+00:00","breadcrumb":{"@id":"https:\/\/diariodepe.com.br\/cri\/2025\/02\/28\/edificio-de-inteligencia-artificial-do-cmg-e-inaugurado-em-beijing\/#breadcrumb"},"inLanguage":"pt-BR","potentialAction":[{"@type":"ReadAction","target":["https:\/\/diariodepe.com.br\/cri\/2025\/02\/28\/edificio-de-inteligencia-artificial-do-cmg-e-inaugurado-em-beijing\/"]}]},{"@type":"ImageObject","inLanguage":"pt-BR","@id":"https:\/\/diariodepe.com.br\/cri\/2025\/02\/28\/edificio-de-inteligencia-artificial-do-cmg-e-inaugurado-em-beijing\/#primaryimage","url":"https:\/\/38picres.cgtn.com\/photoAlbum\/page\/performance\/img\/2025\/2\/28\/1740740053152_144.jpg","contentUrl":"https:\/\/38picres.cgtn.com\/photoAlbum\/page\/performance\/img\/2025\/2\/28\/1740740053152_144.jpg"},{"@type":"BreadcrumbList","@id":"https:\/\/diariodepe.com.br\/cri\/2025\/02\/28\/edificio-de-inteligencia-artificial-do-cmg-e-inaugurado-em-beijing\/#breadcrumb","itemListElement":[{"@type":"ListItem","position":1,"name":"In\u00edcio","item":"https:\/\/diariodepe.com.br\/cri\/"},{"@type":"ListItem","position":2,"name":"Edif\u00edcio de Intelig\u00eancia Artificial do CMG \u00e9 inaugurado em Beijing"}]},{"@type":"WebSite","@id":"https:\/\/diariodepe.com.br\/cri\/#website","url":"https:\/\/diariodepe.com.br\/cri\/","name":"CRI e Diario de Pernambuco","description":"R\u00e1dio Internacional da China","publisher":{"@id":"https:\/\/diariodepe.com.br\/cri\/#organization"},"potentialAction":[{"@type":"SearchAction","target":{"@type":"EntryPoint","urlTemplate":"https:\/\/diariodepe.com.br\/cri\/?s={search_term_string}"},"query-input":{"@type":"PropertyValueSpecification","valueRequired":true,"valueName":"search_term_string"}}],"inLanguage":"pt-BR"},{"@type":"Organization","@id":"https:\/\/diariodepe.com.br\/cri\/#organization","name":"CRI e Diario de Pernambuco","url":"https:\/\/diariodepe.com.br\/cri\/","logo":{"@type":"ImageObject","inLanguage":"pt-BR","@id":"https:\/\/diariodepe.com.br\/cri\/#\/schema\/logo\/image\/","url":"https:\/\/diariodepe.com.br\/cri\/wp-content\/uploads\/sites\/2\/2022\/12\/cropped-Logo.jpg","contentUrl":"https:\/\/diariodepe.com.br\/cri\/wp-content\/uploads\/sites\/2\/2022\/12\/cropped-Logo.jpg","width":700,"height":59,"caption":"CRI e Diario de Pernambuco"},"image":{"@id":"https:\/\/diariodepe.com.br\/cri\/#\/schema\/logo\/image\/"}},{"@type":"Person","@id":"https:\/\/diariodepe.com.br\/cri\/#\/schema\/person\/121bb28d84f1a5b1205ef4ce9c2e0c6b","name":"Ismael Lucas S. Pereira","image":{"@type":"ImageObject","inLanguage":"pt-BR","@id":"https:\/\/secure.gravatar.com\/avatar\/887a0f3b5a7ceea963a48499fb883ffce6b5037362def025c52c2505b15d63e4?s=96&d=mm&r=g","url":"https:\/\/secure.gravatar.com\/avatar\/887a0f3b5a7ceea963a48499fb883ffce6b5037362def025c52c2505b15d63e4?s=96&d=mm&r=g","contentUrl":"https:\/\/secure.gravatar.com\/avatar\/887a0f3b5a7ceea963a48499fb883ffce6b5037362def025c52c2505b15d63e4?s=96&d=mm&r=g","caption":"Ismael Lucas S. Pereira"},"url":"https:\/\/diariodepe.com.br\/cri\/author\/ismael-lucas\/"}]}},"cc_featured_image_caption":{"caption_text":false,"source_text":false,"source_url":false},"amp_enabled":true,"_links":{"self":[{"href":"https:\/\/diariodepe.com.br\/cri\/wp-json\/wp\/v2\/posts\/7744","targetHints":{"allow":["GET"]}}],"collection":[{"href":"https:\/\/diariodepe.com.br\/cri\/wp-json\/wp\/v2\/posts"}],"about":[{"href":"https:\/\/diariodepe.com.br\/cri\/wp-json\/wp\/v2\/types\/post"}],"author":[{"embeddable":true,"href":"https:\/\/diariodepe.com.br\/cri\/wp-json\/wp\/v2\/users\/2"}],"replies":[{"embeddable":true,"href":"https:\/\/diariodepe.com.br\/cri\/wp-json\/wp\/v2\/comments?post=7744"}],"version-history":[{"count":1,"href":"https:\/\/diariodepe.com.br\/cri\/wp-json\/wp\/v2\/posts\/7744\/revisions"}],"predecessor-version":[{"id":7746,"href":"https:\/\/diariodepe.com.br\/cri\/wp-json\/wp\/v2\/posts\/7744\/revisions\/7746"}],"wp:attachment":[{"href":"https:\/\/diariodepe.com.br\/cri\/wp-json\/wp\/v2\/media?parent=7744"}],"wp:term":[{"taxonomy":"category","embeddable":true,"href":"https:\/\/diariodepe.com.br\/cri\/wp-json\/wp\/v2\/categories?post=7744"},{"taxonomy":"post_tag","embeddable":true,"href":"https:\/\/diariodepe.com.br\/cri\/wp-json\/wp\/v2\/tags?post=7744"}],"curies":[{"name":"wp","href":"https:\/\/api.w.org\/{rel}","templated":true}]}}