{"id":7742,"date":"2025-02-28T23:50:59","date_gmt":"2025-03-01T02:50:59","guid":{"rendered":"https:\/\/diariodepe.com.br\/cri\/?p=7742"},"modified":"2025-02-28T23:50:59","modified_gmt":"2025-03-01T02:50:59","slug":"xi-jinping-preside-reuniao-de-lideranca-do-pcch-para-discutir-projeto-de-relatorio-de-trabalho-do-governo","status":"publish","type":"post","link":"https:\/\/diariodepe.com.br\/cri\/2025\/02\/28\/xi-jinping-preside-reuniao-de-lideranca-do-pcch-para-discutir-projeto-de-relatorio-de-trabalho-do-governo\/","title":{"rendered":"Xi Jinping preside reuni\u00e3o de lideran\u00e7a do PCCh para discutir projeto de relat\u00f3rio de trabalho do governo"},"content":{"rendered":"<p>Xi Jinping, secret\u00e1rio-geral do Comit\u00ea Central do Partido Comunista da China (PCCh), presidiu nesta sexta-feira uma reuni\u00e3o do Bir\u00f4 Pol\u00edtico do Comit\u00ea Central do PCCh para discutir um projeto de relat\u00f3rio de trabalho do governo a ser submetido pelo Conselho de Estado \u00e0 pr\u00f3xima sess\u00e3o legislativa nacional para revis\u00e3o.<\/p>\n<p>Na reuni\u00e3o, foi observado que a economia da China manteve a estabilidade geral e fez progressos constantes no ano passado. O pa\u00eds alcan\u00e7ou um s\u00f3lido avan\u00e7o na busca de um desenvolvimento de alta qualidade e manteve a estabilidade social geral, dando passos firmes no avan\u00e7o da moderniza\u00e7\u00e3o chinesa.<\/p>\n<p>A reuni\u00e3o disse que \u00e9 necess\u00e1rio seguir os arranjos feitos na Confer\u00eancia Central de Trabalho Econ\u00f4mico, aderir ao princ\u00edpio geral de buscar o progresso e manter a estabilidade, bem como implementar de forma completa e precisa a nova filosofia de desenvolvimento em todas as frentes.<\/p>\n<p>Tamb\u00e9m \u00e9 essencial acelerar a constru\u00e7\u00e3o de um novo paradigma de desenvolvimento, promover solidamente o desenvolvimento de alta qualidade, aprofundar ainda mais a reforma de forma abrangente, expandir a abertura de alto padr\u00e3o, estabelecer um sistema industrial moderno e coordenar melhor o desenvolvimento e a seguran\u00e7a, de acordo com a reuni\u00e3o.<\/p>\n<p>Esfor\u00e7os devem ser feitos para implementar pol\u00edticas macroecon\u00f4micas mais proativas e impactantes, expandir a demanda dom\u00e9stica, promover o desenvolvimento integrado da inova\u00e7\u00e3o cient\u00edfica e tecnol\u00f3gica e da inova\u00e7\u00e3o industrial, estabilizar os mercados imobili\u00e1rio e de a\u00e7\u00f5es, prevenir e neutralizar riscos em \u00e1reas-chave e choques externos, estabilizar expectativas e estimular a vitalidade.<\/p>\n<p>A reuni\u00e3o tamb\u00e9m enfatizou a necessidade de promover a recupera\u00e7\u00e3o econ\u00f4mica sustentada, melhorar continuamente os padr\u00f5es de vida das pessoas, manter a harmonia e a estabilidade social, cumprir as metas e tarefas do 14\u00ba Plano Quinquenal com alta qualidade e estabelecer uma base s\u00f3lida para obter um bom in\u00edcio no pr\u00f3ximo per\u00edodo do 15\u00ba Plano Quinquenal (2026-2030).<\/p>\n<p>Em 5 de mar\u00e7o come\u00e7ar\u00e1 a sess\u00e3o anual da Assembleia Popular Nacional, o mais alto \u00f3rg\u00e3o legislativo da China.<\/p>\n","protected":false},"excerpt":{"rendered":"<p>Xi Jinping, secret\u00e1rio-geral do Comit\u00ea Central do Partido Comunista da China (PCCh), presidiu nesta sexta-feira uma reuni\u00e3o do Bir\u00f4 Pol\u00edtico do Comit\u00ea Central do PCCh para discutir um projeto de relat\u00f3rio de trabalho do governo a ser submetido pelo Conselho&#8230;<\/p>\n","protected":false},"author":2,"featured_media":0,"comment_status":"open","ping_status":"open","sticky":false,"template":"","format":"standard","meta":{"footnotes":""},"categories":[3],"tags":[],"class_list":["post-7742","post","type-post","status-publish","format-standard","hentry","category-china"],"yoast_head":"<!-- This site is optimized with the Yoast SEO plugin v27.4 - https:\/\/yoast.com\/product\/yoast-seo-wordpress\/ -->\n<title>Xi Jinping preside reuni\u00e3o de lideran\u00e7a do PCCh para discutir projeto de relat\u00f3rio de trabalho do governo - CRI e Diario de Pernambuco<\/title>\n<meta name=\"robots\" content=\"index, follow, max-snippet:-1, max-image-preview:large, max-video-preview:-1\" \/>\n<link rel=\"canonical\" href=\"https:\/\/diariodepe.com.br\/cri\/2025\/02\/28\/xi-jinping-preside-reuniao-de-lideranca-do-pcch-para-discutir-projeto-de-relatorio-de-trabalho-do-governo\/\" \/>\n<meta property=\"og:locale\" content=\"pt_BR\" \/>\n<meta property=\"og:type\" content=\"article\" \/>\n<meta property=\"og:title\" content=\"Xi Jinping preside reuni\u00e3o de lideran\u00e7a do PCCh para discutir projeto de relat\u00f3rio de trabalho do governo - CRI e Diario de Pernambuco\" \/>\n<meta property=\"og:description\" content=\"Xi Jinping, secret\u00e1rio-geral do Comit\u00ea Central do Partido Comunista da China (PCCh), presidiu nesta sexta-feira uma reuni\u00e3o do Bir\u00f4 Pol\u00edtico do Comit\u00ea Central do PCCh para discutir um projeto de relat\u00f3rio de trabalho do governo a ser submetido pelo Conselho...\" \/>\n<meta property=\"og:url\" content=\"https:\/\/diariodepe.com.br\/cri\/2025\/02\/28\/xi-jinping-preside-reuniao-de-lideranca-do-pcch-para-discutir-projeto-de-relatorio-de-trabalho-do-governo\/\" \/>\n<meta property=\"og:site_name\" content=\"CRI e Diario de Pernambuco\" \/>\n<meta property=\"article:published_time\" content=\"2025-03-01T02:50:59+00:00\" \/>\n<meta name=\"author\" content=\"Ismael Lucas S. Pereira\" \/>\n<meta name=\"twitter:card\" content=\"summary_large_image\" \/>\n<meta name=\"twitter:label1\" content=\"Escrito por\" \/>\n\t<meta name=\"twitter:data1\" content=\"Ismael Lucas S. Pereira\" \/>\n\t<meta name=\"twitter:label2\" content=\"Est. tempo de leitura\" \/>\n\t<meta name=\"twitter:data2\" content=\"2 minutos\" \/>\n<script type=\"application\/ld+json\" class=\"yoast-schema-graph\">{\"@context\":\"https:\\\/\\\/schema.org\",\"@graph\":[{\"@type\":\"Article\",\"@id\":\"https:\\\/\\\/diariodepe.com.br\\\/cri\\\/2025\\\/02\\\/28\\\/xi-jinping-preside-reuniao-de-lideranca-do-pcch-para-discutir-projeto-de-relatorio-de-trabalho-do-governo\\\/#article\",\"isPartOf\":{\"@id\":\"https:\\\/\\\/diariodepe.com.br\\\/cri\\\/2025\\\/02\\\/28\\\/xi-jinping-preside-reuniao-de-lideranca-do-pcch-para-discutir-projeto-de-relatorio-de-trabalho-do-governo\\\/\"},\"author\":{\"name\":\"Ismael Lucas S. Pereira\",\"@id\":\"https:\\\/\\\/diariodepe.com.br\\\/cri\\\/#\\\/schema\\\/person\\\/121bb28d84f1a5b1205ef4ce9c2e0c6b\"},\"headline\":\"Xi Jinping preside reuni\u00e3o de lideran\u00e7a do PCCh para discutir projeto de relat\u00f3rio de trabalho do governo\",\"datePublished\":\"2025-03-01T02:50:59+00:00\",\"mainEntityOfPage\":{\"@id\":\"https:\\\/\\\/diariodepe.com.br\\\/cri\\\/2025\\\/02\\\/28\\\/xi-jinping-preside-reuniao-de-lideranca-do-pcch-para-discutir-projeto-de-relatorio-de-trabalho-do-governo\\\/\"},\"wordCount\":381,\"commentCount\":0,\"publisher\":{\"@id\":\"https:\\\/\\\/diariodepe.com.br\\\/cri\\\/#organization\"},\"articleSection\":[\"China\"],\"inLanguage\":\"pt-BR\",\"potentialAction\":[{\"@type\":\"CommentAction\",\"name\":\"Comment\",\"target\":[\"https:\\\/\\\/diariodepe.com.br\\\/cri\\\/2025\\\/02\\\/28\\\/xi-jinping-preside-reuniao-de-lideranca-do-pcch-para-discutir-projeto-de-relatorio-de-trabalho-do-governo\\\/#respond\"]}]},{\"@type\":\"WebPage\",\"@id\":\"https:\\\/\\\/diariodepe.com.br\\\/cri\\\/2025\\\/02\\\/28\\\/xi-jinping-preside-reuniao-de-lideranca-do-pcch-para-discutir-projeto-de-relatorio-de-trabalho-do-governo\\\/\",\"url\":\"https:\\\/\\\/diariodepe.com.br\\\/cri\\\/2025\\\/02\\\/28\\\/xi-jinping-preside-reuniao-de-lideranca-do-pcch-para-discutir-projeto-de-relatorio-de-trabalho-do-governo\\\/\",\"name\":\"Xi Jinping preside reuni\u00e3o de lideran\u00e7a do PCCh para discutir projeto de relat\u00f3rio de trabalho do governo - CRI e Diario de Pernambuco\",\"isPartOf\":{\"@id\":\"https:\\\/\\\/diariodepe.com.br\\\/cri\\\/#website\"},\"datePublished\":\"2025-03-01T02:50:59+00:00\",\"breadcrumb\":{\"@id\":\"https:\\\/\\\/diariodepe.com.br\\\/cri\\\/2025\\\/02\\\/28\\\/xi-jinping-preside-reuniao-de-lideranca-do-pcch-para-discutir-projeto-de-relatorio-de-trabalho-do-governo\\\/#breadcrumb\"},\"inLanguage\":\"pt-BR\",\"potentialAction\":[{\"@type\":\"ReadAction\",\"target\":[\"https:\\\/\\\/diariodepe.com.br\\\/cri\\\/2025\\\/02\\\/28\\\/xi-jinping-preside-reuniao-de-lideranca-do-pcch-para-discutir-projeto-de-relatorio-de-trabalho-do-governo\\\/\"]}]},{\"@type\":\"BreadcrumbList\",\"@id\":\"https:\\\/\\\/diariodepe.com.br\\\/cri\\\/2025\\\/02\\\/28\\\/xi-jinping-preside-reuniao-de-lideranca-do-pcch-para-discutir-projeto-de-relatorio-de-trabalho-do-governo\\\/#breadcrumb\",\"itemListElement\":[{\"@type\":\"ListItem\",\"position\":1,\"name\":\"In\u00edcio\",\"item\":\"https:\\\/\\\/diariodepe.com.br\\\/cri\\\/\"},{\"@type\":\"ListItem\",\"position\":2,\"name\":\"Xi Jinping preside reuni\u00e3o de lideran\u00e7a do PCCh para discutir projeto de relat\u00f3rio de trabalho do governo\"}]},{\"@type\":\"WebSite\",\"@id\":\"https:\\\/\\\/diariodepe.com.br\\\/cri\\\/#website\",\"url\":\"https:\\\/\\\/diariodepe.com.br\\\/cri\\\/\",\"name\":\"CRI e Diario de Pernambuco\",\"description\":\"R\u00e1dio Internacional da China\",\"publisher\":{\"@id\":\"https:\\\/\\\/diariodepe.com.br\\\/cri\\\/#organization\"},\"potentialAction\":[{\"@type\":\"SearchAction\",\"target\":{\"@type\":\"EntryPoint\",\"urlTemplate\":\"https:\\\/\\\/diariodepe.com.br\\\/cri\\\/?s={search_term_string}\"},\"query-input\":{\"@type\":\"PropertyValueSpecification\",\"valueRequired\":true,\"valueName\":\"search_term_string\"}}],\"inLanguage\":\"pt-BR\"},{\"@type\":\"Organization\",\"@id\":\"https:\\\/\\\/diariodepe.com.br\\\/cri\\\/#organization\",\"name\":\"CRI e Diario de Pernambuco\",\"url\":\"https:\\\/\\\/diariodepe.com.br\\\/cri\\\/\",\"logo\":{\"@type\":\"ImageObject\",\"inLanguage\":\"pt-BR\",\"@id\":\"https:\\\/\\\/diariodepe.com.br\\\/cri\\\/#\\\/schema\\\/logo\\\/image\\\/\",\"url\":\"https:\\\/\\\/diariodepe.com.br\\\/cri\\\/wp-content\\\/uploads\\\/sites\\\/2\\\/2022\\\/12\\\/cropped-Logo.jpg\",\"contentUrl\":\"https:\\\/\\\/diariodepe.com.br\\\/cri\\\/wp-content\\\/uploads\\\/sites\\\/2\\\/2022\\\/12\\\/cropped-Logo.jpg\",\"width\":700,\"height\":59,\"caption\":\"CRI e Diario de Pernambuco\"},\"image\":{\"@id\":\"https:\\\/\\\/diariodepe.com.br\\\/cri\\\/#\\\/schema\\\/logo\\\/image\\\/\"}},{\"@type\":\"Person\",\"@id\":\"https:\\\/\\\/diariodepe.com.br\\\/cri\\\/#\\\/schema\\\/person\\\/121bb28d84f1a5b1205ef4ce9c2e0c6b\",\"name\":\"Ismael Lucas S. Pereira\",\"image\":{\"@type\":\"ImageObject\",\"inLanguage\":\"pt-BR\",\"@id\":\"https:\\\/\\\/secure.gravatar.com\\\/avatar\\\/887a0f3b5a7ceea963a48499fb883ffce6b5037362def025c52c2505b15d63e4?s=96&d=mm&r=g\",\"url\":\"https:\\\/\\\/secure.gravatar.com\\\/avatar\\\/887a0f3b5a7ceea963a48499fb883ffce6b5037362def025c52c2505b15d63e4?s=96&d=mm&r=g\",\"contentUrl\":\"https:\\\/\\\/secure.gravatar.com\\\/avatar\\\/887a0f3b5a7ceea963a48499fb883ffce6b5037362def025c52c2505b15d63e4?s=96&d=mm&r=g\",\"caption\":\"Ismael Lucas S. Pereira\"},\"url\":\"https:\\\/\\\/diariodepe.com.br\\\/cri\\\/author\\\/ismael-lucas\\\/\"}]}<\/script>\n<!-- \/ Yoast SEO plugin. -->","yoast_head_json":{"title":"Xi Jinping preside reuni\u00e3o de lideran\u00e7a do PCCh para discutir projeto de relat\u00f3rio de trabalho do governo - CRI e Diario de Pernambuco","robots":{"index":"index","follow":"follow","max-snippet":"max-snippet:-1","max-image-preview":"max-image-preview:large","max-video-preview":"max-video-preview:-1"},"canonical":"https:\/\/diariodepe.com.br\/cri\/2025\/02\/28\/xi-jinping-preside-reuniao-de-lideranca-do-pcch-para-discutir-projeto-de-relatorio-de-trabalho-do-governo\/","og_locale":"pt_BR","og_type":"article","og_title":"Xi Jinping preside reuni\u00e3o de lideran\u00e7a do PCCh para discutir projeto de relat\u00f3rio de trabalho do governo - CRI e Diario de Pernambuco","og_description":"Xi Jinping, secret\u00e1rio-geral do Comit\u00ea Central do Partido Comunista da China (PCCh), presidiu nesta sexta-feira uma reuni\u00e3o do Bir\u00f4 Pol\u00edtico do Comit\u00ea Central do PCCh para discutir um projeto de relat\u00f3rio de trabalho do governo a ser submetido pelo Conselho...","og_url":"https:\/\/diariodepe.com.br\/cri\/2025\/02\/28\/xi-jinping-preside-reuniao-de-lideranca-do-pcch-para-discutir-projeto-de-relatorio-de-trabalho-do-governo\/","og_site_name":"CRI e Diario de Pernambuco","article_published_time":"2025-03-01T02:50:59+00:00","author":"Ismael Lucas S. Pereira","twitter_card":"summary_large_image","twitter_misc":{"Escrito por":"Ismael Lucas S. Pereira","Est. tempo de leitura":"2 minutos"},"schema":{"@context":"https:\/\/schema.org","@graph":[{"@type":"Article","@id":"https:\/\/diariodepe.com.br\/cri\/2025\/02\/28\/xi-jinping-preside-reuniao-de-lideranca-do-pcch-para-discutir-projeto-de-relatorio-de-trabalho-do-governo\/#article","isPartOf":{"@id":"https:\/\/diariodepe.com.br\/cri\/2025\/02\/28\/xi-jinping-preside-reuniao-de-lideranca-do-pcch-para-discutir-projeto-de-relatorio-de-trabalho-do-governo\/"},"author":{"name":"Ismael Lucas S. Pereira","@id":"https:\/\/diariodepe.com.br\/cri\/#\/schema\/person\/121bb28d84f1a5b1205ef4ce9c2e0c6b"},"headline":"Xi Jinping preside reuni\u00e3o de lideran\u00e7a do PCCh para discutir projeto de relat\u00f3rio de trabalho do governo","datePublished":"2025-03-01T02:50:59+00:00","mainEntityOfPage":{"@id":"https:\/\/diariodepe.com.br\/cri\/2025\/02\/28\/xi-jinping-preside-reuniao-de-lideranca-do-pcch-para-discutir-projeto-de-relatorio-de-trabalho-do-governo\/"},"wordCount":381,"commentCount":0,"publisher":{"@id":"https:\/\/diariodepe.com.br\/cri\/#organization"},"articleSection":["China"],"inLanguage":"pt-BR","potentialAction":[{"@type":"CommentAction","name":"Comment","target":["https:\/\/diariodepe.com.br\/cri\/2025\/02\/28\/xi-jinping-preside-reuniao-de-lideranca-do-pcch-para-discutir-projeto-de-relatorio-de-trabalho-do-governo\/#respond"]}]},{"@type":"WebPage","@id":"https:\/\/diariodepe.com.br\/cri\/2025\/02\/28\/xi-jinping-preside-reuniao-de-lideranca-do-pcch-para-discutir-projeto-de-relatorio-de-trabalho-do-governo\/","url":"https:\/\/diariodepe.com.br\/cri\/2025\/02\/28\/xi-jinping-preside-reuniao-de-lideranca-do-pcch-para-discutir-projeto-de-relatorio-de-trabalho-do-governo\/","name":"Xi Jinping preside reuni\u00e3o de lideran\u00e7a do PCCh para discutir projeto de relat\u00f3rio de trabalho do governo - CRI e Diario de Pernambuco","isPartOf":{"@id":"https:\/\/diariodepe.com.br\/cri\/#website"},"datePublished":"2025-03-01T02:50:59+00:00","breadcrumb":{"@id":"https:\/\/diariodepe.com.br\/cri\/2025\/02\/28\/xi-jinping-preside-reuniao-de-lideranca-do-pcch-para-discutir-projeto-de-relatorio-de-trabalho-do-governo\/#breadcrumb"},"inLanguage":"pt-BR","potentialAction":[{"@type":"ReadAction","target":["https:\/\/diariodepe.com.br\/cri\/2025\/02\/28\/xi-jinping-preside-reuniao-de-lideranca-do-pcch-para-discutir-projeto-de-relatorio-de-trabalho-do-governo\/"]}]},{"@type":"BreadcrumbList","@id":"https:\/\/diariodepe.com.br\/cri\/2025\/02\/28\/xi-jinping-preside-reuniao-de-lideranca-do-pcch-para-discutir-projeto-de-relatorio-de-trabalho-do-governo\/#breadcrumb","itemListElement":[{"@type":"ListItem","position":1,"name":"In\u00edcio","item":"https:\/\/diariodepe.com.br\/cri\/"},{"@type":"ListItem","position":2,"name":"Xi Jinping preside reuni\u00e3o de lideran\u00e7a do PCCh para discutir projeto de relat\u00f3rio de trabalho do governo"}]},{"@type":"WebSite","@id":"https:\/\/diariodepe.com.br\/cri\/#website","url":"https:\/\/diariodepe.com.br\/cri\/","name":"CRI e Diario de Pernambuco","description":"R\u00e1dio Internacional da China","publisher":{"@id":"https:\/\/diariodepe.com.br\/cri\/#organization"},"potentialAction":[{"@type":"SearchAction","target":{"@type":"EntryPoint","urlTemplate":"https:\/\/diariodepe.com.br\/cri\/?s={search_term_string}"},"query-input":{"@type":"PropertyValueSpecification","valueRequired":true,"valueName":"search_term_string"}}],"inLanguage":"pt-BR"},{"@type":"Organization","@id":"https:\/\/diariodepe.com.br\/cri\/#organization","name":"CRI e Diario de Pernambuco","url":"https:\/\/diariodepe.com.br\/cri\/","logo":{"@type":"ImageObject","inLanguage":"pt-BR","@id":"https:\/\/diariodepe.com.br\/cri\/#\/schema\/logo\/image\/","url":"https:\/\/diariodepe.com.br\/cri\/wp-content\/uploads\/sites\/2\/2022\/12\/cropped-Logo.jpg","contentUrl":"https:\/\/diariodepe.com.br\/cri\/wp-content\/uploads\/sites\/2\/2022\/12\/cropped-Logo.jpg","width":700,"height":59,"caption":"CRI e Diario de Pernambuco"},"image":{"@id":"https:\/\/diariodepe.com.br\/cri\/#\/schema\/logo\/image\/"}},{"@type":"Person","@id":"https:\/\/diariodepe.com.br\/cri\/#\/schema\/person\/121bb28d84f1a5b1205ef4ce9c2e0c6b","name":"Ismael Lucas S. Pereira","image":{"@type":"ImageObject","inLanguage":"pt-BR","@id":"https:\/\/secure.gravatar.com\/avatar\/887a0f3b5a7ceea963a48499fb883ffce6b5037362def025c52c2505b15d63e4?s=96&d=mm&r=g","url":"https:\/\/secure.gravatar.com\/avatar\/887a0f3b5a7ceea963a48499fb883ffce6b5037362def025c52c2505b15d63e4?s=96&d=mm&r=g","contentUrl":"https:\/\/secure.gravatar.com\/avatar\/887a0f3b5a7ceea963a48499fb883ffce6b5037362def025c52c2505b15d63e4?s=96&d=mm&r=g","caption":"Ismael Lucas S. Pereira"},"url":"https:\/\/diariodepe.com.br\/cri\/author\/ismael-lucas\/"}]}},"cc_featured_image_caption":{"caption_text":false,"source_text":false,"source_url":false},"amp_enabled":true,"_links":{"self":[{"href":"https:\/\/diariodepe.com.br\/cri\/wp-json\/wp\/v2\/posts\/7742","targetHints":{"allow":["GET"]}}],"collection":[{"href":"https:\/\/diariodepe.com.br\/cri\/wp-json\/wp\/v2\/posts"}],"about":[{"href":"https:\/\/diariodepe.com.br\/cri\/wp-json\/wp\/v2\/types\/post"}],"author":[{"embeddable":true,"href":"https:\/\/diariodepe.com.br\/cri\/wp-json\/wp\/v2\/users\/2"}],"replies":[{"embeddable":true,"href":"https:\/\/diariodepe.com.br\/cri\/wp-json\/wp\/v2\/comments?post=7742"}],"version-history":[{"count":1,"href":"https:\/\/diariodepe.com.br\/cri\/wp-json\/wp\/v2\/posts\/7742\/revisions"}],"predecessor-version":[{"id":7743,"href":"https:\/\/diariodepe.com.br\/cri\/wp-json\/wp\/v2\/posts\/7742\/revisions\/7743"}],"wp:attachment":[{"href":"https:\/\/diariodepe.com.br\/cri\/wp-json\/wp\/v2\/media?parent=7742"}],"wp:term":[{"taxonomy":"category","embeddable":true,"href":"https:\/\/diariodepe.com.br\/cri\/wp-json\/wp\/v2\/categories?post=7742"},{"taxonomy":"post_tag","embeddable":true,"href":"https:\/\/diariodepe.com.br\/cri\/wp-json\/wp\/v2\/tags?post=7742"}],"curies":[{"name":"wp","href":"https:\/\/api.w.org\/{rel}","templated":true}]}}