{"id":7738,"date":"2025-02-27T23:43:20","date_gmt":"2025-02-28T02:43:20","guid":{"rendered":"https:\/\/diariodepe.com.br\/cri\/?p=7738"},"modified":"2025-02-28T23:44:24","modified_gmt":"2025-03-01T02:44:24","slug":"cmg-organiza-competicao-de-habilidades-de-robos","status":"publish","type":"post","link":"https:\/\/diariodepe.com.br\/cri\/2025\/02\/27\/cmg-organiza-competicao-de-habilidades-de-robos\/","title":{"rendered":"CMG organiza competi\u00e7\u00e3o de habilidades de rob\u00f4s"},"content":{"rendered":"<p><img decoding=\"async\" src=\"https:\/\/38picres.cgtn.com\/photoAlbum\/page\/performance\/img\/2025\/2\/27\/1740645063194_380.jpg\" width=\"100%\" height=\"auto\" \/><\/p>\n<p><span lang=\"PT-BR\">A primeira corrida de atletismo de c\u00e3es-rob\u00f4s, primeiro evento da Competi\u00e7\u00e3o Mundial de Habilidades de Rob\u00f4s, organizada pelo Grupo de M\u00eddia da China (CMG, na sigla em ingl\u00eas), foi realizada nesta quinta-feira (27) em Beijing. O vice-chefe do Departamento de Comunica\u00e7\u00e3o do Comit\u00ea Central do Partido Comunista da China e presidente do CMG, Shen Haixiong, juntamente com o pesquisador da Academia Chinesa de Ci\u00eancias, Guo Lei, e o pesquisador da Academia Chinesa de Engenharia, Chen Xuedong, participaram da atividade.<\/span><\/p>\n<p><img decoding=\"async\" src=\"https:\/\/38picres.cgtn.com\/photoAlbum\/page\/performance\/img\/2025\/2\/27\/1740645091207_295.jpg\" width=\"100%\" height=\"auto\" \/><\/p>\n<p><span lang=\"PT-BR\">Em seu discurso, Shen Haixiong afirmou que, como\u00a0<\/span><span lang=\"PT-BR\">o maior e mais abrangente conglomerado de m\u00eddia internacional do mundo, com uma cobertura global extensa, o CMG se dedica a\u00a0<\/span><span lang=\"PT-BR\">registrar, promover e orientar a inova\u00e7\u00e3o tecnol\u00f3gica, aprofundando continuamente a integra\u00e7\u00e3o tecnol\u00f3gica de 5G+4K e 8K+intelig\u00eancia artificial e criando uma s\u00e9rie de momentos not\u00e1veis de inova\u00e7\u00e3o.<\/span><\/p>\n<p><img decoding=\"async\" src=\"https:\/\/38picres.cgtn.com\/photoAlbum\/page\/performance\/img\/2025\/2\/27\/1740645108186_890.jpg\" width=\"100%\" height=\"auto\" \/><\/p>\n<p><img decoding=\"async\" src=\"https:\/\/38picres.cgtn.com\/photoAlbum\/page\/performance\/img\/2025\/2\/27\/1740645117758_420.jpg\" width=\"100%\" height=\"auto\" \/><\/p>\n<p><span lang=\"PT-BR\">Shen Haixiong destacou que a ind\u00fastria de rob\u00f4s j\u00e1 se tornou um importante indicador para avaliar o n\u00edvel da inova\u00e7\u00e3o cient\u00edfica e tecnol\u00f3gica e da manufatura avan\u00e7ada de um pa\u00eds, e que a China \u00e9 atualmente o maior pa\u00eds do mundo em fabrica\u00e7\u00e3o e aplica\u00e7\u00e3o de rob\u00f4s. A Competi\u00e7\u00e3o Mundial de Habilidades de Rob\u00f4s e a corrida de atletismo de c\u00e3es-rob\u00f4s ir\u00e3o mostrar de forma abrangente os resultados da inova\u00e7\u00e3o em rob\u00f3tica, promovendo a integra\u00e7\u00e3o profunda entre o poder da ci\u00eancia e tecnologia e a heran\u00e7a cultural. A disputa ser\u00e1 de intelig\u00eancia e tecnologia, uma fus\u00e3o de inova\u00e7\u00e3o entre tecnologia e cultura, e um di\u00e1logo de interc\u00e2mbio entre tecnologia e civiliza\u00e7\u00e3o.<\/span><\/p>\n","protected":false},"excerpt":{"rendered":"<p>A primeira corrida de atletismo de c\u00e3es-rob\u00f4s, primeiro evento da Competi\u00e7\u00e3o Mundial de Habilidades de Rob\u00f4s, organizada pelo Grupo de M\u00eddia da China (CMG, na sigla em ingl\u00eas), foi realizada nesta quinta-feira (27) em Beijing. O vice-chefe do Departamento de&#8230;<\/p>\n","protected":false},"author":2,"featured_media":0,"comment_status":"open","ping_status":"open","sticky":false,"template":"","format":"standard","meta":{"footnotes":""},"categories":[3],"tags":[],"class_list":["post-7738","post","type-post","status-publish","format-standard","hentry","category-china"],"yoast_head":"<!-- This site is optimized with the Yoast SEO plugin v27.4 - https:\/\/yoast.com\/product\/yoast-seo-wordpress\/ -->\n<title>CMG organiza competi\u00e7\u00e3o de habilidades de rob\u00f4s - CRI e Diario de Pernambuco<\/title>\n<meta name=\"robots\" content=\"index, follow, max-snippet:-1, max-image-preview:large, max-video-preview:-1\" \/>\n<link rel=\"canonical\" href=\"https:\/\/diariodepe.com.br\/cri\/2025\/02\/27\/cmg-organiza-competicao-de-habilidades-de-robos\/\" \/>\n<meta property=\"og:locale\" content=\"pt_BR\" \/>\n<meta property=\"og:type\" content=\"article\" \/>\n<meta property=\"og:title\" content=\"CMG organiza competi\u00e7\u00e3o de habilidades de rob\u00f4s - CRI e Diario de Pernambuco\" \/>\n<meta property=\"og:description\" content=\"A primeira corrida de atletismo de c\u00e3es-rob\u00f4s, primeiro evento da Competi\u00e7\u00e3o Mundial de Habilidades de Rob\u00f4s, organizada pelo Grupo de M\u00eddia da China (CMG, na sigla em ingl\u00eas), foi realizada nesta quinta-feira (27) em Beijing. O vice-chefe do Departamento de...\" \/>\n<meta property=\"og:url\" content=\"https:\/\/diariodepe.com.br\/cri\/2025\/02\/27\/cmg-organiza-competicao-de-habilidades-de-robos\/\" \/>\n<meta property=\"og:site_name\" content=\"CRI e Diario de Pernambuco\" \/>\n<meta property=\"article:published_time\" content=\"2025-02-28T02:43:20+00:00\" \/>\n<meta property=\"article:modified_time\" content=\"2025-03-01T02:44:24+00:00\" \/>\n<meta property=\"og:image\" content=\"https:\/\/38picres.cgtn.com\/photoAlbum\/page\/performance\/img\/2025\/2\/27\/1740645063194_380.jpg\" \/>\n<meta name=\"author\" content=\"Ismael Lucas S. Pereira\" \/>\n<meta name=\"twitter:card\" content=\"summary_large_image\" \/>\n<meta name=\"twitter:label1\" content=\"Escrito por\" \/>\n\t<meta name=\"twitter:data1\" content=\"Ismael Lucas S. Pereira\" \/>\n\t<meta name=\"twitter:label2\" content=\"Est. tempo de leitura\" \/>\n\t<meta name=\"twitter:data2\" content=\"3 minutos\" \/>\n<script type=\"application\/ld+json\" class=\"yoast-schema-graph\">{\"@context\":\"https:\\\/\\\/schema.org\",\"@graph\":[{\"@type\":\"Article\",\"@id\":\"https:\\\/\\\/diariodepe.com.br\\\/cri\\\/2025\\\/02\\\/27\\\/cmg-organiza-competicao-de-habilidades-de-robos\\\/#article\",\"isPartOf\":{\"@id\":\"https:\\\/\\\/diariodepe.com.br\\\/cri\\\/2025\\\/02\\\/27\\\/cmg-organiza-competicao-de-habilidades-de-robos\\\/\"},\"author\":{\"name\":\"Ismael Lucas S. Pereira\",\"@id\":\"https:\\\/\\\/diariodepe.com.br\\\/cri\\\/#\\\/schema\\\/person\\\/121bb28d84f1a5b1205ef4ce9c2e0c6b\"},\"headline\":\"CMG organiza competi\u00e7\u00e3o de habilidades de rob\u00f4s\",\"datePublished\":\"2025-02-28T02:43:20+00:00\",\"dateModified\":\"2025-03-01T02:44:24+00:00\",\"mainEntityOfPage\":{\"@id\":\"https:\\\/\\\/diariodepe.com.br\\\/cri\\\/2025\\\/02\\\/27\\\/cmg-organiza-competicao-de-habilidades-de-robos\\\/\"},\"wordCount\":299,\"commentCount\":0,\"publisher\":{\"@id\":\"https:\\\/\\\/diariodepe.com.br\\\/cri\\\/#organization\"},\"image\":{\"@id\":\"https:\\\/\\\/diariodepe.com.br\\\/cri\\\/2025\\\/02\\\/27\\\/cmg-organiza-competicao-de-habilidades-de-robos\\\/#primaryimage\"},\"thumbnailUrl\":\"https:\\\/\\\/38picres.cgtn.com\\\/photoAlbum\\\/page\\\/performance\\\/img\\\/2025\\\/2\\\/27\\\/1740645063194_380.jpg\",\"articleSection\":[\"China\"],\"inLanguage\":\"pt-BR\",\"potentialAction\":[{\"@type\":\"CommentAction\",\"name\":\"Comment\",\"target\":[\"https:\\\/\\\/diariodepe.com.br\\\/cri\\\/2025\\\/02\\\/27\\\/cmg-organiza-competicao-de-habilidades-de-robos\\\/#respond\"]}]},{\"@type\":\"WebPage\",\"@id\":\"https:\\\/\\\/diariodepe.com.br\\\/cri\\\/2025\\\/02\\\/27\\\/cmg-organiza-competicao-de-habilidades-de-robos\\\/\",\"url\":\"https:\\\/\\\/diariodepe.com.br\\\/cri\\\/2025\\\/02\\\/27\\\/cmg-organiza-competicao-de-habilidades-de-robos\\\/\",\"name\":\"CMG organiza competi\u00e7\u00e3o de habilidades de rob\u00f4s - CRI e Diario de Pernambuco\",\"isPartOf\":{\"@id\":\"https:\\\/\\\/diariodepe.com.br\\\/cri\\\/#website\"},\"primaryImageOfPage\":{\"@id\":\"https:\\\/\\\/diariodepe.com.br\\\/cri\\\/2025\\\/02\\\/27\\\/cmg-organiza-competicao-de-habilidades-de-robos\\\/#primaryimage\"},\"image\":{\"@id\":\"https:\\\/\\\/diariodepe.com.br\\\/cri\\\/2025\\\/02\\\/27\\\/cmg-organiza-competicao-de-habilidades-de-robos\\\/#primaryimage\"},\"thumbnailUrl\":\"https:\\\/\\\/38picres.cgtn.com\\\/photoAlbum\\\/page\\\/performance\\\/img\\\/2025\\\/2\\\/27\\\/1740645063194_380.jpg\",\"datePublished\":\"2025-02-28T02:43:20+00:00\",\"dateModified\":\"2025-03-01T02:44:24+00:00\",\"breadcrumb\":{\"@id\":\"https:\\\/\\\/diariodepe.com.br\\\/cri\\\/2025\\\/02\\\/27\\\/cmg-organiza-competicao-de-habilidades-de-robos\\\/#breadcrumb\"},\"inLanguage\":\"pt-BR\",\"potentialAction\":[{\"@type\":\"ReadAction\",\"target\":[\"https:\\\/\\\/diariodepe.com.br\\\/cri\\\/2025\\\/02\\\/27\\\/cmg-organiza-competicao-de-habilidades-de-robos\\\/\"]}]},{\"@type\":\"ImageObject\",\"inLanguage\":\"pt-BR\",\"@id\":\"https:\\\/\\\/diariodepe.com.br\\\/cri\\\/2025\\\/02\\\/27\\\/cmg-organiza-competicao-de-habilidades-de-robos\\\/#primaryimage\",\"url\":\"https:\\\/\\\/38picres.cgtn.com\\\/photoAlbum\\\/page\\\/performance\\\/img\\\/2025\\\/2\\\/27\\\/1740645063194_380.jpg\",\"contentUrl\":\"https:\\\/\\\/38picres.cgtn.com\\\/photoAlbum\\\/page\\\/performance\\\/img\\\/2025\\\/2\\\/27\\\/1740645063194_380.jpg\"},{\"@type\":\"BreadcrumbList\",\"@id\":\"https:\\\/\\\/diariodepe.com.br\\\/cri\\\/2025\\\/02\\\/27\\\/cmg-organiza-competicao-de-habilidades-de-robos\\\/#breadcrumb\",\"itemListElement\":[{\"@type\":\"ListItem\",\"position\":1,\"name\":\"In\u00edcio\",\"item\":\"https:\\\/\\\/diariodepe.com.br\\\/cri\\\/\"},{\"@type\":\"ListItem\",\"position\":2,\"name\":\"CMG organiza competi\u00e7\u00e3o de habilidades de rob\u00f4s\"}]},{\"@type\":\"WebSite\",\"@id\":\"https:\\\/\\\/diariodepe.com.br\\\/cri\\\/#website\",\"url\":\"https:\\\/\\\/diariodepe.com.br\\\/cri\\\/\",\"name\":\"CRI e Diario de Pernambuco\",\"description\":\"R\u00e1dio Internacional da China\",\"publisher\":{\"@id\":\"https:\\\/\\\/diariodepe.com.br\\\/cri\\\/#organization\"},\"potentialAction\":[{\"@type\":\"SearchAction\",\"target\":{\"@type\":\"EntryPoint\",\"urlTemplate\":\"https:\\\/\\\/diariodepe.com.br\\\/cri\\\/?s={search_term_string}\"},\"query-input\":{\"@type\":\"PropertyValueSpecification\",\"valueRequired\":true,\"valueName\":\"search_term_string\"}}],\"inLanguage\":\"pt-BR\"},{\"@type\":\"Organization\",\"@id\":\"https:\\\/\\\/diariodepe.com.br\\\/cri\\\/#organization\",\"name\":\"CRI e Diario de Pernambuco\",\"url\":\"https:\\\/\\\/diariodepe.com.br\\\/cri\\\/\",\"logo\":{\"@type\":\"ImageObject\",\"inLanguage\":\"pt-BR\",\"@id\":\"https:\\\/\\\/diariodepe.com.br\\\/cri\\\/#\\\/schema\\\/logo\\\/image\\\/\",\"url\":\"https:\\\/\\\/diariodepe.com.br\\\/cri\\\/wp-content\\\/uploads\\\/sites\\\/2\\\/2022\\\/12\\\/cropped-Logo.jpg\",\"contentUrl\":\"https:\\\/\\\/diariodepe.com.br\\\/cri\\\/wp-content\\\/uploads\\\/sites\\\/2\\\/2022\\\/12\\\/cropped-Logo.jpg\",\"width\":700,\"height\":59,\"caption\":\"CRI e Diario de Pernambuco\"},\"image\":{\"@id\":\"https:\\\/\\\/diariodepe.com.br\\\/cri\\\/#\\\/schema\\\/logo\\\/image\\\/\"}},{\"@type\":\"Person\",\"@id\":\"https:\\\/\\\/diariodepe.com.br\\\/cri\\\/#\\\/schema\\\/person\\\/121bb28d84f1a5b1205ef4ce9c2e0c6b\",\"name\":\"Ismael Lucas S. Pereira\",\"image\":{\"@type\":\"ImageObject\",\"inLanguage\":\"pt-BR\",\"@id\":\"https:\\\/\\\/secure.gravatar.com\\\/avatar\\\/887a0f3b5a7ceea963a48499fb883ffce6b5037362def025c52c2505b15d63e4?s=96&d=mm&r=g\",\"url\":\"https:\\\/\\\/secure.gravatar.com\\\/avatar\\\/887a0f3b5a7ceea963a48499fb883ffce6b5037362def025c52c2505b15d63e4?s=96&d=mm&r=g\",\"contentUrl\":\"https:\\\/\\\/secure.gravatar.com\\\/avatar\\\/887a0f3b5a7ceea963a48499fb883ffce6b5037362def025c52c2505b15d63e4?s=96&d=mm&r=g\",\"caption\":\"Ismael Lucas S. Pereira\"},\"url\":\"https:\\\/\\\/diariodepe.com.br\\\/cri\\\/author\\\/ismael-lucas\\\/\"}]}<\/script>\n<!-- \/ Yoast SEO plugin. -->","yoast_head_json":{"title":"CMG organiza competi\u00e7\u00e3o de habilidades de rob\u00f4s - CRI e Diario de Pernambuco","robots":{"index":"index","follow":"follow","max-snippet":"max-snippet:-1","max-image-preview":"max-image-preview:large","max-video-preview":"max-video-preview:-1"},"canonical":"https:\/\/diariodepe.com.br\/cri\/2025\/02\/27\/cmg-organiza-competicao-de-habilidades-de-robos\/","og_locale":"pt_BR","og_type":"article","og_title":"CMG organiza competi\u00e7\u00e3o de habilidades de rob\u00f4s - CRI e Diario de Pernambuco","og_description":"A primeira corrida de atletismo de c\u00e3es-rob\u00f4s, primeiro evento da Competi\u00e7\u00e3o Mundial de Habilidades de Rob\u00f4s, organizada pelo Grupo de M\u00eddia da China (CMG, na sigla em ingl\u00eas), foi realizada nesta quinta-feira (27) em Beijing. O vice-chefe do Departamento de...","og_url":"https:\/\/diariodepe.com.br\/cri\/2025\/02\/27\/cmg-organiza-competicao-de-habilidades-de-robos\/","og_site_name":"CRI e Diario de Pernambuco","article_published_time":"2025-02-28T02:43:20+00:00","article_modified_time":"2025-03-01T02:44:24+00:00","og_image":[{"url":"https:\/\/38picres.cgtn.com\/photoAlbum\/page\/performance\/img\/2025\/2\/27\/1740645063194_380.jpg","type":"","width":"","height":""}],"author":"Ismael Lucas S. Pereira","twitter_card":"summary_large_image","twitter_misc":{"Escrito por":"Ismael Lucas S. Pereira","Est. tempo de leitura":"3 minutos"},"schema":{"@context":"https:\/\/schema.org","@graph":[{"@type":"Article","@id":"https:\/\/diariodepe.com.br\/cri\/2025\/02\/27\/cmg-organiza-competicao-de-habilidades-de-robos\/#article","isPartOf":{"@id":"https:\/\/diariodepe.com.br\/cri\/2025\/02\/27\/cmg-organiza-competicao-de-habilidades-de-robos\/"},"author":{"name":"Ismael Lucas S. Pereira","@id":"https:\/\/diariodepe.com.br\/cri\/#\/schema\/person\/121bb28d84f1a5b1205ef4ce9c2e0c6b"},"headline":"CMG organiza competi\u00e7\u00e3o de habilidades de rob\u00f4s","datePublished":"2025-02-28T02:43:20+00:00","dateModified":"2025-03-01T02:44:24+00:00","mainEntityOfPage":{"@id":"https:\/\/diariodepe.com.br\/cri\/2025\/02\/27\/cmg-organiza-competicao-de-habilidades-de-robos\/"},"wordCount":299,"commentCount":0,"publisher":{"@id":"https:\/\/diariodepe.com.br\/cri\/#organization"},"image":{"@id":"https:\/\/diariodepe.com.br\/cri\/2025\/02\/27\/cmg-organiza-competicao-de-habilidades-de-robos\/#primaryimage"},"thumbnailUrl":"https:\/\/38picres.cgtn.com\/photoAlbum\/page\/performance\/img\/2025\/2\/27\/1740645063194_380.jpg","articleSection":["China"],"inLanguage":"pt-BR","potentialAction":[{"@type":"CommentAction","name":"Comment","target":["https:\/\/diariodepe.com.br\/cri\/2025\/02\/27\/cmg-organiza-competicao-de-habilidades-de-robos\/#respond"]}]},{"@type":"WebPage","@id":"https:\/\/diariodepe.com.br\/cri\/2025\/02\/27\/cmg-organiza-competicao-de-habilidades-de-robos\/","url":"https:\/\/diariodepe.com.br\/cri\/2025\/02\/27\/cmg-organiza-competicao-de-habilidades-de-robos\/","name":"CMG organiza competi\u00e7\u00e3o de habilidades de rob\u00f4s - CRI e Diario de Pernambuco","isPartOf":{"@id":"https:\/\/diariodepe.com.br\/cri\/#website"},"primaryImageOfPage":{"@id":"https:\/\/diariodepe.com.br\/cri\/2025\/02\/27\/cmg-organiza-competicao-de-habilidades-de-robos\/#primaryimage"},"image":{"@id":"https:\/\/diariodepe.com.br\/cri\/2025\/02\/27\/cmg-organiza-competicao-de-habilidades-de-robos\/#primaryimage"},"thumbnailUrl":"https:\/\/38picres.cgtn.com\/photoAlbum\/page\/performance\/img\/2025\/2\/27\/1740645063194_380.jpg","datePublished":"2025-02-28T02:43:20+00:00","dateModified":"2025-03-01T02:44:24+00:00","breadcrumb":{"@id":"https:\/\/diariodepe.com.br\/cri\/2025\/02\/27\/cmg-organiza-competicao-de-habilidades-de-robos\/#breadcrumb"},"inLanguage":"pt-BR","potentialAction":[{"@type":"ReadAction","target":["https:\/\/diariodepe.com.br\/cri\/2025\/02\/27\/cmg-organiza-competicao-de-habilidades-de-robos\/"]}]},{"@type":"ImageObject","inLanguage":"pt-BR","@id":"https:\/\/diariodepe.com.br\/cri\/2025\/02\/27\/cmg-organiza-competicao-de-habilidades-de-robos\/#primaryimage","url":"https:\/\/38picres.cgtn.com\/photoAlbum\/page\/performance\/img\/2025\/2\/27\/1740645063194_380.jpg","contentUrl":"https:\/\/38picres.cgtn.com\/photoAlbum\/page\/performance\/img\/2025\/2\/27\/1740645063194_380.jpg"},{"@type":"BreadcrumbList","@id":"https:\/\/diariodepe.com.br\/cri\/2025\/02\/27\/cmg-organiza-competicao-de-habilidades-de-robos\/#breadcrumb","itemListElement":[{"@type":"ListItem","position":1,"name":"In\u00edcio","item":"https:\/\/diariodepe.com.br\/cri\/"},{"@type":"ListItem","position":2,"name":"CMG organiza competi\u00e7\u00e3o de habilidades de rob\u00f4s"}]},{"@type":"WebSite","@id":"https:\/\/diariodepe.com.br\/cri\/#website","url":"https:\/\/diariodepe.com.br\/cri\/","name":"CRI e Diario de Pernambuco","description":"R\u00e1dio Internacional da China","publisher":{"@id":"https:\/\/diariodepe.com.br\/cri\/#organization"},"potentialAction":[{"@type":"SearchAction","target":{"@type":"EntryPoint","urlTemplate":"https:\/\/diariodepe.com.br\/cri\/?s={search_term_string}"},"query-input":{"@type":"PropertyValueSpecification","valueRequired":true,"valueName":"search_term_string"}}],"inLanguage":"pt-BR"},{"@type":"Organization","@id":"https:\/\/diariodepe.com.br\/cri\/#organization","name":"CRI e Diario de Pernambuco","url":"https:\/\/diariodepe.com.br\/cri\/","logo":{"@type":"ImageObject","inLanguage":"pt-BR","@id":"https:\/\/diariodepe.com.br\/cri\/#\/schema\/logo\/image\/","url":"https:\/\/diariodepe.com.br\/cri\/wp-content\/uploads\/sites\/2\/2022\/12\/cropped-Logo.jpg","contentUrl":"https:\/\/diariodepe.com.br\/cri\/wp-content\/uploads\/sites\/2\/2022\/12\/cropped-Logo.jpg","width":700,"height":59,"caption":"CRI e Diario de Pernambuco"},"image":{"@id":"https:\/\/diariodepe.com.br\/cri\/#\/schema\/logo\/image\/"}},{"@type":"Person","@id":"https:\/\/diariodepe.com.br\/cri\/#\/schema\/person\/121bb28d84f1a5b1205ef4ce9c2e0c6b","name":"Ismael Lucas S. Pereira","image":{"@type":"ImageObject","inLanguage":"pt-BR","@id":"https:\/\/secure.gravatar.com\/avatar\/887a0f3b5a7ceea963a48499fb883ffce6b5037362def025c52c2505b15d63e4?s=96&d=mm&r=g","url":"https:\/\/secure.gravatar.com\/avatar\/887a0f3b5a7ceea963a48499fb883ffce6b5037362def025c52c2505b15d63e4?s=96&d=mm&r=g","contentUrl":"https:\/\/secure.gravatar.com\/avatar\/887a0f3b5a7ceea963a48499fb883ffce6b5037362def025c52c2505b15d63e4?s=96&d=mm&r=g","caption":"Ismael Lucas S. Pereira"},"url":"https:\/\/diariodepe.com.br\/cri\/author\/ismael-lucas\/"}]}},"cc_featured_image_caption":{"caption_text":false,"source_text":false,"source_url":false},"amp_enabled":true,"_links":{"self":[{"href":"https:\/\/diariodepe.com.br\/cri\/wp-json\/wp\/v2\/posts\/7738","targetHints":{"allow":["GET"]}}],"collection":[{"href":"https:\/\/diariodepe.com.br\/cri\/wp-json\/wp\/v2\/posts"}],"about":[{"href":"https:\/\/diariodepe.com.br\/cri\/wp-json\/wp\/v2\/types\/post"}],"author":[{"embeddable":true,"href":"https:\/\/diariodepe.com.br\/cri\/wp-json\/wp\/v2\/users\/2"}],"replies":[{"embeddable":true,"href":"https:\/\/diariodepe.com.br\/cri\/wp-json\/wp\/v2\/comments?post=7738"}],"version-history":[{"count":1,"href":"https:\/\/diariodepe.com.br\/cri\/wp-json\/wp\/v2\/posts\/7738\/revisions"}],"predecessor-version":[{"id":7739,"href":"https:\/\/diariodepe.com.br\/cri\/wp-json\/wp\/v2\/posts\/7738\/revisions\/7739"}],"wp:attachment":[{"href":"https:\/\/diariodepe.com.br\/cri\/wp-json\/wp\/v2\/media?parent=7738"}],"wp:term":[{"taxonomy":"category","embeddable":true,"href":"https:\/\/diariodepe.com.br\/cri\/wp-json\/wp\/v2\/categories?post=7738"},{"taxonomy":"post_tag","embeddable":true,"href":"https:\/\/diariodepe.com.br\/cri\/wp-json\/wp\/v2\/tags?post=7738"}],"curies":[{"name":"wp","href":"https:\/\/api.w.org\/{rel}","templated":true}]}}