{"id":7712,"date":"2025-02-19T03:53:54","date_gmt":"2025-02-19T06:53:54","guid":{"rendered":"https:\/\/diariodepe.com.br\/cri\/?p=7712"},"modified":"2025-02-19T03:53:54","modified_gmt":"2025-02-19T06:53:54","slug":"lideres-europeus-reagem-a-exclusao-de-negociacoes-eua-russia-sobre-ucrani","status":"publish","type":"post","link":"https:\/\/diariodepe.com.br\/cri\/2025\/02\/19\/lideres-europeus-reagem-a-exclusao-de-negociacoes-eua-russia-sobre-ucrani\/","title":{"rendered":"L\u00edderes europeus reagem \u00e0 exclus\u00e3o de negocia\u00e7\u00f5es EUA-R\u00fassia sobre Ucr\u00e2ni"},"content":{"rendered":"<p><span lang=\"PT\">F<\/span><span lang=\"PT\">uncion\u00e1rios de alto n\u00edvel dos Estados Unidos e da R\u00fassia se reunir\u00e3o para preparar o encontro entre os presidentes Donald Trump e Vladimir Putin sobre a quest\u00e3o da Ucr\u00e2nia. O encontro deve ser realizado no fim de fevereiro. A Europa foi exclu\u00edda dessas negocia\u00e7\u00f5es para p\u00f4r fim ao conflito R\u00fassia-Ucr\u00e2nia, gerando cr\u00edticas de autoridades europeias.\u00a0<\/span><span lang=\"PT\">\u00a0<\/span><\/p>\n<p><span lang=\"PT\">O presidente finland\u00eas,\u00a0<\/span><span lang=\"PT\">Alexander Stubb,<\/span><span lang=\"PT\">\u00a0disse que \u00e9 imposs\u00edvel realizar discuss\u00f5es ou negocia\u00e7\u00f5es sobre a quest\u00e3o ucraniana, seu futuro ou a estrutura de seguran\u00e7a da regi\u00e3o sem os europeus.<\/span><\/p>\n<p><span lang=\"PT\">O primeiro-ministro brit\u00e2nico, Keir Starmer, emitiu declara\u00e7\u00e3o dizendo que a Europa &#8220;deve desempenhar um papel maior na Organiza\u00e7\u00e3o do Tratado do Atl\u00e2ntico Norte (OTAN) e trabalhar com os Estados Unidos para &#8220;garantir o futuro da Ucr\u00e2nia&#8221;.<\/span><span lang=\"PT\">\u00a0<\/span><\/p>\n<p><span lang=\"PT\">O Secret\u00e1rio-Geral da OTAN, Mark Rutte, pediu aos europeus que se unissem e apresentassem propostas concretas sobre o fim do conflito, para obter o direito de voz.<\/span><span lang=\"PT\">\u00a0<\/span><\/p>\n<p><span lang=\"PT\">O presidente franc\u00eas, Emmanuel Macron, apelou aos l\u00edderes do continente para realizarem uma c\u00fapula de emerg\u00eancia nesta segunda-feira (17), em Paris, para discutir a quest\u00e3o da Ucr\u00e2nia.<\/span><span lang=\"PT\">\u00a0<\/span><\/p>\n<p><span lang=\"PT\">J\u00e1 o presidente ucraniano, Volodymyr Zelensky, confirmou nesse s\u00e1bado (15) que o pa\u00eds n\u00e3o foi convidado para participar das negocia\u00e7\u00f5es entre EUA e R\u00fassia.<\/span><span lang=\"PT\">\u00a0<\/span><\/p>\n","protected":false},"excerpt":{"rendered":"<p>Funcion\u00e1rios de alto n\u00edvel dos Estados Unidos e da R\u00fassia se reunir\u00e3o para preparar o encontro entre os presidentes Donald Trump e Vladimir Putin sobre a quest\u00e3o da Ucr\u00e2nia. O encontro deve ser realizado no fim de fevereiro. A Europa&#8230;<\/p>\n","protected":false},"author":2,"featured_media":0,"comment_status":"open","ping_status":"open","sticky":false,"template":"","format":"standard","meta":{"footnotes":""},"categories":[3],"tags":[],"class_list":["post-7712","post","type-post","status-publish","format-standard","hentry","category-china"],"yoast_head":"<!-- This site is optimized with the Yoast SEO plugin v27.4 - https:\/\/yoast.com\/product\/yoast-seo-wordpress\/ -->\n<title>L\u00edderes europeus reagem \u00e0 exclus\u00e3o de negocia\u00e7\u00f5es EUA-R\u00fassia sobre Ucr\u00e2ni - CRI e Diario de Pernambuco<\/title>\n<meta name=\"robots\" content=\"index, follow, max-snippet:-1, max-image-preview:large, max-video-preview:-1\" \/>\n<link rel=\"canonical\" href=\"https:\/\/diariodepe.com.br\/cri\/2025\/02\/19\/lideres-europeus-reagem-a-exclusao-de-negociacoes-eua-russia-sobre-ucrani\/\" \/>\n<meta property=\"og:locale\" content=\"pt_BR\" \/>\n<meta property=\"og:type\" content=\"article\" \/>\n<meta property=\"og:title\" content=\"L\u00edderes europeus reagem \u00e0 exclus\u00e3o de negocia\u00e7\u00f5es EUA-R\u00fassia sobre Ucr\u00e2ni - CRI e Diario de Pernambuco\" \/>\n<meta property=\"og:description\" content=\"Funcion\u00e1rios de alto n\u00edvel dos Estados Unidos e da R\u00fassia se reunir\u00e3o para preparar o encontro entre os presidentes Donald Trump e Vladimir Putin sobre a quest\u00e3o da Ucr\u00e2nia. O encontro deve ser realizado no fim de fevereiro. A Europa...\" \/>\n<meta property=\"og:url\" content=\"https:\/\/diariodepe.com.br\/cri\/2025\/02\/19\/lideres-europeus-reagem-a-exclusao-de-negociacoes-eua-russia-sobre-ucrani\/\" \/>\n<meta property=\"og:site_name\" content=\"CRI e Diario de Pernambuco\" \/>\n<meta property=\"article:published_time\" content=\"2025-02-19T06:53:54+00:00\" \/>\n<meta name=\"author\" content=\"Ismael Lucas S. Pereira\" \/>\n<meta name=\"twitter:card\" content=\"summary_large_image\" \/>\n<meta name=\"twitter:label1\" content=\"Escrito por\" \/>\n\t<meta name=\"twitter:data1\" content=\"Ismael Lucas S. Pereira\" \/>\n<script type=\"application\/ld+json\" class=\"yoast-schema-graph\">{\"@context\":\"https:\\\/\\\/schema.org\",\"@graph\":[{\"@type\":\"Article\",\"@id\":\"https:\\\/\\\/diariodepe.com.br\\\/cri\\\/2025\\\/02\\\/19\\\/lideres-europeus-reagem-a-exclusao-de-negociacoes-eua-russia-sobre-ucrani\\\/#article\",\"isPartOf\":{\"@id\":\"https:\\\/\\\/diariodepe.com.br\\\/cri\\\/2025\\\/02\\\/19\\\/lideres-europeus-reagem-a-exclusao-de-negociacoes-eua-russia-sobre-ucrani\\\/\"},\"author\":{\"name\":\"Ismael Lucas S. Pereira\",\"@id\":\"https:\\\/\\\/diariodepe.com.br\\\/cri\\\/#\\\/schema\\\/person\\\/121bb28d84f1a5b1205ef4ce9c2e0c6b\"},\"headline\":\"L\u00edderes europeus reagem \u00e0 exclus\u00e3o de negocia\u00e7\u00f5es EUA-R\u00fassia sobre Ucr\u00e2ni\",\"datePublished\":\"2025-02-19T06:53:54+00:00\",\"mainEntityOfPage\":{\"@id\":\"https:\\\/\\\/diariodepe.com.br\\\/cri\\\/2025\\\/02\\\/19\\\/lideres-europeus-reagem-a-exclusao-de-negociacoes-eua-russia-sobre-ucrani\\\/\"},\"wordCount\":246,\"commentCount\":0,\"publisher\":{\"@id\":\"https:\\\/\\\/diariodepe.com.br\\\/cri\\\/#organization\"},\"articleSection\":[\"China\"],\"inLanguage\":\"pt-BR\",\"potentialAction\":[{\"@type\":\"CommentAction\",\"name\":\"Comment\",\"target\":[\"https:\\\/\\\/diariodepe.com.br\\\/cri\\\/2025\\\/02\\\/19\\\/lideres-europeus-reagem-a-exclusao-de-negociacoes-eua-russia-sobre-ucrani\\\/#respond\"]}]},{\"@type\":\"WebPage\",\"@id\":\"https:\\\/\\\/diariodepe.com.br\\\/cri\\\/2025\\\/02\\\/19\\\/lideres-europeus-reagem-a-exclusao-de-negociacoes-eua-russia-sobre-ucrani\\\/\",\"url\":\"https:\\\/\\\/diariodepe.com.br\\\/cri\\\/2025\\\/02\\\/19\\\/lideres-europeus-reagem-a-exclusao-de-negociacoes-eua-russia-sobre-ucrani\\\/\",\"name\":\"L\u00edderes europeus reagem \u00e0 exclus\u00e3o de negocia\u00e7\u00f5es EUA-R\u00fassia sobre Ucr\u00e2ni - CRI e Diario de Pernambuco\",\"isPartOf\":{\"@id\":\"https:\\\/\\\/diariodepe.com.br\\\/cri\\\/#website\"},\"datePublished\":\"2025-02-19T06:53:54+00:00\",\"breadcrumb\":{\"@id\":\"https:\\\/\\\/diariodepe.com.br\\\/cri\\\/2025\\\/02\\\/19\\\/lideres-europeus-reagem-a-exclusao-de-negociacoes-eua-russia-sobre-ucrani\\\/#breadcrumb\"},\"inLanguage\":\"pt-BR\",\"potentialAction\":[{\"@type\":\"ReadAction\",\"target\":[\"https:\\\/\\\/diariodepe.com.br\\\/cri\\\/2025\\\/02\\\/19\\\/lideres-europeus-reagem-a-exclusao-de-negociacoes-eua-russia-sobre-ucrani\\\/\"]}]},{\"@type\":\"BreadcrumbList\",\"@id\":\"https:\\\/\\\/diariodepe.com.br\\\/cri\\\/2025\\\/02\\\/19\\\/lideres-europeus-reagem-a-exclusao-de-negociacoes-eua-russia-sobre-ucrani\\\/#breadcrumb\",\"itemListElement\":[{\"@type\":\"ListItem\",\"position\":1,\"name\":\"In\u00edcio\",\"item\":\"https:\\\/\\\/diariodepe.com.br\\\/cri\\\/\"},{\"@type\":\"ListItem\",\"position\":2,\"name\":\"L\u00edderes europeus reagem \u00e0 exclus\u00e3o de negocia\u00e7\u00f5es EUA-R\u00fassia sobre Ucr\u00e2ni\"}]},{\"@type\":\"WebSite\",\"@id\":\"https:\\\/\\\/diariodepe.com.br\\\/cri\\\/#website\",\"url\":\"https:\\\/\\\/diariodepe.com.br\\\/cri\\\/\",\"name\":\"CRI e Diario de Pernambuco\",\"description\":\"R\u00e1dio Internacional da China\",\"publisher\":{\"@id\":\"https:\\\/\\\/diariodepe.com.br\\\/cri\\\/#organization\"},\"potentialAction\":[{\"@type\":\"SearchAction\",\"target\":{\"@type\":\"EntryPoint\",\"urlTemplate\":\"https:\\\/\\\/diariodepe.com.br\\\/cri\\\/?s={search_term_string}\"},\"query-input\":{\"@type\":\"PropertyValueSpecification\",\"valueRequired\":true,\"valueName\":\"search_term_string\"}}],\"inLanguage\":\"pt-BR\"},{\"@type\":\"Organization\",\"@id\":\"https:\\\/\\\/diariodepe.com.br\\\/cri\\\/#organization\",\"name\":\"CRI e Diario de Pernambuco\",\"url\":\"https:\\\/\\\/diariodepe.com.br\\\/cri\\\/\",\"logo\":{\"@type\":\"ImageObject\",\"inLanguage\":\"pt-BR\",\"@id\":\"https:\\\/\\\/diariodepe.com.br\\\/cri\\\/#\\\/schema\\\/logo\\\/image\\\/\",\"url\":\"https:\\\/\\\/diariodepe.com.br\\\/cri\\\/wp-content\\\/uploads\\\/sites\\\/2\\\/2022\\\/12\\\/cropped-Logo.jpg\",\"contentUrl\":\"https:\\\/\\\/diariodepe.com.br\\\/cri\\\/wp-content\\\/uploads\\\/sites\\\/2\\\/2022\\\/12\\\/cropped-Logo.jpg\",\"width\":700,\"height\":59,\"caption\":\"CRI e Diario de Pernambuco\"},\"image\":{\"@id\":\"https:\\\/\\\/diariodepe.com.br\\\/cri\\\/#\\\/schema\\\/logo\\\/image\\\/\"}},{\"@type\":\"Person\",\"@id\":\"https:\\\/\\\/diariodepe.com.br\\\/cri\\\/#\\\/schema\\\/person\\\/121bb28d84f1a5b1205ef4ce9c2e0c6b\",\"name\":\"Ismael Lucas S. Pereira\",\"image\":{\"@type\":\"ImageObject\",\"inLanguage\":\"pt-BR\",\"@id\":\"https:\\\/\\\/secure.gravatar.com\\\/avatar\\\/887a0f3b5a7ceea963a48499fb883ffce6b5037362def025c52c2505b15d63e4?s=96&d=mm&r=g\",\"url\":\"https:\\\/\\\/secure.gravatar.com\\\/avatar\\\/887a0f3b5a7ceea963a48499fb883ffce6b5037362def025c52c2505b15d63e4?s=96&d=mm&r=g\",\"contentUrl\":\"https:\\\/\\\/secure.gravatar.com\\\/avatar\\\/887a0f3b5a7ceea963a48499fb883ffce6b5037362def025c52c2505b15d63e4?s=96&d=mm&r=g\",\"caption\":\"Ismael Lucas S. Pereira\"},\"url\":\"https:\\\/\\\/diariodepe.com.br\\\/cri\\\/author\\\/ismael-lucas\\\/\"}]}<\/script>\n<!-- \/ Yoast SEO plugin. -->","yoast_head_json":{"title":"L\u00edderes europeus reagem \u00e0 exclus\u00e3o de negocia\u00e7\u00f5es EUA-R\u00fassia sobre Ucr\u00e2ni - CRI e Diario de Pernambuco","robots":{"index":"index","follow":"follow","max-snippet":"max-snippet:-1","max-image-preview":"max-image-preview:large","max-video-preview":"max-video-preview:-1"},"canonical":"https:\/\/diariodepe.com.br\/cri\/2025\/02\/19\/lideres-europeus-reagem-a-exclusao-de-negociacoes-eua-russia-sobre-ucrani\/","og_locale":"pt_BR","og_type":"article","og_title":"L\u00edderes europeus reagem \u00e0 exclus\u00e3o de negocia\u00e7\u00f5es EUA-R\u00fassia sobre Ucr\u00e2ni - CRI e Diario de Pernambuco","og_description":"Funcion\u00e1rios de alto n\u00edvel dos Estados Unidos e da R\u00fassia se reunir\u00e3o para preparar o encontro entre os presidentes Donald Trump e Vladimir Putin sobre a quest\u00e3o da Ucr\u00e2nia. O encontro deve ser realizado no fim de fevereiro. A Europa...","og_url":"https:\/\/diariodepe.com.br\/cri\/2025\/02\/19\/lideres-europeus-reagem-a-exclusao-de-negociacoes-eua-russia-sobre-ucrani\/","og_site_name":"CRI e Diario de Pernambuco","article_published_time":"2025-02-19T06:53:54+00:00","author":"Ismael Lucas S. Pereira","twitter_card":"summary_large_image","twitter_misc":{"Escrito por":"Ismael Lucas S. Pereira"},"schema":{"@context":"https:\/\/schema.org","@graph":[{"@type":"Article","@id":"https:\/\/diariodepe.com.br\/cri\/2025\/02\/19\/lideres-europeus-reagem-a-exclusao-de-negociacoes-eua-russia-sobre-ucrani\/#article","isPartOf":{"@id":"https:\/\/diariodepe.com.br\/cri\/2025\/02\/19\/lideres-europeus-reagem-a-exclusao-de-negociacoes-eua-russia-sobre-ucrani\/"},"author":{"name":"Ismael Lucas S. Pereira","@id":"https:\/\/diariodepe.com.br\/cri\/#\/schema\/person\/121bb28d84f1a5b1205ef4ce9c2e0c6b"},"headline":"L\u00edderes europeus reagem \u00e0 exclus\u00e3o de negocia\u00e7\u00f5es EUA-R\u00fassia sobre Ucr\u00e2ni","datePublished":"2025-02-19T06:53:54+00:00","mainEntityOfPage":{"@id":"https:\/\/diariodepe.com.br\/cri\/2025\/02\/19\/lideres-europeus-reagem-a-exclusao-de-negociacoes-eua-russia-sobre-ucrani\/"},"wordCount":246,"commentCount":0,"publisher":{"@id":"https:\/\/diariodepe.com.br\/cri\/#organization"},"articleSection":["China"],"inLanguage":"pt-BR","potentialAction":[{"@type":"CommentAction","name":"Comment","target":["https:\/\/diariodepe.com.br\/cri\/2025\/02\/19\/lideres-europeus-reagem-a-exclusao-de-negociacoes-eua-russia-sobre-ucrani\/#respond"]}]},{"@type":"WebPage","@id":"https:\/\/diariodepe.com.br\/cri\/2025\/02\/19\/lideres-europeus-reagem-a-exclusao-de-negociacoes-eua-russia-sobre-ucrani\/","url":"https:\/\/diariodepe.com.br\/cri\/2025\/02\/19\/lideres-europeus-reagem-a-exclusao-de-negociacoes-eua-russia-sobre-ucrani\/","name":"L\u00edderes europeus reagem \u00e0 exclus\u00e3o de negocia\u00e7\u00f5es EUA-R\u00fassia sobre Ucr\u00e2ni - CRI e Diario de Pernambuco","isPartOf":{"@id":"https:\/\/diariodepe.com.br\/cri\/#website"},"datePublished":"2025-02-19T06:53:54+00:00","breadcrumb":{"@id":"https:\/\/diariodepe.com.br\/cri\/2025\/02\/19\/lideres-europeus-reagem-a-exclusao-de-negociacoes-eua-russia-sobre-ucrani\/#breadcrumb"},"inLanguage":"pt-BR","potentialAction":[{"@type":"ReadAction","target":["https:\/\/diariodepe.com.br\/cri\/2025\/02\/19\/lideres-europeus-reagem-a-exclusao-de-negociacoes-eua-russia-sobre-ucrani\/"]}]},{"@type":"BreadcrumbList","@id":"https:\/\/diariodepe.com.br\/cri\/2025\/02\/19\/lideres-europeus-reagem-a-exclusao-de-negociacoes-eua-russia-sobre-ucrani\/#breadcrumb","itemListElement":[{"@type":"ListItem","position":1,"name":"In\u00edcio","item":"https:\/\/diariodepe.com.br\/cri\/"},{"@type":"ListItem","position":2,"name":"L\u00edderes europeus reagem \u00e0 exclus\u00e3o de negocia\u00e7\u00f5es EUA-R\u00fassia sobre Ucr\u00e2ni"}]},{"@type":"WebSite","@id":"https:\/\/diariodepe.com.br\/cri\/#website","url":"https:\/\/diariodepe.com.br\/cri\/","name":"CRI e Diario de Pernambuco","description":"R\u00e1dio Internacional da China","publisher":{"@id":"https:\/\/diariodepe.com.br\/cri\/#organization"},"potentialAction":[{"@type":"SearchAction","target":{"@type":"EntryPoint","urlTemplate":"https:\/\/diariodepe.com.br\/cri\/?s={search_term_string}"},"query-input":{"@type":"PropertyValueSpecification","valueRequired":true,"valueName":"search_term_string"}}],"inLanguage":"pt-BR"},{"@type":"Organization","@id":"https:\/\/diariodepe.com.br\/cri\/#organization","name":"CRI e Diario de Pernambuco","url":"https:\/\/diariodepe.com.br\/cri\/","logo":{"@type":"ImageObject","inLanguage":"pt-BR","@id":"https:\/\/diariodepe.com.br\/cri\/#\/schema\/logo\/image\/","url":"https:\/\/diariodepe.com.br\/cri\/wp-content\/uploads\/sites\/2\/2022\/12\/cropped-Logo.jpg","contentUrl":"https:\/\/diariodepe.com.br\/cri\/wp-content\/uploads\/sites\/2\/2022\/12\/cropped-Logo.jpg","width":700,"height":59,"caption":"CRI e Diario de Pernambuco"},"image":{"@id":"https:\/\/diariodepe.com.br\/cri\/#\/schema\/logo\/image\/"}},{"@type":"Person","@id":"https:\/\/diariodepe.com.br\/cri\/#\/schema\/person\/121bb28d84f1a5b1205ef4ce9c2e0c6b","name":"Ismael Lucas S. Pereira","image":{"@type":"ImageObject","inLanguage":"pt-BR","@id":"https:\/\/secure.gravatar.com\/avatar\/887a0f3b5a7ceea963a48499fb883ffce6b5037362def025c52c2505b15d63e4?s=96&d=mm&r=g","url":"https:\/\/secure.gravatar.com\/avatar\/887a0f3b5a7ceea963a48499fb883ffce6b5037362def025c52c2505b15d63e4?s=96&d=mm&r=g","contentUrl":"https:\/\/secure.gravatar.com\/avatar\/887a0f3b5a7ceea963a48499fb883ffce6b5037362def025c52c2505b15d63e4?s=96&d=mm&r=g","caption":"Ismael Lucas S. Pereira"},"url":"https:\/\/diariodepe.com.br\/cri\/author\/ismael-lucas\/"}]}},"cc_featured_image_caption":{"caption_text":false,"source_text":false,"source_url":false},"amp_enabled":true,"_links":{"self":[{"href":"https:\/\/diariodepe.com.br\/cri\/wp-json\/wp\/v2\/posts\/7712","targetHints":{"allow":["GET"]}}],"collection":[{"href":"https:\/\/diariodepe.com.br\/cri\/wp-json\/wp\/v2\/posts"}],"about":[{"href":"https:\/\/diariodepe.com.br\/cri\/wp-json\/wp\/v2\/types\/post"}],"author":[{"embeddable":true,"href":"https:\/\/diariodepe.com.br\/cri\/wp-json\/wp\/v2\/users\/2"}],"replies":[{"embeddable":true,"href":"https:\/\/diariodepe.com.br\/cri\/wp-json\/wp\/v2\/comments?post=7712"}],"version-history":[{"count":1,"href":"https:\/\/diariodepe.com.br\/cri\/wp-json\/wp\/v2\/posts\/7712\/revisions"}],"predecessor-version":[{"id":7713,"href":"https:\/\/diariodepe.com.br\/cri\/wp-json\/wp\/v2\/posts\/7712\/revisions\/7713"}],"wp:attachment":[{"href":"https:\/\/diariodepe.com.br\/cri\/wp-json\/wp\/v2\/media?parent=7712"}],"wp:term":[{"taxonomy":"category","embeddable":true,"href":"https:\/\/diariodepe.com.br\/cri\/wp-json\/wp\/v2\/categories?post=7712"},{"taxonomy":"post_tag","embeddable":true,"href":"https:\/\/diariodepe.com.br\/cri\/wp-json\/wp\/v2\/tags?post=7712"}],"curies":[{"name":"wp","href":"https:\/\/api.w.org\/{rel}","templated":true}]}}