{"id":7706,"date":"2025-02-19T03:51:13","date_gmt":"2025-02-19T06:51:13","guid":{"rendered":"https:\/\/diariodepe.com.br\/cri\/?p=7706"},"modified":"2025-02-19T03:51:13","modified_gmt":"2025-02-19T06:51:13","slug":"entrevista-exclusiva-do-cmg-com-presidente-do-paquistao-asif-ali-zardari","status":"publish","type":"post","link":"https:\/\/diariodepe.com.br\/cri\/2025\/02\/19\/entrevista-exclusiva-do-cmg-com-presidente-do-paquistao-asif-ali-zardari\/","title":{"rendered":"Entrevista exclusiva do CMG com presidente do Paquist\u00e3o, Asif Ali Zardari"},"content":{"rendered":"<p><img decoding=\"async\" src=\"https:\/\/38picres.cgtn.com\/photoAlbum\/page\/performance\/img\/2025\/2\/15\/1739615864647_264.jpeg\" width=\"100%\" height=\"auto\" \/><\/p>\n<p><img decoding=\"async\" src=\"https:\/\/38picres.cgtn.com\/photoAlbum\/page\/performance\/img\/2025\/2\/15\/1739615864653_722.jpeg\" width=\"100%\" height=\"auto\" \/><\/p>\n<p><span lang=\"PT\">O presidente paquistan\u00eas, Asif Ali Zardari, concedeu uma entrevista exclusiva ao Grupo de M\u00eddia da China (CMG, na sigla em ingl\u00eas), durante sua recente visita de Estado\u00a0<\/span>\u00e0<span lang=\"PT\">\u00a0China.<\/span><\/p>\n<p><span lang=\"PT\">Na entrevista, Zardari afirmou que esta visita foi centrada na confian\u00e7a e na amizade. Segundo ele, o Paquist\u00e3o \u00e9 um dos primeiros pa\u00edses a reconhecer a Rep\u00fablica Popular da China. Em 21 de maio de 1951, os dois pa\u00edses estabeleceram rela\u00e7\u00f5es diplom\u00e1ticas oficialmente. A amizade China-Paquist\u00e3o, que foi criada por l\u00edderes da velha gera\u00e7\u00e3o de ambos os pa\u00edses e fica mais e mais profunda com o passar do tempo, \u00e9 uma riqueza valiosa das duas na\u00e7\u00f5es e dos seus povos. Nos \u00faltimos anos, a China e o Paquist\u00e3o t\u00eam se apoiado firmemente, mantido contatos estreitos de alto n\u00edvel e aprofundado a constru\u00e7\u00e3o do Corredor Econ\u00f4mico China-Paquist\u00e3o e a coopera\u00e7\u00e3o em v\u00e1rios campos, dando exemplo para as rela\u00e7\u00f5es entre os pa\u00edses.<\/span><\/p>\n<p><span lang=\"PT\">Ele enfatizou: \u201cQuero dizer ao mundo inteiro que o Paquist\u00e3o e a China s\u00e3o vizinhos e amigos que compartilham alegrias e tristezas. Somos amigos n\u00e3o apenas nos bons momentos, mas em todas as condi\u00e7\u00f5es.\u201d<\/span><\/p>\n<p><span lang=\"PT\">Ao comentar sobre a import\u00e2ncia do pensamento pol\u00edtico e conceito de governan\u00e7a do presidente chin\u00eas, Xi Jinping, Zardari afirmou que admira o pensamento pol\u00edtico de Xi Jinping e sua maneira de governar o pa\u00eds, considerando sua mentalidade global e maneira como reflete com profundidade sobre coisas. \u201cVeja como est\u00e1 a China hoje! A China fez grandes progressos desde o in\u00edcio do governo do presidente Xi Jinping.\u201d<\/span><\/p>\n<p><span lang=\"PT\">Falando sobre a moderniza\u00e7\u00e3o chinesa, Zardari disse que, a cada visita \u00e0 China, tem um novo sentimento. Cada cidade exala um novo charme. E as mudan\u00e7as s\u00e3o mostradas na apar\u00eancia, arquitetura, cultura e em todos os aspectos nas cidades. O povo chin\u00eas \u00e9 trabalhador. Cada pessoa contribui, em seus pr\u00f3prios postos, para o desenvolvimento do pa\u00eds. De acordo com o presidente paquistan\u00eas, a China possui uma vantagem incompar<\/span>\u00e1<span lang=\"PT\">vel com 1,4 bilh\u00e3o de pessoas. A China tamb\u00e9m desenvolveu in<\/span>\u00fa<span lang=\"PT\">meras novas tecnologias. Ele enfatizou que o desenvolvimento da China faz bem para todo o mundo, pois a na\u00e7\u00e3o chinesa nunca \u00e9 um ocupante.<\/span><\/p>\n<p><span lang=\"PT\">Sobre as coopera\u00e7\u00f5es com o vizinho, Zardari espera fazer uso total da parceria colaborativa entre o Paquist\u00e3o e a China para impulsionar o desenvolvimento em v\u00e1rios campos por meio da ci\u00eancia e da tecnologia, seja na utiliza\u00e7\u00e3o de recursos h\u00eddricos, na coleta de \u00e1gua da chuva ou na resposta \u00e0s altera\u00e7\u00f5es clim\u00e1ticas. \u201cPrecisamos aprender com a experi\u00eancia da China em todos os campos,\u201d disse o presidente.<\/span><\/p>\n<p><span lang=\"PT\">Quanto \u00e0 sua expectativa sobre o papel que o Paquist\u00e3o desempenha na governan\u00e7a global, Zardari disse que est\u00e1 mais focado em tornar o pr\u00f3prio pa\u00eds mais forte. O Paquist\u00e3o \u00e9 um pa\u00eds independente e tem suas responsabilidades. \u201cAo mesmo tempo, sempre olhamos para a China e avan\u00e7amos e recuamos com ela,\u201d apontou o presidente.<\/span><\/p>\n","protected":false},"excerpt":{"rendered":"<p>O presidente paquistan\u00eas, Asif Ali Zardari, concedeu uma entrevista exclusiva ao Grupo de M\u00eddia da China (CMG, na sigla em ingl\u00eas), durante sua recente visita de Estado\u00a0\u00e0\u00a0China. Na entrevista, Zardari afirmou que esta visita foi centrada na confian\u00e7a e na&#8230;<\/p>\n","protected":false},"author":2,"featured_media":0,"comment_status":"open","ping_status":"open","sticky":false,"template":"","format":"standard","meta":{"footnotes":""},"categories":[3],"tags":[],"class_list":["post-7706","post","type-post","status-publish","format-standard","hentry","category-china"],"yoast_head":"<!-- This site is optimized with the Yoast SEO plugin v27.4 - https:\/\/yoast.com\/product\/yoast-seo-wordpress\/ -->\n<title>Entrevista exclusiva do CMG com presidente do Paquist\u00e3o, Asif Ali Zardari - CRI e Diario de Pernambuco<\/title>\n<meta name=\"robots\" content=\"index, follow, max-snippet:-1, max-image-preview:large, max-video-preview:-1\" \/>\n<link rel=\"canonical\" href=\"https:\/\/diariodepe.com.br\/cri\/2025\/02\/19\/entrevista-exclusiva-do-cmg-com-presidente-do-paquistao-asif-ali-zardari\/\" \/>\n<meta property=\"og:locale\" content=\"pt_BR\" \/>\n<meta property=\"og:type\" content=\"article\" \/>\n<meta property=\"og:title\" content=\"Entrevista exclusiva do CMG com presidente do Paquist\u00e3o, Asif Ali Zardari - CRI e Diario de Pernambuco\" \/>\n<meta property=\"og:description\" content=\"O presidente paquistan\u00eas, Asif Ali Zardari, concedeu uma entrevista exclusiva ao Grupo de M\u00eddia da China (CMG, na sigla em ingl\u00eas), durante sua recente visita de Estado\u00a0\u00e0\u00a0China. Na entrevista, Zardari afirmou que esta visita foi centrada na confian\u00e7a e na...\" \/>\n<meta property=\"og:url\" content=\"https:\/\/diariodepe.com.br\/cri\/2025\/02\/19\/entrevista-exclusiva-do-cmg-com-presidente-do-paquistao-asif-ali-zardari\/\" \/>\n<meta property=\"og:site_name\" content=\"CRI e Diario de Pernambuco\" \/>\n<meta property=\"article:published_time\" content=\"2025-02-19T06:51:13+00:00\" \/>\n<meta property=\"og:image\" content=\"https:\/\/38picres.cgtn.com\/photoAlbum\/page\/performance\/img\/2025\/2\/15\/1739615864647_264.jpeg\" \/>\n<meta name=\"author\" content=\"Ismael Lucas S. Pereira\" \/>\n<meta name=\"twitter:card\" content=\"summary_large_image\" \/>\n<meta name=\"twitter:label1\" content=\"Escrito por\" \/>\n\t<meta name=\"twitter:data1\" content=\"Ismael Lucas S. Pereira\" \/>\n\t<meta name=\"twitter:label2\" content=\"Est. tempo de leitura\" \/>\n\t<meta name=\"twitter:data2\" content=\"4 minutos\" \/>\n<script type=\"application\/ld+json\" class=\"yoast-schema-graph\">{\"@context\":\"https:\\\/\\\/schema.org\",\"@graph\":[{\"@type\":\"Article\",\"@id\":\"https:\\\/\\\/diariodepe.com.br\\\/cri\\\/2025\\\/02\\\/19\\\/entrevista-exclusiva-do-cmg-com-presidente-do-paquistao-asif-ali-zardari\\\/#article\",\"isPartOf\":{\"@id\":\"https:\\\/\\\/diariodepe.com.br\\\/cri\\\/2025\\\/02\\\/19\\\/entrevista-exclusiva-do-cmg-com-presidente-do-paquistao-asif-ali-zardari\\\/\"},\"author\":{\"name\":\"Ismael Lucas S. Pereira\",\"@id\":\"https:\\\/\\\/diariodepe.com.br\\\/cri\\\/#\\\/schema\\\/person\\\/121bb28d84f1a5b1205ef4ce9c2e0c6b\"},\"headline\":\"Entrevista exclusiva do CMG com presidente do Paquist\u00e3o, Asif Ali Zardari\",\"datePublished\":\"2025-02-19T06:51:13+00:00\",\"mainEntityOfPage\":{\"@id\":\"https:\\\/\\\/diariodepe.com.br\\\/cri\\\/2025\\\/02\\\/19\\\/entrevista-exclusiva-do-cmg-com-presidente-do-paquistao-asif-ali-zardari\\\/\"},\"wordCount\":536,\"commentCount\":0,\"publisher\":{\"@id\":\"https:\\\/\\\/diariodepe.com.br\\\/cri\\\/#organization\"},\"image\":{\"@id\":\"https:\\\/\\\/diariodepe.com.br\\\/cri\\\/2025\\\/02\\\/19\\\/entrevista-exclusiva-do-cmg-com-presidente-do-paquistao-asif-ali-zardari\\\/#primaryimage\"},\"thumbnailUrl\":\"https:\\\/\\\/38picres.cgtn.com\\\/photoAlbum\\\/page\\\/performance\\\/img\\\/2025\\\/2\\\/15\\\/1739615864647_264.jpeg\",\"articleSection\":[\"China\"],\"inLanguage\":\"pt-BR\",\"potentialAction\":[{\"@type\":\"CommentAction\",\"name\":\"Comment\",\"target\":[\"https:\\\/\\\/diariodepe.com.br\\\/cri\\\/2025\\\/02\\\/19\\\/entrevista-exclusiva-do-cmg-com-presidente-do-paquistao-asif-ali-zardari\\\/#respond\"]}]},{\"@type\":\"WebPage\",\"@id\":\"https:\\\/\\\/diariodepe.com.br\\\/cri\\\/2025\\\/02\\\/19\\\/entrevista-exclusiva-do-cmg-com-presidente-do-paquistao-asif-ali-zardari\\\/\",\"url\":\"https:\\\/\\\/diariodepe.com.br\\\/cri\\\/2025\\\/02\\\/19\\\/entrevista-exclusiva-do-cmg-com-presidente-do-paquistao-asif-ali-zardari\\\/\",\"name\":\"Entrevista exclusiva do CMG com presidente do Paquist\u00e3o, Asif Ali Zardari - CRI e Diario de Pernambuco\",\"isPartOf\":{\"@id\":\"https:\\\/\\\/diariodepe.com.br\\\/cri\\\/#website\"},\"primaryImageOfPage\":{\"@id\":\"https:\\\/\\\/diariodepe.com.br\\\/cri\\\/2025\\\/02\\\/19\\\/entrevista-exclusiva-do-cmg-com-presidente-do-paquistao-asif-ali-zardari\\\/#primaryimage\"},\"image\":{\"@id\":\"https:\\\/\\\/diariodepe.com.br\\\/cri\\\/2025\\\/02\\\/19\\\/entrevista-exclusiva-do-cmg-com-presidente-do-paquistao-asif-ali-zardari\\\/#primaryimage\"},\"thumbnailUrl\":\"https:\\\/\\\/38picres.cgtn.com\\\/photoAlbum\\\/page\\\/performance\\\/img\\\/2025\\\/2\\\/15\\\/1739615864647_264.jpeg\",\"datePublished\":\"2025-02-19T06:51:13+00:00\",\"breadcrumb\":{\"@id\":\"https:\\\/\\\/diariodepe.com.br\\\/cri\\\/2025\\\/02\\\/19\\\/entrevista-exclusiva-do-cmg-com-presidente-do-paquistao-asif-ali-zardari\\\/#breadcrumb\"},\"inLanguage\":\"pt-BR\",\"potentialAction\":[{\"@type\":\"ReadAction\",\"target\":[\"https:\\\/\\\/diariodepe.com.br\\\/cri\\\/2025\\\/02\\\/19\\\/entrevista-exclusiva-do-cmg-com-presidente-do-paquistao-asif-ali-zardari\\\/\"]}]},{\"@type\":\"ImageObject\",\"inLanguage\":\"pt-BR\",\"@id\":\"https:\\\/\\\/diariodepe.com.br\\\/cri\\\/2025\\\/02\\\/19\\\/entrevista-exclusiva-do-cmg-com-presidente-do-paquistao-asif-ali-zardari\\\/#primaryimage\",\"url\":\"https:\\\/\\\/38picres.cgtn.com\\\/photoAlbum\\\/page\\\/performance\\\/img\\\/2025\\\/2\\\/15\\\/1739615864647_264.jpeg\",\"contentUrl\":\"https:\\\/\\\/38picres.cgtn.com\\\/photoAlbum\\\/page\\\/performance\\\/img\\\/2025\\\/2\\\/15\\\/1739615864647_264.jpeg\"},{\"@type\":\"BreadcrumbList\",\"@id\":\"https:\\\/\\\/diariodepe.com.br\\\/cri\\\/2025\\\/02\\\/19\\\/entrevista-exclusiva-do-cmg-com-presidente-do-paquistao-asif-ali-zardari\\\/#breadcrumb\",\"itemListElement\":[{\"@type\":\"ListItem\",\"position\":1,\"name\":\"In\u00edcio\",\"item\":\"https:\\\/\\\/diariodepe.com.br\\\/cri\\\/\"},{\"@type\":\"ListItem\",\"position\":2,\"name\":\"Entrevista exclusiva do CMG com presidente do Paquist\u00e3o, Asif Ali Zardari\"}]},{\"@type\":\"WebSite\",\"@id\":\"https:\\\/\\\/diariodepe.com.br\\\/cri\\\/#website\",\"url\":\"https:\\\/\\\/diariodepe.com.br\\\/cri\\\/\",\"name\":\"CRI e Diario de Pernambuco\",\"description\":\"R\u00e1dio Internacional da China\",\"publisher\":{\"@id\":\"https:\\\/\\\/diariodepe.com.br\\\/cri\\\/#organization\"},\"potentialAction\":[{\"@type\":\"SearchAction\",\"target\":{\"@type\":\"EntryPoint\",\"urlTemplate\":\"https:\\\/\\\/diariodepe.com.br\\\/cri\\\/?s={search_term_string}\"},\"query-input\":{\"@type\":\"PropertyValueSpecification\",\"valueRequired\":true,\"valueName\":\"search_term_string\"}}],\"inLanguage\":\"pt-BR\"},{\"@type\":\"Organization\",\"@id\":\"https:\\\/\\\/diariodepe.com.br\\\/cri\\\/#organization\",\"name\":\"CRI e Diario de Pernambuco\",\"url\":\"https:\\\/\\\/diariodepe.com.br\\\/cri\\\/\",\"logo\":{\"@type\":\"ImageObject\",\"inLanguage\":\"pt-BR\",\"@id\":\"https:\\\/\\\/diariodepe.com.br\\\/cri\\\/#\\\/schema\\\/logo\\\/image\\\/\",\"url\":\"https:\\\/\\\/diariodepe.com.br\\\/cri\\\/wp-content\\\/uploads\\\/sites\\\/2\\\/2022\\\/12\\\/cropped-Logo.jpg\",\"contentUrl\":\"https:\\\/\\\/diariodepe.com.br\\\/cri\\\/wp-content\\\/uploads\\\/sites\\\/2\\\/2022\\\/12\\\/cropped-Logo.jpg\",\"width\":700,\"height\":59,\"caption\":\"CRI e Diario de Pernambuco\"},\"image\":{\"@id\":\"https:\\\/\\\/diariodepe.com.br\\\/cri\\\/#\\\/schema\\\/logo\\\/image\\\/\"}},{\"@type\":\"Person\",\"@id\":\"https:\\\/\\\/diariodepe.com.br\\\/cri\\\/#\\\/schema\\\/person\\\/121bb28d84f1a5b1205ef4ce9c2e0c6b\",\"name\":\"Ismael Lucas S. Pereira\",\"image\":{\"@type\":\"ImageObject\",\"inLanguage\":\"pt-BR\",\"@id\":\"https:\\\/\\\/secure.gravatar.com\\\/avatar\\\/887a0f3b5a7ceea963a48499fb883ffce6b5037362def025c52c2505b15d63e4?s=96&d=mm&r=g\",\"url\":\"https:\\\/\\\/secure.gravatar.com\\\/avatar\\\/887a0f3b5a7ceea963a48499fb883ffce6b5037362def025c52c2505b15d63e4?s=96&d=mm&r=g\",\"contentUrl\":\"https:\\\/\\\/secure.gravatar.com\\\/avatar\\\/887a0f3b5a7ceea963a48499fb883ffce6b5037362def025c52c2505b15d63e4?s=96&d=mm&r=g\",\"caption\":\"Ismael Lucas S. Pereira\"},\"url\":\"https:\\\/\\\/diariodepe.com.br\\\/cri\\\/author\\\/ismael-lucas\\\/\"}]}<\/script>\n<!-- \/ Yoast SEO plugin. -->","yoast_head_json":{"title":"Entrevista exclusiva do CMG com presidente do Paquist\u00e3o, Asif Ali Zardari - CRI e Diario de Pernambuco","robots":{"index":"index","follow":"follow","max-snippet":"max-snippet:-1","max-image-preview":"max-image-preview:large","max-video-preview":"max-video-preview:-1"},"canonical":"https:\/\/diariodepe.com.br\/cri\/2025\/02\/19\/entrevista-exclusiva-do-cmg-com-presidente-do-paquistao-asif-ali-zardari\/","og_locale":"pt_BR","og_type":"article","og_title":"Entrevista exclusiva do CMG com presidente do Paquist\u00e3o, Asif Ali Zardari - CRI e Diario de Pernambuco","og_description":"O presidente paquistan\u00eas, Asif Ali Zardari, concedeu uma entrevista exclusiva ao Grupo de M\u00eddia da China (CMG, na sigla em ingl\u00eas), durante sua recente visita de Estado\u00a0\u00e0\u00a0China. Na entrevista, Zardari afirmou que esta visita foi centrada na confian\u00e7a e na...","og_url":"https:\/\/diariodepe.com.br\/cri\/2025\/02\/19\/entrevista-exclusiva-do-cmg-com-presidente-do-paquistao-asif-ali-zardari\/","og_site_name":"CRI e Diario de Pernambuco","article_published_time":"2025-02-19T06:51:13+00:00","og_image":[{"url":"https:\/\/38picres.cgtn.com\/photoAlbum\/page\/performance\/img\/2025\/2\/15\/1739615864647_264.jpeg","type":"","width":"","height":""}],"author":"Ismael Lucas S. Pereira","twitter_card":"summary_large_image","twitter_misc":{"Escrito por":"Ismael Lucas S. Pereira","Est. tempo de leitura":"4 minutos"},"schema":{"@context":"https:\/\/schema.org","@graph":[{"@type":"Article","@id":"https:\/\/diariodepe.com.br\/cri\/2025\/02\/19\/entrevista-exclusiva-do-cmg-com-presidente-do-paquistao-asif-ali-zardari\/#article","isPartOf":{"@id":"https:\/\/diariodepe.com.br\/cri\/2025\/02\/19\/entrevista-exclusiva-do-cmg-com-presidente-do-paquistao-asif-ali-zardari\/"},"author":{"name":"Ismael Lucas S. Pereira","@id":"https:\/\/diariodepe.com.br\/cri\/#\/schema\/person\/121bb28d84f1a5b1205ef4ce9c2e0c6b"},"headline":"Entrevista exclusiva do CMG com presidente do Paquist\u00e3o, Asif Ali Zardari","datePublished":"2025-02-19T06:51:13+00:00","mainEntityOfPage":{"@id":"https:\/\/diariodepe.com.br\/cri\/2025\/02\/19\/entrevista-exclusiva-do-cmg-com-presidente-do-paquistao-asif-ali-zardari\/"},"wordCount":536,"commentCount":0,"publisher":{"@id":"https:\/\/diariodepe.com.br\/cri\/#organization"},"image":{"@id":"https:\/\/diariodepe.com.br\/cri\/2025\/02\/19\/entrevista-exclusiva-do-cmg-com-presidente-do-paquistao-asif-ali-zardari\/#primaryimage"},"thumbnailUrl":"https:\/\/38picres.cgtn.com\/photoAlbum\/page\/performance\/img\/2025\/2\/15\/1739615864647_264.jpeg","articleSection":["China"],"inLanguage":"pt-BR","potentialAction":[{"@type":"CommentAction","name":"Comment","target":["https:\/\/diariodepe.com.br\/cri\/2025\/02\/19\/entrevista-exclusiva-do-cmg-com-presidente-do-paquistao-asif-ali-zardari\/#respond"]}]},{"@type":"WebPage","@id":"https:\/\/diariodepe.com.br\/cri\/2025\/02\/19\/entrevista-exclusiva-do-cmg-com-presidente-do-paquistao-asif-ali-zardari\/","url":"https:\/\/diariodepe.com.br\/cri\/2025\/02\/19\/entrevista-exclusiva-do-cmg-com-presidente-do-paquistao-asif-ali-zardari\/","name":"Entrevista exclusiva do CMG com presidente do Paquist\u00e3o, Asif Ali Zardari - CRI e Diario de Pernambuco","isPartOf":{"@id":"https:\/\/diariodepe.com.br\/cri\/#website"},"primaryImageOfPage":{"@id":"https:\/\/diariodepe.com.br\/cri\/2025\/02\/19\/entrevista-exclusiva-do-cmg-com-presidente-do-paquistao-asif-ali-zardari\/#primaryimage"},"image":{"@id":"https:\/\/diariodepe.com.br\/cri\/2025\/02\/19\/entrevista-exclusiva-do-cmg-com-presidente-do-paquistao-asif-ali-zardari\/#primaryimage"},"thumbnailUrl":"https:\/\/38picres.cgtn.com\/photoAlbum\/page\/performance\/img\/2025\/2\/15\/1739615864647_264.jpeg","datePublished":"2025-02-19T06:51:13+00:00","breadcrumb":{"@id":"https:\/\/diariodepe.com.br\/cri\/2025\/02\/19\/entrevista-exclusiva-do-cmg-com-presidente-do-paquistao-asif-ali-zardari\/#breadcrumb"},"inLanguage":"pt-BR","potentialAction":[{"@type":"ReadAction","target":["https:\/\/diariodepe.com.br\/cri\/2025\/02\/19\/entrevista-exclusiva-do-cmg-com-presidente-do-paquistao-asif-ali-zardari\/"]}]},{"@type":"ImageObject","inLanguage":"pt-BR","@id":"https:\/\/diariodepe.com.br\/cri\/2025\/02\/19\/entrevista-exclusiva-do-cmg-com-presidente-do-paquistao-asif-ali-zardari\/#primaryimage","url":"https:\/\/38picres.cgtn.com\/photoAlbum\/page\/performance\/img\/2025\/2\/15\/1739615864647_264.jpeg","contentUrl":"https:\/\/38picres.cgtn.com\/photoAlbum\/page\/performance\/img\/2025\/2\/15\/1739615864647_264.jpeg"},{"@type":"BreadcrumbList","@id":"https:\/\/diariodepe.com.br\/cri\/2025\/02\/19\/entrevista-exclusiva-do-cmg-com-presidente-do-paquistao-asif-ali-zardari\/#breadcrumb","itemListElement":[{"@type":"ListItem","position":1,"name":"In\u00edcio","item":"https:\/\/diariodepe.com.br\/cri\/"},{"@type":"ListItem","position":2,"name":"Entrevista exclusiva do CMG com presidente do Paquist\u00e3o, Asif Ali Zardari"}]},{"@type":"WebSite","@id":"https:\/\/diariodepe.com.br\/cri\/#website","url":"https:\/\/diariodepe.com.br\/cri\/","name":"CRI e Diario de Pernambuco","description":"R\u00e1dio Internacional da China","publisher":{"@id":"https:\/\/diariodepe.com.br\/cri\/#organization"},"potentialAction":[{"@type":"SearchAction","target":{"@type":"EntryPoint","urlTemplate":"https:\/\/diariodepe.com.br\/cri\/?s={search_term_string}"},"query-input":{"@type":"PropertyValueSpecification","valueRequired":true,"valueName":"search_term_string"}}],"inLanguage":"pt-BR"},{"@type":"Organization","@id":"https:\/\/diariodepe.com.br\/cri\/#organization","name":"CRI e Diario de Pernambuco","url":"https:\/\/diariodepe.com.br\/cri\/","logo":{"@type":"ImageObject","inLanguage":"pt-BR","@id":"https:\/\/diariodepe.com.br\/cri\/#\/schema\/logo\/image\/","url":"https:\/\/diariodepe.com.br\/cri\/wp-content\/uploads\/sites\/2\/2022\/12\/cropped-Logo.jpg","contentUrl":"https:\/\/diariodepe.com.br\/cri\/wp-content\/uploads\/sites\/2\/2022\/12\/cropped-Logo.jpg","width":700,"height":59,"caption":"CRI e Diario de Pernambuco"},"image":{"@id":"https:\/\/diariodepe.com.br\/cri\/#\/schema\/logo\/image\/"}},{"@type":"Person","@id":"https:\/\/diariodepe.com.br\/cri\/#\/schema\/person\/121bb28d84f1a5b1205ef4ce9c2e0c6b","name":"Ismael Lucas S. Pereira","image":{"@type":"ImageObject","inLanguage":"pt-BR","@id":"https:\/\/secure.gravatar.com\/avatar\/887a0f3b5a7ceea963a48499fb883ffce6b5037362def025c52c2505b15d63e4?s=96&d=mm&r=g","url":"https:\/\/secure.gravatar.com\/avatar\/887a0f3b5a7ceea963a48499fb883ffce6b5037362def025c52c2505b15d63e4?s=96&d=mm&r=g","contentUrl":"https:\/\/secure.gravatar.com\/avatar\/887a0f3b5a7ceea963a48499fb883ffce6b5037362def025c52c2505b15d63e4?s=96&d=mm&r=g","caption":"Ismael Lucas S. Pereira"},"url":"https:\/\/diariodepe.com.br\/cri\/author\/ismael-lucas\/"}]}},"cc_featured_image_caption":{"caption_text":false,"source_text":false,"source_url":false},"amp_enabled":true,"_links":{"self":[{"href":"https:\/\/diariodepe.com.br\/cri\/wp-json\/wp\/v2\/posts\/7706","targetHints":{"allow":["GET"]}}],"collection":[{"href":"https:\/\/diariodepe.com.br\/cri\/wp-json\/wp\/v2\/posts"}],"about":[{"href":"https:\/\/diariodepe.com.br\/cri\/wp-json\/wp\/v2\/types\/post"}],"author":[{"embeddable":true,"href":"https:\/\/diariodepe.com.br\/cri\/wp-json\/wp\/v2\/users\/2"}],"replies":[{"embeddable":true,"href":"https:\/\/diariodepe.com.br\/cri\/wp-json\/wp\/v2\/comments?post=7706"}],"version-history":[{"count":1,"href":"https:\/\/diariodepe.com.br\/cri\/wp-json\/wp\/v2\/posts\/7706\/revisions"}],"predecessor-version":[{"id":7707,"href":"https:\/\/diariodepe.com.br\/cri\/wp-json\/wp\/v2\/posts\/7706\/revisions\/7707"}],"wp:attachment":[{"href":"https:\/\/diariodepe.com.br\/cri\/wp-json\/wp\/v2\/media?parent=7706"}],"wp:term":[{"taxonomy":"category","embeddable":true,"href":"https:\/\/diariodepe.com.br\/cri\/wp-json\/wp\/v2\/categories?post=7706"},{"taxonomy":"post_tag","embeddable":true,"href":"https:\/\/diariodepe.com.br\/cri\/wp-json\/wp\/v2\/tags?post=7706"}],"curies":[{"name":"wp","href":"https:\/\/api.w.org\/{rel}","templated":true}]}}