{"id":7704,"date":"2025-02-19T03:50:20","date_gmt":"2025-02-19T06:50:20","guid":{"rendered":"https:\/\/diariodepe.com.br\/cri\/?p=7704"},"modified":"2025-02-19T03:50:20","modified_gmt":"2025-02-19T06:50:20","slug":"xi-jinping-envia-mensagem-de-felicitacoes-a-38a-cupula-da-uniao-africana","status":"publish","type":"post","link":"https:\/\/diariodepe.com.br\/cri\/2025\/02\/19\/xi-jinping-envia-mensagem-de-felicitacoes-a-38a-cupula-da-uniao-africana\/","title":{"rendered":"Xi Jinping envia mensagem de felicita\u00e7\u00f5es \u00e0 38\u00aa C\u00fapula da Uni\u00e3o Africana"},"content":{"rendered":"<p><span lang=\"PT\">O presidente chin\u00eas, Xi Jinping, enviou neste s\u00e1bado (15) uma mensagem \u00e0 38\u00aa C\u00fapula da Uni\u00e3o Africana (UA), estendendo calorosas felicita\u00e7\u00f5es aos pa\u00edses e povos africanos.<\/span><\/p>\n<p><span lang=\"PT\">Xi Jinping destacou que, diante da atual situa\u00e7\u00e3o internacional turbulenta, o Sul Global, representado pela China e pela \u00c1frica, cresceu significativamente. No ano passado, a UA uniu e liderou pa\u00edses africanos, promoveu vigorosamente a integra\u00e7\u00e3o e respondeu ativamente aos desafios regionais e globais, emitindo unanimemente a &#8220;voz africana&#8221; e levando \u00e0 melhoria cont\u00ednua do status e da influ\u00eancia internacional da \u00c1frica. Ele espera sinceramente que os pa\u00edses e os povos africanos continuem a alcan\u00e7ar novos e maiores sucessos no caminho da independ\u00eancia, do desenvolvimento e da revitaliza\u00e7\u00e3o.<\/span><\/p>\n<p><span lang=\"PT\">Xi Jinping enfatizou que 2024 foi um ano de desenvolvimento vigoroso das rela\u00e7\u00f5es China-\u00c1frica. A C\u00fapula do F\u00f3rum de Coopera\u00e7\u00e3o China-\u00c1frica foi realizada com sucesso em Beijing. A China e a \u00c1frica entraram em um novo est\u00e1gio de constru\u00e7\u00e3o conjunta de uma comunidade de futuro compartilhado em todas as condi\u00e7\u00f5es na nova era e continuam na vanguarda da constru\u00e7\u00e3o de uma comunidade de futuro compartilhado da humanidade. O presidente chin\u00eas salientou que quer trabalhar junto com os l\u00edderes africanos para promover a implementa\u00e7\u00e3o das seis propostas e &#8220;Dez Iniciativas de Parceria&#8221; da China e da \u00c1frica para a promo\u00e7\u00e3o conjunta da moderniza\u00e7\u00e3o, de modo a beneficiar mais de 2,8 bilh\u00f5es de chineses e africanos com resultados tang\u00edveis.<\/span><\/p>\n","protected":false},"excerpt":{"rendered":"<p>O presidente chin\u00eas, Xi Jinping, enviou neste s\u00e1bado (15) uma mensagem \u00e0 38\u00aa C\u00fapula da Uni\u00e3o Africana (UA), estendendo calorosas felicita\u00e7\u00f5es aos pa\u00edses e povos africanos. Xi Jinping destacou que, diante da atual situa\u00e7\u00e3o internacional turbulenta, o Sul Global, representado&#8230;<\/p>\n","protected":false},"author":2,"featured_media":0,"comment_status":"open","ping_status":"open","sticky":false,"template":"","format":"standard","meta":{"footnotes":""},"categories":[3],"tags":[],"class_list":["post-7704","post","type-post","status-publish","format-standard","hentry","category-china"],"yoast_head":"<!-- This site is optimized with the Yoast SEO plugin v27.4 - https:\/\/yoast.com\/product\/yoast-seo-wordpress\/ -->\n<title>Xi Jinping envia mensagem de felicita\u00e7\u00f5es \u00e0 38\u00aa C\u00fapula da Uni\u00e3o Africana - CRI e Diario de Pernambuco<\/title>\n<meta name=\"robots\" content=\"index, follow, max-snippet:-1, max-image-preview:large, max-video-preview:-1\" \/>\n<link rel=\"canonical\" href=\"https:\/\/diariodepe.com.br\/cri\/2025\/02\/19\/xi-jinping-envia-mensagem-de-felicitacoes-a-38a-cupula-da-uniao-africana\/\" \/>\n<meta property=\"og:locale\" content=\"pt_BR\" \/>\n<meta property=\"og:type\" content=\"article\" \/>\n<meta property=\"og:title\" content=\"Xi Jinping envia mensagem de felicita\u00e7\u00f5es \u00e0 38\u00aa C\u00fapula da Uni\u00e3o Africana - CRI e Diario de Pernambuco\" \/>\n<meta property=\"og:description\" content=\"O presidente chin\u00eas, Xi Jinping, enviou neste s\u00e1bado (15) uma mensagem \u00e0 38\u00aa C\u00fapula da Uni\u00e3o Africana (UA), estendendo calorosas felicita\u00e7\u00f5es aos pa\u00edses e povos africanos. Xi Jinping destacou que, diante da atual situa\u00e7\u00e3o internacional turbulenta, o Sul Global, representado...\" \/>\n<meta property=\"og:url\" content=\"https:\/\/diariodepe.com.br\/cri\/2025\/02\/19\/xi-jinping-envia-mensagem-de-felicitacoes-a-38a-cupula-da-uniao-africana\/\" \/>\n<meta property=\"og:site_name\" content=\"CRI e Diario de Pernambuco\" \/>\n<meta property=\"article:published_time\" content=\"2025-02-19T06:50:20+00:00\" \/>\n<meta name=\"author\" content=\"Ismael Lucas S. Pereira\" \/>\n<meta name=\"twitter:card\" content=\"summary_large_image\" \/>\n<meta name=\"twitter:label1\" content=\"Escrito por\" \/>\n\t<meta name=\"twitter:data1\" content=\"Ismael Lucas S. Pereira\" \/>\n<script type=\"application\/ld+json\" class=\"yoast-schema-graph\">{\"@context\":\"https:\\\/\\\/schema.org\",\"@graph\":[{\"@type\":\"Article\",\"@id\":\"https:\\\/\\\/diariodepe.com.br\\\/cri\\\/2025\\\/02\\\/19\\\/xi-jinping-envia-mensagem-de-felicitacoes-a-38a-cupula-da-uniao-africana\\\/#article\",\"isPartOf\":{\"@id\":\"https:\\\/\\\/diariodepe.com.br\\\/cri\\\/2025\\\/02\\\/19\\\/xi-jinping-envia-mensagem-de-felicitacoes-a-38a-cupula-da-uniao-africana\\\/\"},\"author\":{\"name\":\"Ismael Lucas S. Pereira\",\"@id\":\"https:\\\/\\\/diariodepe.com.br\\\/cri\\\/#\\\/schema\\\/person\\\/121bb28d84f1a5b1205ef4ce9c2e0c6b\"},\"headline\":\"Xi Jinping envia mensagem de felicita\u00e7\u00f5es \u00e0 38\u00aa C\u00fapula da Uni\u00e3o Africana\",\"datePublished\":\"2025-02-19T06:50:20+00:00\",\"mainEntityOfPage\":{\"@id\":\"https:\\\/\\\/diariodepe.com.br\\\/cri\\\/2025\\\/02\\\/19\\\/xi-jinping-envia-mensagem-de-felicitacoes-a-38a-cupula-da-uniao-africana\\\/\"},\"wordCount\":269,\"commentCount\":0,\"publisher\":{\"@id\":\"https:\\\/\\\/diariodepe.com.br\\\/cri\\\/#organization\"},\"articleSection\":[\"China\"],\"inLanguage\":\"pt-BR\",\"potentialAction\":[{\"@type\":\"CommentAction\",\"name\":\"Comment\",\"target\":[\"https:\\\/\\\/diariodepe.com.br\\\/cri\\\/2025\\\/02\\\/19\\\/xi-jinping-envia-mensagem-de-felicitacoes-a-38a-cupula-da-uniao-africana\\\/#respond\"]}]},{\"@type\":\"WebPage\",\"@id\":\"https:\\\/\\\/diariodepe.com.br\\\/cri\\\/2025\\\/02\\\/19\\\/xi-jinping-envia-mensagem-de-felicitacoes-a-38a-cupula-da-uniao-africana\\\/\",\"url\":\"https:\\\/\\\/diariodepe.com.br\\\/cri\\\/2025\\\/02\\\/19\\\/xi-jinping-envia-mensagem-de-felicitacoes-a-38a-cupula-da-uniao-africana\\\/\",\"name\":\"Xi Jinping envia mensagem de felicita\u00e7\u00f5es \u00e0 38\u00aa C\u00fapula da Uni\u00e3o Africana - CRI e Diario de Pernambuco\",\"isPartOf\":{\"@id\":\"https:\\\/\\\/diariodepe.com.br\\\/cri\\\/#website\"},\"datePublished\":\"2025-02-19T06:50:20+00:00\",\"breadcrumb\":{\"@id\":\"https:\\\/\\\/diariodepe.com.br\\\/cri\\\/2025\\\/02\\\/19\\\/xi-jinping-envia-mensagem-de-felicitacoes-a-38a-cupula-da-uniao-africana\\\/#breadcrumb\"},\"inLanguage\":\"pt-BR\",\"potentialAction\":[{\"@type\":\"ReadAction\",\"target\":[\"https:\\\/\\\/diariodepe.com.br\\\/cri\\\/2025\\\/02\\\/19\\\/xi-jinping-envia-mensagem-de-felicitacoes-a-38a-cupula-da-uniao-africana\\\/\"]}]},{\"@type\":\"BreadcrumbList\",\"@id\":\"https:\\\/\\\/diariodepe.com.br\\\/cri\\\/2025\\\/02\\\/19\\\/xi-jinping-envia-mensagem-de-felicitacoes-a-38a-cupula-da-uniao-africana\\\/#breadcrumb\",\"itemListElement\":[{\"@type\":\"ListItem\",\"position\":1,\"name\":\"In\u00edcio\",\"item\":\"https:\\\/\\\/diariodepe.com.br\\\/cri\\\/\"},{\"@type\":\"ListItem\",\"position\":2,\"name\":\"Xi Jinping envia mensagem de felicita\u00e7\u00f5es \u00e0 38\u00aa C\u00fapula da Uni\u00e3o Africana\"}]},{\"@type\":\"WebSite\",\"@id\":\"https:\\\/\\\/diariodepe.com.br\\\/cri\\\/#website\",\"url\":\"https:\\\/\\\/diariodepe.com.br\\\/cri\\\/\",\"name\":\"CRI e Diario de Pernambuco\",\"description\":\"R\u00e1dio Internacional da China\",\"publisher\":{\"@id\":\"https:\\\/\\\/diariodepe.com.br\\\/cri\\\/#organization\"},\"potentialAction\":[{\"@type\":\"SearchAction\",\"target\":{\"@type\":\"EntryPoint\",\"urlTemplate\":\"https:\\\/\\\/diariodepe.com.br\\\/cri\\\/?s={search_term_string}\"},\"query-input\":{\"@type\":\"PropertyValueSpecification\",\"valueRequired\":true,\"valueName\":\"search_term_string\"}}],\"inLanguage\":\"pt-BR\"},{\"@type\":\"Organization\",\"@id\":\"https:\\\/\\\/diariodepe.com.br\\\/cri\\\/#organization\",\"name\":\"CRI e Diario de Pernambuco\",\"url\":\"https:\\\/\\\/diariodepe.com.br\\\/cri\\\/\",\"logo\":{\"@type\":\"ImageObject\",\"inLanguage\":\"pt-BR\",\"@id\":\"https:\\\/\\\/diariodepe.com.br\\\/cri\\\/#\\\/schema\\\/logo\\\/image\\\/\",\"url\":\"https:\\\/\\\/diariodepe.com.br\\\/cri\\\/wp-content\\\/uploads\\\/sites\\\/2\\\/2022\\\/12\\\/cropped-Logo.jpg\",\"contentUrl\":\"https:\\\/\\\/diariodepe.com.br\\\/cri\\\/wp-content\\\/uploads\\\/sites\\\/2\\\/2022\\\/12\\\/cropped-Logo.jpg\",\"width\":700,\"height\":59,\"caption\":\"CRI e Diario de Pernambuco\"},\"image\":{\"@id\":\"https:\\\/\\\/diariodepe.com.br\\\/cri\\\/#\\\/schema\\\/logo\\\/image\\\/\"}},{\"@type\":\"Person\",\"@id\":\"https:\\\/\\\/diariodepe.com.br\\\/cri\\\/#\\\/schema\\\/person\\\/121bb28d84f1a5b1205ef4ce9c2e0c6b\",\"name\":\"Ismael Lucas S. Pereira\",\"image\":{\"@type\":\"ImageObject\",\"inLanguage\":\"pt-BR\",\"@id\":\"https:\\\/\\\/secure.gravatar.com\\\/avatar\\\/887a0f3b5a7ceea963a48499fb883ffce6b5037362def025c52c2505b15d63e4?s=96&d=mm&r=g\",\"url\":\"https:\\\/\\\/secure.gravatar.com\\\/avatar\\\/887a0f3b5a7ceea963a48499fb883ffce6b5037362def025c52c2505b15d63e4?s=96&d=mm&r=g\",\"contentUrl\":\"https:\\\/\\\/secure.gravatar.com\\\/avatar\\\/887a0f3b5a7ceea963a48499fb883ffce6b5037362def025c52c2505b15d63e4?s=96&d=mm&r=g\",\"caption\":\"Ismael Lucas S. Pereira\"},\"url\":\"https:\\\/\\\/diariodepe.com.br\\\/cri\\\/author\\\/ismael-lucas\\\/\"}]}<\/script>\n<!-- \/ Yoast SEO plugin. -->","yoast_head_json":{"title":"Xi Jinping envia mensagem de felicita\u00e7\u00f5es \u00e0 38\u00aa C\u00fapula da Uni\u00e3o Africana - CRI e Diario de Pernambuco","robots":{"index":"index","follow":"follow","max-snippet":"max-snippet:-1","max-image-preview":"max-image-preview:large","max-video-preview":"max-video-preview:-1"},"canonical":"https:\/\/diariodepe.com.br\/cri\/2025\/02\/19\/xi-jinping-envia-mensagem-de-felicitacoes-a-38a-cupula-da-uniao-africana\/","og_locale":"pt_BR","og_type":"article","og_title":"Xi Jinping envia mensagem de felicita\u00e7\u00f5es \u00e0 38\u00aa C\u00fapula da Uni\u00e3o Africana - CRI e Diario de Pernambuco","og_description":"O presidente chin\u00eas, Xi Jinping, enviou neste s\u00e1bado (15) uma mensagem \u00e0 38\u00aa C\u00fapula da Uni\u00e3o Africana (UA), estendendo calorosas felicita\u00e7\u00f5es aos pa\u00edses e povos africanos. Xi Jinping destacou que, diante da atual situa\u00e7\u00e3o internacional turbulenta, o Sul Global, representado...","og_url":"https:\/\/diariodepe.com.br\/cri\/2025\/02\/19\/xi-jinping-envia-mensagem-de-felicitacoes-a-38a-cupula-da-uniao-africana\/","og_site_name":"CRI e Diario de Pernambuco","article_published_time":"2025-02-19T06:50:20+00:00","author":"Ismael Lucas S. Pereira","twitter_card":"summary_large_image","twitter_misc":{"Escrito por":"Ismael Lucas S. Pereira"},"schema":{"@context":"https:\/\/schema.org","@graph":[{"@type":"Article","@id":"https:\/\/diariodepe.com.br\/cri\/2025\/02\/19\/xi-jinping-envia-mensagem-de-felicitacoes-a-38a-cupula-da-uniao-africana\/#article","isPartOf":{"@id":"https:\/\/diariodepe.com.br\/cri\/2025\/02\/19\/xi-jinping-envia-mensagem-de-felicitacoes-a-38a-cupula-da-uniao-africana\/"},"author":{"name":"Ismael Lucas S. Pereira","@id":"https:\/\/diariodepe.com.br\/cri\/#\/schema\/person\/121bb28d84f1a5b1205ef4ce9c2e0c6b"},"headline":"Xi Jinping envia mensagem de felicita\u00e7\u00f5es \u00e0 38\u00aa C\u00fapula da Uni\u00e3o Africana","datePublished":"2025-02-19T06:50:20+00:00","mainEntityOfPage":{"@id":"https:\/\/diariodepe.com.br\/cri\/2025\/02\/19\/xi-jinping-envia-mensagem-de-felicitacoes-a-38a-cupula-da-uniao-africana\/"},"wordCount":269,"commentCount":0,"publisher":{"@id":"https:\/\/diariodepe.com.br\/cri\/#organization"},"articleSection":["China"],"inLanguage":"pt-BR","potentialAction":[{"@type":"CommentAction","name":"Comment","target":["https:\/\/diariodepe.com.br\/cri\/2025\/02\/19\/xi-jinping-envia-mensagem-de-felicitacoes-a-38a-cupula-da-uniao-africana\/#respond"]}]},{"@type":"WebPage","@id":"https:\/\/diariodepe.com.br\/cri\/2025\/02\/19\/xi-jinping-envia-mensagem-de-felicitacoes-a-38a-cupula-da-uniao-africana\/","url":"https:\/\/diariodepe.com.br\/cri\/2025\/02\/19\/xi-jinping-envia-mensagem-de-felicitacoes-a-38a-cupula-da-uniao-africana\/","name":"Xi Jinping envia mensagem de felicita\u00e7\u00f5es \u00e0 38\u00aa C\u00fapula da Uni\u00e3o Africana - CRI e Diario de Pernambuco","isPartOf":{"@id":"https:\/\/diariodepe.com.br\/cri\/#website"},"datePublished":"2025-02-19T06:50:20+00:00","breadcrumb":{"@id":"https:\/\/diariodepe.com.br\/cri\/2025\/02\/19\/xi-jinping-envia-mensagem-de-felicitacoes-a-38a-cupula-da-uniao-africana\/#breadcrumb"},"inLanguage":"pt-BR","potentialAction":[{"@type":"ReadAction","target":["https:\/\/diariodepe.com.br\/cri\/2025\/02\/19\/xi-jinping-envia-mensagem-de-felicitacoes-a-38a-cupula-da-uniao-africana\/"]}]},{"@type":"BreadcrumbList","@id":"https:\/\/diariodepe.com.br\/cri\/2025\/02\/19\/xi-jinping-envia-mensagem-de-felicitacoes-a-38a-cupula-da-uniao-africana\/#breadcrumb","itemListElement":[{"@type":"ListItem","position":1,"name":"In\u00edcio","item":"https:\/\/diariodepe.com.br\/cri\/"},{"@type":"ListItem","position":2,"name":"Xi Jinping envia mensagem de felicita\u00e7\u00f5es \u00e0 38\u00aa C\u00fapula da Uni\u00e3o Africana"}]},{"@type":"WebSite","@id":"https:\/\/diariodepe.com.br\/cri\/#website","url":"https:\/\/diariodepe.com.br\/cri\/","name":"CRI e Diario de Pernambuco","description":"R\u00e1dio Internacional da China","publisher":{"@id":"https:\/\/diariodepe.com.br\/cri\/#organization"},"potentialAction":[{"@type":"SearchAction","target":{"@type":"EntryPoint","urlTemplate":"https:\/\/diariodepe.com.br\/cri\/?s={search_term_string}"},"query-input":{"@type":"PropertyValueSpecification","valueRequired":true,"valueName":"search_term_string"}}],"inLanguage":"pt-BR"},{"@type":"Organization","@id":"https:\/\/diariodepe.com.br\/cri\/#organization","name":"CRI e Diario de Pernambuco","url":"https:\/\/diariodepe.com.br\/cri\/","logo":{"@type":"ImageObject","inLanguage":"pt-BR","@id":"https:\/\/diariodepe.com.br\/cri\/#\/schema\/logo\/image\/","url":"https:\/\/diariodepe.com.br\/cri\/wp-content\/uploads\/sites\/2\/2022\/12\/cropped-Logo.jpg","contentUrl":"https:\/\/diariodepe.com.br\/cri\/wp-content\/uploads\/sites\/2\/2022\/12\/cropped-Logo.jpg","width":700,"height":59,"caption":"CRI e Diario de Pernambuco"},"image":{"@id":"https:\/\/diariodepe.com.br\/cri\/#\/schema\/logo\/image\/"}},{"@type":"Person","@id":"https:\/\/diariodepe.com.br\/cri\/#\/schema\/person\/121bb28d84f1a5b1205ef4ce9c2e0c6b","name":"Ismael Lucas S. Pereira","image":{"@type":"ImageObject","inLanguage":"pt-BR","@id":"https:\/\/secure.gravatar.com\/avatar\/887a0f3b5a7ceea963a48499fb883ffce6b5037362def025c52c2505b15d63e4?s=96&d=mm&r=g","url":"https:\/\/secure.gravatar.com\/avatar\/887a0f3b5a7ceea963a48499fb883ffce6b5037362def025c52c2505b15d63e4?s=96&d=mm&r=g","contentUrl":"https:\/\/secure.gravatar.com\/avatar\/887a0f3b5a7ceea963a48499fb883ffce6b5037362def025c52c2505b15d63e4?s=96&d=mm&r=g","caption":"Ismael Lucas S. Pereira"},"url":"https:\/\/diariodepe.com.br\/cri\/author\/ismael-lucas\/"}]}},"cc_featured_image_caption":{"caption_text":false,"source_text":false,"source_url":false},"amp_enabled":true,"_links":{"self":[{"href":"https:\/\/diariodepe.com.br\/cri\/wp-json\/wp\/v2\/posts\/7704","targetHints":{"allow":["GET"]}}],"collection":[{"href":"https:\/\/diariodepe.com.br\/cri\/wp-json\/wp\/v2\/posts"}],"about":[{"href":"https:\/\/diariodepe.com.br\/cri\/wp-json\/wp\/v2\/types\/post"}],"author":[{"embeddable":true,"href":"https:\/\/diariodepe.com.br\/cri\/wp-json\/wp\/v2\/users\/2"}],"replies":[{"embeddable":true,"href":"https:\/\/diariodepe.com.br\/cri\/wp-json\/wp\/v2\/comments?post=7704"}],"version-history":[{"count":1,"href":"https:\/\/diariodepe.com.br\/cri\/wp-json\/wp\/v2\/posts\/7704\/revisions"}],"predecessor-version":[{"id":7705,"href":"https:\/\/diariodepe.com.br\/cri\/wp-json\/wp\/v2\/posts\/7704\/revisions\/7705"}],"wp:attachment":[{"href":"https:\/\/diariodepe.com.br\/cri\/wp-json\/wp\/v2\/media?parent=7704"}],"wp:term":[{"taxonomy":"category","embeddable":true,"href":"https:\/\/diariodepe.com.br\/cri\/wp-json\/wp\/v2\/categories?post=7704"},{"taxonomy":"post_tag","embeddable":true,"href":"https:\/\/diariodepe.com.br\/cri\/wp-json\/wp\/v2\/tags?post=7704"}],"curies":[{"name":"wp","href":"https:\/\/api.w.org\/{rel}","templated":true}]}}